{"id":348644,"date":"2023-08-23T17:05:14","date_gmt":"2023-08-23T20:05:14","guid":{"rendered":"https:\/\/blogdofarnesio.com.br\/?p=348644"},"modified":"2023-08-23T16:24:49","modified_gmt":"2023-08-23T19:24:49","slug":"prf-apreende-carga-de-madeira-irregular-em-salgueiro","status":"publish","type":"post","link":"https:\/\/blogdofarnesio.com.br\/?p=348644","title":{"rendered":"PRF apreende carga de madeira irregular em Salgueiro"},"content":{"rendered":"<div id=\"portal-breadcrumbs-wrapper\">\n<nav id=\"breadcrumbs\" aria-label=\"Hist\u00f3rico de navega\u00e7\u00e3o (Breadcrumbs)\">\n<div class=\"content\">Uma carga de madeira nativa serrada que apresentava irregularidades na documenta\u00e7\u00e3o e era transportada com 9 toneladas de excesso de peso foi apreendida, na segunda-feira (21), pela Pol\u00edcia Rodovi\u00e1ria Federal (PRF). O flagrante foi realizado durante uma fiscaliza\u00e7\u00e3o no Km 508 da BR 116, em Salgueiro, no Sert\u00e3o.<\/div>\n<\/nav>\n<\/div>\n<div id=\"wrapper\">\n<div id=\"main\">\n<p>&nbsp;<\/p>\n<div class=\"\">\n<div id=\"content\">\n<article>\n<div id=\"content-core\">\n<div id=\"parent-fieldname-text\" class=\"\">\n<p><img decoding=\"async\" class=\"image-inline\" src=\"https:\/\/www.gov.br\/prf\/pt-br\/noticias\/estaduais\/pernambuco\/2023\/agosto\/prf-apreende-carga-de-madeira-irregular-em-salgueiro\/WhatsAppImage20230822at11.53.30.jpeg\/@@images\/0dfc910a-fe54-4019-b5e1-71fc58ef8d09.jpeg\" alt=\"Caminh\u00e3o\" \/><\/p>\n<p>Durante a abordagem, a equipe constatou que a carga possu\u00eda diverg\u00eancias na documenta\u00e7\u00e3o, o que torna inv\u00e1lido o Documento de Origem Florestal (DOF). A madeira havia sa\u00eddo da cidade de Tail\u00e2ndia, no Par\u00e1, e seria entregue em Jaboat\u00e3o dos Guararapes, no Grande Recife.<\/p>\n<p>A carga foi encaminhada ao p\u00e1tio e ficou \u00e0 disposi\u00e7\u00e3o do IBAMA. Al\u00e9m da autua\u00e7\u00e3o por excesso de peso, a equipe lavrou um Termo Circunstanciado de Ocorr\u00eancia (TCO) pelo crime ambiental.<\/p>\n<\/div>\n<\/div>\n<\/article>\n<\/div>\n<\/div>\n<p>&nbsp;<\/p>\n<\/div>\n<\/div>\n","protected":false},"excerpt":{"rendered":"<p>Uma carga de madeira nativa serrada que apresentava irregularidades na documenta\u00e7\u00e3o e era transportada com 9 toneladas de excesso de peso foi apreendida, na segunda-feira (21), pela Pol\u00edcia Rodovi\u00e1ria Federal (PRF). O flagrante foi realizado durante uma fiscaliza\u00e7\u00e3o no Km 508 da BR 116, em Salgueiro, no Sert\u00e3o. &nbsp; Durante a abordagem, a equipe constatou que a carga possu\u00eda diverg\u00eancias na documenta\u00e7\u00e3o, o que torna inv\u00e1lido o Documento de Origem Florestal (DOF). A madeira havia sa\u00eddo da cidade de Tail\u00e2ndia, no Par\u00e1, e seria entregue em Jaboat\u00e3o dos Guararapes, no Grande Recife. A carga foi encaminhada ao p\u00e1tio e ficou \u00e0 disposi\u00e7\u00e3o do IBAMA. Al\u00e9m da autua\u00e7\u00e3o por excesso de peso, a equipe lavrou um Termo Circunstanciado de Ocorr\u00eancia (TCO)&hellip; <\/p>\n","protected":false},"author":2,"featured_media":348645,"comment_status":"open","ping_status":"open","sticky":false,"template":"","format":"standard","meta":{"_acf_changed":false,"footnotes":""},"categories":[17,29],"tags":[],"class_list":["post-348644","post","type-post","status-publish","format-standard","has-post-thumbnail","hentry","category-estradas","category-meio-ambiente"],"acf":[],"yoast_head":"<!-- This site is optimized with the Yoast SEO plugin v27.4 - https:\/\/yoast.com\/product\/yoast-seo-wordpress\/ -->\n<title>PRF apreende carga de madeira irregular em Salgueiro - Blog do Farn\u00e9sio<\/title>\n<meta name=\"robots\" content=\"index, follow, max-snippet:-1, max-image-preview:large, max-video-preview:-1\" \/>\n<link rel=\"canonical\" href=\"https:\/\/blogdofarnesio.com.br\/?p=348644\" \/>\n<meta property=\"og:locale\" content=\"pt_BR\" \/>\n<meta property=\"og:type\" content=\"article\" \/>\n<meta property=\"og:title\" content=\"PRF apreende carga de madeira irregular em Salgueiro - Blog do Farn\u00e9sio\" \/>\n<meta property=\"og:description\" content=\"Uma carga de madeira nativa serrada que apresentava irregularidades na documenta\u00e7\u00e3o e era transportada com 9 toneladas de excesso de peso foi apreendida, na segunda-feira (21), pela Pol\u00edcia Rodovi\u00e1ria Federal (PRF). O flagrante foi realizado durante uma fiscaliza\u00e7\u00e3o no Km 508 da BR 116, em Salgueiro, no Sert\u00e3o. &nbsp; Durante a abordagem, a equipe constatou que a carga possu\u00eda diverg\u00eancias na documenta\u00e7\u00e3o, o que torna inv\u00e1lido o Documento de Origem Florestal (DOF). A madeira havia sa\u00eddo da cidade de Tail\u00e2ndia, no Par\u00e1, e seria entregue em Jaboat\u00e3o dos Guararapes, no Grande Recife. A carga foi encaminhada ao p\u00e1tio e ficou \u00e0 disposi\u00e7\u00e3o do IBAMA. Al\u00e9m da autua\u00e7\u00e3o por excesso de peso, a equipe lavrou um Termo Circunstanciado de Ocorr\u00eancia (TCO)&hellip;\" \/>\n<meta property=\"og:url\" content=\"https:\/\/blogdofarnesio.com.br\/?p=348644\" \/>\n<meta property=\"og:site_name\" content=\"Blog do Farn\u00e9sio\" \/>\n<meta property=\"article:publisher\" content=\"https:\/\/www.facebook.com\/BlogQuerSaberPolitica\/\" \/>\n<meta property=\"article:author\" content=\"https:\/\/www.facebook.com\/?ref=tn_tnmn\" \/>\n<meta property=\"article:published_time\" content=\"2023-08-23T20:05:14+00:00\" \/>\n<meta property=\"og:image\" content=\"https:\/\/blogdofarnesio.com.br\/wp-content\/uploads\/2023\/08\/3415bf8c-2b5e-42fd-8ba6-de4ff461f776-e1692818509196.jpeg\" \/>\n\t<meta property=\"og:image:width\" content=\"435\" \/>\n\t<meta property=\"og:image:height\" content=\"418\" \/>\n\t<meta property=\"og:image:type\" content=\"image\/jpeg\" \/>\n<meta name=\"author\" content=\"Farn\u00e9sio\" \/>\n<meta name=\"twitter:card\" content=\"summary_large_image\" \/>\n<meta name=\"twitter:label1\" content=\"Escrito por\" \/>\n\t<meta name=\"twitter:data1\" content=\"Farn\u00e9sio\" \/>\n\t<meta name=\"twitter:label2\" content=\"Est. tempo de leitura\" \/>\n\t<meta name=\"twitter:data2\" content=\"1 minuto\" \/>\n<script type=\"application\/ld+json\" class=\"yoast-schema-graph\">{\"@context\":\"https:\\\/\\\/schema.org\",\"@graph\":[{\"@type\":\"Article\",\"@id\":\"https:\\\/\\\/blogdofarnesio.com.br\\\/?p=348644#article\",\"isPartOf\":{\"@id\":\"https:\\\/\\\/blogdofarnesio.com.br\\\/?p=348644\"},\"author\":{\"name\":\"Farn\u00e9sio\",\"@id\":\"https:\\\/\\\/blogdofarnesio.com.br\\\/#\\\/schema\\\/person\\\/bb9b23ae3ad0609ce8df7b6c9e76824d\"},\"headline\":\"PRF apreende carga de madeira irregular em Salgueiro\",\"datePublished\":\"2023-08-23T20:05:14+00:00\",\"mainEntityOfPage\":{\"@id\":\"https:\\\/\\\/blogdofarnesio.com.br\\\/?p=348644\"},\"wordCount\":144,\"commentCount\":0,\"publisher\":{\"@id\":\"https:\\\/\\\/blogdofarnesio.com.br\\\/#organization\"},\"image\":{\"@id\":\"https:\\\/\\\/blogdofarnesio.com.br\\\/?p=348644#primaryimage\"},\"thumbnailUrl\":\"https:\\\/\\\/blogdofarnesio.com.br\\\/wp-content\\\/uploads\\\/2023\\\/08\\\/3415bf8c-2b5e-42fd-8ba6-de4ff461f776-e1692818509196.jpeg\",\"articleSection\":[\"Estradas\",\"Meio Ambiente\"],\"inLanguage\":\"pt-BR\",\"potentialAction\":[{\"@type\":\"CommentAction\",\"name\":\"Comment\",\"target\":[\"https:\\\/\\\/blogdofarnesio.com.br\\\/?p=348644#respond\"]}]},{\"@type\":\"WebPage\",\"@id\":\"https:\\\/\\\/blogdofarnesio.com.br\\\/?p=348644\",\"url\":\"https:\\\/\\\/blogdofarnesio.com.br\\\/?p=348644\",\"name\":\"PRF apreende carga de madeira irregular em Salgueiro - Blog do Farn\u00e9sio\",\"isPartOf\":{\"@id\":\"https:\\\/\\\/blogdofarnesio.com.br\\\/#website\"},\"primaryImageOfPage\":{\"@id\":\"https:\\\/\\\/blogdofarnesio.com.br\\\/?p=348644#primaryimage\"},\"image\":{\"@id\":\"https:\\\/\\\/blogdofarnesio.com.br\\\/?p=348644#primaryimage\"},\"thumbnailUrl\":\"https:\\\/\\\/blogdofarnesio.com.br\\\/wp-content\\\/uploads\\\/2023\\\/08\\\/3415bf8c-2b5e-42fd-8ba6-de4ff461f776-e1692818509196.jpeg\",\"datePublished\":\"2023-08-23T20:05:14+00:00\",\"breadcrumb\":{\"@id\":\"https:\\\/\\\/blogdofarnesio.com.br\\\/?p=348644#breadcrumb\"},\"inLanguage\":\"pt-BR\",\"potentialAction\":[{\"@type\":\"ReadAction\",\"target\":[\"https:\\\/\\\/blogdofarnesio.com.br\\\/?p=348644\"]}]},{\"@type\":\"ImageObject\",\"inLanguage\":\"pt-BR\",\"@id\":\"https:\\\/\\\/blogdofarnesio.com.br\\\/?p=348644#primaryimage\",\"url\":\"https:\\\/\\\/blogdofarnesio.com.br\\\/wp-content\\\/uploads\\\/2023\\\/08\\\/3415bf8c-2b5e-42fd-8ba6-de4ff461f776-e1692818509196.jpeg\",\"contentUrl\":\"https:\\\/\\\/blogdofarnesio.com.br\\\/wp-content\\\/uploads\\\/2023\\\/08\\\/3415bf8c-2b5e-42fd-8ba6-de4ff461f776-e1692818509196.jpeg\",\"width\":435,\"height\":418,\"caption\":\"PRF madeira\"},{\"@type\":\"BreadcrumbList\",\"@id\":\"https:\\\/\\\/blogdofarnesio.com.br\\\/?p=348644#breadcrumb\",\"itemListElement\":[{\"@type\":\"ListItem\",\"position\":1,\"name\":\"In\u00edcio\",\"item\":\"https:\\\/\\\/blogdofarnesio.com.br\\\/\"},{\"@type\":\"ListItem\",\"position\":2,\"name\":\"PRF apreende carga de madeira irregular em Salgueiro\"}]},{\"@type\":\"WebSite\",\"@id\":\"https:\\\/\\\/blogdofarnesio.com.br\\\/#website\",\"url\":\"https:\\\/\\\/blogdofarnesio.com.br\\\/\",\"name\":\"Blog do Farn\u00e9sio\",\"description\":\"Quer Saber Pol\u00edtica?\",\"publisher\":{\"@id\":\"https:\\\/\\\/blogdofarnesio.com.br\\\/#organization\"},\"potentialAction\":[{\"@type\":\"SearchAction\",\"target\":{\"@type\":\"EntryPoint\",\"urlTemplate\":\"https:\\\/\\\/blogdofarnesio.com.br\\\/?s={search_term_string}\"},\"query-input\":{\"@type\":\"PropertyValueSpecification\",\"valueRequired\":true,\"valueName\":\"search_term_string\"}}],\"inLanguage\":\"pt-BR\"},{\"@type\":\"Organization\",\"@id\":\"https:\\\/\\\/blogdofarnesio.com.br\\\/#organization\",\"name\":\"Blog do Farn\u00e9sio\",\"url\":\"https:\\\/\\\/blogdofarnesio.com.br\\\/\",\"logo\":{\"@type\":\"ImageObject\",\"inLanguage\":\"pt-BR\",\"@id\":\"https:\\\/\\\/blogdofarnesio.com.br\\\/#\\\/schema\\\/logo\\\/image\\\/\",\"url\":\"https:\\\/\\\/blogdofarnesio.com.br\\\/wp-content\\\/uploads\\\/2026\\\/03\\\/cropped-logo_new-1.png\",\"contentUrl\":\"https:\\\/\\\/blogdofarnesio.com.br\\\/wp-content\\\/uploads\\\/2026\\\/03\\\/cropped-logo_new-1.png\",\"width\":881,\"height\":685,\"caption\":\"Blog do Farn\u00e9sio\"},\"image\":{\"@id\":\"https:\\\/\\\/blogdofarnesio.com.br\\\/#\\\/schema\\\/logo\\\/image\\\/\"},\"sameAs\":[\"https:\\\/\\\/www.facebook.com\\\/BlogQuerSaberPolitica\\\/\"]},{\"@type\":\"Person\",\"@id\":\"https:\\\/\\\/blogdofarnesio.com.br\\\/#\\\/schema\\\/person\\\/bb9b23ae3ad0609ce8df7b6c9e76824d\",\"name\":\"Farn\u00e9sio\",\"image\":{\"@type\":\"ImageObject\",\"inLanguage\":\"pt-BR\",\"@id\":\"https:\\\/\\\/secure.gravatar.com\\\/avatar\\\/986aa4c61ccdb66f8555bf88fc2a65609d00bcabd4d2d94377a727547345cbca?s=96&d=mm&r=g\",\"url\":\"https:\\\/\\\/secure.gravatar.com\\\/avatar\\\/986aa4c61ccdb66f8555bf88fc2a65609d00bcabd4d2d94377a727547345cbca?s=96&d=mm&r=g\",\"contentUrl\":\"https:\\\/\\\/secure.gravatar.com\\\/avatar\\\/986aa4c61ccdb66f8555bf88fc2a65609d00bcabd4d2d94377a727547345cbca?s=96&d=mm&r=g\",\"caption\":\"Farn\u00e9sio\"},\"description\":\"Radialista blogueiro, chegou a Petrolina\\\/Juazeiro em setembro de 1980, Farn\u00e9sio Silva \u00e9 de Arapiraca-Alagoas.\",\"sameAs\":[\"http:\\\/\\\/blogdofarnesio.com.br\",\"https:\\\/\\\/www.facebook.com\\\/?ref=tn_tnmn\",\"https:\\\/\\\/www.instagram.com\\\/?utm_source=pwa_homescreen\",\"https:\\\/\\\/youtube.com.br\\\/\"],\"url\":\"https:\\\/\\\/blogdofarnesio.com.br\\\/?author=2\"}]}<\/script>\n<!-- \/ Yoast SEO plugin. -->","yoast_head_json":{"title":"PRF apreende carga de madeira irregular em Salgueiro - Blog do Farn\u00e9sio","robots":{"index":"index","follow":"follow","max-snippet":"max-snippet:-1","max-image-preview":"max-image-preview:large","max-video-preview":"max-video-preview:-1"},"canonical":"https:\/\/blogdofarnesio.com.br\/?p=348644","og_locale":"pt_BR","og_type":"article","og_title":"PRF apreende carga de madeira irregular em Salgueiro - Blog do Farn\u00e9sio","og_description":"Uma carga de madeira nativa serrada que apresentava irregularidades na documenta\u00e7\u00e3o e era transportada com 9 toneladas de excesso de peso foi apreendida, na segunda-feira (21), pela Pol\u00edcia Rodovi\u00e1ria Federal (PRF). O flagrante foi realizado durante uma fiscaliza\u00e7\u00e3o no Km 508 da BR 116, em Salgueiro, no Sert\u00e3o. &nbsp; Durante a abordagem, a equipe constatou que a carga possu\u00eda diverg\u00eancias na documenta\u00e7\u00e3o, o que torna inv\u00e1lido o Documento de Origem Florestal (DOF). A madeira havia sa\u00eddo da cidade de Tail\u00e2ndia, no Par\u00e1, e seria entregue em Jaboat\u00e3o dos Guararapes, no Grande Recife. A carga foi encaminhada ao p\u00e1tio e ficou \u00e0 disposi\u00e7\u00e3o do IBAMA. Al\u00e9m da autua\u00e7\u00e3o por excesso de peso, a equipe lavrou um Termo Circunstanciado de Ocorr\u00eancia (TCO)&hellip;","og_url":"https:\/\/blogdofarnesio.com.br\/?p=348644","og_site_name":"Blog do Farn\u00e9sio","article_publisher":"https:\/\/www.facebook.com\/BlogQuerSaberPolitica\/","article_author":"https:\/\/www.facebook.com\/?ref=tn_tnmn","article_published_time":"2023-08-23T20:05:14+00:00","og_image":[{"width":435,"height":418,"url":"https:\/\/blogdofarnesio.com.br\/wp-content\/uploads\/2023\/08\/3415bf8c-2b5e-42fd-8ba6-de4ff461f776-e1692818509196.jpeg","type":"image\/jpeg"}],"author":"Farn\u00e9sio","twitter_card":"summary_large_image","twitter_misc":{"Escrito por":"Farn\u00e9sio","Est. tempo de leitura":"1 minuto"},"schema":{"@context":"https:\/\/schema.org","@graph":[{"@type":"Article","@id":"https:\/\/blogdofarnesio.com.br\/?p=348644#article","isPartOf":{"@id":"https:\/\/blogdofarnesio.com.br\/?p=348644"},"author":{"name":"Farn\u00e9sio","@id":"https:\/\/blogdofarnesio.com.br\/#\/schema\/person\/bb9b23ae3ad0609ce8df7b6c9e76824d"},"headline":"PRF apreende carga de madeira irregular em Salgueiro","datePublished":"2023-08-23T20:05:14+00:00","mainEntityOfPage":{"@id":"https:\/\/blogdofarnesio.com.br\/?p=348644"},"wordCount":144,"commentCount":0,"publisher":{"@id":"https:\/\/blogdofarnesio.com.br\/#organization"},"image":{"@id":"https:\/\/blogdofarnesio.com.br\/?p=348644#primaryimage"},"thumbnailUrl":"https:\/\/blogdofarnesio.com.br\/wp-content\/uploads\/2023\/08\/3415bf8c-2b5e-42fd-8ba6-de4ff461f776-e1692818509196.jpeg","articleSection":["Estradas","Meio Ambiente"],"inLanguage":"pt-BR","potentialAction":[{"@type":"CommentAction","name":"Comment","target":["https:\/\/blogdofarnesio.com.br\/?p=348644#respond"]}]},{"@type":"WebPage","@id":"https:\/\/blogdofarnesio.com.br\/?p=348644","url":"https:\/\/blogdofarnesio.com.br\/?p=348644","name":"PRF apreende carga de madeira irregular em Salgueiro - Blog do Farn\u00e9sio","isPartOf":{"@id":"https:\/\/blogdofarnesio.com.br\/#website"},"primaryImageOfPage":{"@id":"https:\/\/blogdofarnesio.com.br\/?p=348644#primaryimage"},"image":{"@id":"https:\/\/blogdofarnesio.com.br\/?p=348644#primaryimage"},"thumbnailUrl":"https:\/\/blogdofarnesio.com.br\/wp-content\/uploads\/2023\/08\/3415bf8c-2b5e-42fd-8ba6-de4ff461f776-e1692818509196.jpeg","datePublished":"2023-08-23T20:05:14+00:00","breadcrumb":{"@id":"https:\/\/blogdofarnesio.com.br\/?p=348644#breadcrumb"},"inLanguage":"pt-BR","potentialAction":[{"@type":"ReadAction","target":["https:\/\/blogdofarnesio.com.br\/?p=348644"]}]},{"@type":"ImageObject","inLanguage":"pt-BR","@id":"https:\/\/blogdofarnesio.com.br\/?p=348644#primaryimage","url":"https:\/\/blogdofarnesio.com.br\/wp-content\/uploads\/2023\/08\/3415bf8c-2b5e-42fd-8ba6-de4ff461f776-e1692818509196.jpeg","contentUrl":"https:\/\/blogdofarnesio.com.br\/wp-content\/uploads\/2023\/08\/3415bf8c-2b5e-42fd-8ba6-de4ff461f776-e1692818509196.jpeg","width":435,"height":418,"caption":"PRF madeira"},{"@type":"BreadcrumbList","@id":"https:\/\/blogdofarnesio.com.br\/?p=348644#breadcrumb","itemListElement":[{"@type":"ListItem","position":1,"name":"In\u00edcio","item":"https:\/\/blogdofarnesio.com.br\/"},{"@type":"ListItem","position":2,"name":"PRF apreende carga de madeira irregular em Salgueiro"}]},{"@type":"WebSite","@id":"https:\/\/blogdofarnesio.com.br\/#website","url":"https:\/\/blogdofarnesio.com.br\/","name":"Blog do Farn\u00e9sio","description":"Quer Saber Pol\u00edtica?","publisher":{"@id":"https:\/\/blogdofarnesio.com.br\/#organization"},"potentialAction":[{"@type":"SearchAction","target":{"@type":"EntryPoint","urlTemplate":"https:\/\/blogdofarnesio.com.br\/?s={search_term_string}"},"query-input":{"@type":"PropertyValueSpecification","valueRequired":true,"valueName":"search_term_string"}}],"inLanguage":"pt-BR"},{"@type":"Organization","@id":"https:\/\/blogdofarnesio.com.br\/#organization","name":"Blog do Farn\u00e9sio","url":"https:\/\/blogdofarnesio.com.br\/","logo":{"@type":"ImageObject","inLanguage":"pt-BR","@id":"https:\/\/blogdofarnesio.com.br\/#\/schema\/logo\/image\/","url":"https:\/\/blogdofarnesio.com.br\/wp-content\/uploads\/2026\/03\/cropped-logo_new-1.png","contentUrl":"https:\/\/blogdofarnesio.com.br\/wp-content\/uploads\/2026\/03\/cropped-logo_new-1.png","width":881,"height":685,"caption":"Blog do Farn\u00e9sio"},"image":{"@id":"https:\/\/blogdofarnesio.com.br\/#\/schema\/logo\/image\/"},"sameAs":["https:\/\/www.facebook.com\/BlogQuerSaberPolitica\/"]},{"@type":"Person","@id":"https:\/\/blogdofarnesio.com.br\/#\/schema\/person\/bb9b23ae3ad0609ce8df7b6c9e76824d","name":"Farn\u00e9sio","image":{"@type":"ImageObject","inLanguage":"pt-BR","@id":"https:\/\/secure.gravatar.com\/avatar\/986aa4c61ccdb66f8555bf88fc2a65609d00bcabd4d2d94377a727547345cbca?s=96&d=mm&r=g","url":"https:\/\/secure.gravatar.com\/avatar\/986aa4c61ccdb66f8555bf88fc2a65609d00bcabd4d2d94377a727547345cbca?s=96&d=mm&r=g","contentUrl":"https:\/\/secure.gravatar.com\/avatar\/986aa4c61ccdb66f8555bf88fc2a65609d00bcabd4d2d94377a727547345cbca?s=96&d=mm&r=g","caption":"Farn\u00e9sio"},"description":"Radialista blogueiro, chegou a Petrolina\/Juazeiro em setembro de 1980, Farn\u00e9sio Silva \u00e9 de Arapiraca-Alagoas.","sameAs":["http:\/\/blogdofarnesio.com.br","https:\/\/www.facebook.com\/?ref=tn_tnmn","https:\/\/www.instagram.com\/?utm_source=pwa_homescreen","https:\/\/youtube.com.br\/"],"url":"https:\/\/blogdofarnesio.com.br\/?author=2"}]}},"_links":{"self":[{"href":"https:\/\/blogdofarnesio.com.br\/index.php?rest_route=\/wp\/v2\/posts\/348644","targetHints":{"allow":["GET"]}}],"collection":[{"href":"https:\/\/blogdofarnesio.com.br\/index.php?rest_route=\/wp\/v2\/posts"}],"about":[{"href":"https:\/\/blogdofarnesio.com.br\/index.php?rest_route=\/wp\/v2\/types\/post"}],"author":[{"embeddable":true,"href":"https:\/\/blogdofarnesio.com.br\/index.php?rest_route=\/wp\/v2\/users\/2"}],"replies":[{"embeddable":true,"href":"https:\/\/blogdofarnesio.com.br\/index.php?rest_route=%2Fwp%2Fv2%2Fcomments&post=348644"}],"version-history":[{"count":0,"href":"https:\/\/blogdofarnesio.com.br\/index.php?rest_route=\/wp\/v2\/posts\/348644\/revisions"}],"wp:featuredmedia":[{"embeddable":true,"href":"https:\/\/blogdofarnesio.com.br\/index.php?rest_route=\/wp\/v2\/media\/348645"}],"wp:attachment":[{"href":"https:\/\/blogdofarnesio.com.br\/index.php?rest_route=%2Fwp%2Fv2%2Fmedia&parent=348644"}],"wp:term":[{"taxonomy":"category","embeddable":true,"href":"https:\/\/blogdofarnesio.com.br\/index.php?rest_route=%2Fwp%2Fv2%2Fcategories&post=348644"},{"taxonomy":"post_tag","embeddable":true,"href":"https:\/\/blogdofarnesio.com.br\/index.php?rest_route=%2Fwp%2Fv2%2Ftags&post=348644"}],"curies":[{"name":"wp","href":"https:\/\/api.w.org\/{rel}","templated":true}]}}