{"id":348637,"date":"2023-08-23T16:04:47","date_gmt":"2023-08-23T19:04:47","guid":{"rendered":"https:\/\/blogdofarnesio.com.br\/?p=348637"},"modified":"2023-08-23T15:22:23","modified_gmt":"2023-08-23T18:22:23","slug":"video-pastor-diz-que-musica-de-ivete-sangalo-e-declaracao-de-amor-ao-diabo","status":"publish","type":"post","link":"https:\/\/blogdofarnesio.com.br\/?p=348637","title":{"rendered":"V\u00cdDEO: Pastor diz que m\u00fasica de Ivete Sangalo \u00e9 declara\u00e7\u00e3o de amor ao diabo"},"content":{"rendered":"<p>Por Erem Carla\/BN\u00a0 &#8211;<\/p>\n<p>Definitivamente n\u00e3o falta mais nenhuma novidade na carreira art\u00edstica de\u00a0<a href=\"https:\/\/www.bahianoticias.com.br\/tags\/ivete%20sangalo\">Ivete Sangalo<\/a>. Desta vez, a cantora foi alvo das declara\u00e7\u00f5es do pastor evang\u00e9lico Gion Lucas, que a acusou de \u201cofertar\u201d a m\u00fasica \u201cSorte Grande\u201d ao diabo.<\/p>\n<p>Mostrando que conhece o hit da cantora baiana, Gion citou trechos da can\u00e7\u00e3o e afirmou para o \u201cMacei\u00f3 Podcast\u201d que as letras trazem mensagens subliminares.<\/p>\n<blockquote class=\"twitter-tweet\" data-width=\"550\" data-dnt=\"true\">\n<p lang=\"pt\" dir=\"ltr\">?Pastor Gion Lucas diz que a m\u00fasica \u2018Sorte Grande\u2019 da Ivete Sangalo \u00e9 sobre um amor que a cantora tem pelo d14b9. O que voc\u00eas acham? <a href=\"https:\/\/t.co\/6yqfkHsmS8\">pic.twitter.com\/6yqfkHsmS8<\/a><\/p>\n<p>&mdash; FUTRICAS (@futricasefofoca) <a href=\"https:\/\/twitter.com\/futricasefofoca\/status\/1694146883323588672?ref_src=twsrc%5Etfw\">August 23, 2023<\/a><\/p><\/blockquote>\n<p><script async src=\"https:\/\/platform.twitter.com\/widgets.js\" charset=\"utf-8\"><\/script><\/p>\n<p>No trecho \u201cA minha sorte grande foi voc\u00ea cair do c\u00e9u\u201c, o pastor perguntou aos apresentadores quem caiu do c\u00e9u e recebeu a resposta de que havia sido satan\u00e1s, \u201co anjo ca\u00eddo\u201d.<\/p>\n<p>\u201c\u2018Minha paix\u00e3o verdadeira\u2019\u201d, declamou Gion Lucas. \u201cIh, isso \u00e9 mensagem subliminar\u201c, disse um dos apresentadores do podcast. \u201c\u2018Poeira, poeira, levantou poeira\u2019, porque quando ele caiu, levantou poeira. A B\u00edblia diz que levantou poeira, porque ele caiu como um rel\u00e2mpago. E ela vai falar ali de um amor que ela tem pelo diabo\u201d, conclui o pastor.<\/p>\n<p>A ministra da Cultura e int\u00e9rprete do cl\u00e1ssico \u201cFara\u00f3\u201d,\u00a0<a href=\"https:\/\/www.bahianoticias.com.br\/tags\/margareth-menezes\">Margareth Menezes<\/a>, n\u00e3o ficou de fora dos coment\u00e1rios e foi alvo de intoler\u00e2ncia religiosa.<\/p>\n<p>\u201cEssa a\u00ed \u00e9 uma m\u00fasica totalmente de macumbaria. Com Fara\u00f3, Olodum, falando de Osiris\u201d, declarou o Gion Lucas.<\/p>\n","protected":false},"excerpt":{"rendered":"<p>Por Erem Carla\/BN\u00a0 &#8211; Definitivamente n\u00e3o falta mais nenhuma novidade na carreira art\u00edstica de\u00a0Ivete Sangalo. Desta vez, a cantora foi alvo das declara\u00e7\u00f5es do pastor evang\u00e9lico Gion Lucas, que a acusou de \u201cofertar\u201d a m\u00fasica \u201cSorte Grande\u201d ao diabo. Mostrando que conhece o hit da cantora baiana, Gion citou trechos da can\u00e7\u00e3o e afirmou para o \u201cMacei\u00f3 Podcast\u201d que as letras trazem mensagens subliminares. No trecho \u201cA minha sorte grande foi voc\u00ea cair do c\u00e9u\u201c, o pastor perguntou aos apresentadores quem caiu do c\u00e9u e recebeu a resposta de que havia sido satan\u00e1s, \u201co anjo ca\u00eddo\u201d. \u201c\u2018Minha paix\u00e3o verdadeira\u2019\u201d, declamou Gion Lucas. \u201cIh, isso \u00e9 mensagem subliminar\u201c, disse um dos apresentadores do podcast. \u201c\u2018Poeira, poeira, levantou poeira\u2019, porque quando ele&hellip; <\/p>\n","protected":false},"author":2,"featured_media":263553,"comment_status":"open","ping_status":"open","sticky":false,"template":"","format":"standard","meta":{"_acf_changed":false,"footnotes":""},"categories":[3,7],"tags":[],"class_list":["post-348637","post","type-post","status-publish","format-standard","has-post-thumbnail","hentry","category-entretenimento","category-religiao"],"acf":[],"yoast_head":"<!-- This site is optimized with the Yoast SEO plugin v27.4 - https:\/\/yoast.com\/product\/yoast-seo-wordpress\/ -->\n<title>V\u00cdDEO: Pastor diz que m\u00fasica de Ivete Sangalo \u00e9 declara\u00e7\u00e3o de amor ao diabo - Blog do Farn\u00e9sio<\/title>\n<meta name=\"robots\" content=\"index, follow, max-snippet:-1, max-image-preview:large, max-video-preview:-1\" \/>\n<link rel=\"canonical\" href=\"https:\/\/blogdofarnesio.com.br\/?p=348637\" \/>\n<meta property=\"og:locale\" content=\"pt_BR\" \/>\n<meta property=\"og:type\" content=\"article\" \/>\n<meta property=\"og:title\" content=\"V\u00cdDEO: Pastor diz que m\u00fasica de Ivete Sangalo \u00e9 declara\u00e7\u00e3o de amor ao diabo - Blog do Farn\u00e9sio\" \/>\n<meta property=\"og:description\" content=\"Por Erem Carla\/BN\u00a0 &#8211; Definitivamente n\u00e3o falta mais nenhuma novidade na carreira art\u00edstica de\u00a0Ivete Sangalo. Desta vez, a cantora foi alvo das declara\u00e7\u00f5es do pastor evang\u00e9lico Gion Lucas, que a acusou de \u201cofertar\u201d a m\u00fasica \u201cSorte Grande\u201d ao diabo. Mostrando que conhece o hit da cantora baiana, Gion citou trechos da can\u00e7\u00e3o e afirmou para o \u201cMacei\u00f3 Podcast\u201d que as letras trazem mensagens subliminares. No trecho \u201cA minha sorte grande foi voc\u00ea cair do c\u00e9u\u201c, o pastor perguntou aos apresentadores quem caiu do c\u00e9u e recebeu a resposta de que havia sido satan\u00e1s, \u201co anjo ca\u00eddo\u201d. \u201c\u2018Minha paix\u00e3o verdadeira\u2019\u201d, declamou Gion Lucas. \u201cIh, isso \u00e9 mensagem subliminar\u201c, disse um dos apresentadores do podcast. \u201c\u2018Poeira, poeira, levantou poeira\u2019, porque quando ele&hellip;\" \/>\n<meta property=\"og:url\" content=\"https:\/\/blogdofarnesio.com.br\/?p=348637\" \/>\n<meta property=\"og:site_name\" content=\"Blog do Farn\u00e9sio\" \/>\n<meta property=\"article:publisher\" content=\"https:\/\/www.facebook.com\/BlogQuerSaberPolitica\/\" \/>\n<meta property=\"article:author\" content=\"https:\/\/www.facebook.com\/?ref=tn_tnmn\" \/>\n<meta property=\"article:published_time\" content=\"2023-08-23T19:04:47+00:00\" \/>\n<meta property=\"og:image\" content=\"https:\/\/blogdofarnesio.com.br\/wp-content\/uploads\/2020\/07\/blogqspivete-san.jpg\" \/>\n\t<meta property=\"og:image:width\" content=\"380\" \/>\n\t<meta property=\"og:image:height\" content=\"280\" \/>\n\t<meta property=\"og:image:type\" content=\"image\/jpeg\" \/>\n<meta name=\"author\" content=\"Farn\u00e9sio\" \/>\n<meta name=\"twitter:card\" content=\"summary_large_image\" \/>\n<meta name=\"twitter:label1\" content=\"Escrito por\" \/>\n\t<meta name=\"twitter:data1\" content=\"Farn\u00e9sio\" \/>\n\t<meta name=\"twitter:label2\" content=\"Est. tempo de leitura\" \/>\n\t<meta name=\"twitter:data2\" content=\"2 minutos\" \/>\n<script type=\"application\/ld+json\" class=\"yoast-schema-graph\">{\"@context\":\"https:\\\/\\\/schema.org\",\"@graph\":[{\"@type\":\"Article\",\"@id\":\"https:\\\/\\\/blogdofarnesio.com.br\\\/?p=348637#article\",\"isPartOf\":{\"@id\":\"https:\\\/\\\/blogdofarnesio.com.br\\\/?p=348637\"},\"author\":{\"name\":\"Farn\u00e9sio\",\"@id\":\"https:\\\/\\\/blogdofarnesio.com.br\\\/#\\\/schema\\\/person\\\/bb9b23ae3ad0609ce8df7b6c9e76824d\"},\"headline\":\"V\u00cdDEO: Pastor diz que m\u00fasica de Ivete Sangalo \u00e9 declara\u00e7\u00e3o de amor ao diabo\",\"datePublished\":\"2023-08-23T19:04:47+00:00\",\"mainEntityOfPage\":{\"@id\":\"https:\\\/\\\/blogdofarnesio.com.br\\\/?p=348637\"},\"wordCount\":234,\"commentCount\":0,\"publisher\":{\"@id\":\"https:\\\/\\\/blogdofarnesio.com.br\\\/#organization\"},\"image\":{\"@id\":\"https:\\\/\\\/blogdofarnesio.com.br\\\/?p=348637#primaryimage\"},\"thumbnailUrl\":\"https:\\\/\\\/blogdofarnesio.com.br\\\/wp-content\\\/uploads\\\/2020\\\/07\\\/blogqspivete-san.jpg\",\"articleSection\":[\"Entretenimento\",\"Religi\u00e3o\"],\"inLanguage\":\"pt-BR\",\"potentialAction\":[{\"@type\":\"CommentAction\",\"name\":\"Comment\",\"target\":[\"https:\\\/\\\/blogdofarnesio.com.br\\\/?p=348637#respond\"]}]},{\"@type\":\"WebPage\",\"@id\":\"https:\\\/\\\/blogdofarnesio.com.br\\\/?p=348637\",\"url\":\"https:\\\/\\\/blogdofarnesio.com.br\\\/?p=348637\",\"name\":\"V\u00cdDEO: Pastor diz que m\u00fasica de Ivete Sangalo \u00e9 declara\u00e7\u00e3o de amor ao diabo - Blog do Farn\u00e9sio\",\"isPartOf\":{\"@id\":\"https:\\\/\\\/blogdofarnesio.com.br\\\/#website\"},\"primaryImageOfPage\":{\"@id\":\"https:\\\/\\\/blogdofarnesio.com.br\\\/?p=348637#primaryimage\"},\"image\":{\"@id\":\"https:\\\/\\\/blogdofarnesio.com.br\\\/?p=348637#primaryimage\"},\"thumbnailUrl\":\"https:\\\/\\\/blogdofarnesio.com.br\\\/wp-content\\\/uploads\\\/2020\\\/07\\\/blogqspivete-san.jpg\",\"datePublished\":\"2023-08-23T19:04:47+00:00\",\"breadcrumb\":{\"@id\":\"https:\\\/\\\/blogdofarnesio.com.br\\\/?p=348637#breadcrumb\"},\"inLanguage\":\"pt-BR\",\"potentialAction\":[{\"@type\":\"ReadAction\",\"target\":[\"https:\\\/\\\/blogdofarnesio.com.br\\\/?p=348637\"]}]},{\"@type\":\"ImageObject\",\"inLanguage\":\"pt-BR\",\"@id\":\"https:\\\/\\\/blogdofarnesio.com.br\\\/?p=348637#primaryimage\",\"url\":\"https:\\\/\\\/blogdofarnesio.com.br\\\/wp-content\\\/uploads\\\/2020\\\/07\\\/blogqspivete-san.jpg\",\"contentUrl\":\"https:\\\/\\\/blogdofarnesio.com.br\\\/wp-content\\\/uploads\\\/2020\\\/07\\\/blogqspivete-san.jpg\",\"width\":380,\"height\":280},{\"@type\":\"BreadcrumbList\",\"@id\":\"https:\\\/\\\/blogdofarnesio.com.br\\\/?p=348637#breadcrumb\",\"itemListElement\":[{\"@type\":\"ListItem\",\"position\":1,\"name\":\"In\u00edcio\",\"item\":\"https:\\\/\\\/blogdofarnesio.com.br\\\/\"},{\"@type\":\"ListItem\",\"position\":2,\"name\":\"V\u00cdDEO: Pastor diz que m\u00fasica de Ivete Sangalo \u00e9 declara\u00e7\u00e3o de amor ao diabo\"}]},{\"@type\":\"WebSite\",\"@id\":\"https:\\\/\\\/blogdofarnesio.com.br\\\/#website\",\"url\":\"https:\\\/\\\/blogdofarnesio.com.br\\\/\",\"name\":\"Blog do Farn\u00e9sio\",\"description\":\"Quer Saber Pol\u00edtica?\",\"publisher\":{\"@id\":\"https:\\\/\\\/blogdofarnesio.com.br\\\/#organization\"},\"potentialAction\":[{\"@type\":\"SearchAction\",\"target\":{\"@type\":\"EntryPoint\",\"urlTemplate\":\"https:\\\/\\\/blogdofarnesio.com.br\\\/?s={search_term_string}\"},\"query-input\":{\"@type\":\"PropertyValueSpecification\",\"valueRequired\":true,\"valueName\":\"search_term_string\"}}],\"inLanguage\":\"pt-BR\"},{\"@type\":\"Organization\",\"@id\":\"https:\\\/\\\/blogdofarnesio.com.br\\\/#organization\",\"name\":\"Blog do Farn\u00e9sio\",\"url\":\"https:\\\/\\\/blogdofarnesio.com.br\\\/\",\"logo\":{\"@type\":\"ImageObject\",\"inLanguage\":\"pt-BR\",\"@id\":\"https:\\\/\\\/blogdofarnesio.com.br\\\/#\\\/schema\\\/logo\\\/image\\\/\",\"url\":\"https:\\\/\\\/blogdofarnesio.com.br\\\/wp-content\\\/uploads\\\/2026\\\/03\\\/cropped-logo_new-1.png\",\"contentUrl\":\"https:\\\/\\\/blogdofarnesio.com.br\\\/wp-content\\\/uploads\\\/2026\\\/03\\\/cropped-logo_new-1.png\",\"width\":881,\"height\":685,\"caption\":\"Blog do Farn\u00e9sio\"},\"image\":{\"@id\":\"https:\\\/\\\/blogdofarnesio.com.br\\\/#\\\/schema\\\/logo\\\/image\\\/\"},\"sameAs\":[\"https:\\\/\\\/www.facebook.com\\\/BlogQuerSaberPolitica\\\/\"]},{\"@type\":\"Person\",\"@id\":\"https:\\\/\\\/blogdofarnesio.com.br\\\/#\\\/schema\\\/person\\\/bb9b23ae3ad0609ce8df7b6c9e76824d\",\"name\":\"Farn\u00e9sio\",\"image\":{\"@type\":\"ImageObject\",\"inLanguage\":\"pt-BR\",\"@id\":\"https:\\\/\\\/secure.gravatar.com\\\/avatar\\\/986aa4c61ccdb66f8555bf88fc2a65609d00bcabd4d2d94377a727547345cbca?s=96&d=mm&r=g\",\"url\":\"https:\\\/\\\/secure.gravatar.com\\\/avatar\\\/986aa4c61ccdb66f8555bf88fc2a65609d00bcabd4d2d94377a727547345cbca?s=96&d=mm&r=g\",\"contentUrl\":\"https:\\\/\\\/secure.gravatar.com\\\/avatar\\\/986aa4c61ccdb66f8555bf88fc2a65609d00bcabd4d2d94377a727547345cbca?s=96&d=mm&r=g\",\"caption\":\"Farn\u00e9sio\"},\"description\":\"Radialista blogueiro, chegou a Petrolina\\\/Juazeiro em setembro de 1980, Farn\u00e9sio Silva \u00e9 de Arapiraca-Alagoas.\",\"sameAs\":[\"http:\\\/\\\/blogdofarnesio.com.br\",\"https:\\\/\\\/www.facebook.com\\\/?ref=tn_tnmn\",\"https:\\\/\\\/www.instagram.com\\\/?utm_source=pwa_homescreen\",\"https:\\\/\\\/youtube.com.br\\\/\"],\"url\":\"https:\\\/\\\/blogdofarnesio.com.br\\\/?author=2\"}]}<\/script>\n<!-- \/ Yoast SEO plugin. -->","yoast_head_json":{"title":"V\u00cdDEO: Pastor diz que m\u00fasica de Ivete Sangalo \u00e9 declara\u00e7\u00e3o de amor ao diabo - Blog do Farn\u00e9sio","robots":{"index":"index","follow":"follow","max-snippet":"max-snippet:-1","max-image-preview":"max-image-preview:large","max-video-preview":"max-video-preview:-1"},"canonical":"https:\/\/blogdofarnesio.com.br\/?p=348637","og_locale":"pt_BR","og_type":"article","og_title":"V\u00cdDEO: Pastor diz que m\u00fasica de Ivete Sangalo \u00e9 declara\u00e7\u00e3o de amor ao diabo - Blog do Farn\u00e9sio","og_description":"Por Erem Carla\/BN\u00a0 &#8211; Definitivamente n\u00e3o falta mais nenhuma novidade na carreira art\u00edstica de\u00a0Ivete Sangalo. Desta vez, a cantora foi alvo das declara\u00e7\u00f5es do pastor evang\u00e9lico Gion Lucas, que a acusou de \u201cofertar\u201d a m\u00fasica \u201cSorte Grande\u201d ao diabo. Mostrando que conhece o hit da cantora baiana, Gion citou trechos da can\u00e7\u00e3o e afirmou para o \u201cMacei\u00f3 Podcast\u201d que as letras trazem mensagens subliminares. No trecho \u201cA minha sorte grande foi voc\u00ea cair do c\u00e9u\u201c, o pastor perguntou aos apresentadores quem caiu do c\u00e9u e recebeu a resposta de que havia sido satan\u00e1s, \u201co anjo ca\u00eddo\u201d. \u201c\u2018Minha paix\u00e3o verdadeira\u2019\u201d, declamou Gion Lucas. \u201cIh, isso \u00e9 mensagem subliminar\u201c, disse um dos apresentadores do podcast. \u201c\u2018Poeira, poeira, levantou poeira\u2019, porque quando ele&hellip;","og_url":"https:\/\/blogdofarnesio.com.br\/?p=348637","og_site_name":"Blog do Farn\u00e9sio","article_publisher":"https:\/\/www.facebook.com\/BlogQuerSaberPolitica\/","article_author":"https:\/\/www.facebook.com\/?ref=tn_tnmn","article_published_time":"2023-08-23T19:04:47+00:00","og_image":[{"width":380,"height":280,"url":"https:\/\/blogdofarnesio.com.br\/wp-content\/uploads\/2020\/07\/blogqspivete-san.jpg","type":"image\/jpeg"}],"author":"Farn\u00e9sio","twitter_card":"summary_large_image","twitter_misc":{"Escrito por":"Farn\u00e9sio","Est. tempo de leitura":"2 minutos"},"schema":{"@context":"https:\/\/schema.org","@graph":[{"@type":"Article","@id":"https:\/\/blogdofarnesio.com.br\/?p=348637#article","isPartOf":{"@id":"https:\/\/blogdofarnesio.com.br\/?p=348637"},"author":{"name":"Farn\u00e9sio","@id":"https:\/\/blogdofarnesio.com.br\/#\/schema\/person\/bb9b23ae3ad0609ce8df7b6c9e76824d"},"headline":"V\u00cdDEO: Pastor diz que m\u00fasica de Ivete Sangalo \u00e9 declara\u00e7\u00e3o de amor ao diabo","datePublished":"2023-08-23T19:04:47+00:00","mainEntityOfPage":{"@id":"https:\/\/blogdofarnesio.com.br\/?p=348637"},"wordCount":234,"commentCount":0,"publisher":{"@id":"https:\/\/blogdofarnesio.com.br\/#organization"},"image":{"@id":"https:\/\/blogdofarnesio.com.br\/?p=348637#primaryimage"},"thumbnailUrl":"https:\/\/blogdofarnesio.com.br\/wp-content\/uploads\/2020\/07\/blogqspivete-san.jpg","articleSection":["Entretenimento","Religi\u00e3o"],"inLanguage":"pt-BR","potentialAction":[{"@type":"CommentAction","name":"Comment","target":["https:\/\/blogdofarnesio.com.br\/?p=348637#respond"]}]},{"@type":"WebPage","@id":"https:\/\/blogdofarnesio.com.br\/?p=348637","url":"https:\/\/blogdofarnesio.com.br\/?p=348637","name":"V\u00cdDEO: Pastor diz que m\u00fasica de Ivete Sangalo \u00e9 declara\u00e7\u00e3o de amor ao diabo - Blog do Farn\u00e9sio","isPartOf":{"@id":"https:\/\/blogdofarnesio.com.br\/#website"},"primaryImageOfPage":{"@id":"https:\/\/blogdofarnesio.com.br\/?p=348637#primaryimage"},"image":{"@id":"https:\/\/blogdofarnesio.com.br\/?p=348637#primaryimage"},"thumbnailUrl":"https:\/\/blogdofarnesio.com.br\/wp-content\/uploads\/2020\/07\/blogqspivete-san.jpg","datePublished":"2023-08-23T19:04:47+00:00","breadcrumb":{"@id":"https:\/\/blogdofarnesio.com.br\/?p=348637#breadcrumb"},"inLanguage":"pt-BR","potentialAction":[{"@type":"ReadAction","target":["https:\/\/blogdofarnesio.com.br\/?p=348637"]}]},{"@type":"ImageObject","inLanguage":"pt-BR","@id":"https:\/\/blogdofarnesio.com.br\/?p=348637#primaryimage","url":"https:\/\/blogdofarnesio.com.br\/wp-content\/uploads\/2020\/07\/blogqspivete-san.jpg","contentUrl":"https:\/\/blogdofarnesio.com.br\/wp-content\/uploads\/2020\/07\/blogqspivete-san.jpg","width":380,"height":280},{"@type":"BreadcrumbList","@id":"https:\/\/blogdofarnesio.com.br\/?p=348637#breadcrumb","itemListElement":[{"@type":"ListItem","position":1,"name":"In\u00edcio","item":"https:\/\/blogdofarnesio.com.br\/"},{"@type":"ListItem","position":2,"name":"V\u00cdDEO: Pastor diz que m\u00fasica de Ivete Sangalo \u00e9 declara\u00e7\u00e3o de amor ao diabo"}]},{"@type":"WebSite","@id":"https:\/\/blogdofarnesio.com.br\/#website","url":"https:\/\/blogdofarnesio.com.br\/","name":"Blog do Farn\u00e9sio","description":"Quer Saber Pol\u00edtica?","publisher":{"@id":"https:\/\/blogdofarnesio.com.br\/#organization"},"potentialAction":[{"@type":"SearchAction","target":{"@type":"EntryPoint","urlTemplate":"https:\/\/blogdofarnesio.com.br\/?s={search_term_string}"},"query-input":{"@type":"PropertyValueSpecification","valueRequired":true,"valueName":"search_term_string"}}],"inLanguage":"pt-BR"},{"@type":"Organization","@id":"https:\/\/blogdofarnesio.com.br\/#organization","name":"Blog do Farn\u00e9sio","url":"https:\/\/blogdofarnesio.com.br\/","logo":{"@type":"ImageObject","inLanguage":"pt-BR","@id":"https:\/\/blogdofarnesio.com.br\/#\/schema\/logo\/image\/","url":"https:\/\/blogdofarnesio.com.br\/wp-content\/uploads\/2026\/03\/cropped-logo_new-1.png","contentUrl":"https:\/\/blogdofarnesio.com.br\/wp-content\/uploads\/2026\/03\/cropped-logo_new-1.png","width":881,"height":685,"caption":"Blog do Farn\u00e9sio"},"image":{"@id":"https:\/\/blogdofarnesio.com.br\/#\/schema\/logo\/image\/"},"sameAs":["https:\/\/www.facebook.com\/BlogQuerSaberPolitica\/"]},{"@type":"Person","@id":"https:\/\/blogdofarnesio.com.br\/#\/schema\/person\/bb9b23ae3ad0609ce8df7b6c9e76824d","name":"Farn\u00e9sio","image":{"@type":"ImageObject","inLanguage":"pt-BR","@id":"https:\/\/secure.gravatar.com\/avatar\/986aa4c61ccdb66f8555bf88fc2a65609d00bcabd4d2d94377a727547345cbca?s=96&d=mm&r=g","url":"https:\/\/secure.gravatar.com\/avatar\/986aa4c61ccdb66f8555bf88fc2a65609d00bcabd4d2d94377a727547345cbca?s=96&d=mm&r=g","contentUrl":"https:\/\/secure.gravatar.com\/avatar\/986aa4c61ccdb66f8555bf88fc2a65609d00bcabd4d2d94377a727547345cbca?s=96&d=mm&r=g","caption":"Farn\u00e9sio"},"description":"Radialista blogueiro, chegou a Petrolina\/Juazeiro em setembro de 1980, Farn\u00e9sio Silva \u00e9 de Arapiraca-Alagoas.","sameAs":["http:\/\/blogdofarnesio.com.br","https:\/\/www.facebook.com\/?ref=tn_tnmn","https:\/\/www.instagram.com\/?utm_source=pwa_homescreen","https:\/\/youtube.com.br\/"],"url":"https:\/\/blogdofarnesio.com.br\/?author=2"}]}},"_links":{"self":[{"href":"https:\/\/blogdofarnesio.com.br\/index.php?rest_route=\/wp\/v2\/posts\/348637","targetHints":{"allow":["GET"]}}],"collection":[{"href":"https:\/\/blogdofarnesio.com.br\/index.php?rest_route=\/wp\/v2\/posts"}],"about":[{"href":"https:\/\/blogdofarnesio.com.br\/index.php?rest_route=\/wp\/v2\/types\/post"}],"author":[{"embeddable":true,"href":"https:\/\/blogdofarnesio.com.br\/index.php?rest_route=\/wp\/v2\/users\/2"}],"replies":[{"embeddable":true,"href":"https:\/\/blogdofarnesio.com.br\/index.php?rest_route=%2Fwp%2Fv2%2Fcomments&post=348637"}],"version-history":[{"count":0,"href":"https:\/\/blogdofarnesio.com.br\/index.php?rest_route=\/wp\/v2\/posts\/348637\/revisions"}],"wp:featuredmedia":[{"embeddable":true,"href":"https:\/\/blogdofarnesio.com.br\/index.php?rest_route=\/wp\/v2\/media\/263553"}],"wp:attachment":[{"href":"https:\/\/blogdofarnesio.com.br\/index.php?rest_route=%2Fwp%2Fv2%2Fmedia&parent=348637"}],"wp:term":[{"taxonomy":"category","embeddable":true,"href":"https:\/\/blogdofarnesio.com.br\/index.php?rest_route=%2Fwp%2Fv2%2Fcategories&post=348637"},{"taxonomy":"post_tag","embeddable":true,"href":"https:\/\/blogdofarnesio.com.br\/index.php?rest_route=%2Fwp%2Fv2%2Ftags&post=348637"}],"curies":[{"name":"wp","href":"https:\/\/api.w.org\/{rel}","templated":true}]}}