{"id":348621,"date":"2023-08-23T10:44:13","date_gmt":"2023-08-23T13:44:13","guid":{"rendered":"https:\/\/blogdofarnesio.com.br\/?p=348621"},"modified":"2023-08-23T10:04:08","modified_gmt":"2023-08-23T13:04:08","slug":"governo-baiano-entrega-viaturas-e-outras-obras-para-a-policia-militar-e-corpo-de-bombeiros-em-teixeira-de-freitas-investimento-chega-a-mais-de-r-10-milhoes","status":"publish","type":"post","link":"https:\/\/blogdofarnesio.com.br\/?p=348621","title":{"rendered":"Governo baiano entrega viaturas e outras obras para a Pol\u00edcia Militar e Corpo de Bombeiros em Teixeira de Freitas; investimento chega a mais de R$ 10 milh\u00f5es"},"content":{"rendered":"<p style=\"text-align: left;\">A seguran\u00e7a p\u00fablica da Bahia ganhou mais investimentos nesta ter\u00e7a-feira (22), com entregas para a Pol\u00edcia Militar, Pol\u00edcia Rodovi\u00e1ria Estadual e Corpo de Bombeiros de Teixeira de Freitas, no extremo Sul do estado.<\/p>\n<p>O governador Jer\u00f4nimo Rodrigues esteve na cidade para realiza\u00e7\u00e3o dos atos, que tamb\u00e9m contaram com a presen\u00e7a de secret\u00e1rios de estado e outras autoridades.<\/p>\n<p>\u201cEstamos entregando viaturas para toda a Bahia, algumas semiblindadas. Estamos fazendo agenda constante de seguran\u00e7a p\u00fablica, assim como a de hoje, quando entregamos uma nova companhia da PM, um novo pelot\u00e3o e um comando dos bombeiros para cobrir o extremo sul e regi\u00e3o\u201d, afirmou o governador.<\/p>\n<p>No bairro S\u00e3o Jos\u00e9, o Governo da Bahia entregou a obra de amplia\u00e7\u00e3o do 18\u00ba Batalh\u00e3o do Corpo de Bombeiros, que agora tem mais tr\u00eas alojamentos, salas de instru\u00e7\u00e3o, acondicionamento adequado para os equipamentos, garagem para viaturas e \u00e1rea de conviv\u00eancia.<\/p>\n<p>O novo batalh\u00e3o atender\u00e1 al\u00e9m de Teixeira de Freitas, a popula\u00e7\u00e3o de Alcoba\u00e7a, Caravelas, Ibirapu\u00e3, Itanh\u00e9m, Lajed\u00e3o, Medeiros Neto, Mucuri, Nova Vi\u00e7osa, Vereda, Itamaraju, Jucuru\u00e7u e Prado.<\/p>\n<p>O momento tamb\u00e9m foi de entregas de 24 viaturas novas, algumas delas semiblindadas, para o Comando de Policiamento da Regi\u00e3o do Extremo Sul e para a Companhia Independente de Policiamento T\u00e1tico do Extremo Sul.<\/p>\n<p>Os ve\u00edculos far\u00e3o parte do trabalho da Rondesp na regi\u00e3o, da Cippa e das companhias da PM de Teixeira de Freitas, mas tamb\u00e9m de Porto Seguro, Mucuri, Prado, Alcoba\u00e7a, Medeiros Neto, Jucuru\u00e7u, Itabela, Eun\u00e1polis e Santa Cruz de Cabr\u00e1lia.<\/p>\n<p>O Estado destinou mais de R$ 4,7 milh\u00f5es para a loca\u00e7\u00e3o e R$ 1,3 milh\u00e3o para a aquisi\u00e7\u00e3o de viaturas novas para o comando e para a companhia independente.<\/p>\n<p>&#8220;Essas viaturas semiblindadas s\u00e3o as primeiras entregues para a regi\u00e3o, refor\u00e7ando o rec\u00e9m-criado comando do extremo Sul, que fortalece ainda mais o policiamento, atrav\u00e9s da Pol\u00edcia Militar, protegendo o nosso estado do tr\u00e1fico de drogas e de armas\u201d, destacou o secret\u00e1rio de Seguran\u00e7a P\u00fablica, Marcelo Werner.<\/p>\n<p>Ele ainda ressaltou que a base do trabalho da SSP s\u00e3o os tr\u00eas Is: investimento, intelig\u00eancia e integra\u00e7\u00e3o. \u201cTemos tamb\u00e9m o batalh\u00e3o de ensino, o comando de comunica\u00e7\u00f5es, tudo trabalhando de forma integrada\u201d, concluiu.<\/p>\n<p>O efetivo do 13\u00ba Batalh\u00e3o de Ensino, Instru\u00e7\u00e3o e Capacita\u00e7\u00e3o contou com a entrega da implanta\u00e7\u00e3o de uma pista de corrida, outra pista com obst\u00e1culos, pista de salto em dist\u00e2ncia, de sistema de drenagem pluvial, sistema de ilumina\u00e7\u00e3o em LED e grama sint\u00e9tica que j\u00e1 passam a integrar seus treinamentos e capacita\u00e7\u00f5es. A obra da Secretaria de Emprego, Trabalho, Renda e Esporte (Setre), atrav\u00e9s da Superintend\u00eancia dos Desportos (Sudesb), teve um aporte de mais de R$ 1,6 milh\u00e3o.<\/p>\n<p>*Seguran\u00e7a nas estradas*<\/p>\n<p>Teixeira de Freitas tamb\u00e9m ganhou uma nova sede do 4\u00ba Pelot\u00e3o da Companhia Independente de Pol\u00edcia Rodovi\u00e1ria (CIPRV), inaugurada nesta ter\u00e7a-feira (22). A obra f\u00edsica e os equipamentos somam um investimento de mais de R$ 1,5 milh\u00e3o.<\/p>\n<p>*Vistorias*<\/p>\n<p>O governador Jer\u00f4nimo Rodrigues tamb\u00e9m acompanhou as equipes da Conder e da Sesab na vistoria \u00e0s obras do Hospital Regional Costa das Baleias. J\u00e1 foram investidos mais de R$ 125 milh\u00f5es na unidade, que ser\u00e1 um Hospital Geral de Refer\u00eancia Macrorregional no atendimento \u00e0s pessoas com doen\u00e7as cr\u00f4nicas e urg\u00eancias do extremo sul. Pessoas em sofrimento mental tamb\u00e9m ser\u00e3o acolhidas pelo hospital.<\/p>\n<p>\u201cO Hospital Costa das Baleias \u00e9 mais uma grande interven\u00e7\u00e3o do Estado, que vai ajudar muito a regi\u00e3o. A unidade vai contar com equipamentos de imagem, como tomografia e resson\u00e2ncia, e hemodin\u00e2mica. Vamos poder oferecer toda a assist\u00eancia tamb\u00e9m em oncologia\u201d, afirmou a secret\u00e1ria da Sa\u00fade, Roberta Santana.<\/p>\n<p>Com 84% das obras conclu\u00eddas, a unidade de sa\u00fade ter\u00e1 dois blocos \u2013 o principal (com dois pavimentos) e o de interna\u00e7\u00e3o (com quatro pavimentos) \u2013 e 13 edifica\u00e7\u00f5es anexas. A previs\u00e3o \u00e9 de que o hospital funcione com 60 leitos cl\u00ednicos, 90 cir\u00fargicos e 30 para cuidados intensivos.<\/p>\n<p>*Bahia Sem Fome*<\/p>\n<p>Os policiais militares entregaram 300 quilos de alimentos arrecadados para o Bahia Sem Fome no \u00faltimo dia 6 de agosto, durante corrida promovida pela corpora\u00e7\u00e3o. O terreiro de candombl\u00e9 Aramef\u00e1 Rod\u00e9 Il\u00ea e a Casa Renascer foram algumas das entidades cadastradas no programa Bahia Sem Fome que receberam a doa\u00e7\u00e3o dos alimentos e far\u00e3o a distribui\u00e7\u00e3o entre os moradores.<\/p>\n<p>*_Rep\u00f3rter Milena Fahel_*<\/p>\n","protected":false},"excerpt":{"rendered":"<p>A seguran\u00e7a p\u00fablica da Bahia ganhou mais investimentos nesta ter\u00e7a-feira (22), com entregas para a Pol\u00edcia Militar, Pol\u00edcia Rodovi\u00e1ria Estadual e Corpo de Bombeiros de Teixeira de Freitas, no extremo Sul do estado. O governador Jer\u00f4nimo Rodrigues esteve na cidade para realiza\u00e7\u00e3o dos atos, que tamb\u00e9m contaram com a presen\u00e7a de secret\u00e1rios de estado e outras autoridades. \u201cEstamos entregando viaturas para toda a Bahia, algumas semiblindadas. Estamos fazendo agenda constante de seguran\u00e7a p\u00fablica, assim como a de hoje, quando entregamos uma nova companhia da PM, um novo pelot\u00e3o e um comando dos bombeiros para cobrir o extremo sul e regi\u00e3o\u201d, afirmou o governador. No bairro S\u00e3o Jos\u00e9, o Governo da Bahia entregou a obra de amplia\u00e7\u00e3o do 18\u00ba Batalh\u00e3o do&hellip; <\/p>\n","protected":false},"author":2,"featured_media":348623,"comment_status":"open","ping_status":"open","sticky":false,"template":"","format":"standard","meta":{"_acf_changed":false,"footnotes":""},"categories":[44],"tags":[],"class_list":["post-348621","post","type-post","status-publish","format-standard","has-post-thumbnail","hentry","category-administracao"],"acf":[],"yoast_head":"<!-- This site is optimized with the Yoast SEO plugin v27.4 - https:\/\/yoast.com\/product\/yoast-seo-wordpress\/ -->\n<title>Governo baiano entrega viaturas e outras obras para a Pol\u00edcia Militar e Corpo de Bombeiros em Teixeira de Freitas; investimento chega a mais de R$ 10 milh\u00f5es - Blog do Farn\u00e9sio<\/title>\n<meta name=\"robots\" content=\"index, follow, max-snippet:-1, max-image-preview:large, max-video-preview:-1\" \/>\n<link rel=\"canonical\" href=\"https:\/\/blogdofarnesio.com.br\/?p=348621\" \/>\n<meta property=\"og:locale\" content=\"pt_BR\" \/>\n<meta property=\"og:type\" content=\"article\" \/>\n<meta property=\"og:title\" content=\"Governo baiano entrega viaturas e outras obras para a Pol\u00edcia Militar e Corpo de Bombeiros em Teixeira de Freitas; investimento chega a mais de R$ 10 milh\u00f5es - Blog do Farn\u00e9sio\" \/>\n<meta property=\"og:description\" content=\"A seguran\u00e7a p\u00fablica da Bahia ganhou mais investimentos nesta ter\u00e7a-feira (22), com entregas para a Pol\u00edcia Militar, Pol\u00edcia Rodovi\u00e1ria Estadual e Corpo de Bombeiros de Teixeira de Freitas, no extremo Sul do estado. O governador Jer\u00f4nimo Rodrigues esteve na cidade para realiza\u00e7\u00e3o dos atos, que tamb\u00e9m contaram com a presen\u00e7a de secret\u00e1rios de estado e outras autoridades. \u201cEstamos entregando viaturas para toda a Bahia, algumas semiblindadas. Estamos fazendo agenda constante de seguran\u00e7a p\u00fablica, assim como a de hoje, quando entregamos uma nova companhia da PM, um novo pelot\u00e3o e um comando dos bombeiros para cobrir o extremo sul e regi\u00e3o\u201d, afirmou o governador. No bairro S\u00e3o Jos\u00e9, o Governo da Bahia entregou a obra de amplia\u00e7\u00e3o do 18\u00ba Batalh\u00e3o do&hellip;\" \/>\n<meta property=\"og:url\" content=\"https:\/\/blogdofarnesio.com.br\/?p=348621\" \/>\n<meta property=\"og:site_name\" content=\"Blog do Farn\u00e9sio\" \/>\n<meta property=\"article:publisher\" content=\"https:\/\/www.facebook.com\/BlogQuerSaberPolitica\/\" \/>\n<meta property=\"article:author\" content=\"https:\/\/www.facebook.com\/?ref=tn_tnmn\" \/>\n<meta property=\"article:published_time\" content=\"2023-08-23T13:44:13+00:00\" \/>\n<meta property=\"og:image\" content=\"https:\/\/blogdofarnesio.com.br\/wp-content\/uploads\/2023\/08\/IMG-20230823-WA0047-e1692795559246.jpg\" \/>\n\t<meta property=\"og:image:width\" content=\"600\" \/>\n\t<meta property=\"og:image:height\" content=\"337\" \/>\n\t<meta property=\"og:image:type\" content=\"image\/jpeg\" \/>\n<meta name=\"author\" content=\"Farn\u00e9sio\" \/>\n<meta name=\"twitter:card\" content=\"summary_large_image\" \/>\n<meta name=\"twitter:label1\" content=\"Escrito por\" \/>\n\t<meta name=\"twitter:data1\" content=\"Farn\u00e9sio\" \/>\n\t<meta name=\"twitter:label2\" content=\"Est. tempo de leitura\" \/>\n\t<meta name=\"twitter:data2\" content=\"4 minutos\" \/>\n<script type=\"application\/ld+json\" class=\"yoast-schema-graph\">{\"@context\":\"https:\\\/\\\/schema.org\",\"@graph\":[{\"@type\":\"Article\",\"@id\":\"https:\\\/\\\/blogdofarnesio.com.br\\\/?p=348621#article\",\"isPartOf\":{\"@id\":\"https:\\\/\\\/blogdofarnesio.com.br\\\/?p=348621\"},\"author\":{\"name\":\"Farn\u00e9sio\",\"@id\":\"https:\\\/\\\/blogdofarnesio.com.br\\\/#\\\/schema\\\/person\\\/bb9b23ae3ad0609ce8df7b6c9e76824d\"},\"headline\":\"Governo baiano entrega viaturas e outras obras para a Pol\u00edcia Militar e Corpo de Bombeiros em Teixeira de Freitas; investimento chega a mais de R$ 10 milh\u00f5es\",\"datePublished\":\"2023-08-23T13:44:13+00:00\",\"mainEntityOfPage\":{\"@id\":\"https:\\\/\\\/blogdofarnesio.com.br\\\/?p=348621\"},\"wordCount\":812,\"commentCount\":0,\"publisher\":{\"@id\":\"https:\\\/\\\/blogdofarnesio.com.br\\\/#organization\"},\"image\":{\"@id\":\"https:\\\/\\\/blogdofarnesio.com.br\\\/?p=348621#primaryimage\"},\"thumbnailUrl\":\"https:\\\/\\\/blogdofarnesio.com.br\\\/wp-content\\\/uploads\\\/2023\\\/08\\\/IMG-20230823-WA0047-e1692795559246.jpg\",\"articleSection\":[\"Administra\u00e7\u00e3o\"],\"inLanguage\":\"pt-BR\",\"potentialAction\":[{\"@type\":\"CommentAction\",\"name\":\"Comment\",\"target\":[\"https:\\\/\\\/blogdofarnesio.com.br\\\/?p=348621#respond\"]}]},{\"@type\":\"WebPage\",\"@id\":\"https:\\\/\\\/blogdofarnesio.com.br\\\/?p=348621\",\"url\":\"https:\\\/\\\/blogdofarnesio.com.br\\\/?p=348621\",\"name\":\"Governo baiano entrega viaturas e outras obras para a Pol\u00edcia Militar e Corpo de Bombeiros em Teixeira de Freitas; investimento chega a mais de R$ 10 milh\u00f5es - Blog do Farn\u00e9sio\",\"isPartOf\":{\"@id\":\"https:\\\/\\\/blogdofarnesio.com.br\\\/#website\"},\"primaryImageOfPage\":{\"@id\":\"https:\\\/\\\/blogdofarnesio.com.br\\\/?p=348621#primaryimage\"},\"image\":{\"@id\":\"https:\\\/\\\/blogdofarnesio.com.br\\\/?p=348621#primaryimage\"},\"thumbnailUrl\":\"https:\\\/\\\/blogdofarnesio.com.br\\\/wp-content\\\/uploads\\\/2023\\\/08\\\/IMG-20230823-WA0047-e1692795559246.jpg\",\"datePublished\":\"2023-08-23T13:44:13+00:00\",\"breadcrumb\":{\"@id\":\"https:\\\/\\\/blogdofarnesio.com.br\\\/?p=348621#breadcrumb\"},\"inLanguage\":\"pt-BR\",\"potentialAction\":[{\"@type\":\"ReadAction\",\"target\":[\"https:\\\/\\\/blogdofarnesio.com.br\\\/?p=348621\"]}]},{\"@type\":\"ImageObject\",\"inLanguage\":\"pt-BR\",\"@id\":\"https:\\\/\\\/blogdofarnesio.com.br\\\/?p=348621#primaryimage\",\"url\":\"https:\\\/\\\/blogdofarnesio.com.br\\\/wp-content\\\/uploads\\\/2023\\\/08\\\/IMG-20230823-WA0047-e1692795559246.jpg\",\"contentUrl\":\"https:\\\/\\\/blogdofarnesio.com.br\\\/wp-content\\\/uploads\\\/2023\\\/08\\\/IMG-20230823-WA0047-e1692795559246.jpg\",\"width\":600,\"height\":337},{\"@type\":\"BreadcrumbList\",\"@id\":\"https:\\\/\\\/blogdofarnesio.com.br\\\/?p=348621#breadcrumb\",\"itemListElement\":[{\"@type\":\"ListItem\",\"position\":1,\"name\":\"In\u00edcio\",\"item\":\"https:\\\/\\\/blogdofarnesio.com.br\\\/\"},{\"@type\":\"ListItem\",\"position\":2,\"name\":\"Governo baiano entrega viaturas e outras obras para a Pol\u00edcia Militar e Corpo de Bombeiros em Teixeira de Freitas; investimento chega a mais de R$ 10 milh\u00f5es\"}]},{\"@type\":\"WebSite\",\"@id\":\"https:\\\/\\\/blogdofarnesio.com.br\\\/#website\",\"url\":\"https:\\\/\\\/blogdofarnesio.com.br\\\/\",\"name\":\"Blog do Farn\u00e9sio\",\"description\":\"Quer Saber Pol\u00edtica?\",\"publisher\":{\"@id\":\"https:\\\/\\\/blogdofarnesio.com.br\\\/#organization\"},\"potentialAction\":[{\"@type\":\"SearchAction\",\"target\":{\"@type\":\"EntryPoint\",\"urlTemplate\":\"https:\\\/\\\/blogdofarnesio.com.br\\\/?s={search_term_string}\"},\"query-input\":{\"@type\":\"PropertyValueSpecification\",\"valueRequired\":true,\"valueName\":\"search_term_string\"}}],\"inLanguage\":\"pt-BR\"},{\"@type\":\"Organization\",\"@id\":\"https:\\\/\\\/blogdofarnesio.com.br\\\/#organization\",\"name\":\"Blog do Farn\u00e9sio\",\"url\":\"https:\\\/\\\/blogdofarnesio.com.br\\\/\",\"logo\":{\"@type\":\"ImageObject\",\"inLanguage\":\"pt-BR\",\"@id\":\"https:\\\/\\\/blogdofarnesio.com.br\\\/#\\\/schema\\\/logo\\\/image\\\/\",\"url\":\"https:\\\/\\\/blogdofarnesio.com.br\\\/wp-content\\\/uploads\\\/2026\\\/03\\\/cropped-logo_new-1.png\",\"contentUrl\":\"https:\\\/\\\/blogdofarnesio.com.br\\\/wp-content\\\/uploads\\\/2026\\\/03\\\/cropped-logo_new-1.png\",\"width\":881,\"height\":685,\"caption\":\"Blog do Farn\u00e9sio\"},\"image\":{\"@id\":\"https:\\\/\\\/blogdofarnesio.com.br\\\/#\\\/schema\\\/logo\\\/image\\\/\"},\"sameAs\":[\"https:\\\/\\\/www.facebook.com\\\/BlogQuerSaberPolitica\\\/\"]},{\"@type\":\"Person\",\"@id\":\"https:\\\/\\\/blogdofarnesio.com.br\\\/#\\\/schema\\\/person\\\/bb9b23ae3ad0609ce8df7b6c9e76824d\",\"name\":\"Farn\u00e9sio\",\"image\":{\"@type\":\"ImageObject\",\"inLanguage\":\"pt-BR\",\"@id\":\"https:\\\/\\\/secure.gravatar.com\\\/avatar\\\/986aa4c61ccdb66f8555bf88fc2a65609d00bcabd4d2d94377a727547345cbca?s=96&d=mm&r=g\",\"url\":\"https:\\\/\\\/secure.gravatar.com\\\/avatar\\\/986aa4c61ccdb66f8555bf88fc2a65609d00bcabd4d2d94377a727547345cbca?s=96&d=mm&r=g\",\"contentUrl\":\"https:\\\/\\\/secure.gravatar.com\\\/avatar\\\/986aa4c61ccdb66f8555bf88fc2a65609d00bcabd4d2d94377a727547345cbca?s=96&d=mm&r=g\",\"caption\":\"Farn\u00e9sio\"},\"description\":\"Radialista blogueiro, chegou a Petrolina\\\/Juazeiro em setembro de 1980, Farn\u00e9sio Silva \u00e9 de Arapiraca-Alagoas.\",\"sameAs\":[\"http:\\\/\\\/blogdofarnesio.com.br\",\"https:\\\/\\\/www.facebook.com\\\/?ref=tn_tnmn\",\"https:\\\/\\\/www.instagram.com\\\/?utm_source=pwa_homescreen\",\"https:\\\/\\\/youtube.com.br\\\/\"],\"url\":\"https:\\\/\\\/blogdofarnesio.com.br\\\/?author=2\"}]}<\/script>\n<!-- \/ Yoast SEO plugin. -->","yoast_head_json":{"title":"Governo baiano entrega viaturas e outras obras para a Pol\u00edcia Militar e Corpo de Bombeiros em Teixeira de Freitas; investimento chega a mais de R$ 10 milh\u00f5es - Blog do Farn\u00e9sio","robots":{"index":"index","follow":"follow","max-snippet":"max-snippet:-1","max-image-preview":"max-image-preview:large","max-video-preview":"max-video-preview:-1"},"canonical":"https:\/\/blogdofarnesio.com.br\/?p=348621","og_locale":"pt_BR","og_type":"article","og_title":"Governo baiano entrega viaturas e outras obras para a Pol\u00edcia Militar e Corpo de Bombeiros em Teixeira de Freitas; investimento chega a mais de R$ 10 milh\u00f5es - Blog do Farn\u00e9sio","og_description":"A seguran\u00e7a p\u00fablica da Bahia ganhou mais investimentos nesta ter\u00e7a-feira (22), com entregas para a Pol\u00edcia Militar, Pol\u00edcia Rodovi\u00e1ria Estadual e Corpo de Bombeiros de Teixeira de Freitas, no extremo Sul do estado. O governador Jer\u00f4nimo Rodrigues esteve na cidade para realiza\u00e7\u00e3o dos atos, que tamb\u00e9m contaram com a presen\u00e7a de secret\u00e1rios de estado e outras autoridades. \u201cEstamos entregando viaturas para toda a Bahia, algumas semiblindadas. Estamos fazendo agenda constante de seguran\u00e7a p\u00fablica, assim como a de hoje, quando entregamos uma nova companhia da PM, um novo pelot\u00e3o e um comando dos bombeiros para cobrir o extremo sul e regi\u00e3o\u201d, afirmou o governador. No bairro S\u00e3o Jos\u00e9, o Governo da Bahia entregou a obra de amplia\u00e7\u00e3o do 18\u00ba Batalh\u00e3o do&hellip;","og_url":"https:\/\/blogdofarnesio.com.br\/?p=348621","og_site_name":"Blog do Farn\u00e9sio","article_publisher":"https:\/\/www.facebook.com\/BlogQuerSaberPolitica\/","article_author":"https:\/\/www.facebook.com\/?ref=tn_tnmn","article_published_time":"2023-08-23T13:44:13+00:00","og_image":[{"width":600,"height":337,"url":"https:\/\/blogdofarnesio.com.br\/wp-content\/uploads\/2023\/08\/IMG-20230823-WA0047-e1692795559246.jpg","type":"image\/jpeg"}],"author":"Farn\u00e9sio","twitter_card":"summary_large_image","twitter_misc":{"Escrito por":"Farn\u00e9sio","Est. tempo de leitura":"4 minutos"},"schema":{"@context":"https:\/\/schema.org","@graph":[{"@type":"Article","@id":"https:\/\/blogdofarnesio.com.br\/?p=348621#article","isPartOf":{"@id":"https:\/\/blogdofarnesio.com.br\/?p=348621"},"author":{"name":"Farn\u00e9sio","@id":"https:\/\/blogdofarnesio.com.br\/#\/schema\/person\/bb9b23ae3ad0609ce8df7b6c9e76824d"},"headline":"Governo baiano entrega viaturas e outras obras para a Pol\u00edcia Militar e Corpo de Bombeiros em Teixeira de Freitas; investimento chega a mais de R$ 10 milh\u00f5es","datePublished":"2023-08-23T13:44:13+00:00","mainEntityOfPage":{"@id":"https:\/\/blogdofarnesio.com.br\/?p=348621"},"wordCount":812,"commentCount":0,"publisher":{"@id":"https:\/\/blogdofarnesio.com.br\/#organization"},"image":{"@id":"https:\/\/blogdofarnesio.com.br\/?p=348621#primaryimage"},"thumbnailUrl":"https:\/\/blogdofarnesio.com.br\/wp-content\/uploads\/2023\/08\/IMG-20230823-WA0047-e1692795559246.jpg","articleSection":["Administra\u00e7\u00e3o"],"inLanguage":"pt-BR","potentialAction":[{"@type":"CommentAction","name":"Comment","target":["https:\/\/blogdofarnesio.com.br\/?p=348621#respond"]}]},{"@type":"WebPage","@id":"https:\/\/blogdofarnesio.com.br\/?p=348621","url":"https:\/\/blogdofarnesio.com.br\/?p=348621","name":"Governo baiano entrega viaturas e outras obras para a Pol\u00edcia Militar e Corpo de Bombeiros em Teixeira de Freitas; investimento chega a mais de R$ 10 milh\u00f5es - Blog do Farn\u00e9sio","isPartOf":{"@id":"https:\/\/blogdofarnesio.com.br\/#website"},"primaryImageOfPage":{"@id":"https:\/\/blogdofarnesio.com.br\/?p=348621#primaryimage"},"image":{"@id":"https:\/\/blogdofarnesio.com.br\/?p=348621#primaryimage"},"thumbnailUrl":"https:\/\/blogdofarnesio.com.br\/wp-content\/uploads\/2023\/08\/IMG-20230823-WA0047-e1692795559246.jpg","datePublished":"2023-08-23T13:44:13+00:00","breadcrumb":{"@id":"https:\/\/blogdofarnesio.com.br\/?p=348621#breadcrumb"},"inLanguage":"pt-BR","potentialAction":[{"@type":"ReadAction","target":["https:\/\/blogdofarnesio.com.br\/?p=348621"]}]},{"@type":"ImageObject","inLanguage":"pt-BR","@id":"https:\/\/blogdofarnesio.com.br\/?p=348621#primaryimage","url":"https:\/\/blogdofarnesio.com.br\/wp-content\/uploads\/2023\/08\/IMG-20230823-WA0047-e1692795559246.jpg","contentUrl":"https:\/\/blogdofarnesio.com.br\/wp-content\/uploads\/2023\/08\/IMG-20230823-WA0047-e1692795559246.jpg","width":600,"height":337},{"@type":"BreadcrumbList","@id":"https:\/\/blogdofarnesio.com.br\/?p=348621#breadcrumb","itemListElement":[{"@type":"ListItem","position":1,"name":"In\u00edcio","item":"https:\/\/blogdofarnesio.com.br\/"},{"@type":"ListItem","position":2,"name":"Governo baiano entrega viaturas e outras obras para a Pol\u00edcia Militar e Corpo de Bombeiros em Teixeira de Freitas; investimento chega a mais de R$ 10 milh\u00f5es"}]},{"@type":"WebSite","@id":"https:\/\/blogdofarnesio.com.br\/#website","url":"https:\/\/blogdofarnesio.com.br\/","name":"Blog do Farn\u00e9sio","description":"Quer Saber Pol\u00edtica?","publisher":{"@id":"https:\/\/blogdofarnesio.com.br\/#organization"},"potentialAction":[{"@type":"SearchAction","target":{"@type":"EntryPoint","urlTemplate":"https:\/\/blogdofarnesio.com.br\/?s={search_term_string}"},"query-input":{"@type":"PropertyValueSpecification","valueRequired":true,"valueName":"search_term_string"}}],"inLanguage":"pt-BR"},{"@type":"Organization","@id":"https:\/\/blogdofarnesio.com.br\/#organization","name":"Blog do Farn\u00e9sio","url":"https:\/\/blogdofarnesio.com.br\/","logo":{"@type":"ImageObject","inLanguage":"pt-BR","@id":"https:\/\/blogdofarnesio.com.br\/#\/schema\/logo\/image\/","url":"https:\/\/blogdofarnesio.com.br\/wp-content\/uploads\/2026\/03\/cropped-logo_new-1.png","contentUrl":"https:\/\/blogdofarnesio.com.br\/wp-content\/uploads\/2026\/03\/cropped-logo_new-1.png","width":881,"height":685,"caption":"Blog do Farn\u00e9sio"},"image":{"@id":"https:\/\/blogdofarnesio.com.br\/#\/schema\/logo\/image\/"},"sameAs":["https:\/\/www.facebook.com\/BlogQuerSaberPolitica\/"]},{"@type":"Person","@id":"https:\/\/blogdofarnesio.com.br\/#\/schema\/person\/bb9b23ae3ad0609ce8df7b6c9e76824d","name":"Farn\u00e9sio","image":{"@type":"ImageObject","inLanguage":"pt-BR","@id":"https:\/\/secure.gravatar.com\/avatar\/986aa4c61ccdb66f8555bf88fc2a65609d00bcabd4d2d94377a727547345cbca?s=96&d=mm&r=g","url":"https:\/\/secure.gravatar.com\/avatar\/986aa4c61ccdb66f8555bf88fc2a65609d00bcabd4d2d94377a727547345cbca?s=96&d=mm&r=g","contentUrl":"https:\/\/secure.gravatar.com\/avatar\/986aa4c61ccdb66f8555bf88fc2a65609d00bcabd4d2d94377a727547345cbca?s=96&d=mm&r=g","caption":"Farn\u00e9sio"},"description":"Radialista blogueiro, chegou a Petrolina\/Juazeiro em setembro de 1980, Farn\u00e9sio Silva \u00e9 de Arapiraca-Alagoas.","sameAs":["http:\/\/blogdofarnesio.com.br","https:\/\/www.facebook.com\/?ref=tn_tnmn","https:\/\/www.instagram.com\/?utm_source=pwa_homescreen","https:\/\/youtube.com.br\/"],"url":"https:\/\/blogdofarnesio.com.br\/?author=2"}]}},"_links":{"self":[{"href":"https:\/\/blogdofarnesio.com.br\/index.php?rest_route=\/wp\/v2\/posts\/348621","targetHints":{"allow":["GET"]}}],"collection":[{"href":"https:\/\/blogdofarnesio.com.br\/index.php?rest_route=\/wp\/v2\/posts"}],"about":[{"href":"https:\/\/blogdofarnesio.com.br\/index.php?rest_route=\/wp\/v2\/types\/post"}],"author":[{"embeddable":true,"href":"https:\/\/blogdofarnesio.com.br\/index.php?rest_route=\/wp\/v2\/users\/2"}],"replies":[{"embeddable":true,"href":"https:\/\/blogdofarnesio.com.br\/index.php?rest_route=%2Fwp%2Fv2%2Fcomments&post=348621"}],"version-history":[{"count":0,"href":"https:\/\/blogdofarnesio.com.br\/index.php?rest_route=\/wp\/v2\/posts\/348621\/revisions"}],"wp:featuredmedia":[{"embeddable":true,"href":"https:\/\/blogdofarnesio.com.br\/index.php?rest_route=\/wp\/v2\/media\/348623"}],"wp:attachment":[{"href":"https:\/\/blogdofarnesio.com.br\/index.php?rest_route=%2Fwp%2Fv2%2Fmedia&parent=348621"}],"wp:term":[{"taxonomy":"category","embeddable":true,"href":"https:\/\/blogdofarnesio.com.br\/index.php?rest_route=%2Fwp%2Fv2%2Fcategories&post=348621"},{"taxonomy":"post_tag","embeddable":true,"href":"https:\/\/blogdofarnesio.com.br\/index.php?rest_route=%2Fwp%2Fv2%2Ftags&post=348621"}],"curies":[{"name":"wp","href":"https:\/\/api.w.org\/{rel}","templated":true}]}}