{"id":348585,"date":"2023-08-23T11:04:28","date_gmt":"2023-08-23T14:04:28","guid":{"rendered":"https:\/\/blogdofarnesio.com.br\/?p=348585"},"modified":"2023-08-23T07:31:57","modified_gmt":"2023-08-23T10:31:57","slug":"prorrogadas-ate-amanha-24-as-inscricoes-para-selecao-simplificada-para-professor-substituto-da-univasf","status":"publish","type":"post","link":"https:\/\/blogdofarnesio.com.br\/?p=348585","title":{"rendered":"Prorrogadas at\u00e9 amanh\u00e3 (24) as inscri\u00e7\u00f5es para sele\u00e7\u00e3o simplificada para professor substituto da Univasf"},"content":{"rendered":"<div class=\"documentDescription\">A Universidade Federal do Vale do S\u00e3o Francisco (Univasf) prorrogou at\u00e9 as 18h desta quinta-feira (24) as inscri\u00e7\u00f5es para o processo de sele\u00e7\u00e3o p\u00fablica simplificada para professor substituto, em virtude da instabilidade ocorrida no sistema de inscri\u00e7\u00f5es. O prazo para pagar a GRU da taxa de inscri\u00e7\u00e3o tamb\u00e9m foi adiado e o pagamento pode ser feito at\u00e9 sexta-feira (25). A Comiss\u00e3o Gestora Permanente de Concurso Docente divulgou hoje (22) o <a class=\"internal-link\" title=\"\" href=\"https:\/\/portais.univasf.edu.br\/noticias\/prorrogadas-ate-quinta-feira-24-as-inscricoes-para-selecao-simplificada-para-professor-substituto-da-univasf\/informativo-no-02-2023-prorrogacao-das-incricoes-e-pagamento-gru.pdf\" target=\"_self\" rel=\"noopener\">Informativo N\u00ba 2\/2023<\/a>\u00a0sobre o assunto.<\/div>\n<div>\n<p>A sele\u00e7\u00e3o visa \u00e0 forma\u00e7\u00e3o de cadastro reserva para 22 \u00e1reas do conhecimento de diversos cursos de gradua\u00e7\u00e3o ofertados nos campi localizados em Petrolina, Salgueiro (PE), Juazeiro, Senhor do Bonfim, Paulo Afonso (BA) e S\u00e3o Raimundo Nonato (PI). Os interessados devem se inscrever pelo site de\u00a0<a href=\"https:\/\/www.sistemas.univasf.edu.br\/concurso\/\" target=\"_blank\" rel=\"noopener\">Concursos<\/a>\u00a0da Univasf.\u00a0O Edital N\u00ba 17\/2023, que regula o processo seletivo, est\u00e1 dispon\u00edvel\u00a0<a class=\"internal-link\" title=\"\" href=\"https:\/\/portais.univasf.edu.br\/noticias\/prorrogadas-ate-quinta-feira-24-as-inscricoes-para-selecao-simplificada-para-professor-substituto-da-univasf\/edital-de-abertura-no-17_2023.pdf\" target=\"_blank\" rel=\"noopener\">neste link<\/a>\u00a0e abaixo junto com os Anexos do edital.<\/p>\n<p>O valor da inscri\u00e7\u00e3o varia de R$ 45,00 a R$ 80,00. O prazo para solicitar a isen\u00e7\u00e3o da taxa de inscri\u00e7\u00e3o \u00e9 at\u00e9 as 14h desta quarta-feira (16). O vencimento b\u00e1sico do professor substituto n\u00edvel 1 da Classe A \u00e9 R$ 2.437,59, para carga hor\u00e1ria de 20 horas semanais; e R$ 3.412,63, para carga hor\u00e1ria de 40 horas.<\/p>\n<p>A sele\u00e7\u00e3o ser\u00e1 composta por duas etapas: prova did\u00e1tica, realizada de forma virtual, e exame de t\u00edtulos. O sorteio do ponto da prova did\u00e1tica ser\u00e1 realizado no dia 13 de setembro, em hor\u00e1rio a ser divulgado posteriormente juntamente com a plataforma virtual. Conforme o edital, o sorteio da ordem de apresenta\u00e7\u00e3o e a prova de aptid\u00e3o did\u00e1tica ser\u00e3o realizados a partir do dia 14 de setembro. Mais informa\u00e7\u00f5es sobre a sele\u00e7\u00e3o simplificada est\u00e3o dispon\u00edveis no Edital N\u00ba 17\/2023, no site de\u00a0<a href=\"https:\/\/www.sistemas.univasf.edu.br\/concurso\/\" target=\"_blank\" rel=\"noopener\">Concursos<\/a>\u00a0da Univasf.<\/p>\n<p><a class=\"internal-link\" title=\"\" href=\"https:\/\/portais.univasf.edu.br\/noticias\/prorrogadas-ate-quinta-feira-24-as-inscricoes-para-selecao-simplificada-para-professor-substituto-da-univasf\/edital-de-abertura-no-17_2023.pdf\" target=\"_blank\" rel=\"noopener\">Edital N\u00ba 17\/2023<\/a><\/p>\n<p><a class=\"internal-link\" title=\"\" href=\"https:\/\/portais.univasf.edu.br\/noticias\/prorrogadas-ate-quinta-feira-24-as-inscricoes-para-selecao-simplificada-para-professor-substituto-da-univasf\/anexo-i-barema-de-pontuacao.pdf\" target=\"_blank\" rel=\"noopener\">Anexo 1<\/a>\u00a0&#8211; Barema de Pontua\u00e7\u00e3o<\/p>\n<p><a class=\"internal-link\" title=\"\" href=\"https:\/\/portais.univasf.edu.br\/noticias\/prorrogadas-ate-quinta-feira-24-as-inscricoes-para-selecao-simplificada-para-professor-substituto-da-univasf\/anexo-ii-conteudo-programatico.pdf\" target=\"_blank\" rel=\"noopener\">Anexo 2<\/a>\u00a0&#8211; Conte\u00fado Program\u00e1tico<\/p>\n<p><a class=\"internal-link\" title=\"\" href=\"https:\/\/portais.univasf.edu.br\/noticias\/prorrogadas-ate-quinta-feira-24-as-inscricoes-para-selecao-simplificada-para-professor-substituto-da-univasf\/anexo-iii-modelo-atestado-deficiente.pdf\" target=\"_blank\" rel=\"noopener\">Anexo 3<\/a>\u00a0&#8211; Modelo Atestado PcD<\/p>\n<p>&nbsp;<\/p>\n<p><strong>\u00c1reas de conhecimento:<\/strong><\/p>\n<p>Bot\u00e2nica (Bot\u00e2nica Fanerog\u00e2mica e Farmacobot\u00e2nica)<\/p>\n<p>Ci\u00eancias da Natureza<\/p>\n<p>Computa\u00e7\u00e3o: Banco de Dados e Engenharia de Software<\/p>\n<p>Cria\u00e7\u00e3o de Animais Silvestres<\/p>\n<p>Ensino de Artes Visuais e Teoria da Arte<\/p>\n<p>Estat\u00edstica Aplicada \u00e0 Engenharia<\/p>\n<p>Libras<\/p>\n<p>Licenciatura em Geografia (Din\u00e2micas S\u00f3cioespaciais e Pol\u00edticas Educacionais)<\/p>\n<p>Licenciatura em Geografia (Ensino de Geografia)<\/p>\n<p>Materiais e Processos de Fabrica\u00e7\u00e3o<\/p>\n<p>Medicina da Fam\u00edlia e Comunidade<\/p>\n<p>Morfologia<\/p>\n<p>Organiza\u00e7\u00e3o da Assist\u00eancia \u00e0 Sa\u00fade Materno Infantil<\/p>\n<p>Patologia Cl\u00ednica Veterin\u00e1ria \/ Bio\u00e9tica e Deontologia Veterin\u00e1ria<\/p>\n<p>Patologia Cl\u00ednico- Cir\u00fargico do Aparelho Locomotor<\/p>\n<p>Patologia Geral<\/p>\n<p>Pedagogia e\/ou Ci\u00eancias da Natureza<\/p>\n<p>Processos Psicossociais do Trabalho, dos Grupos e das Organiza\u00e7\u00f5es<\/p>\n<p>Sa\u00fade da Fam\u00edlia e Comunidade<\/p>\n<p>Semiologia<\/p>\n<p>Sistemas El\u00e9tricos de Pot\u00eancia<\/p>\n<p>Zoologia dos Invertebrados<\/p>\n<\/div>\n","protected":false},"excerpt":{"rendered":"<p>A Universidade Federal do Vale do S\u00e3o Francisco (Univasf) prorrogou at\u00e9 as 18h desta quinta-feira (24) as inscri\u00e7\u00f5es para o processo de sele\u00e7\u00e3o p\u00fablica simplificada para professor substituto, em virtude da instabilidade ocorrida no sistema de inscri\u00e7\u00f5es. O prazo para pagar a GRU da taxa de inscri\u00e7\u00e3o tamb\u00e9m foi adiado e o pagamento pode ser feito at\u00e9 sexta-feira (25). A Comiss\u00e3o Gestora Permanente de Concurso Docente divulgou hoje (22) o Informativo N\u00ba 2\/2023\u00a0sobre o assunto. A sele\u00e7\u00e3o visa \u00e0 forma\u00e7\u00e3o de cadastro reserva para 22 \u00e1reas do conhecimento de diversos cursos de gradua\u00e7\u00e3o ofertados nos campi localizados em Petrolina, Salgueiro (PE), Juazeiro, Senhor do Bonfim, Paulo Afonso (BA) e S\u00e3o Raimundo Nonato (PI). Os interessados devem se inscrever pelo site&hellip; <\/p>\n","protected":false},"author":2,"featured_media":348586,"comment_status":"open","ping_status":"open","sticky":false,"template":"","format":"standard","meta":{"_acf_changed":false,"footnotes":""},"categories":[31],"tags":[],"class_list":["post-348585","post","type-post","status-publish","format-standard","has-post-thumbnail","hentry","category-concursos"],"acf":[],"yoast_head":"<!-- This site is optimized with the Yoast SEO plugin v27.4 - https:\/\/yoast.com\/product\/yoast-seo-wordpress\/ -->\n<title>Prorrogadas at\u00e9 amanh\u00e3 (24) as inscri\u00e7\u00f5es para sele\u00e7\u00e3o simplificada para professor substituto da Univasf - Blog do Farn\u00e9sio<\/title>\n<meta name=\"robots\" content=\"index, follow, max-snippet:-1, max-image-preview:large, max-video-preview:-1\" \/>\n<link rel=\"canonical\" href=\"https:\/\/blogdofarnesio.com.br\/?p=348585\" \/>\n<meta property=\"og:locale\" content=\"pt_BR\" \/>\n<meta property=\"og:type\" content=\"article\" \/>\n<meta property=\"og:title\" content=\"Prorrogadas at\u00e9 amanh\u00e3 (24) as inscri\u00e7\u00f5es para sele\u00e7\u00e3o simplificada para professor substituto da Univasf - Blog do Farn\u00e9sio\" \/>\n<meta property=\"og:description\" content=\"A Universidade Federal do Vale do S\u00e3o Francisco (Univasf) prorrogou at\u00e9 as 18h desta quinta-feira (24) as inscri\u00e7\u00f5es para o processo de sele\u00e7\u00e3o p\u00fablica simplificada para professor substituto, em virtude da instabilidade ocorrida no sistema de inscri\u00e7\u00f5es. O prazo para pagar a GRU da taxa de inscri\u00e7\u00e3o tamb\u00e9m foi adiado e o pagamento pode ser feito at\u00e9 sexta-feira (25). A Comiss\u00e3o Gestora Permanente de Concurso Docente divulgou hoje (22) o Informativo N\u00ba 2\/2023\u00a0sobre o assunto. A sele\u00e7\u00e3o visa \u00e0 forma\u00e7\u00e3o de cadastro reserva para 22 \u00e1reas do conhecimento de diversos cursos de gradua\u00e7\u00e3o ofertados nos campi localizados em Petrolina, Salgueiro (PE), Juazeiro, Senhor do Bonfim, Paulo Afonso (BA) e S\u00e3o Raimundo Nonato (PI). Os interessados devem se inscrever pelo site&hellip;\" \/>\n<meta property=\"og:url\" content=\"https:\/\/blogdofarnesio.com.br\/?p=348585\" \/>\n<meta property=\"og:site_name\" content=\"Blog do Farn\u00e9sio\" \/>\n<meta property=\"article:publisher\" content=\"https:\/\/www.facebook.com\/BlogQuerSaberPolitica\/\" \/>\n<meta property=\"article:author\" content=\"https:\/\/www.facebook.com\/?ref=tn_tnmn\" \/>\n<meta property=\"article:published_time\" content=\"2023-08-23T14:04:28+00:00\" \/>\n<meta property=\"og:image\" content=\"https:\/\/blogdofarnesio.com.br\/wp-content\/uploads\/2023\/08\/blogqspunivasf-selecao-Prorrogao-e1692743231417.jpg\" \/>\n\t<meta property=\"og:image:width\" content=\"580\" \/>\n\t<meta property=\"og:image:height\" content=\"416\" \/>\n\t<meta property=\"og:image:type\" content=\"image\/jpeg\" \/>\n<meta name=\"author\" content=\"Farn\u00e9sio\" \/>\n<meta name=\"twitter:card\" content=\"summary_large_image\" \/>\n<meta name=\"twitter:label1\" content=\"Escrito por\" \/>\n\t<meta name=\"twitter:data1\" content=\"Farn\u00e9sio\" \/>\n\t<meta name=\"twitter:label2\" content=\"Est. tempo de leitura\" \/>\n\t<meta name=\"twitter:data2\" content=\"3 minutos\" \/>\n<script type=\"application\/ld+json\" class=\"yoast-schema-graph\">{\"@context\":\"https:\\\/\\\/schema.org\",\"@graph\":[{\"@type\":\"Article\",\"@id\":\"https:\\\/\\\/blogdofarnesio.com.br\\\/?p=348585#article\",\"isPartOf\":{\"@id\":\"https:\\\/\\\/blogdofarnesio.com.br\\\/?p=348585\"},\"author\":{\"name\":\"Farn\u00e9sio\",\"@id\":\"https:\\\/\\\/blogdofarnesio.com.br\\\/#\\\/schema\\\/person\\\/bb9b23ae3ad0609ce8df7b6c9e76824d\"},\"headline\":\"Prorrogadas at\u00e9 amanh\u00e3 (24) as inscri\u00e7\u00f5es para sele\u00e7\u00e3o simplificada para professor substituto da Univasf\",\"datePublished\":\"2023-08-23T14:04:28+00:00\",\"mainEntityOfPage\":{\"@id\":\"https:\\\/\\\/blogdofarnesio.com.br\\\/?p=348585\"},\"wordCount\":473,\"commentCount\":0,\"publisher\":{\"@id\":\"https:\\\/\\\/blogdofarnesio.com.br\\\/#organization\"},\"image\":{\"@id\":\"https:\\\/\\\/blogdofarnesio.com.br\\\/?p=348585#primaryimage\"},\"thumbnailUrl\":\"https:\\\/\\\/blogdofarnesio.com.br\\\/wp-content\\\/uploads\\\/2023\\\/08\\\/blogqspunivasf-selecao-Prorrogao-e1692743231417.jpg\",\"articleSection\":[\"Concursos\"],\"inLanguage\":\"pt-BR\",\"potentialAction\":[{\"@type\":\"CommentAction\",\"name\":\"Comment\",\"target\":[\"https:\\\/\\\/blogdofarnesio.com.br\\\/?p=348585#respond\"]}]},{\"@type\":\"WebPage\",\"@id\":\"https:\\\/\\\/blogdofarnesio.com.br\\\/?p=348585\",\"url\":\"https:\\\/\\\/blogdofarnesio.com.br\\\/?p=348585\",\"name\":\"Prorrogadas at\u00e9 amanh\u00e3 (24) as inscri\u00e7\u00f5es para sele\u00e7\u00e3o simplificada para professor substituto da Univasf - Blog do Farn\u00e9sio\",\"isPartOf\":{\"@id\":\"https:\\\/\\\/blogdofarnesio.com.br\\\/#website\"},\"primaryImageOfPage\":{\"@id\":\"https:\\\/\\\/blogdofarnesio.com.br\\\/?p=348585#primaryimage\"},\"image\":{\"@id\":\"https:\\\/\\\/blogdofarnesio.com.br\\\/?p=348585#primaryimage\"},\"thumbnailUrl\":\"https:\\\/\\\/blogdofarnesio.com.br\\\/wp-content\\\/uploads\\\/2023\\\/08\\\/blogqspunivasf-selecao-Prorrogao-e1692743231417.jpg\",\"datePublished\":\"2023-08-23T14:04:28+00:00\",\"breadcrumb\":{\"@id\":\"https:\\\/\\\/blogdofarnesio.com.br\\\/?p=348585#breadcrumb\"},\"inLanguage\":\"pt-BR\",\"potentialAction\":[{\"@type\":\"ReadAction\",\"target\":[\"https:\\\/\\\/blogdofarnesio.com.br\\\/?p=348585\"]}]},{\"@type\":\"ImageObject\",\"inLanguage\":\"pt-BR\",\"@id\":\"https:\\\/\\\/blogdofarnesio.com.br\\\/?p=348585#primaryimage\",\"url\":\"https:\\\/\\\/blogdofarnesio.com.br\\\/wp-content\\\/uploads\\\/2023\\\/08\\\/blogqspunivasf-selecao-Prorrogao-e1692743231417.jpg\",\"contentUrl\":\"https:\\\/\\\/blogdofarnesio.com.br\\\/wp-content\\\/uploads\\\/2023\\\/08\\\/blogqspunivasf-selecao-Prorrogao-e1692743231417.jpg\",\"width\":580,\"height\":416},{\"@type\":\"BreadcrumbList\",\"@id\":\"https:\\\/\\\/blogdofarnesio.com.br\\\/?p=348585#breadcrumb\",\"itemListElement\":[{\"@type\":\"ListItem\",\"position\":1,\"name\":\"In\u00edcio\",\"item\":\"https:\\\/\\\/blogdofarnesio.com.br\\\/\"},{\"@type\":\"ListItem\",\"position\":2,\"name\":\"Prorrogadas at\u00e9 amanh\u00e3 (24) as inscri\u00e7\u00f5es para sele\u00e7\u00e3o simplificada para professor substituto da Univasf\"}]},{\"@type\":\"WebSite\",\"@id\":\"https:\\\/\\\/blogdofarnesio.com.br\\\/#website\",\"url\":\"https:\\\/\\\/blogdofarnesio.com.br\\\/\",\"name\":\"Blog do Farn\u00e9sio\",\"description\":\"Quer Saber Pol\u00edtica?\",\"publisher\":{\"@id\":\"https:\\\/\\\/blogdofarnesio.com.br\\\/#organization\"},\"potentialAction\":[{\"@type\":\"SearchAction\",\"target\":{\"@type\":\"EntryPoint\",\"urlTemplate\":\"https:\\\/\\\/blogdofarnesio.com.br\\\/?s={search_term_string}\"},\"query-input\":{\"@type\":\"PropertyValueSpecification\",\"valueRequired\":true,\"valueName\":\"search_term_string\"}}],\"inLanguage\":\"pt-BR\"},{\"@type\":\"Organization\",\"@id\":\"https:\\\/\\\/blogdofarnesio.com.br\\\/#organization\",\"name\":\"Blog do Farn\u00e9sio\",\"url\":\"https:\\\/\\\/blogdofarnesio.com.br\\\/\",\"logo\":{\"@type\":\"ImageObject\",\"inLanguage\":\"pt-BR\",\"@id\":\"https:\\\/\\\/blogdofarnesio.com.br\\\/#\\\/schema\\\/logo\\\/image\\\/\",\"url\":\"https:\\\/\\\/blogdofarnesio.com.br\\\/wp-content\\\/uploads\\\/2026\\\/03\\\/cropped-logo_new-1.png\",\"contentUrl\":\"https:\\\/\\\/blogdofarnesio.com.br\\\/wp-content\\\/uploads\\\/2026\\\/03\\\/cropped-logo_new-1.png\",\"width\":881,\"height\":685,\"caption\":\"Blog do Farn\u00e9sio\"},\"image\":{\"@id\":\"https:\\\/\\\/blogdofarnesio.com.br\\\/#\\\/schema\\\/logo\\\/image\\\/\"},\"sameAs\":[\"https:\\\/\\\/www.facebook.com\\\/BlogQuerSaberPolitica\\\/\"]},{\"@type\":\"Person\",\"@id\":\"https:\\\/\\\/blogdofarnesio.com.br\\\/#\\\/schema\\\/person\\\/bb9b23ae3ad0609ce8df7b6c9e76824d\",\"name\":\"Farn\u00e9sio\",\"image\":{\"@type\":\"ImageObject\",\"inLanguage\":\"pt-BR\",\"@id\":\"https:\\\/\\\/secure.gravatar.com\\\/avatar\\\/986aa4c61ccdb66f8555bf88fc2a65609d00bcabd4d2d94377a727547345cbca?s=96&d=mm&r=g\",\"url\":\"https:\\\/\\\/secure.gravatar.com\\\/avatar\\\/986aa4c61ccdb66f8555bf88fc2a65609d00bcabd4d2d94377a727547345cbca?s=96&d=mm&r=g\",\"contentUrl\":\"https:\\\/\\\/secure.gravatar.com\\\/avatar\\\/986aa4c61ccdb66f8555bf88fc2a65609d00bcabd4d2d94377a727547345cbca?s=96&d=mm&r=g\",\"caption\":\"Farn\u00e9sio\"},\"description\":\"Radialista blogueiro, chegou a Petrolina\\\/Juazeiro em setembro de 1980, Farn\u00e9sio Silva \u00e9 de Arapiraca-Alagoas.\",\"sameAs\":[\"http:\\\/\\\/blogdofarnesio.com.br\",\"https:\\\/\\\/www.facebook.com\\\/?ref=tn_tnmn\",\"https:\\\/\\\/www.instagram.com\\\/?utm_source=pwa_homescreen\",\"https:\\\/\\\/youtube.com.br\\\/\"],\"url\":\"https:\\\/\\\/blogdofarnesio.com.br\\\/?author=2\"}]}<\/script>\n<!-- \/ Yoast SEO plugin. -->","yoast_head_json":{"title":"Prorrogadas at\u00e9 amanh\u00e3 (24) as inscri\u00e7\u00f5es para sele\u00e7\u00e3o simplificada para professor substituto da Univasf - Blog do Farn\u00e9sio","robots":{"index":"index","follow":"follow","max-snippet":"max-snippet:-1","max-image-preview":"max-image-preview:large","max-video-preview":"max-video-preview:-1"},"canonical":"https:\/\/blogdofarnesio.com.br\/?p=348585","og_locale":"pt_BR","og_type":"article","og_title":"Prorrogadas at\u00e9 amanh\u00e3 (24) as inscri\u00e7\u00f5es para sele\u00e7\u00e3o simplificada para professor substituto da Univasf - Blog do Farn\u00e9sio","og_description":"A Universidade Federal do Vale do S\u00e3o Francisco (Univasf) prorrogou at\u00e9 as 18h desta quinta-feira (24) as inscri\u00e7\u00f5es para o processo de sele\u00e7\u00e3o p\u00fablica simplificada para professor substituto, em virtude da instabilidade ocorrida no sistema de inscri\u00e7\u00f5es. O prazo para pagar a GRU da taxa de inscri\u00e7\u00e3o tamb\u00e9m foi adiado e o pagamento pode ser feito at\u00e9 sexta-feira (25). A Comiss\u00e3o Gestora Permanente de Concurso Docente divulgou hoje (22) o Informativo N\u00ba 2\/2023\u00a0sobre o assunto. A sele\u00e7\u00e3o visa \u00e0 forma\u00e7\u00e3o de cadastro reserva para 22 \u00e1reas do conhecimento de diversos cursos de gradua\u00e7\u00e3o ofertados nos campi localizados em Petrolina, Salgueiro (PE), Juazeiro, Senhor do Bonfim, Paulo Afonso (BA) e S\u00e3o Raimundo Nonato (PI). Os interessados devem se inscrever pelo site&hellip;","og_url":"https:\/\/blogdofarnesio.com.br\/?p=348585","og_site_name":"Blog do Farn\u00e9sio","article_publisher":"https:\/\/www.facebook.com\/BlogQuerSaberPolitica\/","article_author":"https:\/\/www.facebook.com\/?ref=tn_tnmn","article_published_time":"2023-08-23T14:04:28+00:00","og_image":[{"width":580,"height":416,"url":"https:\/\/blogdofarnesio.com.br\/wp-content\/uploads\/2023\/08\/blogqspunivasf-selecao-Prorrogao-e1692743231417.jpg","type":"image\/jpeg"}],"author":"Farn\u00e9sio","twitter_card":"summary_large_image","twitter_misc":{"Escrito por":"Farn\u00e9sio","Est. tempo de leitura":"3 minutos"},"schema":{"@context":"https:\/\/schema.org","@graph":[{"@type":"Article","@id":"https:\/\/blogdofarnesio.com.br\/?p=348585#article","isPartOf":{"@id":"https:\/\/blogdofarnesio.com.br\/?p=348585"},"author":{"name":"Farn\u00e9sio","@id":"https:\/\/blogdofarnesio.com.br\/#\/schema\/person\/bb9b23ae3ad0609ce8df7b6c9e76824d"},"headline":"Prorrogadas at\u00e9 amanh\u00e3 (24) as inscri\u00e7\u00f5es para sele\u00e7\u00e3o simplificada para professor substituto da Univasf","datePublished":"2023-08-23T14:04:28+00:00","mainEntityOfPage":{"@id":"https:\/\/blogdofarnesio.com.br\/?p=348585"},"wordCount":473,"commentCount":0,"publisher":{"@id":"https:\/\/blogdofarnesio.com.br\/#organization"},"image":{"@id":"https:\/\/blogdofarnesio.com.br\/?p=348585#primaryimage"},"thumbnailUrl":"https:\/\/blogdofarnesio.com.br\/wp-content\/uploads\/2023\/08\/blogqspunivasf-selecao-Prorrogao-e1692743231417.jpg","articleSection":["Concursos"],"inLanguage":"pt-BR","potentialAction":[{"@type":"CommentAction","name":"Comment","target":["https:\/\/blogdofarnesio.com.br\/?p=348585#respond"]}]},{"@type":"WebPage","@id":"https:\/\/blogdofarnesio.com.br\/?p=348585","url":"https:\/\/blogdofarnesio.com.br\/?p=348585","name":"Prorrogadas at\u00e9 amanh\u00e3 (24) as inscri\u00e7\u00f5es para sele\u00e7\u00e3o simplificada para professor substituto da Univasf - Blog do Farn\u00e9sio","isPartOf":{"@id":"https:\/\/blogdofarnesio.com.br\/#website"},"primaryImageOfPage":{"@id":"https:\/\/blogdofarnesio.com.br\/?p=348585#primaryimage"},"image":{"@id":"https:\/\/blogdofarnesio.com.br\/?p=348585#primaryimage"},"thumbnailUrl":"https:\/\/blogdofarnesio.com.br\/wp-content\/uploads\/2023\/08\/blogqspunivasf-selecao-Prorrogao-e1692743231417.jpg","datePublished":"2023-08-23T14:04:28+00:00","breadcrumb":{"@id":"https:\/\/blogdofarnesio.com.br\/?p=348585#breadcrumb"},"inLanguage":"pt-BR","potentialAction":[{"@type":"ReadAction","target":["https:\/\/blogdofarnesio.com.br\/?p=348585"]}]},{"@type":"ImageObject","inLanguage":"pt-BR","@id":"https:\/\/blogdofarnesio.com.br\/?p=348585#primaryimage","url":"https:\/\/blogdofarnesio.com.br\/wp-content\/uploads\/2023\/08\/blogqspunivasf-selecao-Prorrogao-e1692743231417.jpg","contentUrl":"https:\/\/blogdofarnesio.com.br\/wp-content\/uploads\/2023\/08\/blogqspunivasf-selecao-Prorrogao-e1692743231417.jpg","width":580,"height":416},{"@type":"BreadcrumbList","@id":"https:\/\/blogdofarnesio.com.br\/?p=348585#breadcrumb","itemListElement":[{"@type":"ListItem","position":1,"name":"In\u00edcio","item":"https:\/\/blogdofarnesio.com.br\/"},{"@type":"ListItem","position":2,"name":"Prorrogadas at\u00e9 amanh\u00e3 (24) as inscri\u00e7\u00f5es para sele\u00e7\u00e3o simplificada para professor substituto da Univasf"}]},{"@type":"WebSite","@id":"https:\/\/blogdofarnesio.com.br\/#website","url":"https:\/\/blogdofarnesio.com.br\/","name":"Blog do Farn\u00e9sio","description":"Quer Saber Pol\u00edtica?","publisher":{"@id":"https:\/\/blogdofarnesio.com.br\/#organization"},"potentialAction":[{"@type":"SearchAction","target":{"@type":"EntryPoint","urlTemplate":"https:\/\/blogdofarnesio.com.br\/?s={search_term_string}"},"query-input":{"@type":"PropertyValueSpecification","valueRequired":true,"valueName":"search_term_string"}}],"inLanguage":"pt-BR"},{"@type":"Organization","@id":"https:\/\/blogdofarnesio.com.br\/#organization","name":"Blog do Farn\u00e9sio","url":"https:\/\/blogdofarnesio.com.br\/","logo":{"@type":"ImageObject","inLanguage":"pt-BR","@id":"https:\/\/blogdofarnesio.com.br\/#\/schema\/logo\/image\/","url":"https:\/\/blogdofarnesio.com.br\/wp-content\/uploads\/2026\/03\/cropped-logo_new-1.png","contentUrl":"https:\/\/blogdofarnesio.com.br\/wp-content\/uploads\/2026\/03\/cropped-logo_new-1.png","width":881,"height":685,"caption":"Blog do Farn\u00e9sio"},"image":{"@id":"https:\/\/blogdofarnesio.com.br\/#\/schema\/logo\/image\/"},"sameAs":["https:\/\/www.facebook.com\/BlogQuerSaberPolitica\/"]},{"@type":"Person","@id":"https:\/\/blogdofarnesio.com.br\/#\/schema\/person\/bb9b23ae3ad0609ce8df7b6c9e76824d","name":"Farn\u00e9sio","image":{"@type":"ImageObject","inLanguage":"pt-BR","@id":"https:\/\/secure.gravatar.com\/avatar\/986aa4c61ccdb66f8555bf88fc2a65609d00bcabd4d2d94377a727547345cbca?s=96&d=mm&r=g","url":"https:\/\/secure.gravatar.com\/avatar\/986aa4c61ccdb66f8555bf88fc2a65609d00bcabd4d2d94377a727547345cbca?s=96&d=mm&r=g","contentUrl":"https:\/\/secure.gravatar.com\/avatar\/986aa4c61ccdb66f8555bf88fc2a65609d00bcabd4d2d94377a727547345cbca?s=96&d=mm&r=g","caption":"Farn\u00e9sio"},"description":"Radialista blogueiro, chegou a Petrolina\/Juazeiro em setembro de 1980, Farn\u00e9sio Silva \u00e9 de Arapiraca-Alagoas.","sameAs":["http:\/\/blogdofarnesio.com.br","https:\/\/www.facebook.com\/?ref=tn_tnmn","https:\/\/www.instagram.com\/?utm_source=pwa_homescreen","https:\/\/youtube.com.br\/"],"url":"https:\/\/blogdofarnesio.com.br\/?author=2"}]}},"_links":{"self":[{"href":"https:\/\/blogdofarnesio.com.br\/index.php?rest_route=\/wp\/v2\/posts\/348585","targetHints":{"allow":["GET"]}}],"collection":[{"href":"https:\/\/blogdofarnesio.com.br\/index.php?rest_route=\/wp\/v2\/posts"}],"about":[{"href":"https:\/\/blogdofarnesio.com.br\/index.php?rest_route=\/wp\/v2\/types\/post"}],"author":[{"embeddable":true,"href":"https:\/\/blogdofarnesio.com.br\/index.php?rest_route=\/wp\/v2\/users\/2"}],"replies":[{"embeddable":true,"href":"https:\/\/blogdofarnesio.com.br\/index.php?rest_route=%2Fwp%2Fv2%2Fcomments&post=348585"}],"version-history":[{"count":0,"href":"https:\/\/blogdofarnesio.com.br\/index.php?rest_route=\/wp\/v2\/posts\/348585\/revisions"}],"wp:featuredmedia":[{"embeddable":true,"href":"https:\/\/blogdofarnesio.com.br\/index.php?rest_route=\/wp\/v2\/media\/348586"}],"wp:attachment":[{"href":"https:\/\/blogdofarnesio.com.br\/index.php?rest_route=%2Fwp%2Fv2%2Fmedia&parent=348585"}],"wp:term":[{"taxonomy":"category","embeddable":true,"href":"https:\/\/blogdofarnesio.com.br\/index.php?rest_route=%2Fwp%2Fv2%2Fcategories&post=348585"},{"taxonomy":"post_tag","embeddable":true,"href":"https:\/\/blogdofarnesio.com.br\/index.php?rest_route=%2Fwp%2Fv2%2Ftags&post=348585"}],"curies":[{"name":"wp","href":"https:\/\/api.w.org\/{rel}","templated":true}]}}