{"id":348575,"date":"2023-08-23T16:24:56","date_gmt":"2023-08-23T19:24:56","guid":{"rendered":"https:\/\/blogdofarnesio.com.br\/?p=348575"},"modified":"2023-08-23T15:32:16","modified_gmt":"2023-08-23T18:32:16","slug":"hospital-dom-malan-em-petrolina-abre-inscricoes-para-selecao-de-animais-para-a-cao-terapia","status":"publish","type":"post","link":"https:\/\/blogdofarnesio.com.br\/?p=348575","title":{"rendered":"Hospital Dom Malan em Petrolina abre inscri\u00e7\u00f5es para sele\u00e7\u00e3o de animais para a c\u00e3o terapia"},"content":{"rendered":"<p style=\"font-weight: 400;\">O Hospital Dom Malan (HDM ISMEP) em Petrolina, Sert\u00e3o de Pernambuco, abriu nesta ter\u00e7a-feira (22), inscri\u00e7\u00f5es para a sele\u00e7\u00e3o de c\u00e3es para a cinoterapia, que \u00e9 a terapia com cachorros, tamb\u00e9m conhecida como \u201cc\u00e3o terapia. \u201d O per\u00edodo de inscri\u00e7\u00e3o \u00e9 de 22 a 28 de agosto. Os donos de c\u00e3es que desejem colocar seus animais para participar do projeto de forma volunt\u00e1ria, devem obedecer alguns crit\u00e9rios.<\/p>\n<p style=\"font-weight: 400;\"><strong>Primeira fase<\/strong><\/p>\n<p style=\"font-weight: 400;\">O processo de sele\u00e7\u00e3o segue v\u00e1rias etapas. Para sele\u00e7\u00e3o de c\u00e3es, na primeira fase, ser\u00e3o observados pelo adestrador Luiz Netto Junior, o comportamento dos animais entre outros animais e com as pessoas, por se tratar de um trabalho em ambiente hospitalar. \u201c<em>V\u00e1rios fatores s\u00e3o relevantes no processo seletivo dos c\u00e3es, como por exemplo: idade m\u00e1xima de 2 anos, quanto mais novo melhor, propens\u00e3o gen\u00e9tica, aptid\u00e3o para o trabalho, porte e facilidade de manejo, toler\u00e2ncia a toques, socializa\u00e7\u00e3o e ambienta\u00e7\u00e3o,<\/em>\u201d destaca o adestrador Netto.<\/p>\n<p style=\"font-weight: 400;\"><strong>\u00a0<\/strong><\/p>\n<p style=\"font-weight: 400;\"><strong>\u00a0Sa\u00fade dos c\u00e3es<\/strong><\/p>\n<p style=\"font-weight: 400;\">Os propriet\u00e1rios devem saber das recomenda\u00e7\u00f5es de serem castrados na idade indicada por profissional de sa\u00fade animal, bem como um atestado de sa\u00fade, alimenta\u00e7\u00e3o super premium, carteira de vacina\u00e7\u00e3o em dia e um hemograma a cada 3(tr\u00eas) meses se faz necess\u00e1rio para a perman\u00eancia dos animais selecionados para o treinamento.<\/p>\n<p style=\"font-weight: 400;\">Na resid\u00eancia do c\u00e3o tamb\u00e9m h\u00e1 regras a serem cumpridas onde o propriet\u00e1rio se responsabiliza a seguir as recomenda\u00e7\u00f5es dos treinadores. Este tamb\u00e9m \u00e9 um fator de desligamento do animal da cinoterapia, caso n\u00e3o sejam seguidas.\u00a0 \u201c<em>\u00c9 um projeto muito bonito e muito s\u00e9rio porque \u00e9 no ambiente hospitalar. Participar da sele\u00e7\u00e3o n\u00e3o garante que o animal estar\u00e1 no projeto, \u00a0porque ele ser\u00e1 primeiro,\u00a0 muito bem avaliado. \u00c9 importante frisar, que em qualquer fase,\u00a0 o c\u00e3o pode ser desligado por fatores que venham do animal, do ambiente em que vive ou mesmo dos propriet\u00e1rios,\u201d ressalta o\u00a0<\/em>adestrador Luiz Lopes Neto J\u00fanior, parceiro do Instituto Irm\u00e3s Medianeiras da Paz, ISMEP, que administra o HDM.<\/p>\n<p style=\"font-weight: 400;\"><strong>Inscri\u00e7\u00e3o<\/strong><\/p>\n<p style=\"font-weight: 400;\">A inscri\u00e7\u00e3o dos c\u00e3es ser\u00e1 feita somente pela internet, no link:\u00a0<a href=\"http:\/\/netto.samsystem.app.br\/\" data-saferedirecturl=\"https:\/\/www.google.com\/url?q=http:\/\/netto.samsystem.app.br\/&amp;source=gmail&amp;ust=1692819254629000&amp;usg=AOvVaw1p6nvNwTw6AzVZMy4QF_Hn\">http:\/\/netto.samsystem.app.br\/<\/a>, at\u00e9 o dia 28 de agosto. Qualquer d\u00favida, o contato para mais informa\u00e7\u00f5es sobre a sele\u00e7\u00e3o dos animais, \u00e9 o 74 9199-3850, diretamente com o adestrador Netto Junior.<\/p>\n<p style=\"font-weight: 400;\">COM \u00c1UDIO: MARIA LIMA &#8211; ASCOM ISMEP<\/p>\n","protected":false},"excerpt":{"rendered":"<p>O Hospital Dom Malan (HDM ISMEP) em Petrolina, Sert\u00e3o de Pernambuco, abriu nesta ter\u00e7a-feira (22), inscri\u00e7\u00f5es para a sele\u00e7\u00e3o de c\u00e3es para a cinoterapia, que \u00e9 a terapia com cachorros, tamb\u00e9m conhecida como \u201cc\u00e3o terapia. \u201d O per\u00edodo de inscri\u00e7\u00e3o \u00e9 de 22 a 28 de agosto. Os donos de c\u00e3es que desejem colocar seus animais para participar do projeto de forma volunt\u00e1ria, devem obedecer alguns crit\u00e9rios. Primeira fase O processo de sele\u00e7\u00e3o segue v\u00e1rias etapas. Para sele\u00e7\u00e3o de c\u00e3es, na primeira fase, ser\u00e3o observados pelo adestrador Luiz Netto Junior, o comportamento dos animais entre outros animais e com as pessoas, por se tratar de um trabalho em ambiente hospitalar. \u201cV\u00e1rios fatores s\u00e3o relevantes no processo seletivo dos c\u00e3es, como&hellip; <\/p>\n","protected":false},"author":2,"featured_media":347820,"comment_status":"open","ping_status":"open","sticky":false,"template":"","format":"standard","meta":{"_acf_changed":false,"footnotes":""},"categories":[22,4],"tags":[],"class_list":["post-348575","post","type-post","status-publish","format-standard","has-post-thumbnail","hentry","category-acao-social","category-saude"],"acf":[],"yoast_head":"<!-- This site is optimized with the Yoast SEO plugin v27.4 - https:\/\/yoast.com\/product\/yoast-seo-wordpress\/ -->\n<title>Hospital Dom Malan em Petrolina abre inscri\u00e7\u00f5es para sele\u00e7\u00e3o de animais para a c\u00e3o terapia - Blog do Farn\u00e9sio<\/title>\n<meta name=\"robots\" content=\"index, follow, max-snippet:-1, max-image-preview:large, max-video-preview:-1\" \/>\n<link rel=\"canonical\" href=\"https:\/\/blogdofarnesio.com.br\/?p=348575\" \/>\n<meta property=\"og:locale\" content=\"pt_BR\" \/>\n<meta property=\"og:type\" content=\"article\" \/>\n<meta property=\"og:title\" content=\"Hospital Dom Malan em Petrolina abre inscri\u00e7\u00f5es para sele\u00e7\u00e3o de animais para a c\u00e3o terapia - Blog do Farn\u00e9sio\" \/>\n<meta property=\"og:description\" content=\"O Hospital Dom Malan (HDM ISMEP) em Petrolina, Sert\u00e3o de Pernambuco, abriu nesta ter\u00e7a-feira (22), inscri\u00e7\u00f5es para a sele\u00e7\u00e3o de c\u00e3es para a cinoterapia, que \u00e9 a terapia com cachorros, tamb\u00e9m conhecida como \u201cc\u00e3o terapia. \u201d O per\u00edodo de inscri\u00e7\u00e3o \u00e9 de 22 a 28 de agosto. Os donos de c\u00e3es que desejem colocar seus animais para participar do projeto de forma volunt\u00e1ria, devem obedecer alguns crit\u00e9rios. Primeira fase O processo de sele\u00e7\u00e3o segue v\u00e1rias etapas. Para sele\u00e7\u00e3o de c\u00e3es, na primeira fase, ser\u00e3o observados pelo adestrador Luiz Netto Junior, o comportamento dos animais entre outros animais e com as pessoas, por se tratar de um trabalho em ambiente hospitalar. \u201cV\u00e1rios fatores s\u00e3o relevantes no processo seletivo dos c\u00e3es, como&hellip;\" \/>\n<meta property=\"og:url\" content=\"https:\/\/blogdofarnesio.com.br\/?p=348575\" \/>\n<meta property=\"og:site_name\" content=\"Blog do Farn\u00e9sio\" \/>\n<meta property=\"article:publisher\" content=\"https:\/\/www.facebook.com\/BlogQuerSaberPolitica\/\" \/>\n<meta property=\"article:author\" content=\"https:\/\/www.facebook.com\/?ref=tn_tnmn\" \/>\n<meta property=\"article:published_time\" content=\"2023-08-23T19:24:56+00:00\" \/>\n<meta property=\"og:image\" content=\"https:\/\/blogdofarnesio.com.br\/wp-content\/uploads\/2023\/08\/TREINA-CAOTERAPIA-HDM-PETROLINA-1-e1692017059705.jpeg\" \/>\n\t<meta property=\"og:image:width\" content=\"556\" \/>\n\t<meta property=\"og:image:height\" content=\"417\" \/>\n\t<meta property=\"og:image:type\" content=\"image\/jpeg\" \/>\n<meta name=\"author\" content=\"Farn\u00e9sio\" \/>\n<meta name=\"twitter:card\" content=\"summary_large_image\" \/>\n<meta name=\"twitter:label1\" content=\"Escrito por\" \/>\n\t<meta name=\"twitter:data1\" content=\"Farn\u00e9sio\" \/>\n\t<meta name=\"twitter:label2\" content=\"Est. tempo de leitura\" \/>\n\t<meta name=\"twitter:data2\" content=\"3 minutos\" \/>\n<script type=\"application\/ld+json\" class=\"yoast-schema-graph\">{\"@context\":\"https:\\\/\\\/schema.org\",\"@graph\":[{\"@type\":\"Article\",\"@id\":\"https:\\\/\\\/blogdofarnesio.com.br\\\/?p=348575#article\",\"isPartOf\":{\"@id\":\"https:\\\/\\\/blogdofarnesio.com.br\\\/?p=348575\"},\"author\":{\"name\":\"Farn\u00e9sio\",\"@id\":\"https:\\\/\\\/blogdofarnesio.com.br\\\/#\\\/schema\\\/person\\\/bb9b23ae3ad0609ce8df7b6c9e76824d\"},\"headline\":\"Hospital Dom Malan em Petrolina abre inscri\u00e7\u00f5es para sele\u00e7\u00e3o de animais para a c\u00e3o terapia\",\"datePublished\":\"2023-08-23T19:24:56+00:00\",\"mainEntityOfPage\":{\"@id\":\"https:\\\/\\\/blogdofarnesio.com.br\\\/?p=348575\"},\"wordCount\":432,\"commentCount\":0,\"publisher\":{\"@id\":\"https:\\\/\\\/blogdofarnesio.com.br\\\/#organization\"},\"image\":{\"@id\":\"https:\\\/\\\/blogdofarnesio.com.br\\\/?p=348575#primaryimage\"},\"thumbnailUrl\":\"https:\\\/\\\/blogdofarnesio.com.br\\\/wp-content\\\/uploads\\\/2023\\\/08\\\/TREINA-CAOTERAPIA-HDM-PETROLINA-1-e1692017059705.jpeg\",\"articleSection\":[\"A\u00e7\u00e3o Social\",\"Sa\u00fade\"],\"inLanguage\":\"pt-BR\",\"potentialAction\":[{\"@type\":\"CommentAction\",\"name\":\"Comment\",\"target\":[\"https:\\\/\\\/blogdofarnesio.com.br\\\/?p=348575#respond\"]}]},{\"@type\":\"WebPage\",\"@id\":\"https:\\\/\\\/blogdofarnesio.com.br\\\/?p=348575\",\"url\":\"https:\\\/\\\/blogdofarnesio.com.br\\\/?p=348575\",\"name\":\"Hospital Dom Malan em Petrolina abre inscri\u00e7\u00f5es para sele\u00e7\u00e3o de animais para a c\u00e3o terapia - Blog do Farn\u00e9sio\",\"isPartOf\":{\"@id\":\"https:\\\/\\\/blogdofarnesio.com.br\\\/#website\"},\"primaryImageOfPage\":{\"@id\":\"https:\\\/\\\/blogdofarnesio.com.br\\\/?p=348575#primaryimage\"},\"image\":{\"@id\":\"https:\\\/\\\/blogdofarnesio.com.br\\\/?p=348575#primaryimage\"},\"thumbnailUrl\":\"https:\\\/\\\/blogdofarnesio.com.br\\\/wp-content\\\/uploads\\\/2023\\\/08\\\/TREINA-CAOTERAPIA-HDM-PETROLINA-1-e1692017059705.jpeg\",\"datePublished\":\"2023-08-23T19:24:56+00:00\",\"breadcrumb\":{\"@id\":\"https:\\\/\\\/blogdofarnesio.com.br\\\/?p=348575#breadcrumb\"},\"inLanguage\":\"pt-BR\",\"potentialAction\":[{\"@type\":\"ReadAction\",\"target\":[\"https:\\\/\\\/blogdofarnesio.com.br\\\/?p=348575\"]}]},{\"@type\":\"ImageObject\",\"inLanguage\":\"pt-BR\",\"@id\":\"https:\\\/\\\/blogdofarnesio.com.br\\\/?p=348575#primaryimage\",\"url\":\"https:\\\/\\\/blogdofarnesio.com.br\\\/wp-content\\\/uploads\\\/2023\\\/08\\\/TREINA-CAOTERAPIA-HDM-PETROLINA-1-e1692017059705.jpeg\",\"contentUrl\":\"https:\\\/\\\/blogdofarnesio.com.br\\\/wp-content\\\/uploads\\\/2023\\\/08\\\/TREINA-CAOTERAPIA-HDM-PETROLINA-1-e1692017059705.jpeg\",\"width\":556,\"height\":417},{\"@type\":\"BreadcrumbList\",\"@id\":\"https:\\\/\\\/blogdofarnesio.com.br\\\/?p=348575#breadcrumb\",\"itemListElement\":[{\"@type\":\"ListItem\",\"position\":1,\"name\":\"In\u00edcio\",\"item\":\"https:\\\/\\\/blogdofarnesio.com.br\\\/\"},{\"@type\":\"ListItem\",\"position\":2,\"name\":\"Hospital Dom Malan em Petrolina abre inscri\u00e7\u00f5es para sele\u00e7\u00e3o de animais para a c\u00e3o terapia\"}]},{\"@type\":\"WebSite\",\"@id\":\"https:\\\/\\\/blogdofarnesio.com.br\\\/#website\",\"url\":\"https:\\\/\\\/blogdofarnesio.com.br\\\/\",\"name\":\"Blog do Farn\u00e9sio\",\"description\":\"Quer Saber Pol\u00edtica?\",\"publisher\":{\"@id\":\"https:\\\/\\\/blogdofarnesio.com.br\\\/#organization\"},\"potentialAction\":[{\"@type\":\"SearchAction\",\"target\":{\"@type\":\"EntryPoint\",\"urlTemplate\":\"https:\\\/\\\/blogdofarnesio.com.br\\\/?s={search_term_string}\"},\"query-input\":{\"@type\":\"PropertyValueSpecification\",\"valueRequired\":true,\"valueName\":\"search_term_string\"}}],\"inLanguage\":\"pt-BR\"},{\"@type\":\"Organization\",\"@id\":\"https:\\\/\\\/blogdofarnesio.com.br\\\/#organization\",\"name\":\"Blog do Farn\u00e9sio\",\"url\":\"https:\\\/\\\/blogdofarnesio.com.br\\\/\",\"logo\":{\"@type\":\"ImageObject\",\"inLanguage\":\"pt-BR\",\"@id\":\"https:\\\/\\\/blogdofarnesio.com.br\\\/#\\\/schema\\\/logo\\\/image\\\/\",\"url\":\"https:\\\/\\\/blogdofarnesio.com.br\\\/wp-content\\\/uploads\\\/2026\\\/03\\\/cropped-logo_new-1.png\",\"contentUrl\":\"https:\\\/\\\/blogdofarnesio.com.br\\\/wp-content\\\/uploads\\\/2026\\\/03\\\/cropped-logo_new-1.png\",\"width\":881,\"height\":685,\"caption\":\"Blog do Farn\u00e9sio\"},\"image\":{\"@id\":\"https:\\\/\\\/blogdofarnesio.com.br\\\/#\\\/schema\\\/logo\\\/image\\\/\"},\"sameAs\":[\"https:\\\/\\\/www.facebook.com\\\/BlogQuerSaberPolitica\\\/\"]},{\"@type\":\"Person\",\"@id\":\"https:\\\/\\\/blogdofarnesio.com.br\\\/#\\\/schema\\\/person\\\/bb9b23ae3ad0609ce8df7b6c9e76824d\",\"name\":\"Farn\u00e9sio\",\"image\":{\"@type\":\"ImageObject\",\"inLanguage\":\"pt-BR\",\"@id\":\"https:\\\/\\\/secure.gravatar.com\\\/avatar\\\/986aa4c61ccdb66f8555bf88fc2a65609d00bcabd4d2d94377a727547345cbca?s=96&d=mm&r=g\",\"url\":\"https:\\\/\\\/secure.gravatar.com\\\/avatar\\\/986aa4c61ccdb66f8555bf88fc2a65609d00bcabd4d2d94377a727547345cbca?s=96&d=mm&r=g\",\"contentUrl\":\"https:\\\/\\\/secure.gravatar.com\\\/avatar\\\/986aa4c61ccdb66f8555bf88fc2a65609d00bcabd4d2d94377a727547345cbca?s=96&d=mm&r=g\",\"caption\":\"Farn\u00e9sio\"},\"description\":\"Radialista blogueiro, chegou a Petrolina\\\/Juazeiro em setembro de 1980, Farn\u00e9sio Silva \u00e9 de Arapiraca-Alagoas.\",\"sameAs\":[\"http:\\\/\\\/blogdofarnesio.com.br\",\"https:\\\/\\\/www.facebook.com\\\/?ref=tn_tnmn\",\"https:\\\/\\\/www.instagram.com\\\/?utm_source=pwa_homescreen\",\"https:\\\/\\\/youtube.com.br\\\/\"],\"url\":\"https:\\\/\\\/blogdofarnesio.com.br\\\/?author=2\"}]}<\/script>\n<!-- \/ Yoast SEO plugin. -->","yoast_head_json":{"title":"Hospital Dom Malan em Petrolina abre inscri\u00e7\u00f5es para sele\u00e7\u00e3o de animais para a c\u00e3o terapia - Blog do Farn\u00e9sio","robots":{"index":"index","follow":"follow","max-snippet":"max-snippet:-1","max-image-preview":"max-image-preview:large","max-video-preview":"max-video-preview:-1"},"canonical":"https:\/\/blogdofarnesio.com.br\/?p=348575","og_locale":"pt_BR","og_type":"article","og_title":"Hospital Dom Malan em Petrolina abre inscri\u00e7\u00f5es para sele\u00e7\u00e3o de animais para a c\u00e3o terapia - Blog do Farn\u00e9sio","og_description":"O Hospital Dom Malan (HDM ISMEP) em Petrolina, Sert\u00e3o de Pernambuco, abriu nesta ter\u00e7a-feira (22), inscri\u00e7\u00f5es para a sele\u00e7\u00e3o de c\u00e3es para a cinoterapia, que \u00e9 a terapia com cachorros, tamb\u00e9m conhecida como \u201cc\u00e3o terapia. \u201d O per\u00edodo de inscri\u00e7\u00e3o \u00e9 de 22 a 28 de agosto. Os donos de c\u00e3es que desejem colocar seus animais para participar do projeto de forma volunt\u00e1ria, devem obedecer alguns crit\u00e9rios. Primeira fase O processo de sele\u00e7\u00e3o segue v\u00e1rias etapas. Para sele\u00e7\u00e3o de c\u00e3es, na primeira fase, ser\u00e3o observados pelo adestrador Luiz Netto Junior, o comportamento dos animais entre outros animais e com as pessoas, por se tratar de um trabalho em ambiente hospitalar. \u201cV\u00e1rios fatores s\u00e3o relevantes no processo seletivo dos c\u00e3es, como&hellip;","og_url":"https:\/\/blogdofarnesio.com.br\/?p=348575","og_site_name":"Blog do Farn\u00e9sio","article_publisher":"https:\/\/www.facebook.com\/BlogQuerSaberPolitica\/","article_author":"https:\/\/www.facebook.com\/?ref=tn_tnmn","article_published_time":"2023-08-23T19:24:56+00:00","og_image":[{"width":556,"height":417,"url":"https:\/\/blogdofarnesio.com.br\/wp-content\/uploads\/2023\/08\/TREINA-CAOTERAPIA-HDM-PETROLINA-1-e1692017059705.jpeg","type":"image\/jpeg"}],"author":"Farn\u00e9sio","twitter_card":"summary_large_image","twitter_misc":{"Escrito por":"Farn\u00e9sio","Est. tempo de leitura":"3 minutos"},"schema":{"@context":"https:\/\/schema.org","@graph":[{"@type":"Article","@id":"https:\/\/blogdofarnesio.com.br\/?p=348575#article","isPartOf":{"@id":"https:\/\/blogdofarnesio.com.br\/?p=348575"},"author":{"name":"Farn\u00e9sio","@id":"https:\/\/blogdofarnesio.com.br\/#\/schema\/person\/bb9b23ae3ad0609ce8df7b6c9e76824d"},"headline":"Hospital Dom Malan em Petrolina abre inscri\u00e7\u00f5es para sele\u00e7\u00e3o de animais para a c\u00e3o terapia","datePublished":"2023-08-23T19:24:56+00:00","mainEntityOfPage":{"@id":"https:\/\/blogdofarnesio.com.br\/?p=348575"},"wordCount":432,"commentCount":0,"publisher":{"@id":"https:\/\/blogdofarnesio.com.br\/#organization"},"image":{"@id":"https:\/\/blogdofarnesio.com.br\/?p=348575#primaryimage"},"thumbnailUrl":"https:\/\/blogdofarnesio.com.br\/wp-content\/uploads\/2023\/08\/TREINA-CAOTERAPIA-HDM-PETROLINA-1-e1692017059705.jpeg","articleSection":["A\u00e7\u00e3o Social","Sa\u00fade"],"inLanguage":"pt-BR","potentialAction":[{"@type":"CommentAction","name":"Comment","target":["https:\/\/blogdofarnesio.com.br\/?p=348575#respond"]}]},{"@type":"WebPage","@id":"https:\/\/blogdofarnesio.com.br\/?p=348575","url":"https:\/\/blogdofarnesio.com.br\/?p=348575","name":"Hospital Dom Malan em Petrolina abre inscri\u00e7\u00f5es para sele\u00e7\u00e3o de animais para a c\u00e3o terapia - Blog do Farn\u00e9sio","isPartOf":{"@id":"https:\/\/blogdofarnesio.com.br\/#website"},"primaryImageOfPage":{"@id":"https:\/\/blogdofarnesio.com.br\/?p=348575#primaryimage"},"image":{"@id":"https:\/\/blogdofarnesio.com.br\/?p=348575#primaryimage"},"thumbnailUrl":"https:\/\/blogdofarnesio.com.br\/wp-content\/uploads\/2023\/08\/TREINA-CAOTERAPIA-HDM-PETROLINA-1-e1692017059705.jpeg","datePublished":"2023-08-23T19:24:56+00:00","breadcrumb":{"@id":"https:\/\/blogdofarnesio.com.br\/?p=348575#breadcrumb"},"inLanguage":"pt-BR","potentialAction":[{"@type":"ReadAction","target":["https:\/\/blogdofarnesio.com.br\/?p=348575"]}]},{"@type":"ImageObject","inLanguage":"pt-BR","@id":"https:\/\/blogdofarnesio.com.br\/?p=348575#primaryimage","url":"https:\/\/blogdofarnesio.com.br\/wp-content\/uploads\/2023\/08\/TREINA-CAOTERAPIA-HDM-PETROLINA-1-e1692017059705.jpeg","contentUrl":"https:\/\/blogdofarnesio.com.br\/wp-content\/uploads\/2023\/08\/TREINA-CAOTERAPIA-HDM-PETROLINA-1-e1692017059705.jpeg","width":556,"height":417},{"@type":"BreadcrumbList","@id":"https:\/\/blogdofarnesio.com.br\/?p=348575#breadcrumb","itemListElement":[{"@type":"ListItem","position":1,"name":"In\u00edcio","item":"https:\/\/blogdofarnesio.com.br\/"},{"@type":"ListItem","position":2,"name":"Hospital Dom Malan em Petrolina abre inscri\u00e7\u00f5es para sele\u00e7\u00e3o de animais para a c\u00e3o terapia"}]},{"@type":"WebSite","@id":"https:\/\/blogdofarnesio.com.br\/#website","url":"https:\/\/blogdofarnesio.com.br\/","name":"Blog do Farn\u00e9sio","description":"Quer Saber Pol\u00edtica?","publisher":{"@id":"https:\/\/blogdofarnesio.com.br\/#organization"},"potentialAction":[{"@type":"SearchAction","target":{"@type":"EntryPoint","urlTemplate":"https:\/\/blogdofarnesio.com.br\/?s={search_term_string}"},"query-input":{"@type":"PropertyValueSpecification","valueRequired":true,"valueName":"search_term_string"}}],"inLanguage":"pt-BR"},{"@type":"Organization","@id":"https:\/\/blogdofarnesio.com.br\/#organization","name":"Blog do Farn\u00e9sio","url":"https:\/\/blogdofarnesio.com.br\/","logo":{"@type":"ImageObject","inLanguage":"pt-BR","@id":"https:\/\/blogdofarnesio.com.br\/#\/schema\/logo\/image\/","url":"https:\/\/blogdofarnesio.com.br\/wp-content\/uploads\/2026\/03\/cropped-logo_new-1.png","contentUrl":"https:\/\/blogdofarnesio.com.br\/wp-content\/uploads\/2026\/03\/cropped-logo_new-1.png","width":881,"height":685,"caption":"Blog do Farn\u00e9sio"},"image":{"@id":"https:\/\/blogdofarnesio.com.br\/#\/schema\/logo\/image\/"},"sameAs":["https:\/\/www.facebook.com\/BlogQuerSaberPolitica\/"]},{"@type":"Person","@id":"https:\/\/blogdofarnesio.com.br\/#\/schema\/person\/bb9b23ae3ad0609ce8df7b6c9e76824d","name":"Farn\u00e9sio","image":{"@type":"ImageObject","inLanguage":"pt-BR","@id":"https:\/\/secure.gravatar.com\/avatar\/986aa4c61ccdb66f8555bf88fc2a65609d00bcabd4d2d94377a727547345cbca?s=96&d=mm&r=g","url":"https:\/\/secure.gravatar.com\/avatar\/986aa4c61ccdb66f8555bf88fc2a65609d00bcabd4d2d94377a727547345cbca?s=96&d=mm&r=g","contentUrl":"https:\/\/secure.gravatar.com\/avatar\/986aa4c61ccdb66f8555bf88fc2a65609d00bcabd4d2d94377a727547345cbca?s=96&d=mm&r=g","caption":"Farn\u00e9sio"},"description":"Radialista blogueiro, chegou a Petrolina\/Juazeiro em setembro de 1980, Farn\u00e9sio Silva \u00e9 de Arapiraca-Alagoas.","sameAs":["http:\/\/blogdofarnesio.com.br","https:\/\/www.facebook.com\/?ref=tn_tnmn","https:\/\/www.instagram.com\/?utm_source=pwa_homescreen","https:\/\/youtube.com.br\/"],"url":"https:\/\/blogdofarnesio.com.br\/?author=2"}]}},"_links":{"self":[{"href":"https:\/\/blogdofarnesio.com.br\/index.php?rest_route=\/wp\/v2\/posts\/348575","targetHints":{"allow":["GET"]}}],"collection":[{"href":"https:\/\/blogdofarnesio.com.br\/index.php?rest_route=\/wp\/v2\/posts"}],"about":[{"href":"https:\/\/blogdofarnesio.com.br\/index.php?rest_route=\/wp\/v2\/types\/post"}],"author":[{"embeddable":true,"href":"https:\/\/blogdofarnesio.com.br\/index.php?rest_route=\/wp\/v2\/users\/2"}],"replies":[{"embeddable":true,"href":"https:\/\/blogdofarnesio.com.br\/index.php?rest_route=%2Fwp%2Fv2%2Fcomments&post=348575"}],"version-history":[{"count":0,"href":"https:\/\/blogdofarnesio.com.br\/index.php?rest_route=\/wp\/v2\/posts\/348575\/revisions"}],"wp:featuredmedia":[{"embeddable":true,"href":"https:\/\/blogdofarnesio.com.br\/index.php?rest_route=\/wp\/v2\/media\/347820"}],"wp:attachment":[{"href":"https:\/\/blogdofarnesio.com.br\/index.php?rest_route=%2Fwp%2Fv2%2Fmedia&parent=348575"}],"wp:term":[{"taxonomy":"category","embeddable":true,"href":"https:\/\/blogdofarnesio.com.br\/index.php?rest_route=%2Fwp%2Fv2%2Fcategories&post=348575"},{"taxonomy":"post_tag","embeddable":true,"href":"https:\/\/blogdofarnesio.com.br\/index.php?rest_route=%2Fwp%2Fv2%2Ftags&post=348575"}],"curies":[{"name":"wp","href":"https:\/\/api.w.org\/{rel}","templated":true}]}}