{"id":348563,"date":"2023-08-24T14:42:56","date_gmt":"2023-08-24T17:42:56","guid":{"rendered":"https:\/\/blogdofarnesio.com.br\/?p=348563"},"modified":"2023-08-24T10:41:08","modified_gmt":"2023-08-24T13:41:08","slug":"prefeitura-realoca-ambulantes-da-rotatoria-do-mercado-do-produtor","status":"publish","type":"post","link":"https:\/\/blogdofarnesio.com.br\/?p=348563","title":{"rendered":"Prefeitura realoca ambulantes da rotat\u00f3ria do Mercado do Produtor"},"content":{"rendered":"<p>Com objetivo de desobstruir as vias p\u00fablicas, promover a ordena\u00e7\u00e3o do espa\u00e7o urbano e regularizar a atividade comercial, a Prefeitura de Juazeiro, atrav\u00e9s da Secretaria de Meio Ambiente e Ordenamento Urbano (Semaurb), realizou uma a\u00e7\u00e3o de retirada de barracas e ambulantes que estavam operando de forma irregular na rotat\u00f3ria do Mercado do Produtor.<\/p>\n<p>Um total de 34 comerciantes, dos quais 15 eram barraqueiros, foram realocados para um novo espa\u00e7o situado na lateral do pr\u00f3prio Mercado do Produtor.<\/p>\n<p>A comerciante Luzia Silva agradeceu a gest\u00e3o Suzana Ramos pelo ordenamento e cuidado com a categoria. \u201cAgora temos um lugar organizado, sem correr risco de vida e poder trabalhar com dignidade levando o p\u00e3o para casa\u201d, disse.<\/p>\n<p>De acordo com secret\u00e1rio Isl\u00e9dio Bandeira, essa realoca\u00e7\u00e3o permitiu que a \u00e1rea da rotat\u00f3ria fique livre, facilitando a fluidez do tr\u00e1fego e reduzindo a obstru\u00e7\u00e3o visual que as barracas anteriormente causavam aos motoristas. \u201cA mudan\u00e7a das barracas para um espa\u00e7o mais apropriado tamb\u00e9m teve como objetivo diminuir os riscos de acidentes decorrentes da presen\u00e7a dessas estruturas nas vias p\u00fablicas. Estamos comprometidos em promover um ambiente mais harmonioso e acess\u00edvel para todos os juazeirenses\u201d, frisou Bandeira.<\/p>\n<p>&#8211;<br \/>\nTexto: Gabriel Filliph &#8211; Ascom PMJ<br \/>\nFotos: Luan Medrado &#8211; Ascom PMJ<\/p>\n","protected":false},"excerpt":{"rendered":"<p>Com objetivo de desobstruir as vias p\u00fablicas, promover a ordena\u00e7\u00e3o do espa\u00e7o urbano e regularizar a atividade comercial, a Prefeitura de Juazeiro, atrav\u00e9s da Secretaria de Meio Ambiente e Ordenamento Urbano (Semaurb), realizou uma a\u00e7\u00e3o de retirada de barracas e ambulantes que estavam operando de forma irregular na rotat\u00f3ria do Mercado do Produtor. Um total de 34 comerciantes, dos quais 15 eram barraqueiros, foram realocados para um novo espa\u00e7o situado na lateral do pr\u00f3prio Mercado do Produtor. A comerciante Luzia Silva agradeceu a gest\u00e3o Suzana Ramos pelo ordenamento e cuidado com a categoria. \u201cAgora temos um lugar organizado, sem correr risco de vida e poder trabalhar com dignidade levando o p\u00e3o para casa\u201d, disse. De acordo com secret\u00e1rio Isl\u00e9dio Bandeira,&hellip; <\/p>\n","protected":false},"author":2,"featured_media":348564,"comment_status":"open","ping_status":"open","sticky":false,"template":"","format":"standard","meta":{"_acf_changed":false,"footnotes":""},"categories":[44],"tags":[],"class_list":["post-348563","post","type-post","status-publish","format-standard","has-post-thumbnail","hentry","category-administracao"],"acf":[],"yoast_head":"<!-- This site is optimized with the Yoast SEO plugin v27.4 - https:\/\/yoast.com\/product\/yoast-seo-wordpress\/ -->\n<title>Prefeitura realoca ambulantes da rotat\u00f3ria do Mercado do Produtor - Blog do Farn\u00e9sio<\/title>\n<meta name=\"robots\" content=\"index, follow, max-snippet:-1, max-image-preview:large, max-video-preview:-1\" \/>\n<link rel=\"canonical\" href=\"https:\/\/blogdofarnesio.com.br\/?p=348563\" \/>\n<meta property=\"og:locale\" content=\"pt_BR\" \/>\n<meta property=\"og:type\" content=\"article\" \/>\n<meta property=\"og:title\" content=\"Prefeitura realoca ambulantes da rotat\u00f3ria do Mercado do Produtor - Blog do Farn\u00e9sio\" \/>\n<meta property=\"og:description\" content=\"Com objetivo de desobstruir as vias p\u00fablicas, promover a ordena\u00e7\u00e3o do espa\u00e7o urbano e regularizar a atividade comercial, a Prefeitura de Juazeiro, atrav\u00e9s da Secretaria de Meio Ambiente e Ordenamento Urbano (Semaurb), realizou uma a\u00e7\u00e3o de retirada de barracas e ambulantes que estavam operando de forma irregular na rotat\u00f3ria do Mercado do Produtor. Um total de 34 comerciantes, dos quais 15 eram barraqueiros, foram realocados para um novo espa\u00e7o situado na lateral do pr\u00f3prio Mercado do Produtor. A comerciante Luzia Silva agradeceu a gest\u00e3o Suzana Ramos pelo ordenamento e cuidado com a categoria. \u201cAgora temos um lugar organizado, sem correr risco de vida e poder trabalhar com dignidade levando o p\u00e3o para casa\u201d, disse. De acordo com secret\u00e1rio Isl\u00e9dio Bandeira,&hellip;\" \/>\n<meta property=\"og:url\" content=\"https:\/\/blogdofarnesio.com.br\/?p=348563\" \/>\n<meta property=\"og:site_name\" content=\"Blog do Farn\u00e9sio\" \/>\n<meta property=\"article:publisher\" content=\"https:\/\/www.facebook.com\/BlogQuerSaberPolitica\/\" \/>\n<meta property=\"article:author\" content=\"https:\/\/www.facebook.com\/?ref=tn_tnmn\" \/>\n<meta property=\"article:published_time\" content=\"2023-08-24T17:42:56+00:00\" \/>\n<meta property=\"og:image\" content=\"https:\/\/blogdofarnesio.com.br\/wp-content\/uploads\/2023\/08\/WhatsApp-Image-2023-08-22-at-09.54.16-e1692741374960.jpeg\" \/>\n\t<meta property=\"og:image:width\" content=\"600\" \/>\n\t<meta property=\"og:image:height\" content=\"450\" \/>\n\t<meta property=\"og:image:type\" content=\"image\/jpeg\" \/>\n<meta name=\"author\" content=\"Farn\u00e9sio\" \/>\n<meta name=\"twitter:card\" content=\"summary_large_image\" \/>\n<meta name=\"twitter:label1\" content=\"Escrito por\" \/>\n\t<meta name=\"twitter:data1\" content=\"Farn\u00e9sio\" \/>\n\t<meta name=\"twitter:label2\" content=\"Est. tempo de leitura\" \/>\n\t<meta name=\"twitter:data2\" content=\"2 minutos\" \/>\n<script type=\"application\/ld+json\" class=\"yoast-schema-graph\">{\"@context\":\"https:\\\/\\\/schema.org\",\"@graph\":[{\"@type\":\"Article\",\"@id\":\"https:\\\/\\\/blogdofarnesio.com.br\\\/?p=348563#article\",\"isPartOf\":{\"@id\":\"https:\\\/\\\/blogdofarnesio.com.br\\\/?p=348563\"},\"author\":{\"name\":\"Farn\u00e9sio\",\"@id\":\"https:\\\/\\\/blogdofarnesio.com.br\\\/#\\\/schema\\\/person\\\/bb9b23ae3ad0609ce8df7b6c9e76824d\"},\"headline\":\"Prefeitura realoca ambulantes da rotat\u00f3ria do Mercado do Produtor\",\"datePublished\":\"2023-08-24T17:42:56+00:00\",\"mainEntityOfPage\":{\"@id\":\"https:\\\/\\\/blogdofarnesio.com.br\\\/?p=348563\"},\"wordCount\":232,\"commentCount\":0,\"publisher\":{\"@id\":\"https:\\\/\\\/blogdofarnesio.com.br\\\/#organization\"},\"image\":{\"@id\":\"https:\\\/\\\/blogdofarnesio.com.br\\\/?p=348563#primaryimage\"},\"thumbnailUrl\":\"https:\\\/\\\/blogdofarnesio.com.br\\\/wp-content\\\/uploads\\\/2023\\\/08\\\/WhatsApp-Image-2023-08-22-at-09.54.16-e1692741374960.jpeg\",\"articleSection\":[\"Administra\u00e7\u00e3o\"],\"inLanguage\":\"pt-BR\",\"potentialAction\":[{\"@type\":\"CommentAction\",\"name\":\"Comment\",\"target\":[\"https:\\\/\\\/blogdofarnesio.com.br\\\/?p=348563#respond\"]}]},{\"@type\":\"WebPage\",\"@id\":\"https:\\\/\\\/blogdofarnesio.com.br\\\/?p=348563\",\"url\":\"https:\\\/\\\/blogdofarnesio.com.br\\\/?p=348563\",\"name\":\"Prefeitura realoca ambulantes da rotat\u00f3ria do Mercado do Produtor - Blog do Farn\u00e9sio\",\"isPartOf\":{\"@id\":\"https:\\\/\\\/blogdofarnesio.com.br\\\/#website\"},\"primaryImageOfPage\":{\"@id\":\"https:\\\/\\\/blogdofarnesio.com.br\\\/?p=348563#primaryimage\"},\"image\":{\"@id\":\"https:\\\/\\\/blogdofarnesio.com.br\\\/?p=348563#primaryimage\"},\"thumbnailUrl\":\"https:\\\/\\\/blogdofarnesio.com.br\\\/wp-content\\\/uploads\\\/2023\\\/08\\\/WhatsApp-Image-2023-08-22-at-09.54.16-e1692741374960.jpeg\",\"datePublished\":\"2023-08-24T17:42:56+00:00\",\"breadcrumb\":{\"@id\":\"https:\\\/\\\/blogdofarnesio.com.br\\\/?p=348563#breadcrumb\"},\"inLanguage\":\"pt-BR\",\"potentialAction\":[{\"@type\":\"ReadAction\",\"target\":[\"https:\\\/\\\/blogdofarnesio.com.br\\\/?p=348563\"]}]},{\"@type\":\"ImageObject\",\"inLanguage\":\"pt-BR\",\"@id\":\"https:\\\/\\\/blogdofarnesio.com.br\\\/?p=348563#primaryimage\",\"url\":\"https:\\\/\\\/blogdofarnesio.com.br\\\/wp-content\\\/uploads\\\/2023\\\/08\\\/WhatsApp-Image-2023-08-22-at-09.54.16-e1692741374960.jpeg\",\"contentUrl\":\"https:\\\/\\\/blogdofarnesio.com.br\\\/wp-content\\\/uploads\\\/2023\\\/08\\\/WhatsApp-Image-2023-08-22-at-09.54.16-e1692741374960.jpeg\",\"width\":600,\"height\":450},{\"@type\":\"BreadcrumbList\",\"@id\":\"https:\\\/\\\/blogdofarnesio.com.br\\\/?p=348563#breadcrumb\",\"itemListElement\":[{\"@type\":\"ListItem\",\"position\":1,\"name\":\"In\u00edcio\",\"item\":\"https:\\\/\\\/blogdofarnesio.com.br\\\/\"},{\"@type\":\"ListItem\",\"position\":2,\"name\":\"Prefeitura realoca ambulantes da rotat\u00f3ria do Mercado do Produtor\"}]},{\"@type\":\"WebSite\",\"@id\":\"https:\\\/\\\/blogdofarnesio.com.br\\\/#website\",\"url\":\"https:\\\/\\\/blogdofarnesio.com.br\\\/\",\"name\":\"Blog do Farn\u00e9sio\",\"description\":\"Quer Saber Pol\u00edtica?\",\"publisher\":{\"@id\":\"https:\\\/\\\/blogdofarnesio.com.br\\\/#organization\"},\"potentialAction\":[{\"@type\":\"SearchAction\",\"target\":{\"@type\":\"EntryPoint\",\"urlTemplate\":\"https:\\\/\\\/blogdofarnesio.com.br\\\/?s={search_term_string}\"},\"query-input\":{\"@type\":\"PropertyValueSpecification\",\"valueRequired\":true,\"valueName\":\"search_term_string\"}}],\"inLanguage\":\"pt-BR\"},{\"@type\":\"Organization\",\"@id\":\"https:\\\/\\\/blogdofarnesio.com.br\\\/#organization\",\"name\":\"Blog do Farn\u00e9sio\",\"url\":\"https:\\\/\\\/blogdofarnesio.com.br\\\/\",\"logo\":{\"@type\":\"ImageObject\",\"inLanguage\":\"pt-BR\",\"@id\":\"https:\\\/\\\/blogdofarnesio.com.br\\\/#\\\/schema\\\/logo\\\/image\\\/\",\"url\":\"https:\\\/\\\/blogdofarnesio.com.br\\\/wp-content\\\/uploads\\\/2026\\\/03\\\/cropped-logo_new-1.png\",\"contentUrl\":\"https:\\\/\\\/blogdofarnesio.com.br\\\/wp-content\\\/uploads\\\/2026\\\/03\\\/cropped-logo_new-1.png\",\"width\":881,\"height\":685,\"caption\":\"Blog do Farn\u00e9sio\"},\"image\":{\"@id\":\"https:\\\/\\\/blogdofarnesio.com.br\\\/#\\\/schema\\\/logo\\\/image\\\/\"},\"sameAs\":[\"https:\\\/\\\/www.facebook.com\\\/BlogQuerSaberPolitica\\\/\"]},{\"@type\":\"Person\",\"@id\":\"https:\\\/\\\/blogdofarnesio.com.br\\\/#\\\/schema\\\/person\\\/bb9b23ae3ad0609ce8df7b6c9e76824d\",\"name\":\"Farn\u00e9sio\",\"image\":{\"@type\":\"ImageObject\",\"inLanguage\":\"pt-BR\",\"@id\":\"https:\\\/\\\/secure.gravatar.com\\\/avatar\\\/986aa4c61ccdb66f8555bf88fc2a65609d00bcabd4d2d94377a727547345cbca?s=96&d=mm&r=g\",\"url\":\"https:\\\/\\\/secure.gravatar.com\\\/avatar\\\/986aa4c61ccdb66f8555bf88fc2a65609d00bcabd4d2d94377a727547345cbca?s=96&d=mm&r=g\",\"contentUrl\":\"https:\\\/\\\/secure.gravatar.com\\\/avatar\\\/986aa4c61ccdb66f8555bf88fc2a65609d00bcabd4d2d94377a727547345cbca?s=96&d=mm&r=g\",\"caption\":\"Farn\u00e9sio\"},\"description\":\"Radialista blogueiro, chegou a Petrolina\\\/Juazeiro em setembro de 1980, Farn\u00e9sio Silva \u00e9 de Arapiraca-Alagoas.\",\"sameAs\":[\"http:\\\/\\\/blogdofarnesio.com.br\",\"https:\\\/\\\/www.facebook.com\\\/?ref=tn_tnmn\",\"https:\\\/\\\/www.instagram.com\\\/?utm_source=pwa_homescreen\",\"https:\\\/\\\/youtube.com.br\\\/\"],\"url\":\"https:\\\/\\\/blogdofarnesio.com.br\\\/?author=2\"}]}<\/script>\n<!-- \/ Yoast SEO plugin. -->","yoast_head_json":{"title":"Prefeitura realoca ambulantes da rotat\u00f3ria do Mercado do Produtor - Blog do Farn\u00e9sio","robots":{"index":"index","follow":"follow","max-snippet":"max-snippet:-1","max-image-preview":"max-image-preview:large","max-video-preview":"max-video-preview:-1"},"canonical":"https:\/\/blogdofarnesio.com.br\/?p=348563","og_locale":"pt_BR","og_type":"article","og_title":"Prefeitura realoca ambulantes da rotat\u00f3ria do Mercado do Produtor - Blog do Farn\u00e9sio","og_description":"Com objetivo de desobstruir as vias p\u00fablicas, promover a ordena\u00e7\u00e3o do espa\u00e7o urbano e regularizar a atividade comercial, a Prefeitura de Juazeiro, atrav\u00e9s da Secretaria de Meio Ambiente e Ordenamento Urbano (Semaurb), realizou uma a\u00e7\u00e3o de retirada de barracas e ambulantes que estavam operando de forma irregular na rotat\u00f3ria do Mercado do Produtor. Um total de 34 comerciantes, dos quais 15 eram barraqueiros, foram realocados para um novo espa\u00e7o situado na lateral do pr\u00f3prio Mercado do Produtor. A comerciante Luzia Silva agradeceu a gest\u00e3o Suzana Ramos pelo ordenamento e cuidado com a categoria. \u201cAgora temos um lugar organizado, sem correr risco de vida e poder trabalhar com dignidade levando o p\u00e3o para casa\u201d, disse. De acordo com secret\u00e1rio Isl\u00e9dio Bandeira,&hellip;","og_url":"https:\/\/blogdofarnesio.com.br\/?p=348563","og_site_name":"Blog do Farn\u00e9sio","article_publisher":"https:\/\/www.facebook.com\/BlogQuerSaberPolitica\/","article_author":"https:\/\/www.facebook.com\/?ref=tn_tnmn","article_published_time":"2023-08-24T17:42:56+00:00","og_image":[{"width":600,"height":450,"url":"https:\/\/blogdofarnesio.com.br\/wp-content\/uploads\/2023\/08\/WhatsApp-Image-2023-08-22-at-09.54.16-e1692741374960.jpeg","type":"image\/jpeg"}],"author":"Farn\u00e9sio","twitter_card":"summary_large_image","twitter_misc":{"Escrito por":"Farn\u00e9sio","Est. tempo de leitura":"2 minutos"},"schema":{"@context":"https:\/\/schema.org","@graph":[{"@type":"Article","@id":"https:\/\/blogdofarnesio.com.br\/?p=348563#article","isPartOf":{"@id":"https:\/\/blogdofarnesio.com.br\/?p=348563"},"author":{"name":"Farn\u00e9sio","@id":"https:\/\/blogdofarnesio.com.br\/#\/schema\/person\/bb9b23ae3ad0609ce8df7b6c9e76824d"},"headline":"Prefeitura realoca ambulantes da rotat\u00f3ria do Mercado do Produtor","datePublished":"2023-08-24T17:42:56+00:00","mainEntityOfPage":{"@id":"https:\/\/blogdofarnesio.com.br\/?p=348563"},"wordCount":232,"commentCount":0,"publisher":{"@id":"https:\/\/blogdofarnesio.com.br\/#organization"},"image":{"@id":"https:\/\/blogdofarnesio.com.br\/?p=348563#primaryimage"},"thumbnailUrl":"https:\/\/blogdofarnesio.com.br\/wp-content\/uploads\/2023\/08\/WhatsApp-Image-2023-08-22-at-09.54.16-e1692741374960.jpeg","articleSection":["Administra\u00e7\u00e3o"],"inLanguage":"pt-BR","potentialAction":[{"@type":"CommentAction","name":"Comment","target":["https:\/\/blogdofarnesio.com.br\/?p=348563#respond"]}]},{"@type":"WebPage","@id":"https:\/\/blogdofarnesio.com.br\/?p=348563","url":"https:\/\/blogdofarnesio.com.br\/?p=348563","name":"Prefeitura realoca ambulantes da rotat\u00f3ria do Mercado do Produtor - Blog do Farn\u00e9sio","isPartOf":{"@id":"https:\/\/blogdofarnesio.com.br\/#website"},"primaryImageOfPage":{"@id":"https:\/\/blogdofarnesio.com.br\/?p=348563#primaryimage"},"image":{"@id":"https:\/\/blogdofarnesio.com.br\/?p=348563#primaryimage"},"thumbnailUrl":"https:\/\/blogdofarnesio.com.br\/wp-content\/uploads\/2023\/08\/WhatsApp-Image-2023-08-22-at-09.54.16-e1692741374960.jpeg","datePublished":"2023-08-24T17:42:56+00:00","breadcrumb":{"@id":"https:\/\/blogdofarnesio.com.br\/?p=348563#breadcrumb"},"inLanguage":"pt-BR","potentialAction":[{"@type":"ReadAction","target":["https:\/\/blogdofarnesio.com.br\/?p=348563"]}]},{"@type":"ImageObject","inLanguage":"pt-BR","@id":"https:\/\/blogdofarnesio.com.br\/?p=348563#primaryimage","url":"https:\/\/blogdofarnesio.com.br\/wp-content\/uploads\/2023\/08\/WhatsApp-Image-2023-08-22-at-09.54.16-e1692741374960.jpeg","contentUrl":"https:\/\/blogdofarnesio.com.br\/wp-content\/uploads\/2023\/08\/WhatsApp-Image-2023-08-22-at-09.54.16-e1692741374960.jpeg","width":600,"height":450},{"@type":"BreadcrumbList","@id":"https:\/\/blogdofarnesio.com.br\/?p=348563#breadcrumb","itemListElement":[{"@type":"ListItem","position":1,"name":"In\u00edcio","item":"https:\/\/blogdofarnesio.com.br\/"},{"@type":"ListItem","position":2,"name":"Prefeitura realoca ambulantes da rotat\u00f3ria do Mercado do Produtor"}]},{"@type":"WebSite","@id":"https:\/\/blogdofarnesio.com.br\/#website","url":"https:\/\/blogdofarnesio.com.br\/","name":"Blog do Farn\u00e9sio","description":"Quer Saber Pol\u00edtica?","publisher":{"@id":"https:\/\/blogdofarnesio.com.br\/#organization"},"potentialAction":[{"@type":"SearchAction","target":{"@type":"EntryPoint","urlTemplate":"https:\/\/blogdofarnesio.com.br\/?s={search_term_string}"},"query-input":{"@type":"PropertyValueSpecification","valueRequired":true,"valueName":"search_term_string"}}],"inLanguage":"pt-BR"},{"@type":"Organization","@id":"https:\/\/blogdofarnesio.com.br\/#organization","name":"Blog do Farn\u00e9sio","url":"https:\/\/blogdofarnesio.com.br\/","logo":{"@type":"ImageObject","inLanguage":"pt-BR","@id":"https:\/\/blogdofarnesio.com.br\/#\/schema\/logo\/image\/","url":"https:\/\/blogdofarnesio.com.br\/wp-content\/uploads\/2026\/03\/cropped-logo_new-1.png","contentUrl":"https:\/\/blogdofarnesio.com.br\/wp-content\/uploads\/2026\/03\/cropped-logo_new-1.png","width":881,"height":685,"caption":"Blog do Farn\u00e9sio"},"image":{"@id":"https:\/\/blogdofarnesio.com.br\/#\/schema\/logo\/image\/"},"sameAs":["https:\/\/www.facebook.com\/BlogQuerSaberPolitica\/"]},{"@type":"Person","@id":"https:\/\/blogdofarnesio.com.br\/#\/schema\/person\/bb9b23ae3ad0609ce8df7b6c9e76824d","name":"Farn\u00e9sio","image":{"@type":"ImageObject","inLanguage":"pt-BR","@id":"https:\/\/secure.gravatar.com\/avatar\/986aa4c61ccdb66f8555bf88fc2a65609d00bcabd4d2d94377a727547345cbca?s=96&d=mm&r=g","url":"https:\/\/secure.gravatar.com\/avatar\/986aa4c61ccdb66f8555bf88fc2a65609d00bcabd4d2d94377a727547345cbca?s=96&d=mm&r=g","contentUrl":"https:\/\/secure.gravatar.com\/avatar\/986aa4c61ccdb66f8555bf88fc2a65609d00bcabd4d2d94377a727547345cbca?s=96&d=mm&r=g","caption":"Farn\u00e9sio"},"description":"Radialista blogueiro, chegou a Petrolina\/Juazeiro em setembro de 1980, Farn\u00e9sio Silva \u00e9 de Arapiraca-Alagoas.","sameAs":["http:\/\/blogdofarnesio.com.br","https:\/\/www.facebook.com\/?ref=tn_tnmn","https:\/\/www.instagram.com\/?utm_source=pwa_homescreen","https:\/\/youtube.com.br\/"],"url":"https:\/\/blogdofarnesio.com.br\/?author=2"}]}},"_links":{"self":[{"href":"https:\/\/blogdofarnesio.com.br\/index.php?rest_route=\/wp\/v2\/posts\/348563","targetHints":{"allow":["GET"]}}],"collection":[{"href":"https:\/\/blogdofarnesio.com.br\/index.php?rest_route=\/wp\/v2\/posts"}],"about":[{"href":"https:\/\/blogdofarnesio.com.br\/index.php?rest_route=\/wp\/v2\/types\/post"}],"author":[{"embeddable":true,"href":"https:\/\/blogdofarnesio.com.br\/index.php?rest_route=\/wp\/v2\/users\/2"}],"replies":[{"embeddable":true,"href":"https:\/\/blogdofarnesio.com.br\/index.php?rest_route=%2Fwp%2Fv2%2Fcomments&post=348563"}],"version-history":[{"count":0,"href":"https:\/\/blogdofarnesio.com.br\/index.php?rest_route=\/wp\/v2\/posts\/348563\/revisions"}],"wp:featuredmedia":[{"embeddable":true,"href":"https:\/\/blogdofarnesio.com.br\/index.php?rest_route=\/wp\/v2\/media\/348564"}],"wp:attachment":[{"href":"https:\/\/blogdofarnesio.com.br\/index.php?rest_route=%2Fwp%2Fv2%2Fmedia&parent=348563"}],"wp:term":[{"taxonomy":"category","embeddable":true,"href":"https:\/\/blogdofarnesio.com.br\/index.php?rest_route=%2Fwp%2Fv2%2Fcategories&post=348563"},{"taxonomy":"post_tag","embeddable":true,"href":"https:\/\/blogdofarnesio.com.br\/index.php?rest_route=%2Fwp%2Fv2%2Ftags&post=348563"}],"curies":[{"name":"wp","href":"https:\/\/api.w.org\/{rel}","templated":true}]}}