{"id":348554,"date":"2023-08-23T16:24:55","date_gmt":"2023-08-23T19:24:55","guid":{"rendered":"https:\/\/blogdofarnesio.com.br\/?p=348554"},"modified":"2023-08-23T13:33:13","modified_gmt":"2023-08-23T16:33:13","slug":"gilmar-santos-cobra-do-executivo-petrolinense-pl-que-cria-a-politica-municipal-para-populacao-em-situacao-de-rua","status":"publish","type":"post","link":"https:\/\/blogdofarnesio.com.br\/?p=348554","title":{"rendered":"Gilmar Santos\u00a0cobra do Executivo petrolinense PL que cria a Pol\u00edtica Municipal para Popula\u00e7\u00e3o em Situa\u00e7\u00e3o de Rua"},"content":{"rendered":"<div id=\"nav\">\n<div id=\"speedbump\">\n<div class=\"on\">\n<div class=\"pn\"><\/div>\n<\/div>\n<\/div>\n<\/div>\n<div id=\"views\">\n<div id=\"cv_\" class=\" sf \">\n<div class=\"uf\">\n<div class=\"mf\">\n<div class=\"hh\">\n<div class=\"Uh\">\n<div class=\"lg\" data-onclick=\"cvmsgcontainercl+22\">\n<div id=\"cvcmsg_18a1ebbcc7191e5c\" class=\"Uf\">\n<div id=\"cvcfullmsg_18a1ebbcc7191e5c\" class=\"rg\">\n<div id=\"cvcmsgbod_18a1ebbcc7191e5c\" class=\"wh\">\n<div class=\"jh\">\n<div class=\"Jg Lg \" dir=\"ltr\">\n<div dir=\"ltr\">\n<div>\n<p dir=\"ltr\">O vereador professor Gilmar Santos (PT) cobrou do Prefeito Sim\u00e3o Durando nesta ter\u00e7a-feira, 22\/8, durante a sess\u00e3o plen\u00e1ria da C\u00e2mara Municipal de Petrolina, o Projeto de Lei que institui a Pol\u00edtica Municipal para a Popula\u00e7\u00e3o em Situa\u00e7\u00e3o de Rua, vetado pelo ex-prefeito Miguel Coelho em 2020.<\/p>\n<p dir=\"ltr\">Em Petrolina, entre os anos de 2013 e outubro de 2019, foram cadastrados no Centro de Refer\u00eancia Especializado para a Popula\u00e7\u00e3o em Situa\u00e7\u00e3o de Rua (Centro POP) cerca de 2.620 pessoas.<\/p>\n<p dir=\"ltr\">Esses dados e o aprofundamento da desigualdade social e, consequentemente, o aumento no \u00edndice de pessoas vivendo nas ruas, sem moradia, sem acesso \u00e0 sa\u00fade, educa\u00e7\u00e3o e todos os direitos b\u00e1sicos assegurados na Constitui\u00e7\u00e3o Federal motivou o vereador Gilmar Santos e o ex-vereador Paulo Valgueiro a realizarem uma Audi\u00eancia P\u00fablica no dia 06 de dezembro de 2019, em que foi debatido esse problema latente em nossa cidade.<\/p>\n<p dir=\"ltr\">Durante a audi\u00eancia, as discuss\u00f5es fomentadas pela plateia giraram em torno da defici\u00eancia do munic\u00edpio na aplica\u00e7\u00e3o de pol\u00edticas p\u00fablicas que assegurem os direitos b\u00e1sicos das pessoas que est\u00e3o em situa\u00e7\u00e3o de vulnerabilidade.<\/p>\n<p dir=\"ltr\">Foi discutida tamb\u00e9m a dificuldade que as pessoas est\u00e3o tendo para chegar at\u00e9 o Centro POP, que agora funciona no bairro Jardim S\u00e3o Paulo, pois, fica distante do centro da cidade, o que dificulta a locomo\u00e7\u00e3o da popula\u00e7\u00e3o tanto para frequentar o espa\u00e7o, quanto para conseguir algum trabalho nas \u00e1reas centrais.<\/p>\n<p dir=\"ltr\">Passados tr\u00eas anos da realiza\u00e7\u00e3o dessa audi\u00eancia, a situa\u00e7\u00e3o da popula\u00e7\u00e3o em situa\u00e7\u00e3o de rua s\u00f3 se agrava e o governo municipal n\u00e3o implementou nenhuma pol\u00edtica p\u00fablica para pelo menos amenizar o problema.<\/p>\n<p dir=\"ltr\">Em 2020, o professor Gilmar e Paulo Valgueiro apresentaram na C\u00e2mara Municipal um Projeto de Lei para que o prefeito institu\u00edsse a Pol\u00edtica Municipal para a Popula\u00e7\u00e3o em Situa\u00e7\u00e3o de Rua, mas mesmo tendo sido aprovado pelos vereadores \u00e0 \u00e9poca, o prefeito Miguel vetou, alegando a compet\u00eancia.<\/p>\n<p dir=\"ltr\">\u201cN\u00f3s sabemos que o grande problema n\u00e3o \u00e9 a popula\u00e7\u00e3o em situa\u00e7\u00e3o de rua. O grande problema \u00e9 a aus\u00eancia do poder p\u00fablico desenvolvendo a\u00e7\u00f5es para acolher essas pessoas. N\u00f3s precisamos que esse governo municipal, primeiramente, encaminhe para essa casa o projeto que deve instituir essa pol\u00edtica municipal, que o ex-prefeito Miguel vetou. Ora, se n\u00f3s est\u00e1vamos invadindo a compet\u00eancia do executivo, que o executivo envie para essa casa o projeto, para que a gente tenha essas pessoas mais acolhidas\u201d, disse o vereador Gilmar durante a sess\u00e3o desta ter\u00e7a (22).<\/p>\n<p dir=\"ltr\">O Decreto n\u00ba 7.053, de 23 de dezembro de 2009 que institui a Pol\u00edtica Nacional para a Popula\u00e7\u00e3o em Situa\u00e7\u00e3o de Rua (PNPSR), que \u00e9 resultado do di\u00e1logo do Governo Federal com representantes da sociedade civil, define popula\u00e7\u00e3o em situa\u00e7\u00e3o de rua como sendo grupo populacional heterog\u00eaneo que possui em comum a pobreza extrema, os v\u00ednculos familiares interrompidos ou fragilizados e\u00a0 inexist\u00eancia de moradia convencional regular, e que utiliza os logradouros p\u00fablicos e as \u00e1reas degradadas como espa\u00e7o de moradia e de sustento, de forma tempor\u00e1ria ou permanente, bem como as unidades de acolhimento para pernoite tempor\u00e1rio ou como moradia provis\u00f3ria.<\/p>\n<p dir=\"ltr\">No dia 25 de julho \u00faltimo, o Ministro do Supremo Tribunal Federal (STF), Alexandre de Moraes determinou que os estados, o Distrito Federal e os munic\u00edpios tomem provid\u00eancias para implementar a Pol\u00edtica Nacional para a Popula\u00e7\u00e3o em Situa\u00e7\u00e3o de Rua.<\/p>\n<div>\n<div>\n<div dir=\"ltr\">\n<div>\n<p dir=\"ltr\"><i>(A foto em anexo \u00e9 de Nilzete Brito\/Ascom-C\u00e2mara Municipal de Petrolina-PE).<\/i><\/p>\n<\/div>\n<\/div>\n<\/div>\n<\/div>\n<\/div>\n<\/div>\n<\/div>\n<\/div>\n<\/div>\n<\/div>\n<\/div>\n<\/div>\n<\/div>\n<\/div>\n<\/div>\n<\/div>\n<\/div>\n<\/div>\n","protected":false},"excerpt":{"rendered":"<p>O vereador professor Gilmar Santos (PT) cobrou do Prefeito Sim\u00e3o Durando nesta ter\u00e7a-feira, 22\/8, durante a sess\u00e3o plen\u00e1ria da C\u00e2mara Municipal de Petrolina, o Projeto de Lei que institui a Pol\u00edtica Municipal para a Popula\u00e7\u00e3o em Situa\u00e7\u00e3o de Rua, vetado pelo ex-prefeito Miguel Coelho em 2020. Em Petrolina, entre os anos de 2013 e outubro de 2019, foram cadastrados no Centro de Refer\u00eancia Especializado para a Popula\u00e7\u00e3o em Situa\u00e7\u00e3o de Rua (Centro POP) cerca de 2.620 pessoas. Esses dados e o aprofundamento da desigualdade social e, consequentemente, o aumento no \u00edndice de pessoas vivendo nas ruas, sem moradia, sem acesso \u00e0 sa\u00fade, educa\u00e7\u00e3o e todos os direitos b\u00e1sicos assegurados na Constitui\u00e7\u00e3o Federal motivou o vereador Gilmar Santos e o ex-vereador&hellip; <\/p>\n","protected":false},"author":2,"featured_media":346173,"comment_status":"open","ping_status":"open","sticky":false,"template":"","format":"standard","meta":{"_acf_changed":false,"footnotes":""},"categories":[1],"tags":[],"class_list":["post-348554","post","type-post","status-publish","format-standard","has-post-thumbnail","hentry","category-politica"],"acf":[],"yoast_head":"<!-- This site is optimized with the Yoast SEO plugin v27.4 - https:\/\/yoast.com\/product\/yoast-seo-wordpress\/ -->\n<title>Gilmar Santos\u00a0cobra do Executivo petrolinense PL que cria a Pol\u00edtica Municipal para Popula\u00e7\u00e3o em Situa\u00e7\u00e3o de Rua - Blog do Farn\u00e9sio<\/title>\n<meta name=\"robots\" content=\"index, follow, max-snippet:-1, max-image-preview:large, max-video-preview:-1\" \/>\n<link rel=\"canonical\" href=\"https:\/\/blogdofarnesio.com.br\/?p=348554\" \/>\n<meta property=\"og:locale\" content=\"pt_BR\" \/>\n<meta property=\"og:type\" content=\"article\" \/>\n<meta property=\"og:title\" content=\"Gilmar Santos\u00a0cobra do Executivo petrolinense PL que cria a Pol\u00edtica Municipal para Popula\u00e7\u00e3o em Situa\u00e7\u00e3o de Rua - Blog do Farn\u00e9sio\" \/>\n<meta property=\"og:description\" content=\"O vereador professor Gilmar Santos (PT) cobrou do Prefeito Sim\u00e3o Durando nesta ter\u00e7a-feira, 22\/8, durante a sess\u00e3o plen\u00e1ria da C\u00e2mara Municipal de Petrolina, o Projeto de Lei que institui a Pol\u00edtica Municipal para a Popula\u00e7\u00e3o em Situa\u00e7\u00e3o de Rua, vetado pelo ex-prefeito Miguel Coelho em 2020. Em Petrolina, entre os anos de 2013 e outubro de 2019, foram cadastrados no Centro de Refer\u00eancia Especializado para a Popula\u00e7\u00e3o em Situa\u00e7\u00e3o de Rua (Centro POP) cerca de 2.620 pessoas. Esses dados e o aprofundamento da desigualdade social e, consequentemente, o aumento no \u00edndice de pessoas vivendo nas ruas, sem moradia, sem acesso \u00e0 sa\u00fade, educa\u00e7\u00e3o e todos os direitos b\u00e1sicos assegurados na Constitui\u00e7\u00e3o Federal motivou o vereador Gilmar Santos e o ex-vereador&hellip;\" \/>\n<meta property=\"og:url\" content=\"https:\/\/blogdofarnesio.com.br\/?p=348554\" \/>\n<meta property=\"og:site_name\" content=\"Blog do Farn\u00e9sio\" \/>\n<meta property=\"article:publisher\" content=\"https:\/\/www.facebook.com\/BlogQuerSaberPolitica\/\" \/>\n<meta property=\"article:author\" content=\"https:\/\/www.facebook.com\/?ref=tn_tnmn\" \/>\n<meta property=\"article:published_time\" content=\"2023-08-23T19:24:55+00:00\" \/>\n<meta property=\"og:image\" content=\"https:\/\/blogdofarnesio.com.br\/wp-content\/uploads\/2023\/07\/blogqspconsultorio-de-rio-morador-rua-e1690229097497.jpg\" \/>\n\t<meta property=\"og:image:width\" content=\"660\" \/>\n\t<meta property=\"og:image:height\" content=\"440\" \/>\n\t<meta property=\"og:image:type\" content=\"image\/jpeg\" \/>\n<meta name=\"author\" content=\"Farn\u00e9sio\" \/>\n<meta name=\"twitter:card\" content=\"summary_large_image\" \/>\n<meta name=\"twitter:label1\" content=\"Escrito por\" \/>\n\t<meta name=\"twitter:data1\" content=\"Farn\u00e9sio\" \/>\n\t<meta name=\"twitter:label2\" content=\"Est. tempo de leitura\" \/>\n\t<meta name=\"twitter:data2\" content=\"4 minutos\" \/>\n<script type=\"application\/ld+json\" class=\"yoast-schema-graph\">{\"@context\":\"https:\\\/\\\/schema.org\",\"@graph\":[{\"@type\":\"Article\",\"@id\":\"https:\\\/\\\/blogdofarnesio.com.br\\\/?p=348554#article\",\"isPartOf\":{\"@id\":\"https:\\\/\\\/blogdofarnesio.com.br\\\/?p=348554\"},\"author\":{\"name\":\"Farn\u00e9sio\",\"@id\":\"https:\\\/\\\/blogdofarnesio.com.br\\\/#\\\/schema\\\/person\\\/bb9b23ae3ad0609ce8df7b6c9e76824d\"},\"headline\":\"Gilmar Santos\u00a0cobra do Executivo petrolinense PL que cria a Pol\u00edtica Municipal para Popula\u00e7\u00e3o em Situa\u00e7\u00e3o de Rua\",\"datePublished\":\"2023-08-23T19:24:55+00:00\",\"mainEntityOfPage\":{\"@id\":\"https:\\\/\\\/blogdofarnesio.com.br\\\/?p=348554\"},\"wordCount\":635,\"commentCount\":0,\"publisher\":{\"@id\":\"https:\\\/\\\/blogdofarnesio.com.br\\\/#organization\"},\"image\":{\"@id\":\"https:\\\/\\\/blogdofarnesio.com.br\\\/?p=348554#primaryimage\"},\"thumbnailUrl\":\"https:\\\/\\\/blogdofarnesio.com.br\\\/wp-content\\\/uploads\\\/2023\\\/07\\\/blogqspconsultorio-de-rio-morador-rua-e1690229097497.jpg\",\"articleSection\":[\"Pol\u00edtica\"],\"inLanguage\":\"pt-BR\",\"potentialAction\":[{\"@type\":\"CommentAction\",\"name\":\"Comment\",\"target\":[\"https:\\\/\\\/blogdofarnesio.com.br\\\/?p=348554#respond\"]}]},{\"@type\":\"WebPage\",\"@id\":\"https:\\\/\\\/blogdofarnesio.com.br\\\/?p=348554\",\"url\":\"https:\\\/\\\/blogdofarnesio.com.br\\\/?p=348554\",\"name\":\"Gilmar Santos\u00a0cobra do Executivo petrolinense PL que cria a Pol\u00edtica Municipal para Popula\u00e7\u00e3o em Situa\u00e7\u00e3o de Rua - Blog do Farn\u00e9sio\",\"isPartOf\":{\"@id\":\"https:\\\/\\\/blogdofarnesio.com.br\\\/#website\"},\"primaryImageOfPage\":{\"@id\":\"https:\\\/\\\/blogdofarnesio.com.br\\\/?p=348554#primaryimage\"},\"image\":{\"@id\":\"https:\\\/\\\/blogdofarnesio.com.br\\\/?p=348554#primaryimage\"},\"thumbnailUrl\":\"https:\\\/\\\/blogdofarnesio.com.br\\\/wp-content\\\/uploads\\\/2023\\\/07\\\/blogqspconsultorio-de-rio-morador-rua-e1690229097497.jpg\",\"datePublished\":\"2023-08-23T19:24:55+00:00\",\"breadcrumb\":{\"@id\":\"https:\\\/\\\/blogdofarnesio.com.br\\\/?p=348554#breadcrumb\"},\"inLanguage\":\"pt-BR\",\"potentialAction\":[{\"@type\":\"ReadAction\",\"target\":[\"https:\\\/\\\/blogdofarnesio.com.br\\\/?p=348554\"]}]},{\"@type\":\"ImageObject\",\"inLanguage\":\"pt-BR\",\"@id\":\"https:\\\/\\\/blogdofarnesio.com.br\\\/?p=348554#primaryimage\",\"url\":\"https:\\\/\\\/blogdofarnesio.com.br\\\/wp-content\\\/uploads\\\/2023\\\/07\\\/blogqspconsultorio-de-rio-morador-rua-e1690229097497.jpg\",\"contentUrl\":\"https:\\\/\\\/blogdofarnesio.com.br\\\/wp-content\\\/uploads\\\/2023\\\/07\\\/blogqspconsultorio-de-rio-morador-rua-e1690229097497.jpg\",\"width\":660,\"height\":440},{\"@type\":\"BreadcrumbList\",\"@id\":\"https:\\\/\\\/blogdofarnesio.com.br\\\/?p=348554#breadcrumb\",\"itemListElement\":[{\"@type\":\"ListItem\",\"position\":1,\"name\":\"In\u00edcio\",\"item\":\"https:\\\/\\\/blogdofarnesio.com.br\\\/\"},{\"@type\":\"ListItem\",\"position\":2,\"name\":\"Gilmar Santos\u00a0cobra do Executivo petrolinense PL que cria a Pol\u00edtica Municipal para Popula\u00e7\u00e3o em Situa\u00e7\u00e3o de Rua\"}]},{\"@type\":\"WebSite\",\"@id\":\"https:\\\/\\\/blogdofarnesio.com.br\\\/#website\",\"url\":\"https:\\\/\\\/blogdofarnesio.com.br\\\/\",\"name\":\"Blog do Farn\u00e9sio\",\"description\":\"Quer Saber Pol\u00edtica?\",\"publisher\":{\"@id\":\"https:\\\/\\\/blogdofarnesio.com.br\\\/#organization\"},\"potentialAction\":[{\"@type\":\"SearchAction\",\"target\":{\"@type\":\"EntryPoint\",\"urlTemplate\":\"https:\\\/\\\/blogdofarnesio.com.br\\\/?s={search_term_string}\"},\"query-input\":{\"@type\":\"PropertyValueSpecification\",\"valueRequired\":true,\"valueName\":\"search_term_string\"}}],\"inLanguage\":\"pt-BR\"},{\"@type\":\"Organization\",\"@id\":\"https:\\\/\\\/blogdofarnesio.com.br\\\/#organization\",\"name\":\"Blog do Farn\u00e9sio\",\"url\":\"https:\\\/\\\/blogdofarnesio.com.br\\\/\",\"logo\":{\"@type\":\"ImageObject\",\"inLanguage\":\"pt-BR\",\"@id\":\"https:\\\/\\\/blogdofarnesio.com.br\\\/#\\\/schema\\\/logo\\\/image\\\/\",\"url\":\"https:\\\/\\\/blogdofarnesio.com.br\\\/wp-content\\\/uploads\\\/2026\\\/03\\\/cropped-logo_new-1.png\",\"contentUrl\":\"https:\\\/\\\/blogdofarnesio.com.br\\\/wp-content\\\/uploads\\\/2026\\\/03\\\/cropped-logo_new-1.png\",\"width\":881,\"height\":685,\"caption\":\"Blog do Farn\u00e9sio\"},\"image\":{\"@id\":\"https:\\\/\\\/blogdofarnesio.com.br\\\/#\\\/schema\\\/logo\\\/image\\\/\"},\"sameAs\":[\"https:\\\/\\\/www.facebook.com\\\/BlogQuerSaberPolitica\\\/\"]},{\"@type\":\"Person\",\"@id\":\"https:\\\/\\\/blogdofarnesio.com.br\\\/#\\\/schema\\\/person\\\/bb9b23ae3ad0609ce8df7b6c9e76824d\",\"name\":\"Farn\u00e9sio\",\"image\":{\"@type\":\"ImageObject\",\"inLanguage\":\"pt-BR\",\"@id\":\"https:\\\/\\\/secure.gravatar.com\\\/avatar\\\/986aa4c61ccdb66f8555bf88fc2a65609d00bcabd4d2d94377a727547345cbca?s=96&d=mm&r=g\",\"url\":\"https:\\\/\\\/secure.gravatar.com\\\/avatar\\\/986aa4c61ccdb66f8555bf88fc2a65609d00bcabd4d2d94377a727547345cbca?s=96&d=mm&r=g\",\"contentUrl\":\"https:\\\/\\\/secure.gravatar.com\\\/avatar\\\/986aa4c61ccdb66f8555bf88fc2a65609d00bcabd4d2d94377a727547345cbca?s=96&d=mm&r=g\",\"caption\":\"Farn\u00e9sio\"},\"description\":\"Radialista blogueiro, chegou a Petrolina\\\/Juazeiro em setembro de 1980, Farn\u00e9sio Silva \u00e9 de Arapiraca-Alagoas.\",\"sameAs\":[\"http:\\\/\\\/blogdofarnesio.com.br\",\"https:\\\/\\\/www.facebook.com\\\/?ref=tn_tnmn\",\"https:\\\/\\\/www.instagram.com\\\/?utm_source=pwa_homescreen\",\"https:\\\/\\\/youtube.com.br\\\/\"],\"url\":\"https:\\\/\\\/blogdofarnesio.com.br\\\/?author=2\"}]}<\/script>\n<!-- \/ Yoast SEO plugin. -->","yoast_head_json":{"title":"Gilmar Santos\u00a0cobra do Executivo petrolinense PL que cria a Pol\u00edtica Municipal para Popula\u00e7\u00e3o em Situa\u00e7\u00e3o de Rua - Blog do Farn\u00e9sio","robots":{"index":"index","follow":"follow","max-snippet":"max-snippet:-1","max-image-preview":"max-image-preview:large","max-video-preview":"max-video-preview:-1"},"canonical":"https:\/\/blogdofarnesio.com.br\/?p=348554","og_locale":"pt_BR","og_type":"article","og_title":"Gilmar Santos\u00a0cobra do Executivo petrolinense PL que cria a Pol\u00edtica Municipal para Popula\u00e7\u00e3o em Situa\u00e7\u00e3o de Rua - Blog do Farn\u00e9sio","og_description":"O vereador professor Gilmar Santos (PT) cobrou do Prefeito Sim\u00e3o Durando nesta ter\u00e7a-feira, 22\/8, durante a sess\u00e3o plen\u00e1ria da C\u00e2mara Municipal de Petrolina, o Projeto de Lei que institui a Pol\u00edtica Municipal para a Popula\u00e7\u00e3o em Situa\u00e7\u00e3o de Rua, vetado pelo ex-prefeito Miguel Coelho em 2020. Em Petrolina, entre os anos de 2013 e outubro de 2019, foram cadastrados no Centro de Refer\u00eancia Especializado para a Popula\u00e7\u00e3o em Situa\u00e7\u00e3o de Rua (Centro POP) cerca de 2.620 pessoas. Esses dados e o aprofundamento da desigualdade social e, consequentemente, o aumento no \u00edndice de pessoas vivendo nas ruas, sem moradia, sem acesso \u00e0 sa\u00fade, educa\u00e7\u00e3o e todos os direitos b\u00e1sicos assegurados na Constitui\u00e7\u00e3o Federal motivou o vereador Gilmar Santos e o ex-vereador&hellip;","og_url":"https:\/\/blogdofarnesio.com.br\/?p=348554","og_site_name":"Blog do Farn\u00e9sio","article_publisher":"https:\/\/www.facebook.com\/BlogQuerSaberPolitica\/","article_author":"https:\/\/www.facebook.com\/?ref=tn_tnmn","article_published_time":"2023-08-23T19:24:55+00:00","og_image":[{"width":660,"height":440,"url":"https:\/\/blogdofarnesio.com.br\/wp-content\/uploads\/2023\/07\/blogqspconsultorio-de-rio-morador-rua-e1690229097497.jpg","type":"image\/jpeg"}],"author":"Farn\u00e9sio","twitter_card":"summary_large_image","twitter_misc":{"Escrito por":"Farn\u00e9sio","Est. tempo de leitura":"4 minutos"},"schema":{"@context":"https:\/\/schema.org","@graph":[{"@type":"Article","@id":"https:\/\/blogdofarnesio.com.br\/?p=348554#article","isPartOf":{"@id":"https:\/\/blogdofarnesio.com.br\/?p=348554"},"author":{"name":"Farn\u00e9sio","@id":"https:\/\/blogdofarnesio.com.br\/#\/schema\/person\/bb9b23ae3ad0609ce8df7b6c9e76824d"},"headline":"Gilmar Santos\u00a0cobra do Executivo petrolinense PL que cria a Pol\u00edtica Municipal para Popula\u00e7\u00e3o em Situa\u00e7\u00e3o de Rua","datePublished":"2023-08-23T19:24:55+00:00","mainEntityOfPage":{"@id":"https:\/\/blogdofarnesio.com.br\/?p=348554"},"wordCount":635,"commentCount":0,"publisher":{"@id":"https:\/\/blogdofarnesio.com.br\/#organization"},"image":{"@id":"https:\/\/blogdofarnesio.com.br\/?p=348554#primaryimage"},"thumbnailUrl":"https:\/\/blogdofarnesio.com.br\/wp-content\/uploads\/2023\/07\/blogqspconsultorio-de-rio-morador-rua-e1690229097497.jpg","articleSection":["Pol\u00edtica"],"inLanguage":"pt-BR","potentialAction":[{"@type":"CommentAction","name":"Comment","target":["https:\/\/blogdofarnesio.com.br\/?p=348554#respond"]}]},{"@type":"WebPage","@id":"https:\/\/blogdofarnesio.com.br\/?p=348554","url":"https:\/\/blogdofarnesio.com.br\/?p=348554","name":"Gilmar Santos\u00a0cobra do Executivo petrolinense PL que cria a Pol\u00edtica Municipal para Popula\u00e7\u00e3o em Situa\u00e7\u00e3o de Rua - Blog do Farn\u00e9sio","isPartOf":{"@id":"https:\/\/blogdofarnesio.com.br\/#website"},"primaryImageOfPage":{"@id":"https:\/\/blogdofarnesio.com.br\/?p=348554#primaryimage"},"image":{"@id":"https:\/\/blogdofarnesio.com.br\/?p=348554#primaryimage"},"thumbnailUrl":"https:\/\/blogdofarnesio.com.br\/wp-content\/uploads\/2023\/07\/blogqspconsultorio-de-rio-morador-rua-e1690229097497.jpg","datePublished":"2023-08-23T19:24:55+00:00","breadcrumb":{"@id":"https:\/\/blogdofarnesio.com.br\/?p=348554#breadcrumb"},"inLanguage":"pt-BR","potentialAction":[{"@type":"ReadAction","target":["https:\/\/blogdofarnesio.com.br\/?p=348554"]}]},{"@type":"ImageObject","inLanguage":"pt-BR","@id":"https:\/\/blogdofarnesio.com.br\/?p=348554#primaryimage","url":"https:\/\/blogdofarnesio.com.br\/wp-content\/uploads\/2023\/07\/blogqspconsultorio-de-rio-morador-rua-e1690229097497.jpg","contentUrl":"https:\/\/blogdofarnesio.com.br\/wp-content\/uploads\/2023\/07\/blogqspconsultorio-de-rio-morador-rua-e1690229097497.jpg","width":660,"height":440},{"@type":"BreadcrumbList","@id":"https:\/\/blogdofarnesio.com.br\/?p=348554#breadcrumb","itemListElement":[{"@type":"ListItem","position":1,"name":"In\u00edcio","item":"https:\/\/blogdofarnesio.com.br\/"},{"@type":"ListItem","position":2,"name":"Gilmar Santos\u00a0cobra do Executivo petrolinense PL que cria a Pol\u00edtica Municipal para Popula\u00e7\u00e3o em Situa\u00e7\u00e3o de Rua"}]},{"@type":"WebSite","@id":"https:\/\/blogdofarnesio.com.br\/#website","url":"https:\/\/blogdofarnesio.com.br\/","name":"Blog do Farn\u00e9sio","description":"Quer Saber Pol\u00edtica?","publisher":{"@id":"https:\/\/blogdofarnesio.com.br\/#organization"},"potentialAction":[{"@type":"SearchAction","target":{"@type":"EntryPoint","urlTemplate":"https:\/\/blogdofarnesio.com.br\/?s={search_term_string}"},"query-input":{"@type":"PropertyValueSpecification","valueRequired":true,"valueName":"search_term_string"}}],"inLanguage":"pt-BR"},{"@type":"Organization","@id":"https:\/\/blogdofarnesio.com.br\/#organization","name":"Blog do Farn\u00e9sio","url":"https:\/\/blogdofarnesio.com.br\/","logo":{"@type":"ImageObject","inLanguage":"pt-BR","@id":"https:\/\/blogdofarnesio.com.br\/#\/schema\/logo\/image\/","url":"https:\/\/blogdofarnesio.com.br\/wp-content\/uploads\/2026\/03\/cropped-logo_new-1.png","contentUrl":"https:\/\/blogdofarnesio.com.br\/wp-content\/uploads\/2026\/03\/cropped-logo_new-1.png","width":881,"height":685,"caption":"Blog do Farn\u00e9sio"},"image":{"@id":"https:\/\/blogdofarnesio.com.br\/#\/schema\/logo\/image\/"},"sameAs":["https:\/\/www.facebook.com\/BlogQuerSaberPolitica\/"]},{"@type":"Person","@id":"https:\/\/blogdofarnesio.com.br\/#\/schema\/person\/bb9b23ae3ad0609ce8df7b6c9e76824d","name":"Farn\u00e9sio","image":{"@type":"ImageObject","inLanguage":"pt-BR","@id":"https:\/\/secure.gravatar.com\/avatar\/986aa4c61ccdb66f8555bf88fc2a65609d00bcabd4d2d94377a727547345cbca?s=96&d=mm&r=g","url":"https:\/\/secure.gravatar.com\/avatar\/986aa4c61ccdb66f8555bf88fc2a65609d00bcabd4d2d94377a727547345cbca?s=96&d=mm&r=g","contentUrl":"https:\/\/secure.gravatar.com\/avatar\/986aa4c61ccdb66f8555bf88fc2a65609d00bcabd4d2d94377a727547345cbca?s=96&d=mm&r=g","caption":"Farn\u00e9sio"},"description":"Radialista blogueiro, chegou a Petrolina\/Juazeiro em setembro de 1980, Farn\u00e9sio Silva \u00e9 de Arapiraca-Alagoas.","sameAs":["http:\/\/blogdofarnesio.com.br","https:\/\/www.facebook.com\/?ref=tn_tnmn","https:\/\/www.instagram.com\/?utm_source=pwa_homescreen","https:\/\/youtube.com.br\/"],"url":"https:\/\/blogdofarnesio.com.br\/?author=2"}]}},"_links":{"self":[{"href":"https:\/\/blogdofarnesio.com.br\/index.php?rest_route=\/wp\/v2\/posts\/348554","targetHints":{"allow":["GET"]}}],"collection":[{"href":"https:\/\/blogdofarnesio.com.br\/index.php?rest_route=\/wp\/v2\/posts"}],"about":[{"href":"https:\/\/blogdofarnesio.com.br\/index.php?rest_route=\/wp\/v2\/types\/post"}],"author":[{"embeddable":true,"href":"https:\/\/blogdofarnesio.com.br\/index.php?rest_route=\/wp\/v2\/users\/2"}],"replies":[{"embeddable":true,"href":"https:\/\/blogdofarnesio.com.br\/index.php?rest_route=%2Fwp%2Fv2%2Fcomments&post=348554"}],"version-history":[{"count":0,"href":"https:\/\/blogdofarnesio.com.br\/index.php?rest_route=\/wp\/v2\/posts\/348554\/revisions"}],"wp:featuredmedia":[{"embeddable":true,"href":"https:\/\/blogdofarnesio.com.br\/index.php?rest_route=\/wp\/v2\/media\/346173"}],"wp:attachment":[{"href":"https:\/\/blogdofarnesio.com.br\/index.php?rest_route=%2Fwp%2Fv2%2Fmedia&parent=348554"}],"wp:term":[{"taxonomy":"category","embeddable":true,"href":"https:\/\/blogdofarnesio.com.br\/index.php?rest_route=%2Fwp%2Fv2%2Fcategories&post=348554"},{"taxonomy":"post_tag","embeddable":true,"href":"https:\/\/blogdofarnesio.com.br\/index.php?rest_route=%2Fwp%2Fv2%2Ftags&post=348554"}],"curies":[{"name":"wp","href":"https:\/\/api.w.org\/{rel}","templated":true}]}}