{"id":347762,"date":"2023-08-13T09:02:21","date_gmt":"2023-08-13T12:02:21","guid":{"rendered":"https:\/\/blogdofarnesio.com.br\/?p=347762"},"modified":"2023-08-13T09:02:21","modified_gmt":"2023-08-13T12:02:21","slug":"anjo-bom-da-bahia-devotos-e-fieis-celebram-dia-de-santa-dulce-neste-domingo-em-salvador","status":"publish","type":"post","link":"https:\/\/blogdofarnesio.com.br\/?p=347762","title":{"rendered":"Anjo bom da Bahia: Devotos e fi\u00e9is celebram dia de Santa Dulce neste domingo em Salvador"},"content":{"rendered":"<p>Por\u00a0Victor Hernandes<\/p>\n<p>&nbsp;<\/p>\n<p>Devotos e fi\u00e9is celebram neste domingo (13), em Salvador, o dia de Santa Dulce dos Pobres. A primeira santa genuinamente brasileira f9i canonizada e reconhecida pelo papa Francisco em 2019.\u00a0A santa que \u00e9 uma das mais populares da Bahia, \u00e9 conhecida como \u201cO Anjo Bom da Bahia\u201d, por ter zelado pelos mais necessitados e por praticar a\u00e7\u00f5es de caridade, solidariedade e fraternidade.<\/p>\n<p>&nbsp;<\/p>\n<p>A canoniza\u00e7\u00e3o de Dulce foi ratificada ap\u00f3s a cura do m\u00fasico Jos\u00e9 Maur\u00edcio Moreira. Em 2014, ele voltou a enxergar depois de 14 anos, ap\u00f3s pedir \u00e0 Irm\u00e3 Dulce que aliviasse as dores de uma conjuntivite. Segundo seu relato, no dia seguinte, ele voltou a enxergar.\u00a0Em maio de 2019, a cura milagrosa foi reconhecida pelo Vaticano e tornou Irm\u00e3 Dulce apta para ser canonizada\u00a0e se tornar santa.<\/p>\n<p>&nbsp;<\/p>\n<p>Al\u00e9m do homem que relatou ser curado, Santa Dulce ainda possui muitos outros devotos na Bahia, a exemplo da advogada Larissa Loureiro, de 25 anos. Larissa, que chegou a participar no Vaticano da cerim\u00f4nia que canonizou Irm\u00e3 Dulce, contou que a devo\u00e7\u00e3o \u00e0 santa foi passada de sua m\u00e3e e de sua av\u00f3.<\/p>\n<p>&nbsp;<\/p>\n<p>\u201cMinha m\u00e3e e minha v\u00f3 sempre recorreram a Santa Dulce, tanto para pedir ou agradecer. Sempre elas estavam orando para Irm\u00e3 Dulce, pedindo as gra\u00e7as e as b\u00ean\u00e7\u00e3os dela. Minha devo\u00e7\u00e3o come\u00e7ou quando comecei a ler sobre a hist\u00f3ria de Irm\u00e3 Dulce. Fui me interessando muito pela hist\u00f3ria dela por ela fazer o bem sem olhar a quem. Essa f\u00e9 foi passando de gera\u00e7\u00e3o em gera\u00e7\u00e3o, mas n\u00e3o foi imposto. A gente come\u00e7ou a amar da mesma forma uma passando para outra, as experi\u00eancias, a devo\u00e7\u00e3o, o amor as obras dela\u201d, explicou Loureiro.<\/p>\n<p>&nbsp;<\/p>\n<p><em>\u00a0 \u00a0 Advogada no Vaticano \/ Foto: Acervo Pessoal\u00a0<\/em><\/p>\n<p>&nbsp;<\/p>\n<p><strong>Al\u00e9m da import\u00e2ncia religiosa, Irm\u00e3 Dulce ainda continua tendo uma grande import\u00e2ncia para a Bahia e Salvador. Segundo o coordenador nacional da pastoral do turismo da Arquidiocese de Salvador, Manoel Filho, a santa baiana tem contribui\u00e7\u00f5es sociais por ter fundado e acolhido diferentes pessoas da sociedade nas Obras Sociais Irm\u00e3 Dulce (OSID), entidade sem fins lucrativos que re\u00fane complexos de sa\u00fade com atendimento gratuitos\u00a0<\/strong><\/p>\n<p>&nbsp;<\/p>\n<p>\u201cA festa e a canoniza\u00e7\u00e3o de Santa Dulce \u00e9 um engrossar o caldo da espiritualidade em nossa cidade que atrai milhares de pessoas. Al\u00e9m do conte\u00fado religioso espiritual em nossa cidade,\u00a0[Santa Dulce] tamb\u00e9m tem um contributo para a pr\u00f3pria sociedade atrav\u00e9s da gera\u00e7\u00e3o de emprego e renda em torno do turismo em Salvador, na regi\u00e3o da cidade baixa. [&#8230;]\u00a0N\u00e3o apenas cat\u00f3licos foram e s\u00e3o atendidos no Hospital que ela criou, independente de sua cren\u00e7a ou identidade religiosa. Sem d\u00favidas isso gera tamb\u00e9m um respeito grande para ela em toda a sociedade independente da f\u00e9 professada&#8221;, aponta Manoel.<\/p>\n<p>&nbsp;<\/p>\n<p>REPRESENTA\u00c7\u00c3O<\/p>\n<p>A import\u00e2ncia e grande representa\u00e7\u00e3o que a santa tem na Bahia \u00e9 tamb\u00e9m observada pela Arquidiocese de Salvador. De acordo com o Arcebispo de Salvador e Primaz do Brasil, Dom S\u00e9rgio da Rocha, o legado de caridade deixado por Dulce representa um est\u00edmulo para que a sociedade possa ajudar as pessoas que mais necessitam de algum tipo de assist\u00eancia.<\/p>\n<p>&nbsp;<\/p>\n<p>\u201cO testemunho de Santa Dulce serve de exemplo e de est\u00edmulo para que n\u00f3s continuemos hoje, a fazer o que ela fez espontaneamente atrav\u00e9s de iniciativas que cada um de n\u00f3s pode fazer. As obras sociais s\u00e3o exemplos e est\u00edmulos para que n\u00f3s possamos cada vez mais nos dedicar aos mais pobres, aos enfermos, aos que mais sofrem\u201d, ressalta.<\/p>\n<p>&nbsp;<\/p>\n<p>\u201cPor isso o testemunho dela \u00e9 de especial import\u00e2ncia para toda a igreja, mas especialmente para n\u00f3s em Salvador que temos a gra\u00e7a de contar com ela na nossa hist\u00f3ria. Ela se torna ainda mais refer\u00eancia a ser considerada na vida pessoal e sobretudo na a\u00e7\u00e3o pastoral da nossa arquidiocese\u201d, disse.<\/p>\n<p>&nbsp;<\/p>\n<p>O dia de Santa Dulce, que \u00e9 celebrado neste domingo, conta com missas \u00e0s 6h, 8h, 10h, 12h, 14h e 16h, esta \u00faltima ser\u00e1 campal e ser\u00e1 presidida pelo Arcebispo de Salvador e Primaz do Brasil, cardeal Dom S\u00e9rgio da Rocha.\u00a0J\u00e1 \u00e0s 15h a programa\u00e7\u00e3o do festejo a Irm\u00e3 Dulce, conta com apresenta\u00e7\u00e3o musical do Padre Ant\u00f4nio Maria no Largo de Roma.<\/p>\n<p>&nbsp;<\/p>\n<p>\u201cAs pessoas olham para a Irm\u00e3 Dulce e v\u00eaem nela um exemplo de santidade, uma intercessora, algu\u00e9m que conviveu entre n\u00f3s e que agora do c\u00e9u intercede por n\u00f3s. Temos um sentimento de gratid\u00e3o, pois n\u00f3s somos muito gratos a Deus por ter nos dado Santa Dulce, uma santa t\u00e3o pr\u00f3xima de n\u00f3s do nosso tempo que intercede constantemente em favor do povo que recorre a ela essa confian\u00e7a e f\u00e9\u201d, pontuou o reitor do Santu\u00e1rio de Santa Dulce, Frei Icaro Rocha.<\/p>\n","protected":false},"excerpt":{"rendered":"<p>Por\u00a0Victor Hernandes &nbsp; Devotos e fi\u00e9is celebram neste domingo (13), em Salvador, o dia de Santa Dulce dos Pobres. A primeira santa genuinamente brasileira f9i canonizada e reconhecida pelo papa Francisco em 2019.\u00a0A santa que \u00e9 uma das mais populares da Bahia, \u00e9 conhecida como \u201cO Anjo Bom da Bahia\u201d, por ter zelado pelos mais necessitados e por praticar a\u00e7\u00f5es de caridade, solidariedade e fraternidade. &nbsp; A canoniza\u00e7\u00e3o de Dulce foi ratificada ap\u00f3s a cura do m\u00fasico Jos\u00e9 Maur\u00edcio Moreira. Em 2014, ele voltou a enxergar depois de 14 anos, ap\u00f3s pedir \u00e0 Irm\u00e3 Dulce que aliviasse as dores de uma conjuntivite. Segundo seu relato, no dia seguinte, ele voltou a enxergar.\u00a0Em maio de 2019, a cura milagrosa foi reconhecida&hellip; <\/p>\n","protected":false},"author":2,"featured_media":273594,"comment_status":"open","ping_status":"open","sticky":false,"template":"","format":"standard","meta":{"_acf_changed":false,"footnotes":""},"categories":[7],"tags":[],"class_list":["post-347762","post","type-post","status-publish","format-standard","has-post-thumbnail","hentry","category-religiao"],"acf":[],"yoast_head":"<!-- This site is optimized with the Yoast SEO plugin v27.4 - https:\/\/yoast.com\/product\/yoast-seo-wordpress\/ -->\n<title>Anjo bom da Bahia: Devotos e fi\u00e9is celebram dia de Santa Dulce neste domingo em Salvador - Blog do Farn\u00e9sio<\/title>\n<meta name=\"robots\" content=\"index, follow, max-snippet:-1, max-image-preview:large, max-video-preview:-1\" \/>\n<link rel=\"canonical\" href=\"https:\/\/blogdofarnesio.com.br\/?p=347762\" \/>\n<meta property=\"og:locale\" content=\"pt_BR\" \/>\n<meta property=\"og:type\" content=\"article\" \/>\n<meta property=\"og:title\" content=\"Anjo bom da Bahia: Devotos e fi\u00e9is celebram dia de Santa Dulce neste domingo em Salvador - Blog do Farn\u00e9sio\" \/>\n<meta property=\"og:description\" content=\"Por\u00a0Victor Hernandes &nbsp; Devotos e fi\u00e9is celebram neste domingo (13), em Salvador, o dia de Santa Dulce dos Pobres. A primeira santa genuinamente brasileira f9i canonizada e reconhecida pelo papa Francisco em 2019.\u00a0A santa que \u00e9 uma das mais populares da Bahia, \u00e9 conhecida como \u201cO Anjo Bom da Bahia\u201d, por ter zelado pelos mais necessitados e por praticar a\u00e7\u00f5es de caridade, solidariedade e fraternidade. &nbsp; A canoniza\u00e7\u00e3o de Dulce foi ratificada ap\u00f3s a cura do m\u00fasico Jos\u00e9 Maur\u00edcio Moreira. Em 2014, ele voltou a enxergar depois de 14 anos, ap\u00f3s pedir \u00e0 Irm\u00e3 Dulce que aliviasse as dores de uma conjuntivite. Segundo seu relato, no dia seguinte, ele voltou a enxergar.\u00a0Em maio de 2019, a cura milagrosa foi reconhecida&hellip;\" \/>\n<meta property=\"og:url\" content=\"https:\/\/blogdofarnesio.com.br\/?p=347762\" \/>\n<meta property=\"og:site_name\" content=\"Blog do Farn\u00e9sio\" \/>\n<meta property=\"article:publisher\" content=\"https:\/\/www.facebook.com\/BlogQuerSaberPolitica\/\" \/>\n<meta property=\"article:author\" content=\"https:\/\/www.facebook.com\/?ref=tn_tnmn\" \/>\n<meta property=\"article:published_time\" content=\"2023-08-13T12:02:21+00:00\" \/>\n<meta property=\"og:image\" content=\"https:\/\/blogdofarnesio.com.br\/wp-content\/uploads\/2020\/12\/blogqsp.irma-dulce.jpg\" \/>\n\t<meta property=\"og:image:width\" content=\"380\" \/>\n\t<meta property=\"og:image:height\" content=\"280\" \/>\n\t<meta property=\"og:image:type\" content=\"image\/jpeg\" \/>\n<meta name=\"author\" content=\"Farn\u00e9sio\" \/>\n<meta name=\"twitter:card\" content=\"summary_large_image\" \/>\n<meta name=\"twitter:label1\" content=\"Escrito por\" \/>\n\t<meta name=\"twitter:data1\" content=\"Farn\u00e9sio\" \/>\n\t<meta name=\"twitter:label2\" content=\"Est. tempo de leitura\" \/>\n\t<meta name=\"twitter:data2\" content=\"5 minutos\" \/>\n<script type=\"application\/ld+json\" class=\"yoast-schema-graph\">{\"@context\":\"https:\\\/\\\/schema.org\",\"@graph\":[{\"@type\":\"Article\",\"@id\":\"https:\\\/\\\/blogdofarnesio.com.br\\\/?p=347762#article\",\"isPartOf\":{\"@id\":\"https:\\\/\\\/blogdofarnesio.com.br\\\/?p=347762\"},\"author\":{\"name\":\"Farn\u00e9sio\",\"@id\":\"https:\\\/\\\/blogdofarnesio.com.br\\\/#\\\/schema\\\/person\\\/bb9b23ae3ad0609ce8df7b6c9e76824d\"},\"headline\":\"Anjo bom da Bahia: Devotos e fi\u00e9is celebram dia de Santa Dulce neste domingo em Salvador\",\"datePublished\":\"2023-08-13T12:02:21+00:00\",\"mainEntityOfPage\":{\"@id\":\"https:\\\/\\\/blogdofarnesio.com.br\\\/?p=347762\"},\"wordCount\":861,\"commentCount\":0,\"publisher\":{\"@id\":\"https:\\\/\\\/blogdofarnesio.com.br\\\/#organization\"},\"image\":{\"@id\":\"https:\\\/\\\/blogdofarnesio.com.br\\\/?p=347762#primaryimage\"},\"thumbnailUrl\":\"https:\\\/\\\/blogdofarnesio.com.br\\\/wp-content\\\/uploads\\\/2020\\\/12\\\/blogqsp.irma-dulce.jpg\",\"articleSection\":[\"Religi\u00e3o\"],\"inLanguage\":\"pt-BR\",\"potentialAction\":[{\"@type\":\"CommentAction\",\"name\":\"Comment\",\"target\":[\"https:\\\/\\\/blogdofarnesio.com.br\\\/?p=347762#respond\"]}]},{\"@type\":\"WebPage\",\"@id\":\"https:\\\/\\\/blogdofarnesio.com.br\\\/?p=347762\",\"url\":\"https:\\\/\\\/blogdofarnesio.com.br\\\/?p=347762\",\"name\":\"Anjo bom da Bahia: Devotos e fi\u00e9is celebram dia de Santa Dulce neste domingo em Salvador - Blog do Farn\u00e9sio\",\"isPartOf\":{\"@id\":\"https:\\\/\\\/blogdofarnesio.com.br\\\/#website\"},\"primaryImageOfPage\":{\"@id\":\"https:\\\/\\\/blogdofarnesio.com.br\\\/?p=347762#primaryimage\"},\"image\":{\"@id\":\"https:\\\/\\\/blogdofarnesio.com.br\\\/?p=347762#primaryimage\"},\"thumbnailUrl\":\"https:\\\/\\\/blogdofarnesio.com.br\\\/wp-content\\\/uploads\\\/2020\\\/12\\\/blogqsp.irma-dulce.jpg\",\"datePublished\":\"2023-08-13T12:02:21+00:00\",\"breadcrumb\":{\"@id\":\"https:\\\/\\\/blogdofarnesio.com.br\\\/?p=347762#breadcrumb\"},\"inLanguage\":\"pt-BR\",\"potentialAction\":[{\"@type\":\"ReadAction\",\"target\":[\"https:\\\/\\\/blogdofarnesio.com.br\\\/?p=347762\"]}]},{\"@type\":\"ImageObject\",\"inLanguage\":\"pt-BR\",\"@id\":\"https:\\\/\\\/blogdofarnesio.com.br\\\/?p=347762#primaryimage\",\"url\":\"https:\\\/\\\/blogdofarnesio.com.br\\\/wp-content\\\/uploads\\\/2020\\\/12\\\/blogqsp.irma-dulce.jpg\",\"contentUrl\":\"https:\\\/\\\/blogdofarnesio.com.br\\\/wp-content\\\/uploads\\\/2020\\\/12\\\/blogqsp.irma-dulce.jpg\",\"width\":380,\"height\":280},{\"@type\":\"BreadcrumbList\",\"@id\":\"https:\\\/\\\/blogdofarnesio.com.br\\\/?p=347762#breadcrumb\",\"itemListElement\":[{\"@type\":\"ListItem\",\"position\":1,\"name\":\"In\u00edcio\",\"item\":\"https:\\\/\\\/blogdofarnesio.com.br\\\/\"},{\"@type\":\"ListItem\",\"position\":2,\"name\":\"Anjo bom da Bahia: Devotos e fi\u00e9is celebram dia de Santa Dulce neste domingo em Salvador\"}]},{\"@type\":\"WebSite\",\"@id\":\"https:\\\/\\\/blogdofarnesio.com.br\\\/#website\",\"url\":\"https:\\\/\\\/blogdofarnesio.com.br\\\/\",\"name\":\"Blog do Farn\u00e9sio\",\"description\":\"Quer Saber Pol\u00edtica?\",\"publisher\":{\"@id\":\"https:\\\/\\\/blogdofarnesio.com.br\\\/#organization\"},\"potentialAction\":[{\"@type\":\"SearchAction\",\"target\":{\"@type\":\"EntryPoint\",\"urlTemplate\":\"https:\\\/\\\/blogdofarnesio.com.br\\\/?s={search_term_string}\"},\"query-input\":{\"@type\":\"PropertyValueSpecification\",\"valueRequired\":true,\"valueName\":\"search_term_string\"}}],\"inLanguage\":\"pt-BR\"},{\"@type\":\"Organization\",\"@id\":\"https:\\\/\\\/blogdofarnesio.com.br\\\/#organization\",\"name\":\"Blog do Farn\u00e9sio\",\"url\":\"https:\\\/\\\/blogdofarnesio.com.br\\\/\",\"logo\":{\"@type\":\"ImageObject\",\"inLanguage\":\"pt-BR\",\"@id\":\"https:\\\/\\\/blogdofarnesio.com.br\\\/#\\\/schema\\\/logo\\\/image\\\/\",\"url\":\"https:\\\/\\\/blogdofarnesio.com.br\\\/wp-content\\\/uploads\\\/2026\\\/03\\\/cropped-logo_new-1.png\",\"contentUrl\":\"https:\\\/\\\/blogdofarnesio.com.br\\\/wp-content\\\/uploads\\\/2026\\\/03\\\/cropped-logo_new-1.png\",\"width\":881,\"height\":685,\"caption\":\"Blog do Farn\u00e9sio\"},\"image\":{\"@id\":\"https:\\\/\\\/blogdofarnesio.com.br\\\/#\\\/schema\\\/logo\\\/image\\\/\"},\"sameAs\":[\"https:\\\/\\\/www.facebook.com\\\/BlogQuerSaberPolitica\\\/\"]},{\"@type\":\"Person\",\"@id\":\"https:\\\/\\\/blogdofarnesio.com.br\\\/#\\\/schema\\\/person\\\/bb9b23ae3ad0609ce8df7b6c9e76824d\",\"name\":\"Farn\u00e9sio\",\"image\":{\"@type\":\"ImageObject\",\"inLanguage\":\"pt-BR\",\"@id\":\"https:\\\/\\\/secure.gravatar.com\\\/avatar\\\/986aa4c61ccdb66f8555bf88fc2a65609d00bcabd4d2d94377a727547345cbca?s=96&d=mm&r=g\",\"url\":\"https:\\\/\\\/secure.gravatar.com\\\/avatar\\\/986aa4c61ccdb66f8555bf88fc2a65609d00bcabd4d2d94377a727547345cbca?s=96&d=mm&r=g\",\"contentUrl\":\"https:\\\/\\\/secure.gravatar.com\\\/avatar\\\/986aa4c61ccdb66f8555bf88fc2a65609d00bcabd4d2d94377a727547345cbca?s=96&d=mm&r=g\",\"caption\":\"Farn\u00e9sio\"},\"description\":\"Radialista blogueiro, chegou a Petrolina\\\/Juazeiro em setembro de 1980, Farn\u00e9sio Silva \u00e9 de Arapiraca-Alagoas.\",\"sameAs\":[\"http:\\\/\\\/blogdofarnesio.com.br\",\"https:\\\/\\\/www.facebook.com\\\/?ref=tn_tnmn\",\"https:\\\/\\\/www.instagram.com\\\/?utm_source=pwa_homescreen\",\"https:\\\/\\\/youtube.com.br\\\/\"],\"url\":\"https:\\\/\\\/blogdofarnesio.com.br\\\/?author=2\"}]}<\/script>\n<!-- \/ Yoast SEO plugin. -->","yoast_head_json":{"title":"Anjo bom da Bahia: Devotos e fi\u00e9is celebram dia de Santa Dulce neste domingo em Salvador - Blog do Farn\u00e9sio","robots":{"index":"index","follow":"follow","max-snippet":"max-snippet:-1","max-image-preview":"max-image-preview:large","max-video-preview":"max-video-preview:-1"},"canonical":"https:\/\/blogdofarnesio.com.br\/?p=347762","og_locale":"pt_BR","og_type":"article","og_title":"Anjo bom da Bahia: Devotos e fi\u00e9is celebram dia de Santa Dulce neste domingo em Salvador - Blog do Farn\u00e9sio","og_description":"Por\u00a0Victor Hernandes &nbsp; Devotos e fi\u00e9is celebram neste domingo (13), em Salvador, o dia de Santa Dulce dos Pobres. A primeira santa genuinamente brasileira f9i canonizada e reconhecida pelo papa Francisco em 2019.\u00a0A santa que \u00e9 uma das mais populares da Bahia, \u00e9 conhecida como \u201cO Anjo Bom da Bahia\u201d, por ter zelado pelos mais necessitados e por praticar a\u00e7\u00f5es de caridade, solidariedade e fraternidade. &nbsp; A canoniza\u00e7\u00e3o de Dulce foi ratificada ap\u00f3s a cura do m\u00fasico Jos\u00e9 Maur\u00edcio Moreira. Em 2014, ele voltou a enxergar depois de 14 anos, ap\u00f3s pedir \u00e0 Irm\u00e3 Dulce que aliviasse as dores de uma conjuntivite. Segundo seu relato, no dia seguinte, ele voltou a enxergar.\u00a0Em maio de 2019, a cura milagrosa foi reconhecida&hellip;","og_url":"https:\/\/blogdofarnesio.com.br\/?p=347762","og_site_name":"Blog do Farn\u00e9sio","article_publisher":"https:\/\/www.facebook.com\/BlogQuerSaberPolitica\/","article_author":"https:\/\/www.facebook.com\/?ref=tn_tnmn","article_published_time":"2023-08-13T12:02:21+00:00","og_image":[{"width":380,"height":280,"url":"https:\/\/blogdofarnesio.com.br\/wp-content\/uploads\/2020\/12\/blogqsp.irma-dulce.jpg","type":"image\/jpeg"}],"author":"Farn\u00e9sio","twitter_card":"summary_large_image","twitter_misc":{"Escrito por":"Farn\u00e9sio","Est. tempo de leitura":"5 minutos"},"schema":{"@context":"https:\/\/schema.org","@graph":[{"@type":"Article","@id":"https:\/\/blogdofarnesio.com.br\/?p=347762#article","isPartOf":{"@id":"https:\/\/blogdofarnesio.com.br\/?p=347762"},"author":{"name":"Farn\u00e9sio","@id":"https:\/\/blogdofarnesio.com.br\/#\/schema\/person\/bb9b23ae3ad0609ce8df7b6c9e76824d"},"headline":"Anjo bom da Bahia: Devotos e fi\u00e9is celebram dia de Santa Dulce neste domingo em Salvador","datePublished":"2023-08-13T12:02:21+00:00","mainEntityOfPage":{"@id":"https:\/\/blogdofarnesio.com.br\/?p=347762"},"wordCount":861,"commentCount":0,"publisher":{"@id":"https:\/\/blogdofarnesio.com.br\/#organization"},"image":{"@id":"https:\/\/blogdofarnesio.com.br\/?p=347762#primaryimage"},"thumbnailUrl":"https:\/\/blogdofarnesio.com.br\/wp-content\/uploads\/2020\/12\/blogqsp.irma-dulce.jpg","articleSection":["Religi\u00e3o"],"inLanguage":"pt-BR","potentialAction":[{"@type":"CommentAction","name":"Comment","target":["https:\/\/blogdofarnesio.com.br\/?p=347762#respond"]}]},{"@type":"WebPage","@id":"https:\/\/blogdofarnesio.com.br\/?p=347762","url":"https:\/\/blogdofarnesio.com.br\/?p=347762","name":"Anjo bom da Bahia: Devotos e fi\u00e9is celebram dia de Santa Dulce neste domingo em Salvador - Blog do Farn\u00e9sio","isPartOf":{"@id":"https:\/\/blogdofarnesio.com.br\/#website"},"primaryImageOfPage":{"@id":"https:\/\/blogdofarnesio.com.br\/?p=347762#primaryimage"},"image":{"@id":"https:\/\/blogdofarnesio.com.br\/?p=347762#primaryimage"},"thumbnailUrl":"https:\/\/blogdofarnesio.com.br\/wp-content\/uploads\/2020\/12\/blogqsp.irma-dulce.jpg","datePublished":"2023-08-13T12:02:21+00:00","breadcrumb":{"@id":"https:\/\/blogdofarnesio.com.br\/?p=347762#breadcrumb"},"inLanguage":"pt-BR","potentialAction":[{"@type":"ReadAction","target":["https:\/\/blogdofarnesio.com.br\/?p=347762"]}]},{"@type":"ImageObject","inLanguage":"pt-BR","@id":"https:\/\/blogdofarnesio.com.br\/?p=347762#primaryimage","url":"https:\/\/blogdofarnesio.com.br\/wp-content\/uploads\/2020\/12\/blogqsp.irma-dulce.jpg","contentUrl":"https:\/\/blogdofarnesio.com.br\/wp-content\/uploads\/2020\/12\/blogqsp.irma-dulce.jpg","width":380,"height":280},{"@type":"BreadcrumbList","@id":"https:\/\/blogdofarnesio.com.br\/?p=347762#breadcrumb","itemListElement":[{"@type":"ListItem","position":1,"name":"In\u00edcio","item":"https:\/\/blogdofarnesio.com.br\/"},{"@type":"ListItem","position":2,"name":"Anjo bom da Bahia: Devotos e fi\u00e9is celebram dia de Santa Dulce neste domingo em Salvador"}]},{"@type":"WebSite","@id":"https:\/\/blogdofarnesio.com.br\/#website","url":"https:\/\/blogdofarnesio.com.br\/","name":"Blog do Farn\u00e9sio","description":"Quer Saber Pol\u00edtica?","publisher":{"@id":"https:\/\/blogdofarnesio.com.br\/#organization"},"potentialAction":[{"@type":"SearchAction","target":{"@type":"EntryPoint","urlTemplate":"https:\/\/blogdofarnesio.com.br\/?s={search_term_string}"},"query-input":{"@type":"PropertyValueSpecification","valueRequired":true,"valueName":"search_term_string"}}],"inLanguage":"pt-BR"},{"@type":"Organization","@id":"https:\/\/blogdofarnesio.com.br\/#organization","name":"Blog do Farn\u00e9sio","url":"https:\/\/blogdofarnesio.com.br\/","logo":{"@type":"ImageObject","inLanguage":"pt-BR","@id":"https:\/\/blogdofarnesio.com.br\/#\/schema\/logo\/image\/","url":"https:\/\/blogdofarnesio.com.br\/wp-content\/uploads\/2026\/03\/cropped-logo_new-1.png","contentUrl":"https:\/\/blogdofarnesio.com.br\/wp-content\/uploads\/2026\/03\/cropped-logo_new-1.png","width":881,"height":685,"caption":"Blog do Farn\u00e9sio"},"image":{"@id":"https:\/\/blogdofarnesio.com.br\/#\/schema\/logo\/image\/"},"sameAs":["https:\/\/www.facebook.com\/BlogQuerSaberPolitica\/"]},{"@type":"Person","@id":"https:\/\/blogdofarnesio.com.br\/#\/schema\/person\/bb9b23ae3ad0609ce8df7b6c9e76824d","name":"Farn\u00e9sio","image":{"@type":"ImageObject","inLanguage":"pt-BR","@id":"https:\/\/secure.gravatar.com\/avatar\/986aa4c61ccdb66f8555bf88fc2a65609d00bcabd4d2d94377a727547345cbca?s=96&d=mm&r=g","url":"https:\/\/secure.gravatar.com\/avatar\/986aa4c61ccdb66f8555bf88fc2a65609d00bcabd4d2d94377a727547345cbca?s=96&d=mm&r=g","contentUrl":"https:\/\/secure.gravatar.com\/avatar\/986aa4c61ccdb66f8555bf88fc2a65609d00bcabd4d2d94377a727547345cbca?s=96&d=mm&r=g","caption":"Farn\u00e9sio"},"description":"Radialista blogueiro, chegou a Petrolina\/Juazeiro em setembro de 1980, Farn\u00e9sio Silva \u00e9 de Arapiraca-Alagoas.","sameAs":["http:\/\/blogdofarnesio.com.br","https:\/\/www.facebook.com\/?ref=tn_tnmn","https:\/\/www.instagram.com\/?utm_source=pwa_homescreen","https:\/\/youtube.com.br\/"],"url":"https:\/\/blogdofarnesio.com.br\/?author=2"}]}},"_links":{"self":[{"href":"https:\/\/blogdofarnesio.com.br\/index.php?rest_route=\/wp\/v2\/posts\/347762","targetHints":{"allow":["GET"]}}],"collection":[{"href":"https:\/\/blogdofarnesio.com.br\/index.php?rest_route=\/wp\/v2\/posts"}],"about":[{"href":"https:\/\/blogdofarnesio.com.br\/index.php?rest_route=\/wp\/v2\/types\/post"}],"author":[{"embeddable":true,"href":"https:\/\/blogdofarnesio.com.br\/index.php?rest_route=\/wp\/v2\/users\/2"}],"replies":[{"embeddable":true,"href":"https:\/\/blogdofarnesio.com.br\/index.php?rest_route=%2Fwp%2Fv2%2Fcomments&post=347762"}],"version-history":[{"count":0,"href":"https:\/\/blogdofarnesio.com.br\/index.php?rest_route=\/wp\/v2\/posts\/347762\/revisions"}],"wp:featuredmedia":[{"embeddable":true,"href":"https:\/\/blogdofarnesio.com.br\/index.php?rest_route=\/wp\/v2\/media\/273594"}],"wp:attachment":[{"href":"https:\/\/blogdofarnesio.com.br\/index.php?rest_route=%2Fwp%2Fv2%2Fmedia&parent=347762"}],"wp:term":[{"taxonomy":"category","embeddable":true,"href":"https:\/\/blogdofarnesio.com.br\/index.php?rest_route=%2Fwp%2Fv2%2Fcategories&post=347762"},{"taxonomy":"post_tag","embeddable":true,"href":"https:\/\/blogdofarnesio.com.br\/index.php?rest_route=%2Fwp%2Fv2%2Ftags&post=347762"}],"curies":[{"name":"wp","href":"https:\/\/api.w.org\/{rel}","templated":true}]}}