{"id":347751,"date":"2023-08-13T08:00:24","date_gmt":"2023-08-13T11:00:24","guid":{"rendered":"https:\/\/blogdofarnesio.com.br\/?p=347751"},"modified":"2023-08-13T06:43:29","modified_gmt":"2023-08-13T09:43:29","slug":"blogqsp-realiza-a-partir-de-hoje-primeira-enquete-sobre-a-preferencia-para-prefeito-de-petrolina-nas-eleicoes-2024","status":"publish","type":"post","link":"https:\/\/blogdofarnesio.com.br\/?p=347751","title":{"rendered":"BlogQSP realiza a partir de hoje,  primeira enquete sobre a preferencia para prefeito de Petrolina nas elei\u00e7\u00f5es 2024"},"content":{"rendered":"<p>BlogQSP realiza a partir de hoje (13), a primeira de uma s\u00e9rie de enquetes pelas cidades da regi\u00e3o, sobre a prefer\u00eancia do eleitor para a prefeito nas elei\u00e7\u00f5es 2024, que tamb\u00e9m servir\u00e3o para a renova\u00e7\u00e3o das c\u00e2maras de vereadores das cidades de todo pa\u00eds. Nessa primeira enquete, queremos saber da opini\u00e3o do eleitor de Petrolina, sobre sua poss\u00edvel prefer\u00eancia para prefeito da cidade ano que vem.<\/p>\n<p>Disponibilizamos v\u00e1rios nomes, que por uma raz\u00e3o ou outra, se colocam como poss\u00edveis pr\u00e9-candidatos ao Pal\u00e1cio da Guararapes. Pessoas que j\u00e1 estiveram a disposi\u00e7\u00e3o da escolha do eleitor em outros escrut\u00ednios ou que ultimamente tiveram seu nome ventilado para a empreitada. Outros\u00a0 nomes que n\u00e3o os expostos podem surgir no decorrer dos pr\u00f3ximos 20 dias, tempo em que esta enquete estar\u00e1 a disposi\u00e7\u00e3o dos seguidores do BlogQSP.<\/p>\n<p>A enquete, vale salientar ,n\u00e3o tem nenhum valor cient\u00edfico, serve apenas para aumentar o debate sobre as elei\u00e7\u00f5es do pr\u00f3ximo ano<\/p>\n<p>D\u00ea sua opini\u00e3o<\/p>\n<p>JFarn\u00e9sio Silva<\/p>\n","protected":false},"excerpt":{"rendered":"<p>BlogQSP realiza a partir de hoje (13), a primeira de uma s\u00e9rie de enquetes pelas cidades da regi\u00e3o, sobre a prefer\u00eancia do eleitor para a prefeito nas elei\u00e7\u00f5es 2024, que tamb\u00e9m servir\u00e3o para a renova\u00e7\u00e3o das c\u00e2maras de vereadores das cidades de todo pa\u00eds. Nessa primeira enquete, queremos saber da opini\u00e3o do eleitor de Petrolina, sobre sua poss\u00edvel prefer\u00eancia para prefeito da cidade ano que vem. Disponibilizamos v\u00e1rios nomes, que por uma raz\u00e3o ou outra, se colocam como poss\u00edveis pr\u00e9-candidatos ao Pal\u00e1cio da Guararapes. Pessoas que j\u00e1 estiveram a disposi\u00e7\u00e3o da escolha do eleitor em outros escrut\u00ednios ou que ultimamente tiveram seu nome ventilado para a empreitada. Outros\u00a0 nomes que n\u00e3o os expostos podem surgir no decorrer dos pr\u00f3ximos 20&hellip; <\/p>\n","protected":false},"author":2,"featured_media":347753,"comment_status":"open","ping_status":"open","sticky":false,"template":"","format":"standard","meta":{"_acf_changed":false,"footnotes":""},"categories":[51],"tags":[],"class_list":["post-347751","post","type-post","status-publish","format-standard","has-post-thumbnail","hentry","category-pesquisa"],"acf":[],"yoast_head":"<!-- This site is optimized with the Yoast SEO plugin v27.4 - https:\/\/yoast.com\/product\/yoast-seo-wordpress\/ -->\n<title>BlogQSP realiza a partir de hoje, primeira enquete sobre a preferencia para prefeito de Petrolina nas elei\u00e7\u00f5es 2024 - Blog do Farn\u00e9sio<\/title>\n<meta name=\"robots\" content=\"index, follow, max-snippet:-1, max-image-preview:large, max-video-preview:-1\" \/>\n<link rel=\"canonical\" href=\"https:\/\/blogdofarnesio.com.br\/?p=347751\" \/>\n<meta property=\"og:locale\" content=\"pt_BR\" \/>\n<meta property=\"og:type\" content=\"article\" \/>\n<meta property=\"og:title\" content=\"BlogQSP realiza a partir de hoje, primeira enquete sobre a preferencia para prefeito de Petrolina nas elei\u00e7\u00f5es 2024 - Blog do Farn\u00e9sio\" \/>\n<meta property=\"og:description\" content=\"BlogQSP realiza a partir de hoje (13), a primeira de uma s\u00e9rie de enquetes pelas cidades da regi\u00e3o, sobre a prefer\u00eancia do eleitor para a prefeito nas elei\u00e7\u00f5es 2024, que tamb\u00e9m servir\u00e3o para a renova\u00e7\u00e3o das c\u00e2maras de vereadores das cidades de todo pa\u00eds. Nessa primeira enquete, queremos saber da opini\u00e3o do eleitor de Petrolina, sobre sua poss\u00edvel prefer\u00eancia para prefeito da cidade ano que vem. Disponibilizamos v\u00e1rios nomes, que por uma raz\u00e3o ou outra, se colocam como poss\u00edveis pr\u00e9-candidatos ao Pal\u00e1cio da Guararapes. Pessoas que j\u00e1 estiveram a disposi\u00e7\u00e3o da escolha do eleitor em outros escrut\u00ednios ou que ultimamente tiveram seu nome ventilado para a empreitada. Outros\u00a0 nomes que n\u00e3o os expostos podem surgir no decorrer dos pr\u00f3ximos 20&hellip;\" \/>\n<meta property=\"og:url\" content=\"https:\/\/blogdofarnesio.com.br\/?p=347751\" \/>\n<meta property=\"og:site_name\" content=\"Blog do Farn\u00e9sio\" \/>\n<meta property=\"article:publisher\" content=\"https:\/\/www.facebook.com\/BlogQuerSaberPolitica\/\" \/>\n<meta property=\"article:author\" content=\"https:\/\/www.facebook.com\/?ref=tn_tnmn\" \/>\n<meta property=\"article:published_time\" content=\"2023-08-13T11:00:24+00:00\" \/>\n<meta property=\"og:image\" content=\"https:\/\/blogdofarnesio.com.br\/wp-content\/uploads\/2023\/08\/blogqspEnquete-e1691875867407.jpg\" \/>\n\t<meta property=\"og:image:width\" content=\"512\" \/>\n\t<meta property=\"og:image:height\" content=\"363\" \/>\n\t<meta property=\"og:image:type\" content=\"image\/jpeg\" \/>\n<meta name=\"author\" content=\"Farn\u00e9sio\" \/>\n<meta name=\"twitter:card\" content=\"summary_large_image\" \/>\n<meta name=\"twitter:label1\" content=\"Escrito por\" \/>\n\t<meta name=\"twitter:data1\" content=\"Farn\u00e9sio\" \/>\n\t<meta name=\"twitter:label2\" content=\"Est. tempo de leitura\" \/>\n\t<meta name=\"twitter:data2\" content=\"1 minuto\" \/>\n<script type=\"application\/ld+json\" class=\"yoast-schema-graph\">{\"@context\":\"https:\\\/\\\/schema.org\",\"@graph\":[{\"@type\":\"Article\",\"@id\":\"https:\\\/\\\/blogdofarnesio.com.br\\\/?p=347751#article\",\"isPartOf\":{\"@id\":\"https:\\\/\\\/blogdofarnesio.com.br\\\/?p=347751\"},\"author\":{\"name\":\"Farn\u00e9sio\",\"@id\":\"https:\\\/\\\/blogdofarnesio.com.br\\\/#\\\/schema\\\/person\\\/bb9b23ae3ad0609ce8df7b6c9e76824d\"},\"headline\":\"BlogQSP realiza a partir de hoje, primeira enquete sobre a preferencia para prefeito de Petrolina nas elei\u00e7\u00f5es 2024\",\"datePublished\":\"2023-08-13T11:00:24+00:00\",\"mainEntityOfPage\":{\"@id\":\"https:\\\/\\\/blogdofarnesio.com.br\\\/?p=347751\"},\"wordCount\":202,\"commentCount\":1,\"publisher\":{\"@id\":\"https:\\\/\\\/blogdofarnesio.com.br\\\/#organization\"},\"image\":{\"@id\":\"https:\\\/\\\/blogdofarnesio.com.br\\\/?p=347751#primaryimage\"},\"thumbnailUrl\":\"https:\\\/\\\/blogdofarnesio.com.br\\\/wp-content\\\/uploads\\\/2023\\\/08\\\/blogqspEnquete-e1691875867407.jpg\",\"articleSection\":[\"Pesquisa\"],\"inLanguage\":\"pt-BR\",\"potentialAction\":[{\"@type\":\"CommentAction\",\"name\":\"Comment\",\"target\":[\"https:\\\/\\\/blogdofarnesio.com.br\\\/?p=347751#respond\"]}]},{\"@type\":\"WebPage\",\"@id\":\"https:\\\/\\\/blogdofarnesio.com.br\\\/?p=347751\",\"url\":\"https:\\\/\\\/blogdofarnesio.com.br\\\/?p=347751\",\"name\":\"BlogQSP realiza a partir de hoje, primeira enquete sobre a preferencia para prefeito de Petrolina nas elei\u00e7\u00f5es 2024 - Blog do Farn\u00e9sio\",\"isPartOf\":{\"@id\":\"https:\\\/\\\/blogdofarnesio.com.br\\\/#website\"},\"primaryImageOfPage\":{\"@id\":\"https:\\\/\\\/blogdofarnesio.com.br\\\/?p=347751#primaryimage\"},\"image\":{\"@id\":\"https:\\\/\\\/blogdofarnesio.com.br\\\/?p=347751#primaryimage\"},\"thumbnailUrl\":\"https:\\\/\\\/blogdofarnesio.com.br\\\/wp-content\\\/uploads\\\/2023\\\/08\\\/blogqspEnquete-e1691875867407.jpg\",\"datePublished\":\"2023-08-13T11:00:24+00:00\",\"breadcrumb\":{\"@id\":\"https:\\\/\\\/blogdofarnesio.com.br\\\/?p=347751#breadcrumb\"},\"inLanguage\":\"pt-BR\",\"potentialAction\":[{\"@type\":\"ReadAction\",\"target\":[\"https:\\\/\\\/blogdofarnesio.com.br\\\/?p=347751\"]}]},{\"@type\":\"ImageObject\",\"inLanguage\":\"pt-BR\",\"@id\":\"https:\\\/\\\/blogdofarnesio.com.br\\\/?p=347751#primaryimage\",\"url\":\"https:\\\/\\\/blogdofarnesio.com.br\\\/wp-content\\\/uploads\\\/2023\\\/08\\\/blogqspEnquete-e1691875867407.jpg\",\"contentUrl\":\"https:\\\/\\\/blogdofarnesio.com.br\\\/wp-content\\\/uploads\\\/2023\\\/08\\\/blogqspEnquete-e1691875867407.jpg\",\"width\":512,\"height\":363},{\"@type\":\"BreadcrumbList\",\"@id\":\"https:\\\/\\\/blogdofarnesio.com.br\\\/?p=347751#breadcrumb\",\"itemListElement\":[{\"@type\":\"ListItem\",\"position\":1,\"name\":\"In\u00edcio\",\"item\":\"https:\\\/\\\/blogdofarnesio.com.br\\\/\"},{\"@type\":\"ListItem\",\"position\":2,\"name\":\"BlogQSP realiza a partir de hoje, primeira enquete sobre a preferencia para prefeito de Petrolina nas elei\u00e7\u00f5es 2024\"}]},{\"@type\":\"WebSite\",\"@id\":\"https:\\\/\\\/blogdofarnesio.com.br\\\/#website\",\"url\":\"https:\\\/\\\/blogdofarnesio.com.br\\\/\",\"name\":\"Blog do Farn\u00e9sio\",\"description\":\"Quer Saber Pol\u00edtica?\",\"publisher\":{\"@id\":\"https:\\\/\\\/blogdofarnesio.com.br\\\/#organization\"},\"potentialAction\":[{\"@type\":\"SearchAction\",\"target\":{\"@type\":\"EntryPoint\",\"urlTemplate\":\"https:\\\/\\\/blogdofarnesio.com.br\\\/?s={search_term_string}\"},\"query-input\":{\"@type\":\"PropertyValueSpecification\",\"valueRequired\":true,\"valueName\":\"search_term_string\"}}],\"inLanguage\":\"pt-BR\"},{\"@type\":\"Organization\",\"@id\":\"https:\\\/\\\/blogdofarnesio.com.br\\\/#organization\",\"name\":\"Blog do Farn\u00e9sio\",\"url\":\"https:\\\/\\\/blogdofarnesio.com.br\\\/\",\"logo\":{\"@type\":\"ImageObject\",\"inLanguage\":\"pt-BR\",\"@id\":\"https:\\\/\\\/blogdofarnesio.com.br\\\/#\\\/schema\\\/logo\\\/image\\\/\",\"url\":\"https:\\\/\\\/blogdofarnesio.com.br\\\/wp-content\\\/uploads\\\/2026\\\/03\\\/cropped-logo_new-1.png\",\"contentUrl\":\"https:\\\/\\\/blogdofarnesio.com.br\\\/wp-content\\\/uploads\\\/2026\\\/03\\\/cropped-logo_new-1.png\",\"width\":881,\"height\":685,\"caption\":\"Blog do Farn\u00e9sio\"},\"image\":{\"@id\":\"https:\\\/\\\/blogdofarnesio.com.br\\\/#\\\/schema\\\/logo\\\/image\\\/\"},\"sameAs\":[\"https:\\\/\\\/www.facebook.com\\\/BlogQuerSaberPolitica\\\/\"]},{\"@type\":\"Person\",\"@id\":\"https:\\\/\\\/blogdofarnesio.com.br\\\/#\\\/schema\\\/person\\\/bb9b23ae3ad0609ce8df7b6c9e76824d\",\"name\":\"Farn\u00e9sio\",\"image\":{\"@type\":\"ImageObject\",\"inLanguage\":\"pt-BR\",\"@id\":\"https:\\\/\\\/secure.gravatar.com\\\/avatar\\\/986aa4c61ccdb66f8555bf88fc2a65609d00bcabd4d2d94377a727547345cbca?s=96&d=mm&r=g\",\"url\":\"https:\\\/\\\/secure.gravatar.com\\\/avatar\\\/986aa4c61ccdb66f8555bf88fc2a65609d00bcabd4d2d94377a727547345cbca?s=96&d=mm&r=g\",\"contentUrl\":\"https:\\\/\\\/secure.gravatar.com\\\/avatar\\\/986aa4c61ccdb66f8555bf88fc2a65609d00bcabd4d2d94377a727547345cbca?s=96&d=mm&r=g\",\"caption\":\"Farn\u00e9sio\"},\"description\":\"Radialista blogueiro, chegou a Petrolina\\\/Juazeiro em setembro de 1980, Farn\u00e9sio Silva \u00e9 de Arapiraca-Alagoas.\",\"sameAs\":[\"http:\\\/\\\/blogdofarnesio.com.br\",\"https:\\\/\\\/www.facebook.com\\\/?ref=tn_tnmn\",\"https:\\\/\\\/www.instagram.com\\\/?utm_source=pwa_homescreen\",\"https:\\\/\\\/youtube.com.br\\\/\"],\"url\":\"https:\\\/\\\/blogdofarnesio.com.br\\\/?author=2\"}]}<\/script>\n<!-- \/ Yoast SEO plugin. -->","yoast_head_json":{"title":"BlogQSP realiza a partir de hoje, primeira enquete sobre a preferencia para prefeito de Petrolina nas elei\u00e7\u00f5es 2024 - Blog do Farn\u00e9sio","robots":{"index":"index","follow":"follow","max-snippet":"max-snippet:-1","max-image-preview":"max-image-preview:large","max-video-preview":"max-video-preview:-1"},"canonical":"https:\/\/blogdofarnesio.com.br\/?p=347751","og_locale":"pt_BR","og_type":"article","og_title":"BlogQSP realiza a partir de hoje, primeira enquete sobre a preferencia para prefeito de Petrolina nas elei\u00e7\u00f5es 2024 - Blog do Farn\u00e9sio","og_description":"BlogQSP realiza a partir de hoje (13), a primeira de uma s\u00e9rie de enquetes pelas cidades da regi\u00e3o, sobre a prefer\u00eancia do eleitor para a prefeito nas elei\u00e7\u00f5es 2024, que tamb\u00e9m servir\u00e3o para a renova\u00e7\u00e3o das c\u00e2maras de vereadores das cidades de todo pa\u00eds. Nessa primeira enquete, queremos saber da opini\u00e3o do eleitor de Petrolina, sobre sua poss\u00edvel prefer\u00eancia para prefeito da cidade ano que vem. Disponibilizamos v\u00e1rios nomes, que por uma raz\u00e3o ou outra, se colocam como poss\u00edveis pr\u00e9-candidatos ao Pal\u00e1cio da Guararapes. Pessoas que j\u00e1 estiveram a disposi\u00e7\u00e3o da escolha do eleitor em outros escrut\u00ednios ou que ultimamente tiveram seu nome ventilado para a empreitada. Outros\u00a0 nomes que n\u00e3o os expostos podem surgir no decorrer dos pr\u00f3ximos 20&hellip;","og_url":"https:\/\/blogdofarnesio.com.br\/?p=347751","og_site_name":"Blog do Farn\u00e9sio","article_publisher":"https:\/\/www.facebook.com\/BlogQuerSaberPolitica\/","article_author":"https:\/\/www.facebook.com\/?ref=tn_tnmn","article_published_time":"2023-08-13T11:00:24+00:00","og_image":[{"width":512,"height":363,"url":"https:\/\/blogdofarnesio.com.br\/wp-content\/uploads\/2023\/08\/blogqspEnquete-e1691875867407.jpg","type":"image\/jpeg"}],"author":"Farn\u00e9sio","twitter_card":"summary_large_image","twitter_misc":{"Escrito por":"Farn\u00e9sio","Est. tempo de leitura":"1 minuto"},"schema":{"@context":"https:\/\/schema.org","@graph":[{"@type":"Article","@id":"https:\/\/blogdofarnesio.com.br\/?p=347751#article","isPartOf":{"@id":"https:\/\/blogdofarnesio.com.br\/?p=347751"},"author":{"name":"Farn\u00e9sio","@id":"https:\/\/blogdofarnesio.com.br\/#\/schema\/person\/bb9b23ae3ad0609ce8df7b6c9e76824d"},"headline":"BlogQSP realiza a partir de hoje, primeira enquete sobre a preferencia para prefeito de Petrolina nas elei\u00e7\u00f5es 2024","datePublished":"2023-08-13T11:00:24+00:00","mainEntityOfPage":{"@id":"https:\/\/blogdofarnesio.com.br\/?p=347751"},"wordCount":202,"commentCount":1,"publisher":{"@id":"https:\/\/blogdofarnesio.com.br\/#organization"},"image":{"@id":"https:\/\/blogdofarnesio.com.br\/?p=347751#primaryimage"},"thumbnailUrl":"https:\/\/blogdofarnesio.com.br\/wp-content\/uploads\/2023\/08\/blogqspEnquete-e1691875867407.jpg","articleSection":["Pesquisa"],"inLanguage":"pt-BR","potentialAction":[{"@type":"CommentAction","name":"Comment","target":["https:\/\/blogdofarnesio.com.br\/?p=347751#respond"]}]},{"@type":"WebPage","@id":"https:\/\/blogdofarnesio.com.br\/?p=347751","url":"https:\/\/blogdofarnesio.com.br\/?p=347751","name":"BlogQSP realiza a partir de hoje, primeira enquete sobre a preferencia para prefeito de Petrolina nas elei\u00e7\u00f5es 2024 - Blog do Farn\u00e9sio","isPartOf":{"@id":"https:\/\/blogdofarnesio.com.br\/#website"},"primaryImageOfPage":{"@id":"https:\/\/blogdofarnesio.com.br\/?p=347751#primaryimage"},"image":{"@id":"https:\/\/blogdofarnesio.com.br\/?p=347751#primaryimage"},"thumbnailUrl":"https:\/\/blogdofarnesio.com.br\/wp-content\/uploads\/2023\/08\/blogqspEnquete-e1691875867407.jpg","datePublished":"2023-08-13T11:00:24+00:00","breadcrumb":{"@id":"https:\/\/blogdofarnesio.com.br\/?p=347751#breadcrumb"},"inLanguage":"pt-BR","potentialAction":[{"@type":"ReadAction","target":["https:\/\/blogdofarnesio.com.br\/?p=347751"]}]},{"@type":"ImageObject","inLanguage":"pt-BR","@id":"https:\/\/blogdofarnesio.com.br\/?p=347751#primaryimage","url":"https:\/\/blogdofarnesio.com.br\/wp-content\/uploads\/2023\/08\/blogqspEnquete-e1691875867407.jpg","contentUrl":"https:\/\/blogdofarnesio.com.br\/wp-content\/uploads\/2023\/08\/blogqspEnquete-e1691875867407.jpg","width":512,"height":363},{"@type":"BreadcrumbList","@id":"https:\/\/blogdofarnesio.com.br\/?p=347751#breadcrumb","itemListElement":[{"@type":"ListItem","position":1,"name":"In\u00edcio","item":"https:\/\/blogdofarnesio.com.br\/"},{"@type":"ListItem","position":2,"name":"BlogQSP realiza a partir de hoje, primeira enquete sobre a preferencia para prefeito de Petrolina nas elei\u00e7\u00f5es 2024"}]},{"@type":"WebSite","@id":"https:\/\/blogdofarnesio.com.br\/#website","url":"https:\/\/blogdofarnesio.com.br\/","name":"Blog do Farn\u00e9sio","description":"Quer Saber Pol\u00edtica?","publisher":{"@id":"https:\/\/blogdofarnesio.com.br\/#organization"},"potentialAction":[{"@type":"SearchAction","target":{"@type":"EntryPoint","urlTemplate":"https:\/\/blogdofarnesio.com.br\/?s={search_term_string}"},"query-input":{"@type":"PropertyValueSpecification","valueRequired":true,"valueName":"search_term_string"}}],"inLanguage":"pt-BR"},{"@type":"Organization","@id":"https:\/\/blogdofarnesio.com.br\/#organization","name":"Blog do Farn\u00e9sio","url":"https:\/\/blogdofarnesio.com.br\/","logo":{"@type":"ImageObject","inLanguage":"pt-BR","@id":"https:\/\/blogdofarnesio.com.br\/#\/schema\/logo\/image\/","url":"https:\/\/blogdofarnesio.com.br\/wp-content\/uploads\/2026\/03\/cropped-logo_new-1.png","contentUrl":"https:\/\/blogdofarnesio.com.br\/wp-content\/uploads\/2026\/03\/cropped-logo_new-1.png","width":881,"height":685,"caption":"Blog do Farn\u00e9sio"},"image":{"@id":"https:\/\/blogdofarnesio.com.br\/#\/schema\/logo\/image\/"},"sameAs":["https:\/\/www.facebook.com\/BlogQuerSaberPolitica\/"]},{"@type":"Person","@id":"https:\/\/blogdofarnesio.com.br\/#\/schema\/person\/bb9b23ae3ad0609ce8df7b6c9e76824d","name":"Farn\u00e9sio","image":{"@type":"ImageObject","inLanguage":"pt-BR","@id":"https:\/\/secure.gravatar.com\/avatar\/986aa4c61ccdb66f8555bf88fc2a65609d00bcabd4d2d94377a727547345cbca?s=96&d=mm&r=g","url":"https:\/\/secure.gravatar.com\/avatar\/986aa4c61ccdb66f8555bf88fc2a65609d00bcabd4d2d94377a727547345cbca?s=96&d=mm&r=g","contentUrl":"https:\/\/secure.gravatar.com\/avatar\/986aa4c61ccdb66f8555bf88fc2a65609d00bcabd4d2d94377a727547345cbca?s=96&d=mm&r=g","caption":"Farn\u00e9sio"},"description":"Radialista blogueiro, chegou a Petrolina\/Juazeiro em setembro de 1980, Farn\u00e9sio Silva \u00e9 de Arapiraca-Alagoas.","sameAs":["http:\/\/blogdofarnesio.com.br","https:\/\/www.facebook.com\/?ref=tn_tnmn","https:\/\/www.instagram.com\/?utm_source=pwa_homescreen","https:\/\/youtube.com.br\/"],"url":"https:\/\/blogdofarnesio.com.br\/?author=2"}]}},"_links":{"self":[{"href":"https:\/\/blogdofarnesio.com.br\/index.php?rest_route=\/wp\/v2\/posts\/347751","targetHints":{"allow":["GET"]}}],"collection":[{"href":"https:\/\/blogdofarnesio.com.br\/index.php?rest_route=\/wp\/v2\/posts"}],"about":[{"href":"https:\/\/blogdofarnesio.com.br\/index.php?rest_route=\/wp\/v2\/types\/post"}],"author":[{"embeddable":true,"href":"https:\/\/blogdofarnesio.com.br\/index.php?rest_route=\/wp\/v2\/users\/2"}],"replies":[{"embeddable":true,"href":"https:\/\/blogdofarnesio.com.br\/index.php?rest_route=%2Fwp%2Fv2%2Fcomments&post=347751"}],"version-history":[{"count":0,"href":"https:\/\/blogdofarnesio.com.br\/index.php?rest_route=\/wp\/v2\/posts\/347751\/revisions"}],"wp:featuredmedia":[{"embeddable":true,"href":"https:\/\/blogdofarnesio.com.br\/index.php?rest_route=\/wp\/v2\/media\/347753"}],"wp:attachment":[{"href":"https:\/\/blogdofarnesio.com.br\/index.php?rest_route=%2Fwp%2Fv2%2Fmedia&parent=347751"}],"wp:term":[{"taxonomy":"category","embeddable":true,"href":"https:\/\/blogdofarnesio.com.br\/index.php?rest_route=%2Fwp%2Fv2%2Fcategories&post=347751"},{"taxonomy":"post_tag","embeddable":true,"href":"https:\/\/blogdofarnesio.com.br\/index.php?rest_route=%2Fwp%2Fv2%2Ftags&post=347751"}],"curies":[{"name":"wp","href":"https:\/\/api.w.org\/{rel}","templated":true}]}}