{"id":347580,"date":"2023-08-10T16:04:22","date_gmt":"2023-08-10T19:04:22","guid":{"rendered":"https:\/\/blogdofarnesio.com.br\/?p=347580"},"modified":"2023-08-10T16:00:56","modified_gmt":"2023-08-10T19:00:56","slug":"presidiario-com-tornozeleira-eletronica-e-executado-na-saida-da-penitenciaria-de-salgueiro","status":"publish","type":"post","link":"https:\/\/blogdofarnesio.com.br\/?p=347580","title":{"rendered":"Presidi\u00e1rio com tornozeleira eletr\u00f4nica \u00e9 executado na sa\u00edda da penitenci\u00e1ria de Salgueiro"},"content":{"rendered":"<div class=\"entry-content clearfix\">\n<p>Um homem identificado como Francisco Dias da Silva, conhecido como \u201cBodoc\u00f3\u201d, 37 anos, que tinha acabado de progredir para o regime semiaberto, foi morto no in\u00edcio da tarde de hoje, 10, ao lado do Pres\u00eddio Regional de Salgueiro.<\/p>\n<p>Segundo testemunhas, dois homens se aproximaram quando ele saiu do pres\u00eddio com tornozeleira eletr\u00f4nica, no intuito de assassin\u00e1-lo.<\/p>\n<p><a href=\"https:\/\/www.alvinhopatriota.com.br\/homem-e-morto-ao-sair-do-presidio-regional-de-salgueiro-com-tornozeleira-eletronica\/mortoemsalgueiro-2\/\" rel=\"attachment wp-att-270818\"><img loading=\"lazy\" decoding=\"async\" class=\"aligncenter wp-image-270818\" src=\"https:\/\/www.alvinhopatriota.com.br\/wp-content\/uploads\/2023\/08\/mortoemSalgueiro.jpg\" sizes=\"auto, (max-width: 377px) 100vw, 377px\" srcset=\"https:\/\/www.alvinhopatriota.com.br\/wp-content\/uploads\/2023\/08\/mortoemSalgueiro.jpg 450w, https:\/\/www.alvinhopatriota.com.br\/wp-content\/uploads\/2023\/08\/mortoemSalgueiro-300x271.jpg 300w, https:\/\/www.alvinhopatriota.com.br\/wp-content\/uploads\/2023\/08\/mortoemSalgueiro-150x136.jpg 150w\" alt=\"\" width=\"377\" height=\"341\" \/><\/a>O reeducando, que cumpria pena por homic\u00eddio e outros delitos, ainda entrou em luta corporal com os algozes, mas acabou morto. N\u00e3o h\u00e1 informa\u00e7\u00f5es sobre a autoria do crime.<\/p>\n<p><em>Da reda\u00e7\u00e3o do Blog Alvinho Patriota<\/em><\/p>\n<div class=\"addtoany_share_save_container addtoany_content addtoany_content_bottom\">\n<div class=\"a2a_kit a2a_kit_size_32 addtoany_list\" data-a2a-url=\"https:\/\/www.alvinhopatriota.com.br\/homem-e-morto-ao-sair-do-presidio-regional-de-salgueiro-com-tornozeleira-eletronica\/\" data-a2a-title=\"Homem \u00e9 morto ao sair do Pres\u00eddio Regional de Salgueiro com tornozeleira eletr\u00f4nica\"><\/div>\n<\/div>\n<\/div>\n","protected":false},"excerpt":{"rendered":"<p>Um homem identificado como Francisco Dias da Silva, conhecido como \u201cBodoc\u00f3\u201d, 37 anos, que tinha acabado de progredir para o regime semiaberto, foi morto no in\u00edcio da tarde de hoje, 10, ao lado do Pres\u00eddio Regional de Salgueiro. Segundo testemunhas, dois homens se aproximaram quando ele saiu do pres\u00eddio com tornozeleira eletr\u00f4nica, no intuito de assassin\u00e1-lo. O reeducando, que cumpria pena por homic\u00eddio e outros delitos, ainda entrou em luta corporal com os algozes, mas acabou morto. N\u00e3o h\u00e1 informa\u00e7\u00f5es sobre a autoria do crime. Da reda\u00e7\u00e3o do Blog Alvinho Patriota<\/p>\n","protected":false},"author":2,"featured_media":269511,"comment_status":"open","ping_status":"open","sticky":false,"template":"","format":"standard","meta":{"_acf_changed":false,"footnotes":""},"categories":[27],"tags":[],"class_list":["post-347580","post","type-post","status-publish","format-standard","has-post-thumbnail","hentry","category-cidades"],"acf":[],"yoast_head":"<!-- This site is optimized with the Yoast SEO plugin v27.4 - https:\/\/yoast.com\/product\/yoast-seo-wordpress\/ -->\n<title>Presidi\u00e1rio com tornozeleira eletr\u00f4nica \u00e9 executado na sa\u00edda da penitenci\u00e1ria de Salgueiro - Blog do Farn\u00e9sio<\/title>\n<meta name=\"robots\" content=\"index, follow, max-snippet:-1, max-image-preview:large, max-video-preview:-1\" \/>\n<link rel=\"canonical\" href=\"https:\/\/blogdofarnesio.com.br\/?p=347580\" \/>\n<meta property=\"og:locale\" content=\"pt_BR\" \/>\n<meta property=\"og:type\" content=\"article\" \/>\n<meta property=\"og:title\" content=\"Presidi\u00e1rio com tornozeleira eletr\u00f4nica \u00e9 executado na sa\u00edda da penitenci\u00e1ria de Salgueiro - Blog do Farn\u00e9sio\" \/>\n<meta property=\"og:description\" content=\"Um homem identificado como Francisco Dias da Silva, conhecido como \u201cBodoc\u00f3\u201d, 37 anos, que tinha acabado de progredir para o regime semiaberto, foi morto no in\u00edcio da tarde de hoje, 10, ao lado do Pres\u00eddio Regional de Salgueiro. Segundo testemunhas, dois homens se aproximaram quando ele saiu do pres\u00eddio com tornozeleira eletr\u00f4nica, no intuito de assassin\u00e1-lo. O reeducando, que cumpria pena por homic\u00eddio e outros delitos, ainda entrou em luta corporal com os algozes, mas acabou morto. N\u00e3o h\u00e1 informa\u00e7\u00f5es sobre a autoria do crime. Da reda\u00e7\u00e3o do Blog Alvinho Patriota\" \/>\n<meta property=\"og:url\" content=\"https:\/\/blogdofarnesio.com.br\/?p=347580\" \/>\n<meta property=\"og:site_name\" content=\"Blog do Farn\u00e9sio\" \/>\n<meta property=\"article:publisher\" content=\"https:\/\/www.facebook.com\/BlogQuerSaberPolitica\/\" \/>\n<meta property=\"article:author\" content=\"https:\/\/www.facebook.com\/?ref=tn_tnmn\" \/>\n<meta property=\"article:published_time\" content=\"2023-08-10T19:04:22+00:00\" \/>\n<meta property=\"og:image\" content=\"https:\/\/blogdofarnesio.com.br\/wp-content\/uploads\/2020\/10\/blogqsppresidio-salgueiro-e1602538762963.jpg\" \/>\n\t<meta property=\"og:image:width\" content=\"768\" \/>\n\t<meta property=\"og:image:height\" content=\"478\" \/>\n\t<meta property=\"og:image:type\" content=\"image\/jpeg\" \/>\n<meta name=\"author\" content=\"Farn\u00e9sio\" \/>\n<meta name=\"twitter:card\" content=\"summary_large_image\" \/>\n<meta name=\"twitter:label1\" content=\"Escrito por\" \/>\n\t<meta name=\"twitter:data1\" content=\"Farn\u00e9sio\" \/>\n\t<meta name=\"twitter:label2\" content=\"Est. tempo de leitura\" \/>\n\t<meta name=\"twitter:data2\" content=\"1 minuto\" \/>\n<script type=\"application\/ld+json\" class=\"yoast-schema-graph\">{\"@context\":\"https:\\\/\\\/schema.org\",\"@graph\":[{\"@type\":\"Article\",\"@id\":\"https:\\\/\\\/blogdofarnesio.com.br\\\/?p=347580#article\",\"isPartOf\":{\"@id\":\"https:\\\/\\\/blogdofarnesio.com.br\\\/?p=347580\"},\"author\":{\"name\":\"Farn\u00e9sio\",\"@id\":\"https:\\\/\\\/blogdofarnesio.com.br\\\/#\\\/schema\\\/person\\\/bb9b23ae3ad0609ce8df7b6c9e76824d\"},\"headline\":\"Presidi\u00e1rio com tornozeleira eletr\u00f4nica \u00e9 executado na sa\u00edda da penitenci\u00e1ria de Salgueiro\",\"datePublished\":\"2023-08-10T19:04:22+00:00\",\"mainEntityOfPage\":{\"@id\":\"https:\\\/\\\/blogdofarnesio.com.br\\\/?p=347580\"},\"wordCount\":113,\"commentCount\":0,\"publisher\":{\"@id\":\"https:\\\/\\\/blogdofarnesio.com.br\\\/#organization\"},\"image\":{\"@id\":\"https:\\\/\\\/blogdofarnesio.com.br\\\/?p=347580#primaryimage\"},\"thumbnailUrl\":\"https:\\\/\\\/blogdofarnesio.com.br\\\/wp-content\\\/uploads\\\/2020\\\/10\\\/blogqsppresidio-salgueiro-e1602538762963.jpg\",\"articleSection\":[\"Cidades\"],\"inLanguage\":\"pt-BR\",\"potentialAction\":[{\"@type\":\"CommentAction\",\"name\":\"Comment\",\"target\":[\"https:\\\/\\\/blogdofarnesio.com.br\\\/?p=347580#respond\"]}]},{\"@type\":\"WebPage\",\"@id\":\"https:\\\/\\\/blogdofarnesio.com.br\\\/?p=347580\",\"url\":\"https:\\\/\\\/blogdofarnesio.com.br\\\/?p=347580\",\"name\":\"Presidi\u00e1rio com tornozeleira eletr\u00f4nica \u00e9 executado na sa\u00edda da penitenci\u00e1ria de Salgueiro - Blog do Farn\u00e9sio\",\"isPartOf\":{\"@id\":\"https:\\\/\\\/blogdofarnesio.com.br\\\/#website\"},\"primaryImageOfPage\":{\"@id\":\"https:\\\/\\\/blogdofarnesio.com.br\\\/?p=347580#primaryimage\"},\"image\":{\"@id\":\"https:\\\/\\\/blogdofarnesio.com.br\\\/?p=347580#primaryimage\"},\"thumbnailUrl\":\"https:\\\/\\\/blogdofarnesio.com.br\\\/wp-content\\\/uploads\\\/2020\\\/10\\\/blogqsppresidio-salgueiro-e1602538762963.jpg\",\"datePublished\":\"2023-08-10T19:04:22+00:00\",\"breadcrumb\":{\"@id\":\"https:\\\/\\\/blogdofarnesio.com.br\\\/?p=347580#breadcrumb\"},\"inLanguage\":\"pt-BR\",\"potentialAction\":[{\"@type\":\"ReadAction\",\"target\":[\"https:\\\/\\\/blogdofarnesio.com.br\\\/?p=347580\"]}]},{\"@type\":\"ImageObject\",\"inLanguage\":\"pt-BR\",\"@id\":\"https:\\\/\\\/blogdofarnesio.com.br\\\/?p=347580#primaryimage\",\"url\":\"https:\\\/\\\/blogdofarnesio.com.br\\\/wp-content\\\/uploads\\\/2020\\\/10\\\/blogqsppresidio-salgueiro-e1602538762963.jpg\",\"contentUrl\":\"https:\\\/\\\/blogdofarnesio.com.br\\\/wp-content\\\/uploads\\\/2020\\\/10\\\/blogqsppresidio-salgueiro-e1602538762963.jpg\",\"width\":768,\"height\":478},{\"@type\":\"BreadcrumbList\",\"@id\":\"https:\\\/\\\/blogdofarnesio.com.br\\\/?p=347580#breadcrumb\",\"itemListElement\":[{\"@type\":\"ListItem\",\"position\":1,\"name\":\"In\u00edcio\",\"item\":\"https:\\\/\\\/blogdofarnesio.com.br\\\/\"},{\"@type\":\"ListItem\",\"position\":2,\"name\":\"Presidi\u00e1rio com tornozeleira eletr\u00f4nica \u00e9 executado na sa\u00edda da penitenci\u00e1ria de Salgueiro\"}]},{\"@type\":\"WebSite\",\"@id\":\"https:\\\/\\\/blogdofarnesio.com.br\\\/#website\",\"url\":\"https:\\\/\\\/blogdofarnesio.com.br\\\/\",\"name\":\"Blog do Farn\u00e9sio\",\"description\":\"Quer Saber Pol\u00edtica?\",\"publisher\":{\"@id\":\"https:\\\/\\\/blogdofarnesio.com.br\\\/#organization\"},\"potentialAction\":[{\"@type\":\"SearchAction\",\"target\":{\"@type\":\"EntryPoint\",\"urlTemplate\":\"https:\\\/\\\/blogdofarnesio.com.br\\\/?s={search_term_string}\"},\"query-input\":{\"@type\":\"PropertyValueSpecification\",\"valueRequired\":true,\"valueName\":\"search_term_string\"}}],\"inLanguage\":\"pt-BR\"},{\"@type\":\"Organization\",\"@id\":\"https:\\\/\\\/blogdofarnesio.com.br\\\/#organization\",\"name\":\"Blog do Farn\u00e9sio\",\"url\":\"https:\\\/\\\/blogdofarnesio.com.br\\\/\",\"logo\":{\"@type\":\"ImageObject\",\"inLanguage\":\"pt-BR\",\"@id\":\"https:\\\/\\\/blogdofarnesio.com.br\\\/#\\\/schema\\\/logo\\\/image\\\/\",\"url\":\"https:\\\/\\\/blogdofarnesio.com.br\\\/wp-content\\\/uploads\\\/2026\\\/03\\\/cropped-logo_new-1.png\",\"contentUrl\":\"https:\\\/\\\/blogdofarnesio.com.br\\\/wp-content\\\/uploads\\\/2026\\\/03\\\/cropped-logo_new-1.png\",\"width\":881,\"height\":685,\"caption\":\"Blog do Farn\u00e9sio\"},\"image\":{\"@id\":\"https:\\\/\\\/blogdofarnesio.com.br\\\/#\\\/schema\\\/logo\\\/image\\\/\"},\"sameAs\":[\"https:\\\/\\\/www.facebook.com\\\/BlogQuerSaberPolitica\\\/\"]},{\"@type\":\"Person\",\"@id\":\"https:\\\/\\\/blogdofarnesio.com.br\\\/#\\\/schema\\\/person\\\/bb9b23ae3ad0609ce8df7b6c9e76824d\",\"name\":\"Farn\u00e9sio\",\"image\":{\"@type\":\"ImageObject\",\"inLanguage\":\"pt-BR\",\"@id\":\"https:\\\/\\\/secure.gravatar.com\\\/avatar\\\/986aa4c61ccdb66f8555bf88fc2a65609d00bcabd4d2d94377a727547345cbca?s=96&d=mm&r=g\",\"url\":\"https:\\\/\\\/secure.gravatar.com\\\/avatar\\\/986aa4c61ccdb66f8555bf88fc2a65609d00bcabd4d2d94377a727547345cbca?s=96&d=mm&r=g\",\"contentUrl\":\"https:\\\/\\\/secure.gravatar.com\\\/avatar\\\/986aa4c61ccdb66f8555bf88fc2a65609d00bcabd4d2d94377a727547345cbca?s=96&d=mm&r=g\",\"caption\":\"Farn\u00e9sio\"},\"description\":\"Radialista blogueiro, chegou a Petrolina\\\/Juazeiro em setembro de 1980, Farn\u00e9sio Silva \u00e9 de Arapiraca-Alagoas.\",\"sameAs\":[\"http:\\\/\\\/blogdofarnesio.com.br\",\"https:\\\/\\\/www.facebook.com\\\/?ref=tn_tnmn\",\"https:\\\/\\\/www.instagram.com\\\/?utm_source=pwa_homescreen\",\"https:\\\/\\\/youtube.com.br\\\/\"],\"url\":\"https:\\\/\\\/blogdofarnesio.com.br\\\/?author=2\"}]}<\/script>\n<!-- \/ Yoast SEO plugin. -->","yoast_head_json":{"title":"Presidi\u00e1rio com tornozeleira eletr\u00f4nica \u00e9 executado na sa\u00edda da penitenci\u00e1ria de Salgueiro - Blog do Farn\u00e9sio","robots":{"index":"index","follow":"follow","max-snippet":"max-snippet:-1","max-image-preview":"max-image-preview:large","max-video-preview":"max-video-preview:-1"},"canonical":"https:\/\/blogdofarnesio.com.br\/?p=347580","og_locale":"pt_BR","og_type":"article","og_title":"Presidi\u00e1rio com tornozeleira eletr\u00f4nica \u00e9 executado na sa\u00edda da penitenci\u00e1ria de Salgueiro - Blog do Farn\u00e9sio","og_description":"Um homem identificado como Francisco Dias da Silva, conhecido como \u201cBodoc\u00f3\u201d, 37 anos, que tinha acabado de progredir para o regime semiaberto, foi morto no in\u00edcio da tarde de hoje, 10, ao lado do Pres\u00eddio Regional de Salgueiro. Segundo testemunhas, dois homens se aproximaram quando ele saiu do pres\u00eddio com tornozeleira eletr\u00f4nica, no intuito de assassin\u00e1-lo. O reeducando, que cumpria pena por homic\u00eddio e outros delitos, ainda entrou em luta corporal com os algozes, mas acabou morto. N\u00e3o h\u00e1 informa\u00e7\u00f5es sobre a autoria do crime. Da reda\u00e7\u00e3o do Blog Alvinho Patriota","og_url":"https:\/\/blogdofarnesio.com.br\/?p=347580","og_site_name":"Blog do Farn\u00e9sio","article_publisher":"https:\/\/www.facebook.com\/BlogQuerSaberPolitica\/","article_author":"https:\/\/www.facebook.com\/?ref=tn_tnmn","article_published_time":"2023-08-10T19:04:22+00:00","og_image":[{"width":768,"height":478,"url":"https:\/\/blogdofarnesio.com.br\/wp-content\/uploads\/2020\/10\/blogqsppresidio-salgueiro-e1602538762963.jpg","type":"image\/jpeg"}],"author":"Farn\u00e9sio","twitter_card":"summary_large_image","twitter_misc":{"Escrito por":"Farn\u00e9sio","Est. tempo de leitura":"1 minuto"},"schema":{"@context":"https:\/\/schema.org","@graph":[{"@type":"Article","@id":"https:\/\/blogdofarnesio.com.br\/?p=347580#article","isPartOf":{"@id":"https:\/\/blogdofarnesio.com.br\/?p=347580"},"author":{"name":"Farn\u00e9sio","@id":"https:\/\/blogdofarnesio.com.br\/#\/schema\/person\/bb9b23ae3ad0609ce8df7b6c9e76824d"},"headline":"Presidi\u00e1rio com tornozeleira eletr\u00f4nica \u00e9 executado na sa\u00edda da penitenci\u00e1ria de Salgueiro","datePublished":"2023-08-10T19:04:22+00:00","mainEntityOfPage":{"@id":"https:\/\/blogdofarnesio.com.br\/?p=347580"},"wordCount":113,"commentCount":0,"publisher":{"@id":"https:\/\/blogdofarnesio.com.br\/#organization"},"image":{"@id":"https:\/\/blogdofarnesio.com.br\/?p=347580#primaryimage"},"thumbnailUrl":"https:\/\/blogdofarnesio.com.br\/wp-content\/uploads\/2020\/10\/blogqsppresidio-salgueiro-e1602538762963.jpg","articleSection":["Cidades"],"inLanguage":"pt-BR","potentialAction":[{"@type":"CommentAction","name":"Comment","target":["https:\/\/blogdofarnesio.com.br\/?p=347580#respond"]}]},{"@type":"WebPage","@id":"https:\/\/blogdofarnesio.com.br\/?p=347580","url":"https:\/\/blogdofarnesio.com.br\/?p=347580","name":"Presidi\u00e1rio com tornozeleira eletr\u00f4nica \u00e9 executado na sa\u00edda da penitenci\u00e1ria de Salgueiro - Blog do Farn\u00e9sio","isPartOf":{"@id":"https:\/\/blogdofarnesio.com.br\/#website"},"primaryImageOfPage":{"@id":"https:\/\/blogdofarnesio.com.br\/?p=347580#primaryimage"},"image":{"@id":"https:\/\/blogdofarnesio.com.br\/?p=347580#primaryimage"},"thumbnailUrl":"https:\/\/blogdofarnesio.com.br\/wp-content\/uploads\/2020\/10\/blogqsppresidio-salgueiro-e1602538762963.jpg","datePublished":"2023-08-10T19:04:22+00:00","breadcrumb":{"@id":"https:\/\/blogdofarnesio.com.br\/?p=347580#breadcrumb"},"inLanguage":"pt-BR","potentialAction":[{"@type":"ReadAction","target":["https:\/\/blogdofarnesio.com.br\/?p=347580"]}]},{"@type":"ImageObject","inLanguage":"pt-BR","@id":"https:\/\/blogdofarnesio.com.br\/?p=347580#primaryimage","url":"https:\/\/blogdofarnesio.com.br\/wp-content\/uploads\/2020\/10\/blogqsppresidio-salgueiro-e1602538762963.jpg","contentUrl":"https:\/\/blogdofarnesio.com.br\/wp-content\/uploads\/2020\/10\/blogqsppresidio-salgueiro-e1602538762963.jpg","width":768,"height":478},{"@type":"BreadcrumbList","@id":"https:\/\/blogdofarnesio.com.br\/?p=347580#breadcrumb","itemListElement":[{"@type":"ListItem","position":1,"name":"In\u00edcio","item":"https:\/\/blogdofarnesio.com.br\/"},{"@type":"ListItem","position":2,"name":"Presidi\u00e1rio com tornozeleira eletr\u00f4nica \u00e9 executado na sa\u00edda da penitenci\u00e1ria de Salgueiro"}]},{"@type":"WebSite","@id":"https:\/\/blogdofarnesio.com.br\/#website","url":"https:\/\/blogdofarnesio.com.br\/","name":"Blog do Farn\u00e9sio","description":"Quer Saber Pol\u00edtica?","publisher":{"@id":"https:\/\/blogdofarnesio.com.br\/#organization"},"potentialAction":[{"@type":"SearchAction","target":{"@type":"EntryPoint","urlTemplate":"https:\/\/blogdofarnesio.com.br\/?s={search_term_string}"},"query-input":{"@type":"PropertyValueSpecification","valueRequired":true,"valueName":"search_term_string"}}],"inLanguage":"pt-BR"},{"@type":"Organization","@id":"https:\/\/blogdofarnesio.com.br\/#organization","name":"Blog do Farn\u00e9sio","url":"https:\/\/blogdofarnesio.com.br\/","logo":{"@type":"ImageObject","inLanguage":"pt-BR","@id":"https:\/\/blogdofarnesio.com.br\/#\/schema\/logo\/image\/","url":"https:\/\/blogdofarnesio.com.br\/wp-content\/uploads\/2026\/03\/cropped-logo_new-1.png","contentUrl":"https:\/\/blogdofarnesio.com.br\/wp-content\/uploads\/2026\/03\/cropped-logo_new-1.png","width":881,"height":685,"caption":"Blog do Farn\u00e9sio"},"image":{"@id":"https:\/\/blogdofarnesio.com.br\/#\/schema\/logo\/image\/"},"sameAs":["https:\/\/www.facebook.com\/BlogQuerSaberPolitica\/"]},{"@type":"Person","@id":"https:\/\/blogdofarnesio.com.br\/#\/schema\/person\/bb9b23ae3ad0609ce8df7b6c9e76824d","name":"Farn\u00e9sio","image":{"@type":"ImageObject","inLanguage":"pt-BR","@id":"https:\/\/secure.gravatar.com\/avatar\/986aa4c61ccdb66f8555bf88fc2a65609d00bcabd4d2d94377a727547345cbca?s=96&d=mm&r=g","url":"https:\/\/secure.gravatar.com\/avatar\/986aa4c61ccdb66f8555bf88fc2a65609d00bcabd4d2d94377a727547345cbca?s=96&d=mm&r=g","contentUrl":"https:\/\/secure.gravatar.com\/avatar\/986aa4c61ccdb66f8555bf88fc2a65609d00bcabd4d2d94377a727547345cbca?s=96&d=mm&r=g","caption":"Farn\u00e9sio"},"description":"Radialista blogueiro, chegou a Petrolina\/Juazeiro em setembro de 1980, Farn\u00e9sio Silva \u00e9 de Arapiraca-Alagoas.","sameAs":["http:\/\/blogdofarnesio.com.br","https:\/\/www.facebook.com\/?ref=tn_tnmn","https:\/\/www.instagram.com\/?utm_source=pwa_homescreen","https:\/\/youtube.com.br\/"],"url":"https:\/\/blogdofarnesio.com.br\/?author=2"}]}},"_links":{"self":[{"href":"https:\/\/blogdofarnesio.com.br\/index.php?rest_route=\/wp\/v2\/posts\/347580","targetHints":{"allow":["GET"]}}],"collection":[{"href":"https:\/\/blogdofarnesio.com.br\/index.php?rest_route=\/wp\/v2\/posts"}],"about":[{"href":"https:\/\/blogdofarnesio.com.br\/index.php?rest_route=\/wp\/v2\/types\/post"}],"author":[{"embeddable":true,"href":"https:\/\/blogdofarnesio.com.br\/index.php?rest_route=\/wp\/v2\/users\/2"}],"replies":[{"embeddable":true,"href":"https:\/\/blogdofarnesio.com.br\/index.php?rest_route=%2Fwp%2Fv2%2Fcomments&post=347580"}],"version-history":[{"count":0,"href":"https:\/\/blogdofarnesio.com.br\/index.php?rest_route=\/wp\/v2\/posts\/347580\/revisions"}],"wp:featuredmedia":[{"embeddable":true,"href":"https:\/\/blogdofarnesio.com.br\/index.php?rest_route=\/wp\/v2\/media\/269511"}],"wp:attachment":[{"href":"https:\/\/blogdofarnesio.com.br\/index.php?rest_route=%2Fwp%2Fv2%2Fmedia&parent=347580"}],"wp:term":[{"taxonomy":"category","embeddable":true,"href":"https:\/\/blogdofarnesio.com.br\/index.php?rest_route=%2Fwp%2Fv2%2Fcategories&post=347580"},{"taxonomy":"post_tag","embeddable":true,"href":"https:\/\/blogdofarnesio.com.br\/index.php?rest_route=%2Fwp%2Fv2%2Ftags&post=347580"}],"curies":[{"name":"wp","href":"https:\/\/api.w.org\/{rel}","templated":true}]}}