{"id":347555,"date":"2023-08-10T15:44:21","date_gmt":"2023-08-10T18:44:21","guid":{"rendered":"https:\/\/blogdofarnesio.com.br\/?p=347555"},"modified":"2023-08-10T14:50:45","modified_gmt":"2023-08-10T17:50:45","slug":"mais-seguranca-prefeitura-de-petrolina-convoca-52-agentes-de-portaria-para-atender-rede-de-ensino","status":"publish","type":"post","link":"https:\/\/blogdofarnesio.com.br\/?p=347555","title":{"rendered":"\u00a0  Mais Seguran\u00e7a: Prefeitura de Petrolina convoca 52 agentes de portaria para atender rede de ensino"},"content":{"rendered":"<p><strong>\u00a0<\/strong><em>Essa \u00e9 a 2\u00aa convoca\u00e7\u00e3o realizada pela atual gest\u00e3o neste m\u00eas de agosto\u00a0\u00a0<\/em><\/p>\n<p>Dentro das a\u00e7\u00f5es de fortalecimento da seguran\u00e7a da comunidade escolar, a Prefeitura de Petrolina, por meio da Secretaria de Educa\u00e7\u00e3o, Cultura e Esportes (Seduce), segue convocando os agentes de portaria aprovados no processo seletivo, edital n\u00ba 032\/2023.<\/p>\n<p>Neste 2\u00ba chamamento realizado pela atual gest\u00e3o neste m\u00eas de agosto, foram convocados 52 profissionais para atender as institui\u00e7\u00f5es do setor Sede, Bebedouro e Per\u00edmetros Irrigados I, II, III e IV .<\/p>\n<p>Os aprovados devem comparecer at\u00e9 a pr\u00f3xima segunda-feira (14), das 8h \u00e0s 11, na Secretaria Executiva de Recursos Humanos da Seduce, que fica no N\u00facleo Administrativo Municipal, localizado na Avenida Coronel Clementino Coelho, n\u00ba 714, Bairro Parque Bandeirantes.<\/p>\n<p>Os convocados devem estar munidos de toda a documenta\u00e7\u00e3o original e c\u00f3pias relacionadas no Anexo II do edital, para tratar da contrata\u00e7\u00e3o e localiza\u00e7\u00e3o nas unidades escolares. A aus\u00eancia nas datas e hor\u00e1rios previstos acarretar\u00e1 a desclassifica\u00e7\u00e3o do candidato.<\/p>\n<p>A terceira convoca\u00e7\u00e3o dos aprovados no processo seletivo ser\u00e1 realizada tamb\u00e9m no dia 14 de agosto. A convocat\u00f3ria \u00e9 feita de acordo com as necessidades da administra\u00e7\u00e3o, respeitando os crit\u00e9rios de ordem de classifica\u00e7\u00e3o. A lista com os nomes dos selecionados est\u00e1 dispon\u00edvel no site\u00a0<a href=\"http:\/\/petrolina.pe.gov.br\/diario-oficial\/\" data-saferedirecturl=\"https:\/\/www.google.com\/url?hl=pt-BR&amp;q=http:\/\/petrolina.pe.gov.br\/diario-oficial\/&amp;source=gmail&amp;ust=1691775688431000&amp;usg=AOvVaw2o7CfY1NaF38SYu11V8mla\">http:\/\/petrolina.pe.gov.br\/diario-oficial\/<\/a>.<\/p>\n<p>&nbsp;<\/p>\n","protected":false},"excerpt":{"rendered":"<p>\u00a0Essa \u00e9 a 2\u00aa convoca\u00e7\u00e3o realizada pela atual gest\u00e3o neste m\u00eas de agosto\u00a0\u00a0 Dentro das a\u00e7\u00f5es de fortalecimento da seguran\u00e7a da comunidade escolar, a Prefeitura de Petrolina, por meio da Secretaria de Educa\u00e7\u00e3o, Cultura e Esportes (Seduce), segue convocando os agentes de portaria aprovados no processo seletivo, edital n\u00ba 032\/2023. Neste 2\u00ba chamamento realizado pela atual gest\u00e3o neste m\u00eas de agosto, foram convocados 52 profissionais para atender as institui\u00e7\u00f5es do setor Sede, Bebedouro e Per\u00edmetros Irrigados I, II, III e IV . Os aprovados devem comparecer at\u00e9 a pr\u00f3xima segunda-feira (14), das 8h \u00e0s 11, na Secretaria Executiva de Recursos Humanos da Seduce, que fica no N\u00facleo Administrativo Municipal, localizado na Avenida Coronel Clementino Coelho, n\u00ba 714, Bairro Parque Bandeirantes.&hellip; <\/p>\n","protected":false},"author":2,"featured_media":250047,"comment_status":"open","ping_status":"open","sticky":false,"template":"","format":"standard","meta":{"_acf_changed":false,"footnotes":""},"categories":[31],"tags":[],"class_list":["post-347555","post","type-post","status-publish","format-standard","has-post-thumbnail","hentry","category-concursos"],"acf":[],"yoast_head":"<!-- This site is optimized with the Yoast SEO plugin v27.4 - https:\/\/yoast.com\/product\/yoast-seo-wordpress\/ -->\n<title>\u00a0 Mais Seguran\u00e7a: Prefeitura de Petrolina convoca 52 agentes de portaria para atender rede de ensino - Blog do Farn\u00e9sio<\/title>\n<meta name=\"robots\" content=\"index, follow, max-snippet:-1, max-image-preview:large, max-video-preview:-1\" \/>\n<link rel=\"canonical\" href=\"https:\/\/blogdofarnesio.com.br\/?p=347555\" \/>\n<meta property=\"og:locale\" content=\"pt_BR\" \/>\n<meta property=\"og:type\" content=\"article\" \/>\n<meta property=\"og:title\" content=\"\u00a0 Mais Seguran\u00e7a: Prefeitura de Petrolina convoca 52 agentes de portaria para atender rede de ensino - Blog do Farn\u00e9sio\" \/>\n<meta property=\"og:description\" content=\"\u00a0Essa \u00e9 a 2\u00aa convoca\u00e7\u00e3o realizada pela atual gest\u00e3o neste m\u00eas de agosto\u00a0\u00a0 Dentro das a\u00e7\u00f5es de fortalecimento da seguran\u00e7a da comunidade escolar, a Prefeitura de Petrolina, por meio da Secretaria de Educa\u00e7\u00e3o, Cultura e Esportes (Seduce), segue convocando os agentes de portaria aprovados no processo seletivo, edital n\u00ba 032\/2023. Neste 2\u00ba chamamento realizado pela atual gest\u00e3o neste m\u00eas de agosto, foram convocados 52 profissionais para atender as institui\u00e7\u00f5es do setor Sede, Bebedouro e Per\u00edmetros Irrigados I, II, III e IV . Os aprovados devem comparecer at\u00e9 a pr\u00f3xima segunda-feira (14), das 8h \u00e0s 11, na Secretaria Executiva de Recursos Humanos da Seduce, que fica no N\u00facleo Administrativo Municipal, localizado na Avenida Coronel Clementino Coelho, n\u00ba 714, Bairro Parque Bandeirantes.&hellip;\" \/>\n<meta property=\"og:url\" content=\"https:\/\/blogdofarnesio.com.br\/?p=347555\" \/>\n<meta property=\"og:site_name\" content=\"Blog do Farn\u00e9sio\" \/>\n<meta property=\"article:publisher\" content=\"https:\/\/www.facebook.com\/BlogQuerSaberPolitica\/\" \/>\n<meta property=\"article:author\" content=\"https:\/\/www.facebook.com\/?ref=tn_tnmn\" \/>\n<meta property=\"article:published_time\" content=\"2023-08-10T18:44:21+00:00\" \/>\n<meta property=\"og:image\" content=\"https:\/\/blogdofarnesio.com.br\/wp-content\/uploads\/2020\/02\/blogqspconcurso-convoca\u00e7\u00e3o..-e1635260596355.jpg\" \/>\n\t<meta property=\"og:image:width\" content=\"660\" \/>\n\t<meta property=\"og:image:height\" content=\"330\" \/>\n\t<meta property=\"og:image:type\" content=\"image\/jpeg\" \/>\n<meta name=\"author\" content=\"Farn\u00e9sio\" \/>\n<meta name=\"twitter:card\" content=\"summary_large_image\" \/>\n<meta name=\"twitter:label1\" content=\"Escrito por\" \/>\n\t<meta name=\"twitter:data1\" content=\"Farn\u00e9sio\" \/>\n\t<meta name=\"twitter:label2\" content=\"Est. tempo de leitura\" \/>\n\t<meta name=\"twitter:data2\" content=\"2 minutos\" \/>\n<script type=\"application\/ld+json\" class=\"yoast-schema-graph\">{\"@context\":\"https:\\\/\\\/schema.org\",\"@graph\":[{\"@type\":\"Article\",\"@id\":\"https:\\\/\\\/blogdofarnesio.com.br\\\/?p=347555#article\",\"isPartOf\":{\"@id\":\"https:\\\/\\\/blogdofarnesio.com.br\\\/?p=347555\"},\"author\":{\"name\":\"Farn\u00e9sio\",\"@id\":\"https:\\\/\\\/blogdofarnesio.com.br\\\/#\\\/schema\\\/person\\\/bb9b23ae3ad0609ce8df7b6c9e76824d\"},\"headline\":\"\u00a0 Mais Seguran\u00e7a: Prefeitura de Petrolina convoca 52 agentes de portaria para atender rede de ensino\",\"datePublished\":\"2023-08-10T18:44:21+00:00\",\"mainEntityOfPage\":{\"@id\":\"https:\\\/\\\/blogdofarnesio.com.br\\\/?p=347555\"},\"wordCount\":241,\"commentCount\":0,\"publisher\":{\"@id\":\"https:\\\/\\\/blogdofarnesio.com.br\\\/#organization\"},\"image\":{\"@id\":\"https:\\\/\\\/blogdofarnesio.com.br\\\/?p=347555#primaryimage\"},\"thumbnailUrl\":\"https:\\\/\\\/blogdofarnesio.com.br\\\/wp-content\\\/uploads\\\/2020\\\/02\\\/blogqspconcurso-convoca\u00e7\u00e3o..-e1635260596355.jpg\",\"articleSection\":[\"Concursos\"],\"inLanguage\":\"pt-BR\",\"potentialAction\":[{\"@type\":\"CommentAction\",\"name\":\"Comment\",\"target\":[\"https:\\\/\\\/blogdofarnesio.com.br\\\/?p=347555#respond\"]}]},{\"@type\":\"WebPage\",\"@id\":\"https:\\\/\\\/blogdofarnesio.com.br\\\/?p=347555\",\"url\":\"https:\\\/\\\/blogdofarnesio.com.br\\\/?p=347555\",\"name\":\"\u00a0 Mais Seguran\u00e7a: Prefeitura de Petrolina convoca 52 agentes de portaria para atender rede de ensino - Blog do Farn\u00e9sio\",\"isPartOf\":{\"@id\":\"https:\\\/\\\/blogdofarnesio.com.br\\\/#website\"},\"primaryImageOfPage\":{\"@id\":\"https:\\\/\\\/blogdofarnesio.com.br\\\/?p=347555#primaryimage\"},\"image\":{\"@id\":\"https:\\\/\\\/blogdofarnesio.com.br\\\/?p=347555#primaryimage\"},\"thumbnailUrl\":\"https:\\\/\\\/blogdofarnesio.com.br\\\/wp-content\\\/uploads\\\/2020\\\/02\\\/blogqspconcurso-convoca\u00e7\u00e3o..-e1635260596355.jpg\",\"datePublished\":\"2023-08-10T18:44:21+00:00\",\"breadcrumb\":{\"@id\":\"https:\\\/\\\/blogdofarnesio.com.br\\\/?p=347555#breadcrumb\"},\"inLanguage\":\"pt-BR\",\"potentialAction\":[{\"@type\":\"ReadAction\",\"target\":[\"https:\\\/\\\/blogdofarnesio.com.br\\\/?p=347555\"]}]},{\"@type\":\"ImageObject\",\"inLanguage\":\"pt-BR\",\"@id\":\"https:\\\/\\\/blogdofarnesio.com.br\\\/?p=347555#primaryimage\",\"url\":\"https:\\\/\\\/blogdofarnesio.com.br\\\/wp-content\\\/uploads\\\/2020\\\/02\\\/blogqspconcurso-convoca\u00e7\u00e3o..-e1635260596355.jpg\",\"contentUrl\":\"https:\\\/\\\/blogdofarnesio.com.br\\\/wp-content\\\/uploads\\\/2020\\\/02\\\/blogqspconcurso-convoca\u00e7\u00e3o..-e1635260596355.jpg\",\"width\":660,\"height\":330},{\"@type\":\"BreadcrumbList\",\"@id\":\"https:\\\/\\\/blogdofarnesio.com.br\\\/?p=347555#breadcrumb\",\"itemListElement\":[{\"@type\":\"ListItem\",\"position\":1,\"name\":\"In\u00edcio\",\"item\":\"https:\\\/\\\/blogdofarnesio.com.br\\\/\"},{\"@type\":\"ListItem\",\"position\":2,\"name\":\"\u00a0 Mais Seguran\u00e7a: Prefeitura de Petrolina convoca 52 agentes de portaria para atender rede de ensino\"}]},{\"@type\":\"WebSite\",\"@id\":\"https:\\\/\\\/blogdofarnesio.com.br\\\/#website\",\"url\":\"https:\\\/\\\/blogdofarnesio.com.br\\\/\",\"name\":\"Blog do Farn\u00e9sio\",\"description\":\"Quer Saber Pol\u00edtica?\",\"publisher\":{\"@id\":\"https:\\\/\\\/blogdofarnesio.com.br\\\/#organization\"},\"potentialAction\":[{\"@type\":\"SearchAction\",\"target\":{\"@type\":\"EntryPoint\",\"urlTemplate\":\"https:\\\/\\\/blogdofarnesio.com.br\\\/?s={search_term_string}\"},\"query-input\":{\"@type\":\"PropertyValueSpecification\",\"valueRequired\":true,\"valueName\":\"search_term_string\"}}],\"inLanguage\":\"pt-BR\"},{\"@type\":\"Organization\",\"@id\":\"https:\\\/\\\/blogdofarnesio.com.br\\\/#organization\",\"name\":\"Blog do Farn\u00e9sio\",\"url\":\"https:\\\/\\\/blogdofarnesio.com.br\\\/\",\"logo\":{\"@type\":\"ImageObject\",\"inLanguage\":\"pt-BR\",\"@id\":\"https:\\\/\\\/blogdofarnesio.com.br\\\/#\\\/schema\\\/logo\\\/image\\\/\",\"url\":\"https:\\\/\\\/blogdofarnesio.com.br\\\/wp-content\\\/uploads\\\/2026\\\/03\\\/cropped-logo_new-1.png\",\"contentUrl\":\"https:\\\/\\\/blogdofarnesio.com.br\\\/wp-content\\\/uploads\\\/2026\\\/03\\\/cropped-logo_new-1.png\",\"width\":881,\"height\":685,\"caption\":\"Blog do Farn\u00e9sio\"},\"image\":{\"@id\":\"https:\\\/\\\/blogdofarnesio.com.br\\\/#\\\/schema\\\/logo\\\/image\\\/\"},\"sameAs\":[\"https:\\\/\\\/www.facebook.com\\\/BlogQuerSaberPolitica\\\/\"]},{\"@type\":\"Person\",\"@id\":\"https:\\\/\\\/blogdofarnesio.com.br\\\/#\\\/schema\\\/person\\\/bb9b23ae3ad0609ce8df7b6c9e76824d\",\"name\":\"Farn\u00e9sio\",\"image\":{\"@type\":\"ImageObject\",\"inLanguage\":\"pt-BR\",\"@id\":\"https:\\\/\\\/secure.gravatar.com\\\/avatar\\\/986aa4c61ccdb66f8555bf88fc2a65609d00bcabd4d2d94377a727547345cbca?s=96&d=mm&r=g\",\"url\":\"https:\\\/\\\/secure.gravatar.com\\\/avatar\\\/986aa4c61ccdb66f8555bf88fc2a65609d00bcabd4d2d94377a727547345cbca?s=96&d=mm&r=g\",\"contentUrl\":\"https:\\\/\\\/secure.gravatar.com\\\/avatar\\\/986aa4c61ccdb66f8555bf88fc2a65609d00bcabd4d2d94377a727547345cbca?s=96&d=mm&r=g\",\"caption\":\"Farn\u00e9sio\"},\"description\":\"Radialista blogueiro, chegou a Petrolina\\\/Juazeiro em setembro de 1980, Farn\u00e9sio Silva \u00e9 de Arapiraca-Alagoas.\",\"sameAs\":[\"http:\\\/\\\/blogdofarnesio.com.br\",\"https:\\\/\\\/www.facebook.com\\\/?ref=tn_tnmn\",\"https:\\\/\\\/www.instagram.com\\\/?utm_source=pwa_homescreen\",\"https:\\\/\\\/youtube.com.br\\\/\"],\"url\":\"https:\\\/\\\/blogdofarnesio.com.br\\\/?author=2\"}]}<\/script>\n<!-- \/ Yoast SEO plugin. -->","yoast_head_json":{"title":"\u00a0 Mais Seguran\u00e7a: Prefeitura de Petrolina convoca 52 agentes de portaria para atender rede de ensino - Blog do Farn\u00e9sio","robots":{"index":"index","follow":"follow","max-snippet":"max-snippet:-1","max-image-preview":"max-image-preview:large","max-video-preview":"max-video-preview:-1"},"canonical":"https:\/\/blogdofarnesio.com.br\/?p=347555","og_locale":"pt_BR","og_type":"article","og_title":"\u00a0 Mais Seguran\u00e7a: Prefeitura de Petrolina convoca 52 agentes de portaria para atender rede de ensino - Blog do Farn\u00e9sio","og_description":"\u00a0Essa \u00e9 a 2\u00aa convoca\u00e7\u00e3o realizada pela atual gest\u00e3o neste m\u00eas de agosto\u00a0\u00a0 Dentro das a\u00e7\u00f5es de fortalecimento da seguran\u00e7a da comunidade escolar, a Prefeitura de Petrolina, por meio da Secretaria de Educa\u00e7\u00e3o, Cultura e Esportes (Seduce), segue convocando os agentes de portaria aprovados no processo seletivo, edital n\u00ba 032\/2023. Neste 2\u00ba chamamento realizado pela atual gest\u00e3o neste m\u00eas de agosto, foram convocados 52 profissionais para atender as institui\u00e7\u00f5es do setor Sede, Bebedouro e Per\u00edmetros Irrigados I, II, III e IV . Os aprovados devem comparecer at\u00e9 a pr\u00f3xima segunda-feira (14), das 8h \u00e0s 11, na Secretaria Executiva de Recursos Humanos da Seduce, que fica no N\u00facleo Administrativo Municipal, localizado na Avenida Coronel Clementino Coelho, n\u00ba 714, Bairro Parque Bandeirantes.&hellip;","og_url":"https:\/\/blogdofarnesio.com.br\/?p=347555","og_site_name":"Blog do Farn\u00e9sio","article_publisher":"https:\/\/www.facebook.com\/BlogQuerSaberPolitica\/","article_author":"https:\/\/www.facebook.com\/?ref=tn_tnmn","article_published_time":"2023-08-10T18:44:21+00:00","og_image":[{"width":660,"height":330,"url":"https:\/\/blogdofarnesio.com.br\/wp-content\/uploads\/2020\/02\/blogqspconcurso-convoca\u00e7\u00e3o..-e1635260596355.jpg","type":"image\/jpeg"}],"author":"Farn\u00e9sio","twitter_card":"summary_large_image","twitter_misc":{"Escrito por":"Farn\u00e9sio","Est. tempo de leitura":"2 minutos"},"schema":{"@context":"https:\/\/schema.org","@graph":[{"@type":"Article","@id":"https:\/\/blogdofarnesio.com.br\/?p=347555#article","isPartOf":{"@id":"https:\/\/blogdofarnesio.com.br\/?p=347555"},"author":{"name":"Farn\u00e9sio","@id":"https:\/\/blogdofarnesio.com.br\/#\/schema\/person\/bb9b23ae3ad0609ce8df7b6c9e76824d"},"headline":"\u00a0 Mais Seguran\u00e7a: Prefeitura de Petrolina convoca 52 agentes de portaria para atender rede de ensino","datePublished":"2023-08-10T18:44:21+00:00","mainEntityOfPage":{"@id":"https:\/\/blogdofarnesio.com.br\/?p=347555"},"wordCount":241,"commentCount":0,"publisher":{"@id":"https:\/\/blogdofarnesio.com.br\/#organization"},"image":{"@id":"https:\/\/blogdofarnesio.com.br\/?p=347555#primaryimage"},"thumbnailUrl":"https:\/\/blogdofarnesio.com.br\/wp-content\/uploads\/2020\/02\/blogqspconcurso-convoca\u00e7\u00e3o..-e1635260596355.jpg","articleSection":["Concursos"],"inLanguage":"pt-BR","potentialAction":[{"@type":"CommentAction","name":"Comment","target":["https:\/\/blogdofarnesio.com.br\/?p=347555#respond"]}]},{"@type":"WebPage","@id":"https:\/\/blogdofarnesio.com.br\/?p=347555","url":"https:\/\/blogdofarnesio.com.br\/?p=347555","name":"\u00a0 Mais Seguran\u00e7a: Prefeitura de Petrolina convoca 52 agentes de portaria para atender rede de ensino - Blog do Farn\u00e9sio","isPartOf":{"@id":"https:\/\/blogdofarnesio.com.br\/#website"},"primaryImageOfPage":{"@id":"https:\/\/blogdofarnesio.com.br\/?p=347555#primaryimage"},"image":{"@id":"https:\/\/blogdofarnesio.com.br\/?p=347555#primaryimage"},"thumbnailUrl":"https:\/\/blogdofarnesio.com.br\/wp-content\/uploads\/2020\/02\/blogqspconcurso-convoca\u00e7\u00e3o..-e1635260596355.jpg","datePublished":"2023-08-10T18:44:21+00:00","breadcrumb":{"@id":"https:\/\/blogdofarnesio.com.br\/?p=347555#breadcrumb"},"inLanguage":"pt-BR","potentialAction":[{"@type":"ReadAction","target":["https:\/\/blogdofarnesio.com.br\/?p=347555"]}]},{"@type":"ImageObject","inLanguage":"pt-BR","@id":"https:\/\/blogdofarnesio.com.br\/?p=347555#primaryimage","url":"https:\/\/blogdofarnesio.com.br\/wp-content\/uploads\/2020\/02\/blogqspconcurso-convoca\u00e7\u00e3o..-e1635260596355.jpg","contentUrl":"https:\/\/blogdofarnesio.com.br\/wp-content\/uploads\/2020\/02\/blogqspconcurso-convoca\u00e7\u00e3o..-e1635260596355.jpg","width":660,"height":330},{"@type":"BreadcrumbList","@id":"https:\/\/blogdofarnesio.com.br\/?p=347555#breadcrumb","itemListElement":[{"@type":"ListItem","position":1,"name":"In\u00edcio","item":"https:\/\/blogdofarnesio.com.br\/"},{"@type":"ListItem","position":2,"name":"\u00a0 Mais Seguran\u00e7a: Prefeitura de Petrolina convoca 52 agentes de portaria para atender rede de ensino"}]},{"@type":"WebSite","@id":"https:\/\/blogdofarnesio.com.br\/#website","url":"https:\/\/blogdofarnesio.com.br\/","name":"Blog do Farn\u00e9sio","description":"Quer Saber Pol\u00edtica?","publisher":{"@id":"https:\/\/blogdofarnesio.com.br\/#organization"},"potentialAction":[{"@type":"SearchAction","target":{"@type":"EntryPoint","urlTemplate":"https:\/\/blogdofarnesio.com.br\/?s={search_term_string}"},"query-input":{"@type":"PropertyValueSpecification","valueRequired":true,"valueName":"search_term_string"}}],"inLanguage":"pt-BR"},{"@type":"Organization","@id":"https:\/\/blogdofarnesio.com.br\/#organization","name":"Blog do Farn\u00e9sio","url":"https:\/\/blogdofarnesio.com.br\/","logo":{"@type":"ImageObject","inLanguage":"pt-BR","@id":"https:\/\/blogdofarnesio.com.br\/#\/schema\/logo\/image\/","url":"https:\/\/blogdofarnesio.com.br\/wp-content\/uploads\/2026\/03\/cropped-logo_new-1.png","contentUrl":"https:\/\/blogdofarnesio.com.br\/wp-content\/uploads\/2026\/03\/cropped-logo_new-1.png","width":881,"height":685,"caption":"Blog do Farn\u00e9sio"},"image":{"@id":"https:\/\/blogdofarnesio.com.br\/#\/schema\/logo\/image\/"},"sameAs":["https:\/\/www.facebook.com\/BlogQuerSaberPolitica\/"]},{"@type":"Person","@id":"https:\/\/blogdofarnesio.com.br\/#\/schema\/person\/bb9b23ae3ad0609ce8df7b6c9e76824d","name":"Farn\u00e9sio","image":{"@type":"ImageObject","inLanguage":"pt-BR","@id":"https:\/\/secure.gravatar.com\/avatar\/986aa4c61ccdb66f8555bf88fc2a65609d00bcabd4d2d94377a727547345cbca?s=96&d=mm&r=g","url":"https:\/\/secure.gravatar.com\/avatar\/986aa4c61ccdb66f8555bf88fc2a65609d00bcabd4d2d94377a727547345cbca?s=96&d=mm&r=g","contentUrl":"https:\/\/secure.gravatar.com\/avatar\/986aa4c61ccdb66f8555bf88fc2a65609d00bcabd4d2d94377a727547345cbca?s=96&d=mm&r=g","caption":"Farn\u00e9sio"},"description":"Radialista blogueiro, chegou a Petrolina\/Juazeiro em setembro de 1980, Farn\u00e9sio Silva \u00e9 de Arapiraca-Alagoas.","sameAs":["http:\/\/blogdofarnesio.com.br","https:\/\/www.facebook.com\/?ref=tn_tnmn","https:\/\/www.instagram.com\/?utm_source=pwa_homescreen","https:\/\/youtube.com.br\/"],"url":"https:\/\/blogdofarnesio.com.br\/?author=2"}]}},"_links":{"self":[{"href":"https:\/\/blogdofarnesio.com.br\/index.php?rest_route=\/wp\/v2\/posts\/347555","targetHints":{"allow":["GET"]}}],"collection":[{"href":"https:\/\/blogdofarnesio.com.br\/index.php?rest_route=\/wp\/v2\/posts"}],"about":[{"href":"https:\/\/blogdofarnesio.com.br\/index.php?rest_route=\/wp\/v2\/types\/post"}],"author":[{"embeddable":true,"href":"https:\/\/blogdofarnesio.com.br\/index.php?rest_route=\/wp\/v2\/users\/2"}],"replies":[{"embeddable":true,"href":"https:\/\/blogdofarnesio.com.br\/index.php?rest_route=%2Fwp%2Fv2%2Fcomments&post=347555"}],"version-history":[{"count":0,"href":"https:\/\/blogdofarnesio.com.br\/index.php?rest_route=\/wp\/v2\/posts\/347555\/revisions"}],"wp:featuredmedia":[{"embeddable":true,"href":"https:\/\/blogdofarnesio.com.br\/index.php?rest_route=\/wp\/v2\/media\/250047"}],"wp:attachment":[{"href":"https:\/\/blogdofarnesio.com.br\/index.php?rest_route=%2Fwp%2Fv2%2Fmedia&parent=347555"}],"wp:term":[{"taxonomy":"category","embeddable":true,"href":"https:\/\/blogdofarnesio.com.br\/index.php?rest_route=%2Fwp%2Fv2%2Fcategories&post=347555"},{"taxonomy":"post_tag","embeddable":true,"href":"https:\/\/blogdofarnesio.com.br\/index.php?rest_route=%2Fwp%2Fv2%2Ftags&post=347555"}],"curies":[{"name":"wp","href":"https:\/\/api.w.org\/{rel}","templated":true}]}}