{"id":347513,"date":"2023-08-10T11:04:01","date_gmt":"2023-08-10T14:04:01","guid":{"rendered":"https:\/\/blogdofarnesio.com.br\/?p=347513"},"modified":"2023-08-10T10:31:26","modified_gmt":"2023-08-10T13:31:26","slug":"governo-da-baahia-convoca-165-aprovados-em-selecao-para-mediador-do-emitec","status":"publish","type":"post","link":"https:\/\/blogdofarnesio.com.br\/?p=347513","title":{"rendered":"Governo da Baahia convoca 165 aprovados em sele\u00e7\u00e3o para mediador do Emitec"},"content":{"rendered":"<p>O Governo do Estado da Bahia publicou no Di\u00e1rio Oficial desta quinta-feira (10) a convoca\u00e7\u00e3o de mais 165 aprovados no processo seletivo para mediador do Ensino M\u00e9dio com Intermedia\u00e7\u00e3o Tecnol\u00f3gica (EMITEC), pelo Regime Especial de Direito Administrativo (REDA).<\/p>\n<p>O Emitec atende estudantes que moram em \u00e1reas remotas da Bahia e que assistem as aulas em localidades perto de suas casas, sem a necessidade de deslocamento para os centros urbanos. As aulas s\u00e3o transmitidas, via sat\u00e9lite e em tempo real, por meio dos est\u00fadios de TV instalados no Instituto An\u00edsio Teixeira (IAT), na capital baiana, e os estudantes s\u00e3o acompanhados pelos mediadores em salas para a intera\u00e7\u00e3o com os professores direto de Salvador.<\/p>\n<p>Para agilizar o andamento dos processos, os candidatos convocados podem encaminhar a documenta\u00e7\u00e3o exigida, entre os dias 11 e 24 de agosto, pelo e-mail (ingressocpm.sec@enova.educacao.ba.gov.br), mas \u00e9 necess\u00e1rio tamb\u00e9m entregar presencialmente nos N\u00facleos Territoriais de Educa\u00e7\u00e3o. Os convocados para o NTE 26, em Salvador, dever\u00e3o comparecer na sede da Secretaria da Educa\u00e7\u00e3o do Estado (SEC), na Avenida Luiz Viana Filho, n\u00ba 550, 5\u00aa Avenida, Centro Administrativo da Bahia (CAB), 1\u00ba andar, sala 121. J\u00e1 os do interior, dever\u00e3o comparecer \u00e0s sedes dos NTE para os quais foram aprovados.<\/p>\n<p>Dentre os documentos necess\u00e1rios, que dever\u00e3o ser entregues em original e c\u00f3pia, est\u00e3o: o diploma de conclus\u00e3o do curso, relacionado \u00e0 fun\u00e7\u00e3o tempor\u00e1ria; RG, CPF e carteira de nascimento ou casamento; t\u00edtulo de eleitor e comprovantes dos dois \u00faltimos pleitos eleitorais, ou, certid\u00e3o de quita\u00e7\u00e3o eleitoral; e a Carteira de Trabalho e Previd\u00eancia Social (CTPS). O edital pode ser conferido no Portal da Educa\u00e7\u00e3o: www.educacao.ba.gov.br.<\/p>\n<p>Fotos: Camila Souza\/GOVBA<\/p>\n","protected":false},"excerpt":{"rendered":"<p>O Governo do Estado da Bahia publicou no Di\u00e1rio Oficial desta quinta-feira (10) a convoca\u00e7\u00e3o de mais 165 aprovados no processo seletivo para mediador do Ensino M\u00e9dio com Intermedia\u00e7\u00e3o Tecnol\u00f3gica (EMITEC), pelo Regime Especial de Direito Administrativo (REDA). O Emitec atende estudantes que moram em \u00e1reas remotas da Bahia e que assistem as aulas em localidades perto de suas casas, sem a necessidade de deslocamento para os centros urbanos. As aulas s\u00e3o transmitidas, via sat\u00e9lite e em tempo real, por meio dos est\u00fadios de TV instalados no Instituto An\u00edsio Teixeira (IAT), na capital baiana, e os estudantes s\u00e3o acompanhados pelos mediadores em salas para a intera\u00e7\u00e3o com os professores direto de Salvador. Para agilizar o andamento dos processos, os candidatos&hellip; <\/p>\n","protected":false},"author":2,"featured_media":347514,"comment_status":"open","ping_status":"open","sticky":false,"template":"","format":"standard","meta":{"_acf_changed":false,"footnotes":""},"categories":[31],"tags":[],"class_list":["post-347513","post","type-post","status-publish","format-standard","has-post-thumbnail","hentry","category-concursos"],"acf":[],"yoast_head":"<!-- This site is optimized with the Yoast SEO plugin v27.4 - https:\/\/yoast.com\/product\/yoast-seo-wordpress\/ -->\n<title>Governo da Baahia convoca 165 aprovados em sele\u00e7\u00e3o para mediador do Emitec - Blog do Farn\u00e9sio<\/title>\n<meta name=\"robots\" content=\"index, follow, max-snippet:-1, max-image-preview:large, max-video-preview:-1\" \/>\n<link rel=\"canonical\" href=\"https:\/\/blogdofarnesio.com.br\/?p=347513\" \/>\n<meta property=\"og:locale\" content=\"pt_BR\" \/>\n<meta property=\"og:type\" content=\"article\" \/>\n<meta property=\"og:title\" content=\"Governo da Baahia convoca 165 aprovados em sele\u00e7\u00e3o para mediador do Emitec - Blog do Farn\u00e9sio\" \/>\n<meta property=\"og:description\" content=\"O Governo do Estado da Bahia publicou no Di\u00e1rio Oficial desta quinta-feira (10) a convoca\u00e7\u00e3o de mais 165 aprovados no processo seletivo para mediador do Ensino M\u00e9dio com Intermedia\u00e7\u00e3o Tecnol\u00f3gica (EMITEC), pelo Regime Especial de Direito Administrativo (REDA). O Emitec atende estudantes que moram em \u00e1reas remotas da Bahia e que assistem as aulas em localidades perto de suas casas, sem a necessidade de deslocamento para os centros urbanos. As aulas s\u00e3o transmitidas, via sat\u00e9lite e em tempo real, por meio dos est\u00fadios de TV instalados no Instituto An\u00edsio Teixeira (IAT), na capital baiana, e os estudantes s\u00e3o acompanhados pelos mediadores em salas para a intera\u00e7\u00e3o com os professores direto de Salvador. Para agilizar o andamento dos processos, os candidatos&hellip;\" \/>\n<meta property=\"og:url\" content=\"https:\/\/blogdofarnesio.com.br\/?p=347513\" \/>\n<meta property=\"og:site_name\" content=\"Blog do Farn\u00e9sio\" \/>\n<meta property=\"article:publisher\" content=\"https:\/\/www.facebook.com\/BlogQuerSaberPolitica\/\" \/>\n<meta property=\"article:author\" content=\"https:\/\/www.facebook.com\/?ref=tn_tnmn\" \/>\n<meta property=\"article:published_time\" content=\"2023-08-10T14:04:01+00:00\" \/>\n<meta property=\"og:image\" content=\"https:\/\/blogdofarnesio.com.br\/wp-content\/uploads\/2023\/08\/blogqspgov-ba-mediador-e1691674259231.jpg\" \/>\n\t<meta property=\"og:image:width\" content=\"600\" \/>\n\t<meta property=\"og:image:height\" content=\"400\" \/>\n\t<meta property=\"og:image:type\" content=\"image\/jpeg\" \/>\n<meta name=\"author\" content=\"Farn\u00e9sio\" \/>\n<meta name=\"twitter:card\" content=\"summary_large_image\" \/>\n<meta name=\"twitter:label1\" content=\"Escrito por\" \/>\n\t<meta name=\"twitter:data1\" content=\"Farn\u00e9sio\" \/>\n\t<meta name=\"twitter:label2\" content=\"Est. tempo de leitura\" \/>\n\t<meta name=\"twitter:data2\" content=\"2 minutos\" \/>\n<script type=\"application\/ld+json\" class=\"yoast-schema-graph\">{\"@context\":\"https:\\\/\\\/schema.org\",\"@graph\":[{\"@type\":\"Article\",\"@id\":\"https:\\\/\\\/blogdofarnesio.com.br\\\/?p=347513#article\",\"isPartOf\":{\"@id\":\"https:\\\/\\\/blogdofarnesio.com.br\\\/?p=347513\"},\"author\":{\"name\":\"Farn\u00e9sio\",\"@id\":\"https:\\\/\\\/blogdofarnesio.com.br\\\/#\\\/schema\\\/person\\\/bb9b23ae3ad0609ce8df7b6c9e76824d\"},\"headline\":\"Governo da Baahia convoca 165 aprovados em sele\u00e7\u00e3o para mediador do Emitec\",\"datePublished\":\"2023-08-10T14:04:01+00:00\",\"mainEntityOfPage\":{\"@id\":\"https:\\\/\\\/blogdofarnesio.com.br\\\/?p=347513\"},\"wordCount\":311,\"commentCount\":0,\"publisher\":{\"@id\":\"https:\\\/\\\/blogdofarnesio.com.br\\\/#organization\"},\"image\":{\"@id\":\"https:\\\/\\\/blogdofarnesio.com.br\\\/?p=347513#primaryimage\"},\"thumbnailUrl\":\"https:\\\/\\\/blogdofarnesio.com.br\\\/wp-content\\\/uploads\\\/2023\\\/08\\\/blogqspgov-ba-mediador-e1691674259231.jpg\",\"articleSection\":[\"Concursos\"],\"inLanguage\":\"pt-BR\",\"potentialAction\":[{\"@type\":\"CommentAction\",\"name\":\"Comment\",\"target\":[\"https:\\\/\\\/blogdofarnesio.com.br\\\/?p=347513#respond\"]}]},{\"@type\":\"WebPage\",\"@id\":\"https:\\\/\\\/blogdofarnesio.com.br\\\/?p=347513\",\"url\":\"https:\\\/\\\/blogdofarnesio.com.br\\\/?p=347513\",\"name\":\"Governo da Baahia convoca 165 aprovados em sele\u00e7\u00e3o para mediador do Emitec - Blog do Farn\u00e9sio\",\"isPartOf\":{\"@id\":\"https:\\\/\\\/blogdofarnesio.com.br\\\/#website\"},\"primaryImageOfPage\":{\"@id\":\"https:\\\/\\\/blogdofarnesio.com.br\\\/?p=347513#primaryimage\"},\"image\":{\"@id\":\"https:\\\/\\\/blogdofarnesio.com.br\\\/?p=347513#primaryimage\"},\"thumbnailUrl\":\"https:\\\/\\\/blogdofarnesio.com.br\\\/wp-content\\\/uploads\\\/2023\\\/08\\\/blogqspgov-ba-mediador-e1691674259231.jpg\",\"datePublished\":\"2023-08-10T14:04:01+00:00\",\"breadcrumb\":{\"@id\":\"https:\\\/\\\/blogdofarnesio.com.br\\\/?p=347513#breadcrumb\"},\"inLanguage\":\"pt-BR\",\"potentialAction\":[{\"@type\":\"ReadAction\",\"target\":[\"https:\\\/\\\/blogdofarnesio.com.br\\\/?p=347513\"]}]},{\"@type\":\"ImageObject\",\"inLanguage\":\"pt-BR\",\"@id\":\"https:\\\/\\\/blogdofarnesio.com.br\\\/?p=347513#primaryimage\",\"url\":\"https:\\\/\\\/blogdofarnesio.com.br\\\/wp-content\\\/uploads\\\/2023\\\/08\\\/blogqspgov-ba-mediador-e1691674259231.jpg\",\"contentUrl\":\"https:\\\/\\\/blogdofarnesio.com.br\\\/wp-content\\\/uploads\\\/2023\\\/08\\\/blogqspgov-ba-mediador-e1691674259231.jpg\",\"width\":600,\"height\":400},{\"@type\":\"BreadcrumbList\",\"@id\":\"https:\\\/\\\/blogdofarnesio.com.br\\\/?p=347513#breadcrumb\",\"itemListElement\":[{\"@type\":\"ListItem\",\"position\":1,\"name\":\"In\u00edcio\",\"item\":\"https:\\\/\\\/blogdofarnesio.com.br\\\/\"},{\"@type\":\"ListItem\",\"position\":2,\"name\":\"Governo da Baahia convoca 165 aprovados em sele\u00e7\u00e3o para mediador do Emitec\"}]},{\"@type\":\"WebSite\",\"@id\":\"https:\\\/\\\/blogdofarnesio.com.br\\\/#website\",\"url\":\"https:\\\/\\\/blogdofarnesio.com.br\\\/\",\"name\":\"Blog do Farn\u00e9sio\",\"description\":\"Quer Saber Pol\u00edtica?\",\"publisher\":{\"@id\":\"https:\\\/\\\/blogdofarnesio.com.br\\\/#organization\"},\"potentialAction\":[{\"@type\":\"SearchAction\",\"target\":{\"@type\":\"EntryPoint\",\"urlTemplate\":\"https:\\\/\\\/blogdofarnesio.com.br\\\/?s={search_term_string}\"},\"query-input\":{\"@type\":\"PropertyValueSpecification\",\"valueRequired\":true,\"valueName\":\"search_term_string\"}}],\"inLanguage\":\"pt-BR\"},{\"@type\":\"Organization\",\"@id\":\"https:\\\/\\\/blogdofarnesio.com.br\\\/#organization\",\"name\":\"Blog do Farn\u00e9sio\",\"url\":\"https:\\\/\\\/blogdofarnesio.com.br\\\/\",\"logo\":{\"@type\":\"ImageObject\",\"inLanguage\":\"pt-BR\",\"@id\":\"https:\\\/\\\/blogdofarnesio.com.br\\\/#\\\/schema\\\/logo\\\/image\\\/\",\"url\":\"https:\\\/\\\/blogdofarnesio.com.br\\\/wp-content\\\/uploads\\\/2026\\\/03\\\/cropped-logo_new-1.png\",\"contentUrl\":\"https:\\\/\\\/blogdofarnesio.com.br\\\/wp-content\\\/uploads\\\/2026\\\/03\\\/cropped-logo_new-1.png\",\"width\":881,\"height\":685,\"caption\":\"Blog do Farn\u00e9sio\"},\"image\":{\"@id\":\"https:\\\/\\\/blogdofarnesio.com.br\\\/#\\\/schema\\\/logo\\\/image\\\/\"},\"sameAs\":[\"https:\\\/\\\/www.facebook.com\\\/BlogQuerSaberPolitica\\\/\"]},{\"@type\":\"Person\",\"@id\":\"https:\\\/\\\/blogdofarnesio.com.br\\\/#\\\/schema\\\/person\\\/bb9b23ae3ad0609ce8df7b6c9e76824d\",\"name\":\"Farn\u00e9sio\",\"image\":{\"@type\":\"ImageObject\",\"inLanguage\":\"pt-BR\",\"@id\":\"https:\\\/\\\/secure.gravatar.com\\\/avatar\\\/986aa4c61ccdb66f8555bf88fc2a65609d00bcabd4d2d94377a727547345cbca?s=96&d=mm&r=g\",\"url\":\"https:\\\/\\\/secure.gravatar.com\\\/avatar\\\/986aa4c61ccdb66f8555bf88fc2a65609d00bcabd4d2d94377a727547345cbca?s=96&d=mm&r=g\",\"contentUrl\":\"https:\\\/\\\/secure.gravatar.com\\\/avatar\\\/986aa4c61ccdb66f8555bf88fc2a65609d00bcabd4d2d94377a727547345cbca?s=96&d=mm&r=g\",\"caption\":\"Farn\u00e9sio\"},\"description\":\"Radialista blogueiro, chegou a Petrolina\\\/Juazeiro em setembro de 1980, Farn\u00e9sio Silva \u00e9 de Arapiraca-Alagoas.\",\"sameAs\":[\"http:\\\/\\\/blogdofarnesio.com.br\",\"https:\\\/\\\/www.facebook.com\\\/?ref=tn_tnmn\",\"https:\\\/\\\/www.instagram.com\\\/?utm_source=pwa_homescreen\",\"https:\\\/\\\/youtube.com.br\\\/\"],\"url\":\"https:\\\/\\\/blogdofarnesio.com.br\\\/?author=2\"}]}<\/script>\n<!-- \/ Yoast SEO plugin. -->","yoast_head_json":{"title":"Governo da Baahia convoca 165 aprovados em sele\u00e7\u00e3o para mediador do Emitec - Blog do Farn\u00e9sio","robots":{"index":"index","follow":"follow","max-snippet":"max-snippet:-1","max-image-preview":"max-image-preview:large","max-video-preview":"max-video-preview:-1"},"canonical":"https:\/\/blogdofarnesio.com.br\/?p=347513","og_locale":"pt_BR","og_type":"article","og_title":"Governo da Baahia convoca 165 aprovados em sele\u00e7\u00e3o para mediador do Emitec - Blog do Farn\u00e9sio","og_description":"O Governo do Estado da Bahia publicou no Di\u00e1rio Oficial desta quinta-feira (10) a convoca\u00e7\u00e3o de mais 165 aprovados no processo seletivo para mediador do Ensino M\u00e9dio com Intermedia\u00e7\u00e3o Tecnol\u00f3gica (EMITEC), pelo Regime Especial de Direito Administrativo (REDA). O Emitec atende estudantes que moram em \u00e1reas remotas da Bahia e que assistem as aulas em localidades perto de suas casas, sem a necessidade de deslocamento para os centros urbanos. As aulas s\u00e3o transmitidas, via sat\u00e9lite e em tempo real, por meio dos est\u00fadios de TV instalados no Instituto An\u00edsio Teixeira (IAT), na capital baiana, e os estudantes s\u00e3o acompanhados pelos mediadores em salas para a intera\u00e7\u00e3o com os professores direto de Salvador. Para agilizar o andamento dos processos, os candidatos&hellip;","og_url":"https:\/\/blogdofarnesio.com.br\/?p=347513","og_site_name":"Blog do Farn\u00e9sio","article_publisher":"https:\/\/www.facebook.com\/BlogQuerSaberPolitica\/","article_author":"https:\/\/www.facebook.com\/?ref=tn_tnmn","article_published_time":"2023-08-10T14:04:01+00:00","og_image":[{"width":600,"height":400,"url":"https:\/\/blogdofarnesio.com.br\/wp-content\/uploads\/2023\/08\/blogqspgov-ba-mediador-e1691674259231.jpg","type":"image\/jpeg"}],"author":"Farn\u00e9sio","twitter_card":"summary_large_image","twitter_misc":{"Escrito por":"Farn\u00e9sio","Est. tempo de leitura":"2 minutos"},"schema":{"@context":"https:\/\/schema.org","@graph":[{"@type":"Article","@id":"https:\/\/blogdofarnesio.com.br\/?p=347513#article","isPartOf":{"@id":"https:\/\/blogdofarnesio.com.br\/?p=347513"},"author":{"name":"Farn\u00e9sio","@id":"https:\/\/blogdofarnesio.com.br\/#\/schema\/person\/bb9b23ae3ad0609ce8df7b6c9e76824d"},"headline":"Governo da Baahia convoca 165 aprovados em sele\u00e7\u00e3o para mediador do Emitec","datePublished":"2023-08-10T14:04:01+00:00","mainEntityOfPage":{"@id":"https:\/\/blogdofarnesio.com.br\/?p=347513"},"wordCount":311,"commentCount":0,"publisher":{"@id":"https:\/\/blogdofarnesio.com.br\/#organization"},"image":{"@id":"https:\/\/blogdofarnesio.com.br\/?p=347513#primaryimage"},"thumbnailUrl":"https:\/\/blogdofarnesio.com.br\/wp-content\/uploads\/2023\/08\/blogqspgov-ba-mediador-e1691674259231.jpg","articleSection":["Concursos"],"inLanguage":"pt-BR","potentialAction":[{"@type":"CommentAction","name":"Comment","target":["https:\/\/blogdofarnesio.com.br\/?p=347513#respond"]}]},{"@type":"WebPage","@id":"https:\/\/blogdofarnesio.com.br\/?p=347513","url":"https:\/\/blogdofarnesio.com.br\/?p=347513","name":"Governo da Baahia convoca 165 aprovados em sele\u00e7\u00e3o para mediador do Emitec - Blog do Farn\u00e9sio","isPartOf":{"@id":"https:\/\/blogdofarnesio.com.br\/#website"},"primaryImageOfPage":{"@id":"https:\/\/blogdofarnesio.com.br\/?p=347513#primaryimage"},"image":{"@id":"https:\/\/blogdofarnesio.com.br\/?p=347513#primaryimage"},"thumbnailUrl":"https:\/\/blogdofarnesio.com.br\/wp-content\/uploads\/2023\/08\/blogqspgov-ba-mediador-e1691674259231.jpg","datePublished":"2023-08-10T14:04:01+00:00","breadcrumb":{"@id":"https:\/\/blogdofarnesio.com.br\/?p=347513#breadcrumb"},"inLanguage":"pt-BR","potentialAction":[{"@type":"ReadAction","target":["https:\/\/blogdofarnesio.com.br\/?p=347513"]}]},{"@type":"ImageObject","inLanguage":"pt-BR","@id":"https:\/\/blogdofarnesio.com.br\/?p=347513#primaryimage","url":"https:\/\/blogdofarnesio.com.br\/wp-content\/uploads\/2023\/08\/blogqspgov-ba-mediador-e1691674259231.jpg","contentUrl":"https:\/\/blogdofarnesio.com.br\/wp-content\/uploads\/2023\/08\/blogqspgov-ba-mediador-e1691674259231.jpg","width":600,"height":400},{"@type":"BreadcrumbList","@id":"https:\/\/blogdofarnesio.com.br\/?p=347513#breadcrumb","itemListElement":[{"@type":"ListItem","position":1,"name":"In\u00edcio","item":"https:\/\/blogdofarnesio.com.br\/"},{"@type":"ListItem","position":2,"name":"Governo da Baahia convoca 165 aprovados em sele\u00e7\u00e3o para mediador do Emitec"}]},{"@type":"WebSite","@id":"https:\/\/blogdofarnesio.com.br\/#website","url":"https:\/\/blogdofarnesio.com.br\/","name":"Blog do Farn\u00e9sio","description":"Quer Saber Pol\u00edtica?","publisher":{"@id":"https:\/\/blogdofarnesio.com.br\/#organization"},"potentialAction":[{"@type":"SearchAction","target":{"@type":"EntryPoint","urlTemplate":"https:\/\/blogdofarnesio.com.br\/?s={search_term_string}"},"query-input":{"@type":"PropertyValueSpecification","valueRequired":true,"valueName":"search_term_string"}}],"inLanguage":"pt-BR"},{"@type":"Organization","@id":"https:\/\/blogdofarnesio.com.br\/#organization","name":"Blog do Farn\u00e9sio","url":"https:\/\/blogdofarnesio.com.br\/","logo":{"@type":"ImageObject","inLanguage":"pt-BR","@id":"https:\/\/blogdofarnesio.com.br\/#\/schema\/logo\/image\/","url":"https:\/\/blogdofarnesio.com.br\/wp-content\/uploads\/2026\/03\/cropped-logo_new-1.png","contentUrl":"https:\/\/blogdofarnesio.com.br\/wp-content\/uploads\/2026\/03\/cropped-logo_new-1.png","width":881,"height":685,"caption":"Blog do Farn\u00e9sio"},"image":{"@id":"https:\/\/blogdofarnesio.com.br\/#\/schema\/logo\/image\/"},"sameAs":["https:\/\/www.facebook.com\/BlogQuerSaberPolitica\/"]},{"@type":"Person","@id":"https:\/\/blogdofarnesio.com.br\/#\/schema\/person\/bb9b23ae3ad0609ce8df7b6c9e76824d","name":"Farn\u00e9sio","image":{"@type":"ImageObject","inLanguage":"pt-BR","@id":"https:\/\/secure.gravatar.com\/avatar\/986aa4c61ccdb66f8555bf88fc2a65609d00bcabd4d2d94377a727547345cbca?s=96&d=mm&r=g","url":"https:\/\/secure.gravatar.com\/avatar\/986aa4c61ccdb66f8555bf88fc2a65609d00bcabd4d2d94377a727547345cbca?s=96&d=mm&r=g","contentUrl":"https:\/\/secure.gravatar.com\/avatar\/986aa4c61ccdb66f8555bf88fc2a65609d00bcabd4d2d94377a727547345cbca?s=96&d=mm&r=g","caption":"Farn\u00e9sio"},"description":"Radialista blogueiro, chegou a Petrolina\/Juazeiro em setembro de 1980, Farn\u00e9sio Silva \u00e9 de Arapiraca-Alagoas.","sameAs":["http:\/\/blogdofarnesio.com.br","https:\/\/www.facebook.com\/?ref=tn_tnmn","https:\/\/www.instagram.com\/?utm_source=pwa_homescreen","https:\/\/youtube.com.br\/"],"url":"https:\/\/blogdofarnesio.com.br\/?author=2"}]}},"_links":{"self":[{"href":"https:\/\/blogdofarnesio.com.br\/index.php?rest_route=\/wp\/v2\/posts\/347513","targetHints":{"allow":["GET"]}}],"collection":[{"href":"https:\/\/blogdofarnesio.com.br\/index.php?rest_route=\/wp\/v2\/posts"}],"about":[{"href":"https:\/\/blogdofarnesio.com.br\/index.php?rest_route=\/wp\/v2\/types\/post"}],"author":[{"embeddable":true,"href":"https:\/\/blogdofarnesio.com.br\/index.php?rest_route=\/wp\/v2\/users\/2"}],"replies":[{"embeddable":true,"href":"https:\/\/blogdofarnesio.com.br\/index.php?rest_route=%2Fwp%2Fv2%2Fcomments&post=347513"}],"version-history":[{"count":0,"href":"https:\/\/blogdofarnesio.com.br\/index.php?rest_route=\/wp\/v2\/posts\/347513\/revisions"}],"wp:featuredmedia":[{"embeddable":true,"href":"https:\/\/blogdofarnesio.com.br\/index.php?rest_route=\/wp\/v2\/media\/347514"}],"wp:attachment":[{"href":"https:\/\/blogdofarnesio.com.br\/index.php?rest_route=%2Fwp%2Fv2%2Fmedia&parent=347513"}],"wp:term":[{"taxonomy":"category","embeddable":true,"href":"https:\/\/blogdofarnesio.com.br\/index.php?rest_route=%2Fwp%2Fv2%2Fcategories&post=347513"},{"taxonomy":"post_tag","embeddable":true,"href":"https:\/\/blogdofarnesio.com.br\/index.php?rest_route=%2Fwp%2Fv2%2Ftags&post=347513"}],"curies":[{"name":"wp","href":"https:\/\/api.w.org\/{rel}","templated":true}]}}