{"id":347505,"date":"2023-08-10T11:24:45","date_gmt":"2023-08-10T14:24:45","guid":{"rendered":"https:\/\/blogdofarnesio.com.br\/?p=347505"},"modified":"2023-08-10T10:56:33","modified_gmt":"2023-08-10T13:56:33","slug":"idolo-de-clube-baiano-atacante-passa-mal-e-morre-durante-treino","status":"publish","type":"post","link":"https:\/\/blogdofarnesio.com.br\/2023\/08\/idolo-de-clube-baiano-atacante-passa-mal-e-morre-durante-treino\/","title":{"rendered":"\u00cddolo de clube baiano, atacante passa mal e morre durante treino"},"content":{"rendered":"<header class=\"post__header\">\n<section class=\"author__content\">\n<address>\n<figure class=\"author__image\"><figcaption class=\"author__info\">\n<p class=\"author__name\"><span class=\"author__group\"><a href=\"https:\/\/www.cnnbrasil.com.br\/autor\/leonardo-gimenez\/\" target=\"_top\" rel=\"noopener\">Leonardo Gimenez\/<\/a><span class=\"tp__author\">da Itatiaia\u00a0 &#8211;\u00a0\u00a0<\/span><\/span><\/p>\n<\/figcaption><\/figure>\n<\/address>\n<\/section>\n<\/header>\n<div class=\"post__content\">\n<p>O atacante Deon, do Bahia de Feira, morreu nesta quarta-feira (9), aos 36 anos. De olho no duelo com o Nacional-AM, pela S\u00e9rie D do\u00a0<a href=\"https:\/\/www.cnnbrasil.com.br\/tudo-sobre\/campeonato-brasileiro\/\" target=\"_top\" rel=\"noopener\">Campeonato Brasileiro<\/a>, a equipe estava treinando quando o atleta passou mal e n\u00e3o resistiu ainda no gramado.<\/p>\n<p>A informa\u00e7\u00e3o foi publicada pelo jornalista Marcello G\u00f3is. Considerado \u00eddolo do clube, Deon era titular absoluto do Bahia de Feira.<\/p>\n<p>Em nota de pesar, o clube citou que o atacante era \u201cmotivo de tanto orgulho para o time e para a nossa cidade\u201d. \u201cDeon foi um jogador exemplar e sempre ser\u00e1 lembrado por todos n\u00f3s\u201d, afirmou o Bahia de Feira, que decretou luto.<\/p>\n<p><button tabindex=\"0\" role=\"button\" type=\"button\"><\/button><iframe class=\"i-amphtml-fill-content\" title=\"Instagram: null\" src=\"https:\/\/www.instagram.com\/p\/CvvZ3KIuTwQ\/embed\/captioned\/?cr=1&amp;v=12\" frameborder=\"0\" scrolling=\"no\" data-mce-fragment=\"1\"><\/iframe><\/p>\n<h2>Campanha do Bahia de Feira na S\u00e9rie D<\/h2>\n<p>Na segunda fase da competi\u00e7\u00e3o, o time baiano eliminou o Potiguar de Mossor\u00f3 e, agora, enfrentar\u00e1 os amazonenses pelas oitavas de final.<\/p>\n<p>O Bahia de Feira receber\u00e1 o Nacional-AM no s\u00e1bado (12), \u00e0s 17h (de Bras\u00edlia), na Arena Cajueiro, em Feira de Santana, no interior da Bahia.<\/p>\n<p><em>(Mais informa\u00e7\u00f5es em instantes)<\/em><\/p>\n<\/div>\n","protected":false},"excerpt":{"rendered":"<p>Leonardo Gimenez\/da Itatiaia\u00a0 &#8211;\u00a0\u00a0 O atacante Deon, do Bahia de Feira, morreu nesta quarta-feira (9), aos 36 anos. De olho no duelo com o Nacional-AM, pela S\u00e9rie D do\u00a0Campeonato Brasileiro, a equipe estava treinando quando o atleta passou mal e n\u00e3o resistiu ainda no gramado. A informa\u00e7\u00e3o foi publicada pelo jornalista Marcello G\u00f3is. Considerado \u00eddolo do clube, Deon era titular absoluto do Bahia de Feira. Em nota de pesar, o clube citou que o atacante era \u201cmotivo de tanto orgulho para o time e para a nossa cidade\u201d. \u201cDeon foi um jogador exemplar e sempre ser\u00e1 lembrado por todos n\u00f3s\u201d, afirmou o Bahia de Feira, que decretou luto. Campanha do Bahia de Feira na S\u00e9rie D Na segunda fase da&hellip; <\/p>\n","protected":false},"author":2,"featured_media":347530,"comment_status":"open","ping_status":"open","sticky":false,"template":"","format":"standard","meta":{"_acf_changed":false,"footnotes":""},"categories":[8],"tags":[],"class_list":["post-347505","post","type-post","status-publish","format-standard","has-post-thumbnail","hentry","category-esportes"],"acf":[],"yoast_head":"<!-- This site is optimized with the Yoast SEO plugin v27.5 - https:\/\/yoast.com\/product\/yoast-seo-wordpress\/ -->\n<title>\u00cddolo de clube baiano, atacante passa mal e morre durante treino - Blog do Farn\u00e9sio<\/title>\n<meta name=\"robots\" content=\"index, follow, max-snippet:-1, max-image-preview:large, max-video-preview:-1\" \/>\n<link rel=\"canonical\" href=\"https:\/\/blogdofarnesio.com.br\/2023\/08\/idolo-de-clube-baiano-atacante-passa-mal-e-morre-durante-treino\/\" \/>\n<meta property=\"og:locale\" content=\"pt_BR\" \/>\n<meta property=\"og:type\" content=\"article\" \/>\n<meta property=\"og:title\" content=\"\u00cddolo de clube baiano, atacante passa mal e morre durante treino - Blog do Farn\u00e9sio\" \/>\n<meta property=\"og:description\" content=\"Leonardo Gimenez\/da Itatiaia\u00a0 &#8211;\u00a0\u00a0 O atacante Deon, do Bahia de Feira, morreu nesta quarta-feira (9), aos 36 anos. De olho no duelo com o Nacional-AM, pela S\u00e9rie D do\u00a0Campeonato Brasileiro, a equipe estava treinando quando o atleta passou mal e n\u00e3o resistiu ainda no gramado. A informa\u00e7\u00e3o foi publicada pelo jornalista Marcello G\u00f3is. Considerado \u00eddolo do clube, Deon era titular absoluto do Bahia de Feira. Em nota de pesar, o clube citou que o atacante era \u201cmotivo de tanto orgulho para o time e para a nossa cidade\u201d. \u201cDeon foi um jogador exemplar e sempre ser\u00e1 lembrado por todos n\u00f3s\u201d, afirmou o Bahia de Feira, que decretou luto. Campanha do Bahia de Feira na S\u00e9rie D Na segunda fase da&hellip;\" \/>\n<meta property=\"og:url\" content=\"https:\/\/blogdofarnesio.com.br\/2023\/08\/idolo-de-clube-baiano-atacante-passa-mal-e-morre-durante-treino\/\" \/>\n<meta property=\"og:site_name\" content=\"Blog do Farn\u00e9sio\" \/>\n<meta property=\"article:publisher\" content=\"https:\/\/www.facebook.com\/BlogQuerSaberPolitica\/\" \/>\n<meta property=\"article:author\" content=\"https:\/\/www.facebook.com\/?ref=tn_tnmn\" \/>\n<meta property=\"article:published_time\" content=\"2023-08-10T14:24:45+00:00\" \/>\n<meta property=\"og:image\" content=\"https:\/\/blogdofarnesio.com.br\/wp-content\/uploads\/2023\/08\/blogqspdeon.jpg\" \/>\n\t<meta property=\"og:image:width\" content=\"785\" \/>\n\t<meta property=\"og:image:height\" content=\"412\" \/>\n\t<meta property=\"og:image:type\" content=\"image\/jpeg\" \/>\n<meta name=\"author\" content=\"Farn\u00e9sio\" \/>\n<meta name=\"twitter:card\" content=\"summary_large_image\" \/>\n<meta name=\"twitter:label1\" content=\"Escrito por\" \/>\n\t<meta name=\"twitter:data1\" content=\"Farn\u00e9sio\" \/>\n\t<meta name=\"twitter:label2\" content=\"Est. tempo de leitura\" \/>\n\t<meta name=\"twitter:data2\" content=\"1 minuto\" \/>\n<script type=\"application\/ld+json\" class=\"yoast-schema-graph\">{\"@context\":\"https:\\\/\\\/schema.org\",\"@graph\":[{\"@type\":\"Article\",\"@id\":\"https:\\\/\\\/blogdofarnesio.com.br\\\/2023\\\/08\\\/idolo-de-clube-baiano-atacante-passa-mal-e-morre-durante-treino\\\/#article\",\"isPartOf\":{\"@id\":\"https:\\\/\\\/blogdofarnesio.com.br\\\/2023\\\/08\\\/idolo-de-clube-baiano-atacante-passa-mal-e-morre-durante-treino\\\/\"},\"author\":{\"name\":\"Farn\u00e9sio\",\"@id\":\"https:\\\/\\\/blogdofarnesio.com.br\\\/#\\\/schema\\\/person\\\/bb9b23ae3ad0609ce8df7b6c9e76824d\"},\"headline\":\"\u00cddolo de clube baiano, atacante passa mal e morre durante treino\",\"datePublished\":\"2023-08-10T14:24:45+00:00\",\"mainEntityOfPage\":{\"@id\":\"https:\\\/\\\/blogdofarnesio.com.br\\\/2023\\\/08\\\/idolo-de-clube-baiano-atacante-passa-mal-e-morre-durante-treino\\\/\"},\"wordCount\":187,\"commentCount\":0,\"publisher\":{\"@id\":\"https:\\\/\\\/blogdofarnesio.com.br\\\/#organization\"},\"image\":{\"@id\":\"https:\\\/\\\/blogdofarnesio.com.br\\\/2023\\\/08\\\/idolo-de-clube-baiano-atacante-passa-mal-e-morre-durante-treino\\\/#primaryimage\"},\"thumbnailUrl\":\"https:\\\/\\\/blogdofarnesio.com.br\\\/wp-content\\\/uploads\\\/2023\\\/08\\\/blogqspdeon.jpg\",\"articleSection\":[\"Esportes\"],\"inLanguage\":\"pt-BR\",\"potentialAction\":[{\"@type\":\"CommentAction\",\"name\":\"Comment\",\"target\":[\"https:\\\/\\\/blogdofarnesio.com.br\\\/2023\\\/08\\\/idolo-de-clube-baiano-atacante-passa-mal-e-morre-durante-treino\\\/#respond\"]}]},{\"@type\":\"WebPage\",\"@id\":\"https:\\\/\\\/blogdofarnesio.com.br\\\/2023\\\/08\\\/idolo-de-clube-baiano-atacante-passa-mal-e-morre-durante-treino\\\/\",\"url\":\"https:\\\/\\\/blogdofarnesio.com.br\\\/2023\\\/08\\\/idolo-de-clube-baiano-atacante-passa-mal-e-morre-durante-treino\\\/\",\"name\":\"\u00cddolo de clube baiano, atacante passa mal e morre durante treino - Blog do Farn\u00e9sio\",\"isPartOf\":{\"@id\":\"https:\\\/\\\/blogdofarnesio.com.br\\\/#website\"},\"primaryImageOfPage\":{\"@id\":\"https:\\\/\\\/blogdofarnesio.com.br\\\/2023\\\/08\\\/idolo-de-clube-baiano-atacante-passa-mal-e-morre-durante-treino\\\/#primaryimage\"},\"image\":{\"@id\":\"https:\\\/\\\/blogdofarnesio.com.br\\\/2023\\\/08\\\/idolo-de-clube-baiano-atacante-passa-mal-e-morre-durante-treino\\\/#primaryimage\"},\"thumbnailUrl\":\"https:\\\/\\\/blogdofarnesio.com.br\\\/wp-content\\\/uploads\\\/2023\\\/08\\\/blogqspdeon.jpg\",\"datePublished\":\"2023-08-10T14:24:45+00:00\",\"breadcrumb\":{\"@id\":\"https:\\\/\\\/blogdofarnesio.com.br\\\/2023\\\/08\\\/idolo-de-clube-baiano-atacante-passa-mal-e-morre-durante-treino\\\/#breadcrumb\"},\"inLanguage\":\"pt-BR\",\"potentialAction\":[{\"@type\":\"ReadAction\",\"target\":[\"https:\\\/\\\/blogdofarnesio.com.br\\\/2023\\\/08\\\/idolo-de-clube-baiano-atacante-passa-mal-e-morre-durante-treino\\\/\"]}]},{\"@type\":\"ImageObject\",\"inLanguage\":\"pt-BR\",\"@id\":\"https:\\\/\\\/blogdofarnesio.com.br\\\/2023\\\/08\\\/idolo-de-clube-baiano-atacante-passa-mal-e-morre-durante-treino\\\/#primaryimage\",\"url\":\"https:\\\/\\\/blogdofarnesio.com.br\\\/wp-content\\\/uploads\\\/2023\\\/08\\\/blogqspdeon.jpg\",\"contentUrl\":\"https:\\\/\\\/blogdofarnesio.com.br\\\/wp-content\\\/uploads\\\/2023\\\/08\\\/blogqspdeon.jpg\",\"width\":785,\"height\":412},{\"@type\":\"BreadcrumbList\",\"@id\":\"https:\\\/\\\/blogdofarnesio.com.br\\\/2023\\\/08\\\/idolo-de-clube-baiano-atacante-passa-mal-e-morre-durante-treino\\\/#breadcrumb\",\"itemListElement\":[{\"@type\":\"ListItem\",\"position\":1,\"name\":\"In\u00edcio\",\"item\":\"https:\\\/\\\/blogdofarnesio.com.br\\\/\"},{\"@type\":\"ListItem\",\"position\":2,\"name\":\"\u00cddolo de clube baiano, atacante passa mal e morre durante treino\"}]},{\"@type\":\"WebSite\",\"@id\":\"https:\\\/\\\/blogdofarnesio.com.br\\\/#website\",\"url\":\"https:\\\/\\\/blogdofarnesio.com.br\\\/\",\"name\":\"Blog do Farn\u00e9sio\",\"description\":\"Quer Saber Pol\u00edtica?\",\"publisher\":{\"@id\":\"https:\\\/\\\/blogdofarnesio.com.br\\\/#organization\"},\"potentialAction\":[{\"@type\":\"SearchAction\",\"target\":{\"@type\":\"EntryPoint\",\"urlTemplate\":\"https:\\\/\\\/blogdofarnesio.com.br\\\/?s={search_term_string}\"},\"query-input\":{\"@type\":\"PropertyValueSpecification\",\"valueRequired\":true,\"valueName\":\"search_term_string\"}}],\"inLanguage\":\"pt-BR\"},{\"@type\":\"Organization\",\"@id\":\"https:\\\/\\\/blogdofarnesio.com.br\\\/#organization\",\"name\":\"Blog do Farn\u00e9sio\",\"url\":\"https:\\\/\\\/blogdofarnesio.com.br\\\/\",\"logo\":{\"@type\":\"ImageObject\",\"inLanguage\":\"pt-BR\",\"@id\":\"https:\\\/\\\/blogdofarnesio.com.br\\\/#\\\/schema\\\/logo\\\/image\\\/\",\"url\":\"https:\\\/\\\/blogdofarnesio.com.br\\\/wp-content\\\/uploads\\\/2026\\\/03\\\/cropped-logo_new-1.png\",\"contentUrl\":\"https:\\\/\\\/blogdofarnesio.com.br\\\/wp-content\\\/uploads\\\/2026\\\/03\\\/cropped-logo_new-1.png\",\"width\":881,\"height\":685,\"caption\":\"Blog do Farn\u00e9sio\"},\"image\":{\"@id\":\"https:\\\/\\\/blogdofarnesio.com.br\\\/#\\\/schema\\\/logo\\\/image\\\/\"},\"sameAs\":[\"https:\\\/\\\/www.facebook.com\\\/BlogQuerSaberPolitica\\\/\"]},{\"@type\":\"Person\",\"@id\":\"https:\\\/\\\/blogdofarnesio.com.br\\\/#\\\/schema\\\/person\\\/bb9b23ae3ad0609ce8df7b6c9e76824d\",\"name\":\"Farn\u00e9sio\",\"image\":{\"@type\":\"ImageObject\",\"inLanguage\":\"pt-BR\",\"@id\":\"https:\\\/\\\/secure.gravatar.com\\\/avatar\\\/986aa4c61ccdb66f8555bf88fc2a65609d00bcabd4d2d94377a727547345cbca?s=96&d=mm&r=g\",\"url\":\"https:\\\/\\\/secure.gravatar.com\\\/avatar\\\/986aa4c61ccdb66f8555bf88fc2a65609d00bcabd4d2d94377a727547345cbca?s=96&d=mm&r=g\",\"contentUrl\":\"https:\\\/\\\/secure.gravatar.com\\\/avatar\\\/986aa4c61ccdb66f8555bf88fc2a65609d00bcabd4d2d94377a727547345cbca?s=96&d=mm&r=g\",\"caption\":\"Farn\u00e9sio\"},\"description\":\"Radialista blogueiro, chegou a Petrolina\\\/Juazeiro em setembro de 1980, Farn\u00e9sio Silva \u00e9 de Arapiraca-Alagoas.\",\"sameAs\":[\"http:\\\/\\\/blogdofarnesio.com.br\",\"https:\\\/\\\/www.facebook.com\\\/?ref=tn_tnmn\",\"https:\\\/\\\/www.instagram.com\\\/?utm_source=pwa_homescreen\",\"https:\\\/\\\/youtube.com.br\\\/\"],\"url\":\"https:\\\/\\\/blogdofarnesio.com.br\\\/author\\\/farnesio-2\\\/\"}]}<\/script>\n<!-- \/ Yoast SEO plugin. -->","yoast_head_json":{"title":"\u00cddolo de clube baiano, atacante passa mal e morre durante treino - Blog do Farn\u00e9sio","robots":{"index":"index","follow":"follow","max-snippet":"max-snippet:-1","max-image-preview":"max-image-preview:large","max-video-preview":"max-video-preview:-1"},"canonical":"https:\/\/blogdofarnesio.com.br\/2023\/08\/idolo-de-clube-baiano-atacante-passa-mal-e-morre-durante-treino\/","og_locale":"pt_BR","og_type":"article","og_title":"\u00cddolo de clube baiano, atacante passa mal e morre durante treino - Blog do Farn\u00e9sio","og_description":"Leonardo Gimenez\/da Itatiaia\u00a0 &#8211;\u00a0\u00a0 O atacante Deon, do Bahia de Feira, morreu nesta quarta-feira (9), aos 36 anos. De olho no duelo com o Nacional-AM, pela S\u00e9rie D do\u00a0Campeonato Brasileiro, a equipe estava treinando quando o atleta passou mal e n\u00e3o resistiu ainda no gramado. A informa\u00e7\u00e3o foi publicada pelo jornalista Marcello G\u00f3is. Considerado \u00eddolo do clube, Deon era titular absoluto do Bahia de Feira. Em nota de pesar, o clube citou que o atacante era \u201cmotivo de tanto orgulho para o time e para a nossa cidade\u201d. \u201cDeon foi um jogador exemplar e sempre ser\u00e1 lembrado por todos n\u00f3s\u201d, afirmou o Bahia de Feira, que decretou luto. Campanha do Bahia de Feira na S\u00e9rie D Na segunda fase da&hellip;","og_url":"https:\/\/blogdofarnesio.com.br\/2023\/08\/idolo-de-clube-baiano-atacante-passa-mal-e-morre-durante-treino\/","og_site_name":"Blog do Farn\u00e9sio","article_publisher":"https:\/\/www.facebook.com\/BlogQuerSaberPolitica\/","article_author":"https:\/\/www.facebook.com\/?ref=tn_tnmn","article_published_time":"2023-08-10T14:24:45+00:00","og_image":[{"width":785,"height":412,"url":"https:\/\/blogdofarnesio.com.br\/wp-content\/uploads\/2023\/08\/blogqspdeon.jpg","type":"image\/jpeg"}],"author":"Farn\u00e9sio","twitter_card":"summary_large_image","twitter_misc":{"Escrito por":"Farn\u00e9sio","Est. tempo de leitura":"1 minuto"},"schema":{"@context":"https:\/\/schema.org","@graph":[{"@type":"Article","@id":"https:\/\/blogdofarnesio.com.br\/2023\/08\/idolo-de-clube-baiano-atacante-passa-mal-e-morre-durante-treino\/#article","isPartOf":{"@id":"https:\/\/blogdofarnesio.com.br\/2023\/08\/idolo-de-clube-baiano-atacante-passa-mal-e-morre-durante-treino\/"},"author":{"name":"Farn\u00e9sio","@id":"https:\/\/blogdofarnesio.com.br\/#\/schema\/person\/bb9b23ae3ad0609ce8df7b6c9e76824d"},"headline":"\u00cddolo de clube baiano, atacante passa mal e morre durante treino","datePublished":"2023-08-10T14:24:45+00:00","mainEntityOfPage":{"@id":"https:\/\/blogdofarnesio.com.br\/2023\/08\/idolo-de-clube-baiano-atacante-passa-mal-e-morre-durante-treino\/"},"wordCount":187,"commentCount":0,"publisher":{"@id":"https:\/\/blogdofarnesio.com.br\/#organization"},"image":{"@id":"https:\/\/blogdofarnesio.com.br\/2023\/08\/idolo-de-clube-baiano-atacante-passa-mal-e-morre-durante-treino\/#primaryimage"},"thumbnailUrl":"https:\/\/blogdofarnesio.com.br\/wp-content\/uploads\/2023\/08\/blogqspdeon.jpg","articleSection":["Esportes"],"inLanguage":"pt-BR","potentialAction":[{"@type":"CommentAction","name":"Comment","target":["https:\/\/blogdofarnesio.com.br\/2023\/08\/idolo-de-clube-baiano-atacante-passa-mal-e-morre-durante-treino\/#respond"]}]},{"@type":"WebPage","@id":"https:\/\/blogdofarnesio.com.br\/2023\/08\/idolo-de-clube-baiano-atacante-passa-mal-e-morre-durante-treino\/","url":"https:\/\/blogdofarnesio.com.br\/2023\/08\/idolo-de-clube-baiano-atacante-passa-mal-e-morre-durante-treino\/","name":"\u00cddolo de clube baiano, atacante passa mal e morre durante treino - Blog do Farn\u00e9sio","isPartOf":{"@id":"https:\/\/blogdofarnesio.com.br\/#website"},"primaryImageOfPage":{"@id":"https:\/\/blogdofarnesio.com.br\/2023\/08\/idolo-de-clube-baiano-atacante-passa-mal-e-morre-durante-treino\/#primaryimage"},"image":{"@id":"https:\/\/blogdofarnesio.com.br\/2023\/08\/idolo-de-clube-baiano-atacante-passa-mal-e-morre-durante-treino\/#primaryimage"},"thumbnailUrl":"https:\/\/blogdofarnesio.com.br\/wp-content\/uploads\/2023\/08\/blogqspdeon.jpg","datePublished":"2023-08-10T14:24:45+00:00","breadcrumb":{"@id":"https:\/\/blogdofarnesio.com.br\/2023\/08\/idolo-de-clube-baiano-atacante-passa-mal-e-morre-durante-treino\/#breadcrumb"},"inLanguage":"pt-BR","potentialAction":[{"@type":"ReadAction","target":["https:\/\/blogdofarnesio.com.br\/2023\/08\/idolo-de-clube-baiano-atacante-passa-mal-e-morre-durante-treino\/"]}]},{"@type":"ImageObject","inLanguage":"pt-BR","@id":"https:\/\/blogdofarnesio.com.br\/2023\/08\/idolo-de-clube-baiano-atacante-passa-mal-e-morre-durante-treino\/#primaryimage","url":"https:\/\/blogdofarnesio.com.br\/wp-content\/uploads\/2023\/08\/blogqspdeon.jpg","contentUrl":"https:\/\/blogdofarnesio.com.br\/wp-content\/uploads\/2023\/08\/blogqspdeon.jpg","width":785,"height":412},{"@type":"BreadcrumbList","@id":"https:\/\/blogdofarnesio.com.br\/2023\/08\/idolo-de-clube-baiano-atacante-passa-mal-e-morre-durante-treino\/#breadcrumb","itemListElement":[{"@type":"ListItem","position":1,"name":"In\u00edcio","item":"https:\/\/blogdofarnesio.com.br\/"},{"@type":"ListItem","position":2,"name":"\u00cddolo de clube baiano, atacante passa mal e morre durante treino"}]},{"@type":"WebSite","@id":"https:\/\/blogdofarnesio.com.br\/#website","url":"https:\/\/blogdofarnesio.com.br\/","name":"Blog do Farn\u00e9sio","description":"Quer Saber Pol\u00edtica?","publisher":{"@id":"https:\/\/blogdofarnesio.com.br\/#organization"},"potentialAction":[{"@type":"SearchAction","target":{"@type":"EntryPoint","urlTemplate":"https:\/\/blogdofarnesio.com.br\/?s={search_term_string}"},"query-input":{"@type":"PropertyValueSpecification","valueRequired":true,"valueName":"search_term_string"}}],"inLanguage":"pt-BR"},{"@type":"Organization","@id":"https:\/\/blogdofarnesio.com.br\/#organization","name":"Blog do Farn\u00e9sio","url":"https:\/\/blogdofarnesio.com.br\/","logo":{"@type":"ImageObject","inLanguage":"pt-BR","@id":"https:\/\/blogdofarnesio.com.br\/#\/schema\/logo\/image\/","url":"https:\/\/blogdofarnesio.com.br\/wp-content\/uploads\/2026\/03\/cropped-logo_new-1.png","contentUrl":"https:\/\/blogdofarnesio.com.br\/wp-content\/uploads\/2026\/03\/cropped-logo_new-1.png","width":881,"height":685,"caption":"Blog do Farn\u00e9sio"},"image":{"@id":"https:\/\/blogdofarnesio.com.br\/#\/schema\/logo\/image\/"},"sameAs":["https:\/\/www.facebook.com\/BlogQuerSaberPolitica\/"]},{"@type":"Person","@id":"https:\/\/blogdofarnesio.com.br\/#\/schema\/person\/bb9b23ae3ad0609ce8df7b6c9e76824d","name":"Farn\u00e9sio","image":{"@type":"ImageObject","inLanguage":"pt-BR","@id":"https:\/\/secure.gravatar.com\/avatar\/986aa4c61ccdb66f8555bf88fc2a65609d00bcabd4d2d94377a727547345cbca?s=96&d=mm&r=g","url":"https:\/\/secure.gravatar.com\/avatar\/986aa4c61ccdb66f8555bf88fc2a65609d00bcabd4d2d94377a727547345cbca?s=96&d=mm&r=g","contentUrl":"https:\/\/secure.gravatar.com\/avatar\/986aa4c61ccdb66f8555bf88fc2a65609d00bcabd4d2d94377a727547345cbca?s=96&d=mm&r=g","caption":"Farn\u00e9sio"},"description":"Radialista blogueiro, chegou a Petrolina\/Juazeiro em setembro de 1980, Farn\u00e9sio Silva \u00e9 de Arapiraca-Alagoas.","sameAs":["http:\/\/blogdofarnesio.com.br","https:\/\/www.facebook.com\/?ref=tn_tnmn","https:\/\/www.instagram.com\/?utm_source=pwa_homescreen","https:\/\/youtube.com.br\/"],"url":"https:\/\/blogdofarnesio.com.br\/author\/farnesio-2\/"}]}},"_links":{"self":[{"href":"https:\/\/blogdofarnesio.com.br\/wp-json\/wp\/v2\/posts\/347505","targetHints":{"allow":["GET"]}}],"collection":[{"href":"https:\/\/blogdofarnesio.com.br\/wp-json\/wp\/v2\/posts"}],"about":[{"href":"https:\/\/blogdofarnesio.com.br\/wp-json\/wp\/v2\/types\/post"}],"author":[{"embeddable":true,"href":"https:\/\/blogdofarnesio.com.br\/wp-json\/wp\/v2\/users\/2"}],"replies":[{"embeddable":true,"href":"https:\/\/blogdofarnesio.com.br\/wp-json\/wp\/v2\/comments?post=347505"}],"version-history":[{"count":0,"href":"https:\/\/blogdofarnesio.com.br\/wp-json\/wp\/v2\/posts\/347505\/revisions"}],"wp:featuredmedia":[{"embeddable":true,"href":"https:\/\/blogdofarnesio.com.br\/wp-json\/wp\/v2\/media\/347530"}],"wp:attachment":[{"href":"https:\/\/blogdofarnesio.com.br\/wp-json\/wp\/v2\/media?parent=347505"}],"wp:term":[{"taxonomy":"category","embeddable":true,"href":"https:\/\/blogdofarnesio.com.br\/wp-json\/wp\/v2\/categories?post=347505"},{"taxonomy":"post_tag","embeddable":true,"href":"https:\/\/blogdofarnesio.com.br\/wp-json\/wp\/v2\/tags?post=347505"}],"curies":[{"name":"wp","href":"https:\/\/api.w.org\/{rel}","templated":true}]}}