{"id":347043,"date":"2023-08-05T11:00:08","date_gmt":"2023-08-05T14:00:08","guid":{"rendered":"https:\/\/blogdofarnesio.com.br\/?p=347043"},"modified":"2023-08-04T17:10:25","modified_gmt":"2023-08-04T20:10:25","slug":"ebserh-lanca-edital-de-processo-seletivo-com-nove-vagas-para-medico-anestesiologia-no-hu-univasf","status":"publish","type":"post","link":"https:\/\/blogdofarnesio.com.br\/?p=347043","title":{"rendered":"Ebserh lan\u00e7a edital de processo seletivo com nove vagas para m\u00e9dico &#8211; anestesiologia no HU-Univasf"},"content":{"rendered":"<div id=\"viewlet-above-content-body\">\n<div id=\"plone-document-byline\" class=\"documentByLine\"><em>Interessados devem preencher Formul\u00e1rio Eletr\u00f4nico de Inscri\u00e7\u00e3o e anexar curr\u00edculo e documenta\u00e7\u00e3o comprobat\u00f3ria dos t\u00edtulos e experi\u00eancia profissional<\/em><\/div>\n<\/div>\n<div id=\"content-core\">\n<div id=\"parent-fieldname-text\" class=\"\">\n<div>\n<p><b>Petrolina (PE)<\/b>\u00a0\u2013 A Empresa Brasileira de Servi\u00e7os Hospitalares (Ebserh) lan\u00e7ou edital para provimento de vagas<b>\u00a0<\/b>do cargo de M\u00e9dico \u2013 anestesiologia. A atua\u00e7\u00e3o ser\u00e1 no Hospital Universit\u00e1rio da Universidade Federal do Vale do S\u00e3o Francisco (HU-Univasf), vinculado \u00e0 estatal.<\/p>\n<p>O sal\u00e1rio base para ambos \u00e9 de R$ 10.463,79.<\/p>\n<p>As inscri\u00e7\u00f5es podem ser feitas via internet no endere\u00e7o eletr\u00f4nico www.ebserh.gov.br \u2013 Se\u00e7\u00e3o Concursos e Sele\u00e7\u00f5es at\u00e9 \u00e0s 23h59h do dia 11 de agosto, e obrigatoriamente mediante preenchimento do Formul\u00e1rio Eletr\u00f4nico de Inscri\u00e7\u00e3o, anexa\u00e7\u00e3o de curr\u00edculo e documenta\u00e7\u00e3o comprobat\u00f3ria dos t\u00edtulos e experi\u00eancia profissional a serem pontuados.<\/p>\n<p>O Processo Seletivo P\u00fablico Simplificado &#8211; PSS N\u00b0 67 \u2013 Ebserh\/ HU-Univasf visa atender \u00e0 necessidade tempor\u00e1ria de excepcional interesse p\u00fablico, por tempo determinado, para atender os servi\u00e7os essenciais do hospital.<\/p>\n<p>Confira os detalhes no seguinte\u00a0<a href=\"https:\/\/www.gov.br\/ebserh\/pt-br\/acesso-a-informacao\/agentes-publicos\/concursos-e-selecoes\/selecoes\/processos-seletivos\/processo-seletivo-simplificado-pss\/2023\/pss-67-2023-regiao-nordeste-hu-univasf\/edital-normativo\/edital-normativo-no-02-de-31-de-julho-de-2023-pss-67-2023-ebserh-hu-univasf.pdf\/view\">link.<\/a><\/p>\n<p><b><\/b><b>Sobre a Ebserh<\/b><\/p>\n<p>Vinculada ao Minist\u00e9rio da Educa\u00e7\u00e3o (MEC), a Ebserh foi criada em 2011 e, atualmente, administra 41 hospitais universit\u00e1rios federais, apoiando e impulsionando suas atividades por meio de uma gest\u00e3o de excel\u00eancia. Como hospitais vinculados a universidades federais, essas unidades t\u00eam caracter\u00edsticas espec\u00edficas: atendem pacientes do Sistema \u00danico de Sa\u00fade (SUS) ao mesmo tempo que apoiam a forma\u00e7\u00e3o de profissionais de sa\u00fade e o desenvolvimento de pesquisas e inova\u00e7\u00e3o.<\/p>\n<p><i>Coordenadoria de Comunica\u00e7\u00e3o Social da Rede Ebserh<\/i><\/p>\n<\/div>\n<\/div>\n<\/div>\n","protected":false},"excerpt":{"rendered":"<p>Interessados devem preencher Formul\u00e1rio Eletr\u00f4nico de Inscri\u00e7\u00e3o e anexar curr\u00edculo e documenta\u00e7\u00e3o comprobat\u00f3ria dos t\u00edtulos e experi\u00eancia profissional Petrolina (PE)\u00a0\u2013 A Empresa Brasileira de Servi\u00e7os Hospitalares (Ebserh) lan\u00e7ou edital para provimento de vagas\u00a0do cargo de M\u00e9dico \u2013 anestesiologia. A atua\u00e7\u00e3o ser\u00e1 no Hospital Universit\u00e1rio da Universidade Federal do Vale do S\u00e3o Francisco (HU-Univasf), vinculado \u00e0 estatal. O sal\u00e1rio base para ambos \u00e9 de R$ 10.463,79. As inscri\u00e7\u00f5es podem ser feitas via internet no endere\u00e7o eletr\u00f4nico www.ebserh.gov.br \u2013 Se\u00e7\u00e3o Concursos e Sele\u00e7\u00f5es at\u00e9 \u00e0s 23h59h do dia 11 de agosto, e obrigatoriamente mediante preenchimento do Formul\u00e1rio Eletr\u00f4nico de Inscri\u00e7\u00e3o, anexa\u00e7\u00e3o de curr\u00edculo e documenta\u00e7\u00e3o comprobat\u00f3ria dos t\u00edtulos e experi\u00eancia profissional a serem pontuados. O Processo Seletivo P\u00fablico Simplificado &#8211; PSS N\u00b0&hellip; <\/p>\n","protected":false},"author":2,"featured_media":169586,"comment_status":"open","ping_status":"open","sticky":false,"template":"","format":"standard","meta":{"_acf_changed":false,"footnotes":""},"categories":[31],"tags":[],"class_list":["post-347043","post","type-post","status-publish","format-standard","has-post-thumbnail","hentry","category-concursos"],"acf":[],"yoast_head":"<!-- This site is optimized with the Yoast SEO plugin v27.4 - https:\/\/yoast.com\/product\/yoast-seo-wordpress\/ -->\n<title>Ebserh lan\u00e7a edital de processo seletivo com nove vagas para m\u00e9dico - anestesiologia no HU-Univasf - Blog do Farn\u00e9sio<\/title>\n<meta name=\"robots\" content=\"index, follow, max-snippet:-1, max-image-preview:large, max-video-preview:-1\" \/>\n<link rel=\"canonical\" href=\"https:\/\/blogdofarnesio.com.br\/?p=347043\" \/>\n<meta property=\"og:locale\" content=\"pt_BR\" \/>\n<meta property=\"og:type\" content=\"article\" \/>\n<meta property=\"og:title\" content=\"Ebserh lan\u00e7a edital de processo seletivo com nove vagas para m\u00e9dico - anestesiologia no HU-Univasf - Blog do Farn\u00e9sio\" \/>\n<meta property=\"og:description\" content=\"Interessados devem preencher Formul\u00e1rio Eletr\u00f4nico de Inscri\u00e7\u00e3o e anexar curr\u00edculo e documenta\u00e7\u00e3o comprobat\u00f3ria dos t\u00edtulos e experi\u00eancia profissional Petrolina (PE)\u00a0\u2013 A Empresa Brasileira de Servi\u00e7os Hospitalares (Ebserh) lan\u00e7ou edital para provimento de vagas\u00a0do cargo de M\u00e9dico \u2013 anestesiologia. A atua\u00e7\u00e3o ser\u00e1 no Hospital Universit\u00e1rio da Universidade Federal do Vale do S\u00e3o Francisco (HU-Univasf), vinculado \u00e0 estatal. O sal\u00e1rio base para ambos \u00e9 de R$ 10.463,79. As inscri\u00e7\u00f5es podem ser feitas via internet no endere\u00e7o eletr\u00f4nico www.ebserh.gov.br \u2013 Se\u00e7\u00e3o Concursos e Sele\u00e7\u00f5es at\u00e9 \u00e0s 23h59h do dia 11 de agosto, e obrigatoriamente mediante preenchimento do Formul\u00e1rio Eletr\u00f4nico de Inscri\u00e7\u00e3o, anexa\u00e7\u00e3o de curr\u00edculo e documenta\u00e7\u00e3o comprobat\u00f3ria dos t\u00edtulos e experi\u00eancia profissional a serem pontuados. O Processo Seletivo P\u00fablico Simplificado &#8211; PSS N\u00b0&hellip;\" \/>\n<meta property=\"og:url\" content=\"https:\/\/blogdofarnesio.com.br\/?p=347043\" \/>\n<meta property=\"og:site_name\" content=\"Blog do Farn\u00e9sio\" \/>\n<meta property=\"article:publisher\" content=\"https:\/\/www.facebook.com\/BlogQuerSaberPolitica\/\" \/>\n<meta property=\"article:author\" content=\"https:\/\/www.facebook.com\/?ref=tn_tnmn\" \/>\n<meta property=\"article:published_time\" content=\"2023-08-05T14:00:08+00:00\" \/>\n<meta property=\"og:image\" content=\"https:\/\/blogdofarnesio.com.br\/wp-content\/uploads\/2017\/06\/blogqspsaudecirurgia.jpg\" \/>\n\t<meta property=\"og:image:width\" content=\"380\" \/>\n\t<meta property=\"og:image:height\" content=\"280\" \/>\n\t<meta property=\"og:image:type\" content=\"image\/jpeg\" \/>\n<meta name=\"author\" content=\"Farn\u00e9sio\" \/>\n<meta name=\"twitter:card\" content=\"summary_large_image\" \/>\n<meta name=\"twitter:label1\" content=\"Escrito por\" \/>\n\t<meta name=\"twitter:data1\" content=\"Farn\u00e9sio\" \/>\n\t<meta name=\"twitter:label2\" content=\"Est. tempo de leitura\" \/>\n\t<meta name=\"twitter:data2\" content=\"2 minutos\" \/>\n<script type=\"application\/ld+json\" class=\"yoast-schema-graph\">{\"@context\":\"https:\\\/\\\/schema.org\",\"@graph\":[{\"@type\":\"Article\",\"@id\":\"https:\\\/\\\/blogdofarnesio.com.br\\\/?p=347043#article\",\"isPartOf\":{\"@id\":\"https:\\\/\\\/blogdofarnesio.com.br\\\/?p=347043\"},\"author\":{\"name\":\"Farn\u00e9sio\",\"@id\":\"https:\\\/\\\/blogdofarnesio.com.br\\\/#\\\/schema\\\/person\\\/bb9b23ae3ad0609ce8df7b6c9e76824d\"},\"headline\":\"Ebserh lan\u00e7a edital de processo seletivo com nove vagas para m\u00e9dico &#8211; anestesiologia no HU-Univasf\",\"datePublished\":\"2023-08-05T14:00:08+00:00\",\"mainEntityOfPage\":{\"@id\":\"https:\\\/\\\/blogdofarnesio.com.br\\\/?p=347043\"},\"wordCount\":284,\"commentCount\":0,\"publisher\":{\"@id\":\"https:\\\/\\\/blogdofarnesio.com.br\\\/#organization\"},\"image\":{\"@id\":\"https:\\\/\\\/blogdofarnesio.com.br\\\/?p=347043#primaryimage\"},\"thumbnailUrl\":\"https:\\\/\\\/blogdofarnesio.com.br\\\/wp-content\\\/uploads\\\/2017\\\/06\\\/blogqspsaudecirurgia.jpg\",\"articleSection\":[\"Concursos\"],\"inLanguage\":\"pt-BR\",\"potentialAction\":[{\"@type\":\"CommentAction\",\"name\":\"Comment\",\"target\":[\"https:\\\/\\\/blogdofarnesio.com.br\\\/?p=347043#respond\"]}]},{\"@type\":\"WebPage\",\"@id\":\"https:\\\/\\\/blogdofarnesio.com.br\\\/?p=347043\",\"url\":\"https:\\\/\\\/blogdofarnesio.com.br\\\/?p=347043\",\"name\":\"Ebserh lan\u00e7a edital de processo seletivo com nove vagas para m\u00e9dico - anestesiologia no HU-Univasf - Blog do Farn\u00e9sio\",\"isPartOf\":{\"@id\":\"https:\\\/\\\/blogdofarnesio.com.br\\\/#website\"},\"primaryImageOfPage\":{\"@id\":\"https:\\\/\\\/blogdofarnesio.com.br\\\/?p=347043#primaryimage\"},\"image\":{\"@id\":\"https:\\\/\\\/blogdofarnesio.com.br\\\/?p=347043#primaryimage\"},\"thumbnailUrl\":\"https:\\\/\\\/blogdofarnesio.com.br\\\/wp-content\\\/uploads\\\/2017\\\/06\\\/blogqspsaudecirurgia.jpg\",\"datePublished\":\"2023-08-05T14:00:08+00:00\",\"breadcrumb\":{\"@id\":\"https:\\\/\\\/blogdofarnesio.com.br\\\/?p=347043#breadcrumb\"},\"inLanguage\":\"pt-BR\",\"potentialAction\":[{\"@type\":\"ReadAction\",\"target\":[\"https:\\\/\\\/blogdofarnesio.com.br\\\/?p=347043\"]}]},{\"@type\":\"ImageObject\",\"inLanguage\":\"pt-BR\",\"@id\":\"https:\\\/\\\/blogdofarnesio.com.br\\\/?p=347043#primaryimage\",\"url\":\"https:\\\/\\\/blogdofarnesio.com.br\\\/wp-content\\\/uploads\\\/2017\\\/06\\\/blogqspsaudecirurgia.jpg\",\"contentUrl\":\"https:\\\/\\\/blogdofarnesio.com.br\\\/wp-content\\\/uploads\\\/2017\\\/06\\\/blogqspsaudecirurgia.jpg\",\"width\":380,\"height\":280},{\"@type\":\"BreadcrumbList\",\"@id\":\"https:\\\/\\\/blogdofarnesio.com.br\\\/?p=347043#breadcrumb\",\"itemListElement\":[{\"@type\":\"ListItem\",\"position\":1,\"name\":\"In\u00edcio\",\"item\":\"https:\\\/\\\/blogdofarnesio.com.br\\\/\"},{\"@type\":\"ListItem\",\"position\":2,\"name\":\"Ebserh lan\u00e7a edital de processo seletivo com nove vagas para m\u00e9dico &#8211; anestesiologia no HU-Univasf\"}]},{\"@type\":\"WebSite\",\"@id\":\"https:\\\/\\\/blogdofarnesio.com.br\\\/#website\",\"url\":\"https:\\\/\\\/blogdofarnesio.com.br\\\/\",\"name\":\"Blog do Farn\u00e9sio\",\"description\":\"Quer Saber Pol\u00edtica?\",\"publisher\":{\"@id\":\"https:\\\/\\\/blogdofarnesio.com.br\\\/#organization\"},\"potentialAction\":[{\"@type\":\"SearchAction\",\"target\":{\"@type\":\"EntryPoint\",\"urlTemplate\":\"https:\\\/\\\/blogdofarnesio.com.br\\\/?s={search_term_string}\"},\"query-input\":{\"@type\":\"PropertyValueSpecification\",\"valueRequired\":true,\"valueName\":\"search_term_string\"}}],\"inLanguage\":\"pt-BR\"},{\"@type\":\"Organization\",\"@id\":\"https:\\\/\\\/blogdofarnesio.com.br\\\/#organization\",\"name\":\"Blog do Farn\u00e9sio\",\"url\":\"https:\\\/\\\/blogdofarnesio.com.br\\\/\",\"logo\":{\"@type\":\"ImageObject\",\"inLanguage\":\"pt-BR\",\"@id\":\"https:\\\/\\\/blogdofarnesio.com.br\\\/#\\\/schema\\\/logo\\\/image\\\/\",\"url\":\"https:\\\/\\\/blogdofarnesio.com.br\\\/wp-content\\\/uploads\\\/2026\\\/03\\\/cropped-logo_new-1.png\",\"contentUrl\":\"https:\\\/\\\/blogdofarnesio.com.br\\\/wp-content\\\/uploads\\\/2026\\\/03\\\/cropped-logo_new-1.png\",\"width\":881,\"height\":685,\"caption\":\"Blog do Farn\u00e9sio\"},\"image\":{\"@id\":\"https:\\\/\\\/blogdofarnesio.com.br\\\/#\\\/schema\\\/logo\\\/image\\\/\"},\"sameAs\":[\"https:\\\/\\\/www.facebook.com\\\/BlogQuerSaberPolitica\\\/\"]},{\"@type\":\"Person\",\"@id\":\"https:\\\/\\\/blogdofarnesio.com.br\\\/#\\\/schema\\\/person\\\/bb9b23ae3ad0609ce8df7b6c9e76824d\",\"name\":\"Farn\u00e9sio\",\"image\":{\"@type\":\"ImageObject\",\"inLanguage\":\"pt-BR\",\"@id\":\"https:\\\/\\\/secure.gravatar.com\\\/avatar\\\/986aa4c61ccdb66f8555bf88fc2a65609d00bcabd4d2d94377a727547345cbca?s=96&d=mm&r=g\",\"url\":\"https:\\\/\\\/secure.gravatar.com\\\/avatar\\\/986aa4c61ccdb66f8555bf88fc2a65609d00bcabd4d2d94377a727547345cbca?s=96&d=mm&r=g\",\"contentUrl\":\"https:\\\/\\\/secure.gravatar.com\\\/avatar\\\/986aa4c61ccdb66f8555bf88fc2a65609d00bcabd4d2d94377a727547345cbca?s=96&d=mm&r=g\",\"caption\":\"Farn\u00e9sio\"},\"description\":\"Radialista blogueiro, chegou a Petrolina\\\/Juazeiro em setembro de 1980, Farn\u00e9sio Silva \u00e9 de Arapiraca-Alagoas.\",\"sameAs\":[\"http:\\\/\\\/blogdofarnesio.com.br\",\"https:\\\/\\\/www.facebook.com\\\/?ref=tn_tnmn\",\"https:\\\/\\\/www.instagram.com\\\/?utm_source=pwa_homescreen\",\"https:\\\/\\\/youtube.com.br\\\/\"],\"url\":\"https:\\\/\\\/blogdofarnesio.com.br\\\/?author=2\"}]}<\/script>\n<!-- \/ Yoast SEO plugin. -->","yoast_head_json":{"title":"Ebserh lan\u00e7a edital de processo seletivo com nove vagas para m\u00e9dico - anestesiologia no HU-Univasf - Blog do Farn\u00e9sio","robots":{"index":"index","follow":"follow","max-snippet":"max-snippet:-1","max-image-preview":"max-image-preview:large","max-video-preview":"max-video-preview:-1"},"canonical":"https:\/\/blogdofarnesio.com.br\/?p=347043","og_locale":"pt_BR","og_type":"article","og_title":"Ebserh lan\u00e7a edital de processo seletivo com nove vagas para m\u00e9dico - anestesiologia no HU-Univasf - Blog do Farn\u00e9sio","og_description":"Interessados devem preencher Formul\u00e1rio Eletr\u00f4nico de Inscri\u00e7\u00e3o e anexar curr\u00edculo e documenta\u00e7\u00e3o comprobat\u00f3ria dos t\u00edtulos e experi\u00eancia profissional Petrolina (PE)\u00a0\u2013 A Empresa Brasileira de Servi\u00e7os Hospitalares (Ebserh) lan\u00e7ou edital para provimento de vagas\u00a0do cargo de M\u00e9dico \u2013 anestesiologia. A atua\u00e7\u00e3o ser\u00e1 no Hospital Universit\u00e1rio da Universidade Federal do Vale do S\u00e3o Francisco (HU-Univasf), vinculado \u00e0 estatal. O sal\u00e1rio base para ambos \u00e9 de R$ 10.463,79. As inscri\u00e7\u00f5es podem ser feitas via internet no endere\u00e7o eletr\u00f4nico www.ebserh.gov.br \u2013 Se\u00e7\u00e3o Concursos e Sele\u00e7\u00f5es at\u00e9 \u00e0s 23h59h do dia 11 de agosto, e obrigatoriamente mediante preenchimento do Formul\u00e1rio Eletr\u00f4nico de Inscri\u00e7\u00e3o, anexa\u00e7\u00e3o de curr\u00edculo e documenta\u00e7\u00e3o comprobat\u00f3ria dos t\u00edtulos e experi\u00eancia profissional a serem pontuados. O Processo Seletivo P\u00fablico Simplificado &#8211; PSS N\u00b0&hellip;","og_url":"https:\/\/blogdofarnesio.com.br\/?p=347043","og_site_name":"Blog do Farn\u00e9sio","article_publisher":"https:\/\/www.facebook.com\/BlogQuerSaberPolitica\/","article_author":"https:\/\/www.facebook.com\/?ref=tn_tnmn","article_published_time":"2023-08-05T14:00:08+00:00","og_image":[{"width":380,"height":280,"url":"https:\/\/blogdofarnesio.com.br\/wp-content\/uploads\/2017\/06\/blogqspsaudecirurgia.jpg","type":"image\/jpeg"}],"author":"Farn\u00e9sio","twitter_card":"summary_large_image","twitter_misc":{"Escrito por":"Farn\u00e9sio","Est. tempo de leitura":"2 minutos"},"schema":{"@context":"https:\/\/schema.org","@graph":[{"@type":"Article","@id":"https:\/\/blogdofarnesio.com.br\/?p=347043#article","isPartOf":{"@id":"https:\/\/blogdofarnesio.com.br\/?p=347043"},"author":{"name":"Farn\u00e9sio","@id":"https:\/\/blogdofarnesio.com.br\/#\/schema\/person\/bb9b23ae3ad0609ce8df7b6c9e76824d"},"headline":"Ebserh lan\u00e7a edital de processo seletivo com nove vagas para m\u00e9dico &#8211; anestesiologia no HU-Univasf","datePublished":"2023-08-05T14:00:08+00:00","mainEntityOfPage":{"@id":"https:\/\/blogdofarnesio.com.br\/?p=347043"},"wordCount":284,"commentCount":0,"publisher":{"@id":"https:\/\/blogdofarnesio.com.br\/#organization"},"image":{"@id":"https:\/\/blogdofarnesio.com.br\/?p=347043#primaryimage"},"thumbnailUrl":"https:\/\/blogdofarnesio.com.br\/wp-content\/uploads\/2017\/06\/blogqspsaudecirurgia.jpg","articleSection":["Concursos"],"inLanguage":"pt-BR","potentialAction":[{"@type":"CommentAction","name":"Comment","target":["https:\/\/blogdofarnesio.com.br\/?p=347043#respond"]}]},{"@type":"WebPage","@id":"https:\/\/blogdofarnesio.com.br\/?p=347043","url":"https:\/\/blogdofarnesio.com.br\/?p=347043","name":"Ebserh lan\u00e7a edital de processo seletivo com nove vagas para m\u00e9dico - anestesiologia no HU-Univasf - Blog do Farn\u00e9sio","isPartOf":{"@id":"https:\/\/blogdofarnesio.com.br\/#website"},"primaryImageOfPage":{"@id":"https:\/\/blogdofarnesio.com.br\/?p=347043#primaryimage"},"image":{"@id":"https:\/\/blogdofarnesio.com.br\/?p=347043#primaryimage"},"thumbnailUrl":"https:\/\/blogdofarnesio.com.br\/wp-content\/uploads\/2017\/06\/blogqspsaudecirurgia.jpg","datePublished":"2023-08-05T14:00:08+00:00","breadcrumb":{"@id":"https:\/\/blogdofarnesio.com.br\/?p=347043#breadcrumb"},"inLanguage":"pt-BR","potentialAction":[{"@type":"ReadAction","target":["https:\/\/blogdofarnesio.com.br\/?p=347043"]}]},{"@type":"ImageObject","inLanguage":"pt-BR","@id":"https:\/\/blogdofarnesio.com.br\/?p=347043#primaryimage","url":"https:\/\/blogdofarnesio.com.br\/wp-content\/uploads\/2017\/06\/blogqspsaudecirurgia.jpg","contentUrl":"https:\/\/blogdofarnesio.com.br\/wp-content\/uploads\/2017\/06\/blogqspsaudecirurgia.jpg","width":380,"height":280},{"@type":"BreadcrumbList","@id":"https:\/\/blogdofarnesio.com.br\/?p=347043#breadcrumb","itemListElement":[{"@type":"ListItem","position":1,"name":"In\u00edcio","item":"https:\/\/blogdofarnesio.com.br\/"},{"@type":"ListItem","position":2,"name":"Ebserh lan\u00e7a edital de processo seletivo com nove vagas para m\u00e9dico &#8211; anestesiologia no HU-Univasf"}]},{"@type":"WebSite","@id":"https:\/\/blogdofarnesio.com.br\/#website","url":"https:\/\/blogdofarnesio.com.br\/","name":"Blog do Farn\u00e9sio","description":"Quer Saber Pol\u00edtica?","publisher":{"@id":"https:\/\/blogdofarnesio.com.br\/#organization"},"potentialAction":[{"@type":"SearchAction","target":{"@type":"EntryPoint","urlTemplate":"https:\/\/blogdofarnesio.com.br\/?s={search_term_string}"},"query-input":{"@type":"PropertyValueSpecification","valueRequired":true,"valueName":"search_term_string"}}],"inLanguage":"pt-BR"},{"@type":"Organization","@id":"https:\/\/blogdofarnesio.com.br\/#organization","name":"Blog do Farn\u00e9sio","url":"https:\/\/blogdofarnesio.com.br\/","logo":{"@type":"ImageObject","inLanguage":"pt-BR","@id":"https:\/\/blogdofarnesio.com.br\/#\/schema\/logo\/image\/","url":"https:\/\/blogdofarnesio.com.br\/wp-content\/uploads\/2026\/03\/cropped-logo_new-1.png","contentUrl":"https:\/\/blogdofarnesio.com.br\/wp-content\/uploads\/2026\/03\/cropped-logo_new-1.png","width":881,"height":685,"caption":"Blog do Farn\u00e9sio"},"image":{"@id":"https:\/\/blogdofarnesio.com.br\/#\/schema\/logo\/image\/"},"sameAs":["https:\/\/www.facebook.com\/BlogQuerSaberPolitica\/"]},{"@type":"Person","@id":"https:\/\/blogdofarnesio.com.br\/#\/schema\/person\/bb9b23ae3ad0609ce8df7b6c9e76824d","name":"Farn\u00e9sio","image":{"@type":"ImageObject","inLanguage":"pt-BR","@id":"https:\/\/secure.gravatar.com\/avatar\/986aa4c61ccdb66f8555bf88fc2a65609d00bcabd4d2d94377a727547345cbca?s=96&d=mm&r=g","url":"https:\/\/secure.gravatar.com\/avatar\/986aa4c61ccdb66f8555bf88fc2a65609d00bcabd4d2d94377a727547345cbca?s=96&d=mm&r=g","contentUrl":"https:\/\/secure.gravatar.com\/avatar\/986aa4c61ccdb66f8555bf88fc2a65609d00bcabd4d2d94377a727547345cbca?s=96&d=mm&r=g","caption":"Farn\u00e9sio"},"description":"Radialista blogueiro, chegou a Petrolina\/Juazeiro em setembro de 1980, Farn\u00e9sio Silva \u00e9 de Arapiraca-Alagoas.","sameAs":["http:\/\/blogdofarnesio.com.br","https:\/\/www.facebook.com\/?ref=tn_tnmn","https:\/\/www.instagram.com\/?utm_source=pwa_homescreen","https:\/\/youtube.com.br\/"],"url":"https:\/\/blogdofarnesio.com.br\/?author=2"}]}},"_links":{"self":[{"href":"https:\/\/blogdofarnesio.com.br\/index.php?rest_route=\/wp\/v2\/posts\/347043","targetHints":{"allow":["GET"]}}],"collection":[{"href":"https:\/\/blogdofarnesio.com.br\/index.php?rest_route=\/wp\/v2\/posts"}],"about":[{"href":"https:\/\/blogdofarnesio.com.br\/index.php?rest_route=\/wp\/v2\/types\/post"}],"author":[{"embeddable":true,"href":"https:\/\/blogdofarnesio.com.br\/index.php?rest_route=\/wp\/v2\/users\/2"}],"replies":[{"embeddable":true,"href":"https:\/\/blogdofarnesio.com.br\/index.php?rest_route=%2Fwp%2Fv2%2Fcomments&post=347043"}],"version-history":[{"count":0,"href":"https:\/\/blogdofarnesio.com.br\/index.php?rest_route=\/wp\/v2\/posts\/347043\/revisions"}],"wp:featuredmedia":[{"embeddable":true,"href":"https:\/\/blogdofarnesio.com.br\/index.php?rest_route=\/wp\/v2\/media\/169586"}],"wp:attachment":[{"href":"https:\/\/blogdofarnesio.com.br\/index.php?rest_route=%2Fwp%2Fv2%2Fmedia&parent=347043"}],"wp:term":[{"taxonomy":"category","embeddable":true,"href":"https:\/\/blogdofarnesio.com.br\/index.php?rest_route=%2Fwp%2Fv2%2Fcategories&post=347043"},{"taxonomy":"post_tag","embeddable":true,"href":"https:\/\/blogdofarnesio.com.br\/index.php?rest_route=%2Fwp%2Fv2%2Ftags&post=347043"}],"curies":[{"name":"wp","href":"https:\/\/api.w.org\/{rel}","templated":true}]}}