{"id":346939,"date":"2023-08-04T10:44:54","date_gmt":"2023-08-04T13:44:54","guid":{"rendered":"https:\/\/blogdofarnesio.com.br\/?p=346939"},"modified":"2023-08-04T09:02:14","modified_gmt":"2023-08-04T12:02:14","slug":"sento-se-retifica-edital-de-convocacao-de-candidatos-para-preenchimento-de-vagas-remanescentes-no-processo-seletivo-para-vagas-de-acs","status":"publish","type":"post","link":"https:\/\/blogdofarnesio.com.br\/?p=346939","title":{"rendered":"Sento-S\u00e9 retifica Edital de convoca\u00e7\u00e3o de candidatos para preenchimento de vagas remanescentes no Processo Seletivo para vagas de ACS"},"content":{"rendered":"<div class=\"nH V8djrc byY\">\n<div class=\"nH\">\n<div data-num-unread-messages=\"1\" data-num-visible-messages=\"1\"><\/div>\n<\/div>\n<\/div>\n<div class=\"nH aHU\">\n<div class=\"nH hx\">\n<div class=\"nH\" role=\"list\">\n<div class=\"h7 ie nH oy8Mbf\" tabindex=\"-1\" role=\"listitem\" aria-expanded=\"true\">\n<div class=\"Bk\">\n<div class=\"G3 G2\">\n<div id=\":te\">\n<div class=\"adn ads\" data-message-id=\"#msg-f:1773146868432274840\" data-legacy-message-id=\"189b7baeab808598\">\n<div class=\"gs\">\n<div class=\"\">\n<div id=\":th\" class=\"ii gt\">\n<div id=\":tg\" class=\"a3s aiL \">\n<div dir=\"ltr\">\n<p>A Prefeitura de Sento-S\u00e9, publicou no Di\u00e1rio Oficial do Munic\u00edpio, desta quarta-feira (02), uma retifica\u00e7\u00e3o do Edital de convoca\u00e7\u00e3o de candidatos para preenchimento de vagas remanescentes e comprova\u00e7\u00e3o de resid\u00eancia para habilita\u00e7\u00e3o no curso introdut\u00f3rio de forma\u00e7\u00e3o inicial e continuada, divulgado nesta ter\u00e7a-feira (01).<\/p>\n<p>A retifica\u00e7\u00e3o faz um acr\u00e9scimo na p\u00e1gina 7 do edital de convoca\u00e7\u00e3o, que tem por objetivo preencher as vagas dos aprovados que n\u00e3o apresentaram documenta\u00e7\u00e3o comprobat\u00f3ria de resid\u00eancia das micro \u00e1reas escolhidas para realiza\u00e7\u00e3o do curso introdut\u00f3rio pra ACS.<\/p>\n<p><a href=\"https:\/\/blogdofarnesio.com.br\/wp-content\/uploads\/2023\/08\/retificacao-edital-processo-seletivo-acs.pdf\">retifica\u00e7\u00e3o edital processo seletivo acs<\/a><\/p>\n<\/div>\n<\/div>\n<\/div>\n<\/div>\n<\/div>\n<\/div>\n<\/div>\n<\/div>\n<\/div>\n<\/div>\n<\/div>\n<\/div>\n<\/div>\n","protected":false},"excerpt":{"rendered":"<p>A Prefeitura de Sento-S\u00e9, publicou no Di\u00e1rio Oficial do Munic\u00edpio, desta quarta-feira (02), uma retifica\u00e7\u00e3o do Edital de convoca\u00e7\u00e3o de candidatos para preenchimento de vagas remanescentes e comprova\u00e7\u00e3o de resid\u00eancia para habilita\u00e7\u00e3o no curso introdut\u00f3rio de forma\u00e7\u00e3o inicial e continuada, divulgado nesta ter\u00e7a-feira (01). A retifica\u00e7\u00e3o faz um acr\u00e9scimo na p\u00e1gina 7 do edital de convoca\u00e7\u00e3o, que tem por objetivo preencher as vagas dos aprovados que n\u00e3o apresentaram documenta\u00e7\u00e3o comprobat\u00f3ria de resid\u00eancia das micro \u00e1reas escolhidas para realiza\u00e7\u00e3o do curso introdut\u00f3rio pra ACS. retifica\u00e7\u00e3o edital processo seletivo acs<\/p>\n","protected":false},"author":2,"featured_media":334679,"comment_status":"open","ping_status":"open","sticky":false,"template":"","format":"standard","meta":{"_acf_changed":false,"footnotes":""},"categories":[27,31],"tags":[],"class_list":["post-346939","post","type-post","status-publish","format-standard","has-post-thumbnail","hentry","category-cidades","category-concursos"],"acf":[],"yoast_head":"<!-- This site is optimized with the Yoast SEO plugin v27.4 - https:\/\/yoast.com\/product\/yoast-seo-wordpress\/ -->\n<title>Sento-S\u00e9 retifica Edital de convoca\u00e7\u00e3o de candidatos para preenchimento de vagas remanescentes no Processo Seletivo para vagas de ACS - Blog do Farn\u00e9sio<\/title>\n<meta name=\"robots\" content=\"index, follow, max-snippet:-1, max-image-preview:large, max-video-preview:-1\" \/>\n<link rel=\"canonical\" href=\"https:\/\/blogdofarnesio.com.br\/?p=346939\" \/>\n<meta property=\"og:locale\" content=\"pt_BR\" \/>\n<meta property=\"og:type\" content=\"article\" \/>\n<meta property=\"og:title\" content=\"Sento-S\u00e9 retifica Edital de convoca\u00e7\u00e3o de candidatos para preenchimento de vagas remanescentes no Processo Seletivo para vagas de ACS - Blog do Farn\u00e9sio\" \/>\n<meta property=\"og:description\" content=\"A Prefeitura de Sento-S\u00e9, publicou no Di\u00e1rio Oficial do Munic\u00edpio, desta quarta-feira (02), uma retifica\u00e7\u00e3o do Edital de convoca\u00e7\u00e3o de candidatos para preenchimento de vagas remanescentes e comprova\u00e7\u00e3o de resid\u00eancia para habilita\u00e7\u00e3o no curso introdut\u00f3rio de forma\u00e7\u00e3o inicial e continuada, divulgado nesta ter\u00e7a-feira (01). A retifica\u00e7\u00e3o faz um acr\u00e9scimo na p\u00e1gina 7 do edital de convoca\u00e7\u00e3o, que tem por objetivo preencher as vagas dos aprovados que n\u00e3o apresentaram documenta\u00e7\u00e3o comprobat\u00f3ria de resid\u00eancia das micro \u00e1reas escolhidas para realiza\u00e7\u00e3o do curso introdut\u00f3rio pra ACS. retifica\u00e7\u00e3o edital processo seletivo acs\" \/>\n<meta property=\"og:url\" content=\"https:\/\/blogdofarnesio.com.br\/?p=346939\" \/>\n<meta property=\"og:site_name\" content=\"Blog do Farn\u00e9sio\" \/>\n<meta property=\"article:publisher\" content=\"https:\/\/www.facebook.com\/BlogQuerSaberPolitica\/\" \/>\n<meta property=\"article:author\" content=\"https:\/\/www.facebook.com\/?ref=tn_tnmn\" \/>\n<meta property=\"article:published_time\" content=\"2023-08-04T13:44:54+00:00\" \/>\n<meta property=\"og:image\" content=\"https:\/\/blogdofarnesio.com.br\/wp-content\/uploads\/2023\/02\/Prefeitura-de-Sento-Se.jpeg\" \/>\n\t<meta property=\"og:image:width\" content=\"828\" \/>\n\t<meta property=\"og:image:height\" content=\"531\" \/>\n\t<meta property=\"og:image:type\" content=\"image\/jpeg\" \/>\n<meta name=\"author\" content=\"Farn\u00e9sio\" \/>\n<meta name=\"twitter:card\" content=\"summary_large_image\" \/>\n<meta name=\"twitter:label1\" content=\"Escrito por\" \/>\n\t<meta name=\"twitter:data1\" content=\"Farn\u00e9sio\" \/>\n\t<meta name=\"twitter:label2\" content=\"Est. tempo de leitura\" \/>\n\t<meta name=\"twitter:data2\" content=\"1 minuto\" \/>\n<script type=\"application\/ld+json\" class=\"yoast-schema-graph\">{\"@context\":\"https:\\\/\\\/schema.org\",\"@graph\":[{\"@type\":\"Article\",\"@id\":\"https:\\\/\\\/blogdofarnesio.com.br\\\/?p=346939#article\",\"isPartOf\":{\"@id\":\"https:\\\/\\\/blogdofarnesio.com.br\\\/?p=346939\"},\"author\":{\"name\":\"Farn\u00e9sio\",\"@id\":\"https:\\\/\\\/blogdofarnesio.com.br\\\/#\\\/schema\\\/person\\\/bb9b23ae3ad0609ce8df7b6c9e76824d\"},\"headline\":\"Sento-S\u00e9 retifica Edital de convoca\u00e7\u00e3o de candidatos para preenchimento de vagas remanescentes no Processo Seletivo para vagas de ACS\",\"datePublished\":\"2023-08-04T13:44:54+00:00\",\"mainEntityOfPage\":{\"@id\":\"https:\\\/\\\/blogdofarnesio.com.br\\\/?p=346939\"},\"wordCount\":126,\"commentCount\":0,\"publisher\":{\"@id\":\"https:\\\/\\\/blogdofarnesio.com.br\\\/#organization\"},\"image\":{\"@id\":\"https:\\\/\\\/blogdofarnesio.com.br\\\/?p=346939#primaryimage\"},\"thumbnailUrl\":\"https:\\\/\\\/blogdofarnesio.com.br\\\/wp-content\\\/uploads\\\/2023\\\/02\\\/Prefeitura-de-Sento-Se.jpeg\",\"articleSection\":[\"Cidades\",\"Concursos\"],\"inLanguage\":\"pt-BR\",\"potentialAction\":[{\"@type\":\"CommentAction\",\"name\":\"Comment\",\"target\":[\"https:\\\/\\\/blogdofarnesio.com.br\\\/?p=346939#respond\"]}]},{\"@type\":\"WebPage\",\"@id\":\"https:\\\/\\\/blogdofarnesio.com.br\\\/?p=346939\",\"url\":\"https:\\\/\\\/blogdofarnesio.com.br\\\/?p=346939\",\"name\":\"Sento-S\u00e9 retifica Edital de convoca\u00e7\u00e3o de candidatos para preenchimento de vagas remanescentes no Processo Seletivo para vagas de ACS - Blog do Farn\u00e9sio\",\"isPartOf\":{\"@id\":\"https:\\\/\\\/blogdofarnesio.com.br\\\/#website\"},\"primaryImageOfPage\":{\"@id\":\"https:\\\/\\\/blogdofarnesio.com.br\\\/?p=346939#primaryimage\"},\"image\":{\"@id\":\"https:\\\/\\\/blogdofarnesio.com.br\\\/?p=346939#primaryimage\"},\"thumbnailUrl\":\"https:\\\/\\\/blogdofarnesio.com.br\\\/wp-content\\\/uploads\\\/2023\\\/02\\\/Prefeitura-de-Sento-Se.jpeg\",\"datePublished\":\"2023-08-04T13:44:54+00:00\",\"breadcrumb\":{\"@id\":\"https:\\\/\\\/blogdofarnesio.com.br\\\/?p=346939#breadcrumb\"},\"inLanguage\":\"pt-BR\",\"potentialAction\":[{\"@type\":\"ReadAction\",\"target\":[\"https:\\\/\\\/blogdofarnesio.com.br\\\/?p=346939\"]}]},{\"@type\":\"ImageObject\",\"inLanguage\":\"pt-BR\",\"@id\":\"https:\\\/\\\/blogdofarnesio.com.br\\\/?p=346939#primaryimage\",\"url\":\"https:\\\/\\\/blogdofarnesio.com.br\\\/wp-content\\\/uploads\\\/2023\\\/02\\\/Prefeitura-de-Sento-Se.jpeg\",\"contentUrl\":\"https:\\\/\\\/blogdofarnesio.com.br\\\/wp-content\\\/uploads\\\/2023\\\/02\\\/Prefeitura-de-Sento-Se.jpeg\",\"width\":828,\"height\":531},{\"@type\":\"BreadcrumbList\",\"@id\":\"https:\\\/\\\/blogdofarnesio.com.br\\\/?p=346939#breadcrumb\",\"itemListElement\":[{\"@type\":\"ListItem\",\"position\":1,\"name\":\"In\u00edcio\",\"item\":\"https:\\\/\\\/blogdofarnesio.com.br\\\/\"},{\"@type\":\"ListItem\",\"position\":2,\"name\":\"Sento-S\u00e9 retifica Edital de convoca\u00e7\u00e3o de candidatos para preenchimento de vagas remanescentes no Processo Seletivo para vagas de ACS\"}]},{\"@type\":\"WebSite\",\"@id\":\"https:\\\/\\\/blogdofarnesio.com.br\\\/#website\",\"url\":\"https:\\\/\\\/blogdofarnesio.com.br\\\/\",\"name\":\"Blog do Farn\u00e9sio\",\"description\":\"Quer Saber Pol\u00edtica?\",\"publisher\":{\"@id\":\"https:\\\/\\\/blogdofarnesio.com.br\\\/#organization\"},\"potentialAction\":[{\"@type\":\"SearchAction\",\"target\":{\"@type\":\"EntryPoint\",\"urlTemplate\":\"https:\\\/\\\/blogdofarnesio.com.br\\\/?s={search_term_string}\"},\"query-input\":{\"@type\":\"PropertyValueSpecification\",\"valueRequired\":true,\"valueName\":\"search_term_string\"}}],\"inLanguage\":\"pt-BR\"},{\"@type\":\"Organization\",\"@id\":\"https:\\\/\\\/blogdofarnesio.com.br\\\/#organization\",\"name\":\"Blog do Farn\u00e9sio\",\"url\":\"https:\\\/\\\/blogdofarnesio.com.br\\\/\",\"logo\":{\"@type\":\"ImageObject\",\"inLanguage\":\"pt-BR\",\"@id\":\"https:\\\/\\\/blogdofarnesio.com.br\\\/#\\\/schema\\\/logo\\\/image\\\/\",\"url\":\"https:\\\/\\\/blogdofarnesio.com.br\\\/wp-content\\\/uploads\\\/2026\\\/03\\\/cropped-logo_new-1.png\",\"contentUrl\":\"https:\\\/\\\/blogdofarnesio.com.br\\\/wp-content\\\/uploads\\\/2026\\\/03\\\/cropped-logo_new-1.png\",\"width\":881,\"height\":685,\"caption\":\"Blog do Farn\u00e9sio\"},\"image\":{\"@id\":\"https:\\\/\\\/blogdofarnesio.com.br\\\/#\\\/schema\\\/logo\\\/image\\\/\"},\"sameAs\":[\"https:\\\/\\\/www.facebook.com\\\/BlogQuerSaberPolitica\\\/\"]},{\"@type\":\"Person\",\"@id\":\"https:\\\/\\\/blogdofarnesio.com.br\\\/#\\\/schema\\\/person\\\/bb9b23ae3ad0609ce8df7b6c9e76824d\",\"name\":\"Farn\u00e9sio\",\"image\":{\"@type\":\"ImageObject\",\"inLanguage\":\"pt-BR\",\"@id\":\"https:\\\/\\\/secure.gravatar.com\\\/avatar\\\/986aa4c61ccdb66f8555bf88fc2a65609d00bcabd4d2d94377a727547345cbca?s=96&d=mm&r=g\",\"url\":\"https:\\\/\\\/secure.gravatar.com\\\/avatar\\\/986aa4c61ccdb66f8555bf88fc2a65609d00bcabd4d2d94377a727547345cbca?s=96&d=mm&r=g\",\"contentUrl\":\"https:\\\/\\\/secure.gravatar.com\\\/avatar\\\/986aa4c61ccdb66f8555bf88fc2a65609d00bcabd4d2d94377a727547345cbca?s=96&d=mm&r=g\",\"caption\":\"Farn\u00e9sio\"},\"description\":\"Radialista blogueiro, chegou a Petrolina\\\/Juazeiro em setembro de 1980, Farn\u00e9sio Silva \u00e9 de Arapiraca-Alagoas.\",\"sameAs\":[\"http:\\\/\\\/blogdofarnesio.com.br\",\"https:\\\/\\\/www.facebook.com\\\/?ref=tn_tnmn\",\"https:\\\/\\\/www.instagram.com\\\/?utm_source=pwa_homescreen\",\"https:\\\/\\\/youtube.com.br\\\/\"],\"url\":\"https:\\\/\\\/blogdofarnesio.com.br\\\/?author=2\"}]}<\/script>\n<!-- \/ Yoast SEO plugin. -->","yoast_head_json":{"title":"Sento-S\u00e9 retifica Edital de convoca\u00e7\u00e3o de candidatos para preenchimento de vagas remanescentes no Processo Seletivo para vagas de ACS - Blog do Farn\u00e9sio","robots":{"index":"index","follow":"follow","max-snippet":"max-snippet:-1","max-image-preview":"max-image-preview:large","max-video-preview":"max-video-preview:-1"},"canonical":"https:\/\/blogdofarnesio.com.br\/?p=346939","og_locale":"pt_BR","og_type":"article","og_title":"Sento-S\u00e9 retifica Edital de convoca\u00e7\u00e3o de candidatos para preenchimento de vagas remanescentes no Processo Seletivo para vagas de ACS - Blog do Farn\u00e9sio","og_description":"A Prefeitura de Sento-S\u00e9, publicou no Di\u00e1rio Oficial do Munic\u00edpio, desta quarta-feira (02), uma retifica\u00e7\u00e3o do Edital de convoca\u00e7\u00e3o de candidatos para preenchimento de vagas remanescentes e comprova\u00e7\u00e3o de resid\u00eancia para habilita\u00e7\u00e3o no curso introdut\u00f3rio de forma\u00e7\u00e3o inicial e continuada, divulgado nesta ter\u00e7a-feira (01). A retifica\u00e7\u00e3o faz um acr\u00e9scimo na p\u00e1gina 7 do edital de convoca\u00e7\u00e3o, que tem por objetivo preencher as vagas dos aprovados que n\u00e3o apresentaram documenta\u00e7\u00e3o comprobat\u00f3ria de resid\u00eancia das micro \u00e1reas escolhidas para realiza\u00e7\u00e3o do curso introdut\u00f3rio pra ACS. retifica\u00e7\u00e3o edital processo seletivo acs","og_url":"https:\/\/blogdofarnesio.com.br\/?p=346939","og_site_name":"Blog do Farn\u00e9sio","article_publisher":"https:\/\/www.facebook.com\/BlogQuerSaberPolitica\/","article_author":"https:\/\/www.facebook.com\/?ref=tn_tnmn","article_published_time":"2023-08-04T13:44:54+00:00","og_image":[{"width":828,"height":531,"url":"https:\/\/blogdofarnesio.com.br\/wp-content\/uploads\/2023\/02\/Prefeitura-de-Sento-Se.jpeg","type":"image\/jpeg"}],"author":"Farn\u00e9sio","twitter_card":"summary_large_image","twitter_misc":{"Escrito por":"Farn\u00e9sio","Est. tempo de leitura":"1 minuto"},"schema":{"@context":"https:\/\/schema.org","@graph":[{"@type":"Article","@id":"https:\/\/blogdofarnesio.com.br\/?p=346939#article","isPartOf":{"@id":"https:\/\/blogdofarnesio.com.br\/?p=346939"},"author":{"name":"Farn\u00e9sio","@id":"https:\/\/blogdofarnesio.com.br\/#\/schema\/person\/bb9b23ae3ad0609ce8df7b6c9e76824d"},"headline":"Sento-S\u00e9 retifica Edital de convoca\u00e7\u00e3o de candidatos para preenchimento de vagas remanescentes no Processo Seletivo para vagas de ACS","datePublished":"2023-08-04T13:44:54+00:00","mainEntityOfPage":{"@id":"https:\/\/blogdofarnesio.com.br\/?p=346939"},"wordCount":126,"commentCount":0,"publisher":{"@id":"https:\/\/blogdofarnesio.com.br\/#organization"},"image":{"@id":"https:\/\/blogdofarnesio.com.br\/?p=346939#primaryimage"},"thumbnailUrl":"https:\/\/blogdofarnesio.com.br\/wp-content\/uploads\/2023\/02\/Prefeitura-de-Sento-Se.jpeg","articleSection":["Cidades","Concursos"],"inLanguage":"pt-BR","potentialAction":[{"@type":"CommentAction","name":"Comment","target":["https:\/\/blogdofarnesio.com.br\/?p=346939#respond"]}]},{"@type":"WebPage","@id":"https:\/\/blogdofarnesio.com.br\/?p=346939","url":"https:\/\/blogdofarnesio.com.br\/?p=346939","name":"Sento-S\u00e9 retifica Edital de convoca\u00e7\u00e3o de candidatos para preenchimento de vagas remanescentes no Processo Seletivo para vagas de ACS - Blog do Farn\u00e9sio","isPartOf":{"@id":"https:\/\/blogdofarnesio.com.br\/#website"},"primaryImageOfPage":{"@id":"https:\/\/blogdofarnesio.com.br\/?p=346939#primaryimage"},"image":{"@id":"https:\/\/blogdofarnesio.com.br\/?p=346939#primaryimage"},"thumbnailUrl":"https:\/\/blogdofarnesio.com.br\/wp-content\/uploads\/2023\/02\/Prefeitura-de-Sento-Se.jpeg","datePublished":"2023-08-04T13:44:54+00:00","breadcrumb":{"@id":"https:\/\/blogdofarnesio.com.br\/?p=346939#breadcrumb"},"inLanguage":"pt-BR","potentialAction":[{"@type":"ReadAction","target":["https:\/\/blogdofarnesio.com.br\/?p=346939"]}]},{"@type":"ImageObject","inLanguage":"pt-BR","@id":"https:\/\/blogdofarnesio.com.br\/?p=346939#primaryimage","url":"https:\/\/blogdofarnesio.com.br\/wp-content\/uploads\/2023\/02\/Prefeitura-de-Sento-Se.jpeg","contentUrl":"https:\/\/blogdofarnesio.com.br\/wp-content\/uploads\/2023\/02\/Prefeitura-de-Sento-Se.jpeg","width":828,"height":531},{"@type":"BreadcrumbList","@id":"https:\/\/blogdofarnesio.com.br\/?p=346939#breadcrumb","itemListElement":[{"@type":"ListItem","position":1,"name":"In\u00edcio","item":"https:\/\/blogdofarnesio.com.br\/"},{"@type":"ListItem","position":2,"name":"Sento-S\u00e9 retifica Edital de convoca\u00e7\u00e3o de candidatos para preenchimento de vagas remanescentes no Processo Seletivo para vagas de ACS"}]},{"@type":"WebSite","@id":"https:\/\/blogdofarnesio.com.br\/#website","url":"https:\/\/blogdofarnesio.com.br\/","name":"Blog do Farn\u00e9sio","description":"Quer Saber Pol\u00edtica?","publisher":{"@id":"https:\/\/blogdofarnesio.com.br\/#organization"},"potentialAction":[{"@type":"SearchAction","target":{"@type":"EntryPoint","urlTemplate":"https:\/\/blogdofarnesio.com.br\/?s={search_term_string}"},"query-input":{"@type":"PropertyValueSpecification","valueRequired":true,"valueName":"search_term_string"}}],"inLanguage":"pt-BR"},{"@type":"Organization","@id":"https:\/\/blogdofarnesio.com.br\/#organization","name":"Blog do Farn\u00e9sio","url":"https:\/\/blogdofarnesio.com.br\/","logo":{"@type":"ImageObject","inLanguage":"pt-BR","@id":"https:\/\/blogdofarnesio.com.br\/#\/schema\/logo\/image\/","url":"https:\/\/blogdofarnesio.com.br\/wp-content\/uploads\/2026\/03\/cropped-logo_new-1.png","contentUrl":"https:\/\/blogdofarnesio.com.br\/wp-content\/uploads\/2026\/03\/cropped-logo_new-1.png","width":881,"height":685,"caption":"Blog do Farn\u00e9sio"},"image":{"@id":"https:\/\/blogdofarnesio.com.br\/#\/schema\/logo\/image\/"},"sameAs":["https:\/\/www.facebook.com\/BlogQuerSaberPolitica\/"]},{"@type":"Person","@id":"https:\/\/blogdofarnesio.com.br\/#\/schema\/person\/bb9b23ae3ad0609ce8df7b6c9e76824d","name":"Farn\u00e9sio","image":{"@type":"ImageObject","inLanguage":"pt-BR","@id":"https:\/\/secure.gravatar.com\/avatar\/986aa4c61ccdb66f8555bf88fc2a65609d00bcabd4d2d94377a727547345cbca?s=96&d=mm&r=g","url":"https:\/\/secure.gravatar.com\/avatar\/986aa4c61ccdb66f8555bf88fc2a65609d00bcabd4d2d94377a727547345cbca?s=96&d=mm&r=g","contentUrl":"https:\/\/secure.gravatar.com\/avatar\/986aa4c61ccdb66f8555bf88fc2a65609d00bcabd4d2d94377a727547345cbca?s=96&d=mm&r=g","caption":"Farn\u00e9sio"},"description":"Radialista blogueiro, chegou a Petrolina\/Juazeiro em setembro de 1980, Farn\u00e9sio Silva \u00e9 de Arapiraca-Alagoas.","sameAs":["http:\/\/blogdofarnesio.com.br","https:\/\/www.facebook.com\/?ref=tn_tnmn","https:\/\/www.instagram.com\/?utm_source=pwa_homescreen","https:\/\/youtube.com.br\/"],"url":"https:\/\/blogdofarnesio.com.br\/?author=2"}]}},"_links":{"self":[{"href":"https:\/\/blogdofarnesio.com.br\/index.php?rest_route=\/wp\/v2\/posts\/346939","targetHints":{"allow":["GET"]}}],"collection":[{"href":"https:\/\/blogdofarnesio.com.br\/index.php?rest_route=\/wp\/v2\/posts"}],"about":[{"href":"https:\/\/blogdofarnesio.com.br\/index.php?rest_route=\/wp\/v2\/types\/post"}],"author":[{"embeddable":true,"href":"https:\/\/blogdofarnesio.com.br\/index.php?rest_route=\/wp\/v2\/users\/2"}],"replies":[{"embeddable":true,"href":"https:\/\/blogdofarnesio.com.br\/index.php?rest_route=%2Fwp%2Fv2%2Fcomments&post=346939"}],"version-history":[{"count":0,"href":"https:\/\/blogdofarnesio.com.br\/index.php?rest_route=\/wp\/v2\/posts\/346939\/revisions"}],"wp:featuredmedia":[{"embeddable":true,"href":"https:\/\/blogdofarnesio.com.br\/index.php?rest_route=\/wp\/v2\/media\/334679"}],"wp:attachment":[{"href":"https:\/\/blogdofarnesio.com.br\/index.php?rest_route=%2Fwp%2Fv2%2Fmedia&parent=346939"}],"wp:term":[{"taxonomy":"category","embeddable":true,"href":"https:\/\/blogdofarnesio.com.br\/index.php?rest_route=%2Fwp%2Fv2%2Fcategories&post=346939"},{"taxonomy":"post_tag","embeddable":true,"href":"https:\/\/blogdofarnesio.com.br\/index.php?rest_route=%2Fwp%2Fv2%2Ftags&post=346939"}],"curies":[{"name":"wp","href":"https:\/\/api.w.org\/{rel}","templated":true}]}}