{"id":346756,"date":"2023-08-01T10:44:47","date_gmt":"2023-08-01T13:44:47","guid":{"rendered":"https:\/\/blogdofarnesio.com.br\/?p=346756"},"modified":"2023-08-01T08:13:12","modified_gmt":"2023-08-01T11:13:12","slug":"aberta-em-juazeiro-inscricao-para-passeio-ciclistico-em-comemoracao-ao-dia-dos-pais","status":"publish","type":"post","link":"https:\/\/blogdofarnesio.com.br\/?p=346756","title":{"rendered":"Aberta em Juazeiro inscri\u00e7\u00e3o para Passeio Cicl\u00edstico em comemora\u00e7\u00e3o ao Dia dos Pais"},"content":{"rendered":"<p style=\"font-weight: 400;\">Come\u00e7a nesta ter\u00e7a-feira (1\u00ba) a inscri\u00e7\u00e3o para o Passeio Cicl\u00edstico Dia dos Pais, realizado pela Prefeitura de Juazeiro, atrav\u00e9s da Secretaria de Cultura, Turismo e Esporte (Seculte), em parceria com a Associa\u00e7\u00e3o de Moradores do bairro Tabuleiro. O passeio ser\u00e1 no segundo domingo de agosto, 13 de agosto, Dia dos Pais.<\/p>\n<p style=\"font-weight: 400;\">A inscri\u00e7\u00e3o segue at\u00e9 o dia 11 de agosto na Associa\u00e7\u00e3o de Moradores do bairro Tabuleiro ou na Superintend\u00eancia de Esportes que fica no Est\u00e1dio Adauto Moraes, das 8h \u00e0s 14h. \u201cQualquer pessoa pode participar, seja ele morador do bairro Tabuleiro ou de outra localidade de Juazeiro. Este \u00e9 um momento importante de integra\u00e7\u00e3o entre as fam\u00edlias, em que muitos pais aproveitam para passear com seus filhos numa data t\u00e3o importante\u201d, destacou o superintendente de Esportes da Seculte, Joacir Oliveira.<\/p>\n<p style=\"font-weight: 400;\">A inscri\u00e7\u00e3o \u00e9 gratuita e as vagas s\u00e3o limitadas. O Passeio Cicl\u00edstico Dia dos Pais tem concentra\u00e7\u00e3o na sede da Associa\u00e7\u00e3o do bairro Tabuleiro com sa\u00edda \u00e0s 7h30. O segundo ponto de concentra\u00e7\u00e3o ser\u00e1 no Vaporzinho, com parada na Lagoa do Calu e segue para o bairro Tabuleiro. Durante o trajeto haver\u00e1 sorteio de brindes aos participantes.<\/p>\n<p style=\"font-weight: 400;\">\n","protected":false},"excerpt":{"rendered":"<p>Come\u00e7a nesta ter\u00e7a-feira (1\u00ba) a inscri\u00e7\u00e3o para o Passeio Cicl\u00edstico Dia dos Pais, realizado pela Prefeitura de Juazeiro, atrav\u00e9s da Secretaria de Cultura, Turismo e Esporte (Seculte), em parceria com a Associa\u00e7\u00e3o de Moradores do bairro Tabuleiro. O passeio ser\u00e1 no segundo domingo de agosto, 13 de agosto, Dia dos Pais. A inscri\u00e7\u00e3o segue at\u00e9 o dia 11 de agosto na Associa\u00e7\u00e3o de Moradores do bairro Tabuleiro ou na Superintend\u00eancia de Esportes que fica no Est\u00e1dio Adauto Moraes, das 8h \u00e0s 14h. \u201cQualquer pessoa pode participar, seja ele morador do bairro Tabuleiro ou de outra localidade de Juazeiro. Este \u00e9 um momento importante de integra\u00e7\u00e3o entre as fam\u00edlias, em que muitos pais aproveitam para passear com seus filhos numa data&hellip; <\/p>\n","protected":false},"author":2,"featured_media":235283,"comment_status":"open","ping_status":"open","sticky":false,"template":"","format":"standard","meta":{"_acf_changed":false,"footnotes":""},"categories":[12,8],"tags":[],"class_list":["post-346756","post","type-post","status-publish","format-standard","has-post-thumbnail","hentry","category-confraternizacoes","category-esportes"],"acf":[],"yoast_head":"<!-- This site is optimized with the Yoast SEO plugin v27.4 - https:\/\/yoast.com\/product\/yoast-seo-wordpress\/ -->\n<title>Aberta em Juazeiro inscri\u00e7\u00e3o para Passeio Cicl\u00edstico em comemora\u00e7\u00e3o ao Dia dos Pais - Blog do Farn\u00e9sio<\/title>\n<meta name=\"robots\" content=\"index, follow, max-snippet:-1, max-image-preview:large, max-video-preview:-1\" \/>\n<link rel=\"canonical\" href=\"https:\/\/blogdofarnesio.com.br\/?p=346756\" \/>\n<meta property=\"og:locale\" content=\"pt_BR\" \/>\n<meta property=\"og:type\" content=\"article\" \/>\n<meta property=\"og:title\" content=\"Aberta em Juazeiro inscri\u00e7\u00e3o para Passeio Cicl\u00edstico em comemora\u00e7\u00e3o ao Dia dos Pais - Blog do Farn\u00e9sio\" \/>\n<meta property=\"og:description\" content=\"Come\u00e7a nesta ter\u00e7a-feira (1\u00ba) a inscri\u00e7\u00e3o para o Passeio Cicl\u00edstico Dia dos Pais, realizado pela Prefeitura de Juazeiro, atrav\u00e9s da Secretaria de Cultura, Turismo e Esporte (Seculte), em parceria com a Associa\u00e7\u00e3o de Moradores do bairro Tabuleiro. O passeio ser\u00e1 no segundo domingo de agosto, 13 de agosto, Dia dos Pais. A inscri\u00e7\u00e3o segue at\u00e9 o dia 11 de agosto na Associa\u00e7\u00e3o de Moradores do bairro Tabuleiro ou na Superintend\u00eancia de Esportes que fica no Est\u00e1dio Adauto Moraes, das 8h \u00e0s 14h. \u201cQualquer pessoa pode participar, seja ele morador do bairro Tabuleiro ou de outra localidade de Juazeiro. Este \u00e9 um momento importante de integra\u00e7\u00e3o entre as fam\u00edlias, em que muitos pais aproveitam para passear com seus filhos numa data&hellip;\" \/>\n<meta property=\"og:url\" content=\"https:\/\/blogdofarnesio.com.br\/?p=346756\" \/>\n<meta property=\"og:site_name\" content=\"Blog do Farn\u00e9sio\" \/>\n<meta property=\"article:publisher\" content=\"https:\/\/www.facebook.com\/BlogQuerSaberPolitica\/\" \/>\n<meta property=\"article:author\" content=\"https:\/\/www.facebook.com\/?ref=tn_tnmn\" \/>\n<meta property=\"article:published_time\" content=\"2023-08-01T13:44:47+00:00\" \/>\n<meta property=\"og:image\" content=\"https:\/\/blogdofarnesio.com.br\/wp-content\/uploads\/2019\/08\/blogqsp-Passeio-Cicl\u00edstico-juazeiro.jpg\" \/>\n\t<meta property=\"og:image:width\" content=\"434\" \/>\n\t<meta property=\"og:image:height\" content=\"268\" \/>\n\t<meta property=\"og:image:type\" content=\"image\/jpeg\" \/>\n<meta name=\"author\" content=\"Farn\u00e9sio\" \/>\n<meta name=\"twitter:card\" content=\"summary_large_image\" \/>\n<meta name=\"twitter:label1\" content=\"Escrito por\" \/>\n\t<meta name=\"twitter:data1\" content=\"Farn\u00e9sio\" \/>\n\t<meta name=\"twitter:label2\" content=\"Est. tempo de leitura\" \/>\n\t<meta name=\"twitter:data2\" content=\"2 minutos\" \/>\n<script type=\"application\/ld+json\" class=\"yoast-schema-graph\">{\"@context\":\"https:\\\/\\\/schema.org\",\"@graph\":[{\"@type\":\"Article\",\"@id\":\"https:\\\/\\\/blogdofarnesio.com.br\\\/?p=346756#article\",\"isPartOf\":{\"@id\":\"https:\\\/\\\/blogdofarnesio.com.br\\\/?p=346756\"},\"author\":{\"name\":\"Farn\u00e9sio\",\"@id\":\"https:\\\/\\\/blogdofarnesio.com.br\\\/#\\\/schema\\\/person\\\/bb9b23ae3ad0609ce8df7b6c9e76824d\"},\"headline\":\"Aberta em Juazeiro inscri\u00e7\u00e3o para Passeio Cicl\u00edstico em comemora\u00e7\u00e3o ao Dia dos Pais\",\"datePublished\":\"2023-08-01T13:44:47+00:00\",\"mainEntityOfPage\":{\"@id\":\"https:\\\/\\\/blogdofarnesio.com.br\\\/?p=346756\"},\"wordCount\":219,\"commentCount\":0,\"publisher\":{\"@id\":\"https:\\\/\\\/blogdofarnesio.com.br\\\/#organization\"},\"image\":{\"@id\":\"https:\\\/\\\/blogdofarnesio.com.br\\\/?p=346756#primaryimage\"},\"thumbnailUrl\":\"https:\\\/\\\/blogdofarnesio.com.br\\\/wp-content\\\/uploads\\\/2019\\\/08\\\/blogqsp-Passeio-Cicl\u00edstico-juazeiro.jpg\",\"articleSection\":[\"Confraterniza\u00e7\u00f5es\",\"Esportes\"],\"inLanguage\":\"pt-BR\",\"potentialAction\":[{\"@type\":\"CommentAction\",\"name\":\"Comment\",\"target\":[\"https:\\\/\\\/blogdofarnesio.com.br\\\/?p=346756#respond\"]}]},{\"@type\":\"WebPage\",\"@id\":\"https:\\\/\\\/blogdofarnesio.com.br\\\/?p=346756\",\"url\":\"https:\\\/\\\/blogdofarnesio.com.br\\\/?p=346756\",\"name\":\"Aberta em Juazeiro inscri\u00e7\u00e3o para Passeio Cicl\u00edstico em comemora\u00e7\u00e3o ao Dia dos Pais - Blog do Farn\u00e9sio\",\"isPartOf\":{\"@id\":\"https:\\\/\\\/blogdofarnesio.com.br\\\/#website\"},\"primaryImageOfPage\":{\"@id\":\"https:\\\/\\\/blogdofarnesio.com.br\\\/?p=346756#primaryimage\"},\"image\":{\"@id\":\"https:\\\/\\\/blogdofarnesio.com.br\\\/?p=346756#primaryimage\"},\"thumbnailUrl\":\"https:\\\/\\\/blogdofarnesio.com.br\\\/wp-content\\\/uploads\\\/2019\\\/08\\\/blogqsp-Passeio-Cicl\u00edstico-juazeiro.jpg\",\"datePublished\":\"2023-08-01T13:44:47+00:00\",\"breadcrumb\":{\"@id\":\"https:\\\/\\\/blogdofarnesio.com.br\\\/?p=346756#breadcrumb\"},\"inLanguage\":\"pt-BR\",\"potentialAction\":[{\"@type\":\"ReadAction\",\"target\":[\"https:\\\/\\\/blogdofarnesio.com.br\\\/?p=346756\"]}]},{\"@type\":\"ImageObject\",\"inLanguage\":\"pt-BR\",\"@id\":\"https:\\\/\\\/blogdofarnesio.com.br\\\/?p=346756#primaryimage\",\"url\":\"https:\\\/\\\/blogdofarnesio.com.br\\\/wp-content\\\/uploads\\\/2019\\\/08\\\/blogqsp-Passeio-Cicl\u00edstico-juazeiro.jpg\",\"contentUrl\":\"https:\\\/\\\/blogdofarnesio.com.br\\\/wp-content\\\/uploads\\\/2019\\\/08\\\/blogqsp-Passeio-Cicl\u00edstico-juazeiro.jpg\",\"width\":434,\"height\":268},{\"@type\":\"BreadcrumbList\",\"@id\":\"https:\\\/\\\/blogdofarnesio.com.br\\\/?p=346756#breadcrumb\",\"itemListElement\":[{\"@type\":\"ListItem\",\"position\":1,\"name\":\"In\u00edcio\",\"item\":\"https:\\\/\\\/blogdofarnesio.com.br\\\/\"},{\"@type\":\"ListItem\",\"position\":2,\"name\":\"Aberta em Juazeiro inscri\u00e7\u00e3o para Passeio Cicl\u00edstico em comemora\u00e7\u00e3o ao Dia dos Pais\"}]},{\"@type\":\"WebSite\",\"@id\":\"https:\\\/\\\/blogdofarnesio.com.br\\\/#website\",\"url\":\"https:\\\/\\\/blogdofarnesio.com.br\\\/\",\"name\":\"Blog do Farn\u00e9sio\",\"description\":\"Quer Saber Pol\u00edtica?\",\"publisher\":{\"@id\":\"https:\\\/\\\/blogdofarnesio.com.br\\\/#organization\"},\"potentialAction\":[{\"@type\":\"SearchAction\",\"target\":{\"@type\":\"EntryPoint\",\"urlTemplate\":\"https:\\\/\\\/blogdofarnesio.com.br\\\/?s={search_term_string}\"},\"query-input\":{\"@type\":\"PropertyValueSpecification\",\"valueRequired\":true,\"valueName\":\"search_term_string\"}}],\"inLanguage\":\"pt-BR\"},{\"@type\":\"Organization\",\"@id\":\"https:\\\/\\\/blogdofarnesio.com.br\\\/#organization\",\"name\":\"Blog do Farn\u00e9sio\",\"url\":\"https:\\\/\\\/blogdofarnesio.com.br\\\/\",\"logo\":{\"@type\":\"ImageObject\",\"inLanguage\":\"pt-BR\",\"@id\":\"https:\\\/\\\/blogdofarnesio.com.br\\\/#\\\/schema\\\/logo\\\/image\\\/\",\"url\":\"https:\\\/\\\/blogdofarnesio.com.br\\\/wp-content\\\/uploads\\\/2026\\\/03\\\/cropped-logo_new-1.png\",\"contentUrl\":\"https:\\\/\\\/blogdofarnesio.com.br\\\/wp-content\\\/uploads\\\/2026\\\/03\\\/cropped-logo_new-1.png\",\"width\":881,\"height\":685,\"caption\":\"Blog do Farn\u00e9sio\"},\"image\":{\"@id\":\"https:\\\/\\\/blogdofarnesio.com.br\\\/#\\\/schema\\\/logo\\\/image\\\/\"},\"sameAs\":[\"https:\\\/\\\/www.facebook.com\\\/BlogQuerSaberPolitica\\\/\"]},{\"@type\":\"Person\",\"@id\":\"https:\\\/\\\/blogdofarnesio.com.br\\\/#\\\/schema\\\/person\\\/bb9b23ae3ad0609ce8df7b6c9e76824d\",\"name\":\"Farn\u00e9sio\",\"image\":{\"@type\":\"ImageObject\",\"inLanguage\":\"pt-BR\",\"@id\":\"https:\\\/\\\/secure.gravatar.com\\\/avatar\\\/986aa4c61ccdb66f8555bf88fc2a65609d00bcabd4d2d94377a727547345cbca?s=96&d=mm&r=g\",\"url\":\"https:\\\/\\\/secure.gravatar.com\\\/avatar\\\/986aa4c61ccdb66f8555bf88fc2a65609d00bcabd4d2d94377a727547345cbca?s=96&d=mm&r=g\",\"contentUrl\":\"https:\\\/\\\/secure.gravatar.com\\\/avatar\\\/986aa4c61ccdb66f8555bf88fc2a65609d00bcabd4d2d94377a727547345cbca?s=96&d=mm&r=g\",\"caption\":\"Farn\u00e9sio\"},\"description\":\"Radialista blogueiro, chegou a Petrolina\\\/Juazeiro em setembro de 1980, Farn\u00e9sio Silva \u00e9 de Arapiraca-Alagoas.\",\"sameAs\":[\"http:\\\/\\\/blogdofarnesio.com.br\",\"https:\\\/\\\/www.facebook.com\\\/?ref=tn_tnmn\",\"https:\\\/\\\/www.instagram.com\\\/?utm_source=pwa_homescreen\",\"https:\\\/\\\/youtube.com.br\\\/\"],\"url\":\"https:\\\/\\\/blogdofarnesio.com.br\\\/?author=2\"}]}<\/script>\n<!-- \/ Yoast SEO plugin. -->","yoast_head_json":{"title":"Aberta em Juazeiro inscri\u00e7\u00e3o para Passeio Cicl\u00edstico em comemora\u00e7\u00e3o ao Dia dos Pais - Blog do Farn\u00e9sio","robots":{"index":"index","follow":"follow","max-snippet":"max-snippet:-1","max-image-preview":"max-image-preview:large","max-video-preview":"max-video-preview:-1"},"canonical":"https:\/\/blogdofarnesio.com.br\/?p=346756","og_locale":"pt_BR","og_type":"article","og_title":"Aberta em Juazeiro inscri\u00e7\u00e3o para Passeio Cicl\u00edstico em comemora\u00e7\u00e3o ao Dia dos Pais - Blog do Farn\u00e9sio","og_description":"Come\u00e7a nesta ter\u00e7a-feira (1\u00ba) a inscri\u00e7\u00e3o para o Passeio Cicl\u00edstico Dia dos Pais, realizado pela Prefeitura de Juazeiro, atrav\u00e9s da Secretaria de Cultura, Turismo e Esporte (Seculte), em parceria com a Associa\u00e7\u00e3o de Moradores do bairro Tabuleiro. O passeio ser\u00e1 no segundo domingo de agosto, 13 de agosto, Dia dos Pais. A inscri\u00e7\u00e3o segue at\u00e9 o dia 11 de agosto na Associa\u00e7\u00e3o de Moradores do bairro Tabuleiro ou na Superintend\u00eancia de Esportes que fica no Est\u00e1dio Adauto Moraes, das 8h \u00e0s 14h. \u201cQualquer pessoa pode participar, seja ele morador do bairro Tabuleiro ou de outra localidade de Juazeiro. Este \u00e9 um momento importante de integra\u00e7\u00e3o entre as fam\u00edlias, em que muitos pais aproveitam para passear com seus filhos numa data&hellip;","og_url":"https:\/\/blogdofarnesio.com.br\/?p=346756","og_site_name":"Blog do Farn\u00e9sio","article_publisher":"https:\/\/www.facebook.com\/BlogQuerSaberPolitica\/","article_author":"https:\/\/www.facebook.com\/?ref=tn_tnmn","article_published_time":"2023-08-01T13:44:47+00:00","og_image":[{"width":434,"height":268,"url":"https:\/\/blogdofarnesio.com.br\/wp-content\/uploads\/2019\/08\/blogqsp-Passeio-Cicl\u00edstico-juazeiro.jpg","type":"image\/jpeg"}],"author":"Farn\u00e9sio","twitter_card":"summary_large_image","twitter_misc":{"Escrito por":"Farn\u00e9sio","Est. tempo de leitura":"2 minutos"},"schema":{"@context":"https:\/\/schema.org","@graph":[{"@type":"Article","@id":"https:\/\/blogdofarnesio.com.br\/?p=346756#article","isPartOf":{"@id":"https:\/\/blogdofarnesio.com.br\/?p=346756"},"author":{"name":"Farn\u00e9sio","@id":"https:\/\/blogdofarnesio.com.br\/#\/schema\/person\/bb9b23ae3ad0609ce8df7b6c9e76824d"},"headline":"Aberta em Juazeiro inscri\u00e7\u00e3o para Passeio Cicl\u00edstico em comemora\u00e7\u00e3o ao Dia dos Pais","datePublished":"2023-08-01T13:44:47+00:00","mainEntityOfPage":{"@id":"https:\/\/blogdofarnesio.com.br\/?p=346756"},"wordCount":219,"commentCount":0,"publisher":{"@id":"https:\/\/blogdofarnesio.com.br\/#organization"},"image":{"@id":"https:\/\/blogdofarnesio.com.br\/?p=346756#primaryimage"},"thumbnailUrl":"https:\/\/blogdofarnesio.com.br\/wp-content\/uploads\/2019\/08\/blogqsp-Passeio-Cicl\u00edstico-juazeiro.jpg","articleSection":["Confraterniza\u00e7\u00f5es","Esportes"],"inLanguage":"pt-BR","potentialAction":[{"@type":"CommentAction","name":"Comment","target":["https:\/\/blogdofarnesio.com.br\/?p=346756#respond"]}]},{"@type":"WebPage","@id":"https:\/\/blogdofarnesio.com.br\/?p=346756","url":"https:\/\/blogdofarnesio.com.br\/?p=346756","name":"Aberta em Juazeiro inscri\u00e7\u00e3o para Passeio Cicl\u00edstico em comemora\u00e7\u00e3o ao Dia dos Pais - Blog do Farn\u00e9sio","isPartOf":{"@id":"https:\/\/blogdofarnesio.com.br\/#website"},"primaryImageOfPage":{"@id":"https:\/\/blogdofarnesio.com.br\/?p=346756#primaryimage"},"image":{"@id":"https:\/\/blogdofarnesio.com.br\/?p=346756#primaryimage"},"thumbnailUrl":"https:\/\/blogdofarnesio.com.br\/wp-content\/uploads\/2019\/08\/blogqsp-Passeio-Cicl\u00edstico-juazeiro.jpg","datePublished":"2023-08-01T13:44:47+00:00","breadcrumb":{"@id":"https:\/\/blogdofarnesio.com.br\/?p=346756#breadcrumb"},"inLanguage":"pt-BR","potentialAction":[{"@type":"ReadAction","target":["https:\/\/blogdofarnesio.com.br\/?p=346756"]}]},{"@type":"ImageObject","inLanguage":"pt-BR","@id":"https:\/\/blogdofarnesio.com.br\/?p=346756#primaryimage","url":"https:\/\/blogdofarnesio.com.br\/wp-content\/uploads\/2019\/08\/blogqsp-Passeio-Cicl\u00edstico-juazeiro.jpg","contentUrl":"https:\/\/blogdofarnesio.com.br\/wp-content\/uploads\/2019\/08\/blogqsp-Passeio-Cicl\u00edstico-juazeiro.jpg","width":434,"height":268},{"@type":"BreadcrumbList","@id":"https:\/\/blogdofarnesio.com.br\/?p=346756#breadcrumb","itemListElement":[{"@type":"ListItem","position":1,"name":"In\u00edcio","item":"https:\/\/blogdofarnesio.com.br\/"},{"@type":"ListItem","position":2,"name":"Aberta em Juazeiro inscri\u00e7\u00e3o para Passeio Cicl\u00edstico em comemora\u00e7\u00e3o ao Dia dos Pais"}]},{"@type":"WebSite","@id":"https:\/\/blogdofarnesio.com.br\/#website","url":"https:\/\/blogdofarnesio.com.br\/","name":"Blog do Farn\u00e9sio","description":"Quer Saber Pol\u00edtica?","publisher":{"@id":"https:\/\/blogdofarnesio.com.br\/#organization"},"potentialAction":[{"@type":"SearchAction","target":{"@type":"EntryPoint","urlTemplate":"https:\/\/blogdofarnesio.com.br\/?s={search_term_string}"},"query-input":{"@type":"PropertyValueSpecification","valueRequired":true,"valueName":"search_term_string"}}],"inLanguage":"pt-BR"},{"@type":"Organization","@id":"https:\/\/blogdofarnesio.com.br\/#organization","name":"Blog do Farn\u00e9sio","url":"https:\/\/blogdofarnesio.com.br\/","logo":{"@type":"ImageObject","inLanguage":"pt-BR","@id":"https:\/\/blogdofarnesio.com.br\/#\/schema\/logo\/image\/","url":"https:\/\/blogdofarnesio.com.br\/wp-content\/uploads\/2026\/03\/cropped-logo_new-1.png","contentUrl":"https:\/\/blogdofarnesio.com.br\/wp-content\/uploads\/2026\/03\/cropped-logo_new-1.png","width":881,"height":685,"caption":"Blog do Farn\u00e9sio"},"image":{"@id":"https:\/\/blogdofarnesio.com.br\/#\/schema\/logo\/image\/"},"sameAs":["https:\/\/www.facebook.com\/BlogQuerSaberPolitica\/"]},{"@type":"Person","@id":"https:\/\/blogdofarnesio.com.br\/#\/schema\/person\/bb9b23ae3ad0609ce8df7b6c9e76824d","name":"Farn\u00e9sio","image":{"@type":"ImageObject","inLanguage":"pt-BR","@id":"https:\/\/secure.gravatar.com\/avatar\/986aa4c61ccdb66f8555bf88fc2a65609d00bcabd4d2d94377a727547345cbca?s=96&d=mm&r=g","url":"https:\/\/secure.gravatar.com\/avatar\/986aa4c61ccdb66f8555bf88fc2a65609d00bcabd4d2d94377a727547345cbca?s=96&d=mm&r=g","contentUrl":"https:\/\/secure.gravatar.com\/avatar\/986aa4c61ccdb66f8555bf88fc2a65609d00bcabd4d2d94377a727547345cbca?s=96&d=mm&r=g","caption":"Farn\u00e9sio"},"description":"Radialista blogueiro, chegou a Petrolina\/Juazeiro em setembro de 1980, Farn\u00e9sio Silva \u00e9 de Arapiraca-Alagoas.","sameAs":["http:\/\/blogdofarnesio.com.br","https:\/\/www.facebook.com\/?ref=tn_tnmn","https:\/\/www.instagram.com\/?utm_source=pwa_homescreen","https:\/\/youtube.com.br\/"],"url":"https:\/\/blogdofarnesio.com.br\/?author=2"}]}},"_links":{"self":[{"href":"https:\/\/blogdofarnesio.com.br\/index.php?rest_route=\/wp\/v2\/posts\/346756","targetHints":{"allow":["GET"]}}],"collection":[{"href":"https:\/\/blogdofarnesio.com.br\/index.php?rest_route=\/wp\/v2\/posts"}],"about":[{"href":"https:\/\/blogdofarnesio.com.br\/index.php?rest_route=\/wp\/v2\/types\/post"}],"author":[{"embeddable":true,"href":"https:\/\/blogdofarnesio.com.br\/index.php?rest_route=\/wp\/v2\/users\/2"}],"replies":[{"embeddable":true,"href":"https:\/\/blogdofarnesio.com.br\/index.php?rest_route=%2Fwp%2Fv2%2Fcomments&post=346756"}],"version-history":[{"count":0,"href":"https:\/\/blogdofarnesio.com.br\/index.php?rest_route=\/wp\/v2\/posts\/346756\/revisions"}],"wp:featuredmedia":[{"embeddable":true,"href":"https:\/\/blogdofarnesio.com.br\/index.php?rest_route=\/wp\/v2\/media\/235283"}],"wp:attachment":[{"href":"https:\/\/blogdofarnesio.com.br\/index.php?rest_route=%2Fwp%2Fv2%2Fmedia&parent=346756"}],"wp:term":[{"taxonomy":"category","embeddable":true,"href":"https:\/\/blogdofarnesio.com.br\/index.php?rest_route=%2Fwp%2Fv2%2Fcategories&post=346756"},{"taxonomy":"post_tag","embeddable":true,"href":"https:\/\/blogdofarnesio.com.br\/index.php?rest_route=%2Fwp%2Fv2%2Ftags&post=346756"}],"curies":[{"name":"wp","href":"https:\/\/api.w.org\/{rel}","templated":true}]}}