{"id":346234,"date":"2023-07-25T12:36:03","date_gmt":"2023-07-25T15:36:03","guid":{"rendered":"https:\/\/blogdofarnesio.com.br\/?p=346234"},"modified":"2023-07-25T11:42:52","modified_gmt":"2023-07-25T14:42:52","slug":"no-dia-internacional-da-agricultura-familiar-governador-lanca-plano-safra-e-anuncia-acoes-para-o-desenvolvimento-das-comunidades-rurais-na-bahia","status":"publish","type":"post","link":"https:\/\/blogdofarnesio.com.br\/?p=346234","title":{"rendered":"No Dia Internacional da Agricultura Familiar, governador lan\u00e7a Plano Safra e anuncia a\u00e7\u00f5es para o desenvolvimento das comunidades rurais na Bahia"},"content":{"rendered":"<p>Nesta ter\u00e7a-feira (25), Dia Internacional da Agricultura Familiar, o governador Jer\u00f4nimo Rodrigues vai lan\u00e7ar o Plano Safra da Agricultura Familiar da Bahia, que disponibilizar\u00e1 R$ 3 bilh\u00f5es em cr\u00e9dito, al\u00e9m de linhas de cr\u00e9dito espec\u00edficas para mulheres, jovens, ind\u00edgenas e quilombolas.<\/p>\n<p>O evento aconteceu na manh\u00e3 de hoje no Parque de Exposi\u00e7\u00f5es de Salvador, com acesso pela Avenida Dorival Caymmi.<\/p>\n<p>Entre as a\u00e7\u00f5es para o desenvolvimento econ\u00f4mico e social das comunidades rurais, ser\u00e1 apresentado o Projeto &#8220;Bahia que Produz e Alimenta&#8221;, que receber\u00e1 um investimento de R$ 750 milh\u00f5es e vai atender 30 mil unidades de produ\u00e7\u00e3o familiar e 600 organiza\u00e7\u00f5es produtivas. Tamb\u00e9m ser\u00e3o anunciadas a\u00e7\u00f5es para dinamizar as agroind\u00fastrias familiares, como o apoio a gest\u00e3o e acesso a mercados, assist\u00eancia t\u00e9cnica, financiamentos de kits produtivos, acordos de coopera\u00e7\u00e3o e entrega de selos de identifica\u00e7\u00e3o dos produtos da agricultura familiar.<\/p>\n<p>Na ocasi\u00e3o, o governador far\u00e1 a entrega de m\u00e1quinas e equipamentos, como tratores e microtratores, para organiza\u00e7\u00f5es da agricultura familiar; e 88 microtratores e m\u00e1quinas forrageiras para Escolas Fam\u00edlias Agr\u00edcolas. O evento ter\u00e1 a participa\u00e7\u00e3o de Jovens Comunicadores, que compartilhar\u00e3o como as pol\u00edticas p\u00fablicas impactaram suas vidas, e uma apresenta\u00e7\u00e3o cultural do Grupo de Samba de Roda Quixabeira da Matinha. As a\u00e7\u00f5es s\u00e3o da Secretaria de Desenvolvimento Rural (SDR) e da Companhia de Desenvolvimento e A\u00e7\u00e3o Regional (CAR).<\/p>\n","protected":false},"excerpt":{"rendered":"<p>Nesta ter\u00e7a-feira (25), Dia Internacional da Agricultura Familiar, o governador Jer\u00f4nimo Rodrigues vai lan\u00e7ar o Plano Safra da Agricultura Familiar da Bahia, que disponibilizar\u00e1 R$ 3 bilh\u00f5es em cr\u00e9dito, al\u00e9m de linhas de cr\u00e9dito espec\u00edficas para mulheres, jovens, ind\u00edgenas e quilombolas. O evento aconteceu na manh\u00e3 de hoje no Parque de Exposi\u00e7\u00f5es de Salvador, com acesso pela Avenida Dorival Caymmi. Entre as a\u00e7\u00f5es para o desenvolvimento econ\u00f4mico e social das comunidades rurais, ser\u00e1 apresentado o Projeto &#8220;Bahia que Produz e Alimenta&#8221;, que receber\u00e1 um investimento de R$ 750 milh\u00f5es e vai atender 30 mil unidades de produ\u00e7\u00e3o familiar e 600 organiza\u00e7\u00f5es produtivas. Tamb\u00e9m ser\u00e3o anunciadas a\u00e7\u00f5es para dinamizar as agroind\u00fastrias familiares, como o apoio a gest\u00e3o e acesso a mercados,&hellip; <\/p>\n","protected":false},"author":2,"featured_media":336259,"comment_status":"open","ping_status":"open","sticky":false,"template":"","format":"standard","meta":{"_acf_changed":false,"footnotes":""},"categories":[44],"tags":[],"class_list":["post-346234","post","type-post","status-publish","format-standard","has-post-thumbnail","hentry","category-administracao"],"acf":[],"yoast_head":"<!-- This site is optimized with the Yoast SEO plugin v27.4 - https:\/\/yoast.com\/product\/yoast-seo-wordpress\/ -->\n<title>No Dia Internacional da Agricultura Familiar, governador lan\u00e7a Plano Safra e anuncia a\u00e7\u00f5es para o desenvolvimento das comunidades rurais na Bahia - Blog do Farn\u00e9sio<\/title>\n<meta name=\"robots\" content=\"index, follow, max-snippet:-1, max-image-preview:large, max-video-preview:-1\" \/>\n<link rel=\"canonical\" href=\"https:\/\/blogdofarnesio.com.br\/?p=346234\" \/>\n<meta property=\"og:locale\" content=\"pt_BR\" \/>\n<meta property=\"og:type\" content=\"article\" \/>\n<meta property=\"og:title\" content=\"No Dia Internacional da Agricultura Familiar, governador lan\u00e7a Plano Safra e anuncia a\u00e7\u00f5es para o desenvolvimento das comunidades rurais na Bahia - Blog do Farn\u00e9sio\" \/>\n<meta property=\"og:description\" content=\"Nesta ter\u00e7a-feira (25), Dia Internacional da Agricultura Familiar, o governador Jer\u00f4nimo Rodrigues vai lan\u00e7ar o Plano Safra da Agricultura Familiar da Bahia, que disponibilizar\u00e1 R$ 3 bilh\u00f5es em cr\u00e9dito, al\u00e9m de linhas de cr\u00e9dito espec\u00edficas para mulheres, jovens, ind\u00edgenas e quilombolas. O evento aconteceu na manh\u00e3 de hoje no Parque de Exposi\u00e7\u00f5es de Salvador, com acesso pela Avenida Dorival Caymmi. Entre as a\u00e7\u00f5es para o desenvolvimento econ\u00f4mico e social das comunidades rurais, ser\u00e1 apresentado o Projeto &#8220;Bahia que Produz e Alimenta&#8221;, que receber\u00e1 um investimento de R$ 750 milh\u00f5es e vai atender 30 mil unidades de produ\u00e7\u00e3o familiar e 600 organiza\u00e7\u00f5es produtivas. Tamb\u00e9m ser\u00e3o anunciadas a\u00e7\u00f5es para dinamizar as agroind\u00fastrias familiares, como o apoio a gest\u00e3o e acesso a mercados,&hellip;\" \/>\n<meta property=\"og:url\" content=\"https:\/\/blogdofarnesio.com.br\/?p=346234\" \/>\n<meta property=\"og:site_name\" content=\"Blog do Farn\u00e9sio\" \/>\n<meta property=\"article:publisher\" content=\"https:\/\/www.facebook.com\/BlogQuerSaberPolitica\/\" \/>\n<meta property=\"article:author\" content=\"https:\/\/www.facebook.com\/?ref=tn_tnmn\" \/>\n<meta property=\"article:published_time\" content=\"2023-07-25T15:36:03+00:00\" \/>\n<meta property=\"og:image\" content=\"https:\/\/blogdofarnesio.com.br\/wp-content\/uploads\/2023\/03\/blogqspjua-jeronimo-2-e1679315008835.jpg\" \/>\n\t<meta property=\"og:image:width\" content=\"455\" \/>\n\t<meta property=\"og:image:height\" content=\"414\" \/>\n\t<meta property=\"og:image:type\" content=\"image\/jpeg\" \/>\n<meta name=\"author\" content=\"Farn\u00e9sio\" \/>\n<meta name=\"twitter:card\" content=\"summary_large_image\" \/>\n<meta name=\"twitter:label1\" content=\"Escrito por\" \/>\n\t<meta name=\"twitter:data1\" content=\"Farn\u00e9sio\" \/>\n\t<meta name=\"twitter:label2\" content=\"Est. tempo de leitura\" \/>\n\t<meta name=\"twitter:data2\" content=\"2 minutos\" \/>\n<script type=\"application\/ld+json\" class=\"yoast-schema-graph\">{\"@context\":\"https:\\\/\\\/schema.org\",\"@graph\":[{\"@type\":\"Article\",\"@id\":\"https:\\\/\\\/blogdofarnesio.com.br\\\/?p=346234#article\",\"isPartOf\":{\"@id\":\"https:\\\/\\\/blogdofarnesio.com.br\\\/?p=346234\"},\"author\":{\"name\":\"Farn\u00e9sio\",\"@id\":\"https:\\\/\\\/blogdofarnesio.com.br\\\/#\\\/schema\\\/person\\\/bb9b23ae3ad0609ce8df7b6c9e76824d\"},\"headline\":\"No Dia Internacional da Agricultura Familiar, governador lan\u00e7a Plano Safra e anuncia a\u00e7\u00f5es para o desenvolvimento das comunidades rurais na Bahia\",\"datePublished\":\"2023-07-25T15:36:03+00:00\",\"mainEntityOfPage\":{\"@id\":\"https:\\\/\\\/blogdofarnesio.com.br\\\/?p=346234\"},\"wordCount\":273,\"commentCount\":0,\"publisher\":{\"@id\":\"https:\\\/\\\/blogdofarnesio.com.br\\\/#organization\"},\"image\":{\"@id\":\"https:\\\/\\\/blogdofarnesio.com.br\\\/?p=346234#primaryimage\"},\"thumbnailUrl\":\"https:\\\/\\\/blogdofarnesio.com.br\\\/wp-content\\\/uploads\\\/2023\\\/03\\\/blogqspjua-jeronimo-2-e1679315008835.jpg\",\"articleSection\":[\"Administra\u00e7\u00e3o\"],\"inLanguage\":\"pt-BR\",\"potentialAction\":[{\"@type\":\"CommentAction\",\"name\":\"Comment\",\"target\":[\"https:\\\/\\\/blogdofarnesio.com.br\\\/?p=346234#respond\"]}]},{\"@type\":\"WebPage\",\"@id\":\"https:\\\/\\\/blogdofarnesio.com.br\\\/?p=346234\",\"url\":\"https:\\\/\\\/blogdofarnesio.com.br\\\/?p=346234\",\"name\":\"No Dia Internacional da Agricultura Familiar, governador lan\u00e7a Plano Safra e anuncia a\u00e7\u00f5es para o desenvolvimento das comunidades rurais na Bahia - Blog do Farn\u00e9sio\",\"isPartOf\":{\"@id\":\"https:\\\/\\\/blogdofarnesio.com.br\\\/#website\"},\"primaryImageOfPage\":{\"@id\":\"https:\\\/\\\/blogdofarnesio.com.br\\\/?p=346234#primaryimage\"},\"image\":{\"@id\":\"https:\\\/\\\/blogdofarnesio.com.br\\\/?p=346234#primaryimage\"},\"thumbnailUrl\":\"https:\\\/\\\/blogdofarnesio.com.br\\\/wp-content\\\/uploads\\\/2023\\\/03\\\/blogqspjua-jeronimo-2-e1679315008835.jpg\",\"datePublished\":\"2023-07-25T15:36:03+00:00\",\"breadcrumb\":{\"@id\":\"https:\\\/\\\/blogdofarnesio.com.br\\\/?p=346234#breadcrumb\"},\"inLanguage\":\"pt-BR\",\"potentialAction\":[{\"@type\":\"ReadAction\",\"target\":[\"https:\\\/\\\/blogdofarnesio.com.br\\\/?p=346234\"]}]},{\"@type\":\"ImageObject\",\"inLanguage\":\"pt-BR\",\"@id\":\"https:\\\/\\\/blogdofarnesio.com.br\\\/?p=346234#primaryimage\",\"url\":\"https:\\\/\\\/blogdofarnesio.com.br\\\/wp-content\\\/uploads\\\/2023\\\/03\\\/blogqspjua-jeronimo-2-e1679315008835.jpg\",\"contentUrl\":\"https:\\\/\\\/blogdofarnesio.com.br\\\/wp-content\\\/uploads\\\/2023\\\/03\\\/blogqspjua-jeronimo-2-e1679315008835.jpg\",\"width\":455,\"height\":414},{\"@type\":\"BreadcrumbList\",\"@id\":\"https:\\\/\\\/blogdofarnesio.com.br\\\/?p=346234#breadcrumb\",\"itemListElement\":[{\"@type\":\"ListItem\",\"position\":1,\"name\":\"In\u00edcio\",\"item\":\"https:\\\/\\\/blogdofarnesio.com.br\\\/\"},{\"@type\":\"ListItem\",\"position\":2,\"name\":\"No Dia Internacional da Agricultura Familiar, governador lan\u00e7a Plano Safra e anuncia a\u00e7\u00f5es para o desenvolvimento das comunidades rurais na Bahia\"}]},{\"@type\":\"WebSite\",\"@id\":\"https:\\\/\\\/blogdofarnesio.com.br\\\/#website\",\"url\":\"https:\\\/\\\/blogdofarnesio.com.br\\\/\",\"name\":\"Blog do Farn\u00e9sio\",\"description\":\"Quer Saber Pol\u00edtica?\",\"publisher\":{\"@id\":\"https:\\\/\\\/blogdofarnesio.com.br\\\/#organization\"},\"potentialAction\":[{\"@type\":\"SearchAction\",\"target\":{\"@type\":\"EntryPoint\",\"urlTemplate\":\"https:\\\/\\\/blogdofarnesio.com.br\\\/?s={search_term_string}\"},\"query-input\":{\"@type\":\"PropertyValueSpecification\",\"valueRequired\":true,\"valueName\":\"search_term_string\"}}],\"inLanguage\":\"pt-BR\"},{\"@type\":\"Organization\",\"@id\":\"https:\\\/\\\/blogdofarnesio.com.br\\\/#organization\",\"name\":\"Blog do Farn\u00e9sio\",\"url\":\"https:\\\/\\\/blogdofarnesio.com.br\\\/\",\"logo\":{\"@type\":\"ImageObject\",\"inLanguage\":\"pt-BR\",\"@id\":\"https:\\\/\\\/blogdofarnesio.com.br\\\/#\\\/schema\\\/logo\\\/image\\\/\",\"url\":\"https:\\\/\\\/blogdofarnesio.com.br\\\/wp-content\\\/uploads\\\/2026\\\/03\\\/cropped-logo_new-1.png\",\"contentUrl\":\"https:\\\/\\\/blogdofarnesio.com.br\\\/wp-content\\\/uploads\\\/2026\\\/03\\\/cropped-logo_new-1.png\",\"width\":881,\"height\":685,\"caption\":\"Blog do Farn\u00e9sio\"},\"image\":{\"@id\":\"https:\\\/\\\/blogdofarnesio.com.br\\\/#\\\/schema\\\/logo\\\/image\\\/\"},\"sameAs\":[\"https:\\\/\\\/www.facebook.com\\\/BlogQuerSaberPolitica\\\/\"]},{\"@type\":\"Person\",\"@id\":\"https:\\\/\\\/blogdofarnesio.com.br\\\/#\\\/schema\\\/person\\\/bb9b23ae3ad0609ce8df7b6c9e76824d\",\"name\":\"Farn\u00e9sio\",\"image\":{\"@type\":\"ImageObject\",\"inLanguage\":\"pt-BR\",\"@id\":\"https:\\\/\\\/secure.gravatar.com\\\/avatar\\\/986aa4c61ccdb66f8555bf88fc2a65609d00bcabd4d2d94377a727547345cbca?s=96&d=mm&r=g\",\"url\":\"https:\\\/\\\/secure.gravatar.com\\\/avatar\\\/986aa4c61ccdb66f8555bf88fc2a65609d00bcabd4d2d94377a727547345cbca?s=96&d=mm&r=g\",\"contentUrl\":\"https:\\\/\\\/secure.gravatar.com\\\/avatar\\\/986aa4c61ccdb66f8555bf88fc2a65609d00bcabd4d2d94377a727547345cbca?s=96&d=mm&r=g\",\"caption\":\"Farn\u00e9sio\"},\"description\":\"Radialista blogueiro, chegou a Petrolina\\\/Juazeiro em setembro de 1980, Farn\u00e9sio Silva \u00e9 de Arapiraca-Alagoas.\",\"sameAs\":[\"http:\\\/\\\/blogdofarnesio.com.br\",\"https:\\\/\\\/www.facebook.com\\\/?ref=tn_tnmn\",\"https:\\\/\\\/www.instagram.com\\\/?utm_source=pwa_homescreen\",\"https:\\\/\\\/youtube.com.br\\\/\"],\"url\":\"https:\\\/\\\/blogdofarnesio.com.br\\\/?author=2\"}]}<\/script>\n<!-- \/ Yoast SEO plugin. -->","yoast_head_json":{"title":"No Dia Internacional da Agricultura Familiar, governador lan\u00e7a Plano Safra e anuncia a\u00e7\u00f5es para o desenvolvimento das comunidades rurais na Bahia - Blog do Farn\u00e9sio","robots":{"index":"index","follow":"follow","max-snippet":"max-snippet:-1","max-image-preview":"max-image-preview:large","max-video-preview":"max-video-preview:-1"},"canonical":"https:\/\/blogdofarnesio.com.br\/?p=346234","og_locale":"pt_BR","og_type":"article","og_title":"No Dia Internacional da Agricultura Familiar, governador lan\u00e7a Plano Safra e anuncia a\u00e7\u00f5es para o desenvolvimento das comunidades rurais na Bahia - Blog do Farn\u00e9sio","og_description":"Nesta ter\u00e7a-feira (25), Dia Internacional da Agricultura Familiar, o governador Jer\u00f4nimo Rodrigues vai lan\u00e7ar o Plano Safra da Agricultura Familiar da Bahia, que disponibilizar\u00e1 R$ 3 bilh\u00f5es em cr\u00e9dito, al\u00e9m de linhas de cr\u00e9dito espec\u00edficas para mulheres, jovens, ind\u00edgenas e quilombolas. O evento aconteceu na manh\u00e3 de hoje no Parque de Exposi\u00e7\u00f5es de Salvador, com acesso pela Avenida Dorival Caymmi. Entre as a\u00e7\u00f5es para o desenvolvimento econ\u00f4mico e social das comunidades rurais, ser\u00e1 apresentado o Projeto &#8220;Bahia que Produz e Alimenta&#8221;, que receber\u00e1 um investimento de R$ 750 milh\u00f5es e vai atender 30 mil unidades de produ\u00e7\u00e3o familiar e 600 organiza\u00e7\u00f5es produtivas. Tamb\u00e9m ser\u00e3o anunciadas a\u00e7\u00f5es para dinamizar as agroind\u00fastrias familiares, como o apoio a gest\u00e3o e acesso a mercados,&hellip;","og_url":"https:\/\/blogdofarnesio.com.br\/?p=346234","og_site_name":"Blog do Farn\u00e9sio","article_publisher":"https:\/\/www.facebook.com\/BlogQuerSaberPolitica\/","article_author":"https:\/\/www.facebook.com\/?ref=tn_tnmn","article_published_time":"2023-07-25T15:36:03+00:00","og_image":[{"width":455,"height":414,"url":"https:\/\/blogdofarnesio.com.br\/wp-content\/uploads\/2023\/03\/blogqspjua-jeronimo-2-e1679315008835.jpg","type":"image\/jpeg"}],"author":"Farn\u00e9sio","twitter_card":"summary_large_image","twitter_misc":{"Escrito por":"Farn\u00e9sio","Est. tempo de leitura":"2 minutos"},"schema":{"@context":"https:\/\/schema.org","@graph":[{"@type":"Article","@id":"https:\/\/blogdofarnesio.com.br\/?p=346234#article","isPartOf":{"@id":"https:\/\/blogdofarnesio.com.br\/?p=346234"},"author":{"name":"Farn\u00e9sio","@id":"https:\/\/blogdofarnesio.com.br\/#\/schema\/person\/bb9b23ae3ad0609ce8df7b6c9e76824d"},"headline":"No Dia Internacional da Agricultura Familiar, governador lan\u00e7a Plano Safra e anuncia a\u00e7\u00f5es para o desenvolvimento das comunidades rurais na Bahia","datePublished":"2023-07-25T15:36:03+00:00","mainEntityOfPage":{"@id":"https:\/\/blogdofarnesio.com.br\/?p=346234"},"wordCount":273,"commentCount":0,"publisher":{"@id":"https:\/\/blogdofarnesio.com.br\/#organization"},"image":{"@id":"https:\/\/blogdofarnesio.com.br\/?p=346234#primaryimage"},"thumbnailUrl":"https:\/\/blogdofarnesio.com.br\/wp-content\/uploads\/2023\/03\/blogqspjua-jeronimo-2-e1679315008835.jpg","articleSection":["Administra\u00e7\u00e3o"],"inLanguage":"pt-BR","potentialAction":[{"@type":"CommentAction","name":"Comment","target":["https:\/\/blogdofarnesio.com.br\/?p=346234#respond"]}]},{"@type":"WebPage","@id":"https:\/\/blogdofarnesio.com.br\/?p=346234","url":"https:\/\/blogdofarnesio.com.br\/?p=346234","name":"No Dia Internacional da Agricultura Familiar, governador lan\u00e7a Plano Safra e anuncia a\u00e7\u00f5es para o desenvolvimento das comunidades rurais na Bahia - Blog do Farn\u00e9sio","isPartOf":{"@id":"https:\/\/blogdofarnesio.com.br\/#website"},"primaryImageOfPage":{"@id":"https:\/\/blogdofarnesio.com.br\/?p=346234#primaryimage"},"image":{"@id":"https:\/\/blogdofarnesio.com.br\/?p=346234#primaryimage"},"thumbnailUrl":"https:\/\/blogdofarnesio.com.br\/wp-content\/uploads\/2023\/03\/blogqspjua-jeronimo-2-e1679315008835.jpg","datePublished":"2023-07-25T15:36:03+00:00","breadcrumb":{"@id":"https:\/\/blogdofarnesio.com.br\/?p=346234#breadcrumb"},"inLanguage":"pt-BR","potentialAction":[{"@type":"ReadAction","target":["https:\/\/blogdofarnesio.com.br\/?p=346234"]}]},{"@type":"ImageObject","inLanguage":"pt-BR","@id":"https:\/\/blogdofarnesio.com.br\/?p=346234#primaryimage","url":"https:\/\/blogdofarnesio.com.br\/wp-content\/uploads\/2023\/03\/blogqspjua-jeronimo-2-e1679315008835.jpg","contentUrl":"https:\/\/blogdofarnesio.com.br\/wp-content\/uploads\/2023\/03\/blogqspjua-jeronimo-2-e1679315008835.jpg","width":455,"height":414},{"@type":"BreadcrumbList","@id":"https:\/\/blogdofarnesio.com.br\/?p=346234#breadcrumb","itemListElement":[{"@type":"ListItem","position":1,"name":"In\u00edcio","item":"https:\/\/blogdofarnesio.com.br\/"},{"@type":"ListItem","position":2,"name":"No Dia Internacional da Agricultura Familiar, governador lan\u00e7a Plano Safra e anuncia a\u00e7\u00f5es para o desenvolvimento das comunidades rurais na Bahia"}]},{"@type":"WebSite","@id":"https:\/\/blogdofarnesio.com.br\/#website","url":"https:\/\/blogdofarnesio.com.br\/","name":"Blog do Farn\u00e9sio","description":"Quer Saber Pol\u00edtica?","publisher":{"@id":"https:\/\/blogdofarnesio.com.br\/#organization"},"potentialAction":[{"@type":"SearchAction","target":{"@type":"EntryPoint","urlTemplate":"https:\/\/blogdofarnesio.com.br\/?s={search_term_string}"},"query-input":{"@type":"PropertyValueSpecification","valueRequired":true,"valueName":"search_term_string"}}],"inLanguage":"pt-BR"},{"@type":"Organization","@id":"https:\/\/blogdofarnesio.com.br\/#organization","name":"Blog do Farn\u00e9sio","url":"https:\/\/blogdofarnesio.com.br\/","logo":{"@type":"ImageObject","inLanguage":"pt-BR","@id":"https:\/\/blogdofarnesio.com.br\/#\/schema\/logo\/image\/","url":"https:\/\/blogdofarnesio.com.br\/wp-content\/uploads\/2026\/03\/cropped-logo_new-1.png","contentUrl":"https:\/\/blogdofarnesio.com.br\/wp-content\/uploads\/2026\/03\/cropped-logo_new-1.png","width":881,"height":685,"caption":"Blog do Farn\u00e9sio"},"image":{"@id":"https:\/\/blogdofarnesio.com.br\/#\/schema\/logo\/image\/"},"sameAs":["https:\/\/www.facebook.com\/BlogQuerSaberPolitica\/"]},{"@type":"Person","@id":"https:\/\/blogdofarnesio.com.br\/#\/schema\/person\/bb9b23ae3ad0609ce8df7b6c9e76824d","name":"Farn\u00e9sio","image":{"@type":"ImageObject","inLanguage":"pt-BR","@id":"https:\/\/secure.gravatar.com\/avatar\/986aa4c61ccdb66f8555bf88fc2a65609d00bcabd4d2d94377a727547345cbca?s=96&d=mm&r=g","url":"https:\/\/secure.gravatar.com\/avatar\/986aa4c61ccdb66f8555bf88fc2a65609d00bcabd4d2d94377a727547345cbca?s=96&d=mm&r=g","contentUrl":"https:\/\/secure.gravatar.com\/avatar\/986aa4c61ccdb66f8555bf88fc2a65609d00bcabd4d2d94377a727547345cbca?s=96&d=mm&r=g","caption":"Farn\u00e9sio"},"description":"Radialista blogueiro, chegou a Petrolina\/Juazeiro em setembro de 1980, Farn\u00e9sio Silva \u00e9 de Arapiraca-Alagoas.","sameAs":["http:\/\/blogdofarnesio.com.br","https:\/\/www.facebook.com\/?ref=tn_tnmn","https:\/\/www.instagram.com\/?utm_source=pwa_homescreen","https:\/\/youtube.com.br\/"],"url":"https:\/\/blogdofarnesio.com.br\/?author=2"}]}},"_links":{"self":[{"href":"https:\/\/blogdofarnesio.com.br\/index.php?rest_route=\/wp\/v2\/posts\/346234","targetHints":{"allow":["GET"]}}],"collection":[{"href":"https:\/\/blogdofarnesio.com.br\/index.php?rest_route=\/wp\/v2\/posts"}],"about":[{"href":"https:\/\/blogdofarnesio.com.br\/index.php?rest_route=\/wp\/v2\/types\/post"}],"author":[{"embeddable":true,"href":"https:\/\/blogdofarnesio.com.br\/index.php?rest_route=\/wp\/v2\/users\/2"}],"replies":[{"embeddable":true,"href":"https:\/\/blogdofarnesio.com.br\/index.php?rest_route=%2Fwp%2Fv2%2Fcomments&post=346234"}],"version-history":[{"count":0,"href":"https:\/\/blogdofarnesio.com.br\/index.php?rest_route=\/wp\/v2\/posts\/346234\/revisions"}],"wp:featuredmedia":[{"embeddable":true,"href":"https:\/\/blogdofarnesio.com.br\/index.php?rest_route=\/wp\/v2\/media\/336259"}],"wp:attachment":[{"href":"https:\/\/blogdofarnesio.com.br\/index.php?rest_route=%2Fwp%2Fv2%2Fmedia&parent=346234"}],"wp:term":[{"taxonomy":"category","embeddable":true,"href":"https:\/\/blogdofarnesio.com.br\/index.php?rest_route=%2Fwp%2Fv2%2Fcategories&post=346234"},{"taxonomy":"post_tag","embeddable":true,"href":"https:\/\/blogdofarnesio.com.br\/index.php?rest_route=%2Fwp%2Fv2%2Ftags&post=346234"}],"curies":[{"name":"wp","href":"https:\/\/api.w.org\/{rel}","templated":true}]}}