{"id":346198,"date":"2023-07-25T11:34:29","date_gmt":"2023-07-25T14:34:29","guid":{"rendered":"https:\/\/blogdofarnesio.com.br\/?p=346198"},"modified":"2023-07-25T08:35:51","modified_gmt":"2023-07-25T11:35:51","slug":"video-joao-gomes-diz-a-ivete-que-parou-de-beber-por-causa-de-bronca-que-recebeu-dela-comendo-agua-toda-hora","status":"publish","type":"post","link":"https:\/\/blogdofarnesio.com.br\/?p=346198","title":{"rendered":"V\u00cdDEO: Jo\u00e3o Gomes diz a Ivete que parou de beber por causa de bronca que recebeu dela: \u201cComendo \u00e1gua toda hora\u201d"},"content":{"rendered":"<p>BN\u00a0 &#8211;\u00a0 Jo\u00e3o Gomes revelou que est\u00e1 h\u00e1 um m\u00eas sem beber \u00e1lcool por causa de Ivete Sangalo. O cantor, que estava no Camarote Mucuripe do Fortal 30 anos, se encontrou com o trio da baiana no \u00faltimo domingo (23).<\/p>\n<p>\u201cDeixa eu dizer um neg\u00f3cio pra tu: estou sem beber h\u00e1 um m\u00eas j\u00e1, t\u00e1 bom? Ela brigou com eu, que era pra n\u00e3o beber\u201d, disse o cantor para Ivete.<\/p>\n<p>Ivete se defendeu e contou como foi o conselho que deu ao sertanejo.<\/p>\n<p>\u201cEu disse: Jo\u00e3o, voc\u00ea t\u00e1 com 21 anos, tem uma carreira t\u00e3o promissora e comendo \u00e1gua toda hora. N\u00e3o! A\u00ed o corpo n\u00e3o aguenta! E um talento como voc\u00ea, a gente quer pra vida toda!\u201d.<\/p>\n<p>A cantora ainda disse que faz quest\u00e3o de espalhar os h\u00e1bitos que fazem bem para sua vida.<\/p>\n<p>\u201cEu fiz as minhas escolhas e n\u00e3o me arrependi de ter feito essas escolhas. Hoje sou uma mulher completamente segura da minha vida, do meu corpo, da minha cabe\u00e7a e da minha energia inconfund\u00edvel. Acredito que tudo que a gente aprende de bom, tem que passar adiante\u201d, afirmou Ivete.<\/p>\n<p>Os artistas ainda se declaram e Jo\u00e3o mandou um abra\u00e7o para Marcelo Cady, filho mais velho de Ivete.<\/p>\n<p>\u201cEu te amo muito, viu?\u201d, disse Ivete. \u201cTe amo! Manda um abra\u00e7o para Marcelinho. Logo a gente se v\u00ea\u201d, respondeu Jo\u00e3o Gomes.<\/p>\n<blockquote class=\"twitter-tweet\" data-width=\"550\" data-dnt=\"true\">\n<p lang=\"pt\" dir=\"ltr\">No <a href=\"https:\/\/twitter.com\/hashtag\/Fortal30Anos?src=hash&amp;ref_src=twsrc%5Etfw\">#Fortal30Anos<\/a>, <a href=\"https:\/\/twitter.com\/joaogomescantor?ref_src=twsrc%5Etfw\">@JoaoGomesCantor<\/a> conversa com <a href=\"https:\/\/twitter.com\/ivetesangalo?ref_src=twsrc%5Etfw\">@IveteSangalo<\/a> durante a passagem da cantora pelo Camarote Mucuripe e revela que est\u00e1 h\u00e1 um m\u00eas sem ingerir bebida alco\u00f3lica ap\u00f3s pedido da amiga. Al\u00e9m disso, Veveta confirmou que os dois lan\u00e7ar\u00e3o uma m\u00fasica em breve. \u2764\ufe0f <a href=\"https:\/\/t.co\/8XbOYGOoTE\">pic.twitter.com\/8XbOYGOoTE<\/a><\/p>\n<p>&mdash; Jovem Iveteiro (@JovemIveteiro) <a href=\"https:\/\/twitter.com\/JovemIveteiro\/status\/1683322234394365954?ref_src=twsrc%5Etfw\">July 24, 2023<\/a><\/p><\/blockquote>\n<p><script async src=\"https:\/\/platform.twitter.com\/widgets.js\" charset=\"utf-8\"><\/script><\/p>\n","protected":false},"excerpt":{"rendered":"<p>BN\u00a0 &#8211;\u00a0 Jo\u00e3o Gomes revelou que est\u00e1 h\u00e1 um m\u00eas sem beber \u00e1lcool por causa de Ivete Sangalo. O cantor, que estava no Camarote Mucuripe do Fortal 30 anos, se encontrou com o trio da baiana no \u00faltimo domingo (23). \u201cDeixa eu dizer um neg\u00f3cio pra tu: estou sem beber h\u00e1 um m\u00eas j\u00e1, t\u00e1 bom? Ela brigou com eu, que era pra n\u00e3o beber\u201d, disse o cantor para Ivete. Ivete se defendeu e contou como foi o conselho que deu ao sertanejo. \u201cEu disse: Jo\u00e3o, voc\u00ea t\u00e1 com 21 anos, tem uma carreira t\u00e3o promissora e comendo \u00e1gua toda hora. N\u00e3o! A\u00ed o corpo n\u00e3o aguenta! E um talento como voc\u00ea, a gente quer pra vida toda!\u201d. A cantora&hellip; <\/p>\n","protected":false},"author":2,"featured_media":297570,"comment_status":"open","ping_status":"open","sticky":false,"template":"","format":"standard","meta":{"_acf_changed":false,"footnotes":""},"categories":[3],"tags":[],"class_list":["post-346198","post","type-post","status-publish","format-standard","has-post-thumbnail","hentry","category-entretenimento"],"acf":[],"yoast_head":"<!-- This site is optimized with the Yoast SEO plugin v27.4 - https:\/\/yoast.com\/product\/yoast-seo-wordpress\/ -->\n<title>V\u00cdDEO: Jo\u00e3o Gomes diz a Ivete que parou de beber por causa de bronca que recebeu dela: \u201cComendo \u00e1gua toda hora\u201d - Blog do Farn\u00e9sio<\/title>\n<meta name=\"robots\" content=\"index, follow, max-snippet:-1, max-image-preview:large, max-video-preview:-1\" \/>\n<link rel=\"canonical\" href=\"https:\/\/blogdofarnesio.com.br\/?p=346198\" \/>\n<meta property=\"og:locale\" content=\"pt_BR\" \/>\n<meta property=\"og:type\" content=\"article\" \/>\n<meta property=\"og:title\" content=\"V\u00cdDEO: Jo\u00e3o Gomes diz a Ivete que parou de beber por causa de bronca que recebeu dela: \u201cComendo \u00e1gua toda hora\u201d - Blog do Farn\u00e9sio\" \/>\n<meta property=\"og:description\" content=\"BN\u00a0 &#8211;\u00a0 Jo\u00e3o Gomes revelou que est\u00e1 h\u00e1 um m\u00eas sem beber \u00e1lcool por causa de Ivete Sangalo. O cantor, que estava no Camarote Mucuripe do Fortal 30 anos, se encontrou com o trio da baiana no \u00faltimo domingo (23). \u201cDeixa eu dizer um neg\u00f3cio pra tu: estou sem beber h\u00e1 um m\u00eas j\u00e1, t\u00e1 bom? Ela brigou com eu, que era pra n\u00e3o beber\u201d, disse o cantor para Ivete. Ivete se defendeu e contou como foi o conselho que deu ao sertanejo. \u201cEu disse: Jo\u00e3o, voc\u00ea t\u00e1 com 21 anos, tem uma carreira t\u00e3o promissora e comendo \u00e1gua toda hora. N\u00e3o! A\u00ed o corpo n\u00e3o aguenta! E um talento como voc\u00ea, a gente quer pra vida toda!\u201d. A cantora&hellip;\" \/>\n<meta property=\"og:url\" content=\"https:\/\/blogdofarnesio.com.br\/?p=346198\" \/>\n<meta property=\"og:site_name\" content=\"Blog do Farn\u00e9sio\" \/>\n<meta property=\"article:publisher\" content=\"https:\/\/www.facebook.com\/BlogQuerSaberPolitica\/\" \/>\n<meta property=\"article:author\" content=\"https:\/\/www.facebook.com\/?ref=tn_tnmn\" \/>\n<meta property=\"article:published_time\" content=\"2023-07-25T14:34:29+00:00\" \/>\n<meta property=\"og:image\" content=\"https:\/\/blogdofarnesio.com.br\/wp-content\/uploads\/2021\/10\/IVete-Jo-o-Gomes-e1633997415569.jpg\" \/>\n\t<meta property=\"og:image:width\" content=\"679\" \/>\n\t<meta property=\"og:image:height\" content=\"382\" \/>\n\t<meta property=\"og:image:type\" content=\"image\/jpeg\" \/>\n<meta name=\"author\" content=\"Farn\u00e9sio\" \/>\n<meta name=\"twitter:card\" content=\"summary_large_image\" \/>\n<meta name=\"twitter:label1\" content=\"Escrito por\" \/>\n\t<meta name=\"twitter:data1\" content=\"Farn\u00e9sio\" \/>\n\t<meta name=\"twitter:label2\" content=\"Est. tempo de leitura\" \/>\n\t<meta name=\"twitter:data2\" content=\"2 minutos\" \/>\n<script type=\"application\/ld+json\" class=\"yoast-schema-graph\">{\"@context\":\"https:\\\/\\\/schema.org\",\"@graph\":[{\"@type\":\"Article\",\"@id\":\"https:\\\/\\\/blogdofarnesio.com.br\\\/?p=346198#article\",\"isPartOf\":{\"@id\":\"https:\\\/\\\/blogdofarnesio.com.br\\\/?p=346198\"},\"author\":{\"name\":\"Farn\u00e9sio\",\"@id\":\"https:\\\/\\\/blogdofarnesio.com.br\\\/#\\\/schema\\\/person\\\/bb9b23ae3ad0609ce8df7b6c9e76824d\"},\"headline\":\"V\u00cdDEO: Jo\u00e3o Gomes diz a Ivete que parou de beber por causa de bronca que recebeu dela: \u201cComendo \u00e1gua toda hora\u201d\",\"datePublished\":\"2023-07-25T14:34:29+00:00\",\"mainEntityOfPage\":{\"@id\":\"https:\\\/\\\/blogdofarnesio.com.br\\\/?p=346198\"},\"wordCount\":269,\"commentCount\":0,\"publisher\":{\"@id\":\"https:\\\/\\\/blogdofarnesio.com.br\\\/#organization\"},\"image\":{\"@id\":\"https:\\\/\\\/blogdofarnesio.com.br\\\/?p=346198#primaryimage\"},\"thumbnailUrl\":\"https:\\\/\\\/blogdofarnesio.com.br\\\/wp-content\\\/uploads\\\/2021\\\/10\\\/IVete-Jo-o-Gomes-e1633997415569.jpg\",\"articleSection\":[\"Entretenimento\"],\"inLanguage\":\"pt-BR\",\"potentialAction\":[{\"@type\":\"CommentAction\",\"name\":\"Comment\",\"target\":[\"https:\\\/\\\/blogdofarnesio.com.br\\\/?p=346198#respond\"]}]},{\"@type\":\"WebPage\",\"@id\":\"https:\\\/\\\/blogdofarnesio.com.br\\\/?p=346198\",\"url\":\"https:\\\/\\\/blogdofarnesio.com.br\\\/?p=346198\",\"name\":\"V\u00cdDEO: Jo\u00e3o Gomes diz a Ivete que parou de beber por causa de bronca que recebeu dela: \u201cComendo \u00e1gua toda hora\u201d - Blog do Farn\u00e9sio\",\"isPartOf\":{\"@id\":\"https:\\\/\\\/blogdofarnesio.com.br\\\/#website\"},\"primaryImageOfPage\":{\"@id\":\"https:\\\/\\\/blogdofarnesio.com.br\\\/?p=346198#primaryimage\"},\"image\":{\"@id\":\"https:\\\/\\\/blogdofarnesio.com.br\\\/?p=346198#primaryimage\"},\"thumbnailUrl\":\"https:\\\/\\\/blogdofarnesio.com.br\\\/wp-content\\\/uploads\\\/2021\\\/10\\\/IVete-Jo-o-Gomes-e1633997415569.jpg\",\"datePublished\":\"2023-07-25T14:34:29+00:00\",\"breadcrumb\":{\"@id\":\"https:\\\/\\\/blogdofarnesio.com.br\\\/?p=346198#breadcrumb\"},\"inLanguage\":\"pt-BR\",\"potentialAction\":[{\"@type\":\"ReadAction\",\"target\":[\"https:\\\/\\\/blogdofarnesio.com.br\\\/?p=346198\"]}]},{\"@type\":\"ImageObject\",\"inLanguage\":\"pt-BR\",\"@id\":\"https:\\\/\\\/blogdofarnesio.com.br\\\/?p=346198#primaryimage\",\"url\":\"https:\\\/\\\/blogdofarnesio.com.br\\\/wp-content\\\/uploads\\\/2021\\\/10\\\/IVete-Jo-o-Gomes-e1633997415569.jpg\",\"contentUrl\":\"https:\\\/\\\/blogdofarnesio.com.br\\\/wp-content\\\/uploads\\\/2021\\\/10\\\/IVete-Jo-o-Gomes-e1633997415569.jpg\",\"width\":679,\"height\":382},{\"@type\":\"BreadcrumbList\",\"@id\":\"https:\\\/\\\/blogdofarnesio.com.br\\\/?p=346198#breadcrumb\",\"itemListElement\":[{\"@type\":\"ListItem\",\"position\":1,\"name\":\"In\u00edcio\",\"item\":\"https:\\\/\\\/blogdofarnesio.com.br\\\/\"},{\"@type\":\"ListItem\",\"position\":2,\"name\":\"V\u00cdDEO: Jo\u00e3o Gomes diz a Ivete que parou de beber por causa de bronca que recebeu dela: \u201cComendo \u00e1gua toda hora\u201d\"}]},{\"@type\":\"WebSite\",\"@id\":\"https:\\\/\\\/blogdofarnesio.com.br\\\/#website\",\"url\":\"https:\\\/\\\/blogdofarnesio.com.br\\\/\",\"name\":\"Blog do Farn\u00e9sio\",\"description\":\"Quer Saber Pol\u00edtica?\",\"publisher\":{\"@id\":\"https:\\\/\\\/blogdofarnesio.com.br\\\/#organization\"},\"potentialAction\":[{\"@type\":\"SearchAction\",\"target\":{\"@type\":\"EntryPoint\",\"urlTemplate\":\"https:\\\/\\\/blogdofarnesio.com.br\\\/?s={search_term_string}\"},\"query-input\":{\"@type\":\"PropertyValueSpecification\",\"valueRequired\":true,\"valueName\":\"search_term_string\"}}],\"inLanguage\":\"pt-BR\"},{\"@type\":\"Organization\",\"@id\":\"https:\\\/\\\/blogdofarnesio.com.br\\\/#organization\",\"name\":\"Blog do Farn\u00e9sio\",\"url\":\"https:\\\/\\\/blogdofarnesio.com.br\\\/\",\"logo\":{\"@type\":\"ImageObject\",\"inLanguage\":\"pt-BR\",\"@id\":\"https:\\\/\\\/blogdofarnesio.com.br\\\/#\\\/schema\\\/logo\\\/image\\\/\",\"url\":\"https:\\\/\\\/blogdofarnesio.com.br\\\/wp-content\\\/uploads\\\/2026\\\/03\\\/cropped-logo_new-1.png\",\"contentUrl\":\"https:\\\/\\\/blogdofarnesio.com.br\\\/wp-content\\\/uploads\\\/2026\\\/03\\\/cropped-logo_new-1.png\",\"width\":881,\"height\":685,\"caption\":\"Blog do Farn\u00e9sio\"},\"image\":{\"@id\":\"https:\\\/\\\/blogdofarnesio.com.br\\\/#\\\/schema\\\/logo\\\/image\\\/\"},\"sameAs\":[\"https:\\\/\\\/www.facebook.com\\\/BlogQuerSaberPolitica\\\/\"]},{\"@type\":\"Person\",\"@id\":\"https:\\\/\\\/blogdofarnesio.com.br\\\/#\\\/schema\\\/person\\\/bb9b23ae3ad0609ce8df7b6c9e76824d\",\"name\":\"Farn\u00e9sio\",\"image\":{\"@type\":\"ImageObject\",\"inLanguage\":\"pt-BR\",\"@id\":\"https:\\\/\\\/secure.gravatar.com\\\/avatar\\\/986aa4c61ccdb66f8555bf88fc2a65609d00bcabd4d2d94377a727547345cbca?s=96&d=mm&r=g\",\"url\":\"https:\\\/\\\/secure.gravatar.com\\\/avatar\\\/986aa4c61ccdb66f8555bf88fc2a65609d00bcabd4d2d94377a727547345cbca?s=96&d=mm&r=g\",\"contentUrl\":\"https:\\\/\\\/secure.gravatar.com\\\/avatar\\\/986aa4c61ccdb66f8555bf88fc2a65609d00bcabd4d2d94377a727547345cbca?s=96&d=mm&r=g\",\"caption\":\"Farn\u00e9sio\"},\"description\":\"Radialista blogueiro, chegou a Petrolina\\\/Juazeiro em setembro de 1980, Farn\u00e9sio Silva \u00e9 de Arapiraca-Alagoas.\",\"sameAs\":[\"http:\\\/\\\/blogdofarnesio.com.br\",\"https:\\\/\\\/www.facebook.com\\\/?ref=tn_tnmn\",\"https:\\\/\\\/www.instagram.com\\\/?utm_source=pwa_homescreen\",\"https:\\\/\\\/youtube.com.br\\\/\"],\"url\":\"https:\\\/\\\/blogdofarnesio.com.br\\\/?author=2\"}]}<\/script>\n<!-- \/ Yoast SEO plugin. -->","yoast_head_json":{"title":"V\u00cdDEO: Jo\u00e3o Gomes diz a Ivete que parou de beber por causa de bronca que recebeu dela: \u201cComendo \u00e1gua toda hora\u201d - Blog do Farn\u00e9sio","robots":{"index":"index","follow":"follow","max-snippet":"max-snippet:-1","max-image-preview":"max-image-preview:large","max-video-preview":"max-video-preview:-1"},"canonical":"https:\/\/blogdofarnesio.com.br\/?p=346198","og_locale":"pt_BR","og_type":"article","og_title":"V\u00cdDEO: Jo\u00e3o Gomes diz a Ivete que parou de beber por causa de bronca que recebeu dela: \u201cComendo \u00e1gua toda hora\u201d - Blog do Farn\u00e9sio","og_description":"BN\u00a0 &#8211;\u00a0 Jo\u00e3o Gomes revelou que est\u00e1 h\u00e1 um m\u00eas sem beber \u00e1lcool por causa de Ivete Sangalo. O cantor, que estava no Camarote Mucuripe do Fortal 30 anos, se encontrou com o trio da baiana no \u00faltimo domingo (23). \u201cDeixa eu dizer um neg\u00f3cio pra tu: estou sem beber h\u00e1 um m\u00eas j\u00e1, t\u00e1 bom? Ela brigou com eu, que era pra n\u00e3o beber\u201d, disse o cantor para Ivete. Ivete se defendeu e contou como foi o conselho que deu ao sertanejo. \u201cEu disse: Jo\u00e3o, voc\u00ea t\u00e1 com 21 anos, tem uma carreira t\u00e3o promissora e comendo \u00e1gua toda hora. N\u00e3o! A\u00ed o corpo n\u00e3o aguenta! E um talento como voc\u00ea, a gente quer pra vida toda!\u201d. A cantora&hellip;","og_url":"https:\/\/blogdofarnesio.com.br\/?p=346198","og_site_name":"Blog do Farn\u00e9sio","article_publisher":"https:\/\/www.facebook.com\/BlogQuerSaberPolitica\/","article_author":"https:\/\/www.facebook.com\/?ref=tn_tnmn","article_published_time":"2023-07-25T14:34:29+00:00","og_image":[{"width":679,"height":382,"url":"https:\/\/blogdofarnesio.com.br\/wp-content\/uploads\/2021\/10\/IVete-Jo-o-Gomes-e1633997415569.jpg","type":"image\/jpeg"}],"author":"Farn\u00e9sio","twitter_card":"summary_large_image","twitter_misc":{"Escrito por":"Farn\u00e9sio","Est. tempo de leitura":"2 minutos"},"schema":{"@context":"https:\/\/schema.org","@graph":[{"@type":"Article","@id":"https:\/\/blogdofarnesio.com.br\/?p=346198#article","isPartOf":{"@id":"https:\/\/blogdofarnesio.com.br\/?p=346198"},"author":{"name":"Farn\u00e9sio","@id":"https:\/\/blogdofarnesio.com.br\/#\/schema\/person\/bb9b23ae3ad0609ce8df7b6c9e76824d"},"headline":"V\u00cdDEO: Jo\u00e3o Gomes diz a Ivete que parou de beber por causa de bronca que recebeu dela: \u201cComendo \u00e1gua toda hora\u201d","datePublished":"2023-07-25T14:34:29+00:00","mainEntityOfPage":{"@id":"https:\/\/blogdofarnesio.com.br\/?p=346198"},"wordCount":269,"commentCount":0,"publisher":{"@id":"https:\/\/blogdofarnesio.com.br\/#organization"},"image":{"@id":"https:\/\/blogdofarnesio.com.br\/?p=346198#primaryimage"},"thumbnailUrl":"https:\/\/blogdofarnesio.com.br\/wp-content\/uploads\/2021\/10\/IVete-Jo-o-Gomes-e1633997415569.jpg","articleSection":["Entretenimento"],"inLanguage":"pt-BR","potentialAction":[{"@type":"CommentAction","name":"Comment","target":["https:\/\/blogdofarnesio.com.br\/?p=346198#respond"]}]},{"@type":"WebPage","@id":"https:\/\/blogdofarnesio.com.br\/?p=346198","url":"https:\/\/blogdofarnesio.com.br\/?p=346198","name":"V\u00cdDEO: Jo\u00e3o Gomes diz a Ivete que parou de beber por causa de bronca que recebeu dela: \u201cComendo \u00e1gua toda hora\u201d - Blog do Farn\u00e9sio","isPartOf":{"@id":"https:\/\/blogdofarnesio.com.br\/#website"},"primaryImageOfPage":{"@id":"https:\/\/blogdofarnesio.com.br\/?p=346198#primaryimage"},"image":{"@id":"https:\/\/blogdofarnesio.com.br\/?p=346198#primaryimage"},"thumbnailUrl":"https:\/\/blogdofarnesio.com.br\/wp-content\/uploads\/2021\/10\/IVete-Jo-o-Gomes-e1633997415569.jpg","datePublished":"2023-07-25T14:34:29+00:00","breadcrumb":{"@id":"https:\/\/blogdofarnesio.com.br\/?p=346198#breadcrumb"},"inLanguage":"pt-BR","potentialAction":[{"@type":"ReadAction","target":["https:\/\/blogdofarnesio.com.br\/?p=346198"]}]},{"@type":"ImageObject","inLanguage":"pt-BR","@id":"https:\/\/blogdofarnesio.com.br\/?p=346198#primaryimage","url":"https:\/\/blogdofarnesio.com.br\/wp-content\/uploads\/2021\/10\/IVete-Jo-o-Gomes-e1633997415569.jpg","contentUrl":"https:\/\/blogdofarnesio.com.br\/wp-content\/uploads\/2021\/10\/IVete-Jo-o-Gomes-e1633997415569.jpg","width":679,"height":382},{"@type":"BreadcrumbList","@id":"https:\/\/blogdofarnesio.com.br\/?p=346198#breadcrumb","itemListElement":[{"@type":"ListItem","position":1,"name":"In\u00edcio","item":"https:\/\/blogdofarnesio.com.br\/"},{"@type":"ListItem","position":2,"name":"V\u00cdDEO: Jo\u00e3o Gomes diz a Ivete que parou de beber por causa de bronca que recebeu dela: \u201cComendo \u00e1gua toda hora\u201d"}]},{"@type":"WebSite","@id":"https:\/\/blogdofarnesio.com.br\/#website","url":"https:\/\/blogdofarnesio.com.br\/","name":"Blog do Farn\u00e9sio","description":"Quer Saber Pol\u00edtica?","publisher":{"@id":"https:\/\/blogdofarnesio.com.br\/#organization"},"potentialAction":[{"@type":"SearchAction","target":{"@type":"EntryPoint","urlTemplate":"https:\/\/blogdofarnesio.com.br\/?s={search_term_string}"},"query-input":{"@type":"PropertyValueSpecification","valueRequired":true,"valueName":"search_term_string"}}],"inLanguage":"pt-BR"},{"@type":"Organization","@id":"https:\/\/blogdofarnesio.com.br\/#organization","name":"Blog do Farn\u00e9sio","url":"https:\/\/blogdofarnesio.com.br\/","logo":{"@type":"ImageObject","inLanguage":"pt-BR","@id":"https:\/\/blogdofarnesio.com.br\/#\/schema\/logo\/image\/","url":"https:\/\/blogdofarnesio.com.br\/wp-content\/uploads\/2026\/03\/cropped-logo_new-1.png","contentUrl":"https:\/\/blogdofarnesio.com.br\/wp-content\/uploads\/2026\/03\/cropped-logo_new-1.png","width":881,"height":685,"caption":"Blog do Farn\u00e9sio"},"image":{"@id":"https:\/\/blogdofarnesio.com.br\/#\/schema\/logo\/image\/"},"sameAs":["https:\/\/www.facebook.com\/BlogQuerSaberPolitica\/"]},{"@type":"Person","@id":"https:\/\/blogdofarnesio.com.br\/#\/schema\/person\/bb9b23ae3ad0609ce8df7b6c9e76824d","name":"Farn\u00e9sio","image":{"@type":"ImageObject","inLanguage":"pt-BR","@id":"https:\/\/secure.gravatar.com\/avatar\/986aa4c61ccdb66f8555bf88fc2a65609d00bcabd4d2d94377a727547345cbca?s=96&d=mm&r=g","url":"https:\/\/secure.gravatar.com\/avatar\/986aa4c61ccdb66f8555bf88fc2a65609d00bcabd4d2d94377a727547345cbca?s=96&d=mm&r=g","contentUrl":"https:\/\/secure.gravatar.com\/avatar\/986aa4c61ccdb66f8555bf88fc2a65609d00bcabd4d2d94377a727547345cbca?s=96&d=mm&r=g","caption":"Farn\u00e9sio"},"description":"Radialista blogueiro, chegou a Petrolina\/Juazeiro em setembro de 1980, Farn\u00e9sio Silva \u00e9 de Arapiraca-Alagoas.","sameAs":["http:\/\/blogdofarnesio.com.br","https:\/\/www.facebook.com\/?ref=tn_tnmn","https:\/\/www.instagram.com\/?utm_source=pwa_homescreen","https:\/\/youtube.com.br\/"],"url":"https:\/\/blogdofarnesio.com.br\/?author=2"}]}},"_links":{"self":[{"href":"https:\/\/blogdofarnesio.com.br\/index.php?rest_route=\/wp\/v2\/posts\/346198","targetHints":{"allow":["GET"]}}],"collection":[{"href":"https:\/\/blogdofarnesio.com.br\/index.php?rest_route=\/wp\/v2\/posts"}],"about":[{"href":"https:\/\/blogdofarnesio.com.br\/index.php?rest_route=\/wp\/v2\/types\/post"}],"author":[{"embeddable":true,"href":"https:\/\/blogdofarnesio.com.br\/index.php?rest_route=\/wp\/v2\/users\/2"}],"replies":[{"embeddable":true,"href":"https:\/\/blogdofarnesio.com.br\/index.php?rest_route=%2Fwp%2Fv2%2Fcomments&post=346198"}],"version-history":[{"count":0,"href":"https:\/\/blogdofarnesio.com.br\/index.php?rest_route=\/wp\/v2\/posts\/346198\/revisions"}],"wp:featuredmedia":[{"embeddable":true,"href":"https:\/\/blogdofarnesio.com.br\/index.php?rest_route=\/wp\/v2\/media\/297570"}],"wp:attachment":[{"href":"https:\/\/blogdofarnesio.com.br\/index.php?rest_route=%2Fwp%2Fv2%2Fmedia&parent=346198"}],"wp:term":[{"taxonomy":"category","embeddable":true,"href":"https:\/\/blogdofarnesio.com.br\/index.php?rest_route=%2Fwp%2Fv2%2Fcategories&post=346198"},{"taxonomy":"post_tag","embeddable":true,"href":"https:\/\/blogdofarnesio.com.br\/index.php?rest_route=%2Fwp%2Fv2%2Ftags&post=346198"}],"curies":[{"name":"wp","href":"https:\/\/api.w.org\/{rel}","templated":true}]}}