{"id":346157,"date":"2023-07-25T07:42:17","date_gmt":"2023-07-25T10:42:17","guid":{"rendered":"https:\/\/blogdofarnesio.com.br\/?p=346157"},"modified":"2023-07-24T16:38:55","modified_gmt":"2023-07-24T19:38:55","slug":"prefeitura-de-petrolina-encerra-atendimentos-pediatricos-na-ubs-do-jose-e-maria-entenda","status":"publish","type":"post","link":"https:\/\/blogdofarnesio.com.br\/?p=346157","title":{"rendered":"Prefeitura de Petrolina encerra atendimentos pedi\u00e1tricos na UBS do Jos\u00e9 e Maria. Entenda"},"content":{"rendered":"<div>\n<p><span lang=\"PT-BR\">A Prefeitura de Petrolina, atrav\u00e9s da Secretaria de Sa\u00fade de Petrolina, encerra a partir de segunda-feira (24), os atendimentos na Unidade de Suporte Pedi\u00e1trica que estava funcionando de forma exclusiva na Unidade B\u00e1sica de Sa\u00fade Lia Bezerra, no bairro Jos\u00e9 e Maria. A medida foi tomada em virtude da redu\u00e7\u00e3o significativa da procura pelos atendimentos de crian\u00e7as com sintomas gripais.\u00a0<\/span><\/p>\n<\/div>\n<div>\n<p lang=\"PT-BR\"><span lang=\"PT-BR\">A unidade\u00a0fez parte\u00a0do plano de enfrentamento \u00e0s doen\u00e7as respirat\u00f3rias em crian\u00e7as, que contou, inicialmente, com duas Unidades B\u00e1sicas de Sa\u00fade com m\u00e9dicos especialistas em pediatria. O objetivo era diagnosticar e tratar os casos de infec\u00e7\u00e3o respirat\u00f3ria em crian\u00e7as de 0 a 5 anos de forma precoce e, assim, evitar a procura por assist\u00eancia m\u00e9dica hospitalar dos casos considerados leves. Essa a\u00e7\u00e3o permitia que as equipes hospitalares concentrassem seus esfor\u00e7os no tratamento de crian\u00e7as com sintomas moderados e graves.<\/span><\/p>\n<\/div>\n<div>\n<p lang=\"PT-BR\"><span lang=\"PT-BR\">Os atendimentos cl\u00ednicos continuam sendo oferecidos nas Unidades B\u00e1sicas de Sa\u00fade do munic\u00edpio. Os pais e respons\u00e1veis podem se dirigir ao atendimento cl\u00ednico nos 57 postos de sa\u00fade que Petrolina possui. Na zona urbana, os atendimentos acontecem pela manh\u00e3 e tarde, j\u00e1 na zona\u00a0rural a popula\u00e7\u00e3o pode ser atendida das 7h \u00e0s 13h.\u00a0<\/span><\/p>\n<\/div>\n","protected":false},"excerpt":{"rendered":"<p>A Prefeitura de Petrolina, atrav\u00e9s da Secretaria de Sa\u00fade de Petrolina, encerra a partir de segunda-feira (24), os atendimentos na Unidade de Suporte Pedi\u00e1trica que estava funcionando de forma exclusiva na Unidade B\u00e1sica de Sa\u00fade Lia Bezerra, no bairro Jos\u00e9 e Maria. A medida foi tomada em virtude da redu\u00e7\u00e3o significativa da procura pelos atendimentos de crian\u00e7as com sintomas gripais.\u00a0 A unidade\u00a0fez parte\u00a0do plano de enfrentamento \u00e0s doen\u00e7as respirat\u00f3rias em crian\u00e7as, que contou, inicialmente, com duas Unidades B\u00e1sicas de Sa\u00fade com m\u00e9dicos especialistas em pediatria. O objetivo era diagnosticar e tratar os casos de infec\u00e7\u00e3o respirat\u00f3ria em crian\u00e7as de 0 a 5 anos de forma precoce e, assim, evitar a procura por assist\u00eancia m\u00e9dica hospitalar dos casos considerados leves. Essa&hellip; <\/p>\n","protected":false},"author":2,"featured_media":344721,"comment_status":"open","ping_status":"open","sticky":false,"template":"","format":"standard","meta":{"_acf_changed":false,"footnotes":""},"categories":[43],"tags":[],"class_list":["post-346157","post","type-post","status-publish","format-standard","has-post-thumbnail","hentry","category-sem-categoria"],"acf":[],"yoast_head":"<!-- This site is optimized with the Yoast SEO plugin v27.4 - https:\/\/yoast.com\/product\/yoast-seo-wordpress\/ -->\n<title>Prefeitura de Petrolina encerra atendimentos pedi\u00e1tricos na UBS do Jos\u00e9 e Maria. Entenda - Blog do Farn\u00e9sio<\/title>\n<meta name=\"robots\" content=\"index, follow, max-snippet:-1, max-image-preview:large, max-video-preview:-1\" \/>\n<link rel=\"canonical\" href=\"https:\/\/blogdofarnesio.com.br\/?p=346157\" \/>\n<meta property=\"og:locale\" content=\"pt_BR\" \/>\n<meta property=\"og:type\" content=\"article\" \/>\n<meta property=\"og:title\" content=\"Prefeitura de Petrolina encerra atendimentos pedi\u00e1tricos na UBS do Jos\u00e9 e Maria. Entenda - Blog do Farn\u00e9sio\" \/>\n<meta property=\"og:description\" content=\"A Prefeitura de Petrolina, atrav\u00e9s da Secretaria de Sa\u00fade de Petrolina, encerra a partir de segunda-feira (24), os atendimentos na Unidade de Suporte Pedi\u00e1trica que estava funcionando de forma exclusiva na Unidade B\u00e1sica de Sa\u00fade Lia Bezerra, no bairro Jos\u00e9 e Maria. A medida foi tomada em virtude da redu\u00e7\u00e3o significativa da procura pelos atendimentos de crian\u00e7as com sintomas gripais.\u00a0 A unidade\u00a0fez parte\u00a0do plano de enfrentamento \u00e0s doen\u00e7as respirat\u00f3rias em crian\u00e7as, que contou, inicialmente, com duas Unidades B\u00e1sicas de Sa\u00fade com m\u00e9dicos especialistas em pediatria. O objetivo era diagnosticar e tratar os casos de infec\u00e7\u00e3o respirat\u00f3ria em crian\u00e7as de 0 a 5 anos de forma precoce e, assim, evitar a procura por assist\u00eancia m\u00e9dica hospitalar dos casos considerados leves. Essa&hellip;\" \/>\n<meta property=\"og:url\" content=\"https:\/\/blogdofarnesio.com.br\/?p=346157\" \/>\n<meta property=\"og:site_name\" content=\"Blog do Farn\u00e9sio\" \/>\n<meta property=\"article:publisher\" content=\"https:\/\/www.facebook.com\/BlogQuerSaberPolitica\/\" \/>\n<meta property=\"article:author\" content=\"https:\/\/www.facebook.com\/?ref=tn_tnmn\" \/>\n<meta property=\"article:published_time\" content=\"2023-07-25T10:42:17+00:00\" \/>\n<meta property=\"og:image\" content=\"https:\/\/blogdofarnesio.com.br\/wp-content\/uploads\/2023\/07\/blogqsppet-jmariaUBS-Lia-Bezerra-e1688574226608.jpeg\" \/>\n\t<meta property=\"og:image:width\" content=\"600\" \/>\n\t<meta property=\"og:image:height\" content=\"400\" \/>\n\t<meta property=\"og:image:type\" content=\"image\/jpeg\" \/>\n<meta name=\"author\" content=\"Farn\u00e9sio\" \/>\n<meta name=\"twitter:card\" content=\"summary_large_image\" \/>\n<meta name=\"twitter:label1\" content=\"Escrito por\" \/>\n\t<meta name=\"twitter:data1\" content=\"Farn\u00e9sio\" \/>\n\t<meta name=\"twitter:label2\" content=\"Est. tempo de leitura\" \/>\n\t<meta name=\"twitter:data2\" content=\"2 minutos\" \/>\n<script type=\"application\/ld+json\" class=\"yoast-schema-graph\">{\"@context\":\"https:\\\/\\\/schema.org\",\"@graph\":[{\"@type\":\"Article\",\"@id\":\"https:\\\/\\\/blogdofarnesio.com.br\\\/?p=346157#article\",\"isPartOf\":{\"@id\":\"https:\\\/\\\/blogdofarnesio.com.br\\\/?p=346157\"},\"author\":{\"name\":\"Farn\u00e9sio\",\"@id\":\"https:\\\/\\\/blogdofarnesio.com.br\\\/#\\\/schema\\\/person\\\/bb9b23ae3ad0609ce8df7b6c9e76824d\"},\"headline\":\"Prefeitura de Petrolina encerra atendimentos pedi\u00e1tricos na UBS do Jos\u00e9 e Maria. Entenda\",\"datePublished\":\"2023-07-25T10:42:17+00:00\",\"mainEntityOfPage\":{\"@id\":\"https:\\\/\\\/blogdofarnesio.com.br\\\/?p=346157\"},\"wordCount\":233,\"commentCount\":0,\"publisher\":{\"@id\":\"https:\\\/\\\/blogdofarnesio.com.br\\\/#organization\"},\"image\":{\"@id\":\"https:\\\/\\\/blogdofarnesio.com.br\\\/?p=346157#primaryimage\"},\"thumbnailUrl\":\"https:\\\/\\\/blogdofarnesio.com.br\\\/wp-content\\\/uploads\\\/2023\\\/07\\\/blogqsppet-jmariaUBS-Lia-Bezerra-e1688574226608.jpeg\",\"inLanguage\":\"pt-BR\",\"potentialAction\":[{\"@type\":\"CommentAction\",\"name\":\"Comment\",\"target\":[\"https:\\\/\\\/blogdofarnesio.com.br\\\/?p=346157#respond\"]}]},{\"@type\":\"WebPage\",\"@id\":\"https:\\\/\\\/blogdofarnesio.com.br\\\/?p=346157\",\"url\":\"https:\\\/\\\/blogdofarnesio.com.br\\\/?p=346157\",\"name\":\"Prefeitura de Petrolina encerra atendimentos pedi\u00e1tricos na UBS do Jos\u00e9 e Maria. Entenda - Blog do Farn\u00e9sio\",\"isPartOf\":{\"@id\":\"https:\\\/\\\/blogdofarnesio.com.br\\\/#website\"},\"primaryImageOfPage\":{\"@id\":\"https:\\\/\\\/blogdofarnesio.com.br\\\/?p=346157#primaryimage\"},\"image\":{\"@id\":\"https:\\\/\\\/blogdofarnesio.com.br\\\/?p=346157#primaryimage\"},\"thumbnailUrl\":\"https:\\\/\\\/blogdofarnesio.com.br\\\/wp-content\\\/uploads\\\/2023\\\/07\\\/blogqsppet-jmariaUBS-Lia-Bezerra-e1688574226608.jpeg\",\"datePublished\":\"2023-07-25T10:42:17+00:00\",\"breadcrumb\":{\"@id\":\"https:\\\/\\\/blogdofarnesio.com.br\\\/?p=346157#breadcrumb\"},\"inLanguage\":\"pt-BR\",\"potentialAction\":[{\"@type\":\"ReadAction\",\"target\":[\"https:\\\/\\\/blogdofarnesio.com.br\\\/?p=346157\"]}]},{\"@type\":\"ImageObject\",\"inLanguage\":\"pt-BR\",\"@id\":\"https:\\\/\\\/blogdofarnesio.com.br\\\/?p=346157#primaryimage\",\"url\":\"https:\\\/\\\/blogdofarnesio.com.br\\\/wp-content\\\/uploads\\\/2023\\\/07\\\/blogqsppet-jmariaUBS-Lia-Bezerra-e1688574226608.jpeg\",\"contentUrl\":\"https:\\\/\\\/blogdofarnesio.com.br\\\/wp-content\\\/uploads\\\/2023\\\/07\\\/blogqsppet-jmariaUBS-Lia-Bezerra-e1688574226608.jpeg\",\"width\":600,\"height\":400},{\"@type\":\"BreadcrumbList\",\"@id\":\"https:\\\/\\\/blogdofarnesio.com.br\\\/?p=346157#breadcrumb\",\"itemListElement\":[{\"@type\":\"ListItem\",\"position\":1,\"name\":\"In\u00edcio\",\"item\":\"https:\\\/\\\/blogdofarnesio.com.br\\\/\"},{\"@type\":\"ListItem\",\"position\":2,\"name\":\"Prefeitura de Petrolina encerra atendimentos pedi\u00e1tricos na UBS do Jos\u00e9 e Maria. Entenda\"}]},{\"@type\":\"WebSite\",\"@id\":\"https:\\\/\\\/blogdofarnesio.com.br\\\/#website\",\"url\":\"https:\\\/\\\/blogdofarnesio.com.br\\\/\",\"name\":\"Blog do Farn\u00e9sio\",\"description\":\"Quer Saber Pol\u00edtica?\",\"publisher\":{\"@id\":\"https:\\\/\\\/blogdofarnesio.com.br\\\/#organization\"},\"potentialAction\":[{\"@type\":\"SearchAction\",\"target\":{\"@type\":\"EntryPoint\",\"urlTemplate\":\"https:\\\/\\\/blogdofarnesio.com.br\\\/?s={search_term_string}\"},\"query-input\":{\"@type\":\"PropertyValueSpecification\",\"valueRequired\":true,\"valueName\":\"search_term_string\"}}],\"inLanguage\":\"pt-BR\"},{\"@type\":\"Organization\",\"@id\":\"https:\\\/\\\/blogdofarnesio.com.br\\\/#organization\",\"name\":\"Blog do Farn\u00e9sio\",\"url\":\"https:\\\/\\\/blogdofarnesio.com.br\\\/\",\"logo\":{\"@type\":\"ImageObject\",\"inLanguage\":\"pt-BR\",\"@id\":\"https:\\\/\\\/blogdofarnesio.com.br\\\/#\\\/schema\\\/logo\\\/image\\\/\",\"url\":\"https:\\\/\\\/blogdofarnesio.com.br\\\/wp-content\\\/uploads\\\/2026\\\/03\\\/cropped-logo_new-1.png\",\"contentUrl\":\"https:\\\/\\\/blogdofarnesio.com.br\\\/wp-content\\\/uploads\\\/2026\\\/03\\\/cropped-logo_new-1.png\",\"width\":881,\"height\":685,\"caption\":\"Blog do Farn\u00e9sio\"},\"image\":{\"@id\":\"https:\\\/\\\/blogdofarnesio.com.br\\\/#\\\/schema\\\/logo\\\/image\\\/\"},\"sameAs\":[\"https:\\\/\\\/www.facebook.com\\\/BlogQuerSaberPolitica\\\/\"]},{\"@type\":\"Person\",\"@id\":\"https:\\\/\\\/blogdofarnesio.com.br\\\/#\\\/schema\\\/person\\\/bb9b23ae3ad0609ce8df7b6c9e76824d\",\"name\":\"Farn\u00e9sio\",\"image\":{\"@type\":\"ImageObject\",\"inLanguage\":\"pt-BR\",\"@id\":\"https:\\\/\\\/secure.gravatar.com\\\/avatar\\\/986aa4c61ccdb66f8555bf88fc2a65609d00bcabd4d2d94377a727547345cbca?s=96&d=mm&r=g\",\"url\":\"https:\\\/\\\/secure.gravatar.com\\\/avatar\\\/986aa4c61ccdb66f8555bf88fc2a65609d00bcabd4d2d94377a727547345cbca?s=96&d=mm&r=g\",\"contentUrl\":\"https:\\\/\\\/secure.gravatar.com\\\/avatar\\\/986aa4c61ccdb66f8555bf88fc2a65609d00bcabd4d2d94377a727547345cbca?s=96&d=mm&r=g\",\"caption\":\"Farn\u00e9sio\"},\"description\":\"Radialista blogueiro, chegou a Petrolina\\\/Juazeiro em setembro de 1980, Farn\u00e9sio Silva \u00e9 de Arapiraca-Alagoas.\",\"sameAs\":[\"http:\\\/\\\/blogdofarnesio.com.br\",\"https:\\\/\\\/www.facebook.com\\\/?ref=tn_tnmn\",\"https:\\\/\\\/www.instagram.com\\\/?utm_source=pwa_homescreen\",\"https:\\\/\\\/youtube.com.br\\\/\"],\"url\":\"https:\\\/\\\/blogdofarnesio.com.br\\\/?author=2\"}]}<\/script>\n<!-- \/ Yoast SEO plugin. -->","yoast_head_json":{"title":"Prefeitura de Petrolina encerra atendimentos pedi\u00e1tricos na UBS do Jos\u00e9 e Maria. Entenda - Blog do Farn\u00e9sio","robots":{"index":"index","follow":"follow","max-snippet":"max-snippet:-1","max-image-preview":"max-image-preview:large","max-video-preview":"max-video-preview:-1"},"canonical":"https:\/\/blogdofarnesio.com.br\/?p=346157","og_locale":"pt_BR","og_type":"article","og_title":"Prefeitura de Petrolina encerra atendimentos pedi\u00e1tricos na UBS do Jos\u00e9 e Maria. Entenda - Blog do Farn\u00e9sio","og_description":"A Prefeitura de Petrolina, atrav\u00e9s da Secretaria de Sa\u00fade de Petrolina, encerra a partir de segunda-feira (24), os atendimentos na Unidade de Suporte Pedi\u00e1trica que estava funcionando de forma exclusiva na Unidade B\u00e1sica de Sa\u00fade Lia Bezerra, no bairro Jos\u00e9 e Maria. A medida foi tomada em virtude da redu\u00e7\u00e3o significativa da procura pelos atendimentos de crian\u00e7as com sintomas gripais.\u00a0 A unidade\u00a0fez parte\u00a0do plano de enfrentamento \u00e0s doen\u00e7as respirat\u00f3rias em crian\u00e7as, que contou, inicialmente, com duas Unidades B\u00e1sicas de Sa\u00fade com m\u00e9dicos especialistas em pediatria. O objetivo era diagnosticar e tratar os casos de infec\u00e7\u00e3o respirat\u00f3ria em crian\u00e7as de 0 a 5 anos de forma precoce e, assim, evitar a procura por assist\u00eancia m\u00e9dica hospitalar dos casos considerados leves. Essa&hellip;","og_url":"https:\/\/blogdofarnesio.com.br\/?p=346157","og_site_name":"Blog do Farn\u00e9sio","article_publisher":"https:\/\/www.facebook.com\/BlogQuerSaberPolitica\/","article_author":"https:\/\/www.facebook.com\/?ref=tn_tnmn","article_published_time":"2023-07-25T10:42:17+00:00","og_image":[{"width":600,"height":400,"url":"https:\/\/blogdofarnesio.com.br\/wp-content\/uploads\/2023\/07\/blogqsppet-jmariaUBS-Lia-Bezerra-e1688574226608.jpeg","type":"image\/jpeg"}],"author":"Farn\u00e9sio","twitter_card":"summary_large_image","twitter_misc":{"Escrito por":"Farn\u00e9sio","Est. tempo de leitura":"2 minutos"},"schema":{"@context":"https:\/\/schema.org","@graph":[{"@type":"Article","@id":"https:\/\/blogdofarnesio.com.br\/?p=346157#article","isPartOf":{"@id":"https:\/\/blogdofarnesio.com.br\/?p=346157"},"author":{"name":"Farn\u00e9sio","@id":"https:\/\/blogdofarnesio.com.br\/#\/schema\/person\/bb9b23ae3ad0609ce8df7b6c9e76824d"},"headline":"Prefeitura de Petrolina encerra atendimentos pedi\u00e1tricos na UBS do Jos\u00e9 e Maria. Entenda","datePublished":"2023-07-25T10:42:17+00:00","mainEntityOfPage":{"@id":"https:\/\/blogdofarnesio.com.br\/?p=346157"},"wordCount":233,"commentCount":0,"publisher":{"@id":"https:\/\/blogdofarnesio.com.br\/#organization"},"image":{"@id":"https:\/\/blogdofarnesio.com.br\/?p=346157#primaryimage"},"thumbnailUrl":"https:\/\/blogdofarnesio.com.br\/wp-content\/uploads\/2023\/07\/blogqsppet-jmariaUBS-Lia-Bezerra-e1688574226608.jpeg","inLanguage":"pt-BR","potentialAction":[{"@type":"CommentAction","name":"Comment","target":["https:\/\/blogdofarnesio.com.br\/?p=346157#respond"]}]},{"@type":"WebPage","@id":"https:\/\/blogdofarnesio.com.br\/?p=346157","url":"https:\/\/blogdofarnesio.com.br\/?p=346157","name":"Prefeitura de Petrolina encerra atendimentos pedi\u00e1tricos na UBS do Jos\u00e9 e Maria. Entenda - Blog do Farn\u00e9sio","isPartOf":{"@id":"https:\/\/blogdofarnesio.com.br\/#website"},"primaryImageOfPage":{"@id":"https:\/\/blogdofarnesio.com.br\/?p=346157#primaryimage"},"image":{"@id":"https:\/\/blogdofarnesio.com.br\/?p=346157#primaryimage"},"thumbnailUrl":"https:\/\/blogdofarnesio.com.br\/wp-content\/uploads\/2023\/07\/blogqsppet-jmariaUBS-Lia-Bezerra-e1688574226608.jpeg","datePublished":"2023-07-25T10:42:17+00:00","breadcrumb":{"@id":"https:\/\/blogdofarnesio.com.br\/?p=346157#breadcrumb"},"inLanguage":"pt-BR","potentialAction":[{"@type":"ReadAction","target":["https:\/\/blogdofarnesio.com.br\/?p=346157"]}]},{"@type":"ImageObject","inLanguage":"pt-BR","@id":"https:\/\/blogdofarnesio.com.br\/?p=346157#primaryimage","url":"https:\/\/blogdofarnesio.com.br\/wp-content\/uploads\/2023\/07\/blogqsppet-jmariaUBS-Lia-Bezerra-e1688574226608.jpeg","contentUrl":"https:\/\/blogdofarnesio.com.br\/wp-content\/uploads\/2023\/07\/blogqsppet-jmariaUBS-Lia-Bezerra-e1688574226608.jpeg","width":600,"height":400},{"@type":"BreadcrumbList","@id":"https:\/\/blogdofarnesio.com.br\/?p=346157#breadcrumb","itemListElement":[{"@type":"ListItem","position":1,"name":"In\u00edcio","item":"https:\/\/blogdofarnesio.com.br\/"},{"@type":"ListItem","position":2,"name":"Prefeitura de Petrolina encerra atendimentos pedi\u00e1tricos na UBS do Jos\u00e9 e Maria. Entenda"}]},{"@type":"WebSite","@id":"https:\/\/blogdofarnesio.com.br\/#website","url":"https:\/\/blogdofarnesio.com.br\/","name":"Blog do Farn\u00e9sio","description":"Quer Saber Pol\u00edtica?","publisher":{"@id":"https:\/\/blogdofarnesio.com.br\/#organization"},"potentialAction":[{"@type":"SearchAction","target":{"@type":"EntryPoint","urlTemplate":"https:\/\/blogdofarnesio.com.br\/?s={search_term_string}"},"query-input":{"@type":"PropertyValueSpecification","valueRequired":true,"valueName":"search_term_string"}}],"inLanguage":"pt-BR"},{"@type":"Organization","@id":"https:\/\/blogdofarnesio.com.br\/#organization","name":"Blog do Farn\u00e9sio","url":"https:\/\/blogdofarnesio.com.br\/","logo":{"@type":"ImageObject","inLanguage":"pt-BR","@id":"https:\/\/blogdofarnesio.com.br\/#\/schema\/logo\/image\/","url":"https:\/\/blogdofarnesio.com.br\/wp-content\/uploads\/2026\/03\/cropped-logo_new-1.png","contentUrl":"https:\/\/blogdofarnesio.com.br\/wp-content\/uploads\/2026\/03\/cropped-logo_new-1.png","width":881,"height":685,"caption":"Blog do Farn\u00e9sio"},"image":{"@id":"https:\/\/blogdofarnesio.com.br\/#\/schema\/logo\/image\/"},"sameAs":["https:\/\/www.facebook.com\/BlogQuerSaberPolitica\/"]},{"@type":"Person","@id":"https:\/\/blogdofarnesio.com.br\/#\/schema\/person\/bb9b23ae3ad0609ce8df7b6c9e76824d","name":"Farn\u00e9sio","image":{"@type":"ImageObject","inLanguage":"pt-BR","@id":"https:\/\/secure.gravatar.com\/avatar\/986aa4c61ccdb66f8555bf88fc2a65609d00bcabd4d2d94377a727547345cbca?s=96&d=mm&r=g","url":"https:\/\/secure.gravatar.com\/avatar\/986aa4c61ccdb66f8555bf88fc2a65609d00bcabd4d2d94377a727547345cbca?s=96&d=mm&r=g","contentUrl":"https:\/\/secure.gravatar.com\/avatar\/986aa4c61ccdb66f8555bf88fc2a65609d00bcabd4d2d94377a727547345cbca?s=96&d=mm&r=g","caption":"Farn\u00e9sio"},"description":"Radialista blogueiro, chegou a Petrolina\/Juazeiro em setembro de 1980, Farn\u00e9sio Silva \u00e9 de Arapiraca-Alagoas.","sameAs":["http:\/\/blogdofarnesio.com.br","https:\/\/www.facebook.com\/?ref=tn_tnmn","https:\/\/www.instagram.com\/?utm_source=pwa_homescreen","https:\/\/youtube.com.br\/"],"url":"https:\/\/blogdofarnesio.com.br\/?author=2"}]}},"_links":{"self":[{"href":"https:\/\/blogdofarnesio.com.br\/index.php?rest_route=\/wp\/v2\/posts\/346157","targetHints":{"allow":["GET"]}}],"collection":[{"href":"https:\/\/blogdofarnesio.com.br\/index.php?rest_route=\/wp\/v2\/posts"}],"about":[{"href":"https:\/\/blogdofarnesio.com.br\/index.php?rest_route=\/wp\/v2\/types\/post"}],"author":[{"embeddable":true,"href":"https:\/\/blogdofarnesio.com.br\/index.php?rest_route=\/wp\/v2\/users\/2"}],"replies":[{"embeddable":true,"href":"https:\/\/blogdofarnesio.com.br\/index.php?rest_route=%2Fwp%2Fv2%2Fcomments&post=346157"}],"version-history":[{"count":0,"href":"https:\/\/blogdofarnesio.com.br\/index.php?rest_route=\/wp\/v2\/posts\/346157\/revisions"}],"wp:featuredmedia":[{"embeddable":true,"href":"https:\/\/blogdofarnesio.com.br\/index.php?rest_route=\/wp\/v2\/media\/344721"}],"wp:attachment":[{"href":"https:\/\/blogdofarnesio.com.br\/index.php?rest_route=%2Fwp%2Fv2%2Fmedia&parent=346157"}],"wp:term":[{"taxonomy":"category","embeddable":true,"href":"https:\/\/blogdofarnesio.com.br\/index.php?rest_route=%2Fwp%2Fv2%2Fcategories&post=346157"},{"taxonomy":"post_tag","embeddable":true,"href":"https:\/\/blogdofarnesio.com.br\/index.php?rest_route=%2Fwp%2Fv2%2Ftags&post=346157"}],"curies":[{"name":"wp","href":"https:\/\/api.w.org\/{rel}","templated":true}]}}