{"id":345954,"date":"2023-07-21T10:00:50","date_gmt":"2023-07-21T13:00:50","guid":{"rendered":"https:\/\/blogdofarnesio.com.br\/?p=345954"},"modified":"2023-07-21T16:46:06","modified_gmt":"2023-07-21T19:46:06","slug":"fenagri-2023-workshop-discutira-o-potencial-da-citricultura-em-petrolina-2","status":"publish","type":"post","link":"https:\/\/blogdofarnesio.com.br\/?p=345954","title":{"rendered":"Fenagri 2023: Workshop discutir\u00e1 o potencial da citricultura em Petrolina"},"content":{"rendered":"<p style=\"font-weight: 400;\">Al\u00e9m de semin\u00e1rios, rodada e feira de neg\u00f3cios, minicursos, visitas t\u00e9cnicas e uma mostra de produtos e servi\u00e7os, a edi\u00e7\u00e3o 2023 da Feira Nacional da Agricultura Irrigada \u2013 Fenagri tamb\u00e9m ser\u00e1 palco para o III Workshop sobre Citros no semi\u00e1rido, com \u00eanfase na limeira \u00e1cida \u2018Tahiti\u2019.<\/p>\n<p style=\"font-weight: 400;\">O workshop tem o objetivo de promover o debate com produtores e t\u00e9cnicos sobre as inova\u00e7\u00f5es tecnol\u00f3gicas capazes de incrementar o neg\u00f3cio com os citros, dando destaque ao lim\u00e3o \u2018Tahiti\u2019. O mercado brasileiro, em especial o nordestino, apresenta demandas que d\u00e3o bases para o desenvolvimento de uma citricultura competitiva no Vale do S\u00e3o Francisco.<\/p>\n<p style=\"font-weight: 400;\">Quest\u00f5es importantes para implanta\u00e7\u00e3o e manejo dos pomares c\u00edtricos, como porta-enxertos, cultivares, copas, al\u00e9m de temas fitossanit\u00e1rios e produ\u00e7\u00e3o de mudas de qualidade, constam na programa\u00e7\u00e3o de palestras de especialistas da Embrapa, de institui\u00e7\u00f5es estaduais e da iniciativa privada.<\/p>\n<p style=\"font-weight: 400;\">Os interessados em participar do Whorkshop podem realizar as inscri\u00e7\u00f5es pelo site\u00a0<a href=\"https:\/\/fenagri2023.com.br\/\" data-saferedirecturl=\"https:\/\/www.google.com\/url?q=https:\/\/fenagri2023.com.br\/&amp;source=gmail&amp;ust=1690028937916000&amp;usg=AOvVaw3gyvtS0tyDRcKtlFwDc36R\">https:\/\/fenagri2023.com.br\/<\/a>\u00a0ou acompanhar as informa\u00e7\u00f5es pelo perfil no Instagram, o @fenagri2023.<\/p>\n<p style=\"font-weight: 400;\"><strong>Servi\u00e7o\u00a0<\/strong><\/p>\n<p style=\"font-weight: 400;\">Data: 09\/08 \u2013 Quarta-feira<\/p>\n<p style=\"font-weight: 400;\">Hor\u00e1rio: 8h \u00e0s 17h<\/p>\n<p style=\"font-weight: 400;\">Local do Evento: Audit\u00f3rio da Funda\u00e7\u00e3o Nilo Coelho\/Centro<\/p>\n","protected":false},"excerpt":{"rendered":"<p>Al\u00e9m de semin\u00e1rios, rodada e feira de neg\u00f3cios, minicursos, visitas t\u00e9cnicas e uma mostra de produtos e servi\u00e7os, a edi\u00e7\u00e3o 2023 da Feira Nacional da Agricultura Irrigada \u2013 Fenagri tamb\u00e9m ser\u00e1 palco para o III Workshop sobre Citros no semi\u00e1rido, com \u00eanfase na limeira \u00e1cida \u2018Tahiti\u2019. O workshop tem o objetivo de promover o debate com produtores e t\u00e9cnicos sobre as inova\u00e7\u00f5es tecnol\u00f3gicas capazes de incrementar o neg\u00f3cio com os citros, dando destaque ao lim\u00e3o \u2018Tahiti\u2019. O mercado brasileiro, em especial o nordestino, apresenta demandas que d\u00e3o bases para o desenvolvimento de uma citricultura competitiva no Vale do S\u00e3o Francisco. Quest\u00f5es importantes para implanta\u00e7\u00e3o e manejo dos pomares c\u00edtricos, como porta-enxertos, cultivares, copas, al\u00e9m de temas fitossanit\u00e1rios e produ\u00e7\u00e3o de&hellip; <\/p>\n","protected":false},"author":2,"featured_media":254878,"comment_status":"open","ping_status":"open","sticky":false,"template":"","format":"standard","meta":{"_acf_changed":false,"footnotes":""},"categories":[13],"tags":[],"class_list":["post-345954","post","type-post","status-publish","format-standard","has-post-thumbnail","hentry","category-fruticultura"],"acf":[],"yoast_head":"<!-- This site is optimized with the Yoast SEO plugin v27.4 - https:\/\/yoast.com\/product\/yoast-seo-wordpress\/ -->\n<title>Fenagri 2023: Workshop discutir\u00e1 o potencial da citricultura em Petrolina - Blog do Farn\u00e9sio<\/title>\n<meta name=\"robots\" content=\"index, follow, max-snippet:-1, max-image-preview:large, max-video-preview:-1\" \/>\n<link rel=\"canonical\" href=\"https:\/\/blogdofarnesio.com.br\/?p=345954\" \/>\n<meta property=\"og:locale\" content=\"pt_BR\" \/>\n<meta property=\"og:type\" content=\"article\" \/>\n<meta property=\"og:title\" content=\"Fenagri 2023: Workshop discutir\u00e1 o potencial da citricultura em Petrolina - Blog do Farn\u00e9sio\" \/>\n<meta property=\"og:description\" content=\"Al\u00e9m de semin\u00e1rios, rodada e feira de neg\u00f3cios, minicursos, visitas t\u00e9cnicas e uma mostra de produtos e servi\u00e7os, a edi\u00e7\u00e3o 2023 da Feira Nacional da Agricultura Irrigada \u2013 Fenagri tamb\u00e9m ser\u00e1 palco para o III Workshop sobre Citros no semi\u00e1rido, com \u00eanfase na limeira \u00e1cida \u2018Tahiti\u2019. O workshop tem o objetivo de promover o debate com produtores e t\u00e9cnicos sobre as inova\u00e7\u00f5es tecnol\u00f3gicas capazes de incrementar o neg\u00f3cio com os citros, dando destaque ao lim\u00e3o \u2018Tahiti\u2019. O mercado brasileiro, em especial o nordestino, apresenta demandas que d\u00e3o bases para o desenvolvimento de uma citricultura competitiva no Vale do S\u00e3o Francisco. Quest\u00f5es importantes para implanta\u00e7\u00e3o e manejo dos pomares c\u00edtricos, como porta-enxertos, cultivares, copas, al\u00e9m de temas fitossanit\u00e1rios e produ\u00e7\u00e3o de&hellip;\" \/>\n<meta property=\"og:url\" content=\"https:\/\/blogdofarnesio.com.br\/?p=345954\" \/>\n<meta property=\"og:site_name\" content=\"Blog do Farn\u00e9sio\" \/>\n<meta property=\"article:publisher\" content=\"https:\/\/www.facebook.com\/BlogQuerSaberPolitica\/\" \/>\n<meta property=\"article:author\" content=\"https:\/\/www.facebook.com\/?ref=tn_tnmn\" \/>\n<meta property=\"article:published_time\" content=\"2023-07-21T13:00:50+00:00\" \/>\n<meta property=\"article:modified_time\" content=\"2023-07-21T19:46:06+00:00\" \/>\n<meta property=\"og:image\" content=\"https:\/\/blogdofarnesio.com.br\/wp-content\/uploads\/2020\/04\/blogqspfruticultura-Pomar-de-manga-Foto-Alexandre-Justino-2-e1586900546998.jpeg\" \/>\n\t<meta property=\"og:image:width\" content=\"677\" \/>\n\t<meta property=\"og:image:height\" content=\"381\" \/>\n\t<meta property=\"og:image:type\" content=\"image\/jpeg\" \/>\n<meta name=\"author\" content=\"Farn\u00e9sio\" \/>\n<meta name=\"twitter:card\" content=\"summary_large_image\" \/>\n<meta name=\"twitter:label1\" content=\"Escrito por\" \/>\n\t<meta name=\"twitter:data1\" content=\"Farn\u00e9sio\" \/>\n\t<meta name=\"twitter:label2\" content=\"Est. tempo de leitura\" \/>\n\t<meta name=\"twitter:data2\" content=\"1 minuto\" \/>\n<script type=\"application\/ld+json\" class=\"yoast-schema-graph\">{\"@context\":\"https:\\\/\\\/schema.org\",\"@graph\":[{\"@type\":\"Article\",\"@id\":\"https:\\\/\\\/blogdofarnesio.com.br\\\/?p=345954#article\",\"isPartOf\":{\"@id\":\"https:\\\/\\\/blogdofarnesio.com.br\\\/?p=345954\"},\"author\":{\"name\":\"Farn\u00e9sio\",\"@id\":\"https:\\\/\\\/blogdofarnesio.com.br\\\/#\\\/schema\\\/person\\\/bb9b23ae3ad0609ce8df7b6c9e76824d\"},\"headline\":\"Fenagri 2023: Workshop discutir\u00e1 o potencial da citricultura em Petrolina\",\"datePublished\":\"2023-07-21T13:00:50+00:00\",\"dateModified\":\"2023-07-21T19:46:06+00:00\",\"mainEntityOfPage\":{\"@id\":\"https:\\\/\\\/blogdofarnesio.com.br\\\/?p=345954\"},\"wordCount\":217,\"commentCount\":0,\"publisher\":{\"@id\":\"https:\\\/\\\/blogdofarnesio.com.br\\\/#organization\"},\"image\":{\"@id\":\"https:\\\/\\\/blogdofarnesio.com.br\\\/?p=345954#primaryimage\"},\"thumbnailUrl\":\"https:\\\/\\\/blogdofarnesio.com.br\\\/wp-content\\\/uploads\\\/2020\\\/04\\\/blogqspfruticultura-Pomar-de-manga-Foto-Alexandre-Justino-2-e1586900546998.jpeg\",\"articleSection\":[\"Fruticultura\"],\"inLanguage\":\"pt-BR\",\"potentialAction\":[{\"@type\":\"CommentAction\",\"name\":\"Comment\",\"target\":[\"https:\\\/\\\/blogdofarnesio.com.br\\\/?p=345954#respond\"]}]},{\"@type\":\"WebPage\",\"@id\":\"https:\\\/\\\/blogdofarnesio.com.br\\\/?p=345954\",\"url\":\"https:\\\/\\\/blogdofarnesio.com.br\\\/?p=345954\",\"name\":\"Fenagri 2023: Workshop discutir\u00e1 o potencial da citricultura em Petrolina - Blog do Farn\u00e9sio\",\"isPartOf\":{\"@id\":\"https:\\\/\\\/blogdofarnesio.com.br\\\/#website\"},\"primaryImageOfPage\":{\"@id\":\"https:\\\/\\\/blogdofarnesio.com.br\\\/?p=345954#primaryimage\"},\"image\":{\"@id\":\"https:\\\/\\\/blogdofarnesio.com.br\\\/?p=345954#primaryimage\"},\"thumbnailUrl\":\"https:\\\/\\\/blogdofarnesio.com.br\\\/wp-content\\\/uploads\\\/2020\\\/04\\\/blogqspfruticultura-Pomar-de-manga-Foto-Alexandre-Justino-2-e1586900546998.jpeg\",\"datePublished\":\"2023-07-21T13:00:50+00:00\",\"dateModified\":\"2023-07-21T19:46:06+00:00\",\"breadcrumb\":{\"@id\":\"https:\\\/\\\/blogdofarnesio.com.br\\\/?p=345954#breadcrumb\"},\"inLanguage\":\"pt-BR\",\"potentialAction\":[{\"@type\":\"ReadAction\",\"target\":[\"https:\\\/\\\/blogdofarnesio.com.br\\\/?p=345954\"]}]},{\"@type\":\"ImageObject\",\"inLanguage\":\"pt-BR\",\"@id\":\"https:\\\/\\\/blogdofarnesio.com.br\\\/?p=345954#primaryimage\",\"url\":\"https:\\\/\\\/blogdofarnesio.com.br\\\/wp-content\\\/uploads\\\/2020\\\/04\\\/blogqspfruticultura-Pomar-de-manga-Foto-Alexandre-Justino-2-e1586900546998.jpeg\",\"contentUrl\":\"https:\\\/\\\/blogdofarnesio.com.br\\\/wp-content\\\/uploads\\\/2020\\\/04\\\/blogqspfruticultura-Pomar-de-manga-Foto-Alexandre-Justino-2-e1586900546998.jpeg\",\"width\":677,\"height\":381},{\"@type\":\"BreadcrumbList\",\"@id\":\"https:\\\/\\\/blogdofarnesio.com.br\\\/?p=345954#breadcrumb\",\"itemListElement\":[{\"@type\":\"ListItem\",\"position\":1,\"name\":\"In\u00edcio\",\"item\":\"https:\\\/\\\/blogdofarnesio.com.br\\\/\"},{\"@type\":\"ListItem\",\"position\":2,\"name\":\"Fenagri 2023: Workshop discutir\u00e1 o potencial da citricultura em Petrolina\"}]},{\"@type\":\"WebSite\",\"@id\":\"https:\\\/\\\/blogdofarnesio.com.br\\\/#website\",\"url\":\"https:\\\/\\\/blogdofarnesio.com.br\\\/\",\"name\":\"Blog do Farn\u00e9sio\",\"description\":\"Quer Saber Pol\u00edtica?\",\"publisher\":{\"@id\":\"https:\\\/\\\/blogdofarnesio.com.br\\\/#organization\"},\"potentialAction\":[{\"@type\":\"SearchAction\",\"target\":{\"@type\":\"EntryPoint\",\"urlTemplate\":\"https:\\\/\\\/blogdofarnesio.com.br\\\/?s={search_term_string}\"},\"query-input\":{\"@type\":\"PropertyValueSpecification\",\"valueRequired\":true,\"valueName\":\"search_term_string\"}}],\"inLanguage\":\"pt-BR\"},{\"@type\":\"Organization\",\"@id\":\"https:\\\/\\\/blogdofarnesio.com.br\\\/#organization\",\"name\":\"Blog do Farn\u00e9sio\",\"url\":\"https:\\\/\\\/blogdofarnesio.com.br\\\/\",\"logo\":{\"@type\":\"ImageObject\",\"inLanguage\":\"pt-BR\",\"@id\":\"https:\\\/\\\/blogdofarnesio.com.br\\\/#\\\/schema\\\/logo\\\/image\\\/\",\"url\":\"https:\\\/\\\/blogdofarnesio.com.br\\\/wp-content\\\/uploads\\\/2026\\\/03\\\/cropped-logo_new-1.png\",\"contentUrl\":\"https:\\\/\\\/blogdofarnesio.com.br\\\/wp-content\\\/uploads\\\/2026\\\/03\\\/cropped-logo_new-1.png\",\"width\":881,\"height\":685,\"caption\":\"Blog do Farn\u00e9sio\"},\"image\":{\"@id\":\"https:\\\/\\\/blogdofarnesio.com.br\\\/#\\\/schema\\\/logo\\\/image\\\/\"},\"sameAs\":[\"https:\\\/\\\/www.facebook.com\\\/BlogQuerSaberPolitica\\\/\"]},{\"@type\":\"Person\",\"@id\":\"https:\\\/\\\/blogdofarnesio.com.br\\\/#\\\/schema\\\/person\\\/bb9b23ae3ad0609ce8df7b6c9e76824d\",\"name\":\"Farn\u00e9sio\",\"image\":{\"@type\":\"ImageObject\",\"inLanguage\":\"pt-BR\",\"@id\":\"https:\\\/\\\/secure.gravatar.com\\\/avatar\\\/986aa4c61ccdb66f8555bf88fc2a65609d00bcabd4d2d94377a727547345cbca?s=96&d=mm&r=g\",\"url\":\"https:\\\/\\\/secure.gravatar.com\\\/avatar\\\/986aa4c61ccdb66f8555bf88fc2a65609d00bcabd4d2d94377a727547345cbca?s=96&d=mm&r=g\",\"contentUrl\":\"https:\\\/\\\/secure.gravatar.com\\\/avatar\\\/986aa4c61ccdb66f8555bf88fc2a65609d00bcabd4d2d94377a727547345cbca?s=96&d=mm&r=g\",\"caption\":\"Farn\u00e9sio\"},\"description\":\"Radialista blogueiro, chegou a Petrolina\\\/Juazeiro em setembro de 1980, Farn\u00e9sio Silva \u00e9 de Arapiraca-Alagoas.\",\"sameAs\":[\"http:\\\/\\\/blogdofarnesio.com.br\",\"https:\\\/\\\/www.facebook.com\\\/?ref=tn_tnmn\",\"https:\\\/\\\/www.instagram.com\\\/?utm_source=pwa_homescreen\",\"https:\\\/\\\/youtube.com.br\\\/\"],\"url\":\"https:\\\/\\\/blogdofarnesio.com.br\\\/?author=2\"}]}<\/script>\n<!-- \/ Yoast SEO plugin. -->","yoast_head_json":{"title":"Fenagri 2023: Workshop discutir\u00e1 o potencial da citricultura em Petrolina - Blog do Farn\u00e9sio","robots":{"index":"index","follow":"follow","max-snippet":"max-snippet:-1","max-image-preview":"max-image-preview:large","max-video-preview":"max-video-preview:-1"},"canonical":"https:\/\/blogdofarnesio.com.br\/?p=345954","og_locale":"pt_BR","og_type":"article","og_title":"Fenagri 2023: Workshop discutir\u00e1 o potencial da citricultura em Petrolina - Blog do Farn\u00e9sio","og_description":"Al\u00e9m de semin\u00e1rios, rodada e feira de neg\u00f3cios, minicursos, visitas t\u00e9cnicas e uma mostra de produtos e servi\u00e7os, a edi\u00e7\u00e3o 2023 da Feira Nacional da Agricultura Irrigada \u2013 Fenagri tamb\u00e9m ser\u00e1 palco para o III Workshop sobre Citros no semi\u00e1rido, com \u00eanfase na limeira \u00e1cida \u2018Tahiti\u2019. O workshop tem o objetivo de promover o debate com produtores e t\u00e9cnicos sobre as inova\u00e7\u00f5es tecnol\u00f3gicas capazes de incrementar o neg\u00f3cio com os citros, dando destaque ao lim\u00e3o \u2018Tahiti\u2019. O mercado brasileiro, em especial o nordestino, apresenta demandas que d\u00e3o bases para o desenvolvimento de uma citricultura competitiva no Vale do S\u00e3o Francisco. Quest\u00f5es importantes para implanta\u00e7\u00e3o e manejo dos pomares c\u00edtricos, como porta-enxertos, cultivares, copas, al\u00e9m de temas fitossanit\u00e1rios e produ\u00e7\u00e3o de&hellip;","og_url":"https:\/\/blogdofarnesio.com.br\/?p=345954","og_site_name":"Blog do Farn\u00e9sio","article_publisher":"https:\/\/www.facebook.com\/BlogQuerSaberPolitica\/","article_author":"https:\/\/www.facebook.com\/?ref=tn_tnmn","article_published_time":"2023-07-21T13:00:50+00:00","article_modified_time":"2023-07-21T19:46:06+00:00","og_image":[{"width":677,"height":381,"url":"https:\/\/blogdofarnesio.com.br\/wp-content\/uploads\/2020\/04\/blogqspfruticultura-Pomar-de-manga-Foto-Alexandre-Justino-2-e1586900546998.jpeg","type":"image\/jpeg"}],"author":"Farn\u00e9sio","twitter_card":"summary_large_image","twitter_misc":{"Escrito por":"Farn\u00e9sio","Est. tempo de leitura":"1 minuto"},"schema":{"@context":"https:\/\/schema.org","@graph":[{"@type":"Article","@id":"https:\/\/blogdofarnesio.com.br\/?p=345954#article","isPartOf":{"@id":"https:\/\/blogdofarnesio.com.br\/?p=345954"},"author":{"name":"Farn\u00e9sio","@id":"https:\/\/blogdofarnesio.com.br\/#\/schema\/person\/bb9b23ae3ad0609ce8df7b6c9e76824d"},"headline":"Fenagri 2023: Workshop discutir\u00e1 o potencial da citricultura em Petrolina","datePublished":"2023-07-21T13:00:50+00:00","dateModified":"2023-07-21T19:46:06+00:00","mainEntityOfPage":{"@id":"https:\/\/blogdofarnesio.com.br\/?p=345954"},"wordCount":217,"commentCount":0,"publisher":{"@id":"https:\/\/blogdofarnesio.com.br\/#organization"},"image":{"@id":"https:\/\/blogdofarnesio.com.br\/?p=345954#primaryimage"},"thumbnailUrl":"https:\/\/blogdofarnesio.com.br\/wp-content\/uploads\/2020\/04\/blogqspfruticultura-Pomar-de-manga-Foto-Alexandre-Justino-2-e1586900546998.jpeg","articleSection":["Fruticultura"],"inLanguage":"pt-BR","potentialAction":[{"@type":"CommentAction","name":"Comment","target":["https:\/\/blogdofarnesio.com.br\/?p=345954#respond"]}]},{"@type":"WebPage","@id":"https:\/\/blogdofarnesio.com.br\/?p=345954","url":"https:\/\/blogdofarnesio.com.br\/?p=345954","name":"Fenagri 2023: Workshop discutir\u00e1 o potencial da citricultura em Petrolina - Blog do Farn\u00e9sio","isPartOf":{"@id":"https:\/\/blogdofarnesio.com.br\/#website"},"primaryImageOfPage":{"@id":"https:\/\/blogdofarnesio.com.br\/?p=345954#primaryimage"},"image":{"@id":"https:\/\/blogdofarnesio.com.br\/?p=345954#primaryimage"},"thumbnailUrl":"https:\/\/blogdofarnesio.com.br\/wp-content\/uploads\/2020\/04\/blogqspfruticultura-Pomar-de-manga-Foto-Alexandre-Justino-2-e1586900546998.jpeg","datePublished":"2023-07-21T13:00:50+00:00","dateModified":"2023-07-21T19:46:06+00:00","breadcrumb":{"@id":"https:\/\/blogdofarnesio.com.br\/?p=345954#breadcrumb"},"inLanguage":"pt-BR","potentialAction":[{"@type":"ReadAction","target":["https:\/\/blogdofarnesio.com.br\/?p=345954"]}]},{"@type":"ImageObject","inLanguage":"pt-BR","@id":"https:\/\/blogdofarnesio.com.br\/?p=345954#primaryimage","url":"https:\/\/blogdofarnesio.com.br\/wp-content\/uploads\/2020\/04\/blogqspfruticultura-Pomar-de-manga-Foto-Alexandre-Justino-2-e1586900546998.jpeg","contentUrl":"https:\/\/blogdofarnesio.com.br\/wp-content\/uploads\/2020\/04\/blogqspfruticultura-Pomar-de-manga-Foto-Alexandre-Justino-2-e1586900546998.jpeg","width":677,"height":381},{"@type":"BreadcrumbList","@id":"https:\/\/blogdofarnesio.com.br\/?p=345954#breadcrumb","itemListElement":[{"@type":"ListItem","position":1,"name":"In\u00edcio","item":"https:\/\/blogdofarnesio.com.br\/"},{"@type":"ListItem","position":2,"name":"Fenagri 2023: Workshop discutir\u00e1 o potencial da citricultura em Petrolina"}]},{"@type":"WebSite","@id":"https:\/\/blogdofarnesio.com.br\/#website","url":"https:\/\/blogdofarnesio.com.br\/","name":"Blog do Farn\u00e9sio","description":"Quer Saber Pol\u00edtica?","publisher":{"@id":"https:\/\/blogdofarnesio.com.br\/#organization"},"potentialAction":[{"@type":"SearchAction","target":{"@type":"EntryPoint","urlTemplate":"https:\/\/blogdofarnesio.com.br\/?s={search_term_string}"},"query-input":{"@type":"PropertyValueSpecification","valueRequired":true,"valueName":"search_term_string"}}],"inLanguage":"pt-BR"},{"@type":"Organization","@id":"https:\/\/blogdofarnesio.com.br\/#organization","name":"Blog do Farn\u00e9sio","url":"https:\/\/blogdofarnesio.com.br\/","logo":{"@type":"ImageObject","inLanguage":"pt-BR","@id":"https:\/\/blogdofarnesio.com.br\/#\/schema\/logo\/image\/","url":"https:\/\/blogdofarnesio.com.br\/wp-content\/uploads\/2026\/03\/cropped-logo_new-1.png","contentUrl":"https:\/\/blogdofarnesio.com.br\/wp-content\/uploads\/2026\/03\/cropped-logo_new-1.png","width":881,"height":685,"caption":"Blog do Farn\u00e9sio"},"image":{"@id":"https:\/\/blogdofarnesio.com.br\/#\/schema\/logo\/image\/"},"sameAs":["https:\/\/www.facebook.com\/BlogQuerSaberPolitica\/"]},{"@type":"Person","@id":"https:\/\/blogdofarnesio.com.br\/#\/schema\/person\/bb9b23ae3ad0609ce8df7b6c9e76824d","name":"Farn\u00e9sio","image":{"@type":"ImageObject","inLanguage":"pt-BR","@id":"https:\/\/secure.gravatar.com\/avatar\/986aa4c61ccdb66f8555bf88fc2a65609d00bcabd4d2d94377a727547345cbca?s=96&d=mm&r=g","url":"https:\/\/secure.gravatar.com\/avatar\/986aa4c61ccdb66f8555bf88fc2a65609d00bcabd4d2d94377a727547345cbca?s=96&d=mm&r=g","contentUrl":"https:\/\/secure.gravatar.com\/avatar\/986aa4c61ccdb66f8555bf88fc2a65609d00bcabd4d2d94377a727547345cbca?s=96&d=mm&r=g","caption":"Farn\u00e9sio"},"description":"Radialista blogueiro, chegou a Petrolina\/Juazeiro em setembro de 1980, Farn\u00e9sio Silva \u00e9 de Arapiraca-Alagoas.","sameAs":["http:\/\/blogdofarnesio.com.br","https:\/\/www.facebook.com\/?ref=tn_tnmn","https:\/\/www.instagram.com\/?utm_source=pwa_homescreen","https:\/\/youtube.com.br\/"],"url":"https:\/\/blogdofarnesio.com.br\/?author=2"}]}},"_links":{"self":[{"href":"https:\/\/blogdofarnesio.com.br\/index.php?rest_route=\/wp\/v2\/posts\/345954","targetHints":{"allow":["GET"]}}],"collection":[{"href":"https:\/\/blogdofarnesio.com.br\/index.php?rest_route=\/wp\/v2\/posts"}],"about":[{"href":"https:\/\/blogdofarnesio.com.br\/index.php?rest_route=\/wp\/v2\/types\/post"}],"author":[{"embeddable":true,"href":"https:\/\/blogdofarnesio.com.br\/index.php?rest_route=\/wp\/v2\/users\/2"}],"replies":[{"embeddable":true,"href":"https:\/\/blogdofarnesio.com.br\/index.php?rest_route=%2Fwp%2Fv2%2Fcomments&post=345954"}],"version-history":[{"count":0,"href":"https:\/\/blogdofarnesio.com.br\/index.php?rest_route=\/wp\/v2\/posts\/345954\/revisions"}],"wp:featuredmedia":[{"embeddable":true,"href":"https:\/\/blogdofarnesio.com.br\/index.php?rest_route=\/wp\/v2\/media\/254878"}],"wp:attachment":[{"href":"https:\/\/blogdofarnesio.com.br\/index.php?rest_route=%2Fwp%2Fv2%2Fmedia&parent=345954"}],"wp:term":[{"taxonomy":"category","embeddable":true,"href":"https:\/\/blogdofarnesio.com.br\/index.php?rest_route=%2Fwp%2Fv2%2Fcategories&post=345954"},{"taxonomy":"post_tag","embeddable":true,"href":"https:\/\/blogdofarnesio.com.br\/index.php?rest_route=%2Fwp%2Fv2%2Ftags&post=345954"}],"curies":[{"name":"wp","href":"https:\/\/api.w.org\/{rel}","templated":true}]}}