{"id":345930,"date":"2023-07-25T12:04:35","date_gmt":"2023-07-25T15:04:35","guid":{"rendered":"https:\/\/blogdofarnesio.com.br\/?p=345930"},"modified":"2023-07-25T08:35:04","modified_gmt":"2023-07-25T11:35:04","slug":"prefeita-derrapa-em-suas-opcoes-politicas-e-juazeiro-perde-o-trem-do-desenvolvimento","status":"publish","type":"post","link":"https:\/\/blogdofarnesio.com.br\/?p=345930","title":{"rendered":"Prefeita derrapa em suas op\u00e7\u00f5es pol\u00edticas e Juazeiro perde o trem do desenvolvimento"},"content":{"rendered":"<p title=\"Arthur Stabile, Deslange Paiva e Gustavo Hon\u00f3rio, g1 SP\">Ap\u00f3s resultados do censo 2022, Juazeiro da Bahia est\u00e1 no top 10 das cidades mais violentas do Brasil,uma triste estat\u00edstica, o que comprova falta de seguran\u00e7a na cidade, fronteira com Petrolina\/Pernambuco, que siquer aparece entre as 50 mais violentas do Brasil.<\/p>\n<p title=\"Arthur Stabile, Deslange Paiva e Gustavo Hon\u00f3rio, g1 SP\">Administrada pela prefeita Suzana Ramos, Juazeiro tem regredido em diversos itens de desenvolvimento, o que demonstra o desacerto da prefeita, que por falta de a\u00e7\u00f5es e op\u00e7\u00f5es erradas, a exemplo das escolhas do apoio as candidaturas de Bolsonaro e ACM Neto, nas \u00faltimas elei\u00e7\u00f5es, tem se colocado distante dos centros de decis\u00f5es pol\u00edticas, aliada a pol\u00edticos perdedores.<\/p>\n<p title=\"Arthur Stabile, Deslange Paiva e Gustavo Hon\u00f3rio, g1 SP\">A sua in\u00e9rcia pol\u00edtico administrativa, tem penalizado a cidade, que a cada dia perde mais espa\u00e7o para a vizinha Petrolina, que hoje desponta como uma das cidades mais desenvolvida e influente da regi\u00e3o, o que tem contribu\u00eddo sobremaneira para o aparecimento de uma oposi\u00e7\u00e3o ferrenha ao seu modo de governo e o surgimento de v\u00e1rios pr\u00e9 candidatos a tomar seu lugar no Pa\u00e7o municipal nas elei\u00e7\u00f5es do pr\u00f3ximo ano.<\/p>\n<p title=\"Arthur Stabile, Deslange Paiva e Gustavo Hon\u00f3rio, g1 SP\">Na c\u00e2mara de vereadores, sua base de sustenta\u00e7\u00e3o tem se mostrado fr\u00e1gil, por conta da op\u00e7\u00e3o da prefeita em privilegiar determinados edis em detrimento de outros que fazem parte de sua bancada de sustenta\u00e7\u00e3o cada vez menor.<\/p>\n<p title=\"Arthur Stabile, Deslange Paiva e Gustavo Hon\u00f3rio, g1 SP\">A volta do ex-prefeito Isaac Carvalho \u00e9 dada como certa na disputa, mesmo com advers\u00e1rios apostando que o mesmo est\u00e1 ineleg\u00edvel, o que \u00e9 contestado por Isaac.<\/p>\n","protected":false},"excerpt":{"rendered":"<p>Ap\u00f3s resultados do censo 2022, Juazeiro da Bahia est\u00e1 no top 10 das cidades mais violentas do Brasil,uma triste estat\u00edstica, o que comprova falta de seguran\u00e7a na cidade, fronteira com Petrolina\/Pernambuco, que siquer aparece entre as 50 mais violentas do Brasil. Administrada pela prefeita Suzana Ramos, Juazeiro tem regredido em diversos itens de desenvolvimento, o que demonstra o desacerto da prefeita, que por falta de a\u00e7\u00f5es e op\u00e7\u00f5es erradas, a exemplo das escolhas do apoio as candidaturas de Bolsonaro e ACM Neto, nas \u00faltimas elei\u00e7\u00f5es, tem se colocado distante dos centros de decis\u00f5es pol\u00edticas, aliada a pol\u00edticos perdedores. A sua in\u00e9rcia pol\u00edtico administrativa, tem penalizado a cidade, que a cada dia perde mais espa\u00e7o para a vizinha Petrolina, que hoje&hellip; <\/p>\n","protected":false},"author":2,"featured_media":312342,"comment_status":"open","ping_status":"open","sticky":false,"template":"","format":"standard","meta":{"_acf_changed":false,"footnotes":""},"categories":[30],"tags":[],"class_list":["post-345930","post","type-post","status-publish","format-standard","has-post-thumbnail","hentry","category-artigo"],"acf":[],"yoast_head":"<!-- This site is optimized with the Yoast SEO plugin v27.4 - https:\/\/yoast.com\/product\/yoast-seo-wordpress\/ -->\n<title>Prefeita derrapa em suas op\u00e7\u00f5es pol\u00edticas e Juazeiro perde o trem do desenvolvimento - Blog do Farn\u00e9sio<\/title>\n<meta name=\"robots\" content=\"index, follow, max-snippet:-1, max-image-preview:large, max-video-preview:-1\" \/>\n<link rel=\"canonical\" href=\"https:\/\/blogdofarnesio.com.br\/?p=345930\" \/>\n<meta property=\"og:locale\" content=\"pt_BR\" \/>\n<meta property=\"og:type\" content=\"article\" \/>\n<meta property=\"og:title\" content=\"Prefeita derrapa em suas op\u00e7\u00f5es pol\u00edticas e Juazeiro perde o trem do desenvolvimento - Blog do Farn\u00e9sio\" \/>\n<meta property=\"og:description\" content=\"Ap\u00f3s resultados do censo 2022, Juazeiro da Bahia est\u00e1 no top 10 das cidades mais violentas do Brasil,uma triste estat\u00edstica, o que comprova falta de seguran\u00e7a na cidade, fronteira com Petrolina\/Pernambuco, que siquer aparece entre as 50 mais violentas do Brasil. Administrada pela prefeita Suzana Ramos, Juazeiro tem regredido em diversos itens de desenvolvimento, o que demonstra o desacerto da prefeita, que por falta de a\u00e7\u00f5es e op\u00e7\u00f5es erradas, a exemplo das escolhas do apoio as candidaturas de Bolsonaro e ACM Neto, nas \u00faltimas elei\u00e7\u00f5es, tem se colocado distante dos centros de decis\u00f5es pol\u00edticas, aliada a pol\u00edticos perdedores. A sua in\u00e9rcia pol\u00edtico administrativa, tem penalizado a cidade, que a cada dia perde mais espa\u00e7o para a vizinha Petrolina, que hoje&hellip;\" \/>\n<meta property=\"og:url\" content=\"https:\/\/blogdofarnesio.com.br\/?p=345930\" \/>\n<meta property=\"og:site_name\" content=\"Blog do Farn\u00e9sio\" \/>\n<meta property=\"article:publisher\" content=\"https:\/\/www.facebook.com\/BlogQuerSaberPolitica\/\" \/>\n<meta property=\"article:author\" content=\"https:\/\/www.facebook.com\/?ref=tn_tnmn\" \/>\n<meta property=\"article:published_time\" content=\"2023-07-25T15:04:35+00:00\" \/>\n<meta property=\"og:image\" content=\"https:\/\/blogdofarnesio.com.br\/wp-content\/uploads\/2022\/05\/blogqspacm-jleao-suzana-1-e1686912547802.jpg\" \/>\n\t<meta property=\"og:image:width\" content=\"639\" \/>\n\t<meta property=\"og:image:height\" content=\"460\" \/>\n\t<meta property=\"og:image:type\" content=\"image\/jpeg\" \/>\n<meta name=\"author\" content=\"Farn\u00e9sio\" \/>\n<meta name=\"twitter:card\" content=\"summary_large_image\" \/>\n<meta name=\"twitter:label1\" content=\"Escrito por\" \/>\n\t<meta name=\"twitter:data1\" content=\"Farn\u00e9sio\" \/>\n\t<meta name=\"twitter:label2\" content=\"Est. tempo de leitura\" \/>\n\t<meta name=\"twitter:data2\" content=\"2 minutos\" \/>\n<script type=\"application\/ld+json\" class=\"yoast-schema-graph\">{\"@context\":\"https:\\\/\\\/schema.org\",\"@graph\":[{\"@type\":\"Article\",\"@id\":\"https:\\\/\\\/blogdofarnesio.com.br\\\/?p=345930#article\",\"isPartOf\":{\"@id\":\"https:\\\/\\\/blogdofarnesio.com.br\\\/?p=345930\"},\"author\":{\"name\":\"Farn\u00e9sio\",\"@id\":\"https:\\\/\\\/blogdofarnesio.com.br\\\/#\\\/schema\\\/person\\\/bb9b23ae3ad0609ce8df7b6c9e76824d\"},\"headline\":\"Prefeita derrapa em suas op\u00e7\u00f5es pol\u00edticas e Juazeiro perde o trem do desenvolvimento\",\"datePublished\":\"2023-07-25T15:04:35+00:00\",\"mainEntityOfPage\":{\"@id\":\"https:\\\/\\\/blogdofarnesio.com.br\\\/?p=345930\"},\"wordCount\":269,\"commentCount\":0,\"publisher\":{\"@id\":\"https:\\\/\\\/blogdofarnesio.com.br\\\/#organization\"},\"image\":{\"@id\":\"https:\\\/\\\/blogdofarnesio.com.br\\\/?p=345930#primaryimage\"},\"thumbnailUrl\":\"https:\\\/\\\/blogdofarnesio.com.br\\\/wp-content\\\/uploads\\\/2022\\\/05\\\/blogqspacm-jleao-suzana-1-e1686912547802.jpg\",\"articleSection\":[\"Artigo\"],\"inLanguage\":\"pt-BR\",\"potentialAction\":[{\"@type\":\"CommentAction\",\"name\":\"Comment\",\"target\":[\"https:\\\/\\\/blogdofarnesio.com.br\\\/?p=345930#respond\"]}]},{\"@type\":\"WebPage\",\"@id\":\"https:\\\/\\\/blogdofarnesio.com.br\\\/?p=345930\",\"url\":\"https:\\\/\\\/blogdofarnesio.com.br\\\/?p=345930\",\"name\":\"Prefeita derrapa em suas op\u00e7\u00f5es pol\u00edticas e Juazeiro perde o trem do desenvolvimento - Blog do Farn\u00e9sio\",\"isPartOf\":{\"@id\":\"https:\\\/\\\/blogdofarnesio.com.br\\\/#website\"},\"primaryImageOfPage\":{\"@id\":\"https:\\\/\\\/blogdofarnesio.com.br\\\/?p=345930#primaryimage\"},\"image\":{\"@id\":\"https:\\\/\\\/blogdofarnesio.com.br\\\/?p=345930#primaryimage\"},\"thumbnailUrl\":\"https:\\\/\\\/blogdofarnesio.com.br\\\/wp-content\\\/uploads\\\/2022\\\/05\\\/blogqspacm-jleao-suzana-1-e1686912547802.jpg\",\"datePublished\":\"2023-07-25T15:04:35+00:00\",\"breadcrumb\":{\"@id\":\"https:\\\/\\\/blogdofarnesio.com.br\\\/?p=345930#breadcrumb\"},\"inLanguage\":\"pt-BR\",\"potentialAction\":[{\"@type\":\"ReadAction\",\"target\":[\"https:\\\/\\\/blogdofarnesio.com.br\\\/?p=345930\"]}]},{\"@type\":\"ImageObject\",\"inLanguage\":\"pt-BR\",\"@id\":\"https:\\\/\\\/blogdofarnesio.com.br\\\/?p=345930#primaryimage\",\"url\":\"https:\\\/\\\/blogdofarnesio.com.br\\\/wp-content\\\/uploads\\\/2022\\\/05\\\/blogqspacm-jleao-suzana-1-e1686912547802.jpg\",\"contentUrl\":\"https:\\\/\\\/blogdofarnesio.com.br\\\/wp-content\\\/uploads\\\/2022\\\/05\\\/blogqspacm-jleao-suzana-1-e1686912547802.jpg\",\"width\":639,\"height\":460,\"caption\":\"Suzana, ACM Jo\u00e3o Le\u00e3o Foto Farn\u00e9sio Silva\"},{\"@type\":\"BreadcrumbList\",\"@id\":\"https:\\\/\\\/blogdofarnesio.com.br\\\/?p=345930#breadcrumb\",\"itemListElement\":[{\"@type\":\"ListItem\",\"position\":1,\"name\":\"In\u00edcio\",\"item\":\"https:\\\/\\\/blogdofarnesio.com.br\\\/\"},{\"@type\":\"ListItem\",\"position\":2,\"name\":\"Prefeita derrapa em suas op\u00e7\u00f5es pol\u00edticas e Juazeiro perde o trem do desenvolvimento\"}]},{\"@type\":\"WebSite\",\"@id\":\"https:\\\/\\\/blogdofarnesio.com.br\\\/#website\",\"url\":\"https:\\\/\\\/blogdofarnesio.com.br\\\/\",\"name\":\"Blog do Farn\u00e9sio\",\"description\":\"Quer Saber Pol\u00edtica?\",\"publisher\":{\"@id\":\"https:\\\/\\\/blogdofarnesio.com.br\\\/#organization\"},\"potentialAction\":[{\"@type\":\"SearchAction\",\"target\":{\"@type\":\"EntryPoint\",\"urlTemplate\":\"https:\\\/\\\/blogdofarnesio.com.br\\\/?s={search_term_string}\"},\"query-input\":{\"@type\":\"PropertyValueSpecification\",\"valueRequired\":true,\"valueName\":\"search_term_string\"}}],\"inLanguage\":\"pt-BR\"},{\"@type\":\"Organization\",\"@id\":\"https:\\\/\\\/blogdofarnesio.com.br\\\/#organization\",\"name\":\"Blog do Farn\u00e9sio\",\"url\":\"https:\\\/\\\/blogdofarnesio.com.br\\\/\",\"logo\":{\"@type\":\"ImageObject\",\"inLanguage\":\"pt-BR\",\"@id\":\"https:\\\/\\\/blogdofarnesio.com.br\\\/#\\\/schema\\\/logo\\\/image\\\/\",\"url\":\"https:\\\/\\\/blogdofarnesio.com.br\\\/wp-content\\\/uploads\\\/2026\\\/03\\\/cropped-logo_new-1.png\",\"contentUrl\":\"https:\\\/\\\/blogdofarnesio.com.br\\\/wp-content\\\/uploads\\\/2026\\\/03\\\/cropped-logo_new-1.png\",\"width\":881,\"height\":685,\"caption\":\"Blog do Farn\u00e9sio\"},\"image\":{\"@id\":\"https:\\\/\\\/blogdofarnesio.com.br\\\/#\\\/schema\\\/logo\\\/image\\\/\"},\"sameAs\":[\"https:\\\/\\\/www.facebook.com\\\/BlogQuerSaberPolitica\\\/\"]},{\"@type\":\"Person\",\"@id\":\"https:\\\/\\\/blogdofarnesio.com.br\\\/#\\\/schema\\\/person\\\/bb9b23ae3ad0609ce8df7b6c9e76824d\",\"name\":\"Farn\u00e9sio\",\"image\":{\"@type\":\"ImageObject\",\"inLanguage\":\"pt-BR\",\"@id\":\"https:\\\/\\\/secure.gravatar.com\\\/avatar\\\/986aa4c61ccdb66f8555bf88fc2a65609d00bcabd4d2d94377a727547345cbca?s=96&d=mm&r=g\",\"url\":\"https:\\\/\\\/secure.gravatar.com\\\/avatar\\\/986aa4c61ccdb66f8555bf88fc2a65609d00bcabd4d2d94377a727547345cbca?s=96&d=mm&r=g\",\"contentUrl\":\"https:\\\/\\\/secure.gravatar.com\\\/avatar\\\/986aa4c61ccdb66f8555bf88fc2a65609d00bcabd4d2d94377a727547345cbca?s=96&d=mm&r=g\",\"caption\":\"Farn\u00e9sio\"},\"description\":\"Radialista blogueiro, chegou a Petrolina\\\/Juazeiro em setembro de 1980, Farn\u00e9sio Silva \u00e9 de Arapiraca-Alagoas.\",\"sameAs\":[\"http:\\\/\\\/blogdofarnesio.com.br\",\"https:\\\/\\\/www.facebook.com\\\/?ref=tn_tnmn\",\"https:\\\/\\\/www.instagram.com\\\/?utm_source=pwa_homescreen\",\"https:\\\/\\\/youtube.com.br\\\/\"],\"url\":\"https:\\\/\\\/blogdofarnesio.com.br\\\/?author=2\"}]}<\/script>\n<!-- \/ Yoast SEO plugin. -->","yoast_head_json":{"title":"Prefeita derrapa em suas op\u00e7\u00f5es pol\u00edticas e Juazeiro perde o trem do desenvolvimento - Blog do Farn\u00e9sio","robots":{"index":"index","follow":"follow","max-snippet":"max-snippet:-1","max-image-preview":"max-image-preview:large","max-video-preview":"max-video-preview:-1"},"canonical":"https:\/\/blogdofarnesio.com.br\/?p=345930","og_locale":"pt_BR","og_type":"article","og_title":"Prefeita derrapa em suas op\u00e7\u00f5es pol\u00edticas e Juazeiro perde o trem do desenvolvimento - Blog do Farn\u00e9sio","og_description":"Ap\u00f3s resultados do censo 2022, Juazeiro da Bahia est\u00e1 no top 10 das cidades mais violentas do Brasil,uma triste estat\u00edstica, o que comprova falta de seguran\u00e7a na cidade, fronteira com Petrolina\/Pernambuco, que siquer aparece entre as 50 mais violentas do Brasil. Administrada pela prefeita Suzana Ramos, Juazeiro tem regredido em diversos itens de desenvolvimento, o que demonstra o desacerto da prefeita, que por falta de a\u00e7\u00f5es e op\u00e7\u00f5es erradas, a exemplo das escolhas do apoio as candidaturas de Bolsonaro e ACM Neto, nas \u00faltimas elei\u00e7\u00f5es, tem se colocado distante dos centros de decis\u00f5es pol\u00edticas, aliada a pol\u00edticos perdedores. A sua in\u00e9rcia pol\u00edtico administrativa, tem penalizado a cidade, que a cada dia perde mais espa\u00e7o para a vizinha Petrolina, que hoje&hellip;","og_url":"https:\/\/blogdofarnesio.com.br\/?p=345930","og_site_name":"Blog do Farn\u00e9sio","article_publisher":"https:\/\/www.facebook.com\/BlogQuerSaberPolitica\/","article_author":"https:\/\/www.facebook.com\/?ref=tn_tnmn","article_published_time":"2023-07-25T15:04:35+00:00","og_image":[{"width":639,"height":460,"url":"https:\/\/blogdofarnesio.com.br\/wp-content\/uploads\/2022\/05\/blogqspacm-jleao-suzana-1-e1686912547802.jpg","type":"image\/jpeg"}],"author":"Farn\u00e9sio","twitter_card":"summary_large_image","twitter_misc":{"Escrito por":"Farn\u00e9sio","Est. tempo de leitura":"2 minutos"},"schema":{"@context":"https:\/\/schema.org","@graph":[{"@type":"Article","@id":"https:\/\/blogdofarnesio.com.br\/?p=345930#article","isPartOf":{"@id":"https:\/\/blogdofarnesio.com.br\/?p=345930"},"author":{"name":"Farn\u00e9sio","@id":"https:\/\/blogdofarnesio.com.br\/#\/schema\/person\/bb9b23ae3ad0609ce8df7b6c9e76824d"},"headline":"Prefeita derrapa em suas op\u00e7\u00f5es pol\u00edticas e Juazeiro perde o trem do desenvolvimento","datePublished":"2023-07-25T15:04:35+00:00","mainEntityOfPage":{"@id":"https:\/\/blogdofarnesio.com.br\/?p=345930"},"wordCount":269,"commentCount":0,"publisher":{"@id":"https:\/\/blogdofarnesio.com.br\/#organization"},"image":{"@id":"https:\/\/blogdofarnesio.com.br\/?p=345930#primaryimage"},"thumbnailUrl":"https:\/\/blogdofarnesio.com.br\/wp-content\/uploads\/2022\/05\/blogqspacm-jleao-suzana-1-e1686912547802.jpg","articleSection":["Artigo"],"inLanguage":"pt-BR","potentialAction":[{"@type":"CommentAction","name":"Comment","target":["https:\/\/blogdofarnesio.com.br\/?p=345930#respond"]}]},{"@type":"WebPage","@id":"https:\/\/blogdofarnesio.com.br\/?p=345930","url":"https:\/\/blogdofarnesio.com.br\/?p=345930","name":"Prefeita derrapa em suas op\u00e7\u00f5es pol\u00edticas e Juazeiro perde o trem do desenvolvimento - Blog do Farn\u00e9sio","isPartOf":{"@id":"https:\/\/blogdofarnesio.com.br\/#website"},"primaryImageOfPage":{"@id":"https:\/\/blogdofarnesio.com.br\/?p=345930#primaryimage"},"image":{"@id":"https:\/\/blogdofarnesio.com.br\/?p=345930#primaryimage"},"thumbnailUrl":"https:\/\/blogdofarnesio.com.br\/wp-content\/uploads\/2022\/05\/blogqspacm-jleao-suzana-1-e1686912547802.jpg","datePublished":"2023-07-25T15:04:35+00:00","breadcrumb":{"@id":"https:\/\/blogdofarnesio.com.br\/?p=345930#breadcrumb"},"inLanguage":"pt-BR","potentialAction":[{"@type":"ReadAction","target":["https:\/\/blogdofarnesio.com.br\/?p=345930"]}]},{"@type":"ImageObject","inLanguage":"pt-BR","@id":"https:\/\/blogdofarnesio.com.br\/?p=345930#primaryimage","url":"https:\/\/blogdofarnesio.com.br\/wp-content\/uploads\/2022\/05\/blogqspacm-jleao-suzana-1-e1686912547802.jpg","contentUrl":"https:\/\/blogdofarnesio.com.br\/wp-content\/uploads\/2022\/05\/blogqspacm-jleao-suzana-1-e1686912547802.jpg","width":639,"height":460,"caption":"Suzana, ACM Jo\u00e3o Le\u00e3o Foto Farn\u00e9sio Silva"},{"@type":"BreadcrumbList","@id":"https:\/\/blogdofarnesio.com.br\/?p=345930#breadcrumb","itemListElement":[{"@type":"ListItem","position":1,"name":"In\u00edcio","item":"https:\/\/blogdofarnesio.com.br\/"},{"@type":"ListItem","position":2,"name":"Prefeita derrapa em suas op\u00e7\u00f5es pol\u00edticas e Juazeiro perde o trem do desenvolvimento"}]},{"@type":"WebSite","@id":"https:\/\/blogdofarnesio.com.br\/#website","url":"https:\/\/blogdofarnesio.com.br\/","name":"Blog do Farn\u00e9sio","description":"Quer Saber Pol\u00edtica?","publisher":{"@id":"https:\/\/blogdofarnesio.com.br\/#organization"},"potentialAction":[{"@type":"SearchAction","target":{"@type":"EntryPoint","urlTemplate":"https:\/\/blogdofarnesio.com.br\/?s={search_term_string}"},"query-input":{"@type":"PropertyValueSpecification","valueRequired":true,"valueName":"search_term_string"}}],"inLanguage":"pt-BR"},{"@type":"Organization","@id":"https:\/\/blogdofarnesio.com.br\/#organization","name":"Blog do Farn\u00e9sio","url":"https:\/\/blogdofarnesio.com.br\/","logo":{"@type":"ImageObject","inLanguage":"pt-BR","@id":"https:\/\/blogdofarnesio.com.br\/#\/schema\/logo\/image\/","url":"https:\/\/blogdofarnesio.com.br\/wp-content\/uploads\/2026\/03\/cropped-logo_new-1.png","contentUrl":"https:\/\/blogdofarnesio.com.br\/wp-content\/uploads\/2026\/03\/cropped-logo_new-1.png","width":881,"height":685,"caption":"Blog do Farn\u00e9sio"},"image":{"@id":"https:\/\/blogdofarnesio.com.br\/#\/schema\/logo\/image\/"},"sameAs":["https:\/\/www.facebook.com\/BlogQuerSaberPolitica\/"]},{"@type":"Person","@id":"https:\/\/blogdofarnesio.com.br\/#\/schema\/person\/bb9b23ae3ad0609ce8df7b6c9e76824d","name":"Farn\u00e9sio","image":{"@type":"ImageObject","inLanguage":"pt-BR","@id":"https:\/\/secure.gravatar.com\/avatar\/986aa4c61ccdb66f8555bf88fc2a65609d00bcabd4d2d94377a727547345cbca?s=96&d=mm&r=g","url":"https:\/\/secure.gravatar.com\/avatar\/986aa4c61ccdb66f8555bf88fc2a65609d00bcabd4d2d94377a727547345cbca?s=96&d=mm&r=g","contentUrl":"https:\/\/secure.gravatar.com\/avatar\/986aa4c61ccdb66f8555bf88fc2a65609d00bcabd4d2d94377a727547345cbca?s=96&d=mm&r=g","caption":"Farn\u00e9sio"},"description":"Radialista blogueiro, chegou a Petrolina\/Juazeiro em setembro de 1980, Farn\u00e9sio Silva \u00e9 de Arapiraca-Alagoas.","sameAs":["http:\/\/blogdofarnesio.com.br","https:\/\/www.facebook.com\/?ref=tn_tnmn","https:\/\/www.instagram.com\/?utm_source=pwa_homescreen","https:\/\/youtube.com.br\/"],"url":"https:\/\/blogdofarnesio.com.br\/?author=2"}]}},"_links":{"self":[{"href":"https:\/\/blogdofarnesio.com.br\/index.php?rest_route=\/wp\/v2\/posts\/345930","targetHints":{"allow":["GET"]}}],"collection":[{"href":"https:\/\/blogdofarnesio.com.br\/index.php?rest_route=\/wp\/v2\/posts"}],"about":[{"href":"https:\/\/blogdofarnesio.com.br\/index.php?rest_route=\/wp\/v2\/types\/post"}],"author":[{"embeddable":true,"href":"https:\/\/blogdofarnesio.com.br\/index.php?rest_route=\/wp\/v2\/users\/2"}],"replies":[{"embeddable":true,"href":"https:\/\/blogdofarnesio.com.br\/index.php?rest_route=%2Fwp%2Fv2%2Fcomments&post=345930"}],"version-history":[{"count":0,"href":"https:\/\/blogdofarnesio.com.br\/index.php?rest_route=\/wp\/v2\/posts\/345930\/revisions"}],"wp:featuredmedia":[{"embeddable":true,"href":"https:\/\/blogdofarnesio.com.br\/index.php?rest_route=\/wp\/v2\/media\/312342"}],"wp:attachment":[{"href":"https:\/\/blogdofarnesio.com.br\/index.php?rest_route=%2Fwp%2Fv2%2Fmedia&parent=345930"}],"wp:term":[{"taxonomy":"category","embeddable":true,"href":"https:\/\/blogdofarnesio.com.br\/index.php?rest_route=%2Fwp%2Fv2%2Fcategories&post=345930"},{"taxonomy":"post_tag","embeddable":true,"href":"https:\/\/blogdofarnesio.com.br\/index.php?rest_route=%2Fwp%2Fv2%2Ftags&post=345930"}],"curies":[{"name":"wp","href":"https:\/\/api.w.org\/{rel}","templated":true}]}}