{"id":345613,"date":"2023-07-19T07:42:53","date_gmt":"2023-07-19T10:42:53","guid":{"rendered":"https:\/\/blogdofarnesio.com.br\/?p=345613"},"modified":"2023-07-17T15:34:14","modified_gmt":"2023-07-17T18:34:14","slug":"juazeiro-prorroga-prazo-de-inscricao-para-o-processo-seletivo-simplificado-da-secretaria-de-saude","status":"publish","type":"post","link":"https:\/\/blogdofarnesio.com.br\/?p=345613","title":{"rendered":"Juazeiro prorroga at\u00e9 amanh\u00e3, prazo de inscri\u00e7\u00e3o para o processo seletivo simplificado da Secretaria de Sa\u00fade"},"content":{"rendered":"<p>A Prefeitura de Juazeiro atrav\u00e9s das Secretarias de Gest\u00e3o de Pessoas (Segesp) e Secretaria de Sa\u00fade (Sesau) prorrogou o prazo para as inscri\u00e7\u00f5es do processo seletivo simplificado para cadastro de reserva da Sesau. As inscri\u00e7\u00f5es podem ser realizadas at\u00e9 amanh\u00e3 dia 20 de julho.<\/p>\n<p>A superintendente de gest\u00e3o de pessoas da Sesau, J\u00e9ssica Thaylane Chastinet, informa que os candidatos \u201cpodem acessar suas informa\u00e7\u00f5es e verificar sua situa\u00e7\u00e3o, alterar dados ou anexar outros documentos, utilizando o CPF e a senha definidos no ato da inscri\u00e7\u00e3o\u201d, destacou a superintendente.<\/p>\n<p><b>Inscri\u00e7\u00f5es<\/b><br \/>\nOs interessados podem se inscrever atrav\u00e9s do endere\u00e7o eletr\u00f4nico\u00a0<a href=\"https:\/\/psssaude.juazeiro.ba.gov.br\/\" target=\"_blank\" rel=\"noopener\" data-saferedirecturl=\"https:\/\/www.google.com\/url?q=https:\/\/psssaude.juazeiro.ba.gov.br\/&amp;source=gmail&amp;ust=1689698127215000&amp;usg=AOvVaw0N73CZGoeswTQY8DVIFPme\">https:\/\/psssaude.juazeiro.ba.<wbr \/>gov.br\/<\/a>, <strong>at\u00e9 o dia 20 de julho<\/strong> de 2023, mediante preenchimento do formul\u00e1rio de inscri\u00e7\u00e3o, e envio de documenta\u00e7\u00e3o que comprove os t\u00edtulos e a experi\u00eancia profissional, para o exerc\u00edcio da fun\u00e7\u00e3o pretendida.<\/p>\n<p>Todos os crit\u00e9rios para inscri\u00e7\u00e3o, cargos e vagas est\u00e3o dispon\u00edveis no Edital 04\/2023, no Di\u00e1rio Oficial do Munic\u00edpio, no endere\u00e7o eletr\u00f4nico\u00a0<a href=\"https:\/\/doem.org.br\/ba\/juazeiro\/diarios\/previsualizar\/2NJxZZjL\" target=\"_blank\" rel=\"noopener\" data-saferedirecturl=\"https:\/\/www.google.com\/url?q=https:\/\/doem.org.br\/ba\/juazeiro\/diarios\/previsualizar\/2NJxZZjL&amp;source=gmail&amp;ust=1689698127215000&amp;usg=AOvVaw3mA9Op6QLjxWTW6qSlgWp4\">https:\/\/doem.org.br\/ba\/<wbr \/>juazeiro\/diarios\/<wbr \/>previsualizar\/2NJxZZjL<\/a>\u00a0, publicado no dia 10 de julho.<\/p>\n<p><b>A sele\u00e7\u00e3o<\/b><\/p>\n<p>Visa preencher vagas e forma\u00e7\u00e3o do cadastro reserva de profissionais de n\u00edvel fundamental, m\u00e9dio e superior, cujas fun\u00e7\u00f5es, requisitos e atribui\u00e7\u00f5es, remunera\u00e7\u00e3o e carga hor\u00e1ria das fun\u00e7\u00f5es est\u00e3o descritas no edital. A divulga\u00e7\u00e3o dos resultados preliminares est\u00e1 prevista para o dia 24 de agosto de 2023.<\/p>\n","protected":false},"excerpt":{"rendered":"<p>A Prefeitura de Juazeiro atrav\u00e9s das Secretarias de Gest\u00e3o de Pessoas (Segesp) e Secretaria de Sa\u00fade (Sesau) prorrogou o prazo para as inscri\u00e7\u00f5es do processo seletivo simplificado para cadastro de reserva da Sesau. As inscri\u00e7\u00f5es podem ser realizadas at\u00e9 amanh\u00e3 dia 20 de julho. A superintendente de gest\u00e3o de pessoas da Sesau, J\u00e9ssica Thaylane Chastinet, informa que os candidatos \u201cpodem acessar suas informa\u00e7\u00f5es e verificar sua situa\u00e7\u00e3o, alterar dados ou anexar outros documentos, utilizando o CPF e a senha definidos no ato da inscri\u00e7\u00e3o\u201d, destacou a superintendente. Inscri\u00e7\u00f5es Os interessados podem se inscrever atrav\u00e9s do endere\u00e7o eletr\u00f4nico\u00a0https:\/\/psssaude.juazeiro.ba.gov.br\/, at\u00e9 o dia 20 de julho de 2023, mediante preenchimento do formul\u00e1rio de inscri\u00e7\u00e3o, e envio de documenta\u00e7\u00e3o que comprove os t\u00edtulos e&hellip; <\/p>\n","protected":false},"author":2,"featured_media":181439,"comment_status":"open","ping_status":"open","sticky":false,"template":"","format":"standard","meta":{"_acf_changed":false,"footnotes":""},"categories":[31],"tags":[],"class_list":["post-345613","post","type-post","status-publish","format-standard","has-post-thumbnail","hentry","category-concursos"],"acf":[],"yoast_head":"<!-- This site is optimized with the Yoast SEO plugin v27.4 - https:\/\/yoast.com\/product\/yoast-seo-wordpress\/ -->\n<title>Juazeiro prorroga at\u00e9 amanh\u00e3, prazo de inscri\u00e7\u00e3o para o processo seletivo simplificado da Secretaria de Sa\u00fade - Blog do Farn\u00e9sio<\/title>\n<meta name=\"robots\" content=\"index, follow, max-snippet:-1, max-image-preview:large, max-video-preview:-1\" \/>\n<link rel=\"canonical\" href=\"https:\/\/blogdofarnesio.com.br\/?p=345613\" \/>\n<meta property=\"og:locale\" content=\"pt_BR\" \/>\n<meta property=\"og:type\" content=\"article\" \/>\n<meta property=\"og:title\" content=\"Juazeiro prorroga at\u00e9 amanh\u00e3, prazo de inscri\u00e7\u00e3o para o processo seletivo simplificado da Secretaria de Sa\u00fade - Blog do Farn\u00e9sio\" \/>\n<meta property=\"og:description\" content=\"A Prefeitura de Juazeiro atrav\u00e9s das Secretarias de Gest\u00e3o de Pessoas (Segesp) e Secretaria de Sa\u00fade (Sesau) prorrogou o prazo para as inscri\u00e7\u00f5es do processo seletivo simplificado para cadastro de reserva da Sesau. As inscri\u00e7\u00f5es podem ser realizadas at\u00e9 amanh\u00e3 dia 20 de julho. A superintendente de gest\u00e3o de pessoas da Sesau, J\u00e9ssica Thaylane Chastinet, informa que os candidatos \u201cpodem acessar suas informa\u00e7\u00f5es e verificar sua situa\u00e7\u00e3o, alterar dados ou anexar outros documentos, utilizando o CPF e a senha definidos no ato da inscri\u00e7\u00e3o\u201d, destacou a superintendente. Inscri\u00e7\u00f5es Os interessados podem se inscrever atrav\u00e9s do endere\u00e7o eletr\u00f4nico\u00a0https:\/\/psssaude.juazeiro.ba.gov.br\/, at\u00e9 o dia 20 de julho de 2023, mediante preenchimento do formul\u00e1rio de inscri\u00e7\u00e3o, e envio de documenta\u00e7\u00e3o que comprove os t\u00edtulos e&hellip;\" \/>\n<meta property=\"og:url\" content=\"https:\/\/blogdofarnesio.com.br\/?p=345613\" \/>\n<meta property=\"og:site_name\" content=\"Blog do Farn\u00e9sio\" \/>\n<meta property=\"article:publisher\" content=\"https:\/\/www.facebook.com\/BlogQuerSaberPolitica\/\" \/>\n<meta property=\"article:author\" content=\"https:\/\/www.facebook.com\/?ref=tn_tnmn\" \/>\n<meta property=\"article:published_time\" content=\"2023-07-19T10:42:53+00:00\" \/>\n<meta property=\"og:image\" content=\"https:\/\/blogdofarnesio.com.br\/wp-content\/uploads\/2017\/11\/blogqsp-inscri\u00e7oesprorrogadas-e1749673022875.jpg\" \/>\n\t<meta property=\"og:image:width\" content=\"578\" \/>\n\t<meta property=\"og:image:height\" content=\"251\" \/>\n\t<meta property=\"og:image:type\" content=\"image\/jpeg\" \/>\n<meta name=\"author\" content=\"Farn\u00e9sio\" \/>\n<meta name=\"twitter:card\" content=\"summary_large_image\" \/>\n<meta name=\"twitter:label1\" content=\"Escrito por\" \/>\n\t<meta name=\"twitter:data1\" content=\"Farn\u00e9sio\" \/>\n\t<meta name=\"twitter:label2\" content=\"Est. tempo de leitura\" \/>\n\t<meta name=\"twitter:data2\" content=\"2 minutos\" \/>\n<script type=\"application\/ld+json\" class=\"yoast-schema-graph\">{\"@context\":\"https:\\\/\\\/schema.org\",\"@graph\":[{\"@type\":\"Article\",\"@id\":\"https:\\\/\\\/blogdofarnesio.com.br\\\/?p=345613#article\",\"isPartOf\":{\"@id\":\"https:\\\/\\\/blogdofarnesio.com.br\\\/?p=345613\"},\"author\":{\"name\":\"Farn\u00e9sio\",\"@id\":\"https:\\\/\\\/blogdofarnesio.com.br\\\/#\\\/schema\\\/person\\\/bb9b23ae3ad0609ce8df7b6c9e76824d\"},\"headline\":\"Juazeiro prorroga at\u00e9 amanh\u00e3, prazo de inscri\u00e7\u00e3o para o processo seletivo simplificado da Secretaria de Sa\u00fade\",\"datePublished\":\"2023-07-19T10:42:53+00:00\",\"mainEntityOfPage\":{\"@id\":\"https:\\\/\\\/blogdofarnesio.com.br\\\/?p=345613\"},\"wordCount\":270,\"commentCount\":0,\"publisher\":{\"@id\":\"https:\\\/\\\/blogdofarnesio.com.br\\\/#organization\"},\"image\":{\"@id\":\"https:\\\/\\\/blogdofarnesio.com.br\\\/?p=345613#primaryimage\"},\"thumbnailUrl\":\"https:\\\/\\\/blogdofarnesio.com.br\\\/wp-content\\\/uploads\\\/2017\\\/11\\\/blogqsp-inscri\u00e7oesprorrogadas-e1749673022875.jpg\",\"articleSection\":[\"Concursos\"],\"inLanguage\":\"pt-BR\",\"potentialAction\":[{\"@type\":\"CommentAction\",\"name\":\"Comment\",\"target\":[\"https:\\\/\\\/blogdofarnesio.com.br\\\/?p=345613#respond\"]}]},{\"@type\":\"WebPage\",\"@id\":\"https:\\\/\\\/blogdofarnesio.com.br\\\/?p=345613\",\"url\":\"https:\\\/\\\/blogdofarnesio.com.br\\\/?p=345613\",\"name\":\"Juazeiro prorroga at\u00e9 amanh\u00e3, prazo de inscri\u00e7\u00e3o para o processo seletivo simplificado da Secretaria de Sa\u00fade - Blog do Farn\u00e9sio\",\"isPartOf\":{\"@id\":\"https:\\\/\\\/blogdofarnesio.com.br\\\/#website\"},\"primaryImageOfPage\":{\"@id\":\"https:\\\/\\\/blogdofarnesio.com.br\\\/?p=345613#primaryimage\"},\"image\":{\"@id\":\"https:\\\/\\\/blogdofarnesio.com.br\\\/?p=345613#primaryimage\"},\"thumbnailUrl\":\"https:\\\/\\\/blogdofarnesio.com.br\\\/wp-content\\\/uploads\\\/2017\\\/11\\\/blogqsp-inscri\u00e7oesprorrogadas-e1749673022875.jpg\",\"datePublished\":\"2023-07-19T10:42:53+00:00\",\"breadcrumb\":{\"@id\":\"https:\\\/\\\/blogdofarnesio.com.br\\\/?p=345613#breadcrumb\"},\"inLanguage\":\"pt-BR\",\"potentialAction\":[{\"@type\":\"ReadAction\",\"target\":[\"https:\\\/\\\/blogdofarnesio.com.br\\\/?p=345613\"]}]},{\"@type\":\"ImageObject\",\"inLanguage\":\"pt-BR\",\"@id\":\"https:\\\/\\\/blogdofarnesio.com.br\\\/?p=345613#primaryimage\",\"url\":\"https:\\\/\\\/blogdofarnesio.com.br\\\/wp-content\\\/uploads\\\/2017\\\/11\\\/blogqsp-inscri\u00e7oesprorrogadas-e1749673022875.jpg\",\"contentUrl\":\"https:\\\/\\\/blogdofarnesio.com.br\\\/wp-content\\\/uploads\\\/2017\\\/11\\\/blogqsp-inscri\u00e7oesprorrogadas-e1749673022875.jpg\",\"width\":578,\"height\":251},{\"@type\":\"BreadcrumbList\",\"@id\":\"https:\\\/\\\/blogdofarnesio.com.br\\\/?p=345613#breadcrumb\",\"itemListElement\":[{\"@type\":\"ListItem\",\"position\":1,\"name\":\"In\u00edcio\",\"item\":\"https:\\\/\\\/blogdofarnesio.com.br\\\/\"},{\"@type\":\"ListItem\",\"position\":2,\"name\":\"Juazeiro prorroga at\u00e9 amanh\u00e3, prazo de inscri\u00e7\u00e3o para o processo seletivo simplificado da Secretaria de Sa\u00fade\"}]},{\"@type\":\"WebSite\",\"@id\":\"https:\\\/\\\/blogdofarnesio.com.br\\\/#website\",\"url\":\"https:\\\/\\\/blogdofarnesio.com.br\\\/\",\"name\":\"Blog do Farn\u00e9sio\",\"description\":\"Quer Saber Pol\u00edtica?\",\"publisher\":{\"@id\":\"https:\\\/\\\/blogdofarnesio.com.br\\\/#organization\"},\"potentialAction\":[{\"@type\":\"SearchAction\",\"target\":{\"@type\":\"EntryPoint\",\"urlTemplate\":\"https:\\\/\\\/blogdofarnesio.com.br\\\/?s={search_term_string}\"},\"query-input\":{\"@type\":\"PropertyValueSpecification\",\"valueRequired\":true,\"valueName\":\"search_term_string\"}}],\"inLanguage\":\"pt-BR\"},{\"@type\":\"Organization\",\"@id\":\"https:\\\/\\\/blogdofarnesio.com.br\\\/#organization\",\"name\":\"Blog do Farn\u00e9sio\",\"url\":\"https:\\\/\\\/blogdofarnesio.com.br\\\/\",\"logo\":{\"@type\":\"ImageObject\",\"inLanguage\":\"pt-BR\",\"@id\":\"https:\\\/\\\/blogdofarnesio.com.br\\\/#\\\/schema\\\/logo\\\/image\\\/\",\"url\":\"https:\\\/\\\/blogdofarnesio.com.br\\\/wp-content\\\/uploads\\\/2026\\\/03\\\/cropped-logo_new-1.png\",\"contentUrl\":\"https:\\\/\\\/blogdofarnesio.com.br\\\/wp-content\\\/uploads\\\/2026\\\/03\\\/cropped-logo_new-1.png\",\"width\":881,\"height\":685,\"caption\":\"Blog do Farn\u00e9sio\"},\"image\":{\"@id\":\"https:\\\/\\\/blogdofarnesio.com.br\\\/#\\\/schema\\\/logo\\\/image\\\/\"},\"sameAs\":[\"https:\\\/\\\/www.facebook.com\\\/BlogQuerSaberPolitica\\\/\"]},{\"@type\":\"Person\",\"@id\":\"https:\\\/\\\/blogdofarnesio.com.br\\\/#\\\/schema\\\/person\\\/bb9b23ae3ad0609ce8df7b6c9e76824d\",\"name\":\"Farn\u00e9sio\",\"image\":{\"@type\":\"ImageObject\",\"inLanguage\":\"pt-BR\",\"@id\":\"https:\\\/\\\/secure.gravatar.com\\\/avatar\\\/986aa4c61ccdb66f8555bf88fc2a65609d00bcabd4d2d94377a727547345cbca?s=96&d=mm&r=g\",\"url\":\"https:\\\/\\\/secure.gravatar.com\\\/avatar\\\/986aa4c61ccdb66f8555bf88fc2a65609d00bcabd4d2d94377a727547345cbca?s=96&d=mm&r=g\",\"contentUrl\":\"https:\\\/\\\/secure.gravatar.com\\\/avatar\\\/986aa4c61ccdb66f8555bf88fc2a65609d00bcabd4d2d94377a727547345cbca?s=96&d=mm&r=g\",\"caption\":\"Farn\u00e9sio\"},\"description\":\"Radialista blogueiro, chegou a Petrolina\\\/Juazeiro em setembro de 1980, Farn\u00e9sio Silva \u00e9 de Arapiraca-Alagoas.\",\"sameAs\":[\"http:\\\/\\\/blogdofarnesio.com.br\",\"https:\\\/\\\/www.facebook.com\\\/?ref=tn_tnmn\",\"https:\\\/\\\/www.instagram.com\\\/?utm_source=pwa_homescreen\",\"https:\\\/\\\/youtube.com.br\\\/\"],\"url\":\"https:\\\/\\\/blogdofarnesio.com.br\\\/?author=2\"}]}<\/script>\n<!-- \/ Yoast SEO plugin. -->","yoast_head_json":{"title":"Juazeiro prorroga at\u00e9 amanh\u00e3, prazo de inscri\u00e7\u00e3o para o processo seletivo simplificado da Secretaria de Sa\u00fade - Blog do Farn\u00e9sio","robots":{"index":"index","follow":"follow","max-snippet":"max-snippet:-1","max-image-preview":"max-image-preview:large","max-video-preview":"max-video-preview:-1"},"canonical":"https:\/\/blogdofarnesio.com.br\/?p=345613","og_locale":"pt_BR","og_type":"article","og_title":"Juazeiro prorroga at\u00e9 amanh\u00e3, prazo de inscri\u00e7\u00e3o para o processo seletivo simplificado da Secretaria de Sa\u00fade - Blog do Farn\u00e9sio","og_description":"A Prefeitura de Juazeiro atrav\u00e9s das Secretarias de Gest\u00e3o de Pessoas (Segesp) e Secretaria de Sa\u00fade (Sesau) prorrogou o prazo para as inscri\u00e7\u00f5es do processo seletivo simplificado para cadastro de reserva da Sesau. As inscri\u00e7\u00f5es podem ser realizadas at\u00e9 amanh\u00e3 dia 20 de julho. A superintendente de gest\u00e3o de pessoas da Sesau, J\u00e9ssica Thaylane Chastinet, informa que os candidatos \u201cpodem acessar suas informa\u00e7\u00f5es e verificar sua situa\u00e7\u00e3o, alterar dados ou anexar outros documentos, utilizando o CPF e a senha definidos no ato da inscri\u00e7\u00e3o\u201d, destacou a superintendente. Inscri\u00e7\u00f5es Os interessados podem se inscrever atrav\u00e9s do endere\u00e7o eletr\u00f4nico\u00a0https:\/\/psssaude.juazeiro.ba.gov.br\/, at\u00e9 o dia 20 de julho de 2023, mediante preenchimento do formul\u00e1rio de inscri\u00e7\u00e3o, e envio de documenta\u00e7\u00e3o que comprove os t\u00edtulos e&hellip;","og_url":"https:\/\/blogdofarnesio.com.br\/?p=345613","og_site_name":"Blog do Farn\u00e9sio","article_publisher":"https:\/\/www.facebook.com\/BlogQuerSaberPolitica\/","article_author":"https:\/\/www.facebook.com\/?ref=tn_tnmn","article_published_time":"2023-07-19T10:42:53+00:00","og_image":[{"width":578,"height":251,"url":"https:\/\/blogdofarnesio.com.br\/wp-content\/uploads\/2017\/11\/blogqsp-inscri\u00e7oesprorrogadas-e1749673022875.jpg","type":"image\/jpeg"}],"author":"Farn\u00e9sio","twitter_card":"summary_large_image","twitter_misc":{"Escrito por":"Farn\u00e9sio","Est. tempo de leitura":"2 minutos"},"schema":{"@context":"https:\/\/schema.org","@graph":[{"@type":"Article","@id":"https:\/\/blogdofarnesio.com.br\/?p=345613#article","isPartOf":{"@id":"https:\/\/blogdofarnesio.com.br\/?p=345613"},"author":{"name":"Farn\u00e9sio","@id":"https:\/\/blogdofarnesio.com.br\/#\/schema\/person\/bb9b23ae3ad0609ce8df7b6c9e76824d"},"headline":"Juazeiro prorroga at\u00e9 amanh\u00e3, prazo de inscri\u00e7\u00e3o para o processo seletivo simplificado da Secretaria de Sa\u00fade","datePublished":"2023-07-19T10:42:53+00:00","mainEntityOfPage":{"@id":"https:\/\/blogdofarnesio.com.br\/?p=345613"},"wordCount":270,"commentCount":0,"publisher":{"@id":"https:\/\/blogdofarnesio.com.br\/#organization"},"image":{"@id":"https:\/\/blogdofarnesio.com.br\/?p=345613#primaryimage"},"thumbnailUrl":"https:\/\/blogdofarnesio.com.br\/wp-content\/uploads\/2017\/11\/blogqsp-inscri\u00e7oesprorrogadas-e1749673022875.jpg","articleSection":["Concursos"],"inLanguage":"pt-BR","potentialAction":[{"@type":"CommentAction","name":"Comment","target":["https:\/\/blogdofarnesio.com.br\/?p=345613#respond"]}]},{"@type":"WebPage","@id":"https:\/\/blogdofarnesio.com.br\/?p=345613","url":"https:\/\/blogdofarnesio.com.br\/?p=345613","name":"Juazeiro prorroga at\u00e9 amanh\u00e3, prazo de inscri\u00e7\u00e3o para o processo seletivo simplificado da Secretaria de Sa\u00fade - Blog do Farn\u00e9sio","isPartOf":{"@id":"https:\/\/blogdofarnesio.com.br\/#website"},"primaryImageOfPage":{"@id":"https:\/\/blogdofarnesio.com.br\/?p=345613#primaryimage"},"image":{"@id":"https:\/\/blogdofarnesio.com.br\/?p=345613#primaryimage"},"thumbnailUrl":"https:\/\/blogdofarnesio.com.br\/wp-content\/uploads\/2017\/11\/blogqsp-inscri\u00e7oesprorrogadas-e1749673022875.jpg","datePublished":"2023-07-19T10:42:53+00:00","breadcrumb":{"@id":"https:\/\/blogdofarnesio.com.br\/?p=345613#breadcrumb"},"inLanguage":"pt-BR","potentialAction":[{"@type":"ReadAction","target":["https:\/\/blogdofarnesio.com.br\/?p=345613"]}]},{"@type":"ImageObject","inLanguage":"pt-BR","@id":"https:\/\/blogdofarnesio.com.br\/?p=345613#primaryimage","url":"https:\/\/blogdofarnesio.com.br\/wp-content\/uploads\/2017\/11\/blogqsp-inscri\u00e7oesprorrogadas-e1749673022875.jpg","contentUrl":"https:\/\/blogdofarnesio.com.br\/wp-content\/uploads\/2017\/11\/blogqsp-inscri\u00e7oesprorrogadas-e1749673022875.jpg","width":578,"height":251},{"@type":"BreadcrumbList","@id":"https:\/\/blogdofarnesio.com.br\/?p=345613#breadcrumb","itemListElement":[{"@type":"ListItem","position":1,"name":"In\u00edcio","item":"https:\/\/blogdofarnesio.com.br\/"},{"@type":"ListItem","position":2,"name":"Juazeiro prorroga at\u00e9 amanh\u00e3, prazo de inscri\u00e7\u00e3o para o processo seletivo simplificado da Secretaria de Sa\u00fade"}]},{"@type":"WebSite","@id":"https:\/\/blogdofarnesio.com.br\/#website","url":"https:\/\/blogdofarnesio.com.br\/","name":"Blog do Farn\u00e9sio","description":"Quer Saber Pol\u00edtica?","publisher":{"@id":"https:\/\/blogdofarnesio.com.br\/#organization"},"potentialAction":[{"@type":"SearchAction","target":{"@type":"EntryPoint","urlTemplate":"https:\/\/blogdofarnesio.com.br\/?s={search_term_string}"},"query-input":{"@type":"PropertyValueSpecification","valueRequired":true,"valueName":"search_term_string"}}],"inLanguage":"pt-BR"},{"@type":"Organization","@id":"https:\/\/blogdofarnesio.com.br\/#organization","name":"Blog do Farn\u00e9sio","url":"https:\/\/blogdofarnesio.com.br\/","logo":{"@type":"ImageObject","inLanguage":"pt-BR","@id":"https:\/\/blogdofarnesio.com.br\/#\/schema\/logo\/image\/","url":"https:\/\/blogdofarnesio.com.br\/wp-content\/uploads\/2026\/03\/cropped-logo_new-1.png","contentUrl":"https:\/\/blogdofarnesio.com.br\/wp-content\/uploads\/2026\/03\/cropped-logo_new-1.png","width":881,"height":685,"caption":"Blog do Farn\u00e9sio"},"image":{"@id":"https:\/\/blogdofarnesio.com.br\/#\/schema\/logo\/image\/"},"sameAs":["https:\/\/www.facebook.com\/BlogQuerSaberPolitica\/"]},{"@type":"Person","@id":"https:\/\/blogdofarnesio.com.br\/#\/schema\/person\/bb9b23ae3ad0609ce8df7b6c9e76824d","name":"Farn\u00e9sio","image":{"@type":"ImageObject","inLanguage":"pt-BR","@id":"https:\/\/secure.gravatar.com\/avatar\/986aa4c61ccdb66f8555bf88fc2a65609d00bcabd4d2d94377a727547345cbca?s=96&d=mm&r=g","url":"https:\/\/secure.gravatar.com\/avatar\/986aa4c61ccdb66f8555bf88fc2a65609d00bcabd4d2d94377a727547345cbca?s=96&d=mm&r=g","contentUrl":"https:\/\/secure.gravatar.com\/avatar\/986aa4c61ccdb66f8555bf88fc2a65609d00bcabd4d2d94377a727547345cbca?s=96&d=mm&r=g","caption":"Farn\u00e9sio"},"description":"Radialista blogueiro, chegou a Petrolina\/Juazeiro em setembro de 1980, Farn\u00e9sio Silva \u00e9 de Arapiraca-Alagoas.","sameAs":["http:\/\/blogdofarnesio.com.br","https:\/\/www.facebook.com\/?ref=tn_tnmn","https:\/\/www.instagram.com\/?utm_source=pwa_homescreen","https:\/\/youtube.com.br\/"],"url":"https:\/\/blogdofarnesio.com.br\/?author=2"}]}},"_links":{"self":[{"href":"https:\/\/blogdofarnesio.com.br\/index.php?rest_route=\/wp\/v2\/posts\/345613","targetHints":{"allow":["GET"]}}],"collection":[{"href":"https:\/\/blogdofarnesio.com.br\/index.php?rest_route=\/wp\/v2\/posts"}],"about":[{"href":"https:\/\/blogdofarnesio.com.br\/index.php?rest_route=\/wp\/v2\/types\/post"}],"author":[{"embeddable":true,"href":"https:\/\/blogdofarnesio.com.br\/index.php?rest_route=\/wp\/v2\/users\/2"}],"replies":[{"embeddable":true,"href":"https:\/\/blogdofarnesio.com.br\/index.php?rest_route=%2Fwp%2Fv2%2Fcomments&post=345613"}],"version-history":[{"count":0,"href":"https:\/\/blogdofarnesio.com.br\/index.php?rest_route=\/wp\/v2\/posts\/345613\/revisions"}],"wp:featuredmedia":[{"embeddable":true,"href":"https:\/\/blogdofarnesio.com.br\/index.php?rest_route=\/wp\/v2\/media\/181439"}],"wp:attachment":[{"href":"https:\/\/blogdofarnesio.com.br\/index.php?rest_route=%2Fwp%2Fv2%2Fmedia&parent=345613"}],"wp:term":[{"taxonomy":"category","embeddable":true,"href":"https:\/\/blogdofarnesio.com.br\/index.php?rest_route=%2Fwp%2Fv2%2Fcategories&post=345613"},{"taxonomy":"post_tag","embeddable":true,"href":"https:\/\/blogdofarnesio.com.br\/index.php?rest_route=%2Fwp%2Fv2%2Ftags&post=345613"}],"curies":[{"name":"wp","href":"https:\/\/api.w.org\/{rel}","templated":true}]}}