{"id":345608,"date":"2023-07-18T07:42:24","date_gmt":"2023-07-18T10:42:24","guid":{"rendered":"https:\/\/blogdofarnesio.com.br\/?p=345608"},"modified":"2023-07-17T15:16:07","modified_gmt":"2023-07-17T18:16:07","slug":"petrolina-ja-recuperou-mais-de-1-mil-km-de-estradas-vicinais-no-primeiro-semestre-de-2023","status":"publish","type":"post","link":"https:\/\/blogdofarnesio.com.br\/?p=345608","title":{"rendered":"Petrolina j\u00e1 recuperou mais de 1 mil km de estradas vicinais no primeiro semestre de 2023"},"content":{"rendered":"<p style=\"font-weight: 400;\">Uma das principais demandas da zona rural se concentra na recupera\u00e7\u00e3o e melhorias de estradas vicinais, que s\u00e3o os principais trechos de transporte escolar e escoamento da produ\u00e7\u00e3o agr\u00edcola de Petrolina, cidade do Sert\u00e3o pernambucano, considerada a melhor cidade do Brasil na \u00e1rea do agroneg\u00f3cio. At\u00e9 este in\u00edcio de julho, a Prefeitura Municipal, por meio da Secretaria de Agricultura, j\u00e1 conseguiu atender diversas localidades, realizando as opera\u00e7\u00f5es de Patrolamento e Tapa-buracos e recuperando 1.104 km de vias.<\/p>\n<p style=\"font-weight: 400;\">Em junho, a Secretaria de Agricultura conseguiu o melhoramento de 325 km em localidades como Budim, Fazenda Cachoeira, Embrapa at\u00e9 Gavi\u00e3o, Caldeir\u00e3o, Baixa Grande, Baixa do Buraco, Regi\u00e3o do Capim, Lagoa dos Cavalos, Varginha, Cacimba do Baltazar, e Cai\u00e7ara. J\u00e1 nesta metade de julho, as equipes est\u00e3o com tr\u00eas frentes de servi\u00e7o na regi\u00e3o de Rajada, de Po\u00e7o da On\u00e7a a Car\u00f3a, Crist\u00e1lia a \u00c1rias e de Uru\u00e1s a Pau Ferro.<\/p>\n<p style=\"font-weight: 400;\">At\u00e9 o momento, 105 km foram contemplados com as opera\u00e7\u00f5es de Patrolamento e Tapa-buracos nas regi\u00f5es citadas. O secret\u00e1rio de Agricultura, Gilberto Melo, ressalta o olhar especial voltado a atender as demandas que se mostram mais urgentes. \u201cN\u00f3s temos um cronograma atualizado constantemente, as comunidades entram em contato conosco e de pronto, como sempre nos orienta o prefeito Sim\u00e3o Durando, enviamos equipes para executar com qualidade, e da maneira mais breve poss\u00edvel, os reparos necess\u00e1rios. Nosso intuito \u00e9 cada vez mais ampliar essas frentes de servi\u00e7o e contemplar diversas localidades j\u00e1 que temos uma grande extens\u00e3o de estradas vicinais em Petrolina, como sabemos, s\u00e3o mais de 6 mil km\u00b2. A gest\u00e3o segue empenhada em levar trabalho por toda extens\u00e3o da cidade\u201d, pontuou o secret\u00e1rio Gilberto.<\/p>\n<p style=\"font-weight: 400;\">\n","protected":false},"excerpt":{"rendered":"<p>Uma das principais demandas da zona rural se concentra na recupera\u00e7\u00e3o e melhorias de estradas vicinais, que s\u00e3o os principais trechos de transporte escolar e escoamento da produ\u00e7\u00e3o agr\u00edcola de Petrolina, cidade do Sert\u00e3o pernambucano, considerada a melhor cidade do Brasil na \u00e1rea do agroneg\u00f3cio. At\u00e9 este in\u00edcio de julho, a Prefeitura Municipal, por meio da Secretaria de Agricultura, j\u00e1 conseguiu atender diversas localidades, realizando as opera\u00e7\u00f5es de Patrolamento e Tapa-buracos e recuperando 1.104 km de vias. Em junho, a Secretaria de Agricultura conseguiu o melhoramento de 325 km em localidades como Budim, Fazenda Cachoeira, Embrapa at\u00e9 Gavi\u00e3o, Caldeir\u00e3o, Baixa Grande, Baixa do Buraco, Regi\u00e3o do Capim, Lagoa dos Cavalos, Varginha, Cacimba do Baltazar, e Cai\u00e7ara. J\u00e1 nesta metade de&hellip; <\/p>\n","protected":false},"author":2,"featured_media":124221,"comment_status":"open","ping_status":"open","sticky":false,"template":"","format":"standard","meta":{"_acf_changed":false,"footnotes":""},"categories":[17],"tags":[],"class_list":["post-345608","post","type-post","status-publish","format-standard","has-post-thumbnail","hentry","category-estradas"],"acf":[],"yoast_head":"<!-- This site is optimized with the Yoast SEO plugin v27.4 - https:\/\/yoast.com\/product\/yoast-seo-wordpress\/ -->\n<title>Petrolina j\u00e1 recuperou mais de 1 mil km de estradas vicinais no primeiro semestre de 2023 - Blog do Farn\u00e9sio<\/title>\n<meta name=\"robots\" content=\"index, follow, max-snippet:-1, max-image-preview:large, max-video-preview:-1\" \/>\n<link rel=\"canonical\" href=\"https:\/\/blogdofarnesio.com.br\/?p=345608\" \/>\n<meta property=\"og:locale\" content=\"pt_BR\" \/>\n<meta property=\"og:type\" content=\"article\" \/>\n<meta property=\"og:title\" content=\"Petrolina j\u00e1 recuperou mais de 1 mil km de estradas vicinais no primeiro semestre de 2023 - Blog do Farn\u00e9sio\" \/>\n<meta property=\"og:description\" content=\"Uma das principais demandas da zona rural se concentra na recupera\u00e7\u00e3o e melhorias de estradas vicinais, que s\u00e3o os principais trechos de transporte escolar e escoamento da produ\u00e7\u00e3o agr\u00edcola de Petrolina, cidade do Sert\u00e3o pernambucano, considerada a melhor cidade do Brasil na \u00e1rea do agroneg\u00f3cio. At\u00e9 este in\u00edcio de julho, a Prefeitura Municipal, por meio da Secretaria de Agricultura, j\u00e1 conseguiu atender diversas localidades, realizando as opera\u00e7\u00f5es de Patrolamento e Tapa-buracos e recuperando 1.104 km de vias. Em junho, a Secretaria de Agricultura conseguiu o melhoramento de 325 km em localidades como Budim, Fazenda Cachoeira, Embrapa at\u00e9 Gavi\u00e3o, Caldeir\u00e3o, Baixa Grande, Baixa do Buraco, Regi\u00e3o do Capim, Lagoa dos Cavalos, Varginha, Cacimba do Baltazar, e Cai\u00e7ara. J\u00e1 nesta metade de&hellip;\" \/>\n<meta property=\"og:url\" content=\"https:\/\/blogdofarnesio.com.br\/?p=345608\" \/>\n<meta property=\"og:site_name\" content=\"Blog do Farn\u00e9sio\" \/>\n<meta property=\"article:publisher\" content=\"https:\/\/www.facebook.com\/BlogQuerSaberPolitica\/\" \/>\n<meta property=\"article:author\" content=\"https:\/\/www.facebook.com\/?ref=tn_tnmn\" \/>\n<meta property=\"article:published_time\" content=\"2023-07-18T10:42:24+00:00\" \/>\n<meta property=\"og:image\" content=\"https:\/\/blogdofarnesio.com.br\/wp-content\/uploads\/2015\/05\/blogqsp.patrolamento.mandacaru.corredor.petrolina.jpg\" \/>\n\t<meta property=\"og:image:width\" content=\"448\" \/>\n\t<meta property=\"og:image:height\" content=\"252\" \/>\n\t<meta property=\"og:image:type\" content=\"image\/jpeg\" \/>\n<meta name=\"author\" content=\"Farn\u00e9sio\" \/>\n<meta name=\"twitter:card\" content=\"summary_large_image\" \/>\n<meta name=\"twitter:label1\" content=\"Escrito por\" \/>\n\t<meta name=\"twitter:data1\" content=\"Farn\u00e9sio\" \/>\n\t<meta name=\"twitter:label2\" content=\"Est. tempo de leitura\" \/>\n\t<meta name=\"twitter:data2\" content=\"2 minutos\" \/>\n<script type=\"application\/ld+json\" class=\"yoast-schema-graph\">{\"@context\":\"https:\\\/\\\/schema.org\",\"@graph\":[{\"@type\":\"Article\",\"@id\":\"https:\\\/\\\/blogdofarnesio.com.br\\\/?p=345608#article\",\"isPartOf\":{\"@id\":\"https:\\\/\\\/blogdofarnesio.com.br\\\/?p=345608\"},\"author\":{\"name\":\"Farn\u00e9sio\",\"@id\":\"https:\\\/\\\/blogdofarnesio.com.br\\\/#\\\/schema\\\/person\\\/bb9b23ae3ad0609ce8df7b6c9e76824d\"},\"headline\":\"Petrolina j\u00e1 recuperou mais de 1 mil km de estradas vicinais no primeiro semestre de 2023\",\"datePublished\":\"2023-07-18T10:42:24+00:00\",\"mainEntityOfPage\":{\"@id\":\"https:\\\/\\\/blogdofarnesio.com.br\\\/?p=345608\"},\"wordCount\":316,\"commentCount\":0,\"publisher\":{\"@id\":\"https:\\\/\\\/blogdofarnesio.com.br\\\/#organization\"},\"image\":{\"@id\":\"https:\\\/\\\/blogdofarnesio.com.br\\\/?p=345608#primaryimage\"},\"thumbnailUrl\":\"https:\\\/\\\/blogdofarnesio.com.br\\\/wp-content\\\/uploads\\\/2015\\\/05\\\/blogqsp.patrolamento.mandacaru.corredor.petrolina.jpg\",\"articleSection\":[\"Estradas\"],\"inLanguage\":\"pt-BR\",\"potentialAction\":[{\"@type\":\"CommentAction\",\"name\":\"Comment\",\"target\":[\"https:\\\/\\\/blogdofarnesio.com.br\\\/?p=345608#respond\"]}]},{\"@type\":\"WebPage\",\"@id\":\"https:\\\/\\\/blogdofarnesio.com.br\\\/?p=345608\",\"url\":\"https:\\\/\\\/blogdofarnesio.com.br\\\/?p=345608\",\"name\":\"Petrolina j\u00e1 recuperou mais de 1 mil km de estradas vicinais no primeiro semestre de 2023 - Blog do Farn\u00e9sio\",\"isPartOf\":{\"@id\":\"https:\\\/\\\/blogdofarnesio.com.br\\\/#website\"},\"primaryImageOfPage\":{\"@id\":\"https:\\\/\\\/blogdofarnesio.com.br\\\/?p=345608#primaryimage\"},\"image\":{\"@id\":\"https:\\\/\\\/blogdofarnesio.com.br\\\/?p=345608#primaryimage\"},\"thumbnailUrl\":\"https:\\\/\\\/blogdofarnesio.com.br\\\/wp-content\\\/uploads\\\/2015\\\/05\\\/blogqsp.patrolamento.mandacaru.corredor.petrolina.jpg\",\"datePublished\":\"2023-07-18T10:42:24+00:00\",\"breadcrumb\":{\"@id\":\"https:\\\/\\\/blogdofarnesio.com.br\\\/?p=345608#breadcrumb\"},\"inLanguage\":\"pt-BR\",\"potentialAction\":[{\"@type\":\"ReadAction\",\"target\":[\"https:\\\/\\\/blogdofarnesio.com.br\\\/?p=345608\"]}]},{\"@type\":\"ImageObject\",\"inLanguage\":\"pt-BR\",\"@id\":\"https:\\\/\\\/blogdofarnesio.com.br\\\/?p=345608#primaryimage\",\"url\":\"https:\\\/\\\/blogdofarnesio.com.br\\\/wp-content\\\/uploads\\\/2015\\\/05\\\/blogqsp.patrolamento.mandacaru.corredor.petrolina.jpg\",\"contentUrl\":\"https:\\\/\\\/blogdofarnesio.com.br\\\/wp-content\\\/uploads\\\/2015\\\/05\\\/blogqsp.patrolamento.mandacaru.corredor.petrolina.jpg\",\"width\":448,\"height\":252},{\"@type\":\"BreadcrumbList\",\"@id\":\"https:\\\/\\\/blogdofarnesio.com.br\\\/?p=345608#breadcrumb\",\"itemListElement\":[{\"@type\":\"ListItem\",\"position\":1,\"name\":\"In\u00edcio\",\"item\":\"https:\\\/\\\/blogdofarnesio.com.br\\\/\"},{\"@type\":\"ListItem\",\"position\":2,\"name\":\"Petrolina j\u00e1 recuperou mais de 1 mil km de estradas vicinais no primeiro semestre de 2023\"}]},{\"@type\":\"WebSite\",\"@id\":\"https:\\\/\\\/blogdofarnesio.com.br\\\/#website\",\"url\":\"https:\\\/\\\/blogdofarnesio.com.br\\\/\",\"name\":\"Blog do Farn\u00e9sio\",\"description\":\"Quer Saber Pol\u00edtica?\",\"publisher\":{\"@id\":\"https:\\\/\\\/blogdofarnesio.com.br\\\/#organization\"},\"potentialAction\":[{\"@type\":\"SearchAction\",\"target\":{\"@type\":\"EntryPoint\",\"urlTemplate\":\"https:\\\/\\\/blogdofarnesio.com.br\\\/?s={search_term_string}\"},\"query-input\":{\"@type\":\"PropertyValueSpecification\",\"valueRequired\":true,\"valueName\":\"search_term_string\"}}],\"inLanguage\":\"pt-BR\"},{\"@type\":\"Organization\",\"@id\":\"https:\\\/\\\/blogdofarnesio.com.br\\\/#organization\",\"name\":\"Blog do Farn\u00e9sio\",\"url\":\"https:\\\/\\\/blogdofarnesio.com.br\\\/\",\"logo\":{\"@type\":\"ImageObject\",\"inLanguage\":\"pt-BR\",\"@id\":\"https:\\\/\\\/blogdofarnesio.com.br\\\/#\\\/schema\\\/logo\\\/image\\\/\",\"url\":\"https:\\\/\\\/blogdofarnesio.com.br\\\/wp-content\\\/uploads\\\/2026\\\/03\\\/cropped-logo_new-1.png\",\"contentUrl\":\"https:\\\/\\\/blogdofarnesio.com.br\\\/wp-content\\\/uploads\\\/2026\\\/03\\\/cropped-logo_new-1.png\",\"width\":881,\"height\":685,\"caption\":\"Blog do Farn\u00e9sio\"},\"image\":{\"@id\":\"https:\\\/\\\/blogdofarnesio.com.br\\\/#\\\/schema\\\/logo\\\/image\\\/\"},\"sameAs\":[\"https:\\\/\\\/www.facebook.com\\\/BlogQuerSaberPolitica\\\/\"]},{\"@type\":\"Person\",\"@id\":\"https:\\\/\\\/blogdofarnesio.com.br\\\/#\\\/schema\\\/person\\\/bb9b23ae3ad0609ce8df7b6c9e76824d\",\"name\":\"Farn\u00e9sio\",\"image\":{\"@type\":\"ImageObject\",\"inLanguage\":\"pt-BR\",\"@id\":\"https:\\\/\\\/secure.gravatar.com\\\/avatar\\\/986aa4c61ccdb66f8555bf88fc2a65609d00bcabd4d2d94377a727547345cbca?s=96&d=mm&r=g\",\"url\":\"https:\\\/\\\/secure.gravatar.com\\\/avatar\\\/986aa4c61ccdb66f8555bf88fc2a65609d00bcabd4d2d94377a727547345cbca?s=96&d=mm&r=g\",\"contentUrl\":\"https:\\\/\\\/secure.gravatar.com\\\/avatar\\\/986aa4c61ccdb66f8555bf88fc2a65609d00bcabd4d2d94377a727547345cbca?s=96&d=mm&r=g\",\"caption\":\"Farn\u00e9sio\"},\"description\":\"Radialista blogueiro, chegou a Petrolina\\\/Juazeiro em setembro de 1980, Farn\u00e9sio Silva \u00e9 de Arapiraca-Alagoas.\",\"sameAs\":[\"http:\\\/\\\/blogdofarnesio.com.br\",\"https:\\\/\\\/www.facebook.com\\\/?ref=tn_tnmn\",\"https:\\\/\\\/www.instagram.com\\\/?utm_source=pwa_homescreen\",\"https:\\\/\\\/youtube.com.br\\\/\"],\"url\":\"https:\\\/\\\/blogdofarnesio.com.br\\\/?author=2\"}]}<\/script>\n<!-- \/ Yoast SEO plugin. -->","yoast_head_json":{"title":"Petrolina j\u00e1 recuperou mais de 1 mil km de estradas vicinais no primeiro semestre de 2023 - Blog do Farn\u00e9sio","robots":{"index":"index","follow":"follow","max-snippet":"max-snippet:-1","max-image-preview":"max-image-preview:large","max-video-preview":"max-video-preview:-1"},"canonical":"https:\/\/blogdofarnesio.com.br\/?p=345608","og_locale":"pt_BR","og_type":"article","og_title":"Petrolina j\u00e1 recuperou mais de 1 mil km de estradas vicinais no primeiro semestre de 2023 - Blog do Farn\u00e9sio","og_description":"Uma das principais demandas da zona rural se concentra na recupera\u00e7\u00e3o e melhorias de estradas vicinais, que s\u00e3o os principais trechos de transporte escolar e escoamento da produ\u00e7\u00e3o agr\u00edcola de Petrolina, cidade do Sert\u00e3o pernambucano, considerada a melhor cidade do Brasil na \u00e1rea do agroneg\u00f3cio. At\u00e9 este in\u00edcio de julho, a Prefeitura Municipal, por meio da Secretaria de Agricultura, j\u00e1 conseguiu atender diversas localidades, realizando as opera\u00e7\u00f5es de Patrolamento e Tapa-buracos e recuperando 1.104 km de vias. Em junho, a Secretaria de Agricultura conseguiu o melhoramento de 325 km em localidades como Budim, Fazenda Cachoeira, Embrapa at\u00e9 Gavi\u00e3o, Caldeir\u00e3o, Baixa Grande, Baixa do Buraco, Regi\u00e3o do Capim, Lagoa dos Cavalos, Varginha, Cacimba do Baltazar, e Cai\u00e7ara. J\u00e1 nesta metade de&hellip;","og_url":"https:\/\/blogdofarnesio.com.br\/?p=345608","og_site_name":"Blog do Farn\u00e9sio","article_publisher":"https:\/\/www.facebook.com\/BlogQuerSaberPolitica\/","article_author":"https:\/\/www.facebook.com\/?ref=tn_tnmn","article_published_time":"2023-07-18T10:42:24+00:00","og_image":[{"width":448,"height":252,"url":"https:\/\/blogdofarnesio.com.br\/wp-content\/uploads\/2015\/05\/blogqsp.patrolamento.mandacaru.corredor.petrolina.jpg","type":"image\/jpeg"}],"author":"Farn\u00e9sio","twitter_card":"summary_large_image","twitter_misc":{"Escrito por":"Farn\u00e9sio","Est. tempo de leitura":"2 minutos"},"schema":{"@context":"https:\/\/schema.org","@graph":[{"@type":"Article","@id":"https:\/\/blogdofarnesio.com.br\/?p=345608#article","isPartOf":{"@id":"https:\/\/blogdofarnesio.com.br\/?p=345608"},"author":{"name":"Farn\u00e9sio","@id":"https:\/\/blogdofarnesio.com.br\/#\/schema\/person\/bb9b23ae3ad0609ce8df7b6c9e76824d"},"headline":"Petrolina j\u00e1 recuperou mais de 1 mil km de estradas vicinais no primeiro semestre de 2023","datePublished":"2023-07-18T10:42:24+00:00","mainEntityOfPage":{"@id":"https:\/\/blogdofarnesio.com.br\/?p=345608"},"wordCount":316,"commentCount":0,"publisher":{"@id":"https:\/\/blogdofarnesio.com.br\/#organization"},"image":{"@id":"https:\/\/blogdofarnesio.com.br\/?p=345608#primaryimage"},"thumbnailUrl":"https:\/\/blogdofarnesio.com.br\/wp-content\/uploads\/2015\/05\/blogqsp.patrolamento.mandacaru.corredor.petrolina.jpg","articleSection":["Estradas"],"inLanguage":"pt-BR","potentialAction":[{"@type":"CommentAction","name":"Comment","target":["https:\/\/blogdofarnesio.com.br\/?p=345608#respond"]}]},{"@type":"WebPage","@id":"https:\/\/blogdofarnesio.com.br\/?p=345608","url":"https:\/\/blogdofarnesio.com.br\/?p=345608","name":"Petrolina j\u00e1 recuperou mais de 1 mil km de estradas vicinais no primeiro semestre de 2023 - Blog do Farn\u00e9sio","isPartOf":{"@id":"https:\/\/blogdofarnesio.com.br\/#website"},"primaryImageOfPage":{"@id":"https:\/\/blogdofarnesio.com.br\/?p=345608#primaryimage"},"image":{"@id":"https:\/\/blogdofarnesio.com.br\/?p=345608#primaryimage"},"thumbnailUrl":"https:\/\/blogdofarnesio.com.br\/wp-content\/uploads\/2015\/05\/blogqsp.patrolamento.mandacaru.corredor.petrolina.jpg","datePublished":"2023-07-18T10:42:24+00:00","breadcrumb":{"@id":"https:\/\/blogdofarnesio.com.br\/?p=345608#breadcrumb"},"inLanguage":"pt-BR","potentialAction":[{"@type":"ReadAction","target":["https:\/\/blogdofarnesio.com.br\/?p=345608"]}]},{"@type":"ImageObject","inLanguage":"pt-BR","@id":"https:\/\/blogdofarnesio.com.br\/?p=345608#primaryimage","url":"https:\/\/blogdofarnesio.com.br\/wp-content\/uploads\/2015\/05\/blogqsp.patrolamento.mandacaru.corredor.petrolina.jpg","contentUrl":"https:\/\/blogdofarnesio.com.br\/wp-content\/uploads\/2015\/05\/blogqsp.patrolamento.mandacaru.corredor.petrolina.jpg","width":448,"height":252},{"@type":"BreadcrumbList","@id":"https:\/\/blogdofarnesio.com.br\/?p=345608#breadcrumb","itemListElement":[{"@type":"ListItem","position":1,"name":"In\u00edcio","item":"https:\/\/blogdofarnesio.com.br\/"},{"@type":"ListItem","position":2,"name":"Petrolina j\u00e1 recuperou mais de 1 mil km de estradas vicinais no primeiro semestre de 2023"}]},{"@type":"WebSite","@id":"https:\/\/blogdofarnesio.com.br\/#website","url":"https:\/\/blogdofarnesio.com.br\/","name":"Blog do Farn\u00e9sio","description":"Quer Saber Pol\u00edtica?","publisher":{"@id":"https:\/\/blogdofarnesio.com.br\/#organization"},"potentialAction":[{"@type":"SearchAction","target":{"@type":"EntryPoint","urlTemplate":"https:\/\/blogdofarnesio.com.br\/?s={search_term_string}"},"query-input":{"@type":"PropertyValueSpecification","valueRequired":true,"valueName":"search_term_string"}}],"inLanguage":"pt-BR"},{"@type":"Organization","@id":"https:\/\/blogdofarnesio.com.br\/#organization","name":"Blog do Farn\u00e9sio","url":"https:\/\/blogdofarnesio.com.br\/","logo":{"@type":"ImageObject","inLanguage":"pt-BR","@id":"https:\/\/blogdofarnesio.com.br\/#\/schema\/logo\/image\/","url":"https:\/\/blogdofarnesio.com.br\/wp-content\/uploads\/2026\/03\/cropped-logo_new-1.png","contentUrl":"https:\/\/blogdofarnesio.com.br\/wp-content\/uploads\/2026\/03\/cropped-logo_new-1.png","width":881,"height":685,"caption":"Blog do Farn\u00e9sio"},"image":{"@id":"https:\/\/blogdofarnesio.com.br\/#\/schema\/logo\/image\/"},"sameAs":["https:\/\/www.facebook.com\/BlogQuerSaberPolitica\/"]},{"@type":"Person","@id":"https:\/\/blogdofarnesio.com.br\/#\/schema\/person\/bb9b23ae3ad0609ce8df7b6c9e76824d","name":"Farn\u00e9sio","image":{"@type":"ImageObject","inLanguage":"pt-BR","@id":"https:\/\/secure.gravatar.com\/avatar\/986aa4c61ccdb66f8555bf88fc2a65609d00bcabd4d2d94377a727547345cbca?s=96&d=mm&r=g","url":"https:\/\/secure.gravatar.com\/avatar\/986aa4c61ccdb66f8555bf88fc2a65609d00bcabd4d2d94377a727547345cbca?s=96&d=mm&r=g","contentUrl":"https:\/\/secure.gravatar.com\/avatar\/986aa4c61ccdb66f8555bf88fc2a65609d00bcabd4d2d94377a727547345cbca?s=96&d=mm&r=g","caption":"Farn\u00e9sio"},"description":"Radialista blogueiro, chegou a Petrolina\/Juazeiro em setembro de 1980, Farn\u00e9sio Silva \u00e9 de Arapiraca-Alagoas.","sameAs":["http:\/\/blogdofarnesio.com.br","https:\/\/www.facebook.com\/?ref=tn_tnmn","https:\/\/www.instagram.com\/?utm_source=pwa_homescreen","https:\/\/youtube.com.br\/"],"url":"https:\/\/blogdofarnesio.com.br\/?author=2"}]}},"_links":{"self":[{"href":"https:\/\/blogdofarnesio.com.br\/index.php?rest_route=\/wp\/v2\/posts\/345608","targetHints":{"allow":["GET"]}}],"collection":[{"href":"https:\/\/blogdofarnesio.com.br\/index.php?rest_route=\/wp\/v2\/posts"}],"about":[{"href":"https:\/\/blogdofarnesio.com.br\/index.php?rest_route=\/wp\/v2\/types\/post"}],"author":[{"embeddable":true,"href":"https:\/\/blogdofarnesio.com.br\/index.php?rest_route=\/wp\/v2\/users\/2"}],"replies":[{"embeddable":true,"href":"https:\/\/blogdofarnesio.com.br\/index.php?rest_route=%2Fwp%2Fv2%2Fcomments&post=345608"}],"version-history":[{"count":0,"href":"https:\/\/blogdofarnesio.com.br\/index.php?rest_route=\/wp\/v2\/posts\/345608\/revisions"}],"wp:featuredmedia":[{"embeddable":true,"href":"https:\/\/blogdofarnesio.com.br\/index.php?rest_route=\/wp\/v2\/media\/124221"}],"wp:attachment":[{"href":"https:\/\/blogdofarnesio.com.br\/index.php?rest_route=%2Fwp%2Fv2%2Fmedia&parent=345608"}],"wp:term":[{"taxonomy":"category","embeddable":true,"href":"https:\/\/blogdofarnesio.com.br\/index.php?rest_route=%2Fwp%2Fv2%2Fcategories&post=345608"},{"taxonomy":"post_tag","embeddable":true,"href":"https:\/\/blogdofarnesio.com.br\/index.php?rest_route=%2Fwp%2Fv2%2Ftags&post=345608"}],"curies":[{"name":"wp","href":"https:\/\/api.w.org\/{rel}","templated":true}]}}