{"id":345591,"date":"2023-07-17T14:42:17","date_gmt":"2023-07-17T17:42:17","guid":{"rendered":"https:\/\/blogdofarnesio.com.br\/?p=345591"},"modified":"2023-07-17T14:35:14","modified_gmt":"2023-07-17T17:35:14","slug":"policia-desmantela-plantacao-de-maconha-na-fazenda-poco-da-pedra-floresta-com-mais-de-63-mil-pes-da-erva","status":"publish","type":"post","link":"https:\/\/blogdofarnesio.com.br\/?p=345591","title":{"rendered":"Pol\u00edcia desmantela segunda planta\u00e7\u00e3o de maconha em dois dias, na Fazenda Po\u00e7o da Pedra\/Floresta, com mais de 63 mil p\u00e9s da &#8216;erva&#8217;"},"content":{"rendered":"<div class=\"post-header\">\n<div class=\"post-header-line-1\">Na tarde de s\u00e1bado (15), mais uma vez equipe policial erradicou uma ro\u00e7a de maconha na zona rural de Floresta, no Sert\u00e3o pernambucano, e de novo na Fazenda Po\u00e7o da Pedra, s\u00f3 que desta vez muito maior a ro\u00e7a, mais de 63 mil p\u00e9s de maconha.<\/div>\n<\/div>\n<div id=\"post-body-2434703670187295439\" class=\"post-body entry-content\">\n<p>Vale salientar que na \u00faltima sexta-feira (14), a pol\u00edcia erradicou mais de 15 mil p\u00e9s de maconha na mesma localidade. Cindo suspeitos foram levados para a Delegacia de Floresta, foram autuados e est\u00e3o respondendo por portaria. <a href=\"https:\/\/opovocomanoticia.blogspot.com\/2023\/07\/em-floresta-cinco-traficantes-sao.html\">No caso, eles n\u00e3o ficaram presos<\/a>.<\/p>\n<p class=\"selectable-text copyable-text iq0m558w g0rxnol2\" dir=\"ltr\">Voltando a ocorr\u00eancia de s\u00e1bado dia (15), os PMs encontraram aproximadamente 63.830 p\u00e9s da planta em fase de colheita. Al\u00e9m disso, foi apreendida uma quantidade de maconha pronta para consumo, pesando cerca de 900 gramas. A planta\u00e7\u00e3o foi erradicada e incinerada no local, e uma amostra foi levada para a Delegacia de Pol\u00edcia Civil de Floresta. Desta vez ningu\u00e9m foi conduzido para a DP. <a href=\"https:\/\/opovocomanoticia.blogspot.com\/2023\/07\/em-floresta-cinco-traficantes-sao.html\">(Mat\u00e9ria relacionada, clique aqui)<\/a>.<\/p>\n<p class=\"selectable-text copyable-text iq0m558w g0rxnol2\" dir=\"ltr\">Veja v\u00eddeos:<\/p>\n<div class=\"separator\"><iframe loading=\"lazy\" id=\"BLOGGER-video-769cd529284f54cf-4926\" class=\"b-hbp-video b-uploaded\" src=\"https:\/\/www.blogger.com\/video.g?token=AD6v5dxTGt7lj_M2bSQyRUZGMWdT_mvFsRScgaD5GSVMfxEKyBNve1vwp0GzK-vhmsikZOmbd4CsaXe-DBDI3ZoUdO8JvepwX8r9s0a0EO-fFJfgL6CXwDvoEsf3ZI3bwIVXGjG5J1g\" width=\"505\" height=\"420\" frameborder=\"0\" allowfullscreen=\"allowfullscreen\" data-mce-fragment=\"1\"><\/iframe><\/div>\n<div class=\"separator\"><iframe loading=\"lazy\" id=\"BLOGGER-video-ca4240222b95df50-6839\" class=\"b-hbp-video b-uploaded\" src=\"https:\/\/www.blogger.com\/video.g?token=AD6v5dxiJ5q9wOFcIYN3u_MzsWz40zYS5tpcFA6narOHP0OOviYbrKc0YSP4vsBYwBawlwuDi9Bb3IFgAXS7GVSVe2x8vAKMHcStYP8_CFLrMYKCLsOyAN5_zHdK5DN_Z1lxv3bTCNM\" width=\"503\" height=\"418\" frameborder=\"0\" allowfullscreen=\"allowfullscreen\" data-mce-fragment=\"1\"><\/iframe><\/div>\n<div>\u00a0Fonte: <span class=\"fn\"><a title=\"author profile\" href=\"https:\/\/www.blogger.com\/profile\/01528207517734121312\" rel=\"author\">Blog O Povo com a Not\u00edcia\u00a0<\/a><\/span><\/div>\n<\/div>\n","protected":false},"excerpt":{"rendered":"<p>Na tarde de s\u00e1bado (15), mais uma vez equipe policial erradicou uma ro\u00e7a de maconha na zona rural de Floresta, no Sert\u00e3o pernambucano, e de novo na Fazenda Po\u00e7o da Pedra, s\u00f3 que desta vez muito maior a ro\u00e7a, mais de 63 mil p\u00e9s de maconha. Vale salientar que na \u00faltima sexta-feira (14), a pol\u00edcia erradicou mais de 15 mil p\u00e9s de maconha na mesma localidade. Cindo suspeitos foram levados para a Delegacia de Floresta, foram autuados e est\u00e3o respondendo por portaria. No caso, eles n\u00e3o ficaram presos. Voltando a ocorr\u00eancia de s\u00e1bado dia (15), os PMs encontraram aproximadamente 63.830 p\u00e9s da planta em fase de colheita. Al\u00e9m disso, foi apreendida uma quantidade de maconha pronta para consumo, pesando cerca&hellip; <\/p>\n","protected":false},"author":2,"featured_media":308935,"comment_status":"open","ping_status":"open","sticky":false,"template":"","format":"standard","meta":{"_acf_changed":false,"footnotes":""},"categories":[27,9],"tags":[],"class_list":["post-345591","post","type-post","status-publish","format-standard","has-post-thumbnail","hentry","category-cidades","category-policia"],"acf":[],"yoast_head":"<!-- This site is optimized with the Yoast SEO plugin v27.4 - https:\/\/yoast.com\/product\/yoast-seo-wordpress\/ -->\n<title>Pol\u00edcia desmantela segunda planta\u00e7\u00e3o de maconha em dois dias, na Fazenda Po\u00e7o da Pedra\/Floresta, com mais de 63 mil p\u00e9s da &#039;erva&#039; - Blog do Farn\u00e9sio<\/title>\n<meta name=\"robots\" content=\"index, follow, max-snippet:-1, max-image-preview:large, max-video-preview:-1\" \/>\n<link rel=\"canonical\" href=\"https:\/\/blogdofarnesio.com.br\/?p=345591\" \/>\n<meta property=\"og:locale\" content=\"pt_BR\" \/>\n<meta property=\"og:type\" content=\"article\" \/>\n<meta property=\"og:title\" content=\"Pol\u00edcia desmantela segunda planta\u00e7\u00e3o de maconha em dois dias, na Fazenda Po\u00e7o da Pedra\/Floresta, com mais de 63 mil p\u00e9s da &#039;erva&#039; - Blog do Farn\u00e9sio\" \/>\n<meta property=\"og:description\" content=\"Na tarde de s\u00e1bado (15), mais uma vez equipe policial erradicou uma ro\u00e7a de maconha na zona rural de Floresta, no Sert\u00e3o pernambucano, e de novo na Fazenda Po\u00e7o da Pedra, s\u00f3 que desta vez muito maior a ro\u00e7a, mais de 63 mil p\u00e9s de maconha. Vale salientar que na \u00faltima sexta-feira (14), a pol\u00edcia erradicou mais de 15 mil p\u00e9s de maconha na mesma localidade. Cindo suspeitos foram levados para a Delegacia de Floresta, foram autuados e est\u00e3o respondendo por portaria. No caso, eles n\u00e3o ficaram presos. Voltando a ocorr\u00eancia de s\u00e1bado dia (15), os PMs encontraram aproximadamente 63.830 p\u00e9s da planta em fase de colheita. Al\u00e9m disso, foi apreendida uma quantidade de maconha pronta para consumo, pesando cerca&hellip;\" \/>\n<meta property=\"og:url\" content=\"https:\/\/blogdofarnesio.com.br\/?p=345591\" \/>\n<meta property=\"og:site_name\" content=\"Blog do Farn\u00e9sio\" \/>\n<meta property=\"article:publisher\" content=\"https:\/\/www.facebook.com\/BlogQuerSaberPolitica\/\" \/>\n<meta property=\"article:author\" content=\"https:\/\/www.facebook.com\/?ref=tn_tnmn\" \/>\n<meta property=\"article:published_time\" content=\"2023-07-17T17:42:17+00:00\" \/>\n<meta property=\"og:image\" content=\"https:\/\/blogdofarnesio.com.br\/wp-content\/uploads\/2022\/03\/blogqspremanso-maconha.jpg\" \/>\n\t<meta property=\"og:image:width\" content=\"750\" \/>\n\t<meta property=\"og:image:height\" content=\"375\" \/>\n\t<meta property=\"og:image:type\" content=\"image\/jpeg\" \/>\n<meta name=\"author\" content=\"Farn\u00e9sio\" \/>\n<meta name=\"twitter:card\" content=\"summary_large_image\" \/>\n<meta name=\"twitter:label1\" content=\"Escrito por\" \/>\n\t<meta name=\"twitter:data1\" content=\"Farn\u00e9sio\" \/>\n\t<meta name=\"twitter:label2\" content=\"Est. tempo de leitura\" \/>\n\t<meta name=\"twitter:data2\" content=\"1 minuto\" \/>\n<script type=\"application\/ld+json\" class=\"yoast-schema-graph\">{\"@context\":\"https:\\\/\\\/schema.org\",\"@graph\":[{\"@type\":\"Article\",\"@id\":\"https:\\\/\\\/blogdofarnesio.com.br\\\/?p=345591#article\",\"isPartOf\":{\"@id\":\"https:\\\/\\\/blogdofarnesio.com.br\\\/?p=345591\"},\"author\":{\"name\":\"Farn\u00e9sio\",\"@id\":\"https:\\\/\\\/blogdofarnesio.com.br\\\/#\\\/schema\\\/person\\\/bb9b23ae3ad0609ce8df7b6c9e76824d\"},\"headline\":\"Pol\u00edcia desmantela segunda planta\u00e7\u00e3o de maconha em dois dias, na Fazenda Po\u00e7o da Pedra\\\/Floresta, com mais de 63 mil p\u00e9s da &#8216;erva&#8217;\",\"datePublished\":\"2023-07-17T17:42:17+00:00\",\"mainEntityOfPage\":{\"@id\":\"https:\\\/\\\/blogdofarnesio.com.br\\\/?p=345591\"},\"wordCount\":204,\"commentCount\":0,\"publisher\":{\"@id\":\"https:\\\/\\\/blogdofarnesio.com.br\\\/#organization\"},\"image\":{\"@id\":\"https:\\\/\\\/blogdofarnesio.com.br\\\/?p=345591#primaryimage\"},\"thumbnailUrl\":\"https:\\\/\\\/blogdofarnesio.com.br\\\/wp-content\\\/uploads\\\/2022\\\/03\\\/blogqspremanso-maconha.jpg\",\"articleSection\":[\"Cidades\",\"Pol\u00edcia\"],\"inLanguage\":\"pt-BR\",\"potentialAction\":[{\"@type\":\"CommentAction\",\"name\":\"Comment\",\"target\":[\"https:\\\/\\\/blogdofarnesio.com.br\\\/?p=345591#respond\"]}]},{\"@type\":\"WebPage\",\"@id\":\"https:\\\/\\\/blogdofarnesio.com.br\\\/?p=345591\",\"url\":\"https:\\\/\\\/blogdofarnesio.com.br\\\/?p=345591\",\"name\":\"Pol\u00edcia desmantela segunda planta\u00e7\u00e3o de maconha em dois dias, na Fazenda Po\u00e7o da Pedra\\\/Floresta, com mais de 63 mil p\u00e9s da 'erva' - Blog do Farn\u00e9sio\",\"isPartOf\":{\"@id\":\"https:\\\/\\\/blogdofarnesio.com.br\\\/#website\"},\"primaryImageOfPage\":{\"@id\":\"https:\\\/\\\/blogdofarnesio.com.br\\\/?p=345591#primaryimage\"},\"image\":{\"@id\":\"https:\\\/\\\/blogdofarnesio.com.br\\\/?p=345591#primaryimage\"},\"thumbnailUrl\":\"https:\\\/\\\/blogdofarnesio.com.br\\\/wp-content\\\/uploads\\\/2022\\\/03\\\/blogqspremanso-maconha.jpg\",\"datePublished\":\"2023-07-17T17:42:17+00:00\",\"breadcrumb\":{\"@id\":\"https:\\\/\\\/blogdofarnesio.com.br\\\/?p=345591#breadcrumb\"},\"inLanguage\":\"pt-BR\",\"potentialAction\":[{\"@type\":\"ReadAction\",\"target\":[\"https:\\\/\\\/blogdofarnesio.com.br\\\/?p=345591\"]}]},{\"@type\":\"ImageObject\",\"inLanguage\":\"pt-BR\",\"@id\":\"https:\\\/\\\/blogdofarnesio.com.br\\\/?p=345591#primaryimage\",\"url\":\"https:\\\/\\\/blogdofarnesio.com.br\\\/wp-content\\\/uploads\\\/2022\\\/03\\\/blogqspremanso-maconha.jpg\",\"contentUrl\":\"https:\\\/\\\/blogdofarnesio.com.br\\\/wp-content\\\/uploads\\\/2022\\\/03\\\/blogqspremanso-maconha.jpg\",\"width\":750,\"height\":375},{\"@type\":\"BreadcrumbList\",\"@id\":\"https:\\\/\\\/blogdofarnesio.com.br\\\/?p=345591#breadcrumb\",\"itemListElement\":[{\"@type\":\"ListItem\",\"position\":1,\"name\":\"In\u00edcio\",\"item\":\"https:\\\/\\\/blogdofarnesio.com.br\\\/\"},{\"@type\":\"ListItem\",\"position\":2,\"name\":\"Pol\u00edcia desmantela segunda planta\u00e7\u00e3o de maconha em dois dias, na Fazenda Po\u00e7o da Pedra\\\/Floresta, com mais de 63 mil p\u00e9s da &#8216;erva&#8217;\"}]},{\"@type\":\"WebSite\",\"@id\":\"https:\\\/\\\/blogdofarnesio.com.br\\\/#website\",\"url\":\"https:\\\/\\\/blogdofarnesio.com.br\\\/\",\"name\":\"Blog do Farn\u00e9sio\",\"description\":\"Quer Saber Pol\u00edtica?\",\"publisher\":{\"@id\":\"https:\\\/\\\/blogdofarnesio.com.br\\\/#organization\"},\"potentialAction\":[{\"@type\":\"SearchAction\",\"target\":{\"@type\":\"EntryPoint\",\"urlTemplate\":\"https:\\\/\\\/blogdofarnesio.com.br\\\/?s={search_term_string}\"},\"query-input\":{\"@type\":\"PropertyValueSpecification\",\"valueRequired\":true,\"valueName\":\"search_term_string\"}}],\"inLanguage\":\"pt-BR\"},{\"@type\":\"Organization\",\"@id\":\"https:\\\/\\\/blogdofarnesio.com.br\\\/#organization\",\"name\":\"Blog do Farn\u00e9sio\",\"url\":\"https:\\\/\\\/blogdofarnesio.com.br\\\/\",\"logo\":{\"@type\":\"ImageObject\",\"inLanguage\":\"pt-BR\",\"@id\":\"https:\\\/\\\/blogdofarnesio.com.br\\\/#\\\/schema\\\/logo\\\/image\\\/\",\"url\":\"https:\\\/\\\/blogdofarnesio.com.br\\\/wp-content\\\/uploads\\\/2026\\\/03\\\/cropped-logo_new-1.png\",\"contentUrl\":\"https:\\\/\\\/blogdofarnesio.com.br\\\/wp-content\\\/uploads\\\/2026\\\/03\\\/cropped-logo_new-1.png\",\"width\":881,\"height\":685,\"caption\":\"Blog do Farn\u00e9sio\"},\"image\":{\"@id\":\"https:\\\/\\\/blogdofarnesio.com.br\\\/#\\\/schema\\\/logo\\\/image\\\/\"},\"sameAs\":[\"https:\\\/\\\/www.facebook.com\\\/BlogQuerSaberPolitica\\\/\"]},{\"@type\":\"Person\",\"@id\":\"https:\\\/\\\/blogdofarnesio.com.br\\\/#\\\/schema\\\/person\\\/bb9b23ae3ad0609ce8df7b6c9e76824d\",\"name\":\"Farn\u00e9sio\",\"image\":{\"@type\":\"ImageObject\",\"inLanguage\":\"pt-BR\",\"@id\":\"https:\\\/\\\/secure.gravatar.com\\\/avatar\\\/986aa4c61ccdb66f8555bf88fc2a65609d00bcabd4d2d94377a727547345cbca?s=96&d=mm&r=g\",\"url\":\"https:\\\/\\\/secure.gravatar.com\\\/avatar\\\/986aa4c61ccdb66f8555bf88fc2a65609d00bcabd4d2d94377a727547345cbca?s=96&d=mm&r=g\",\"contentUrl\":\"https:\\\/\\\/secure.gravatar.com\\\/avatar\\\/986aa4c61ccdb66f8555bf88fc2a65609d00bcabd4d2d94377a727547345cbca?s=96&d=mm&r=g\",\"caption\":\"Farn\u00e9sio\"},\"description\":\"Radialista blogueiro, chegou a Petrolina\\\/Juazeiro em setembro de 1980, Farn\u00e9sio Silva \u00e9 de Arapiraca-Alagoas.\",\"sameAs\":[\"http:\\\/\\\/blogdofarnesio.com.br\",\"https:\\\/\\\/www.facebook.com\\\/?ref=tn_tnmn\",\"https:\\\/\\\/www.instagram.com\\\/?utm_source=pwa_homescreen\",\"https:\\\/\\\/youtube.com.br\\\/\"],\"url\":\"https:\\\/\\\/blogdofarnesio.com.br\\\/?author=2\"}]}<\/script>\n<!-- \/ Yoast SEO plugin. -->","yoast_head_json":{"title":"Pol\u00edcia desmantela segunda planta\u00e7\u00e3o de maconha em dois dias, na Fazenda Po\u00e7o da Pedra\/Floresta, com mais de 63 mil p\u00e9s da 'erva' - Blog do Farn\u00e9sio","robots":{"index":"index","follow":"follow","max-snippet":"max-snippet:-1","max-image-preview":"max-image-preview:large","max-video-preview":"max-video-preview:-1"},"canonical":"https:\/\/blogdofarnesio.com.br\/?p=345591","og_locale":"pt_BR","og_type":"article","og_title":"Pol\u00edcia desmantela segunda planta\u00e7\u00e3o de maconha em dois dias, na Fazenda Po\u00e7o da Pedra\/Floresta, com mais de 63 mil p\u00e9s da 'erva' - Blog do Farn\u00e9sio","og_description":"Na tarde de s\u00e1bado (15), mais uma vez equipe policial erradicou uma ro\u00e7a de maconha na zona rural de Floresta, no Sert\u00e3o pernambucano, e de novo na Fazenda Po\u00e7o da Pedra, s\u00f3 que desta vez muito maior a ro\u00e7a, mais de 63 mil p\u00e9s de maconha. Vale salientar que na \u00faltima sexta-feira (14), a pol\u00edcia erradicou mais de 15 mil p\u00e9s de maconha na mesma localidade. Cindo suspeitos foram levados para a Delegacia de Floresta, foram autuados e est\u00e3o respondendo por portaria. No caso, eles n\u00e3o ficaram presos. Voltando a ocorr\u00eancia de s\u00e1bado dia (15), os PMs encontraram aproximadamente 63.830 p\u00e9s da planta em fase de colheita. Al\u00e9m disso, foi apreendida uma quantidade de maconha pronta para consumo, pesando cerca&hellip;","og_url":"https:\/\/blogdofarnesio.com.br\/?p=345591","og_site_name":"Blog do Farn\u00e9sio","article_publisher":"https:\/\/www.facebook.com\/BlogQuerSaberPolitica\/","article_author":"https:\/\/www.facebook.com\/?ref=tn_tnmn","article_published_time":"2023-07-17T17:42:17+00:00","og_image":[{"width":750,"height":375,"url":"https:\/\/blogdofarnesio.com.br\/wp-content\/uploads\/2022\/03\/blogqspremanso-maconha.jpg","type":"image\/jpeg"}],"author":"Farn\u00e9sio","twitter_card":"summary_large_image","twitter_misc":{"Escrito por":"Farn\u00e9sio","Est. tempo de leitura":"1 minuto"},"schema":{"@context":"https:\/\/schema.org","@graph":[{"@type":"Article","@id":"https:\/\/blogdofarnesio.com.br\/?p=345591#article","isPartOf":{"@id":"https:\/\/blogdofarnesio.com.br\/?p=345591"},"author":{"name":"Farn\u00e9sio","@id":"https:\/\/blogdofarnesio.com.br\/#\/schema\/person\/bb9b23ae3ad0609ce8df7b6c9e76824d"},"headline":"Pol\u00edcia desmantela segunda planta\u00e7\u00e3o de maconha em dois dias, na Fazenda Po\u00e7o da Pedra\/Floresta, com mais de 63 mil p\u00e9s da &#8216;erva&#8217;","datePublished":"2023-07-17T17:42:17+00:00","mainEntityOfPage":{"@id":"https:\/\/blogdofarnesio.com.br\/?p=345591"},"wordCount":204,"commentCount":0,"publisher":{"@id":"https:\/\/blogdofarnesio.com.br\/#organization"},"image":{"@id":"https:\/\/blogdofarnesio.com.br\/?p=345591#primaryimage"},"thumbnailUrl":"https:\/\/blogdofarnesio.com.br\/wp-content\/uploads\/2022\/03\/blogqspremanso-maconha.jpg","articleSection":["Cidades","Pol\u00edcia"],"inLanguage":"pt-BR","potentialAction":[{"@type":"CommentAction","name":"Comment","target":["https:\/\/blogdofarnesio.com.br\/?p=345591#respond"]}]},{"@type":"WebPage","@id":"https:\/\/blogdofarnesio.com.br\/?p=345591","url":"https:\/\/blogdofarnesio.com.br\/?p=345591","name":"Pol\u00edcia desmantela segunda planta\u00e7\u00e3o de maconha em dois dias, na Fazenda Po\u00e7o da Pedra\/Floresta, com mais de 63 mil p\u00e9s da 'erva' - Blog do Farn\u00e9sio","isPartOf":{"@id":"https:\/\/blogdofarnesio.com.br\/#website"},"primaryImageOfPage":{"@id":"https:\/\/blogdofarnesio.com.br\/?p=345591#primaryimage"},"image":{"@id":"https:\/\/blogdofarnesio.com.br\/?p=345591#primaryimage"},"thumbnailUrl":"https:\/\/blogdofarnesio.com.br\/wp-content\/uploads\/2022\/03\/blogqspremanso-maconha.jpg","datePublished":"2023-07-17T17:42:17+00:00","breadcrumb":{"@id":"https:\/\/blogdofarnesio.com.br\/?p=345591#breadcrumb"},"inLanguage":"pt-BR","potentialAction":[{"@type":"ReadAction","target":["https:\/\/blogdofarnesio.com.br\/?p=345591"]}]},{"@type":"ImageObject","inLanguage":"pt-BR","@id":"https:\/\/blogdofarnesio.com.br\/?p=345591#primaryimage","url":"https:\/\/blogdofarnesio.com.br\/wp-content\/uploads\/2022\/03\/blogqspremanso-maconha.jpg","contentUrl":"https:\/\/blogdofarnesio.com.br\/wp-content\/uploads\/2022\/03\/blogqspremanso-maconha.jpg","width":750,"height":375},{"@type":"BreadcrumbList","@id":"https:\/\/blogdofarnesio.com.br\/?p=345591#breadcrumb","itemListElement":[{"@type":"ListItem","position":1,"name":"In\u00edcio","item":"https:\/\/blogdofarnesio.com.br\/"},{"@type":"ListItem","position":2,"name":"Pol\u00edcia desmantela segunda planta\u00e7\u00e3o de maconha em dois dias, na Fazenda Po\u00e7o da Pedra\/Floresta, com mais de 63 mil p\u00e9s da &#8216;erva&#8217;"}]},{"@type":"WebSite","@id":"https:\/\/blogdofarnesio.com.br\/#website","url":"https:\/\/blogdofarnesio.com.br\/","name":"Blog do Farn\u00e9sio","description":"Quer Saber Pol\u00edtica?","publisher":{"@id":"https:\/\/blogdofarnesio.com.br\/#organization"},"potentialAction":[{"@type":"SearchAction","target":{"@type":"EntryPoint","urlTemplate":"https:\/\/blogdofarnesio.com.br\/?s={search_term_string}"},"query-input":{"@type":"PropertyValueSpecification","valueRequired":true,"valueName":"search_term_string"}}],"inLanguage":"pt-BR"},{"@type":"Organization","@id":"https:\/\/blogdofarnesio.com.br\/#organization","name":"Blog do Farn\u00e9sio","url":"https:\/\/blogdofarnesio.com.br\/","logo":{"@type":"ImageObject","inLanguage":"pt-BR","@id":"https:\/\/blogdofarnesio.com.br\/#\/schema\/logo\/image\/","url":"https:\/\/blogdofarnesio.com.br\/wp-content\/uploads\/2026\/03\/cropped-logo_new-1.png","contentUrl":"https:\/\/blogdofarnesio.com.br\/wp-content\/uploads\/2026\/03\/cropped-logo_new-1.png","width":881,"height":685,"caption":"Blog do Farn\u00e9sio"},"image":{"@id":"https:\/\/blogdofarnesio.com.br\/#\/schema\/logo\/image\/"},"sameAs":["https:\/\/www.facebook.com\/BlogQuerSaberPolitica\/"]},{"@type":"Person","@id":"https:\/\/blogdofarnesio.com.br\/#\/schema\/person\/bb9b23ae3ad0609ce8df7b6c9e76824d","name":"Farn\u00e9sio","image":{"@type":"ImageObject","inLanguage":"pt-BR","@id":"https:\/\/secure.gravatar.com\/avatar\/986aa4c61ccdb66f8555bf88fc2a65609d00bcabd4d2d94377a727547345cbca?s=96&d=mm&r=g","url":"https:\/\/secure.gravatar.com\/avatar\/986aa4c61ccdb66f8555bf88fc2a65609d00bcabd4d2d94377a727547345cbca?s=96&d=mm&r=g","contentUrl":"https:\/\/secure.gravatar.com\/avatar\/986aa4c61ccdb66f8555bf88fc2a65609d00bcabd4d2d94377a727547345cbca?s=96&d=mm&r=g","caption":"Farn\u00e9sio"},"description":"Radialista blogueiro, chegou a Petrolina\/Juazeiro em setembro de 1980, Farn\u00e9sio Silva \u00e9 de Arapiraca-Alagoas.","sameAs":["http:\/\/blogdofarnesio.com.br","https:\/\/www.facebook.com\/?ref=tn_tnmn","https:\/\/www.instagram.com\/?utm_source=pwa_homescreen","https:\/\/youtube.com.br\/"],"url":"https:\/\/blogdofarnesio.com.br\/?author=2"}]}},"_links":{"self":[{"href":"https:\/\/blogdofarnesio.com.br\/index.php?rest_route=\/wp\/v2\/posts\/345591","targetHints":{"allow":["GET"]}}],"collection":[{"href":"https:\/\/blogdofarnesio.com.br\/index.php?rest_route=\/wp\/v2\/posts"}],"about":[{"href":"https:\/\/blogdofarnesio.com.br\/index.php?rest_route=\/wp\/v2\/types\/post"}],"author":[{"embeddable":true,"href":"https:\/\/blogdofarnesio.com.br\/index.php?rest_route=\/wp\/v2\/users\/2"}],"replies":[{"embeddable":true,"href":"https:\/\/blogdofarnesio.com.br\/index.php?rest_route=%2Fwp%2Fv2%2Fcomments&post=345591"}],"version-history":[{"count":0,"href":"https:\/\/blogdofarnesio.com.br\/index.php?rest_route=\/wp\/v2\/posts\/345591\/revisions"}],"wp:featuredmedia":[{"embeddable":true,"href":"https:\/\/blogdofarnesio.com.br\/index.php?rest_route=\/wp\/v2\/media\/308935"}],"wp:attachment":[{"href":"https:\/\/blogdofarnesio.com.br\/index.php?rest_route=%2Fwp%2Fv2%2Fmedia&parent=345591"}],"wp:term":[{"taxonomy":"category","embeddable":true,"href":"https:\/\/blogdofarnesio.com.br\/index.php?rest_route=%2Fwp%2Fv2%2Fcategories&post=345591"},{"taxonomy":"post_tag","embeddable":true,"href":"https:\/\/blogdofarnesio.com.br\/index.php?rest_route=%2Fwp%2Fv2%2Ftags&post=345591"}],"curies":[{"name":"wp","href":"https:\/\/api.w.org\/{rel}","templated":true}]}}