{"id":345558,"date":"2023-07-17T13:00:39","date_gmt":"2023-07-17T16:00:39","guid":{"rendered":"https:\/\/blogdofarnesio.com.br\/?p=345558"},"modified":"2023-07-17T09:27:07","modified_gmt":"2023-07-17T12:27:07","slug":"programa-de-mobilidade-estudantil-interies-esta-com-inscricoes-abertas-para-facape","status":"publish","type":"post","link":"https:\/\/blogdofarnesio.com.br\/?p=345558","title":{"rendered":"Programa de Mobilidade Estudantil InterIES est\u00e1 com inscri\u00e7\u00f5es abertas para Facape"},"content":{"rendered":"<div id=\"viewlet-below-content-title\">\n<div id=\"plone-document-byline\" class=\"documentByLine\">Os discentes da Universidade Federal do Vale do S\u00e3o Francisco (Univasf) e das Institui\u00e7\u00f5es de Ensino Superior (IES) conveniadas ao Programa de Mobilidade Estudantil \u2013 Conv\u00eanio Univasf\/Uneb\/UPE\/Facape\/IFSert\u00e3oPE j\u00e1 podem se inscrever na sele\u00e7\u00e3o para cursar disciplinas na Faculdade de Petrolina (Facape) com in\u00edcio no 2\u00ba semestre de 2023.<\/div>\n<div><\/div>\n<div class=\"documentByLine\">Podem participar estudantes regularmente matriculados em cursos de gradua\u00e7\u00e3o da Univasf, Universidade de Pernambuco (UPE), Universidade do Estado da Bahia (Uneb) e do Instituto Federal do Sert\u00e3o Pernambucano (IFSert\u00e3oPE).<\/div>\n<div><\/div>\n<div class=\"documentByLine\">As inscri\u00e7\u00f5es podem ser realizadas at\u00e9 o dia 19 de julho.<\/div>\n<\/div>\n<div>\n<p>Os interessados devem fazer as inscri\u00e7\u00f5es nas suas IES de origem, como consta no\u00a0Edital N\u00ba 2\/2023, dispon\u00edvel no\u00a0<a href=\"https:\/\/portais.univasf.edu.br\/proen\/servicos-proen\/editais\/editais-2023\/edital-no-02-facape-11-07-2023-semestre-2023-2_assinado.pdf\/view\" target=\"_blank\" rel=\"noopener\">site da Pr\u00f3-Reitoria de Ensino<\/a>\u00a0(Proen).<\/p>\n<p>Na Univasf, os estudantes devem enviar para o e-mail\u00a0dpeg.proen@univasf.edu.br\u00a0os seguintes documentos: requerimento para inscri\u00e7\u00e3o (dispon\u00edvel no editaI); c\u00f3pia autenticada da identidade, CPF e comprovante de resid\u00eancia atualizado; hist\u00f3rico escolar emitido pelo setor respons\u00e1vel; comprovante de matr\u00edcula considerando o semestre letivo vigente no momento da inscri\u00e7\u00e3o; e ementas e conte\u00fados program\u00e1ticos das disciplinas que pretende cursar na Facape durante a mobilidade.<\/p>\n<p>Para se inscrever, o discente deve ter conclu\u00eddo pelo menos 20% da carga hor\u00e1ria de integraliza\u00e7\u00e3o do seu curso de gradua\u00e7\u00e3o, exclu\u00eddos o est\u00e1gio curricular e atividades complementares; n\u00e3o ter participado do Programa de Mobilidade Estudantil\u00a0InterIES\u00a0por tr\u00eas vezes consecutivas ou alternadas; estar apto a iniciar as atividades acad\u00eamicas no 2\u00ba semestre letivo de 2023 na Facape; e n\u00e3o exceder o limite semestral da carga hor\u00e1ria de disciplinas previsto no regimento interno da IES do participante.<\/p>\n<p>O resultado final do processo seletivo ser\u00e1 divulgado no dia 1\u00ba de agosto. A confirma\u00e7\u00e3o da matr\u00edcula com a presen\u00e7a do aluno na Facape ser\u00e1 nos dias 3 e 4 de agosto.<\/p>\n<\/div>\n","protected":false},"excerpt":{"rendered":"<p>Os discentes da Universidade Federal do Vale do S\u00e3o Francisco (Univasf) e das Institui\u00e7\u00f5es de Ensino Superior (IES) conveniadas ao Programa de Mobilidade Estudantil \u2013 Conv\u00eanio Univasf\/Uneb\/UPE\/Facape\/IFSert\u00e3oPE j\u00e1 podem se inscrever na sele\u00e7\u00e3o para cursar disciplinas na Faculdade de Petrolina (Facape) com in\u00edcio no 2\u00ba semestre de 2023. Podem participar estudantes regularmente matriculados em cursos de gradua\u00e7\u00e3o da Univasf, Universidade de Pernambuco (UPE), Universidade do Estado da Bahia (Uneb) e do Instituto Federal do Sert\u00e3o Pernambucano (IFSert\u00e3oPE). As inscri\u00e7\u00f5es podem ser realizadas at\u00e9 o dia 19 de julho. Os interessados devem fazer as inscri\u00e7\u00f5es nas suas IES de origem, como consta no\u00a0Edital N\u00ba 2\/2023, dispon\u00edvel no\u00a0site da Pr\u00f3-Reitoria de Ensino\u00a0(Proen). Na Univasf, os estudantes devem enviar para o e-mail\u00a0dpeg.proen@univasf.edu.br\u00a0os seguintes&hellip; <\/p>\n","protected":false},"author":2,"featured_media":244694,"comment_status":"open","ping_status":"open","sticky":false,"template":"","format":"standard","meta":{"_acf_changed":false,"footnotes":""},"categories":[6],"tags":[],"class_list":["post-345558","post","type-post","status-publish","format-standard","has-post-thumbnail","hentry","category-educacao"],"acf":[],"yoast_head":"<!-- This site is optimized with the Yoast SEO plugin v27.4 - https:\/\/yoast.com\/product\/yoast-seo-wordpress\/ -->\n<title>Programa de Mobilidade Estudantil InterIES est\u00e1 com inscri\u00e7\u00f5es abertas para Facape - Blog do Farn\u00e9sio<\/title>\n<meta name=\"robots\" content=\"index, follow, max-snippet:-1, max-image-preview:large, max-video-preview:-1\" \/>\n<link rel=\"canonical\" href=\"https:\/\/blogdofarnesio.com.br\/?p=345558\" \/>\n<meta property=\"og:locale\" content=\"pt_BR\" \/>\n<meta property=\"og:type\" content=\"article\" \/>\n<meta property=\"og:title\" content=\"Programa de Mobilidade Estudantil InterIES est\u00e1 com inscri\u00e7\u00f5es abertas para Facape - Blog do Farn\u00e9sio\" \/>\n<meta property=\"og:description\" content=\"Os discentes da Universidade Federal do Vale do S\u00e3o Francisco (Univasf) e das Institui\u00e7\u00f5es de Ensino Superior (IES) conveniadas ao Programa de Mobilidade Estudantil \u2013 Conv\u00eanio Univasf\/Uneb\/UPE\/Facape\/IFSert\u00e3oPE j\u00e1 podem se inscrever na sele\u00e7\u00e3o para cursar disciplinas na Faculdade de Petrolina (Facape) com in\u00edcio no 2\u00ba semestre de 2023. Podem participar estudantes regularmente matriculados em cursos de gradua\u00e7\u00e3o da Univasf, Universidade de Pernambuco (UPE), Universidade do Estado da Bahia (Uneb) e do Instituto Federal do Sert\u00e3o Pernambucano (IFSert\u00e3oPE). As inscri\u00e7\u00f5es podem ser realizadas at\u00e9 o dia 19 de julho. Os interessados devem fazer as inscri\u00e7\u00f5es nas suas IES de origem, como consta no\u00a0Edital N\u00ba 2\/2023, dispon\u00edvel no\u00a0site da Pr\u00f3-Reitoria de Ensino\u00a0(Proen). Na Univasf, os estudantes devem enviar para o e-mail\u00a0dpeg.proen@univasf.edu.br\u00a0os seguintes&hellip;\" \/>\n<meta property=\"og:url\" content=\"https:\/\/blogdofarnesio.com.br\/?p=345558\" \/>\n<meta property=\"og:site_name\" content=\"Blog do Farn\u00e9sio\" \/>\n<meta property=\"article:publisher\" content=\"https:\/\/www.facebook.com\/BlogQuerSaberPolitica\/\" \/>\n<meta property=\"article:author\" content=\"https:\/\/www.facebook.com\/?ref=tn_tnmn\" \/>\n<meta property=\"article:published_time\" content=\"2023-07-17T16:00:39+00:00\" \/>\n<meta property=\"og:image\" content=\"https:\/\/blogdofarnesio.com.br\/wp-content\/uploads\/2019\/12\/blogqsp-programamobilidadeestudantil.jpg\" \/>\n\t<meta property=\"og:image:width\" content=\"640\" \/>\n\t<meta property=\"og:image:height\" content=\"454\" \/>\n\t<meta property=\"og:image:type\" content=\"image\/jpeg\" \/>\n<meta name=\"author\" content=\"Farn\u00e9sio\" \/>\n<meta name=\"twitter:card\" content=\"summary_large_image\" \/>\n<meta name=\"twitter:label1\" content=\"Escrito por\" \/>\n\t<meta name=\"twitter:data1\" content=\"Farn\u00e9sio\" \/>\n\t<meta name=\"twitter:label2\" content=\"Est. tempo de leitura\" \/>\n\t<meta name=\"twitter:data2\" content=\"2 minutos\" \/>\n<script type=\"application\/ld+json\" class=\"yoast-schema-graph\">{\"@context\":\"https:\\\/\\\/schema.org\",\"@graph\":[{\"@type\":\"Article\",\"@id\":\"https:\\\/\\\/blogdofarnesio.com.br\\\/?p=345558#article\",\"isPartOf\":{\"@id\":\"https:\\\/\\\/blogdofarnesio.com.br\\\/?p=345558\"},\"author\":{\"name\":\"Farn\u00e9sio\",\"@id\":\"https:\\\/\\\/blogdofarnesio.com.br\\\/#\\\/schema\\\/person\\\/bb9b23ae3ad0609ce8df7b6c9e76824d\"},\"headline\":\"Programa de Mobilidade Estudantil InterIES est\u00e1 com inscri\u00e7\u00f5es abertas para Facape\",\"datePublished\":\"2023-07-17T16:00:39+00:00\",\"mainEntityOfPage\":{\"@id\":\"https:\\\/\\\/blogdofarnesio.com.br\\\/?p=345558\"},\"wordCount\":330,\"commentCount\":0,\"publisher\":{\"@id\":\"https:\\\/\\\/blogdofarnesio.com.br\\\/#organization\"},\"image\":{\"@id\":\"https:\\\/\\\/blogdofarnesio.com.br\\\/?p=345558#primaryimage\"},\"thumbnailUrl\":\"https:\\\/\\\/blogdofarnesio.com.br\\\/wp-content\\\/uploads\\\/2019\\\/12\\\/blogqsp-programamobilidadeestudantil.jpg\",\"articleSection\":[\"Educa\u00e7\u00e3o\"],\"inLanguage\":\"pt-BR\",\"potentialAction\":[{\"@type\":\"CommentAction\",\"name\":\"Comment\",\"target\":[\"https:\\\/\\\/blogdofarnesio.com.br\\\/?p=345558#respond\"]}]},{\"@type\":\"WebPage\",\"@id\":\"https:\\\/\\\/blogdofarnesio.com.br\\\/?p=345558\",\"url\":\"https:\\\/\\\/blogdofarnesio.com.br\\\/?p=345558\",\"name\":\"Programa de Mobilidade Estudantil InterIES est\u00e1 com inscri\u00e7\u00f5es abertas para Facape - Blog do Farn\u00e9sio\",\"isPartOf\":{\"@id\":\"https:\\\/\\\/blogdofarnesio.com.br\\\/#website\"},\"primaryImageOfPage\":{\"@id\":\"https:\\\/\\\/blogdofarnesio.com.br\\\/?p=345558#primaryimage\"},\"image\":{\"@id\":\"https:\\\/\\\/blogdofarnesio.com.br\\\/?p=345558#primaryimage\"},\"thumbnailUrl\":\"https:\\\/\\\/blogdofarnesio.com.br\\\/wp-content\\\/uploads\\\/2019\\\/12\\\/blogqsp-programamobilidadeestudantil.jpg\",\"datePublished\":\"2023-07-17T16:00:39+00:00\",\"breadcrumb\":{\"@id\":\"https:\\\/\\\/blogdofarnesio.com.br\\\/?p=345558#breadcrumb\"},\"inLanguage\":\"pt-BR\",\"potentialAction\":[{\"@type\":\"ReadAction\",\"target\":[\"https:\\\/\\\/blogdofarnesio.com.br\\\/?p=345558\"]}]},{\"@type\":\"ImageObject\",\"inLanguage\":\"pt-BR\",\"@id\":\"https:\\\/\\\/blogdofarnesio.com.br\\\/?p=345558#primaryimage\",\"url\":\"https:\\\/\\\/blogdofarnesio.com.br\\\/wp-content\\\/uploads\\\/2019\\\/12\\\/blogqsp-programamobilidadeestudantil.jpg\",\"contentUrl\":\"https:\\\/\\\/blogdofarnesio.com.br\\\/wp-content\\\/uploads\\\/2019\\\/12\\\/blogqsp-programamobilidadeestudantil.jpg\",\"width\":640,\"height\":454},{\"@type\":\"BreadcrumbList\",\"@id\":\"https:\\\/\\\/blogdofarnesio.com.br\\\/?p=345558#breadcrumb\",\"itemListElement\":[{\"@type\":\"ListItem\",\"position\":1,\"name\":\"In\u00edcio\",\"item\":\"https:\\\/\\\/blogdofarnesio.com.br\\\/\"},{\"@type\":\"ListItem\",\"position\":2,\"name\":\"Programa de Mobilidade Estudantil InterIES est\u00e1 com inscri\u00e7\u00f5es abertas para Facape\"}]},{\"@type\":\"WebSite\",\"@id\":\"https:\\\/\\\/blogdofarnesio.com.br\\\/#website\",\"url\":\"https:\\\/\\\/blogdofarnesio.com.br\\\/\",\"name\":\"Blog do Farn\u00e9sio\",\"description\":\"Quer Saber Pol\u00edtica?\",\"publisher\":{\"@id\":\"https:\\\/\\\/blogdofarnesio.com.br\\\/#organization\"},\"potentialAction\":[{\"@type\":\"SearchAction\",\"target\":{\"@type\":\"EntryPoint\",\"urlTemplate\":\"https:\\\/\\\/blogdofarnesio.com.br\\\/?s={search_term_string}\"},\"query-input\":{\"@type\":\"PropertyValueSpecification\",\"valueRequired\":true,\"valueName\":\"search_term_string\"}}],\"inLanguage\":\"pt-BR\"},{\"@type\":\"Organization\",\"@id\":\"https:\\\/\\\/blogdofarnesio.com.br\\\/#organization\",\"name\":\"Blog do Farn\u00e9sio\",\"url\":\"https:\\\/\\\/blogdofarnesio.com.br\\\/\",\"logo\":{\"@type\":\"ImageObject\",\"inLanguage\":\"pt-BR\",\"@id\":\"https:\\\/\\\/blogdofarnesio.com.br\\\/#\\\/schema\\\/logo\\\/image\\\/\",\"url\":\"https:\\\/\\\/blogdofarnesio.com.br\\\/wp-content\\\/uploads\\\/2026\\\/03\\\/cropped-logo_new-1.png\",\"contentUrl\":\"https:\\\/\\\/blogdofarnesio.com.br\\\/wp-content\\\/uploads\\\/2026\\\/03\\\/cropped-logo_new-1.png\",\"width\":881,\"height\":685,\"caption\":\"Blog do Farn\u00e9sio\"},\"image\":{\"@id\":\"https:\\\/\\\/blogdofarnesio.com.br\\\/#\\\/schema\\\/logo\\\/image\\\/\"},\"sameAs\":[\"https:\\\/\\\/www.facebook.com\\\/BlogQuerSaberPolitica\\\/\"]},{\"@type\":\"Person\",\"@id\":\"https:\\\/\\\/blogdofarnesio.com.br\\\/#\\\/schema\\\/person\\\/bb9b23ae3ad0609ce8df7b6c9e76824d\",\"name\":\"Farn\u00e9sio\",\"image\":{\"@type\":\"ImageObject\",\"inLanguage\":\"pt-BR\",\"@id\":\"https:\\\/\\\/secure.gravatar.com\\\/avatar\\\/986aa4c61ccdb66f8555bf88fc2a65609d00bcabd4d2d94377a727547345cbca?s=96&d=mm&r=g\",\"url\":\"https:\\\/\\\/secure.gravatar.com\\\/avatar\\\/986aa4c61ccdb66f8555bf88fc2a65609d00bcabd4d2d94377a727547345cbca?s=96&d=mm&r=g\",\"contentUrl\":\"https:\\\/\\\/secure.gravatar.com\\\/avatar\\\/986aa4c61ccdb66f8555bf88fc2a65609d00bcabd4d2d94377a727547345cbca?s=96&d=mm&r=g\",\"caption\":\"Farn\u00e9sio\"},\"description\":\"Radialista blogueiro, chegou a Petrolina\\\/Juazeiro em setembro de 1980, Farn\u00e9sio Silva \u00e9 de Arapiraca-Alagoas.\",\"sameAs\":[\"http:\\\/\\\/blogdofarnesio.com.br\",\"https:\\\/\\\/www.facebook.com\\\/?ref=tn_tnmn\",\"https:\\\/\\\/www.instagram.com\\\/?utm_source=pwa_homescreen\",\"https:\\\/\\\/youtube.com.br\\\/\"],\"url\":\"https:\\\/\\\/blogdofarnesio.com.br\\\/?author=2\"}]}<\/script>\n<!-- \/ Yoast SEO plugin. -->","yoast_head_json":{"title":"Programa de Mobilidade Estudantil InterIES est\u00e1 com inscri\u00e7\u00f5es abertas para Facape - Blog do Farn\u00e9sio","robots":{"index":"index","follow":"follow","max-snippet":"max-snippet:-1","max-image-preview":"max-image-preview:large","max-video-preview":"max-video-preview:-1"},"canonical":"https:\/\/blogdofarnesio.com.br\/?p=345558","og_locale":"pt_BR","og_type":"article","og_title":"Programa de Mobilidade Estudantil InterIES est\u00e1 com inscri\u00e7\u00f5es abertas para Facape - Blog do Farn\u00e9sio","og_description":"Os discentes da Universidade Federal do Vale do S\u00e3o Francisco (Univasf) e das Institui\u00e7\u00f5es de Ensino Superior (IES) conveniadas ao Programa de Mobilidade Estudantil \u2013 Conv\u00eanio Univasf\/Uneb\/UPE\/Facape\/IFSert\u00e3oPE j\u00e1 podem se inscrever na sele\u00e7\u00e3o para cursar disciplinas na Faculdade de Petrolina (Facape) com in\u00edcio no 2\u00ba semestre de 2023. Podem participar estudantes regularmente matriculados em cursos de gradua\u00e7\u00e3o da Univasf, Universidade de Pernambuco (UPE), Universidade do Estado da Bahia (Uneb) e do Instituto Federal do Sert\u00e3o Pernambucano (IFSert\u00e3oPE). As inscri\u00e7\u00f5es podem ser realizadas at\u00e9 o dia 19 de julho. Os interessados devem fazer as inscri\u00e7\u00f5es nas suas IES de origem, como consta no\u00a0Edital N\u00ba 2\/2023, dispon\u00edvel no\u00a0site da Pr\u00f3-Reitoria de Ensino\u00a0(Proen). Na Univasf, os estudantes devem enviar para o e-mail\u00a0dpeg.proen@univasf.edu.br\u00a0os seguintes&hellip;","og_url":"https:\/\/blogdofarnesio.com.br\/?p=345558","og_site_name":"Blog do Farn\u00e9sio","article_publisher":"https:\/\/www.facebook.com\/BlogQuerSaberPolitica\/","article_author":"https:\/\/www.facebook.com\/?ref=tn_tnmn","article_published_time":"2023-07-17T16:00:39+00:00","og_image":[{"width":640,"height":454,"url":"https:\/\/blogdofarnesio.com.br\/wp-content\/uploads\/2019\/12\/blogqsp-programamobilidadeestudantil.jpg","type":"image\/jpeg"}],"author":"Farn\u00e9sio","twitter_card":"summary_large_image","twitter_misc":{"Escrito por":"Farn\u00e9sio","Est. tempo de leitura":"2 minutos"},"schema":{"@context":"https:\/\/schema.org","@graph":[{"@type":"Article","@id":"https:\/\/blogdofarnesio.com.br\/?p=345558#article","isPartOf":{"@id":"https:\/\/blogdofarnesio.com.br\/?p=345558"},"author":{"name":"Farn\u00e9sio","@id":"https:\/\/blogdofarnesio.com.br\/#\/schema\/person\/bb9b23ae3ad0609ce8df7b6c9e76824d"},"headline":"Programa de Mobilidade Estudantil InterIES est\u00e1 com inscri\u00e7\u00f5es abertas para Facape","datePublished":"2023-07-17T16:00:39+00:00","mainEntityOfPage":{"@id":"https:\/\/blogdofarnesio.com.br\/?p=345558"},"wordCount":330,"commentCount":0,"publisher":{"@id":"https:\/\/blogdofarnesio.com.br\/#organization"},"image":{"@id":"https:\/\/blogdofarnesio.com.br\/?p=345558#primaryimage"},"thumbnailUrl":"https:\/\/blogdofarnesio.com.br\/wp-content\/uploads\/2019\/12\/blogqsp-programamobilidadeestudantil.jpg","articleSection":["Educa\u00e7\u00e3o"],"inLanguage":"pt-BR","potentialAction":[{"@type":"CommentAction","name":"Comment","target":["https:\/\/blogdofarnesio.com.br\/?p=345558#respond"]}]},{"@type":"WebPage","@id":"https:\/\/blogdofarnesio.com.br\/?p=345558","url":"https:\/\/blogdofarnesio.com.br\/?p=345558","name":"Programa de Mobilidade Estudantil InterIES est\u00e1 com inscri\u00e7\u00f5es abertas para Facape - Blog do Farn\u00e9sio","isPartOf":{"@id":"https:\/\/blogdofarnesio.com.br\/#website"},"primaryImageOfPage":{"@id":"https:\/\/blogdofarnesio.com.br\/?p=345558#primaryimage"},"image":{"@id":"https:\/\/blogdofarnesio.com.br\/?p=345558#primaryimage"},"thumbnailUrl":"https:\/\/blogdofarnesio.com.br\/wp-content\/uploads\/2019\/12\/blogqsp-programamobilidadeestudantil.jpg","datePublished":"2023-07-17T16:00:39+00:00","breadcrumb":{"@id":"https:\/\/blogdofarnesio.com.br\/?p=345558#breadcrumb"},"inLanguage":"pt-BR","potentialAction":[{"@type":"ReadAction","target":["https:\/\/blogdofarnesio.com.br\/?p=345558"]}]},{"@type":"ImageObject","inLanguage":"pt-BR","@id":"https:\/\/blogdofarnesio.com.br\/?p=345558#primaryimage","url":"https:\/\/blogdofarnesio.com.br\/wp-content\/uploads\/2019\/12\/blogqsp-programamobilidadeestudantil.jpg","contentUrl":"https:\/\/blogdofarnesio.com.br\/wp-content\/uploads\/2019\/12\/blogqsp-programamobilidadeestudantil.jpg","width":640,"height":454},{"@type":"BreadcrumbList","@id":"https:\/\/blogdofarnesio.com.br\/?p=345558#breadcrumb","itemListElement":[{"@type":"ListItem","position":1,"name":"In\u00edcio","item":"https:\/\/blogdofarnesio.com.br\/"},{"@type":"ListItem","position":2,"name":"Programa de Mobilidade Estudantil InterIES est\u00e1 com inscri\u00e7\u00f5es abertas para Facape"}]},{"@type":"WebSite","@id":"https:\/\/blogdofarnesio.com.br\/#website","url":"https:\/\/blogdofarnesio.com.br\/","name":"Blog do Farn\u00e9sio","description":"Quer Saber Pol\u00edtica?","publisher":{"@id":"https:\/\/blogdofarnesio.com.br\/#organization"},"potentialAction":[{"@type":"SearchAction","target":{"@type":"EntryPoint","urlTemplate":"https:\/\/blogdofarnesio.com.br\/?s={search_term_string}"},"query-input":{"@type":"PropertyValueSpecification","valueRequired":true,"valueName":"search_term_string"}}],"inLanguage":"pt-BR"},{"@type":"Organization","@id":"https:\/\/blogdofarnesio.com.br\/#organization","name":"Blog do Farn\u00e9sio","url":"https:\/\/blogdofarnesio.com.br\/","logo":{"@type":"ImageObject","inLanguage":"pt-BR","@id":"https:\/\/blogdofarnesio.com.br\/#\/schema\/logo\/image\/","url":"https:\/\/blogdofarnesio.com.br\/wp-content\/uploads\/2026\/03\/cropped-logo_new-1.png","contentUrl":"https:\/\/blogdofarnesio.com.br\/wp-content\/uploads\/2026\/03\/cropped-logo_new-1.png","width":881,"height":685,"caption":"Blog do Farn\u00e9sio"},"image":{"@id":"https:\/\/blogdofarnesio.com.br\/#\/schema\/logo\/image\/"},"sameAs":["https:\/\/www.facebook.com\/BlogQuerSaberPolitica\/"]},{"@type":"Person","@id":"https:\/\/blogdofarnesio.com.br\/#\/schema\/person\/bb9b23ae3ad0609ce8df7b6c9e76824d","name":"Farn\u00e9sio","image":{"@type":"ImageObject","inLanguage":"pt-BR","@id":"https:\/\/secure.gravatar.com\/avatar\/986aa4c61ccdb66f8555bf88fc2a65609d00bcabd4d2d94377a727547345cbca?s=96&d=mm&r=g","url":"https:\/\/secure.gravatar.com\/avatar\/986aa4c61ccdb66f8555bf88fc2a65609d00bcabd4d2d94377a727547345cbca?s=96&d=mm&r=g","contentUrl":"https:\/\/secure.gravatar.com\/avatar\/986aa4c61ccdb66f8555bf88fc2a65609d00bcabd4d2d94377a727547345cbca?s=96&d=mm&r=g","caption":"Farn\u00e9sio"},"description":"Radialista blogueiro, chegou a Petrolina\/Juazeiro em setembro de 1980, Farn\u00e9sio Silva \u00e9 de Arapiraca-Alagoas.","sameAs":["http:\/\/blogdofarnesio.com.br","https:\/\/www.facebook.com\/?ref=tn_tnmn","https:\/\/www.instagram.com\/?utm_source=pwa_homescreen","https:\/\/youtube.com.br\/"],"url":"https:\/\/blogdofarnesio.com.br\/?author=2"}]}},"_links":{"self":[{"href":"https:\/\/blogdofarnesio.com.br\/index.php?rest_route=\/wp\/v2\/posts\/345558","targetHints":{"allow":["GET"]}}],"collection":[{"href":"https:\/\/blogdofarnesio.com.br\/index.php?rest_route=\/wp\/v2\/posts"}],"about":[{"href":"https:\/\/blogdofarnesio.com.br\/index.php?rest_route=\/wp\/v2\/types\/post"}],"author":[{"embeddable":true,"href":"https:\/\/blogdofarnesio.com.br\/index.php?rest_route=\/wp\/v2\/users\/2"}],"replies":[{"embeddable":true,"href":"https:\/\/blogdofarnesio.com.br\/index.php?rest_route=%2Fwp%2Fv2%2Fcomments&post=345558"}],"version-history":[{"count":0,"href":"https:\/\/blogdofarnesio.com.br\/index.php?rest_route=\/wp\/v2\/posts\/345558\/revisions"}],"wp:featuredmedia":[{"embeddable":true,"href":"https:\/\/blogdofarnesio.com.br\/index.php?rest_route=\/wp\/v2\/media\/244694"}],"wp:attachment":[{"href":"https:\/\/blogdofarnesio.com.br\/index.php?rest_route=%2Fwp%2Fv2%2Fmedia&parent=345558"}],"wp:term":[{"taxonomy":"category","embeddable":true,"href":"https:\/\/blogdofarnesio.com.br\/index.php?rest_route=%2Fwp%2Fv2%2Fcategories&post=345558"},{"taxonomy":"post_tag","embeddable":true,"href":"https:\/\/blogdofarnesio.com.br\/index.php?rest_route=%2Fwp%2Fv2%2Ftags&post=345558"}],"curies":[{"name":"wp","href":"https:\/\/api.w.org\/{rel}","templated":true}]}}