{"id":345519,"date":"2023-07-17T16:44:03","date_gmt":"2023-07-17T19:44:03","guid":{"rendered":"https:\/\/blogdofarnesio.com.br\/?p=345519"},"modified":"2023-07-17T14:36:11","modified_gmt":"2023-07-17T17:36:11","slug":"arte-nos-muros-escolas-de-petrolina-sao-premiadas-com-obras-de-grafite-sobre-alimentacao-saudavel","status":"publish","type":"post","link":"https:\/\/blogdofarnesio.com.br\/?p=345519","title":{"rendered":"Arte nos Muros: Escolas de Petrolina s\u00e3o premiadas com obras de grafite sobre alimenta\u00e7\u00e3o saud\u00e1vel"},"content":{"rendered":"<p style=\"font-weight: 400;\">As Escolas Municipais Eliete Ara\u00fajo de Souza, localizada no bairro Vila Moc\u00f3, e Nossa Senhora Aparecida, em Caititu, foram as vencedoras do projeto Arte nos Muros, uma iniciativa cultural que promove a realiza\u00e7\u00e3o de obras de grafite em muros de escolas p\u00fablicas, inspirada no estudo da alimenta\u00e7\u00e3o saud\u00e1vel.<\/p>\n<p style=\"font-weight: 400;\">Criatividade e originalidade n\u00e3o faltaram aos estudantes e docentes das unidades educacionais, que tiveram suas ilustra\u00e7\u00f5es escolhidas por meio de vota\u00e7\u00e3o popular e por uma comiss\u00e3o julgadora. Eles ser\u00e3o contemplados com o Dia do Grafite, uma interven\u00e7\u00e3o art\u00edstica coletiva feita pelos alunos das escolas vencedoras e monitoria de artista visual profissional.<\/p>\n<p style=\"font-weight: 400;\">O projeto \u00e9 realizado em tr\u00eas etapas. Na primeira delas, foi realizado um encontro com os professores para apresenta\u00e7\u00e3o da hist\u00f3ria da arte do grafite e das atividades sobre os temas que inspiraram as obras dos alunos. Na segunda etapa, os professores aplicaram o conte\u00fado e os alunos produziram as ilustra\u00e7\u00f5es tem\u00e1ticas. Em seguida, as ilustra\u00e7\u00f5es foram submetidas ao voto popular e ao voto da comiss\u00e3o julgadora, quando os desenhos foram escolhidos.<\/p>\n<p style=\"font-weight: 400;\">A terceira etapa acontece este m\u00eas, com o Dia do Grafite, acompanhado de um workshop e uma a\u00e7\u00e3o de grafitagem nos muros das escolas. Para finalizar a a\u00e7\u00e3o, as ilustra\u00e7\u00f5es e as obras grafitadas nos muros ser\u00e3o apresentadas ao p\u00fablico em uma exposi\u00e7\u00e3o, prevista para o m\u00eas de novembro.<\/p>\n<p style=\"font-weight: 400;\">O projeto Arte nos Muros tem a parceria da Prefeitura de Petrolina, por meio da Secretaria de Educa\u00e7\u00e3o, Cultura e Esportes, patroc\u00ednio da Bayer e realiza\u00e7\u00e3o da Flamingo Comunica\u00e7\u00e3o, a partir da Lei Federal de Incentivo \u00e0 Cultura. De acordo com a diretora de programas e projetos da Secretaria de Educa\u00e7\u00e3o, Silvana Ara\u00fajo, 14 Escolas Municipais participaram da a\u00e7\u00e3o, que envolveu alunos do 6\u00ba ao 9\u00ba ano do Ensino Fundamental.<\/p>\n<p style=\"font-weight: 400;\">\u201c\u00c9 um projeto muito importante para a comunidade escolar, pois incentivou uma grande reflex\u00e3o sobre a import\u00e2ncia da alimenta\u00e7\u00e3o saud\u00e1vel utilizando a linguagem art\u00edstica do grafite que gera interesse e engajamento dos jovens. Uma alimenta\u00e7\u00e3o saud\u00e1vel inclui n\u00e3o somente frutas, verduras, legumes e gr\u00e3os integrais.<\/p>\n<p style=\"font-weight: 400;\">Ela vai muito al\u00e9m da preocupa\u00e7\u00e3o com o seu valor nutricional e envolvem tamb\u00e9m valores sociais, afetivos e sensoriais, desde a escolha dos alimentos, suas prepara\u00e7\u00f5es, as caracter\u00edsticas do modo de comer e do ambiente onde s\u00e3o consumidos. E isso j\u00e1 \u00e9 trabalhado periodicamente na Rede Municipal de Ensino, por orienta\u00e7\u00e3o do prefeito Sim\u00e3o Durando\u201d, explicou Silvana.<\/p>\n<p style=\"font-weight: 400;\">\n","protected":false},"excerpt":{"rendered":"<p>As Escolas Municipais Eliete Ara\u00fajo de Souza, localizada no bairro Vila Moc\u00f3, e Nossa Senhora Aparecida, em Caititu, foram as vencedoras do projeto Arte nos Muros, uma iniciativa cultural que promove a realiza\u00e7\u00e3o de obras de grafite em muros de escolas p\u00fablicas, inspirada no estudo da alimenta\u00e7\u00e3o saud\u00e1vel. Criatividade e originalidade n\u00e3o faltaram aos estudantes e docentes das unidades educacionais, que tiveram suas ilustra\u00e7\u00f5es escolhidas por meio de vota\u00e7\u00e3o popular e por uma comiss\u00e3o julgadora. Eles ser\u00e3o contemplados com o Dia do Grafite, uma interven\u00e7\u00e3o art\u00edstica coletiva feita pelos alunos das escolas vencedoras e monitoria de artista visual profissional. O projeto \u00e9 realizado em tr\u00eas etapas. Na primeira delas, foi realizado um encontro com os professores para apresenta\u00e7\u00e3o da hist\u00f3ria&hellip; <\/p>\n","protected":false},"author":2,"featured_media":345520,"comment_status":"open","ping_status":"open","sticky":false,"template":"","format":"standard","meta":{"_acf_changed":false,"footnotes":""},"categories":[10],"tags":[],"class_list":["post-345519","post","type-post","status-publish","format-standard","has-post-thumbnail","hentry","category-cultura"],"acf":[],"yoast_head":"<!-- This site is optimized with the Yoast SEO plugin v27.4 - https:\/\/yoast.com\/product\/yoast-seo-wordpress\/ -->\n<title>Arte nos Muros: Escolas de Petrolina s\u00e3o premiadas com obras de grafite sobre alimenta\u00e7\u00e3o saud\u00e1vel - Blog do Farn\u00e9sio<\/title>\n<meta name=\"robots\" content=\"index, follow, max-snippet:-1, max-image-preview:large, max-video-preview:-1\" \/>\n<link rel=\"canonical\" href=\"https:\/\/blogdofarnesio.com.br\/?p=345519\" \/>\n<meta property=\"og:locale\" content=\"pt_BR\" \/>\n<meta property=\"og:type\" content=\"article\" \/>\n<meta property=\"og:title\" content=\"Arte nos Muros: Escolas de Petrolina s\u00e3o premiadas com obras de grafite sobre alimenta\u00e7\u00e3o saud\u00e1vel - Blog do Farn\u00e9sio\" \/>\n<meta property=\"og:description\" content=\"As Escolas Municipais Eliete Ara\u00fajo de Souza, localizada no bairro Vila Moc\u00f3, e Nossa Senhora Aparecida, em Caititu, foram as vencedoras do projeto Arte nos Muros, uma iniciativa cultural que promove a realiza\u00e7\u00e3o de obras de grafite em muros de escolas p\u00fablicas, inspirada no estudo da alimenta\u00e7\u00e3o saud\u00e1vel. Criatividade e originalidade n\u00e3o faltaram aos estudantes e docentes das unidades educacionais, que tiveram suas ilustra\u00e7\u00f5es escolhidas por meio de vota\u00e7\u00e3o popular e por uma comiss\u00e3o julgadora. Eles ser\u00e3o contemplados com o Dia do Grafite, uma interven\u00e7\u00e3o art\u00edstica coletiva feita pelos alunos das escolas vencedoras e monitoria de artista visual profissional. O projeto \u00e9 realizado em tr\u00eas etapas. Na primeira delas, foi realizado um encontro com os professores para apresenta\u00e7\u00e3o da hist\u00f3ria&hellip;\" \/>\n<meta property=\"og:url\" content=\"https:\/\/blogdofarnesio.com.br\/?p=345519\" \/>\n<meta property=\"og:site_name\" content=\"Blog do Farn\u00e9sio\" \/>\n<meta property=\"article:publisher\" content=\"https:\/\/www.facebook.com\/BlogQuerSaberPolitica\/\" \/>\n<meta property=\"article:author\" content=\"https:\/\/www.facebook.com\/?ref=tn_tnmn\" \/>\n<meta property=\"article:published_time\" content=\"2023-07-17T19:44:03+00:00\" \/>\n<meta property=\"og:image\" content=\"https:\/\/blogdofarnesio.com.br\/wp-content\/uploads\/2023\/07\/arte-nos-muros2-e1689460505189.jpeg\" \/>\n\t<meta property=\"og:image:width\" content=\"709\" \/>\n\t<meta property=\"og:image:height\" content=\"453\" \/>\n\t<meta property=\"og:image:type\" content=\"image\/jpeg\" \/>\n<meta name=\"author\" content=\"Farn\u00e9sio\" \/>\n<meta name=\"twitter:card\" content=\"summary_large_image\" \/>\n<meta name=\"twitter:label1\" content=\"Escrito por\" \/>\n\t<meta name=\"twitter:data1\" content=\"Farn\u00e9sio\" \/>\n\t<meta name=\"twitter:label2\" content=\"Est. tempo de leitura\" \/>\n\t<meta name=\"twitter:data2\" content=\"3 minutos\" \/>\n<script type=\"application\/ld+json\" class=\"yoast-schema-graph\">{\"@context\":\"https:\\\/\\\/schema.org\",\"@graph\":[{\"@type\":\"Article\",\"@id\":\"https:\\\/\\\/blogdofarnesio.com.br\\\/?p=345519#article\",\"isPartOf\":{\"@id\":\"https:\\\/\\\/blogdofarnesio.com.br\\\/?p=345519\"},\"author\":{\"name\":\"Farn\u00e9sio\",\"@id\":\"https:\\\/\\\/blogdofarnesio.com.br\\\/#\\\/schema\\\/person\\\/bb9b23ae3ad0609ce8df7b6c9e76824d\"},\"headline\":\"Arte nos Muros: Escolas de Petrolina s\u00e3o premiadas com obras de grafite sobre alimenta\u00e7\u00e3o saud\u00e1vel\",\"datePublished\":\"2023-07-17T19:44:03+00:00\",\"mainEntityOfPage\":{\"@id\":\"https:\\\/\\\/blogdofarnesio.com.br\\\/?p=345519\"},\"wordCount\":455,\"commentCount\":0,\"publisher\":{\"@id\":\"https:\\\/\\\/blogdofarnesio.com.br\\\/#organization\"},\"image\":{\"@id\":\"https:\\\/\\\/blogdofarnesio.com.br\\\/?p=345519#primaryimage\"},\"thumbnailUrl\":\"https:\\\/\\\/blogdofarnesio.com.br\\\/wp-content\\\/uploads\\\/2023\\\/07\\\/arte-nos-muros2-e1689460505189.jpeg\",\"articleSection\":[\"Cultura\"],\"inLanguage\":\"pt-BR\",\"potentialAction\":[{\"@type\":\"CommentAction\",\"name\":\"Comment\",\"target\":[\"https:\\\/\\\/blogdofarnesio.com.br\\\/?p=345519#respond\"]}]},{\"@type\":\"WebPage\",\"@id\":\"https:\\\/\\\/blogdofarnesio.com.br\\\/?p=345519\",\"url\":\"https:\\\/\\\/blogdofarnesio.com.br\\\/?p=345519\",\"name\":\"Arte nos Muros: Escolas de Petrolina s\u00e3o premiadas com obras de grafite sobre alimenta\u00e7\u00e3o saud\u00e1vel - Blog do Farn\u00e9sio\",\"isPartOf\":{\"@id\":\"https:\\\/\\\/blogdofarnesio.com.br\\\/#website\"},\"primaryImageOfPage\":{\"@id\":\"https:\\\/\\\/blogdofarnesio.com.br\\\/?p=345519#primaryimage\"},\"image\":{\"@id\":\"https:\\\/\\\/blogdofarnesio.com.br\\\/?p=345519#primaryimage\"},\"thumbnailUrl\":\"https:\\\/\\\/blogdofarnesio.com.br\\\/wp-content\\\/uploads\\\/2023\\\/07\\\/arte-nos-muros2-e1689460505189.jpeg\",\"datePublished\":\"2023-07-17T19:44:03+00:00\",\"breadcrumb\":{\"@id\":\"https:\\\/\\\/blogdofarnesio.com.br\\\/?p=345519#breadcrumb\"},\"inLanguage\":\"pt-BR\",\"potentialAction\":[{\"@type\":\"ReadAction\",\"target\":[\"https:\\\/\\\/blogdofarnesio.com.br\\\/?p=345519\"]}]},{\"@type\":\"ImageObject\",\"inLanguage\":\"pt-BR\",\"@id\":\"https:\\\/\\\/blogdofarnesio.com.br\\\/?p=345519#primaryimage\",\"url\":\"https:\\\/\\\/blogdofarnesio.com.br\\\/wp-content\\\/uploads\\\/2023\\\/07\\\/arte-nos-muros2-e1689460505189.jpeg\",\"contentUrl\":\"https:\\\/\\\/blogdofarnesio.com.br\\\/wp-content\\\/uploads\\\/2023\\\/07\\\/arte-nos-muros2-e1689460505189.jpeg\",\"width\":709,\"height\":453},{\"@type\":\"BreadcrumbList\",\"@id\":\"https:\\\/\\\/blogdofarnesio.com.br\\\/?p=345519#breadcrumb\",\"itemListElement\":[{\"@type\":\"ListItem\",\"position\":1,\"name\":\"In\u00edcio\",\"item\":\"https:\\\/\\\/blogdofarnesio.com.br\\\/\"},{\"@type\":\"ListItem\",\"position\":2,\"name\":\"Arte nos Muros: Escolas de Petrolina s\u00e3o premiadas com obras de grafite sobre alimenta\u00e7\u00e3o saud\u00e1vel\"}]},{\"@type\":\"WebSite\",\"@id\":\"https:\\\/\\\/blogdofarnesio.com.br\\\/#website\",\"url\":\"https:\\\/\\\/blogdofarnesio.com.br\\\/\",\"name\":\"Blog do Farn\u00e9sio\",\"description\":\"Quer Saber Pol\u00edtica?\",\"publisher\":{\"@id\":\"https:\\\/\\\/blogdofarnesio.com.br\\\/#organization\"},\"potentialAction\":[{\"@type\":\"SearchAction\",\"target\":{\"@type\":\"EntryPoint\",\"urlTemplate\":\"https:\\\/\\\/blogdofarnesio.com.br\\\/?s={search_term_string}\"},\"query-input\":{\"@type\":\"PropertyValueSpecification\",\"valueRequired\":true,\"valueName\":\"search_term_string\"}}],\"inLanguage\":\"pt-BR\"},{\"@type\":\"Organization\",\"@id\":\"https:\\\/\\\/blogdofarnesio.com.br\\\/#organization\",\"name\":\"Blog do Farn\u00e9sio\",\"url\":\"https:\\\/\\\/blogdofarnesio.com.br\\\/\",\"logo\":{\"@type\":\"ImageObject\",\"inLanguage\":\"pt-BR\",\"@id\":\"https:\\\/\\\/blogdofarnesio.com.br\\\/#\\\/schema\\\/logo\\\/image\\\/\",\"url\":\"https:\\\/\\\/blogdofarnesio.com.br\\\/wp-content\\\/uploads\\\/2026\\\/03\\\/cropped-logo_new-1.png\",\"contentUrl\":\"https:\\\/\\\/blogdofarnesio.com.br\\\/wp-content\\\/uploads\\\/2026\\\/03\\\/cropped-logo_new-1.png\",\"width\":881,\"height\":685,\"caption\":\"Blog do Farn\u00e9sio\"},\"image\":{\"@id\":\"https:\\\/\\\/blogdofarnesio.com.br\\\/#\\\/schema\\\/logo\\\/image\\\/\"},\"sameAs\":[\"https:\\\/\\\/www.facebook.com\\\/BlogQuerSaberPolitica\\\/\"]},{\"@type\":\"Person\",\"@id\":\"https:\\\/\\\/blogdofarnesio.com.br\\\/#\\\/schema\\\/person\\\/bb9b23ae3ad0609ce8df7b6c9e76824d\",\"name\":\"Farn\u00e9sio\",\"image\":{\"@type\":\"ImageObject\",\"inLanguage\":\"pt-BR\",\"@id\":\"https:\\\/\\\/secure.gravatar.com\\\/avatar\\\/986aa4c61ccdb66f8555bf88fc2a65609d00bcabd4d2d94377a727547345cbca?s=96&d=mm&r=g\",\"url\":\"https:\\\/\\\/secure.gravatar.com\\\/avatar\\\/986aa4c61ccdb66f8555bf88fc2a65609d00bcabd4d2d94377a727547345cbca?s=96&d=mm&r=g\",\"contentUrl\":\"https:\\\/\\\/secure.gravatar.com\\\/avatar\\\/986aa4c61ccdb66f8555bf88fc2a65609d00bcabd4d2d94377a727547345cbca?s=96&d=mm&r=g\",\"caption\":\"Farn\u00e9sio\"},\"description\":\"Radialista blogueiro, chegou a Petrolina\\\/Juazeiro em setembro de 1980, Farn\u00e9sio Silva \u00e9 de Arapiraca-Alagoas.\",\"sameAs\":[\"http:\\\/\\\/blogdofarnesio.com.br\",\"https:\\\/\\\/www.facebook.com\\\/?ref=tn_tnmn\",\"https:\\\/\\\/www.instagram.com\\\/?utm_source=pwa_homescreen\",\"https:\\\/\\\/youtube.com.br\\\/\"],\"url\":\"https:\\\/\\\/blogdofarnesio.com.br\\\/?author=2\"}]}<\/script>\n<!-- \/ Yoast SEO plugin. -->","yoast_head_json":{"title":"Arte nos Muros: Escolas de Petrolina s\u00e3o premiadas com obras de grafite sobre alimenta\u00e7\u00e3o saud\u00e1vel - Blog do Farn\u00e9sio","robots":{"index":"index","follow":"follow","max-snippet":"max-snippet:-1","max-image-preview":"max-image-preview:large","max-video-preview":"max-video-preview:-1"},"canonical":"https:\/\/blogdofarnesio.com.br\/?p=345519","og_locale":"pt_BR","og_type":"article","og_title":"Arte nos Muros: Escolas de Petrolina s\u00e3o premiadas com obras de grafite sobre alimenta\u00e7\u00e3o saud\u00e1vel - Blog do Farn\u00e9sio","og_description":"As Escolas Municipais Eliete Ara\u00fajo de Souza, localizada no bairro Vila Moc\u00f3, e Nossa Senhora Aparecida, em Caititu, foram as vencedoras do projeto Arte nos Muros, uma iniciativa cultural que promove a realiza\u00e7\u00e3o de obras de grafite em muros de escolas p\u00fablicas, inspirada no estudo da alimenta\u00e7\u00e3o saud\u00e1vel. Criatividade e originalidade n\u00e3o faltaram aos estudantes e docentes das unidades educacionais, que tiveram suas ilustra\u00e7\u00f5es escolhidas por meio de vota\u00e7\u00e3o popular e por uma comiss\u00e3o julgadora. Eles ser\u00e3o contemplados com o Dia do Grafite, uma interven\u00e7\u00e3o art\u00edstica coletiva feita pelos alunos das escolas vencedoras e monitoria de artista visual profissional. O projeto \u00e9 realizado em tr\u00eas etapas. Na primeira delas, foi realizado um encontro com os professores para apresenta\u00e7\u00e3o da hist\u00f3ria&hellip;","og_url":"https:\/\/blogdofarnesio.com.br\/?p=345519","og_site_name":"Blog do Farn\u00e9sio","article_publisher":"https:\/\/www.facebook.com\/BlogQuerSaberPolitica\/","article_author":"https:\/\/www.facebook.com\/?ref=tn_tnmn","article_published_time":"2023-07-17T19:44:03+00:00","og_image":[{"width":709,"height":453,"url":"https:\/\/blogdofarnesio.com.br\/wp-content\/uploads\/2023\/07\/arte-nos-muros2-e1689460505189.jpeg","type":"image\/jpeg"}],"author":"Farn\u00e9sio","twitter_card":"summary_large_image","twitter_misc":{"Escrito por":"Farn\u00e9sio","Est. tempo de leitura":"3 minutos"},"schema":{"@context":"https:\/\/schema.org","@graph":[{"@type":"Article","@id":"https:\/\/blogdofarnesio.com.br\/?p=345519#article","isPartOf":{"@id":"https:\/\/blogdofarnesio.com.br\/?p=345519"},"author":{"name":"Farn\u00e9sio","@id":"https:\/\/blogdofarnesio.com.br\/#\/schema\/person\/bb9b23ae3ad0609ce8df7b6c9e76824d"},"headline":"Arte nos Muros: Escolas de Petrolina s\u00e3o premiadas com obras de grafite sobre alimenta\u00e7\u00e3o saud\u00e1vel","datePublished":"2023-07-17T19:44:03+00:00","mainEntityOfPage":{"@id":"https:\/\/blogdofarnesio.com.br\/?p=345519"},"wordCount":455,"commentCount":0,"publisher":{"@id":"https:\/\/blogdofarnesio.com.br\/#organization"},"image":{"@id":"https:\/\/blogdofarnesio.com.br\/?p=345519#primaryimage"},"thumbnailUrl":"https:\/\/blogdofarnesio.com.br\/wp-content\/uploads\/2023\/07\/arte-nos-muros2-e1689460505189.jpeg","articleSection":["Cultura"],"inLanguage":"pt-BR","potentialAction":[{"@type":"CommentAction","name":"Comment","target":["https:\/\/blogdofarnesio.com.br\/?p=345519#respond"]}]},{"@type":"WebPage","@id":"https:\/\/blogdofarnesio.com.br\/?p=345519","url":"https:\/\/blogdofarnesio.com.br\/?p=345519","name":"Arte nos Muros: Escolas de Petrolina s\u00e3o premiadas com obras de grafite sobre alimenta\u00e7\u00e3o saud\u00e1vel - Blog do Farn\u00e9sio","isPartOf":{"@id":"https:\/\/blogdofarnesio.com.br\/#website"},"primaryImageOfPage":{"@id":"https:\/\/blogdofarnesio.com.br\/?p=345519#primaryimage"},"image":{"@id":"https:\/\/blogdofarnesio.com.br\/?p=345519#primaryimage"},"thumbnailUrl":"https:\/\/blogdofarnesio.com.br\/wp-content\/uploads\/2023\/07\/arte-nos-muros2-e1689460505189.jpeg","datePublished":"2023-07-17T19:44:03+00:00","breadcrumb":{"@id":"https:\/\/blogdofarnesio.com.br\/?p=345519#breadcrumb"},"inLanguage":"pt-BR","potentialAction":[{"@type":"ReadAction","target":["https:\/\/blogdofarnesio.com.br\/?p=345519"]}]},{"@type":"ImageObject","inLanguage":"pt-BR","@id":"https:\/\/blogdofarnesio.com.br\/?p=345519#primaryimage","url":"https:\/\/blogdofarnesio.com.br\/wp-content\/uploads\/2023\/07\/arte-nos-muros2-e1689460505189.jpeg","contentUrl":"https:\/\/blogdofarnesio.com.br\/wp-content\/uploads\/2023\/07\/arte-nos-muros2-e1689460505189.jpeg","width":709,"height":453},{"@type":"BreadcrumbList","@id":"https:\/\/blogdofarnesio.com.br\/?p=345519#breadcrumb","itemListElement":[{"@type":"ListItem","position":1,"name":"In\u00edcio","item":"https:\/\/blogdofarnesio.com.br\/"},{"@type":"ListItem","position":2,"name":"Arte nos Muros: Escolas de Petrolina s\u00e3o premiadas com obras de grafite sobre alimenta\u00e7\u00e3o saud\u00e1vel"}]},{"@type":"WebSite","@id":"https:\/\/blogdofarnesio.com.br\/#website","url":"https:\/\/blogdofarnesio.com.br\/","name":"Blog do Farn\u00e9sio","description":"Quer Saber Pol\u00edtica?","publisher":{"@id":"https:\/\/blogdofarnesio.com.br\/#organization"},"potentialAction":[{"@type":"SearchAction","target":{"@type":"EntryPoint","urlTemplate":"https:\/\/blogdofarnesio.com.br\/?s={search_term_string}"},"query-input":{"@type":"PropertyValueSpecification","valueRequired":true,"valueName":"search_term_string"}}],"inLanguage":"pt-BR"},{"@type":"Organization","@id":"https:\/\/blogdofarnesio.com.br\/#organization","name":"Blog do Farn\u00e9sio","url":"https:\/\/blogdofarnesio.com.br\/","logo":{"@type":"ImageObject","inLanguage":"pt-BR","@id":"https:\/\/blogdofarnesio.com.br\/#\/schema\/logo\/image\/","url":"https:\/\/blogdofarnesio.com.br\/wp-content\/uploads\/2026\/03\/cropped-logo_new-1.png","contentUrl":"https:\/\/blogdofarnesio.com.br\/wp-content\/uploads\/2026\/03\/cropped-logo_new-1.png","width":881,"height":685,"caption":"Blog do Farn\u00e9sio"},"image":{"@id":"https:\/\/blogdofarnesio.com.br\/#\/schema\/logo\/image\/"},"sameAs":["https:\/\/www.facebook.com\/BlogQuerSaberPolitica\/"]},{"@type":"Person","@id":"https:\/\/blogdofarnesio.com.br\/#\/schema\/person\/bb9b23ae3ad0609ce8df7b6c9e76824d","name":"Farn\u00e9sio","image":{"@type":"ImageObject","inLanguage":"pt-BR","@id":"https:\/\/secure.gravatar.com\/avatar\/986aa4c61ccdb66f8555bf88fc2a65609d00bcabd4d2d94377a727547345cbca?s=96&d=mm&r=g","url":"https:\/\/secure.gravatar.com\/avatar\/986aa4c61ccdb66f8555bf88fc2a65609d00bcabd4d2d94377a727547345cbca?s=96&d=mm&r=g","contentUrl":"https:\/\/secure.gravatar.com\/avatar\/986aa4c61ccdb66f8555bf88fc2a65609d00bcabd4d2d94377a727547345cbca?s=96&d=mm&r=g","caption":"Farn\u00e9sio"},"description":"Radialista blogueiro, chegou a Petrolina\/Juazeiro em setembro de 1980, Farn\u00e9sio Silva \u00e9 de Arapiraca-Alagoas.","sameAs":["http:\/\/blogdofarnesio.com.br","https:\/\/www.facebook.com\/?ref=tn_tnmn","https:\/\/www.instagram.com\/?utm_source=pwa_homescreen","https:\/\/youtube.com.br\/"],"url":"https:\/\/blogdofarnesio.com.br\/?author=2"}]}},"_links":{"self":[{"href":"https:\/\/blogdofarnesio.com.br\/index.php?rest_route=\/wp\/v2\/posts\/345519","targetHints":{"allow":["GET"]}}],"collection":[{"href":"https:\/\/blogdofarnesio.com.br\/index.php?rest_route=\/wp\/v2\/posts"}],"about":[{"href":"https:\/\/blogdofarnesio.com.br\/index.php?rest_route=\/wp\/v2\/types\/post"}],"author":[{"embeddable":true,"href":"https:\/\/blogdofarnesio.com.br\/index.php?rest_route=\/wp\/v2\/users\/2"}],"replies":[{"embeddable":true,"href":"https:\/\/blogdofarnesio.com.br\/index.php?rest_route=%2Fwp%2Fv2%2Fcomments&post=345519"}],"version-history":[{"count":0,"href":"https:\/\/blogdofarnesio.com.br\/index.php?rest_route=\/wp\/v2\/posts\/345519\/revisions"}],"wp:featuredmedia":[{"embeddable":true,"href":"https:\/\/blogdofarnesio.com.br\/index.php?rest_route=\/wp\/v2\/media\/345520"}],"wp:attachment":[{"href":"https:\/\/blogdofarnesio.com.br\/index.php?rest_route=%2Fwp%2Fv2%2Fmedia&parent=345519"}],"wp:term":[{"taxonomy":"category","embeddable":true,"href":"https:\/\/blogdofarnesio.com.br\/index.php?rest_route=%2Fwp%2Fv2%2Fcategories&post=345519"},{"taxonomy":"post_tag","embeddable":true,"href":"https:\/\/blogdofarnesio.com.br\/index.php?rest_route=%2Fwp%2Fv2%2Ftags&post=345519"}],"curies":[{"name":"wp","href":"https:\/\/api.w.org\/{rel}","templated":true}]}}