{"id":345472,"date":"2023-07-17T15:00:19","date_gmt":"2023-07-17T18:00:19","guid":{"rendered":"https:\/\/blogdofarnesio.com.br\/?p=345472"},"modified":"2023-07-23T08:38:20","modified_gmt":"2023-07-23T11:38:20","slug":"governo-decretara-ponto-facultativo-em-jogos-da-selecao-feminina","status":"publish","type":"post","link":"https:\/\/blogdofarnesio.com.br\/?p=345472","title":{"rendered":"Governo decreta ponto facultativo em dias de jogos da Sele\u00e7\u00e3o Feminina"},"content":{"rendered":"<div class=\"col-lg-12 mb-3\">\n<div class=\"row\">\n<div class=\"col-10 offset-1 animated fadeInDown dealy-1100 alt-font text-center\">Pedro Rafael Vilela &#8211; Rep\u00f3rter da Ag\u00eancia Brasil &#8211; Bras\u00edlia<\/div>\n<\/div>\n<div class=\"row\">\n<div id=\"tts-container\" class=\"col-xl-7 offset-xl-1 col-lg-8 offset-lg-0 col-md-10 offset-md-1 mb-3\">\n<h4 class=\"alt-font font-italic small text-info text-left\">ouvir:<\/h4>\n<p><audio id=\"tts-player\" src=\"https:\/\/tts-app.ebc.com.br\/media\/tts\/206533.mp3\" controls=\"controls\" data-mce-fragment=\"1\"><\/audio><\/p>\n<\/div>\n<\/div>\n<\/div>\n<div class=\"col-xl-7 offset-xl-1 col-lg-8 offset-lg-0 col-md-10 offset-md-1 mb-3\">\n<div class=\"post-item alt-font\">\n<div class=\"post-item-wrap\">\n<p>O Minist\u00e9rio da Gest\u00e3o e Inova\u00e7\u00e3o\u00a0vai publicar uma portaria para permitir a ado\u00e7\u00e3o de ponto facultativo para servidores p\u00fablicos federais nos dias de jogos da Sele\u00e7\u00e3o Brasileira Feminina de futebol durante a Copa do Mundo da Austr\u00e1lia e Nova Zel\u00e2ndia.<\/p>\n<p>O torneio ocorre entre os dias 20 de julho e 20 de agosto. A estreia da sele\u00e7\u00e3o brasileira feminina ocorre no pr\u00f3ximo dia 24, contra o Panam\u00e1. A equipe est\u00e1 no Grupo F, que conta ainda com Fran\u00e7a e Jamaica.<img decoding=\"async\" src=\"https:\/\/agenciabrasil.ebc.com.br\/ebc.png?id=1544019&amp;o=node\" \/><img decoding=\"async\" src=\"https:\/\/agenciabrasil.ebc.com.br\/ebc.gif?id=1544019&amp;o=node\" \/><\/p>\n<p>Com a flexibiliza\u00e7\u00e3o, servidores poder\u00e3o se ausentar do trabalho para assistir aos jogos. A medida j\u00e1 \u00e9 tradicionalmente adotada na Copa do Mundo masculina de futebol.<\/p>\n<p>De acordo com a portaria, em dias de\u00a0jogos que come\u00e7arem at\u00e9 7h30, o expediente ter\u00e1 in\u00edcio \u00e0s 11h. Nos dias de jogos iniciados \u00e0s 8h, o expediente come\u00e7ar\u00e1 ao meio-dia. O documento prev\u00ea ainda a compensa\u00e7\u00e3o das\u00a0horas n\u00e3o trabalhadas at\u00e9 o dia 29 de dezembro.<\/p>\n<div class=\"dnd-widget-wrapper context-medio_4colunas type-image atom-align-right\">\n<div class=\"dnd-atom-rendered\">\n<div class=\"shadow overflow-hidden rounded-lg d-block zoom-on-hover-sm shadow-hover w-100\"><img decoding=\"async\" class=\"flex-fill img-cover\" title=\"Thais Magalh\u00e3es\/CBF\/Direitos Reservados\" src=\"https:\/\/imagens.ebc.com.br\/TsJrLNM-_6WSVD0ojXsFhnV2gXg=\/365x0\/smart\/https:\/\/agenciabrasil.ebc.com.br\/sites\/default\/files\/thumbnails\/image\/53026214596_7635e52cbc_o.jpg?itok=Jex9-ImV\" alt=\"sele\u00e7\u00e3o feminina, austr\u00e1lia, treino\" \/><\/div>\n<\/div>\n<div class=\"dnd-caption-wrapper\">\n<h6 class=\"meta\">Sele\u00e7\u00e3o Brasileira treina para estreia na Copa do Mundo, na Austr\u00e1lia &#8211;\u00a0<strong>Thais Magalh\u00e3es\/CBF\/Direitos Reservados<\/strong><\/h6>\n<\/div>\n<\/div>\n<p>A decis\u00e3o de autorizar o ponto facultativo partiu de um pedido da ministra do Esporte, Ana Moser, ao presidente Luiz In\u00e1cio Lula da Silva, no dia que ambos acompanharam o treino da Sele\u00e7\u00e3o no Est\u00e1dio Nacional Man\u00e9 Garricha, em Bras\u00edlia, h\u00e1 cerca de duas semanas.<\/p>\n<p>A previs\u00e3o \u00e9 que a portaria seja publicada na pr\u00f3xima ter\u00e7a-feira (18), no Di\u00e1rio Oficial da Uni\u00e3o.\u00a0A informa\u00e7\u00e3o foi confirmada \u00e0\u00a0<strong>Ag\u00eancia Brasil<\/strong>\u00a0pelo Minist\u00e9rio do Esporte.<\/p>\n<h2>Jogos da Sele\u00e7\u00e3o<\/h2>\n<p>A estreia do Brasil na Copa do Mundo Feminina acontecer\u00e1 no dia 24 de julho, uma segunda-feira, \u00e0s 8 horas (hor\u00e1rio de Bras\u00edlia), contra o Panam\u00e1. A partida correr\u00e1 no Hindmarsh Stadium, em Adelaide.<\/p>\n<p>O segundo jogo ser\u00e1 no s\u00e1bado, dia 29 de julho, contra a Fran\u00e7a, \u00e0s 7 horas, no Sidney Football Stadium, em Sidney. Na \u00faltima rodada da primeira fase, o Brasil joga contra a Jamaica, no dia 2 de agosto, quarta-feira, \u00e0s 7 horas, no Melbourne Rectangular Stadium, em Melbourne.<\/p>\n<h2>Candidatura<\/h2>\n<p>Ana Moser <a href=\"https:\/\/agenciabrasil.ebc.com.br\/esportes\/noticia\/2023-07\/ministra-do-esporte-vai-acompanhar-selecao-na-copa-do-mundo-de-futebol\" target=\"_blank\" rel=\"noopener\">embarcou para a Oceania para acompanhar de perto a Sele\u00e7\u00e3o na Copa<\/a>. Al\u00e9m de apoiar as jogadoras brasileiras na disputa por um t\u00edtulo in\u00e9dito, a ministra vai articular uma s\u00e9rie de reuni\u00f5es para apresentar a candidatura brasileira para sediar o pr\u00f3ximo Mundial feminino, em 2027.<\/p>\n<p>A escolha ser\u00e1 feita pela Federa\u00e7\u00e3o Internacional de Futebol (Fifa) somente no ano que vem.<\/p>\n<\/div>\n<p class=\"alt-font font-italic my-2 small text-info\">Edi\u00e7\u00e3o: Marcelo Brand\u00e3o<\/p>\n<\/div>\n<\/div>\n","protected":false},"excerpt":{"rendered":"<p>Pedro Rafael Vilela &#8211; Rep\u00f3rter da Ag\u00eancia Brasil &#8211; Bras\u00edlia ouvir: O Minist\u00e9rio da Gest\u00e3o e Inova\u00e7\u00e3o\u00a0vai publicar uma portaria para permitir a ado\u00e7\u00e3o de ponto facultativo para servidores p\u00fablicos federais nos dias de jogos da Sele\u00e7\u00e3o Brasileira Feminina de futebol durante a Copa do Mundo da Austr\u00e1lia e Nova Zel\u00e2ndia. O torneio ocorre entre os dias 20 de julho e 20 de agosto. A estreia da sele\u00e7\u00e3o brasileira feminina ocorre no pr\u00f3ximo dia 24, contra o Panam\u00e1. A equipe est\u00e1 no Grupo F, que conta ainda com Fran\u00e7a e Jamaica. Com a flexibiliza\u00e7\u00e3o, servidores poder\u00e3o se ausentar do trabalho para assistir aos jogos. A medida j\u00e1 \u00e9 tradicionalmente adotada na Copa do Mundo masculina de futebol. De acordo com&hellip; <\/p>\n","protected":false},"author":2,"featured_media":345475,"comment_status":"open","ping_status":"open","sticky":false,"template":"","format":"standard","meta":{"_acf_changed":false,"footnotes":""},"categories":[44,8],"tags":[],"class_list":["post-345472","post","type-post","status-publish","format-standard","has-post-thumbnail","hentry","category-administracao","category-esportes"],"acf":[],"yoast_head":"<!-- This site is optimized with the Yoast SEO plugin v27.4 - https:\/\/yoast.com\/product\/yoast-seo-wordpress\/ -->\n<title>Governo decreta ponto facultativo em dias de jogos da Sele\u00e7\u00e3o Feminina - Blog do Farn\u00e9sio<\/title>\n<meta name=\"robots\" content=\"index, follow, max-snippet:-1, max-image-preview:large, max-video-preview:-1\" \/>\n<link rel=\"canonical\" href=\"https:\/\/blogdofarnesio.com.br\/?p=345472\" \/>\n<meta property=\"og:locale\" content=\"pt_BR\" \/>\n<meta property=\"og:type\" content=\"article\" \/>\n<meta property=\"og:title\" content=\"Governo decreta ponto facultativo em dias de jogos da Sele\u00e7\u00e3o Feminina - Blog do Farn\u00e9sio\" \/>\n<meta property=\"og:description\" content=\"Pedro Rafael Vilela &#8211; Rep\u00f3rter da Ag\u00eancia Brasil &#8211; Bras\u00edlia ouvir: O Minist\u00e9rio da Gest\u00e3o e Inova\u00e7\u00e3o\u00a0vai publicar uma portaria para permitir a ado\u00e7\u00e3o de ponto facultativo para servidores p\u00fablicos federais nos dias de jogos da Sele\u00e7\u00e3o Brasileira Feminina de futebol durante a Copa do Mundo da Austr\u00e1lia e Nova Zel\u00e2ndia. O torneio ocorre entre os dias 20 de julho e 20 de agosto. A estreia da sele\u00e7\u00e3o brasileira feminina ocorre no pr\u00f3ximo dia 24, contra o Panam\u00e1. A equipe est\u00e1 no Grupo F, que conta ainda com Fran\u00e7a e Jamaica. Com a flexibiliza\u00e7\u00e3o, servidores poder\u00e3o se ausentar do trabalho para assistir aos jogos. A medida j\u00e1 \u00e9 tradicionalmente adotada na Copa do Mundo masculina de futebol. De acordo com&hellip;\" \/>\n<meta property=\"og:url\" content=\"https:\/\/blogdofarnesio.com.br\/?p=345472\" \/>\n<meta property=\"og:site_name\" content=\"Blog do Farn\u00e9sio\" \/>\n<meta property=\"article:publisher\" content=\"https:\/\/www.facebook.com\/BlogQuerSaberPolitica\/\" \/>\n<meta property=\"article:author\" content=\"https:\/\/www.facebook.com\/?ref=tn_tnmn\" \/>\n<meta property=\"article:published_time\" content=\"2023-07-17T18:00:19+00:00\" \/>\n<meta property=\"article:modified_time\" content=\"2023-07-23T11:38:20+00:00\" \/>\n<meta property=\"og:image\" content=\"https:\/\/blogdofarnesio.com.br\/wp-content\/uploads\/2023\/07\/selecao_feminina_she_believes-e1689425419948.jpg\" \/>\n\t<meta property=\"og:image:width\" content=\"670\" \/>\n\t<meta property=\"og:image:height\" content=\"401\" \/>\n\t<meta property=\"og:image:type\" content=\"image\/jpeg\" \/>\n<meta name=\"author\" content=\"Farn\u00e9sio\" \/>\n<meta name=\"twitter:card\" content=\"summary_large_image\" \/>\n<meta name=\"twitter:label1\" content=\"Escrito por\" \/>\n\t<meta name=\"twitter:data1\" content=\"Farn\u00e9sio\" \/>\n\t<meta name=\"twitter:label2\" content=\"Est. tempo de leitura\" \/>\n\t<meta name=\"twitter:data2\" content=\"3 minutos\" \/>\n<script type=\"application\/ld+json\" class=\"yoast-schema-graph\">{\"@context\":\"https:\\\/\\\/schema.org\",\"@graph\":[{\"@type\":\"Article\",\"@id\":\"https:\\\/\\\/blogdofarnesio.com.br\\\/?p=345472#article\",\"isPartOf\":{\"@id\":\"https:\\\/\\\/blogdofarnesio.com.br\\\/?p=345472\"},\"author\":{\"name\":\"Farn\u00e9sio\",\"@id\":\"https:\\\/\\\/blogdofarnesio.com.br\\\/#\\\/schema\\\/person\\\/bb9b23ae3ad0609ce8df7b6c9e76824d\"},\"headline\":\"Governo decreta ponto facultativo em dias de jogos da Sele\u00e7\u00e3o Feminina\",\"datePublished\":\"2023-07-17T18:00:19+00:00\",\"dateModified\":\"2023-07-23T11:38:20+00:00\",\"mainEntityOfPage\":{\"@id\":\"https:\\\/\\\/blogdofarnesio.com.br\\\/?p=345472\"},\"wordCount\":456,\"commentCount\":0,\"publisher\":{\"@id\":\"https:\\\/\\\/blogdofarnesio.com.br\\\/#organization\"},\"image\":{\"@id\":\"https:\\\/\\\/blogdofarnesio.com.br\\\/?p=345472#primaryimage\"},\"thumbnailUrl\":\"https:\\\/\\\/blogdofarnesio.com.br\\\/wp-content\\\/uploads\\\/2023\\\/07\\\/selecao_feminina_she_believes-e1689425419948.jpg\",\"articleSection\":[\"Administra\u00e7\u00e3o\",\"Esportes\"],\"inLanguage\":\"pt-BR\",\"potentialAction\":[{\"@type\":\"CommentAction\",\"name\":\"Comment\",\"target\":[\"https:\\\/\\\/blogdofarnesio.com.br\\\/?p=345472#respond\"]}]},{\"@type\":\"WebPage\",\"@id\":\"https:\\\/\\\/blogdofarnesio.com.br\\\/?p=345472\",\"url\":\"https:\\\/\\\/blogdofarnesio.com.br\\\/?p=345472\",\"name\":\"Governo decreta ponto facultativo em dias de jogos da Sele\u00e7\u00e3o Feminina - Blog do Farn\u00e9sio\",\"isPartOf\":{\"@id\":\"https:\\\/\\\/blogdofarnesio.com.br\\\/#website\"},\"primaryImageOfPage\":{\"@id\":\"https:\\\/\\\/blogdofarnesio.com.br\\\/?p=345472#primaryimage\"},\"image\":{\"@id\":\"https:\\\/\\\/blogdofarnesio.com.br\\\/?p=345472#primaryimage\"},\"thumbnailUrl\":\"https:\\\/\\\/blogdofarnesio.com.br\\\/wp-content\\\/uploads\\\/2023\\\/07\\\/selecao_feminina_she_believes-e1689425419948.jpg\",\"datePublished\":\"2023-07-17T18:00:19+00:00\",\"dateModified\":\"2023-07-23T11:38:20+00:00\",\"breadcrumb\":{\"@id\":\"https:\\\/\\\/blogdofarnesio.com.br\\\/?p=345472#breadcrumb\"},\"inLanguage\":\"pt-BR\",\"potentialAction\":[{\"@type\":\"ReadAction\",\"target\":[\"https:\\\/\\\/blogdofarnesio.com.br\\\/?p=345472\"]}]},{\"@type\":\"ImageObject\",\"inLanguage\":\"pt-BR\",\"@id\":\"https:\\\/\\\/blogdofarnesio.com.br\\\/?p=345472#primaryimage\",\"url\":\"https:\\\/\\\/blogdofarnesio.com.br\\\/wp-content\\\/uploads\\\/2023\\\/07\\\/selecao_feminina_she_believes-e1689425419948.jpg\",\"contentUrl\":\"https:\\\/\\\/blogdofarnesio.com.br\\\/wp-content\\\/uploads\\\/2023\\\/07\\\/selecao_feminina_she_believes-e1689425419948.jpg\",\"width\":670,\"height\":401},{\"@type\":\"BreadcrumbList\",\"@id\":\"https:\\\/\\\/blogdofarnesio.com.br\\\/?p=345472#breadcrumb\",\"itemListElement\":[{\"@type\":\"ListItem\",\"position\":1,\"name\":\"In\u00edcio\",\"item\":\"https:\\\/\\\/blogdofarnesio.com.br\\\/\"},{\"@type\":\"ListItem\",\"position\":2,\"name\":\"Governo decreta ponto facultativo em dias de jogos da Sele\u00e7\u00e3o Feminina\"}]},{\"@type\":\"WebSite\",\"@id\":\"https:\\\/\\\/blogdofarnesio.com.br\\\/#website\",\"url\":\"https:\\\/\\\/blogdofarnesio.com.br\\\/\",\"name\":\"Blog do Farn\u00e9sio\",\"description\":\"Quer Saber Pol\u00edtica?\",\"publisher\":{\"@id\":\"https:\\\/\\\/blogdofarnesio.com.br\\\/#organization\"},\"potentialAction\":[{\"@type\":\"SearchAction\",\"target\":{\"@type\":\"EntryPoint\",\"urlTemplate\":\"https:\\\/\\\/blogdofarnesio.com.br\\\/?s={search_term_string}\"},\"query-input\":{\"@type\":\"PropertyValueSpecification\",\"valueRequired\":true,\"valueName\":\"search_term_string\"}}],\"inLanguage\":\"pt-BR\"},{\"@type\":\"Organization\",\"@id\":\"https:\\\/\\\/blogdofarnesio.com.br\\\/#organization\",\"name\":\"Blog do Farn\u00e9sio\",\"url\":\"https:\\\/\\\/blogdofarnesio.com.br\\\/\",\"logo\":{\"@type\":\"ImageObject\",\"inLanguage\":\"pt-BR\",\"@id\":\"https:\\\/\\\/blogdofarnesio.com.br\\\/#\\\/schema\\\/logo\\\/image\\\/\",\"url\":\"https:\\\/\\\/blogdofarnesio.com.br\\\/wp-content\\\/uploads\\\/2026\\\/03\\\/cropped-logo_new-1.png\",\"contentUrl\":\"https:\\\/\\\/blogdofarnesio.com.br\\\/wp-content\\\/uploads\\\/2026\\\/03\\\/cropped-logo_new-1.png\",\"width\":881,\"height\":685,\"caption\":\"Blog do Farn\u00e9sio\"},\"image\":{\"@id\":\"https:\\\/\\\/blogdofarnesio.com.br\\\/#\\\/schema\\\/logo\\\/image\\\/\"},\"sameAs\":[\"https:\\\/\\\/www.facebook.com\\\/BlogQuerSaberPolitica\\\/\"]},{\"@type\":\"Person\",\"@id\":\"https:\\\/\\\/blogdofarnesio.com.br\\\/#\\\/schema\\\/person\\\/bb9b23ae3ad0609ce8df7b6c9e76824d\",\"name\":\"Farn\u00e9sio\",\"image\":{\"@type\":\"ImageObject\",\"inLanguage\":\"pt-BR\",\"@id\":\"https:\\\/\\\/secure.gravatar.com\\\/avatar\\\/986aa4c61ccdb66f8555bf88fc2a65609d00bcabd4d2d94377a727547345cbca?s=96&d=mm&r=g\",\"url\":\"https:\\\/\\\/secure.gravatar.com\\\/avatar\\\/986aa4c61ccdb66f8555bf88fc2a65609d00bcabd4d2d94377a727547345cbca?s=96&d=mm&r=g\",\"contentUrl\":\"https:\\\/\\\/secure.gravatar.com\\\/avatar\\\/986aa4c61ccdb66f8555bf88fc2a65609d00bcabd4d2d94377a727547345cbca?s=96&d=mm&r=g\",\"caption\":\"Farn\u00e9sio\"},\"description\":\"Radialista blogueiro, chegou a Petrolina\\\/Juazeiro em setembro de 1980, Farn\u00e9sio Silva \u00e9 de Arapiraca-Alagoas.\",\"sameAs\":[\"http:\\\/\\\/blogdofarnesio.com.br\",\"https:\\\/\\\/www.facebook.com\\\/?ref=tn_tnmn\",\"https:\\\/\\\/www.instagram.com\\\/?utm_source=pwa_homescreen\",\"https:\\\/\\\/youtube.com.br\\\/\"],\"url\":\"https:\\\/\\\/blogdofarnesio.com.br\\\/?author=2\"}]}<\/script>\n<!-- \/ Yoast SEO plugin. -->","yoast_head_json":{"title":"Governo decreta ponto facultativo em dias de jogos da Sele\u00e7\u00e3o Feminina - Blog do Farn\u00e9sio","robots":{"index":"index","follow":"follow","max-snippet":"max-snippet:-1","max-image-preview":"max-image-preview:large","max-video-preview":"max-video-preview:-1"},"canonical":"https:\/\/blogdofarnesio.com.br\/?p=345472","og_locale":"pt_BR","og_type":"article","og_title":"Governo decreta ponto facultativo em dias de jogos da Sele\u00e7\u00e3o Feminina - Blog do Farn\u00e9sio","og_description":"Pedro Rafael Vilela &#8211; Rep\u00f3rter da Ag\u00eancia Brasil &#8211; Bras\u00edlia ouvir: O Minist\u00e9rio da Gest\u00e3o e Inova\u00e7\u00e3o\u00a0vai publicar uma portaria para permitir a ado\u00e7\u00e3o de ponto facultativo para servidores p\u00fablicos federais nos dias de jogos da Sele\u00e7\u00e3o Brasileira Feminina de futebol durante a Copa do Mundo da Austr\u00e1lia e Nova Zel\u00e2ndia. O torneio ocorre entre os dias 20 de julho e 20 de agosto. A estreia da sele\u00e7\u00e3o brasileira feminina ocorre no pr\u00f3ximo dia 24, contra o Panam\u00e1. A equipe est\u00e1 no Grupo F, que conta ainda com Fran\u00e7a e Jamaica. Com a flexibiliza\u00e7\u00e3o, servidores poder\u00e3o se ausentar do trabalho para assistir aos jogos. A medida j\u00e1 \u00e9 tradicionalmente adotada na Copa do Mundo masculina de futebol. De acordo com&hellip;","og_url":"https:\/\/blogdofarnesio.com.br\/?p=345472","og_site_name":"Blog do Farn\u00e9sio","article_publisher":"https:\/\/www.facebook.com\/BlogQuerSaberPolitica\/","article_author":"https:\/\/www.facebook.com\/?ref=tn_tnmn","article_published_time":"2023-07-17T18:00:19+00:00","article_modified_time":"2023-07-23T11:38:20+00:00","og_image":[{"width":670,"height":401,"url":"https:\/\/blogdofarnesio.com.br\/wp-content\/uploads\/2023\/07\/selecao_feminina_she_believes-e1689425419948.jpg","type":"image\/jpeg"}],"author":"Farn\u00e9sio","twitter_card":"summary_large_image","twitter_misc":{"Escrito por":"Farn\u00e9sio","Est. tempo de leitura":"3 minutos"},"schema":{"@context":"https:\/\/schema.org","@graph":[{"@type":"Article","@id":"https:\/\/blogdofarnesio.com.br\/?p=345472#article","isPartOf":{"@id":"https:\/\/blogdofarnesio.com.br\/?p=345472"},"author":{"name":"Farn\u00e9sio","@id":"https:\/\/blogdofarnesio.com.br\/#\/schema\/person\/bb9b23ae3ad0609ce8df7b6c9e76824d"},"headline":"Governo decreta ponto facultativo em dias de jogos da Sele\u00e7\u00e3o Feminina","datePublished":"2023-07-17T18:00:19+00:00","dateModified":"2023-07-23T11:38:20+00:00","mainEntityOfPage":{"@id":"https:\/\/blogdofarnesio.com.br\/?p=345472"},"wordCount":456,"commentCount":0,"publisher":{"@id":"https:\/\/blogdofarnesio.com.br\/#organization"},"image":{"@id":"https:\/\/blogdofarnesio.com.br\/?p=345472#primaryimage"},"thumbnailUrl":"https:\/\/blogdofarnesio.com.br\/wp-content\/uploads\/2023\/07\/selecao_feminina_she_believes-e1689425419948.jpg","articleSection":["Administra\u00e7\u00e3o","Esportes"],"inLanguage":"pt-BR","potentialAction":[{"@type":"CommentAction","name":"Comment","target":["https:\/\/blogdofarnesio.com.br\/?p=345472#respond"]}]},{"@type":"WebPage","@id":"https:\/\/blogdofarnesio.com.br\/?p=345472","url":"https:\/\/blogdofarnesio.com.br\/?p=345472","name":"Governo decreta ponto facultativo em dias de jogos da Sele\u00e7\u00e3o Feminina - Blog do Farn\u00e9sio","isPartOf":{"@id":"https:\/\/blogdofarnesio.com.br\/#website"},"primaryImageOfPage":{"@id":"https:\/\/blogdofarnesio.com.br\/?p=345472#primaryimage"},"image":{"@id":"https:\/\/blogdofarnesio.com.br\/?p=345472#primaryimage"},"thumbnailUrl":"https:\/\/blogdofarnesio.com.br\/wp-content\/uploads\/2023\/07\/selecao_feminina_she_believes-e1689425419948.jpg","datePublished":"2023-07-17T18:00:19+00:00","dateModified":"2023-07-23T11:38:20+00:00","breadcrumb":{"@id":"https:\/\/blogdofarnesio.com.br\/?p=345472#breadcrumb"},"inLanguage":"pt-BR","potentialAction":[{"@type":"ReadAction","target":["https:\/\/blogdofarnesio.com.br\/?p=345472"]}]},{"@type":"ImageObject","inLanguage":"pt-BR","@id":"https:\/\/blogdofarnesio.com.br\/?p=345472#primaryimage","url":"https:\/\/blogdofarnesio.com.br\/wp-content\/uploads\/2023\/07\/selecao_feminina_she_believes-e1689425419948.jpg","contentUrl":"https:\/\/blogdofarnesio.com.br\/wp-content\/uploads\/2023\/07\/selecao_feminina_she_believes-e1689425419948.jpg","width":670,"height":401},{"@type":"BreadcrumbList","@id":"https:\/\/blogdofarnesio.com.br\/?p=345472#breadcrumb","itemListElement":[{"@type":"ListItem","position":1,"name":"In\u00edcio","item":"https:\/\/blogdofarnesio.com.br\/"},{"@type":"ListItem","position":2,"name":"Governo decreta ponto facultativo em dias de jogos da Sele\u00e7\u00e3o Feminina"}]},{"@type":"WebSite","@id":"https:\/\/blogdofarnesio.com.br\/#website","url":"https:\/\/blogdofarnesio.com.br\/","name":"Blog do Farn\u00e9sio","description":"Quer Saber Pol\u00edtica?","publisher":{"@id":"https:\/\/blogdofarnesio.com.br\/#organization"},"potentialAction":[{"@type":"SearchAction","target":{"@type":"EntryPoint","urlTemplate":"https:\/\/blogdofarnesio.com.br\/?s={search_term_string}"},"query-input":{"@type":"PropertyValueSpecification","valueRequired":true,"valueName":"search_term_string"}}],"inLanguage":"pt-BR"},{"@type":"Organization","@id":"https:\/\/blogdofarnesio.com.br\/#organization","name":"Blog do Farn\u00e9sio","url":"https:\/\/blogdofarnesio.com.br\/","logo":{"@type":"ImageObject","inLanguage":"pt-BR","@id":"https:\/\/blogdofarnesio.com.br\/#\/schema\/logo\/image\/","url":"https:\/\/blogdofarnesio.com.br\/wp-content\/uploads\/2026\/03\/cropped-logo_new-1.png","contentUrl":"https:\/\/blogdofarnesio.com.br\/wp-content\/uploads\/2026\/03\/cropped-logo_new-1.png","width":881,"height":685,"caption":"Blog do Farn\u00e9sio"},"image":{"@id":"https:\/\/blogdofarnesio.com.br\/#\/schema\/logo\/image\/"},"sameAs":["https:\/\/www.facebook.com\/BlogQuerSaberPolitica\/"]},{"@type":"Person","@id":"https:\/\/blogdofarnesio.com.br\/#\/schema\/person\/bb9b23ae3ad0609ce8df7b6c9e76824d","name":"Farn\u00e9sio","image":{"@type":"ImageObject","inLanguage":"pt-BR","@id":"https:\/\/secure.gravatar.com\/avatar\/986aa4c61ccdb66f8555bf88fc2a65609d00bcabd4d2d94377a727547345cbca?s=96&d=mm&r=g","url":"https:\/\/secure.gravatar.com\/avatar\/986aa4c61ccdb66f8555bf88fc2a65609d00bcabd4d2d94377a727547345cbca?s=96&d=mm&r=g","contentUrl":"https:\/\/secure.gravatar.com\/avatar\/986aa4c61ccdb66f8555bf88fc2a65609d00bcabd4d2d94377a727547345cbca?s=96&d=mm&r=g","caption":"Farn\u00e9sio"},"description":"Radialista blogueiro, chegou a Petrolina\/Juazeiro em setembro de 1980, Farn\u00e9sio Silva \u00e9 de Arapiraca-Alagoas.","sameAs":["http:\/\/blogdofarnesio.com.br","https:\/\/www.facebook.com\/?ref=tn_tnmn","https:\/\/www.instagram.com\/?utm_source=pwa_homescreen","https:\/\/youtube.com.br\/"],"url":"https:\/\/blogdofarnesio.com.br\/?author=2"}]}},"_links":{"self":[{"href":"https:\/\/blogdofarnesio.com.br\/index.php?rest_route=\/wp\/v2\/posts\/345472","targetHints":{"allow":["GET"]}}],"collection":[{"href":"https:\/\/blogdofarnesio.com.br\/index.php?rest_route=\/wp\/v2\/posts"}],"about":[{"href":"https:\/\/blogdofarnesio.com.br\/index.php?rest_route=\/wp\/v2\/types\/post"}],"author":[{"embeddable":true,"href":"https:\/\/blogdofarnesio.com.br\/index.php?rest_route=\/wp\/v2\/users\/2"}],"replies":[{"embeddable":true,"href":"https:\/\/blogdofarnesio.com.br\/index.php?rest_route=%2Fwp%2Fv2%2Fcomments&post=345472"}],"version-history":[{"count":0,"href":"https:\/\/blogdofarnesio.com.br\/index.php?rest_route=\/wp\/v2\/posts\/345472\/revisions"}],"wp:featuredmedia":[{"embeddable":true,"href":"https:\/\/blogdofarnesio.com.br\/index.php?rest_route=\/wp\/v2\/media\/345475"}],"wp:attachment":[{"href":"https:\/\/blogdofarnesio.com.br\/index.php?rest_route=%2Fwp%2Fv2%2Fmedia&parent=345472"}],"wp:term":[{"taxonomy":"category","embeddable":true,"href":"https:\/\/blogdofarnesio.com.br\/index.php?rest_route=%2Fwp%2Fv2%2Fcategories&post=345472"},{"taxonomy":"post_tag","embeddable":true,"href":"https:\/\/blogdofarnesio.com.br\/index.php?rest_route=%2Fwp%2Fv2%2Ftags&post=345472"}],"curies":[{"name":"wp","href":"https:\/\/api.w.org\/{rel}","templated":true}]}}