{"id":345448,"date":"2023-07-18T07:20:48","date_gmt":"2023-07-18T10:20:48","guid":{"rendered":"https:\/\/blogdofarnesio.com.br\/?p=345448"},"modified":"2023-07-17T14:04:30","modified_gmt":"2023-07-17T17:04:30","slug":"projeto-interioriza-defensoria-estara-de-forma-simultanea-em-14-cidades-em-juazeiro-atendimento-sera-no-teatro-de-juremal","status":"publish","type":"post","link":"https:\/\/blogdofarnesio.com.br\/?p=345448","title":{"rendered":"Projeto &#8216;Interioriza Defensoria&#8217; estar\u00e1 de forma simult\u00e2nea em 14 cidades. Em Juazeiro atendimento ser\u00e1 hoje em Juremal"},"content":{"rendered":"<div class=\"sc-8a384deb-0 gcFtGo\"><\/div>\n<div class=\"sc-c22b9e79-1 ouagm\">\n<div class=\"sc-c22b9e79-3 gGKeEu\">\n<p>O projeto Interioriza Defensoria, da Defensoria P\u00fablica da Bahia (DP-BA), oferecer\u00e1 assist\u00eancia jur\u00eddica aos povoados desassistidos pela institui\u00e7\u00e3o nesta ter\u00e7a-feira, para 14 munic\u00edpios. Em Juazeiro atendimento ser\u00e1 no teatro de Juremal. Na primeira edi\u00e7\u00e3o do projeto \u2018Interioriza Defensoria\u2019, realizada em maio deste ano, 754 pessoas foram beneficiadas.<\/p>\n<p dir=\"ltr\">O objetivo da a\u00e7\u00e3o \u00e9 facilitar a vida de quem mora em locais long\u00ednquos das sedes da Defensoria, inclusive quem vive na zona rural, que muitas vezes encontra dificuldade de obter atendimento judicial e extrajudicial gratuito e de qualidade.<\/p>\n<p dir=\"ltr\">Por meio do projeto, moradores dessas localidades podem obter servi\u00e7os p\u00fablicos relevantes, como solicita\u00e7\u00f5es de regulariza\u00e7\u00e3o de documentos, pens\u00e3o aliment\u00edcia, realiza\u00e7\u00e3o de exame de DNA, div\u00f3rcio, reconhecimento ou dissolu\u00e7\u00e3o de uni\u00e3o est\u00e1vel, entre outros.<\/p>\n<p dir=\"ltr\">Com ocorr\u00eancia simult\u00e2nea em todo o Estado, a expectativa \u00e9 de que centenas de pessoas sejam atendidas nesta edi\u00e7\u00e3o, a exemplo do que aconteceu em maio. Os atendimentos acontecem por ordem de chegada.<\/p>\n<p dir=\"ltr\"><strong>CONFIRA OS LOCAIS DE ATENDIMENTO EM CADA REGIONAL<\/strong><\/p>\n<p dir=\"ltr\">1\u00aa Regional<br \/>\nLocal: Col\u00e9gio Estadual do Campo Padre Henrique Borges, rua C\u00f4nego Olimpo, s\/n, distrito de Humildes, Feira de Santana<br \/>\nHor\u00e1rio: 9h \u00e0s 15h<\/p>\n<p dir=\"ltr\">2\u00aa Regional<br \/>\nLocal: Escola Municipal Alfredo Brito, comunidade quilombola de Lagoa de Maria Clem\u00eancia, s\/n, distrito de Pradoso, zona rural de Vit\u00f3ria da Conquista<br \/>\nHor\u00e1rio: 9h \u00e0s 14h<\/p>\n<p dir=\"ltr\">3\u00aa Regional<br \/>\nLocal: Centro de Refer\u00eancia da Assist\u00eancia Social (CRAS) do Banco da Vit\u00f3ria, rodovia Ilh\u00e9us-Itabuna, 531, bairro Banco da Vit\u00f3ria<br \/>\nHor\u00e1rio: 9h \u00e0s 14h<\/p>\n<p dir=\"ltr\">4\u00aa Regional<br \/>\nLocal: Centro de Refer\u00eancia da Assist\u00eancia Social (CRAS) II Nova Ferradas, rua Bela Vista, 257, bairro Nova Ferradas, Ilh\u00e9us<br \/>\nHor\u00e1rio: 9h \u00e0s 15h<\/p>\n<p dir=\"ltr\"><strong>5\u00aa Regional<\/strong><br \/>\n<strong>Local: Teatro Municipal Jos\u00e9 Guilherme da Cunha, distrito de Juremal, zona rural de Juazeiro<\/strong><br \/>\n<strong>Hor\u00e1rio: 9h \u00e0s 15h<\/strong><\/p>\n<p dir=\"ltr\">6\u00aa Regional<br \/>\nLocal: Prefeitura Municipal de S\u00e3o Felipe, pra\u00e7a C\u00f4nego Jos\u00e9 Louren\u00e7o, 42, bairro Centro, munic\u00edpio de S\u00e3o Felipe<br \/>\nHor\u00e1rio: 9h \u00e0s 14h<\/p>\n<p dir=\"ltr\">7\u00aa Regional<br \/>\nLocal: Escola Municipal Amauri Siqueira Montalv\u00e3o, estrada Areia Branca-Cachoeirinha, bairro Jambeiro, munic\u00edpio de Lauro de Freitas<br \/>\nHor\u00e1rio: 9h \u00e0s 15h<\/p>\n<p dir=\"ltr\">8\u00aa Regional<br \/>\nLocal: Galp\u00e3o da Igreja Cat\u00f3lica, comunidade Rio de Pedras, zona rural de Barreiras<br \/>\nHor\u00e1rio: 9h \u00e0s 13h<\/p>\n<p dir=\"ltr\">9\u00aa Regional<br \/>\nLocal: Escola Municipal Dois de Maio, assentamento Chico Mendes, zona rural de Porto Seguro<br \/>\nHor\u00e1rio: 9h \u00e0s 15h<\/p>\n<p dir=\"ltr\">10\u00aa Regional<br \/>\nLocal: Audit\u00f3rio Municipal Paulo Magalh\u00e3es, na pra\u00e7a Pedro Batista, bairro Centro, munic\u00edpio de Santa Br\u00edgida<br \/>\nHor\u00e1rio: 9h \u00e0s 15h<\/p>\n<p dir=\"ltr\">11\u00aa Regional<br \/>\nLocal: Escola Janu\u00e1rio Alves, povoado de Ramos, zona rural do munic\u00edpio de Presidente Dutra<br \/>\nHor\u00e1rio: 9h \u00e0s 15h<\/p>\n<p dir=\"ltr\">12\u00aa Regional<br \/>\nLocal: Centro Educacional Leur Lomanto, rua Florestal, s\/n, distrito de Itaib\u00f3, zona rural de Jequi\u00e9<br \/>\nHor\u00e1rio: 9h \u00e0s 15h<\/p>\n<p dir=\"ltr\">13\u00aa Regional<br \/>\nLocal: Centro de Refer\u00eancia da Assist\u00eancia Social (CRAS) do Riacho da Guia, rua Alexandre Fonseca, 35, zona rural de Alagoinhas<br \/>\nHor\u00e1rio: 9h \u00e0s 14h<\/p>\n<p dir=\"ltr\">14\u00aa Regional<br \/>\nLocal: Comunidade ind\u00edgena Aldeia \u00c1guas Belas, no territ\u00f3rio de Barra Velha, no munic\u00edpio de Prado<br \/>\nHor\u00e1rio: 9h \u00e0s 15h<\/p>\n<\/div>\n<\/div>\n","protected":false},"excerpt":{"rendered":"<p>O projeto Interioriza Defensoria, da Defensoria P\u00fablica da Bahia (DP-BA), oferecer\u00e1 assist\u00eancia jur\u00eddica aos povoados desassistidos pela institui\u00e7\u00e3o nesta ter\u00e7a-feira, para 14 munic\u00edpios. Em Juazeiro atendimento ser\u00e1 no teatro de Juremal. Na primeira edi\u00e7\u00e3o do projeto \u2018Interioriza Defensoria\u2019, realizada em maio deste ano, 754 pessoas foram beneficiadas. O objetivo da a\u00e7\u00e3o \u00e9 facilitar a vida de quem mora em locais long\u00ednquos das sedes da Defensoria, inclusive quem vive na zona rural, que muitas vezes encontra dificuldade de obter atendimento judicial e extrajudicial gratuito e de qualidade. Por meio do projeto, moradores dessas localidades podem obter servi\u00e7os p\u00fablicos relevantes, como solicita\u00e7\u00f5es de regulariza\u00e7\u00e3o de documentos, pens\u00e3o aliment\u00edcia, realiza\u00e7\u00e3o de exame de DNA, div\u00f3rcio, reconhecimento ou dissolu\u00e7\u00e3o de uni\u00e3o est\u00e1vel, entre outros.&hellip; <\/p>\n","protected":false},"author":2,"featured_media":320387,"comment_status":"open","ping_status":"open","sticky":false,"template":"","format":"standard","meta":{"_acf_changed":false,"footnotes":""},"categories":[23],"tags":[],"class_list":["post-345448","post","type-post","status-publish","format-standard","has-post-thumbnail","hentry","category-justica"],"acf":[],"yoast_head":"<!-- This site is optimized with the Yoast SEO plugin v27.4 - https:\/\/yoast.com\/product\/yoast-seo-wordpress\/ -->\n<title>Projeto &#039;Interioriza Defensoria&#039; estar\u00e1 de forma simult\u00e2nea em 14 cidades. Em Juazeiro atendimento ser\u00e1 hoje em Juremal - Blog do Farn\u00e9sio<\/title>\n<meta name=\"robots\" content=\"index, follow, max-snippet:-1, max-image-preview:large, max-video-preview:-1\" \/>\n<link rel=\"canonical\" href=\"https:\/\/blogdofarnesio.com.br\/?p=345448\" \/>\n<meta property=\"og:locale\" content=\"pt_BR\" \/>\n<meta property=\"og:type\" content=\"article\" \/>\n<meta property=\"og:title\" content=\"Projeto &#039;Interioriza Defensoria&#039; estar\u00e1 de forma simult\u00e2nea em 14 cidades. Em Juazeiro atendimento ser\u00e1 hoje em Juremal - Blog do Farn\u00e9sio\" \/>\n<meta property=\"og:description\" content=\"O projeto Interioriza Defensoria, da Defensoria P\u00fablica da Bahia (DP-BA), oferecer\u00e1 assist\u00eancia jur\u00eddica aos povoados desassistidos pela institui\u00e7\u00e3o nesta ter\u00e7a-feira, para 14 munic\u00edpios. Em Juazeiro atendimento ser\u00e1 no teatro de Juremal. Na primeira edi\u00e7\u00e3o do projeto \u2018Interioriza Defensoria\u2019, realizada em maio deste ano, 754 pessoas foram beneficiadas. O objetivo da a\u00e7\u00e3o \u00e9 facilitar a vida de quem mora em locais long\u00ednquos das sedes da Defensoria, inclusive quem vive na zona rural, que muitas vezes encontra dificuldade de obter atendimento judicial e extrajudicial gratuito e de qualidade. Por meio do projeto, moradores dessas localidades podem obter servi\u00e7os p\u00fablicos relevantes, como solicita\u00e7\u00f5es de regulariza\u00e7\u00e3o de documentos, pens\u00e3o aliment\u00edcia, realiza\u00e7\u00e3o de exame de DNA, div\u00f3rcio, reconhecimento ou dissolu\u00e7\u00e3o de uni\u00e3o est\u00e1vel, entre outros.&hellip;\" \/>\n<meta property=\"og:url\" content=\"https:\/\/blogdofarnesio.com.br\/?p=345448\" \/>\n<meta property=\"og:site_name\" content=\"Blog do Farn\u00e9sio\" \/>\n<meta property=\"article:publisher\" content=\"https:\/\/www.facebook.com\/BlogQuerSaberPolitica\/\" \/>\n<meta property=\"article:author\" content=\"https:\/\/www.facebook.com\/?ref=tn_tnmn\" \/>\n<meta property=\"article:published_time\" content=\"2023-07-18T10:20:48+00:00\" \/>\n<meta property=\"og:image\" content=\"https:\/\/blogdofarnesio.com.br\/wp-content\/uploads\/2022\/08\/praca-juremal-semaurb-19.jpg\" \/>\n\t<meta property=\"og:image:width\" content=\"1920\" \/>\n\t<meta property=\"og:image:height\" content=\"1280\" \/>\n\t<meta property=\"og:image:type\" content=\"image\/jpeg\" \/>\n<meta name=\"author\" content=\"Farn\u00e9sio\" \/>\n<meta name=\"twitter:card\" content=\"summary_large_image\" \/>\n<meta name=\"twitter:label1\" content=\"Escrito por\" \/>\n\t<meta name=\"twitter:data1\" content=\"Farn\u00e9sio\" \/>\n\t<meta name=\"twitter:label2\" content=\"Est. tempo de leitura\" \/>\n\t<meta name=\"twitter:data2\" content=\"3 minutos\" \/>\n<script type=\"application\/ld+json\" class=\"yoast-schema-graph\">{\"@context\":\"https:\\\/\\\/schema.org\",\"@graph\":[{\"@type\":\"Article\",\"@id\":\"https:\\\/\\\/blogdofarnesio.com.br\\\/?p=345448#article\",\"isPartOf\":{\"@id\":\"https:\\\/\\\/blogdofarnesio.com.br\\\/?p=345448\"},\"author\":{\"name\":\"Farn\u00e9sio\",\"@id\":\"https:\\\/\\\/blogdofarnesio.com.br\\\/#\\\/schema\\\/person\\\/bb9b23ae3ad0609ce8df7b6c9e76824d\"},\"headline\":\"Projeto &#8216;Interioriza Defensoria&#8217; estar\u00e1 de forma simult\u00e2nea em 14 cidades. Em Juazeiro atendimento ser\u00e1 hoje em Juremal\",\"datePublished\":\"2023-07-18T10:20:48+00:00\",\"mainEntityOfPage\":{\"@id\":\"https:\\\/\\\/blogdofarnesio.com.br\\\/?p=345448\"},\"wordCount\":545,\"commentCount\":0,\"publisher\":{\"@id\":\"https:\\\/\\\/blogdofarnesio.com.br\\\/#organization\"},\"image\":{\"@id\":\"https:\\\/\\\/blogdofarnesio.com.br\\\/?p=345448#primaryimage\"},\"thumbnailUrl\":\"https:\\\/\\\/blogdofarnesio.com.br\\\/wp-content\\\/uploads\\\/2022\\\/08\\\/praca-juremal-semaurb-19.jpg\",\"articleSection\":[\"Justi\u00e7a\"],\"inLanguage\":\"pt-BR\",\"potentialAction\":[{\"@type\":\"CommentAction\",\"name\":\"Comment\",\"target\":[\"https:\\\/\\\/blogdofarnesio.com.br\\\/?p=345448#respond\"]}]},{\"@type\":\"WebPage\",\"@id\":\"https:\\\/\\\/blogdofarnesio.com.br\\\/?p=345448\",\"url\":\"https:\\\/\\\/blogdofarnesio.com.br\\\/?p=345448\",\"name\":\"Projeto 'Interioriza Defensoria' estar\u00e1 de forma simult\u00e2nea em 14 cidades. Em Juazeiro atendimento ser\u00e1 hoje em Juremal - Blog do Farn\u00e9sio\",\"isPartOf\":{\"@id\":\"https:\\\/\\\/blogdofarnesio.com.br\\\/#website\"},\"primaryImageOfPage\":{\"@id\":\"https:\\\/\\\/blogdofarnesio.com.br\\\/?p=345448#primaryimage\"},\"image\":{\"@id\":\"https:\\\/\\\/blogdofarnesio.com.br\\\/?p=345448#primaryimage\"},\"thumbnailUrl\":\"https:\\\/\\\/blogdofarnesio.com.br\\\/wp-content\\\/uploads\\\/2022\\\/08\\\/praca-juremal-semaurb-19.jpg\",\"datePublished\":\"2023-07-18T10:20:48+00:00\",\"breadcrumb\":{\"@id\":\"https:\\\/\\\/blogdofarnesio.com.br\\\/?p=345448#breadcrumb\"},\"inLanguage\":\"pt-BR\",\"potentialAction\":[{\"@type\":\"ReadAction\",\"target\":[\"https:\\\/\\\/blogdofarnesio.com.br\\\/?p=345448\"]}]},{\"@type\":\"ImageObject\",\"inLanguage\":\"pt-BR\",\"@id\":\"https:\\\/\\\/blogdofarnesio.com.br\\\/?p=345448#primaryimage\",\"url\":\"https:\\\/\\\/blogdofarnesio.com.br\\\/wp-content\\\/uploads\\\/2022\\\/08\\\/praca-juremal-semaurb-19.jpg\",\"contentUrl\":\"https:\\\/\\\/blogdofarnesio.com.br\\\/wp-content\\\/uploads\\\/2022\\\/08\\\/praca-juremal-semaurb-19.jpg\",\"width\":1920,\"height\":1280},{\"@type\":\"BreadcrumbList\",\"@id\":\"https:\\\/\\\/blogdofarnesio.com.br\\\/?p=345448#breadcrumb\",\"itemListElement\":[{\"@type\":\"ListItem\",\"position\":1,\"name\":\"In\u00edcio\",\"item\":\"https:\\\/\\\/blogdofarnesio.com.br\\\/\"},{\"@type\":\"ListItem\",\"position\":2,\"name\":\"Projeto &#8216;Interioriza Defensoria&#8217; estar\u00e1 de forma simult\u00e2nea em 14 cidades. Em Juazeiro atendimento ser\u00e1 hoje em Juremal\"}]},{\"@type\":\"WebSite\",\"@id\":\"https:\\\/\\\/blogdofarnesio.com.br\\\/#website\",\"url\":\"https:\\\/\\\/blogdofarnesio.com.br\\\/\",\"name\":\"Blog do Farn\u00e9sio\",\"description\":\"Quer Saber Pol\u00edtica?\",\"publisher\":{\"@id\":\"https:\\\/\\\/blogdofarnesio.com.br\\\/#organization\"},\"potentialAction\":[{\"@type\":\"SearchAction\",\"target\":{\"@type\":\"EntryPoint\",\"urlTemplate\":\"https:\\\/\\\/blogdofarnesio.com.br\\\/?s={search_term_string}\"},\"query-input\":{\"@type\":\"PropertyValueSpecification\",\"valueRequired\":true,\"valueName\":\"search_term_string\"}}],\"inLanguage\":\"pt-BR\"},{\"@type\":\"Organization\",\"@id\":\"https:\\\/\\\/blogdofarnesio.com.br\\\/#organization\",\"name\":\"Blog do Farn\u00e9sio\",\"url\":\"https:\\\/\\\/blogdofarnesio.com.br\\\/\",\"logo\":{\"@type\":\"ImageObject\",\"inLanguage\":\"pt-BR\",\"@id\":\"https:\\\/\\\/blogdofarnesio.com.br\\\/#\\\/schema\\\/logo\\\/image\\\/\",\"url\":\"https:\\\/\\\/blogdofarnesio.com.br\\\/wp-content\\\/uploads\\\/2026\\\/03\\\/cropped-logo_new-1.png\",\"contentUrl\":\"https:\\\/\\\/blogdofarnesio.com.br\\\/wp-content\\\/uploads\\\/2026\\\/03\\\/cropped-logo_new-1.png\",\"width\":881,\"height\":685,\"caption\":\"Blog do Farn\u00e9sio\"},\"image\":{\"@id\":\"https:\\\/\\\/blogdofarnesio.com.br\\\/#\\\/schema\\\/logo\\\/image\\\/\"},\"sameAs\":[\"https:\\\/\\\/www.facebook.com\\\/BlogQuerSaberPolitica\\\/\"]},{\"@type\":\"Person\",\"@id\":\"https:\\\/\\\/blogdofarnesio.com.br\\\/#\\\/schema\\\/person\\\/bb9b23ae3ad0609ce8df7b6c9e76824d\",\"name\":\"Farn\u00e9sio\",\"image\":{\"@type\":\"ImageObject\",\"inLanguage\":\"pt-BR\",\"@id\":\"https:\\\/\\\/secure.gravatar.com\\\/avatar\\\/986aa4c61ccdb66f8555bf88fc2a65609d00bcabd4d2d94377a727547345cbca?s=96&d=mm&r=g\",\"url\":\"https:\\\/\\\/secure.gravatar.com\\\/avatar\\\/986aa4c61ccdb66f8555bf88fc2a65609d00bcabd4d2d94377a727547345cbca?s=96&d=mm&r=g\",\"contentUrl\":\"https:\\\/\\\/secure.gravatar.com\\\/avatar\\\/986aa4c61ccdb66f8555bf88fc2a65609d00bcabd4d2d94377a727547345cbca?s=96&d=mm&r=g\",\"caption\":\"Farn\u00e9sio\"},\"description\":\"Radialista blogueiro, chegou a Petrolina\\\/Juazeiro em setembro de 1980, Farn\u00e9sio Silva \u00e9 de Arapiraca-Alagoas.\",\"sameAs\":[\"http:\\\/\\\/blogdofarnesio.com.br\",\"https:\\\/\\\/www.facebook.com\\\/?ref=tn_tnmn\",\"https:\\\/\\\/www.instagram.com\\\/?utm_source=pwa_homescreen\",\"https:\\\/\\\/youtube.com.br\\\/\"],\"url\":\"https:\\\/\\\/blogdofarnesio.com.br\\\/?author=2\"}]}<\/script>\n<!-- \/ Yoast SEO plugin. -->","yoast_head_json":{"title":"Projeto 'Interioriza Defensoria' estar\u00e1 de forma simult\u00e2nea em 14 cidades. Em Juazeiro atendimento ser\u00e1 hoje em Juremal - Blog do Farn\u00e9sio","robots":{"index":"index","follow":"follow","max-snippet":"max-snippet:-1","max-image-preview":"max-image-preview:large","max-video-preview":"max-video-preview:-1"},"canonical":"https:\/\/blogdofarnesio.com.br\/?p=345448","og_locale":"pt_BR","og_type":"article","og_title":"Projeto 'Interioriza Defensoria' estar\u00e1 de forma simult\u00e2nea em 14 cidades. Em Juazeiro atendimento ser\u00e1 hoje em Juremal - Blog do Farn\u00e9sio","og_description":"O projeto Interioriza Defensoria, da Defensoria P\u00fablica da Bahia (DP-BA), oferecer\u00e1 assist\u00eancia jur\u00eddica aos povoados desassistidos pela institui\u00e7\u00e3o nesta ter\u00e7a-feira, para 14 munic\u00edpios. Em Juazeiro atendimento ser\u00e1 no teatro de Juremal. Na primeira edi\u00e7\u00e3o do projeto \u2018Interioriza Defensoria\u2019, realizada em maio deste ano, 754 pessoas foram beneficiadas. O objetivo da a\u00e7\u00e3o \u00e9 facilitar a vida de quem mora em locais long\u00ednquos das sedes da Defensoria, inclusive quem vive na zona rural, que muitas vezes encontra dificuldade de obter atendimento judicial e extrajudicial gratuito e de qualidade. Por meio do projeto, moradores dessas localidades podem obter servi\u00e7os p\u00fablicos relevantes, como solicita\u00e7\u00f5es de regulariza\u00e7\u00e3o de documentos, pens\u00e3o aliment\u00edcia, realiza\u00e7\u00e3o de exame de DNA, div\u00f3rcio, reconhecimento ou dissolu\u00e7\u00e3o de uni\u00e3o est\u00e1vel, entre outros.&hellip;","og_url":"https:\/\/blogdofarnesio.com.br\/?p=345448","og_site_name":"Blog do Farn\u00e9sio","article_publisher":"https:\/\/www.facebook.com\/BlogQuerSaberPolitica\/","article_author":"https:\/\/www.facebook.com\/?ref=tn_tnmn","article_published_time":"2023-07-18T10:20:48+00:00","og_image":[{"width":1920,"height":1280,"url":"https:\/\/blogdofarnesio.com.br\/wp-content\/uploads\/2022\/08\/praca-juremal-semaurb-19.jpg","type":"image\/jpeg"}],"author":"Farn\u00e9sio","twitter_card":"summary_large_image","twitter_misc":{"Escrito por":"Farn\u00e9sio","Est. tempo de leitura":"3 minutos"},"schema":{"@context":"https:\/\/schema.org","@graph":[{"@type":"Article","@id":"https:\/\/blogdofarnesio.com.br\/?p=345448#article","isPartOf":{"@id":"https:\/\/blogdofarnesio.com.br\/?p=345448"},"author":{"name":"Farn\u00e9sio","@id":"https:\/\/blogdofarnesio.com.br\/#\/schema\/person\/bb9b23ae3ad0609ce8df7b6c9e76824d"},"headline":"Projeto &#8216;Interioriza Defensoria&#8217; estar\u00e1 de forma simult\u00e2nea em 14 cidades. Em Juazeiro atendimento ser\u00e1 hoje em Juremal","datePublished":"2023-07-18T10:20:48+00:00","mainEntityOfPage":{"@id":"https:\/\/blogdofarnesio.com.br\/?p=345448"},"wordCount":545,"commentCount":0,"publisher":{"@id":"https:\/\/blogdofarnesio.com.br\/#organization"},"image":{"@id":"https:\/\/blogdofarnesio.com.br\/?p=345448#primaryimage"},"thumbnailUrl":"https:\/\/blogdofarnesio.com.br\/wp-content\/uploads\/2022\/08\/praca-juremal-semaurb-19.jpg","articleSection":["Justi\u00e7a"],"inLanguage":"pt-BR","potentialAction":[{"@type":"CommentAction","name":"Comment","target":["https:\/\/blogdofarnesio.com.br\/?p=345448#respond"]}]},{"@type":"WebPage","@id":"https:\/\/blogdofarnesio.com.br\/?p=345448","url":"https:\/\/blogdofarnesio.com.br\/?p=345448","name":"Projeto 'Interioriza Defensoria' estar\u00e1 de forma simult\u00e2nea em 14 cidades. Em Juazeiro atendimento ser\u00e1 hoje em Juremal - Blog do Farn\u00e9sio","isPartOf":{"@id":"https:\/\/blogdofarnesio.com.br\/#website"},"primaryImageOfPage":{"@id":"https:\/\/blogdofarnesio.com.br\/?p=345448#primaryimage"},"image":{"@id":"https:\/\/blogdofarnesio.com.br\/?p=345448#primaryimage"},"thumbnailUrl":"https:\/\/blogdofarnesio.com.br\/wp-content\/uploads\/2022\/08\/praca-juremal-semaurb-19.jpg","datePublished":"2023-07-18T10:20:48+00:00","breadcrumb":{"@id":"https:\/\/blogdofarnesio.com.br\/?p=345448#breadcrumb"},"inLanguage":"pt-BR","potentialAction":[{"@type":"ReadAction","target":["https:\/\/blogdofarnesio.com.br\/?p=345448"]}]},{"@type":"ImageObject","inLanguage":"pt-BR","@id":"https:\/\/blogdofarnesio.com.br\/?p=345448#primaryimage","url":"https:\/\/blogdofarnesio.com.br\/wp-content\/uploads\/2022\/08\/praca-juremal-semaurb-19.jpg","contentUrl":"https:\/\/blogdofarnesio.com.br\/wp-content\/uploads\/2022\/08\/praca-juremal-semaurb-19.jpg","width":1920,"height":1280},{"@type":"BreadcrumbList","@id":"https:\/\/blogdofarnesio.com.br\/?p=345448#breadcrumb","itemListElement":[{"@type":"ListItem","position":1,"name":"In\u00edcio","item":"https:\/\/blogdofarnesio.com.br\/"},{"@type":"ListItem","position":2,"name":"Projeto &#8216;Interioriza Defensoria&#8217; estar\u00e1 de forma simult\u00e2nea em 14 cidades. Em Juazeiro atendimento ser\u00e1 hoje em Juremal"}]},{"@type":"WebSite","@id":"https:\/\/blogdofarnesio.com.br\/#website","url":"https:\/\/blogdofarnesio.com.br\/","name":"Blog do Farn\u00e9sio","description":"Quer Saber Pol\u00edtica?","publisher":{"@id":"https:\/\/blogdofarnesio.com.br\/#organization"},"potentialAction":[{"@type":"SearchAction","target":{"@type":"EntryPoint","urlTemplate":"https:\/\/blogdofarnesio.com.br\/?s={search_term_string}"},"query-input":{"@type":"PropertyValueSpecification","valueRequired":true,"valueName":"search_term_string"}}],"inLanguage":"pt-BR"},{"@type":"Organization","@id":"https:\/\/blogdofarnesio.com.br\/#organization","name":"Blog do Farn\u00e9sio","url":"https:\/\/blogdofarnesio.com.br\/","logo":{"@type":"ImageObject","inLanguage":"pt-BR","@id":"https:\/\/blogdofarnesio.com.br\/#\/schema\/logo\/image\/","url":"https:\/\/blogdofarnesio.com.br\/wp-content\/uploads\/2026\/03\/cropped-logo_new-1.png","contentUrl":"https:\/\/blogdofarnesio.com.br\/wp-content\/uploads\/2026\/03\/cropped-logo_new-1.png","width":881,"height":685,"caption":"Blog do Farn\u00e9sio"},"image":{"@id":"https:\/\/blogdofarnesio.com.br\/#\/schema\/logo\/image\/"},"sameAs":["https:\/\/www.facebook.com\/BlogQuerSaberPolitica\/"]},{"@type":"Person","@id":"https:\/\/blogdofarnesio.com.br\/#\/schema\/person\/bb9b23ae3ad0609ce8df7b6c9e76824d","name":"Farn\u00e9sio","image":{"@type":"ImageObject","inLanguage":"pt-BR","@id":"https:\/\/secure.gravatar.com\/avatar\/986aa4c61ccdb66f8555bf88fc2a65609d00bcabd4d2d94377a727547345cbca?s=96&d=mm&r=g","url":"https:\/\/secure.gravatar.com\/avatar\/986aa4c61ccdb66f8555bf88fc2a65609d00bcabd4d2d94377a727547345cbca?s=96&d=mm&r=g","contentUrl":"https:\/\/secure.gravatar.com\/avatar\/986aa4c61ccdb66f8555bf88fc2a65609d00bcabd4d2d94377a727547345cbca?s=96&d=mm&r=g","caption":"Farn\u00e9sio"},"description":"Radialista blogueiro, chegou a Petrolina\/Juazeiro em setembro de 1980, Farn\u00e9sio Silva \u00e9 de Arapiraca-Alagoas.","sameAs":["http:\/\/blogdofarnesio.com.br","https:\/\/www.facebook.com\/?ref=tn_tnmn","https:\/\/www.instagram.com\/?utm_source=pwa_homescreen","https:\/\/youtube.com.br\/"],"url":"https:\/\/blogdofarnesio.com.br\/?author=2"}]}},"_links":{"self":[{"href":"https:\/\/blogdofarnesio.com.br\/index.php?rest_route=\/wp\/v2\/posts\/345448","targetHints":{"allow":["GET"]}}],"collection":[{"href":"https:\/\/blogdofarnesio.com.br\/index.php?rest_route=\/wp\/v2\/posts"}],"about":[{"href":"https:\/\/blogdofarnesio.com.br\/index.php?rest_route=\/wp\/v2\/types\/post"}],"author":[{"embeddable":true,"href":"https:\/\/blogdofarnesio.com.br\/index.php?rest_route=\/wp\/v2\/users\/2"}],"replies":[{"embeddable":true,"href":"https:\/\/blogdofarnesio.com.br\/index.php?rest_route=%2Fwp%2Fv2%2Fcomments&post=345448"}],"version-history":[{"count":0,"href":"https:\/\/blogdofarnesio.com.br\/index.php?rest_route=\/wp\/v2\/posts\/345448\/revisions"}],"wp:featuredmedia":[{"embeddable":true,"href":"https:\/\/blogdofarnesio.com.br\/index.php?rest_route=\/wp\/v2\/media\/320387"}],"wp:attachment":[{"href":"https:\/\/blogdofarnesio.com.br\/index.php?rest_route=%2Fwp%2Fv2%2Fmedia&parent=345448"}],"wp:term":[{"taxonomy":"category","embeddable":true,"href":"https:\/\/blogdofarnesio.com.br\/index.php?rest_route=%2Fwp%2Fv2%2Fcategories&post=345448"},{"taxonomy":"post_tag","embeddable":true,"href":"https:\/\/blogdofarnesio.com.br\/index.php?rest_route=%2Fwp%2Fv2%2Ftags&post=345448"}],"curies":[{"name":"wp","href":"https:\/\/api.w.org\/{rel}","templated":true}]}}