{"id":345440,"date":"2023-07-17T17:25:23","date_gmt":"2023-07-17T20:25:23","guid":{"rendered":"https:\/\/blogdofarnesio.com.br\/?p=345440"},"modified":"2023-07-17T15:03:07","modified_gmt":"2023-07-17T18:03:07","slug":"senai-inscreve-ate-dia-17-7-para-curso-gratuito-de-formacao-de-jovem-aprendiz","status":"publish","type":"post","link":"https:\/\/blogdofarnesio.com.br\/?p=345440","title":{"rendered":"S\u00d3 ATE\u00b4HOJE INSCRI\u00c7\u00c3O EM CURSO  GRATUITO DE FORMA\u00c7\u00c3O DE JOVEM APRENDIZ"},"content":{"rendered":"<p style=\"font-weight: 400;\"><em>Capacita\u00e7\u00e3o ser\u00e1 ministrada pelo SENAI BAHIA em v\u00e1rias cidades baianas, os interessados devem se inscrever pela internet<\/em><\/p>\n<p style=\"font-weight: 400;\">Encerram-se na pr\u00f3xima segunda-feira, dia 17.7, as inscri\u00e7\u00f5es para os cursos de forma\u00e7\u00e3o de jovens aprendizes oferecidos pelo SENAI BAHIA. S\u00e3o quatro cursos de aprendizagem b\u00e1sica industrial &#8211;\u00a0Assistente Administrativo, Assistente de Log\u00edstica, Assistente de Produ\u00e7\u00e3o e Mec\u00e2nico de Manuten\u00e7\u00e3o de M\u00e1quinas Industriais \u2013 oferecidos em Salvador e outros 17 munic\u00edpios baianos.<\/p>\n<p style=\"font-weight: 400;\">O SENAI BAHIA oferece um total de 646 vagas de cursos gratuitos de Aprendizagem Industrial B\u00e1sica. As oportunidades s\u00e3o para jovens entre 14 e 21 anos, que estejam cursando a partir do 9\u00ba ano do ensino fundamental ou tenham conclu\u00eddo o ensino m\u00e9dio, entre outros requisitos especificados no Edital.Os cursos ser\u00e3o oferecidos nos munic\u00edpios de Salvador (Unidade SENAI Dendezeiros), Alagoinhas, Barreiras, Caetit\u00e9, Cama\u00e7ari, Candeias, Eun\u00e1polis, Ilh\u00e9us, Ipia\u00fa, Irec\u00ea, Itaberaba, Itamaraju, Jacobina, Jequi\u00e9, Juazeiro, Lauro de Freitas, Lu\u00eds Eduardo Magalh\u00e3es e Senhor do Bonfim.<\/p>\n<p style=\"font-weight: 400;\">Cada candidato s\u00f3 poder\u00e1 se inscrever para um curso. As inscri\u00e7\u00f5es devem ser feitas pela internet, no site\u00a0<a href=\"https:\/\/cursosgratuitos.senaibahia.com.br\/aprendizagemagosto\/\" data-saferedirecturl=\"https:\/\/www.google.com\/url?q=https:\/\/cursosgratuitos.senaibahia.com.br\/aprendizagemagosto\/&amp;source=gmail&amp;ust=1689445480002000&amp;usg=AOvVaw2RpXxqga7GMcGRb2l9tkA-\">https:\/\/cursosgratuitos.senaibahia.com.br\/aprendizagemagosto\/<\/a>.<\/p>\n<p style=\"font-weight: 400;\">Os alunos poder\u00e3o ser selecionados pelas empresas para serem contratados como jovens aprendizes, sendo que o processo seletivo de contrata\u00e7\u00e3o ficar\u00e1 a cargo das empresas.<\/p>\n<p style=\"font-weight: 400;\"><strong>SERVI\u00c7O\u202f<\/strong><\/p>\n<p style=\"font-weight: 400;\"><strong>O QUE:\u00a0<\/strong>Cursos de Aprendizagem Industrial B\u00e1sica \u2013 Senai Bahia<\/p>\n<p style=\"font-weight: 400;\"><strong>QUANDO:\u00a0<\/strong>At\u00e9 17\/07\/2023<strong>\u00a0<\/strong><\/p>\n<p style=\"font-weight: 400;\"><strong>INSCRI\u00c7\u00d5ES:\u00a0<\/strong>Pela internet &#8211;\u00a0\u00a0<a href=\"https:\/\/cursosgratuitos.senaibahia.com.br\/aprendizagemagosto\/\" data-saferedirecturl=\"https:\/\/www.google.com\/url?q=https:\/\/cursosgratuitos.senaibahia.com.br\/aprendizagemagosto\/&amp;source=gmail&amp;ust=1689445480002000&amp;usg=AOvVaw2RpXxqga7GMcGRb2l9tkA-\">https:\/\/cursosgratuitos.senaibahia.com.br\/aprendizagemagosto\/<\/a><\/p>\n","protected":false},"excerpt":{"rendered":"<p>Capacita\u00e7\u00e3o ser\u00e1 ministrada pelo SENAI BAHIA em v\u00e1rias cidades baianas, os interessados devem se inscrever pela internet Encerram-se na pr\u00f3xima segunda-feira, dia 17.7, as inscri\u00e7\u00f5es para os cursos de forma\u00e7\u00e3o de jovens aprendizes oferecidos pelo SENAI BAHIA. S\u00e3o quatro cursos de aprendizagem b\u00e1sica industrial &#8211;\u00a0Assistente Administrativo, Assistente de Log\u00edstica, Assistente de Produ\u00e7\u00e3o e Mec\u00e2nico de Manuten\u00e7\u00e3o de M\u00e1quinas Industriais \u2013 oferecidos em Salvador e outros 17 munic\u00edpios baianos. O SENAI BAHIA oferece um total de 646 vagas de cursos gratuitos de Aprendizagem Industrial B\u00e1sica. As oportunidades s\u00e3o para jovens entre 14 e 21 anos, que estejam cursando a partir do 9\u00ba ano do ensino fundamental ou tenham conclu\u00eddo o ensino m\u00e9dio, entre outros requisitos especificados no Edital.Os cursos ser\u00e3o oferecidos&hellip; <\/p>\n","protected":false},"author":2,"featured_media":345441,"comment_status":"open","ping_status":"open","sticky":false,"template":"","format":"standard","meta":{"_acf_changed":false,"footnotes":""},"categories":[6],"tags":[],"class_list":["post-345440","post","type-post","status-publish","format-standard","has-post-thumbnail","hentry","category-educacao"],"acf":[],"yoast_head":"<!-- This site is optimized with the Yoast SEO plugin v27.4 - https:\/\/yoast.com\/product\/yoast-seo-wordpress\/ -->\n<title>S\u00d3 ATE\u00b4HOJE INSCRI\u00c7\u00c3O EM CURSO GRATUITO DE FORMA\u00c7\u00c3O DE JOVEM APRENDIZ - Blog do Farn\u00e9sio<\/title>\n<meta name=\"robots\" content=\"index, follow, max-snippet:-1, max-image-preview:large, max-video-preview:-1\" \/>\n<link rel=\"canonical\" href=\"https:\/\/blogdofarnesio.com.br\/?p=345440\" \/>\n<meta property=\"og:locale\" content=\"pt_BR\" \/>\n<meta property=\"og:type\" content=\"article\" \/>\n<meta property=\"og:title\" content=\"S\u00d3 ATE\u00b4HOJE INSCRI\u00c7\u00c3O EM CURSO GRATUITO DE FORMA\u00c7\u00c3O DE JOVEM APRENDIZ - Blog do Farn\u00e9sio\" \/>\n<meta property=\"og:description\" content=\"Capacita\u00e7\u00e3o ser\u00e1 ministrada pelo SENAI BAHIA em v\u00e1rias cidades baianas, os interessados devem se inscrever pela internet Encerram-se na pr\u00f3xima segunda-feira, dia 17.7, as inscri\u00e7\u00f5es para os cursos de forma\u00e7\u00e3o de jovens aprendizes oferecidos pelo SENAI BAHIA. S\u00e3o quatro cursos de aprendizagem b\u00e1sica industrial &#8211;\u00a0Assistente Administrativo, Assistente de Log\u00edstica, Assistente de Produ\u00e7\u00e3o e Mec\u00e2nico de Manuten\u00e7\u00e3o de M\u00e1quinas Industriais \u2013 oferecidos em Salvador e outros 17 munic\u00edpios baianos. O SENAI BAHIA oferece um total de 646 vagas de cursos gratuitos de Aprendizagem Industrial B\u00e1sica. As oportunidades s\u00e3o para jovens entre 14 e 21 anos, que estejam cursando a partir do 9\u00ba ano do ensino fundamental ou tenham conclu\u00eddo o ensino m\u00e9dio, entre outros requisitos especificados no Edital.Os cursos ser\u00e3o oferecidos&hellip;\" \/>\n<meta property=\"og:url\" content=\"https:\/\/blogdofarnesio.com.br\/?p=345440\" \/>\n<meta property=\"og:site_name\" content=\"Blog do Farn\u00e9sio\" \/>\n<meta property=\"article:publisher\" content=\"https:\/\/www.facebook.com\/BlogQuerSaberPolitica\/\" \/>\n<meta property=\"article:author\" content=\"https:\/\/www.facebook.com\/?ref=tn_tnmn\" \/>\n<meta property=\"article:published_time\" content=\"2023-07-17T20:25:23+00:00\" \/>\n<meta property=\"og:image\" content=\"https:\/\/blogdofarnesio.com.br\/wp-content\/uploads\/2023\/07\/Sala-de-aula-Senai-Bahia-Foto_Valter-Andrade_Coperphoto_Sistema-FIEB-e1689365844245.jpg\" \/>\n\t<meta property=\"og:image:width\" content=\"620\" \/>\n\t<meta property=\"og:image:height\" content=\"313\" \/>\n\t<meta property=\"og:image:type\" content=\"image\/jpeg\" \/>\n<meta name=\"author\" content=\"Farn\u00e9sio\" \/>\n<meta name=\"twitter:card\" content=\"summary_large_image\" \/>\n<meta name=\"twitter:label1\" content=\"Escrito por\" \/>\n\t<meta name=\"twitter:data1\" content=\"Farn\u00e9sio\" \/>\n\t<meta name=\"twitter:label2\" content=\"Est. tempo de leitura\" \/>\n\t<meta name=\"twitter:data2\" content=\"2 minutos\" \/>\n<script type=\"application\/ld+json\" class=\"yoast-schema-graph\">{\"@context\":\"https:\\\/\\\/schema.org\",\"@graph\":[{\"@type\":\"Article\",\"@id\":\"https:\\\/\\\/blogdofarnesio.com.br\\\/?p=345440#article\",\"isPartOf\":{\"@id\":\"https:\\\/\\\/blogdofarnesio.com.br\\\/?p=345440\"},\"author\":{\"name\":\"Farn\u00e9sio\",\"@id\":\"https:\\\/\\\/blogdofarnesio.com.br\\\/#\\\/schema\\\/person\\\/bb9b23ae3ad0609ce8df7b6c9e76824d\"},\"headline\":\"S\u00d3 ATE\u00b4HOJE INSCRI\u00c7\u00c3O EM CURSO GRATUITO DE FORMA\u00c7\u00c3O DE JOVEM APRENDIZ\",\"datePublished\":\"2023-07-17T20:25:23+00:00\",\"mainEntityOfPage\":{\"@id\":\"https:\\\/\\\/blogdofarnesio.com.br\\\/?p=345440\"},\"wordCount\":261,\"commentCount\":0,\"publisher\":{\"@id\":\"https:\\\/\\\/blogdofarnesio.com.br\\\/#organization\"},\"image\":{\"@id\":\"https:\\\/\\\/blogdofarnesio.com.br\\\/?p=345440#primaryimage\"},\"thumbnailUrl\":\"https:\\\/\\\/blogdofarnesio.com.br\\\/wp-content\\\/uploads\\\/2023\\\/07\\\/Sala-de-aula-Senai-Bahia-Foto_Valter-Andrade_Coperphoto_Sistema-FIEB-e1689365844245.jpg\",\"articleSection\":[\"Educa\u00e7\u00e3o\"],\"inLanguage\":\"pt-BR\",\"potentialAction\":[{\"@type\":\"CommentAction\",\"name\":\"Comment\",\"target\":[\"https:\\\/\\\/blogdofarnesio.com.br\\\/?p=345440#respond\"]}]},{\"@type\":\"WebPage\",\"@id\":\"https:\\\/\\\/blogdofarnesio.com.br\\\/?p=345440\",\"url\":\"https:\\\/\\\/blogdofarnesio.com.br\\\/?p=345440\",\"name\":\"S\u00d3 ATE\u00b4HOJE INSCRI\u00c7\u00c3O EM CURSO GRATUITO DE FORMA\u00c7\u00c3O DE JOVEM APRENDIZ - Blog do Farn\u00e9sio\",\"isPartOf\":{\"@id\":\"https:\\\/\\\/blogdofarnesio.com.br\\\/#website\"},\"primaryImageOfPage\":{\"@id\":\"https:\\\/\\\/blogdofarnesio.com.br\\\/?p=345440#primaryimage\"},\"image\":{\"@id\":\"https:\\\/\\\/blogdofarnesio.com.br\\\/?p=345440#primaryimage\"},\"thumbnailUrl\":\"https:\\\/\\\/blogdofarnesio.com.br\\\/wp-content\\\/uploads\\\/2023\\\/07\\\/Sala-de-aula-Senai-Bahia-Foto_Valter-Andrade_Coperphoto_Sistema-FIEB-e1689365844245.jpg\",\"datePublished\":\"2023-07-17T20:25:23+00:00\",\"breadcrumb\":{\"@id\":\"https:\\\/\\\/blogdofarnesio.com.br\\\/?p=345440#breadcrumb\"},\"inLanguage\":\"pt-BR\",\"potentialAction\":[{\"@type\":\"ReadAction\",\"target\":[\"https:\\\/\\\/blogdofarnesio.com.br\\\/?p=345440\"]}]},{\"@type\":\"ImageObject\",\"inLanguage\":\"pt-BR\",\"@id\":\"https:\\\/\\\/blogdofarnesio.com.br\\\/?p=345440#primaryimage\",\"url\":\"https:\\\/\\\/blogdofarnesio.com.br\\\/wp-content\\\/uploads\\\/2023\\\/07\\\/Sala-de-aula-Senai-Bahia-Foto_Valter-Andrade_Coperphoto_Sistema-FIEB-e1689365844245.jpg\",\"contentUrl\":\"https:\\\/\\\/blogdofarnesio.com.br\\\/wp-content\\\/uploads\\\/2023\\\/07\\\/Sala-de-aula-Senai-Bahia-Foto_Valter-Andrade_Coperphoto_Sistema-FIEB-e1689365844245.jpg\",\"width\":620,\"height\":313,\"caption\":\"Salvador, BA, Brasil, 17.02.2022. SENAI - Dendezeiro. Foto: Valter Andrade\\\/Sistema FIEB Esta fotografia oficial do Sistema FIEB est\u00e1 sendo disponibilizada apenas para publica\u00e7\u00e3o por organiza\u00e7\u00f5es de not\u00edcias e assessorias de comunica\u00e7\u00e3o ou para impress\u00e3o de uso pessoal pelo sujeito (s) da fotografia. A fotografia n\u00e3o pode ser manipulada de qualquer maneira e n\u00e3o pode ser utilizada em materiais comerciais ou pol\u00edticos, an\u00fancios, produtos e promo\u00e7\u00f5es. Sendo obrigat\u00f3ria a divulga\u00e7\u00e3o do cr\u00e9dito do autor da fotografia junto com a pr\u00f3pria imagem.\"},{\"@type\":\"BreadcrumbList\",\"@id\":\"https:\\\/\\\/blogdofarnesio.com.br\\\/?p=345440#breadcrumb\",\"itemListElement\":[{\"@type\":\"ListItem\",\"position\":1,\"name\":\"In\u00edcio\",\"item\":\"https:\\\/\\\/blogdofarnesio.com.br\\\/\"},{\"@type\":\"ListItem\",\"position\":2,\"name\":\"S\u00d3 ATE\u00b4HOJE INSCRI\u00c7\u00c3O EM CURSO GRATUITO DE FORMA\u00c7\u00c3O DE JOVEM APRENDIZ\"}]},{\"@type\":\"WebSite\",\"@id\":\"https:\\\/\\\/blogdofarnesio.com.br\\\/#website\",\"url\":\"https:\\\/\\\/blogdofarnesio.com.br\\\/\",\"name\":\"Blog do Farn\u00e9sio\",\"description\":\"Quer Saber Pol\u00edtica?\",\"publisher\":{\"@id\":\"https:\\\/\\\/blogdofarnesio.com.br\\\/#organization\"},\"potentialAction\":[{\"@type\":\"SearchAction\",\"target\":{\"@type\":\"EntryPoint\",\"urlTemplate\":\"https:\\\/\\\/blogdofarnesio.com.br\\\/?s={search_term_string}\"},\"query-input\":{\"@type\":\"PropertyValueSpecification\",\"valueRequired\":true,\"valueName\":\"search_term_string\"}}],\"inLanguage\":\"pt-BR\"},{\"@type\":\"Organization\",\"@id\":\"https:\\\/\\\/blogdofarnesio.com.br\\\/#organization\",\"name\":\"Blog do Farn\u00e9sio\",\"url\":\"https:\\\/\\\/blogdofarnesio.com.br\\\/\",\"logo\":{\"@type\":\"ImageObject\",\"inLanguage\":\"pt-BR\",\"@id\":\"https:\\\/\\\/blogdofarnesio.com.br\\\/#\\\/schema\\\/logo\\\/image\\\/\",\"url\":\"https:\\\/\\\/blogdofarnesio.com.br\\\/wp-content\\\/uploads\\\/2026\\\/03\\\/cropped-logo_new-1.png\",\"contentUrl\":\"https:\\\/\\\/blogdofarnesio.com.br\\\/wp-content\\\/uploads\\\/2026\\\/03\\\/cropped-logo_new-1.png\",\"width\":881,\"height\":685,\"caption\":\"Blog do Farn\u00e9sio\"},\"image\":{\"@id\":\"https:\\\/\\\/blogdofarnesio.com.br\\\/#\\\/schema\\\/logo\\\/image\\\/\"},\"sameAs\":[\"https:\\\/\\\/www.facebook.com\\\/BlogQuerSaberPolitica\\\/\"]},{\"@type\":\"Person\",\"@id\":\"https:\\\/\\\/blogdofarnesio.com.br\\\/#\\\/schema\\\/person\\\/bb9b23ae3ad0609ce8df7b6c9e76824d\",\"name\":\"Farn\u00e9sio\",\"image\":{\"@type\":\"ImageObject\",\"inLanguage\":\"pt-BR\",\"@id\":\"https:\\\/\\\/secure.gravatar.com\\\/avatar\\\/986aa4c61ccdb66f8555bf88fc2a65609d00bcabd4d2d94377a727547345cbca?s=96&d=mm&r=g\",\"url\":\"https:\\\/\\\/secure.gravatar.com\\\/avatar\\\/986aa4c61ccdb66f8555bf88fc2a65609d00bcabd4d2d94377a727547345cbca?s=96&d=mm&r=g\",\"contentUrl\":\"https:\\\/\\\/secure.gravatar.com\\\/avatar\\\/986aa4c61ccdb66f8555bf88fc2a65609d00bcabd4d2d94377a727547345cbca?s=96&d=mm&r=g\",\"caption\":\"Farn\u00e9sio\"},\"description\":\"Radialista blogueiro, chegou a Petrolina\\\/Juazeiro em setembro de 1980, Farn\u00e9sio Silva \u00e9 de Arapiraca-Alagoas.\",\"sameAs\":[\"http:\\\/\\\/blogdofarnesio.com.br\",\"https:\\\/\\\/www.facebook.com\\\/?ref=tn_tnmn\",\"https:\\\/\\\/www.instagram.com\\\/?utm_source=pwa_homescreen\",\"https:\\\/\\\/youtube.com.br\\\/\"],\"url\":\"https:\\\/\\\/blogdofarnesio.com.br\\\/?author=2\"}]}<\/script>\n<!-- \/ Yoast SEO plugin. -->","yoast_head_json":{"title":"S\u00d3 ATE\u00b4HOJE INSCRI\u00c7\u00c3O EM CURSO GRATUITO DE FORMA\u00c7\u00c3O DE JOVEM APRENDIZ - Blog do Farn\u00e9sio","robots":{"index":"index","follow":"follow","max-snippet":"max-snippet:-1","max-image-preview":"max-image-preview:large","max-video-preview":"max-video-preview:-1"},"canonical":"https:\/\/blogdofarnesio.com.br\/?p=345440","og_locale":"pt_BR","og_type":"article","og_title":"S\u00d3 ATE\u00b4HOJE INSCRI\u00c7\u00c3O EM CURSO GRATUITO DE FORMA\u00c7\u00c3O DE JOVEM APRENDIZ - Blog do Farn\u00e9sio","og_description":"Capacita\u00e7\u00e3o ser\u00e1 ministrada pelo SENAI BAHIA em v\u00e1rias cidades baianas, os interessados devem se inscrever pela internet Encerram-se na pr\u00f3xima segunda-feira, dia 17.7, as inscri\u00e7\u00f5es para os cursos de forma\u00e7\u00e3o de jovens aprendizes oferecidos pelo SENAI BAHIA. S\u00e3o quatro cursos de aprendizagem b\u00e1sica industrial &#8211;\u00a0Assistente Administrativo, Assistente de Log\u00edstica, Assistente de Produ\u00e7\u00e3o e Mec\u00e2nico de Manuten\u00e7\u00e3o de M\u00e1quinas Industriais \u2013 oferecidos em Salvador e outros 17 munic\u00edpios baianos. O SENAI BAHIA oferece um total de 646 vagas de cursos gratuitos de Aprendizagem Industrial B\u00e1sica. As oportunidades s\u00e3o para jovens entre 14 e 21 anos, que estejam cursando a partir do 9\u00ba ano do ensino fundamental ou tenham conclu\u00eddo o ensino m\u00e9dio, entre outros requisitos especificados no Edital.Os cursos ser\u00e3o oferecidos&hellip;","og_url":"https:\/\/blogdofarnesio.com.br\/?p=345440","og_site_name":"Blog do Farn\u00e9sio","article_publisher":"https:\/\/www.facebook.com\/BlogQuerSaberPolitica\/","article_author":"https:\/\/www.facebook.com\/?ref=tn_tnmn","article_published_time":"2023-07-17T20:25:23+00:00","og_image":[{"width":620,"height":313,"url":"https:\/\/blogdofarnesio.com.br\/wp-content\/uploads\/2023\/07\/Sala-de-aula-Senai-Bahia-Foto_Valter-Andrade_Coperphoto_Sistema-FIEB-e1689365844245.jpg","type":"image\/jpeg"}],"author":"Farn\u00e9sio","twitter_card":"summary_large_image","twitter_misc":{"Escrito por":"Farn\u00e9sio","Est. tempo de leitura":"2 minutos"},"schema":{"@context":"https:\/\/schema.org","@graph":[{"@type":"Article","@id":"https:\/\/blogdofarnesio.com.br\/?p=345440#article","isPartOf":{"@id":"https:\/\/blogdofarnesio.com.br\/?p=345440"},"author":{"name":"Farn\u00e9sio","@id":"https:\/\/blogdofarnesio.com.br\/#\/schema\/person\/bb9b23ae3ad0609ce8df7b6c9e76824d"},"headline":"S\u00d3 ATE\u00b4HOJE INSCRI\u00c7\u00c3O EM CURSO GRATUITO DE FORMA\u00c7\u00c3O DE JOVEM APRENDIZ","datePublished":"2023-07-17T20:25:23+00:00","mainEntityOfPage":{"@id":"https:\/\/blogdofarnesio.com.br\/?p=345440"},"wordCount":261,"commentCount":0,"publisher":{"@id":"https:\/\/blogdofarnesio.com.br\/#organization"},"image":{"@id":"https:\/\/blogdofarnesio.com.br\/?p=345440#primaryimage"},"thumbnailUrl":"https:\/\/blogdofarnesio.com.br\/wp-content\/uploads\/2023\/07\/Sala-de-aula-Senai-Bahia-Foto_Valter-Andrade_Coperphoto_Sistema-FIEB-e1689365844245.jpg","articleSection":["Educa\u00e7\u00e3o"],"inLanguage":"pt-BR","potentialAction":[{"@type":"CommentAction","name":"Comment","target":["https:\/\/blogdofarnesio.com.br\/?p=345440#respond"]}]},{"@type":"WebPage","@id":"https:\/\/blogdofarnesio.com.br\/?p=345440","url":"https:\/\/blogdofarnesio.com.br\/?p=345440","name":"S\u00d3 ATE\u00b4HOJE INSCRI\u00c7\u00c3O EM CURSO GRATUITO DE FORMA\u00c7\u00c3O DE JOVEM APRENDIZ - Blog do Farn\u00e9sio","isPartOf":{"@id":"https:\/\/blogdofarnesio.com.br\/#website"},"primaryImageOfPage":{"@id":"https:\/\/blogdofarnesio.com.br\/?p=345440#primaryimage"},"image":{"@id":"https:\/\/blogdofarnesio.com.br\/?p=345440#primaryimage"},"thumbnailUrl":"https:\/\/blogdofarnesio.com.br\/wp-content\/uploads\/2023\/07\/Sala-de-aula-Senai-Bahia-Foto_Valter-Andrade_Coperphoto_Sistema-FIEB-e1689365844245.jpg","datePublished":"2023-07-17T20:25:23+00:00","breadcrumb":{"@id":"https:\/\/blogdofarnesio.com.br\/?p=345440#breadcrumb"},"inLanguage":"pt-BR","potentialAction":[{"@type":"ReadAction","target":["https:\/\/blogdofarnesio.com.br\/?p=345440"]}]},{"@type":"ImageObject","inLanguage":"pt-BR","@id":"https:\/\/blogdofarnesio.com.br\/?p=345440#primaryimage","url":"https:\/\/blogdofarnesio.com.br\/wp-content\/uploads\/2023\/07\/Sala-de-aula-Senai-Bahia-Foto_Valter-Andrade_Coperphoto_Sistema-FIEB-e1689365844245.jpg","contentUrl":"https:\/\/blogdofarnesio.com.br\/wp-content\/uploads\/2023\/07\/Sala-de-aula-Senai-Bahia-Foto_Valter-Andrade_Coperphoto_Sistema-FIEB-e1689365844245.jpg","width":620,"height":313,"caption":"Salvador, BA, Brasil, 17.02.2022. SENAI - Dendezeiro. Foto: Valter Andrade\/Sistema FIEB Esta fotografia oficial do Sistema FIEB est\u00e1 sendo disponibilizada apenas para publica\u00e7\u00e3o por organiza\u00e7\u00f5es de not\u00edcias e assessorias de comunica\u00e7\u00e3o ou para impress\u00e3o de uso pessoal pelo sujeito (s) da fotografia. A fotografia n\u00e3o pode ser manipulada de qualquer maneira e n\u00e3o pode ser utilizada em materiais comerciais ou pol\u00edticos, an\u00fancios, produtos e promo\u00e7\u00f5es. Sendo obrigat\u00f3ria a divulga\u00e7\u00e3o do cr\u00e9dito do autor da fotografia junto com a pr\u00f3pria imagem."},{"@type":"BreadcrumbList","@id":"https:\/\/blogdofarnesio.com.br\/?p=345440#breadcrumb","itemListElement":[{"@type":"ListItem","position":1,"name":"In\u00edcio","item":"https:\/\/blogdofarnesio.com.br\/"},{"@type":"ListItem","position":2,"name":"S\u00d3 ATE\u00b4HOJE INSCRI\u00c7\u00c3O EM CURSO GRATUITO DE FORMA\u00c7\u00c3O DE JOVEM APRENDIZ"}]},{"@type":"WebSite","@id":"https:\/\/blogdofarnesio.com.br\/#website","url":"https:\/\/blogdofarnesio.com.br\/","name":"Blog do Farn\u00e9sio","description":"Quer Saber Pol\u00edtica?","publisher":{"@id":"https:\/\/blogdofarnesio.com.br\/#organization"},"potentialAction":[{"@type":"SearchAction","target":{"@type":"EntryPoint","urlTemplate":"https:\/\/blogdofarnesio.com.br\/?s={search_term_string}"},"query-input":{"@type":"PropertyValueSpecification","valueRequired":true,"valueName":"search_term_string"}}],"inLanguage":"pt-BR"},{"@type":"Organization","@id":"https:\/\/blogdofarnesio.com.br\/#organization","name":"Blog do Farn\u00e9sio","url":"https:\/\/blogdofarnesio.com.br\/","logo":{"@type":"ImageObject","inLanguage":"pt-BR","@id":"https:\/\/blogdofarnesio.com.br\/#\/schema\/logo\/image\/","url":"https:\/\/blogdofarnesio.com.br\/wp-content\/uploads\/2026\/03\/cropped-logo_new-1.png","contentUrl":"https:\/\/blogdofarnesio.com.br\/wp-content\/uploads\/2026\/03\/cropped-logo_new-1.png","width":881,"height":685,"caption":"Blog do Farn\u00e9sio"},"image":{"@id":"https:\/\/blogdofarnesio.com.br\/#\/schema\/logo\/image\/"},"sameAs":["https:\/\/www.facebook.com\/BlogQuerSaberPolitica\/"]},{"@type":"Person","@id":"https:\/\/blogdofarnesio.com.br\/#\/schema\/person\/bb9b23ae3ad0609ce8df7b6c9e76824d","name":"Farn\u00e9sio","image":{"@type":"ImageObject","inLanguage":"pt-BR","@id":"https:\/\/secure.gravatar.com\/avatar\/986aa4c61ccdb66f8555bf88fc2a65609d00bcabd4d2d94377a727547345cbca?s=96&d=mm&r=g","url":"https:\/\/secure.gravatar.com\/avatar\/986aa4c61ccdb66f8555bf88fc2a65609d00bcabd4d2d94377a727547345cbca?s=96&d=mm&r=g","contentUrl":"https:\/\/secure.gravatar.com\/avatar\/986aa4c61ccdb66f8555bf88fc2a65609d00bcabd4d2d94377a727547345cbca?s=96&d=mm&r=g","caption":"Farn\u00e9sio"},"description":"Radialista blogueiro, chegou a Petrolina\/Juazeiro em setembro de 1980, Farn\u00e9sio Silva \u00e9 de Arapiraca-Alagoas.","sameAs":["http:\/\/blogdofarnesio.com.br","https:\/\/www.facebook.com\/?ref=tn_tnmn","https:\/\/www.instagram.com\/?utm_source=pwa_homescreen","https:\/\/youtube.com.br\/"],"url":"https:\/\/blogdofarnesio.com.br\/?author=2"}]}},"_links":{"self":[{"href":"https:\/\/blogdofarnesio.com.br\/index.php?rest_route=\/wp\/v2\/posts\/345440","targetHints":{"allow":["GET"]}}],"collection":[{"href":"https:\/\/blogdofarnesio.com.br\/index.php?rest_route=\/wp\/v2\/posts"}],"about":[{"href":"https:\/\/blogdofarnesio.com.br\/index.php?rest_route=\/wp\/v2\/types\/post"}],"author":[{"embeddable":true,"href":"https:\/\/blogdofarnesio.com.br\/index.php?rest_route=\/wp\/v2\/users\/2"}],"replies":[{"embeddable":true,"href":"https:\/\/blogdofarnesio.com.br\/index.php?rest_route=%2Fwp%2Fv2%2Fcomments&post=345440"}],"version-history":[{"count":0,"href":"https:\/\/blogdofarnesio.com.br\/index.php?rest_route=\/wp\/v2\/posts\/345440\/revisions"}],"wp:featuredmedia":[{"embeddable":true,"href":"https:\/\/blogdofarnesio.com.br\/index.php?rest_route=\/wp\/v2\/media\/345441"}],"wp:attachment":[{"href":"https:\/\/blogdofarnesio.com.br\/index.php?rest_route=%2Fwp%2Fv2%2Fmedia&parent=345440"}],"wp:term":[{"taxonomy":"category","embeddable":true,"href":"https:\/\/blogdofarnesio.com.br\/index.php?rest_route=%2Fwp%2Fv2%2Fcategories&post=345440"},{"taxonomy":"post_tag","embeddable":true,"href":"https:\/\/blogdofarnesio.com.br\/index.php?rest_route=%2Fwp%2Fv2%2Ftags&post=345440"}],"curies":[{"name":"wp","href":"https:\/\/api.w.org\/{rel}","templated":true}]}}