{"id":345399,"date":"2023-07-14T14:21:21","date_gmt":"2023-07-14T17:21:21","guid":{"rendered":"https:\/\/blogdofarnesio.com.br\/?p=345399"},"modified":"2023-07-14T14:08:59","modified_gmt":"2023-07-14T17:08:59","slug":"padre-airton-freire-da-fundacao-terra-e-preso-em-arcoverde-acusado-de-estupro","status":"publish","type":"post","link":"https:\/\/blogdofarnesio.com.br\/?p=345399","title":{"rendered":"Padre Airton Freire, da Funda\u00e7\u00e3o Terra, \u00e9 preso em Arcoverde acusado de estupro"},"content":{"rendered":"<h2 class=\"entry-title\"><\/h2>\n<div class=\"entry-content clearfix\">\n<p>O\u00a0padre Airton Freire, da\u00a0Funda\u00e7\u00e3o Terra, foi preso na manh\u00e3 desta sexta-feira (14) em\u00a0Arcoverde, no Sert\u00e3o de Pernambuco. Ele estava\u00a0suspenso das atividades religiosas\u00a0desde o m\u00eas de maio por suspeita de envolvimento em crime de estupro.<\/p>\n<p>De acordo com a Pol\u00edcia Civil, uma entrevista coletiva de imprensa ser\u00e1 realizada para divulgar mais detalhes sobre a pris\u00e3o preventiva do criador da Funda\u00e7\u00e3o Terra. A personal stylist Silvia Tavares de Souza acusa o sacerdote de participar de um estupro sobre o qual denunciou ter sido v\u00edtima, em agosto de 2022.<\/p>\n<p>No dia 31 de maio, ela foi ao Pal\u00e1cio do Campo das Princesas, sede do governo estadual, no Centro do Recife, para pedir a conclus\u00e3o da investiga\u00e7\u00e3o do caso.<\/p>\n<p>O caso corre em segredo de Justi\u00e7a e \u00e9 investigado pelo Minist\u00e9rio P\u00fablico de Pernambuco (MPPE) e pela Pol\u00edcia Civil, que receberam a den\u00fancia em novembro e dezembro de 2022, respectivamente. No dia 30 de maio, o padre foi suspenso pela Diocese de Pesqueira, no Agreste do estado.<\/p>\n<p>O crime de estupro, segundo a mulher, foi praticado a mando do padre, por um motorista dele, chamado Jailson Leonardo da Silva, de 46 anos. O padre Airton Freire nega as acusa\u00e7\u00f5es.<\/p>\n<p>Em nota, os advogados do padre afirmam que \u201csurpreendeu a defesa do padre Airton Freire a decis\u00e3o de decretar a pris\u00e3o preventiva do sacerdote. O feito \u00e9 totalmente contr\u00e1rio \u00e0s condi\u00e7\u00f5es previstas em lei e ser\u00e1 tratado em habeas corpus a ser impetrado pela defesa. Importante lembrar que o padre, um homem de 67 anos, sofre s\u00e9rias restri\u00e7\u00f5es de sa\u00fade.<\/p>\n<p>Fonte: G1<\/p>\n<\/div>\n","protected":false},"excerpt":{"rendered":"<p>O\u00a0padre Airton Freire, da\u00a0Funda\u00e7\u00e3o Terra, foi preso na manh\u00e3 desta sexta-feira (14) em\u00a0Arcoverde, no Sert\u00e3o de Pernambuco. Ele estava\u00a0suspenso das atividades religiosas\u00a0desde o m\u00eas de maio por suspeita de envolvimento em crime de estupro. De acordo com a Pol\u00edcia Civil, uma entrevista coletiva de imprensa ser\u00e1 realizada para divulgar mais detalhes sobre a pris\u00e3o preventiva do criador da Funda\u00e7\u00e3o Terra. A personal stylist Silvia Tavares de Souza acusa o sacerdote de participar de um estupro sobre o qual denunciou ter sido v\u00edtima, em agosto de 2022. No dia 31 de maio, ela foi ao Pal\u00e1cio do Campo das Princesas, sede do governo estadual, no Centro do Recife, para pedir a conclus\u00e3o da investiga\u00e7\u00e3o do caso. O caso corre em segredo&hellip; <\/p>\n","protected":false},"author":2,"featured_media":345400,"comment_status":"open","ping_status":"open","sticky":false,"template":"","format":"standard","meta":{"_acf_changed":false,"footnotes":""},"categories":[9],"tags":[],"class_list":["post-345399","post","type-post","status-publish","format-standard","has-post-thumbnail","hentry","category-policia"],"acf":[],"yoast_head":"<!-- This site is optimized with the Yoast SEO plugin v27.4 - https:\/\/yoast.com\/product\/yoast-seo-wordpress\/ -->\n<title>Padre Airton Freire, da Funda\u00e7\u00e3o Terra, \u00e9 preso em Arcoverde acusado de estupro - Blog do Farn\u00e9sio<\/title>\n<meta name=\"robots\" content=\"index, follow, max-snippet:-1, max-image-preview:large, max-video-preview:-1\" \/>\n<link rel=\"canonical\" href=\"https:\/\/blogdofarnesio.com.br\/?p=345399\" \/>\n<meta property=\"og:locale\" content=\"pt_BR\" \/>\n<meta property=\"og:type\" content=\"article\" \/>\n<meta property=\"og:title\" content=\"Padre Airton Freire, da Funda\u00e7\u00e3o Terra, \u00e9 preso em Arcoverde acusado de estupro - Blog do Farn\u00e9sio\" \/>\n<meta property=\"og:description\" content=\"O\u00a0padre Airton Freire, da\u00a0Funda\u00e7\u00e3o Terra, foi preso na manh\u00e3 desta sexta-feira (14) em\u00a0Arcoverde, no Sert\u00e3o de Pernambuco. Ele estava\u00a0suspenso das atividades religiosas\u00a0desde o m\u00eas de maio por suspeita de envolvimento em crime de estupro. De acordo com a Pol\u00edcia Civil, uma entrevista coletiva de imprensa ser\u00e1 realizada para divulgar mais detalhes sobre a pris\u00e3o preventiva do criador da Funda\u00e7\u00e3o Terra. A personal stylist Silvia Tavares de Souza acusa o sacerdote de participar de um estupro sobre o qual denunciou ter sido v\u00edtima, em agosto de 2022. No dia 31 de maio, ela foi ao Pal\u00e1cio do Campo das Princesas, sede do governo estadual, no Centro do Recife, para pedir a conclus\u00e3o da investiga\u00e7\u00e3o do caso. O caso corre em segredo&hellip;\" \/>\n<meta property=\"og:url\" content=\"https:\/\/blogdofarnesio.com.br\/?p=345399\" \/>\n<meta property=\"og:site_name\" content=\"Blog do Farn\u00e9sio\" \/>\n<meta property=\"article:publisher\" content=\"https:\/\/www.facebook.com\/BlogQuerSaberPolitica\/\" \/>\n<meta property=\"article:author\" content=\"https:\/\/www.facebook.com\/?ref=tn_tnmn\" \/>\n<meta property=\"article:published_time\" content=\"2023-07-14T17:21:21+00:00\" \/>\n<meta property=\"og:image\" content=\"https:\/\/blogdofarnesio.com.br\/wp-content\/uploads\/2023\/07\/airtonfreire.jpg\" \/>\n\t<meta property=\"og:image:width\" content=\"550\" \/>\n\t<meta property=\"og:image:height\" content=\"330\" \/>\n\t<meta property=\"og:image:type\" content=\"image\/jpeg\" \/>\n<meta name=\"author\" content=\"Farn\u00e9sio\" \/>\n<meta name=\"twitter:card\" content=\"summary_large_image\" \/>\n<meta name=\"twitter:label1\" content=\"Escrito por\" \/>\n\t<meta name=\"twitter:data1\" content=\"Farn\u00e9sio\" \/>\n\t<meta name=\"twitter:label2\" content=\"Est. tempo de leitura\" \/>\n\t<meta name=\"twitter:data2\" content=\"2 minutos\" \/>\n<script type=\"application\/ld+json\" class=\"yoast-schema-graph\">{\"@context\":\"https:\\\/\\\/schema.org\",\"@graph\":[{\"@type\":\"Article\",\"@id\":\"https:\\\/\\\/blogdofarnesio.com.br\\\/?p=345399#article\",\"isPartOf\":{\"@id\":\"https:\\\/\\\/blogdofarnesio.com.br\\\/?p=345399\"},\"author\":{\"name\":\"Farn\u00e9sio\",\"@id\":\"https:\\\/\\\/blogdofarnesio.com.br\\\/#\\\/schema\\\/person\\\/bb9b23ae3ad0609ce8df7b6c9e76824d\"},\"headline\":\"Padre Airton Freire, da Funda\u00e7\u00e3o Terra, \u00e9 preso em Arcoverde acusado de estupro\",\"datePublished\":\"2023-07-14T17:21:21+00:00\",\"mainEntityOfPage\":{\"@id\":\"https:\\\/\\\/blogdofarnesio.com.br\\\/?p=345399\"},\"wordCount\":289,\"commentCount\":0,\"publisher\":{\"@id\":\"https:\\\/\\\/blogdofarnesio.com.br\\\/#organization\"},\"image\":{\"@id\":\"https:\\\/\\\/blogdofarnesio.com.br\\\/?p=345399#primaryimage\"},\"thumbnailUrl\":\"https:\\\/\\\/blogdofarnesio.com.br\\\/wp-content\\\/uploads\\\/2023\\\/07\\\/airtonfreire.jpg\",\"articleSection\":[\"Pol\u00edcia\"],\"inLanguage\":\"pt-BR\",\"potentialAction\":[{\"@type\":\"CommentAction\",\"name\":\"Comment\",\"target\":[\"https:\\\/\\\/blogdofarnesio.com.br\\\/?p=345399#respond\"]}]},{\"@type\":\"WebPage\",\"@id\":\"https:\\\/\\\/blogdofarnesio.com.br\\\/?p=345399\",\"url\":\"https:\\\/\\\/blogdofarnesio.com.br\\\/?p=345399\",\"name\":\"Padre Airton Freire, da Funda\u00e7\u00e3o Terra, \u00e9 preso em Arcoverde acusado de estupro - Blog do Farn\u00e9sio\",\"isPartOf\":{\"@id\":\"https:\\\/\\\/blogdofarnesio.com.br\\\/#website\"},\"primaryImageOfPage\":{\"@id\":\"https:\\\/\\\/blogdofarnesio.com.br\\\/?p=345399#primaryimage\"},\"image\":{\"@id\":\"https:\\\/\\\/blogdofarnesio.com.br\\\/?p=345399#primaryimage\"},\"thumbnailUrl\":\"https:\\\/\\\/blogdofarnesio.com.br\\\/wp-content\\\/uploads\\\/2023\\\/07\\\/airtonfreire.jpg\",\"datePublished\":\"2023-07-14T17:21:21+00:00\",\"breadcrumb\":{\"@id\":\"https:\\\/\\\/blogdofarnesio.com.br\\\/?p=345399#breadcrumb\"},\"inLanguage\":\"pt-BR\",\"potentialAction\":[{\"@type\":\"ReadAction\",\"target\":[\"https:\\\/\\\/blogdofarnesio.com.br\\\/?p=345399\"]}]},{\"@type\":\"ImageObject\",\"inLanguage\":\"pt-BR\",\"@id\":\"https:\\\/\\\/blogdofarnesio.com.br\\\/?p=345399#primaryimage\",\"url\":\"https:\\\/\\\/blogdofarnesio.com.br\\\/wp-content\\\/uploads\\\/2023\\\/07\\\/airtonfreire.jpg\",\"contentUrl\":\"https:\\\/\\\/blogdofarnesio.com.br\\\/wp-content\\\/uploads\\\/2023\\\/07\\\/airtonfreire.jpg\",\"width\":550,\"height\":330},{\"@type\":\"BreadcrumbList\",\"@id\":\"https:\\\/\\\/blogdofarnesio.com.br\\\/?p=345399#breadcrumb\",\"itemListElement\":[{\"@type\":\"ListItem\",\"position\":1,\"name\":\"In\u00edcio\",\"item\":\"https:\\\/\\\/blogdofarnesio.com.br\\\/\"},{\"@type\":\"ListItem\",\"position\":2,\"name\":\"Padre Airton Freire, da Funda\u00e7\u00e3o Terra, \u00e9 preso em Arcoverde acusado de estupro\"}]},{\"@type\":\"WebSite\",\"@id\":\"https:\\\/\\\/blogdofarnesio.com.br\\\/#website\",\"url\":\"https:\\\/\\\/blogdofarnesio.com.br\\\/\",\"name\":\"Blog do Farn\u00e9sio\",\"description\":\"Quer Saber Pol\u00edtica?\",\"publisher\":{\"@id\":\"https:\\\/\\\/blogdofarnesio.com.br\\\/#organization\"},\"potentialAction\":[{\"@type\":\"SearchAction\",\"target\":{\"@type\":\"EntryPoint\",\"urlTemplate\":\"https:\\\/\\\/blogdofarnesio.com.br\\\/?s={search_term_string}\"},\"query-input\":{\"@type\":\"PropertyValueSpecification\",\"valueRequired\":true,\"valueName\":\"search_term_string\"}}],\"inLanguage\":\"pt-BR\"},{\"@type\":\"Organization\",\"@id\":\"https:\\\/\\\/blogdofarnesio.com.br\\\/#organization\",\"name\":\"Blog do Farn\u00e9sio\",\"url\":\"https:\\\/\\\/blogdofarnesio.com.br\\\/\",\"logo\":{\"@type\":\"ImageObject\",\"inLanguage\":\"pt-BR\",\"@id\":\"https:\\\/\\\/blogdofarnesio.com.br\\\/#\\\/schema\\\/logo\\\/image\\\/\",\"url\":\"https:\\\/\\\/blogdofarnesio.com.br\\\/wp-content\\\/uploads\\\/2026\\\/03\\\/cropped-logo_new-1.png\",\"contentUrl\":\"https:\\\/\\\/blogdofarnesio.com.br\\\/wp-content\\\/uploads\\\/2026\\\/03\\\/cropped-logo_new-1.png\",\"width\":881,\"height\":685,\"caption\":\"Blog do Farn\u00e9sio\"},\"image\":{\"@id\":\"https:\\\/\\\/blogdofarnesio.com.br\\\/#\\\/schema\\\/logo\\\/image\\\/\"},\"sameAs\":[\"https:\\\/\\\/www.facebook.com\\\/BlogQuerSaberPolitica\\\/\"]},{\"@type\":\"Person\",\"@id\":\"https:\\\/\\\/blogdofarnesio.com.br\\\/#\\\/schema\\\/person\\\/bb9b23ae3ad0609ce8df7b6c9e76824d\",\"name\":\"Farn\u00e9sio\",\"image\":{\"@type\":\"ImageObject\",\"inLanguage\":\"pt-BR\",\"@id\":\"https:\\\/\\\/secure.gravatar.com\\\/avatar\\\/986aa4c61ccdb66f8555bf88fc2a65609d00bcabd4d2d94377a727547345cbca?s=96&d=mm&r=g\",\"url\":\"https:\\\/\\\/secure.gravatar.com\\\/avatar\\\/986aa4c61ccdb66f8555bf88fc2a65609d00bcabd4d2d94377a727547345cbca?s=96&d=mm&r=g\",\"contentUrl\":\"https:\\\/\\\/secure.gravatar.com\\\/avatar\\\/986aa4c61ccdb66f8555bf88fc2a65609d00bcabd4d2d94377a727547345cbca?s=96&d=mm&r=g\",\"caption\":\"Farn\u00e9sio\"},\"description\":\"Radialista blogueiro, chegou a Petrolina\\\/Juazeiro em setembro de 1980, Farn\u00e9sio Silva \u00e9 de Arapiraca-Alagoas.\",\"sameAs\":[\"http:\\\/\\\/blogdofarnesio.com.br\",\"https:\\\/\\\/www.facebook.com\\\/?ref=tn_tnmn\",\"https:\\\/\\\/www.instagram.com\\\/?utm_source=pwa_homescreen\",\"https:\\\/\\\/youtube.com.br\\\/\"],\"url\":\"https:\\\/\\\/blogdofarnesio.com.br\\\/?author=2\"}]}<\/script>\n<!-- \/ Yoast SEO plugin. -->","yoast_head_json":{"title":"Padre Airton Freire, da Funda\u00e7\u00e3o Terra, \u00e9 preso em Arcoverde acusado de estupro - Blog do Farn\u00e9sio","robots":{"index":"index","follow":"follow","max-snippet":"max-snippet:-1","max-image-preview":"max-image-preview:large","max-video-preview":"max-video-preview:-1"},"canonical":"https:\/\/blogdofarnesio.com.br\/?p=345399","og_locale":"pt_BR","og_type":"article","og_title":"Padre Airton Freire, da Funda\u00e7\u00e3o Terra, \u00e9 preso em Arcoverde acusado de estupro - Blog do Farn\u00e9sio","og_description":"O\u00a0padre Airton Freire, da\u00a0Funda\u00e7\u00e3o Terra, foi preso na manh\u00e3 desta sexta-feira (14) em\u00a0Arcoverde, no Sert\u00e3o de Pernambuco. Ele estava\u00a0suspenso das atividades religiosas\u00a0desde o m\u00eas de maio por suspeita de envolvimento em crime de estupro. De acordo com a Pol\u00edcia Civil, uma entrevista coletiva de imprensa ser\u00e1 realizada para divulgar mais detalhes sobre a pris\u00e3o preventiva do criador da Funda\u00e7\u00e3o Terra. A personal stylist Silvia Tavares de Souza acusa o sacerdote de participar de um estupro sobre o qual denunciou ter sido v\u00edtima, em agosto de 2022. No dia 31 de maio, ela foi ao Pal\u00e1cio do Campo das Princesas, sede do governo estadual, no Centro do Recife, para pedir a conclus\u00e3o da investiga\u00e7\u00e3o do caso. O caso corre em segredo&hellip;","og_url":"https:\/\/blogdofarnesio.com.br\/?p=345399","og_site_name":"Blog do Farn\u00e9sio","article_publisher":"https:\/\/www.facebook.com\/BlogQuerSaberPolitica\/","article_author":"https:\/\/www.facebook.com\/?ref=tn_tnmn","article_published_time":"2023-07-14T17:21:21+00:00","og_image":[{"width":550,"height":330,"url":"https:\/\/blogdofarnesio.com.br\/wp-content\/uploads\/2023\/07\/airtonfreire.jpg","type":"image\/jpeg"}],"author":"Farn\u00e9sio","twitter_card":"summary_large_image","twitter_misc":{"Escrito por":"Farn\u00e9sio","Est. tempo de leitura":"2 minutos"},"schema":{"@context":"https:\/\/schema.org","@graph":[{"@type":"Article","@id":"https:\/\/blogdofarnesio.com.br\/?p=345399#article","isPartOf":{"@id":"https:\/\/blogdofarnesio.com.br\/?p=345399"},"author":{"name":"Farn\u00e9sio","@id":"https:\/\/blogdofarnesio.com.br\/#\/schema\/person\/bb9b23ae3ad0609ce8df7b6c9e76824d"},"headline":"Padre Airton Freire, da Funda\u00e7\u00e3o Terra, \u00e9 preso em Arcoverde acusado de estupro","datePublished":"2023-07-14T17:21:21+00:00","mainEntityOfPage":{"@id":"https:\/\/blogdofarnesio.com.br\/?p=345399"},"wordCount":289,"commentCount":0,"publisher":{"@id":"https:\/\/blogdofarnesio.com.br\/#organization"},"image":{"@id":"https:\/\/blogdofarnesio.com.br\/?p=345399#primaryimage"},"thumbnailUrl":"https:\/\/blogdofarnesio.com.br\/wp-content\/uploads\/2023\/07\/airtonfreire.jpg","articleSection":["Pol\u00edcia"],"inLanguage":"pt-BR","potentialAction":[{"@type":"CommentAction","name":"Comment","target":["https:\/\/blogdofarnesio.com.br\/?p=345399#respond"]}]},{"@type":"WebPage","@id":"https:\/\/blogdofarnesio.com.br\/?p=345399","url":"https:\/\/blogdofarnesio.com.br\/?p=345399","name":"Padre Airton Freire, da Funda\u00e7\u00e3o Terra, \u00e9 preso em Arcoverde acusado de estupro - Blog do Farn\u00e9sio","isPartOf":{"@id":"https:\/\/blogdofarnesio.com.br\/#website"},"primaryImageOfPage":{"@id":"https:\/\/blogdofarnesio.com.br\/?p=345399#primaryimage"},"image":{"@id":"https:\/\/blogdofarnesio.com.br\/?p=345399#primaryimage"},"thumbnailUrl":"https:\/\/blogdofarnesio.com.br\/wp-content\/uploads\/2023\/07\/airtonfreire.jpg","datePublished":"2023-07-14T17:21:21+00:00","breadcrumb":{"@id":"https:\/\/blogdofarnesio.com.br\/?p=345399#breadcrumb"},"inLanguage":"pt-BR","potentialAction":[{"@type":"ReadAction","target":["https:\/\/blogdofarnesio.com.br\/?p=345399"]}]},{"@type":"ImageObject","inLanguage":"pt-BR","@id":"https:\/\/blogdofarnesio.com.br\/?p=345399#primaryimage","url":"https:\/\/blogdofarnesio.com.br\/wp-content\/uploads\/2023\/07\/airtonfreire.jpg","contentUrl":"https:\/\/blogdofarnesio.com.br\/wp-content\/uploads\/2023\/07\/airtonfreire.jpg","width":550,"height":330},{"@type":"BreadcrumbList","@id":"https:\/\/blogdofarnesio.com.br\/?p=345399#breadcrumb","itemListElement":[{"@type":"ListItem","position":1,"name":"In\u00edcio","item":"https:\/\/blogdofarnesio.com.br\/"},{"@type":"ListItem","position":2,"name":"Padre Airton Freire, da Funda\u00e7\u00e3o Terra, \u00e9 preso em Arcoverde acusado de estupro"}]},{"@type":"WebSite","@id":"https:\/\/blogdofarnesio.com.br\/#website","url":"https:\/\/blogdofarnesio.com.br\/","name":"Blog do Farn\u00e9sio","description":"Quer Saber Pol\u00edtica?","publisher":{"@id":"https:\/\/blogdofarnesio.com.br\/#organization"},"potentialAction":[{"@type":"SearchAction","target":{"@type":"EntryPoint","urlTemplate":"https:\/\/blogdofarnesio.com.br\/?s={search_term_string}"},"query-input":{"@type":"PropertyValueSpecification","valueRequired":true,"valueName":"search_term_string"}}],"inLanguage":"pt-BR"},{"@type":"Organization","@id":"https:\/\/blogdofarnesio.com.br\/#organization","name":"Blog do Farn\u00e9sio","url":"https:\/\/blogdofarnesio.com.br\/","logo":{"@type":"ImageObject","inLanguage":"pt-BR","@id":"https:\/\/blogdofarnesio.com.br\/#\/schema\/logo\/image\/","url":"https:\/\/blogdofarnesio.com.br\/wp-content\/uploads\/2026\/03\/cropped-logo_new-1.png","contentUrl":"https:\/\/blogdofarnesio.com.br\/wp-content\/uploads\/2026\/03\/cropped-logo_new-1.png","width":881,"height":685,"caption":"Blog do Farn\u00e9sio"},"image":{"@id":"https:\/\/blogdofarnesio.com.br\/#\/schema\/logo\/image\/"},"sameAs":["https:\/\/www.facebook.com\/BlogQuerSaberPolitica\/"]},{"@type":"Person","@id":"https:\/\/blogdofarnesio.com.br\/#\/schema\/person\/bb9b23ae3ad0609ce8df7b6c9e76824d","name":"Farn\u00e9sio","image":{"@type":"ImageObject","inLanguage":"pt-BR","@id":"https:\/\/secure.gravatar.com\/avatar\/986aa4c61ccdb66f8555bf88fc2a65609d00bcabd4d2d94377a727547345cbca?s=96&d=mm&r=g","url":"https:\/\/secure.gravatar.com\/avatar\/986aa4c61ccdb66f8555bf88fc2a65609d00bcabd4d2d94377a727547345cbca?s=96&d=mm&r=g","contentUrl":"https:\/\/secure.gravatar.com\/avatar\/986aa4c61ccdb66f8555bf88fc2a65609d00bcabd4d2d94377a727547345cbca?s=96&d=mm&r=g","caption":"Farn\u00e9sio"},"description":"Radialista blogueiro, chegou a Petrolina\/Juazeiro em setembro de 1980, Farn\u00e9sio Silva \u00e9 de Arapiraca-Alagoas.","sameAs":["http:\/\/blogdofarnesio.com.br","https:\/\/www.facebook.com\/?ref=tn_tnmn","https:\/\/www.instagram.com\/?utm_source=pwa_homescreen","https:\/\/youtube.com.br\/"],"url":"https:\/\/blogdofarnesio.com.br\/?author=2"}]}},"_links":{"self":[{"href":"https:\/\/blogdofarnesio.com.br\/index.php?rest_route=\/wp\/v2\/posts\/345399","targetHints":{"allow":["GET"]}}],"collection":[{"href":"https:\/\/blogdofarnesio.com.br\/index.php?rest_route=\/wp\/v2\/posts"}],"about":[{"href":"https:\/\/blogdofarnesio.com.br\/index.php?rest_route=\/wp\/v2\/types\/post"}],"author":[{"embeddable":true,"href":"https:\/\/blogdofarnesio.com.br\/index.php?rest_route=\/wp\/v2\/users\/2"}],"replies":[{"embeddable":true,"href":"https:\/\/blogdofarnesio.com.br\/index.php?rest_route=%2Fwp%2Fv2%2Fcomments&post=345399"}],"version-history":[{"count":0,"href":"https:\/\/blogdofarnesio.com.br\/index.php?rest_route=\/wp\/v2\/posts\/345399\/revisions"}],"wp:featuredmedia":[{"embeddable":true,"href":"https:\/\/blogdofarnesio.com.br\/index.php?rest_route=\/wp\/v2\/media\/345400"}],"wp:attachment":[{"href":"https:\/\/blogdofarnesio.com.br\/index.php?rest_route=%2Fwp%2Fv2%2Fmedia&parent=345399"}],"wp:term":[{"taxonomy":"category","embeddable":true,"href":"https:\/\/blogdofarnesio.com.br\/index.php?rest_route=%2Fwp%2Fv2%2Fcategories&post=345399"},{"taxonomy":"post_tag","embeddable":true,"href":"https:\/\/blogdofarnesio.com.br\/index.php?rest_route=%2Fwp%2Fv2%2Ftags&post=345399"}],"curies":[{"name":"wp","href":"https:\/\/api.w.org\/{rel}","templated":true}]}}