{"id":345392,"date":"2023-07-17T17:04:53","date_gmt":"2023-07-17T20:04:53","guid":{"rendered":"https:\/\/blogdofarnesio.com.br\/?p=345392"},"modified":"2023-07-17T15:01:43","modified_gmt":"2023-07-17T18:01:43","slug":"governo-antecipa-inicio-do-desenrola-brasil-para-segunda-feira-17","status":"publish","type":"post","link":"https:\/\/blogdofarnesio.com.br\/?p=345392","title":{"rendered":"Governo antecipou in\u00edcio do Desenrola Brasil para segunda-feira (17)"},"content":{"rendered":"<header class=\"entry-header\"><\/header>\n<div class=\"entry-content clearfix\">\n<p>O governo federal antecipou para esta segunda-feira o in\u00edcio do programa Desenrola Brasil, para renegociar d\u00edvidas e baratear o cr\u00e9dito.<\/p>\n<p>O programa estava previsto para come\u00e7ar em setembro. Mas o governo decidiu antecipar as renegocia\u00e7\u00f5es para os devedores com renda de at\u00e9 R$ 20 mil.<\/p>\n<p>Nesta primeira fase est\u00e3o contempladas apenas as d\u00edvidas em atraso feitas com os bancos. A renegocia\u00e7\u00e3o deve ser feita diretamente entre a institui\u00e7\u00e3o financeira e o devedor.<\/p>\n<p>Para estimular os bancos nessas renegocia\u00e7\u00f5es o governo vai reconhecer antecipadamente os cr\u00e9ditos tribut\u00e1rios das institui\u00e7\u00f5es financeiras, que v\u00e3o poder considerar isso nos balan\u00e7os.<\/p>\n<p>Para cada R$ 1,00\u00a0 negociado o banco vai poder reconhecer R$ 1,00 de cr\u00e9dito tribut\u00e1rio. Ou seja, a renegocia\u00e7\u00e3o vai ser boa para os dois lados: para quem deve, que poder\u00e1 acessar condi\u00e7\u00f5es melhores de refinanciamento, e para os bancos, que poder\u00e3o melhorar os balan\u00e7os e liberar recursos para novos cr\u00e9ditos. Aten\u00e7\u00e3o: vale apenas para d\u00edvidas contra\u00eddas at\u00e9 31 de dezembro de 2022.<\/p>\n<p>Em troca, os bancos que aderiram ao programa dever\u00e3o retirar da lista dos bir\u00f4s de cr\u00e9dito na segunda-feira o nome de cerca de 1,5 milh\u00e3o de pessoas que devem at\u00e9 R$ 100,00 e est\u00e3o com o nome negativado na Serasa ou no SPC, por exemplo.<\/p>\n<p>V\u00e1rios bancos j\u00e1 iniciaram seus feir\u00f5es pr\u00f3prios de renegocia\u00e7\u00e3o. Alguns oferecem descontos de at\u00e9 90% sobre o pagamento \u00e0 vista da d\u00edvida e parcelamento do d\u00e9bito de at\u00e9 96\u00a0 meses. As renegocia\u00e7\u00f5es podem ser feitas on-line ou presencialmente.<\/p>\n<p>Para os devedores da Faixa 1, com renda at\u00e9 dois sal\u00e1rios m\u00ednimos ou inscritos no Cadastro \u00danico (Cad\u00danico) e com d\u00edvidas de at\u00e9 R$ 5 mil, as renegocia\u00e7\u00f5es, por enquanto, est\u00e3o previstas para iniciar em setembro.<\/p>\n<p>Para esta faixa o governo vai liberar recursos do Fundo de Garantia de Opera\u00e7\u00f5es para renegociar com os bancos da quita\u00e7\u00e3o dos compromissos. A ideia \u00e9 que a garantia estimule os bancos e credores a oferecer o maior desconto poss\u00edvel para o devedor.<\/p>\n<p>Em agosto vai haver um leil\u00e3o entre os credores que quiserem participar do programa e ser\u00e3o selecionados os que oferecerem os maiores descontos. V\u00e3o poder ser renegociadas nesta etapa, al\u00e9m das d\u00edvidas banc\u00e1rias, as d\u00edvidas n\u00e3o banc\u00e1rias (como as de consumo, \u00e1gua e luz).<\/p>\n<p>O pagamento vai poder ser feito \u00e0 vista ou com financiamento banc\u00e1rio de at\u00e9 60 meses, sem entrada e com juros de at\u00e9 1,99% ao m\u00eas. A renegocia\u00e7\u00e3o vai ocorrer na plataforma digital do Desenrola desenvolvida pelo governo.<\/p>\n<p>Se na nova renegocia\u00e7\u00e3o o devedor deixar de pagar as parcelas devidas poder\u00e1 ser inscrito novamente nas listas de inadimpl\u00eancia.<\/p>\n<p>Fonte:\u00a0 CNN<\/p>\n<\/div>\n","protected":false},"excerpt":{"rendered":"<p>O governo federal antecipou para esta segunda-feira o in\u00edcio do programa Desenrola Brasil, para renegociar d\u00edvidas e baratear o cr\u00e9dito. O programa estava previsto para come\u00e7ar em setembro. Mas o governo decidiu antecipar as renegocia\u00e7\u00f5es para os devedores com renda de at\u00e9 R$ 20 mil. Nesta primeira fase est\u00e3o contempladas apenas as d\u00edvidas em atraso feitas com os bancos. A renegocia\u00e7\u00e3o deve ser feita diretamente entre a institui\u00e7\u00e3o financeira e o devedor. Para estimular os bancos nessas renegocia\u00e7\u00f5es o governo vai reconhecer antecipadamente os cr\u00e9ditos tribut\u00e1rios das institui\u00e7\u00f5es financeiras, que v\u00e3o poder considerar isso nos balan\u00e7os. Para cada R$ 1,00\u00a0 negociado o banco vai poder reconhecer R$ 1,00 de cr\u00e9dito tribut\u00e1rio. Ou seja, a renegocia\u00e7\u00e3o vai ser boa para os&hellip; <\/p>\n","protected":false},"author":2,"featured_media":345393,"comment_status":"open","ping_status":"open","sticky":false,"template":"","format":"standard","meta":{"_acf_changed":false,"footnotes":""},"categories":[20],"tags":[],"class_list":["post-345392","post","type-post","status-publish","format-standard","has-post-thumbnail","hentry","category-economia"],"acf":[],"yoast_head":"<!-- This site is optimized with the Yoast SEO plugin v27.4 - https:\/\/yoast.com\/product\/yoast-seo-wordpress\/ -->\n<title>Governo antecipou in\u00edcio do Desenrola Brasil para segunda-feira (17) - Blog do Farn\u00e9sio<\/title>\n<meta name=\"robots\" content=\"index, follow, max-snippet:-1, max-image-preview:large, max-video-preview:-1\" \/>\n<link rel=\"canonical\" href=\"https:\/\/blogdofarnesio.com.br\/?p=345392\" \/>\n<meta property=\"og:locale\" content=\"pt_BR\" \/>\n<meta property=\"og:type\" content=\"article\" \/>\n<meta property=\"og:title\" content=\"Governo antecipou in\u00edcio do Desenrola Brasil para segunda-feira (17) - Blog do Farn\u00e9sio\" \/>\n<meta property=\"og:description\" content=\"O governo federal antecipou para esta segunda-feira o in\u00edcio do programa Desenrola Brasil, para renegociar d\u00edvidas e baratear o cr\u00e9dito. O programa estava previsto para come\u00e7ar em setembro. Mas o governo decidiu antecipar as renegocia\u00e7\u00f5es para os devedores com renda de at\u00e9 R$ 20 mil. Nesta primeira fase est\u00e3o contempladas apenas as d\u00edvidas em atraso feitas com os bancos. A renegocia\u00e7\u00e3o deve ser feita diretamente entre a institui\u00e7\u00e3o financeira e o devedor. Para estimular os bancos nessas renegocia\u00e7\u00f5es o governo vai reconhecer antecipadamente os cr\u00e9ditos tribut\u00e1rios das institui\u00e7\u00f5es financeiras, que v\u00e3o poder considerar isso nos balan\u00e7os. Para cada R$ 1,00\u00a0 negociado o banco vai poder reconhecer R$ 1,00 de cr\u00e9dito tribut\u00e1rio. Ou seja, a renegocia\u00e7\u00e3o vai ser boa para os&hellip;\" \/>\n<meta property=\"og:url\" content=\"https:\/\/blogdofarnesio.com.br\/?p=345392\" \/>\n<meta property=\"og:site_name\" content=\"Blog do Farn\u00e9sio\" \/>\n<meta property=\"article:publisher\" content=\"https:\/\/www.facebook.com\/BlogQuerSaberPolitica\/\" \/>\n<meta property=\"article:author\" content=\"https:\/\/www.facebook.com\/?ref=tn_tnmn\" \/>\n<meta property=\"article:published_time\" content=\"2023-07-17T20:04:53+00:00\" \/>\n<meta property=\"og:image\" content=\"https:\/\/blogdofarnesio.com.br\/wp-content\/uploads\/2023\/07\/limpa-nome-desen.jpg\" \/>\n\t<meta property=\"og:image:width\" content=\"500\" \/>\n\t<meta property=\"og:image:height\" content=\"281\" \/>\n\t<meta property=\"og:image:type\" content=\"image\/jpeg\" \/>\n<meta name=\"author\" content=\"Farn\u00e9sio\" \/>\n<meta name=\"twitter:card\" content=\"summary_large_image\" \/>\n<meta name=\"twitter:label1\" content=\"Escrito por\" \/>\n\t<meta name=\"twitter:data1\" content=\"Farn\u00e9sio\" \/>\n\t<meta name=\"twitter:label2\" content=\"Est. tempo de leitura\" \/>\n\t<meta name=\"twitter:data2\" content=\"3 minutos\" \/>\n<script type=\"application\/ld+json\" class=\"yoast-schema-graph\">{\"@context\":\"https:\\\/\\\/schema.org\",\"@graph\":[{\"@type\":\"Article\",\"@id\":\"https:\\\/\\\/blogdofarnesio.com.br\\\/?p=345392#article\",\"isPartOf\":{\"@id\":\"https:\\\/\\\/blogdofarnesio.com.br\\\/?p=345392\"},\"author\":{\"name\":\"Farn\u00e9sio\",\"@id\":\"https:\\\/\\\/blogdofarnesio.com.br\\\/#\\\/schema\\\/person\\\/bb9b23ae3ad0609ce8df7b6c9e76824d\"},\"headline\":\"Governo antecipou in\u00edcio do Desenrola Brasil para segunda-feira (17)\",\"datePublished\":\"2023-07-17T20:04:53+00:00\",\"mainEntityOfPage\":{\"@id\":\"https:\\\/\\\/blogdofarnesio.com.br\\\/?p=345392\"},\"wordCount\":478,\"commentCount\":0,\"publisher\":{\"@id\":\"https:\\\/\\\/blogdofarnesio.com.br\\\/#organization\"},\"image\":{\"@id\":\"https:\\\/\\\/blogdofarnesio.com.br\\\/?p=345392#primaryimage\"},\"thumbnailUrl\":\"https:\\\/\\\/blogdofarnesio.com.br\\\/wp-content\\\/uploads\\\/2023\\\/07\\\/limpa-nome-desen.jpg\",\"articleSection\":[\"Economia\"],\"inLanguage\":\"pt-BR\",\"potentialAction\":[{\"@type\":\"CommentAction\",\"name\":\"Comment\",\"target\":[\"https:\\\/\\\/blogdofarnesio.com.br\\\/?p=345392#respond\"]}]},{\"@type\":\"WebPage\",\"@id\":\"https:\\\/\\\/blogdofarnesio.com.br\\\/?p=345392\",\"url\":\"https:\\\/\\\/blogdofarnesio.com.br\\\/?p=345392\",\"name\":\"Governo antecipou in\u00edcio do Desenrola Brasil para segunda-feira (17) - Blog do Farn\u00e9sio\",\"isPartOf\":{\"@id\":\"https:\\\/\\\/blogdofarnesio.com.br\\\/#website\"},\"primaryImageOfPage\":{\"@id\":\"https:\\\/\\\/blogdofarnesio.com.br\\\/?p=345392#primaryimage\"},\"image\":{\"@id\":\"https:\\\/\\\/blogdofarnesio.com.br\\\/?p=345392#primaryimage\"},\"thumbnailUrl\":\"https:\\\/\\\/blogdofarnesio.com.br\\\/wp-content\\\/uploads\\\/2023\\\/07\\\/limpa-nome-desen.jpg\",\"datePublished\":\"2023-07-17T20:04:53+00:00\",\"breadcrumb\":{\"@id\":\"https:\\\/\\\/blogdofarnesio.com.br\\\/?p=345392#breadcrumb\"},\"inLanguage\":\"pt-BR\",\"potentialAction\":[{\"@type\":\"ReadAction\",\"target\":[\"https:\\\/\\\/blogdofarnesio.com.br\\\/?p=345392\"]}]},{\"@type\":\"ImageObject\",\"inLanguage\":\"pt-BR\",\"@id\":\"https:\\\/\\\/blogdofarnesio.com.br\\\/?p=345392#primaryimage\",\"url\":\"https:\\\/\\\/blogdofarnesio.com.br\\\/wp-content\\\/uploads\\\/2023\\\/07\\\/limpa-nome-desen.jpg\",\"contentUrl\":\"https:\\\/\\\/blogdofarnesio.com.br\\\/wp-content\\\/uploads\\\/2023\\\/07\\\/limpa-nome-desen.jpg\",\"width\":500,\"height\":281},{\"@type\":\"BreadcrumbList\",\"@id\":\"https:\\\/\\\/blogdofarnesio.com.br\\\/?p=345392#breadcrumb\",\"itemListElement\":[{\"@type\":\"ListItem\",\"position\":1,\"name\":\"In\u00edcio\",\"item\":\"https:\\\/\\\/blogdofarnesio.com.br\\\/\"},{\"@type\":\"ListItem\",\"position\":2,\"name\":\"Governo antecipou in\u00edcio do Desenrola Brasil para segunda-feira (17)\"}]},{\"@type\":\"WebSite\",\"@id\":\"https:\\\/\\\/blogdofarnesio.com.br\\\/#website\",\"url\":\"https:\\\/\\\/blogdofarnesio.com.br\\\/\",\"name\":\"Blog do Farn\u00e9sio\",\"description\":\"Quer Saber Pol\u00edtica?\",\"publisher\":{\"@id\":\"https:\\\/\\\/blogdofarnesio.com.br\\\/#organization\"},\"potentialAction\":[{\"@type\":\"SearchAction\",\"target\":{\"@type\":\"EntryPoint\",\"urlTemplate\":\"https:\\\/\\\/blogdofarnesio.com.br\\\/?s={search_term_string}\"},\"query-input\":{\"@type\":\"PropertyValueSpecification\",\"valueRequired\":true,\"valueName\":\"search_term_string\"}}],\"inLanguage\":\"pt-BR\"},{\"@type\":\"Organization\",\"@id\":\"https:\\\/\\\/blogdofarnesio.com.br\\\/#organization\",\"name\":\"Blog do Farn\u00e9sio\",\"url\":\"https:\\\/\\\/blogdofarnesio.com.br\\\/\",\"logo\":{\"@type\":\"ImageObject\",\"inLanguage\":\"pt-BR\",\"@id\":\"https:\\\/\\\/blogdofarnesio.com.br\\\/#\\\/schema\\\/logo\\\/image\\\/\",\"url\":\"https:\\\/\\\/blogdofarnesio.com.br\\\/wp-content\\\/uploads\\\/2026\\\/03\\\/cropped-logo_new-1.png\",\"contentUrl\":\"https:\\\/\\\/blogdofarnesio.com.br\\\/wp-content\\\/uploads\\\/2026\\\/03\\\/cropped-logo_new-1.png\",\"width\":881,\"height\":685,\"caption\":\"Blog do Farn\u00e9sio\"},\"image\":{\"@id\":\"https:\\\/\\\/blogdofarnesio.com.br\\\/#\\\/schema\\\/logo\\\/image\\\/\"},\"sameAs\":[\"https:\\\/\\\/www.facebook.com\\\/BlogQuerSaberPolitica\\\/\"]},{\"@type\":\"Person\",\"@id\":\"https:\\\/\\\/blogdofarnesio.com.br\\\/#\\\/schema\\\/person\\\/bb9b23ae3ad0609ce8df7b6c9e76824d\",\"name\":\"Farn\u00e9sio\",\"image\":{\"@type\":\"ImageObject\",\"inLanguage\":\"pt-BR\",\"@id\":\"https:\\\/\\\/secure.gravatar.com\\\/avatar\\\/986aa4c61ccdb66f8555bf88fc2a65609d00bcabd4d2d94377a727547345cbca?s=96&d=mm&r=g\",\"url\":\"https:\\\/\\\/secure.gravatar.com\\\/avatar\\\/986aa4c61ccdb66f8555bf88fc2a65609d00bcabd4d2d94377a727547345cbca?s=96&d=mm&r=g\",\"contentUrl\":\"https:\\\/\\\/secure.gravatar.com\\\/avatar\\\/986aa4c61ccdb66f8555bf88fc2a65609d00bcabd4d2d94377a727547345cbca?s=96&d=mm&r=g\",\"caption\":\"Farn\u00e9sio\"},\"description\":\"Radialista blogueiro, chegou a Petrolina\\\/Juazeiro em setembro de 1980, Farn\u00e9sio Silva \u00e9 de Arapiraca-Alagoas.\",\"sameAs\":[\"http:\\\/\\\/blogdofarnesio.com.br\",\"https:\\\/\\\/www.facebook.com\\\/?ref=tn_tnmn\",\"https:\\\/\\\/www.instagram.com\\\/?utm_source=pwa_homescreen\",\"https:\\\/\\\/youtube.com.br\\\/\"],\"url\":\"https:\\\/\\\/blogdofarnesio.com.br\\\/?author=2\"}]}<\/script>\n<!-- \/ Yoast SEO plugin. -->","yoast_head_json":{"title":"Governo antecipou in\u00edcio do Desenrola Brasil para segunda-feira (17) - Blog do Farn\u00e9sio","robots":{"index":"index","follow":"follow","max-snippet":"max-snippet:-1","max-image-preview":"max-image-preview:large","max-video-preview":"max-video-preview:-1"},"canonical":"https:\/\/blogdofarnesio.com.br\/?p=345392","og_locale":"pt_BR","og_type":"article","og_title":"Governo antecipou in\u00edcio do Desenrola Brasil para segunda-feira (17) - Blog do Farn\u00e9sio","og_description":"O governo federal antecipou para esta segunda-feira o in\u00edcio do programa Desenrola Brasil, para renegociar d\u00edvidas e baratear o cr\u00e9dito. O programa estava previsto para come\u00e7ar em setembro. Mas o governo decidiu antecipar as renegocia\u00e7\u00f5es para os devedores com renda de at\u00e9 R$ 20 mil. Nesta primeira fase est\u00e3o contempladas apenas as d\u00edvidas em atraso feitas com os bancos. A renegocia\u00e7\u00e3o deve ser feita diretamente entre a institui\u00e7\u00e3o financeira e o devedor. Para estimular os bancos nessas renegocia\u00e7\u00f5es o governo vai reconhecer antecipadamente os cr\u00e9ditos tribut\u00e1rios das institui\u00e7\u00f5es financeiras, que v\u00e3o poder considerar isso nos balan\u00e7os. Para cada R$ 1,00\u00a0 negociado o banco vai poder reconhecer R$ 1,00 de cr\u00e9dito tribut\u00e1rio. Ou seja, a renegocia\u00e7\u00e3o vai ser boa para os&hellip;","og_url":"https:\/\/blogdofarnesio.com.br\/?p=345392","og_site_name":"Blog do Farn\u00e9sio","article_publisher":"https:\/\/www.facebook.com\/BlogQuerSaberPolitica\/","article_author":"https:\/\/www.facebook.com\/?ref=tn_tnmn","article_published_time":"2023-07-17T20:04:53+00:00","og_image":[{"width":500,"height":281,"url":"https:\/\/blogdofarnesio.com.br\/wp-content\/uploads\/2023\/07\/limpa-nome-desen.jpg","type":"image\/jpeg"}],"author":"Farn\u00e9sio","twitter_card":"summary_large_image","twitter_misc":{"Escrito por":"Farn\u00e9sio","Est. tempo de leitura":"3 minutos"},"schema":{"@context":"https:\/\/schema.org","@graph":[{"@type":"Article","@id":"https:\/\/blogdofarnesio.com.br\/?p=345392#article","isPartOf":{"@id":"https:\/\/blogdofarnesio.com.br\/?p=345392"},"author":{"name":"Farn\u00e9sio","@id":"https:\/\/blogdofarnesio.com.br\/#\/schema\/person\/bb9b23ae3ad0609ce8df7b6c9e76824d"},"headline":"Governo antecipou in\u00edcio do Desenrola Brasil para segunda-feira (17)","datePublished":"2023-07-17T20:04:53+00:00","mainEntityOfPage":{"@id":"https:\/\/blogdofarnesio.com.br\/?p=345392"},"wordCount":478,"commentCount":0,"publisher":{"@id":"https:\/\/blogdofarnesio.com.br\/#organization"},"image":{"@id":"https:\/\/blogdofarnesio.com.br\/?p=345392#primaryimage"},"thumbnailUrl":"https:\/\/blogdofarnesio.com.br\/wp-content\/uploads\/2023\/07\/limpa-nome-desen.jpg","articleSection":["Economia"],"inLanguage":"pt-BR","potentialAction":[{"@type":"CommentAction","name":"Comment","target":["https:\/\/blogdofarnesio.com.br\/?p=345392#respond"]}]},{"@type":"WebPage","@id":"https:\/\/blogdofarnesio.com.br\/?p=345392","url":"https:\/\/blogdofarnesio.com.br\/?p=345392","name":"Governo antecipou in\u00edcio do Desenrola Brasil para segunda-feira (17) - Blog do Farn\u00e9sio","isPartOf":{"@id":"https:\/\/blogdofarnesio.com.br\/#website"},"primaryImageOfPage":{"@id":"https:\/\/blogdofarnesio.com.br\/?p=345392#primaryimage"},"image":{"@id":"https:\/\/blogdofarnesio.com.br\/?p=345392#primaryimage"},"thumbnailUrl":"https:\/\/blogdofarnesio.com.br\/wp-content\/uploads\/2023\/07\/limpa-nome-desen.jpg","datePublished":"2023-07-17T20:04:53+00:00","breadcrumb":{"@id":"https:\/\/blogdofarnesio.com.br\/?p=345392#breadcrumb"},"inLanguage":"pt-BR","potentialAction":[{"@type":"ReadAction","target":["https:\/\/blogdofarnesio.com.br\/?p=345392"]}]},{"@type":"ImageObject","inLanguage":"pt-BR","@id":"https:\/\/blogdofarnesio.com.br\/?p=345392#primaryimage","url":"https:\/\/blogdofarnesio.com.br\/wp-content\/uploads\/2023\/07\/limpa-nome-desen.jpg","contentUrl":"https:\/\/blogdofarnesio.com.br\/wp-content\/uploads\/2023\/07\/limpa-nome-desen.jpg","width":500,"height":281},{"@type":"BreadcrumbList","@id":"https:\/\/blogdofarnesio.com.br\/?p=345392#breadcrumb","itemListElement":[{"@type":"ListItem","position":1,"name":"In\u00edcio","item":"https:\/\/blogdofarnesio.com.br\/"},{"@type":"ListItem","position":2,"name":"Governo antecipou in\u00edcio do Desenrola Brasil para segunda-feira (17)"}]},{"@type":"WebSite","@id":"https:\/\/blogdofarnesio.com.br\/#website","url":"https:\/\/blogdofarnesio.com.br\/","name":"Blog do Farn\u00e9sio","description":"Quer Saber Pol\u00edtica?","publisher":{"@id":"https:\/\/blogdofarnesio.com.br\/#organization"},"potentialAction":[{"@type":"SearchAction","target":{"@type":"EntryPoint","urlTemplate":"https:\/\/blogdofarnesio.com.br\/?s={search_term_string}"},"query-input":{"@type":"PropertyValueSpecification","valueRequired":true,"valueName":"search_term_string"}}],"inLanguage":"pt-BR"},{"@type":"Organization","@id":"https:\/\/blogdofarnesio.com.br\/#organization","name":"Blog do Farn\u00e9sio","url":"https:\/\/blogdofarnesio.com.br\/","logo":{"@type":"ImageObject","inLanguage":"pt-BR","@id":"https:\/\/blogdofarnesio.com.br\/#\/schema\/logo\/image\/","url":"https:\/\/blogdofarnesio.com.br\/wp-content\/uploads\/2026\/03\/cropped-logo_new-1.png","contentUrl":"https:\/\/blogdofarnesio.com.br\/wp-content\/uploads\/2026\/03\/cropped-logo_new-1.png","width":881,"height":685,"caption":"Blog do Farn\u00e9sio"},"image":{"@id":"https:\/\/blogdofarnesio.com.br\/#\/schema\/logo\/image\/"},"sameAs":["https:\/\/www.facebook.com\/BlogQuerSaberPolitica\/"]},{"@type":"Person","@id":"https:\/\/blogdofarnesio.com.br\/#\/schema\/person\/bb9b23ae3ad0609ce8df7b6c9e76824d","name":"Farn\u00e9sio","image":{"@type":"ImageObject","inLanguage":"pt-BR","@id":"https:\/\/secure.gravatar.com\/avatar\/986aa4c61ccdb66f8555bf88fc2a65609d00bcabd4d2d94377a727547345cbca?s=96&d=mm&r=g","url":"https:\/\/secure.gravatar.com\/avatar\/986aa4c61ccdb66f8555bf88fc2a65609d00bcabd4d2d94377a727547345cbca?s=96&d=mm&r=g","contentUrl":"https:\/\/secure.gravatar.com\/avatar\/986aa4c61ccdb66f8555bf88fc2a65609d00bcabd4d2d94377a727547345cbca?s=96&d=mm&r=g","caption":"Farn\u00e9sio"},"description":"Radialista blogueiro, chegou a Petrolina\/Juazeiro em setembro de 1980, Farn\u00e9sio Silva \u00e9 de Arapiraca-Alagoas.","sameAs":["http:\/\/blogdofarnesio.com.br","https:\/\/www.facebook.com\/?ref=tn_tnmn","https:\/\/www.instagram.com\/?utm_source=pwa_homescreen","https:\/\/youtube.com.br\/"],"url":"https:\/\/blogdofarnesio.com.br\/?author=2"}]}},"_links":{"self":[{"href":"https:\/\/blogdofarnesio.com.br\/index.php?rest_route=\/wp\/v2\/posts\/345392","targetHints":{"allow":["GET"]}}],"collection":[{"href":"https:\/\/blogdofarnesio.com.br\/index.php?rest_route=\/wp\/v2\/posts"}],"about":[{"href":"https:\/\/blogdofarnesio.com.br\/index.php?rest_route=\/wp\/v2\/types\/post"}],"author":[{"embeddable":true,"href":"https:\/\/blogdofarnesio.com.br\/index.php?rest_route=\/wp\/v2\/users\/2"}],"replies":[{"embeddable":true,"href":"https:\/\/blogdofarnesio.com.br\/index.php?rest_route=%2Fwp%2Fv2%2Fcomments&post=345392"}],"version-history":[{"count":0,"href":"https:\/\/blogdofarnesio.com.br\/index.php?rest_route=\/wp\/v2\/posts\/345392\/revisions"}],"wp:featuredmedia":[{"embeddable":true,"href":"https:\/\/blogdofarnesio.com.br\/index.php?rest_route=\/wp\/v2\/media\/345393"}],"wp:attachment":[{"href":"https:\/\/blogdofarnesio.com.br\/index.php?rest_route=%2Fwp%2Fv2%2Fmedia&parent=345392"}],"wp:term":[{"taxonomy":"category","embeddable":true,"href":"https:\/\/blogdofarnesio.com.br\/index.php?rest_route=%2Fwp%2Fv2%2Fcategories&post=345392"},{"taxonomy":"post_tag","embeddable":true,"href":"https:\/\/blogdofarnesio.com.br\/index.php?rest_route=%2Fwp%2Fv2%2Ftags&post=345392"}],"curies":[{"name":"wp","href":"https:\/\/api.w.org\/{rel}","templated":true}]}}