{"id":345363,"date":"2023-07-14T07:42:01","date_gmt":"2023-07-14T10:42:01","guid":{"rendered":"https:\/\/blogdofarnesio.com.br\/?p=345363"},"modified":"2023-07-13T21:07:23","modified_gmt":"2023-07-14T00:07:23","slug":"mais-de-20-bairros-de-petrolina-comecam-a-sexta-feira-sem-agua-nas-torneiras-confira-a-lista","status":"publish","type":"post","link":"https:\/\/blogdofarnesio.com.br\/?p=345363","title":{"rendered":"Mais de 20 bairros de Petrolina come\u00e7am a sexta feira sem \u00e1gua nas torneiras; confira a lista"},"content":{"rendered":"<p>Por g1 Petrolina<\/p>\n<p>Segundo a Compesa, a suspens\u00e3o do abastecimento \u00e9 necess\u00e1ria para realiza\u00e7\u00e3o de manuten\u00e7\u00e3o el\u00e9trica na Esta\u00e7\u00e3o de Tratamento de \u00c1gua (ETA) Vit\u00f3ria.<\/p>\n<p>O fornecimento de \u00e1gua ser\u00e1 interrompido em 22 bairros de Petrolina, Sert\u00e3o de Pernambuco, nesta sexta-feira (14). Conforme a Companhia de Saneamento de Pernambuco (Compesa), o corte do abastecimento \u00e9 necess\u00e1rio para realiza\u00e7\u00e3o de manuten\u00e7\u00e3o el\u00e9trica na Esta\u00e7\u00e3o de Tratamento de \u00c1gua (ETA) Vit\u00f3ria.<\/p>\n<p>&nbsp;<\/p>\n<p>A manuten\u00e7\u00e3o est\u00e1 prevista para finalizar no mesmo dia, \u00e0s 18h. O abastecimento deve ocorrer de forma gradual.<\/p>\n<p>&nbsp;<\/p>\n<p>Durante a execu\u00e7\u00e3o das a\u00e7\u00f5es, o fornecimento de \u00e1gua ir\u00e1 afetar os bairros: Jo\u00e3o de Deus, Cosme e Dami\u00e3o, Ipsep, Santo Andr\u00e9, Portal da Cidade, S\u00e3o Gon\u00e7alo, Jardim Imperial, Alto da Boa Vista, Rio Claro, Jardim Petr\u00f3polis, Cohab VI, Rio Corrente, Jardim Guararapes, Jardim Guanabara, Residencial Nova Petrolina, Residencial Brasil, Valle dos Coqueiros, Valle Petrolina, Gercino Coelho, Atr\u00e1s da Banca,<\/p>\n","protected":false},"excerpt":{"rendered":"<p>Por g1 Petrolina Segundo a Compesa, a suspens\u00e3o do abastecimento \u00e9 necess\u00e1ria para realiza\u00e7\u00e3o de manuten\u00e7\u00e3o el\u00e9trica na Esta\u00e7\u00e3o de Tratamento de \u00c1gua (ETA) Vit\u00f3ria. O fornecimento de \u00e1gua ser\u00e1 interrompido em 22 bairros de Petrolina, Sert\u00e3o de Pernambuco, nesta sexta-feira (14). Conforme a Companhia de Saneamento de Pernambuco (Compesa), o corte do abastecimento \u00e9 necess\u00e1rio para realiza\u00e7\u00e3o de manuten\u00e7\u00e3o el\u00e9trica na Esta\u00e7\u00e3o de Tratamento de \u00c1gua (ETA) Vit\u00f3ria. &nbsp; A manuten\u00e7\u00e3o est\u00e1 prevista para finalizar no mesmo dia, \u00e0s 18h. O abastecimento deve ocorrer de forma gradual. &nbsp; Durante a execu\u00e7\u00e3o das a\u00e7\u00f5es, o fornecimento de \u00e1gua ir\u00e1 afetar os bairros: Jo\u00e3o de Deus, Cosme e Dami\u00e3o, Ipsep, Santo Andr\u00e9, Portal da Cidade, S\u00e3o Gon\u00e7alo, Jardim Imperial, Alto da&hellip; <\/p>\n","protected":false},"author":2,"featured_media":269553,"comment_status":"open","ping_status":"open","sticky":false,"template":"","format":"standard","meta":{"_acf_changed":false,"footnotes":""},"categories":[56],"tags":[],"class_list":["post-345363","post","type-post","status-publish","format-standard","has-post-thumbnail","hentry","category-agua"],"acf":[],"yoast_head":"<!-- This site is optimized with the Yoast SEO plugin v27.4 - https:\/\/yoast.com\/product\/yoast-seo-wordpress\/ -->\n<title>Mais de 20 bairros de Petrolina come\u00e7am a sexta feira sem \u00e1gua nas torneiras; confira a lista - Blog do Farn\u00e9sio<\/title>\n<meta name=\"robots\" content=\"index, follow, max-snippet:-1, max-image-preview:large, max-video-preview:-1\" \/>\n<link rel=\"canonical\" href=\"https:\/\/blogdofarnesio.com.br\/?p=345363\" \/>\n<meta property=\"og:locale\" content=\"pt_BR\" \/>\n<meta property=\"og:type\" content=\"article\" \/>\n<meta property=\"og:title\" content=\"Mais de 20 bairros de Petrolina come\u00e7am a sexta feira sem \u00e1gua nas torneiras; confira a lista - Blog do Farn\u00e9sio\" \/>\n<meta property=\"og:description\" content=\"Por g1 Petrolina Segundo a Compesa, a suspens\u00e3o do abastecimento \u00e9 necess\u00e1ria para realiza\u00e7\u00e3o de manuten\u00e7\u00e3o el\u00e9trica na Esta\u00e7\u00e3o de Tratamento de \u00c1gua (ETA) Vit\u00f3ria. O fornecimento de \u00e1gua ser\u00e1 interrompido em 22 bairros de Petrolina, Sert\u00e3o de Pernambuco, nesta sexta-feira (14). Conforme a Companhia de Saneamento de Pernambuco (Compesa), o corte do abastecimento \u00e9 necess\u00e1rio para realiza\u00e7\u00e3o de manuten\u00e7\u00e3o el\u00e9trica na Esta\u00e7\u00e3o de Tratamento de \u00c1gua (ETA) Vit\u00f3ria. &nbsp; A manuten\u00e7\u00e3o est\u00e1 prevista para finalizar no mesmo dia, \u00e0s 18h. O abastecimento deve ocorrer de forma gradual. &nbsp; Durante a execu\u00e7\u00e3o das a\u00e7\u00f5es, o fornecimento de \u00e1gua ir\u00e1 afetar os bairros: Jo\u00e3o de Deus, Cosme e Dami\u00e3o, Ipsep, Santo Andr\u00e9, Portal da Cidade, S\u00e3o Gon\u00e7alo, Jardim Imperial, Alto da&hellip;\" \/>\n<meta property=\"og:url\" content=\"https:\/\/blogdofarnesio.com.br\/?p=345363\" \/>\n<meta property=\"og:site_name\" content=\"Blog do Farn\u00e9sio\" \/>\n<meta property=\"article:publisher\" content=\"https:\/\/www.facebook.com\/BlogQuerSaberPolitica\/\" \/>\n<meta property=\"article:author\" content=\"https:\/\/www.facebook.com\/?ref=tn_tnmn\" \/>\n<meta property=\"article:published_time\" content=\"2023-07-14T10:42:01+00:00\" \/>\n<meta property=\"og:image\" content=\"https:\/\/blogdofarnesio.com.br\/wp-content\/uploads\/2020\/10\/blogqspcompesa-saae.jpg\" \/>\n\t<meta property=\"og:image:width\" content=\"366\" \/>\n\t<meta property=\"og:image:height\" content=\"287\" \/>\n\t<meta property=\"og:image:type\" content=\"image\/jpeg\" \/>\n<meta name=\"author\" content=\"Farn\u00e9sio\" \/>\n<meta name=\"twitter:card\" content=\"summary_large_image\" \/>\n<meta name=\"twitter:label1\" content=\"Escrito por\" \/>\n\t<meta name=\"twitter:data1\" content=\"Farn\u00e9sio\" \/>\n\t<meta name=\"twitter:label2\" content=\"Est. tempo de leitura\" \/>\n\t<meta name=\"twitter:data2\" content=\"1 minuto\" \/>\n<script type=\"application\/ld+json\" class=\"yoast-schema-graph\">{\"@context\":\"https:\\\/\\\/schema.org\",\"@graph\":[{\"@type\":\"Article\",\"@id\":\"https:\\\/\\\/blogdofarnesio.com.br\\\/?p=345363#article\",\"isPartOf\":{\"@id\":\"https:\\\/\\\/blogdofarnesio.com.br\\\/?p=345363\"},\"author\":{\"name\":\"Farn\u00e9sio\",\"@id\":\"https:\\\/\\\/blogdofarnesio.com.br\\\/#\\\/schema\\\/person\\\/bb9b23ae3ad0609ce8df7b6c9e76824d\"},\"headline\":\"Mais de 20 bairros de Petrolina come\u00e7am a sexta feira sem \u00e1gua nas torneiras; confira a lista\",\"datePublished\":\"2023-07-14T10:42:01+00:00\",\"mainEntityOfPage\":{\"@id\":\"https:\\\/\\\/blogdofarnesio.com.br\\\/?p=345363\"},\"wordCount\":185,\"commentCount\":0,\"publisher\":{\"@id\":\"https:\\\/\\\/blogdofarnesio.com.br\\\/#organization\"},\"image\":{\"@id\":\"https:\\\/\\\/blogdofarnesio.com.br\\\/?p=345363#primaryimage\"},\"thumbnailUrl\":\"https:\\\/\\\/blogdofarnesio.com.br\\\/wp-content\\\/uploads\\\/2020\\\/10\\\/blogqspcompesa-saae.jpg\",\"articleSection\":[\"\u00c1gua\"],\"inLanguage\":\"pt-BR\",\"potentialAction\":[{\"@type\":\"CommentAction\",\"name\":\"Comment\",\"target\":[\"https:\\\/\\\/blogdofarnesio.com.br\\\/?p=345363#respond\"]}]},{\"@type\":\"WebPage\",\"@id\":\"https:\\\/\\\/blogdofarnesio.com.br\\\/?p=345363\",\"url\":\"https:\\\/\\\/blogdofarnesio.com.br\\\/?p=345363\",\"name\":\"Mais de 20 bairros de Petrolina come\u00e7am a sexta feira sem \u00e1gua nas torneiras; confira a lista - Blog do Farn\u00e9sio\",\"isPartOf\":{\"@id\":\"https:\\\/\\\/blogdofarnesio.com.br\\\/#website\"},\"primaryImageOfPage\":{\"@id\":\"https:\\\/\\\/blogdofarnesio.com.br\\\/?p=345363#primaryimage\"},\"image\":{\"@id\":\"https:\\\/\\\/blogdofarnesio.com.br\\\/?p=345363#primaryimage\"},\"thumbnailUrl\":\"https:\\\/\\\/blogdofarnesio.com.br\\\/wp-content\\\/uploads\\\/2020\\\/10\\\/blogqspcompesa-saae.jpg\",\"datePublished\":\"2023-07-14T10:42:01+00:00\",\"breadcrumb\":{\"@id\":\"https:\\\/\\\/blogdofarnesio.com.br\\\/?p=345363#breadcrumb\"},\"inLanguage\":\"pt-BR\",\"potentialAction\":[{\"@type\":\"ReadAction\",\"target\":[\"https:\\\/\\\/blogdofarnesio.com.br\\\/?p=345363\"]}]},{\"@type\":\"ImageObject\",\"inLanguage\":\"pt-BR\",\"@id\":\"https:\\\/\\\/blogdofarnesio.com.br\\\/?p=345363#primaryimage\",\"url\":\"https:\\\/\\\/blogdofarnesio.com.br\\\/wp-content\\\/uploads\\\/2020\\\/10\\\/blogqspcompesa-saae.jpg\",\"contentUrl\":\"https:\\\/\\\/blogdofarnesio.com.br\\\/wp-content\\\/uploads\\\/2020\\\/10\\\/blogqspcompesa-saae.jpg\",\"width\":366,\"height\":287},{\"@type\":\"BreadcrumbList\",\"@id\":\"https:\\\/\\\/blogdofarnesio.com.br\\\/?p=345363#breadcrumb\",\"itemListElement\":[{\"@type\":\"ListItem\",\"position\":1,\"name\":\"In\u00edcio\",\"item\":\"https:\\\/\\\/blogdofarnesio.com.br\\\/\"},{\"@type\":\"ListItem\",\"position\":2,\"name\":\"Mais de 20 bairros de Petrolina come\u00e7am a sexta feira sem \u00e1gua nas torneiras; confira a lista\"}]},{\"@type\":\"WebSite\",\"@id\":\"https:\\\/\\\/blogdofarnesio.com.br\\\/#website\",\"url\":\"https:\\\/\\\/blogdofarnesio.com.br\\\/\",\"name\":\"Blog do Farn\u00e9sio\",\"description\":\"Quer Saber Pol\u00edtica?\",\"publisher\":{\"@id\":\"https:\\\/\\\/blogdofarnesio.com.br\\\/#organization\"},\"potentialAction\":[{\"@type\":\"SearchAction\",\"target\":{\"@type\":\"EntryPoint\",\"urlTemplate\":\"https:\\\/\\\/blogdofarnesio.com.br\\\/?s={search_term_string}\"},\"query-input\":{\"@type\":\"PropertyValueSpecification\",\"valueRequired\":true,\"valueName\":\"search_term_string\"}}],\"inLanguage\":\"pt-BR\"},{\"@type\":\"Organization\",\"@id\":\"https:\\\/\\\/blogdofarnesio.com.br\\\/#organization\",\"name\":\"Blog do Farn\u00e9sio\",\"url\":\"https:\\\/\\\/blogdofarnesio.com.br\\\/\",\"logo\":{\"@type\":\"ImageObject\",\"inLanguage\":\"pt-BR\",\"@id\":\"https:\\\/\\\/blogdofarnesio.com.br\\\/#\\\/schema\\\/logo\\\/image\\\/\",\"url\":\"https:\\\/\\\/blogdofarnesio.com.br\\\/wp-content\\\/uploads\\\/2026\\\/03\\\/cropped-logo_new-1.png\",\"contentUrl\":\"https:\\\/\\\/blogdofarnesio.com.br\\\/wp-content\\\/uploads\\\/2026\\\/03\\\/cropped-logo_new-1.png\",\"width\":881,\"height\":685,\"caption\":\"Blog do Farn\u00e9sio\"},\"image\":{\"@id\":\"https:\\\/\\\/blogdofarnesio.com.br\\\/#\\\/schema\\\/logo\\\/image\\\/\"},\"sameAs\":[\"https:\\\/\\\/www.facebook.com\\\/BlogQuerSaberPolitica\\\/\"]},{\"@type\":\"Person\",\"@id\":\"https:\\\/\\\/blogdofarnesio.com.br\\\/#\\\/schema\\\/person\\\/bb9b23ae3ad0609ce8df7b6c9e76824d\",\"name\":\"Farn\u00e9sio\",\"image\":{\"@type\":\"ImageObject\",\"inLanguage\":\"pt-BR\",\"@id\":\"https:\\\/\\\/secure.gravatar.com\\\/avatar\\\/986aa4c61ccdb66f8555bf88fc2a65609d00bcabd4d2d94377a727547345cbca?s=96&d=mm&r=g\",\"url\":\"https:\\\/\\\/secure.gravatar.com\\\/avatar\\\/986aa4c61ccdb66f8555bf88fc2a65609d00bcabd4d2d94377a727547345cbca?s=96&d=mm&r=g\",\"contentUrl\":\"https:\\\/\\\/secure.gravatar.com\\\/avatar\\\/986aa4c61ccdb66f8555bf88fc2a65609d00bcabd4d2d94377a727547345cbca?s=96&d=mm&r=g\",\"caption\":\"Farn\u00e9sio\"},\"description\":\"Radialista blogueiro, chegou a Petrolina\\\/Juazeiro em setembro de 1980, Farn\u00e9sio Silva \u00e9 de Arapiraca-Alagoas.\",\"sameAs\":[\"http:\\\/\\\/blogdofarnesio.com.br\",\"https:\\\/\\\/www.facebook.com\\\/?ref=tn_tnmn\",\"https:\\\/\\\/www.instagram.com\\\/?utm_source=pwa_homescreen\",\"https:\\\/\\\/youtube.com.br\\\/\"],\"url\":\"https:\\\/\\\/blogdofarnesio.com.br\\\/?author=2\"}]}<\/script>\n<!-- \/ Yoast SEO plugin. -->","yoast_head_json":{"title":"Mais de 20 bairros de Petrolina come\u00e7am a sexta feira sem \u00e1gua nas torneiras; confira a lista - Blog do Farn\u00e9sio","robots":{"index":"index","follow":"follow","max-snippet":"max-snippet:-1","max-image-preview":"max-image-preview:large","max-video-preview":"max-video-preview:-1"},"canonical":"https:\/\/blogdofarnesio.com.br\/?p=345363","og_locale":"pt_BR","og_type":"article","og_title":"Mais de 20 bairros de Petrolina come\u00e7am a sexta feira sem \u00e1gua nas torneiras; confira a lista - Blog do Farn\u00e9sio","og_description":"Por g1 Petrolina Segundo a Compesa, a suspens\u00e3o do abastecimento \u00e9 necess\u00e1ria para realiza\u00e7\u00e3o de manuten\u00e7\u00e3o el\u00e9trica na Esta\u00e7\u00e3o de Tratamento de \u00c1gua (ETA) Vit\u00f3ria. O fornecimento de \u00e1gua ser\u00e1 interrompido em 22 bairros de Petrolina, Sert\u00e3o de Pernambuco, nesta sexta-feira (14). Conforme a Companhia de Saneamento de Pernambuco (Compesa), o corte do abastecimento \u00e9 necess\u00e1rio para realiza\u00e7\u00e3o de manuten\u00e7\u00e3o el\u00e9trica na Esta\u00e7\u00e3o de Tratamento de \u00c1gua (ETA) Vit\u00f3ria. &nbsp; A manuten\u00e7\u00e3o est\u00e1 prevista para finalizar no mesmo dia, \u00e0s 18h. O abastecimento deve ocorrer de forma gradual. &nbsp; Durante a execu\u00e7\u00e3o das a\u00e7\u00f5es, o fornecimento de \u00e1gua ir\u00e1 afetar os bairros: Jo\u00e3o de Deus, Cosme e Dami\u00e3o, Ipsep, Santo Andr\u00e9, Portal da Cidade, S\u00e3o Gon\u00e7alo, Jardim Imperial, Alto da&hellip;","og_url":"https:\/\/blogdofarnesio.com.br\/?p=345363","og_site_name":"Blog do Farn\u00e9sio","article_publisher":"https:\/\/www.facebook.com\/BlogQuerSaberPolitica\/","article_author":"https:\/\/www.facebook.com\/?ref=tn_tnmn","article_published_time":"2023-07-14T10:42:01+00:00","og_image":[{"width":366,"height":287,"url":"https:\/\/blogdofarnesio.com.br\/wp-content\/uploads\/2020\/10\/blogqspcompesa-saae.jpg","type":"image\/jpeg"}],"author":"Farn\u00e9sio","twitter_card":"summary_large_image","twitter_misc":{"Escrito por":"Farn\u00e9sio","Est. tempo de leitura":"1 minuto"},"schema":{"@context":"https:\/\/schema.org","@graph":[{"@type":"Article","@id":"https:\/\/blogdofarnesio.com.br\/?p=345363#article","isPartOf":{"@id":"https:\/\/blogdofarnesio.com.br\/?p=345363"},"author":{"name":"Farn\u00e9sio","@id":"https:\/\/blogdofarnesio.com.br\/#\/schema\/person\/bb9b23ae3ad0609ce8df7b6c9e76824d"},"headline":"Mais de 20 bairros de Petrolina come\u00e7am a sexta feira sem \u00e1gua nas torneiras; confira a lista","datePublished":"2023-07-14T10:42:01+00:00","mainEntityOfPage":{"@id":"https:\/\/blogdofarnesio.com.br\/?p=345363"},"wordCount":185,"commentCount":0,"publisher":{"@id":"https:\/\/blogdofarnesio.com.br\/#organization"},"image":{"@id":"https:\/\/blogdofarnesio.com.br\/?p=345363#primaryimage"},"thumbnailUrl":"https:\/\/blogdofarnesio.com.br\/wp-content\/uploads\/2020\/10\/blogqspcompesa-saae.jpg","articleSection":["\u00c1gua"],"inLanguage":"pt-BR","potentialAction":[{"@type":"CommentAction","name":"Comment","target":["https:\/\/blogdofarnesio.com.br\/?p=345363#respond"]}]},{"@type":"WebPage","@id":"https:\/\/blogdofarnesio.com.br\/?p=345363","url":"https:\/\/blogdofarnesio.com.br\/?p=345363","name":"Mais de 20 bairros de Petrolina come\u00e7am a sexta feira sem \u00e1gua nas torneiras; confira a lista - Blog do Farn\u00e9sio","isPartOf":{"@id":"https:\/\/blogdofarnesio.com.br\/#website"},"primaryImageOfPage":{"@id":"https:\/\/blogdofarnesio.com.br\/?p=345363#primaryimage"},"image":{"@id":"https:\/\/blogdofarnesio.com.br\/?p=345363#primaryimage"},"thumbnailUrl":"https:\/\/blogdofarnesio.com.br\/wp-content\/uploads\/2020\/10\/blogqspcompesa-saae.jpg","datePublished":"2023-07-14T10:42:01+00:00","breadcrumb":{"@id":"https:\/\/blogdofarnesio.com.br\/?p=345363#breadcrumb"},"inLanguage":"pt-BR","potentialAction":[{"@type":"ReadAction","target":["https:\/\/blogdofarnesio.com.br\/?p=345363"]}]},{"@type":"ImageObject","inLanguage":"pt-BR","@id":"https:\/\/blogdofarnesio.com.br\/?p=345363#primaryimage","url":"https:\/\/blogdofarnesio.com.br\/wp-content\/uploads\/2020\/10\/blogqspcompesa-saae.jpg","contentUrl":"https:\/\/blogdofarnesio.com.br\/wp-content\/uploads\/2020\/10\/blogqspcompesa-saae.jpg","width":366,"height":287},{"@type":"BreadcrumbList","@id":"https:\/\/blogdofarnesio.com.br\/?p=345363#breadcrumb","itemListElement":[{"@type":"ListItem","position":1,"name":"In\u00edcio","item":"https:\/\/blogdofarnesio.com.br\/"},{"@type":"ListItem","position":2,"name":"Mais de 20 bairros de Petrolina come\u00e7am a sexta feira sem \u00e1gua nas torneiras; confira a lista"}]},{"@type":"WebSite","@id":"https:\/\/blogdofarnesio.com.br\/#website","url":"https:\/\/blogdofarnesio.com.br\/","name":"Blog do Farn\u00e9sio","description":"Quer Saber Pol\u00edtica?","publisher":{"@id":"https:\/\/blogdofarnesio.com.br\/#organization"},"potentialAction":[{"@type":"SearchAction","target":{"@type":"EntryPoint","urlTemplate":"https:\/\/blogdofarnesio.com.br\/?s={search_term_string}"},"query-input":{"@type":"PropertyValueSpecification","valueRequired":true,"valueName":"search_term_string"}}],"inLanguage":"pt-BR"},{"@type":"Organization","@id":"https:\/\/blogdofarnesio.com.br\/#organization","name":"Blog do Farn\u00e9sio","url":"https:\/\/blogdofarnesio.com.br\/","logo":{"@type":"ImageObject","inLanguage":"pt-BR","@id":"https:\/\/blogdofarnesio.com.br\/#\/schema\/logo\/image\/","url":"https:\/\/blogdofarnesio.com.br\/wp-content\/uploads\/2026\/03\/cropped-logo_new-1.png","contentUrl":"https:\/\/blogdofarnesio.com.br\/wp-content\/uploads\/2026\/03\/cropped-logo_new-1.png","width":881,"height":685,"caption":"Blog do Farn\u00e9sio"},"image":{"@id":"https:\/\/blogdofarnesio.com.br\/#\/schema\/logo\/image\/"},"sameAs":["https:\/\/www.facebook.com\/BlogQuerSaberPolitica\/"]},{"@type":"Person","@id":"https:\/\/blogdofarnesio.com.br\/#\/schema\/person\/bb9b23ae3ad0609ce8df7b6c9e76824d","name":"Farn\u00e9sio","image":{"@type":"ImageObject","inLanguage":"pt-BR","@id":"https:\/\/secure.gravatar.com\/avatar\/986aa4c61ccdb66f8555bf88fc2a65609d00bcabd4d2d94377a727547345cbca?s=96&d=mm&r=g","url":"https:\/\/secure.gravatar.com\/avatar\/986aa4c61ccdb66f8555bf88fc2a65609d00bcabd4d2d94377a727547345cbca?s=96&d=mm&r=g","contentUrl":"https:\/\/secure.gravatar.com\/avatar\/986aa4c61ccdb66f8555bf88fc2a65609d00bcabd4d2d94377a727547345cbca?s=96&d=mm&r=g","caption":"Farn\u00e9sio"},"description":"Radialista blogueiro, chegou a Petrolina\/Juazeiro em setembro de 1980, Farn\u00e9sio Silva \u00e9 de Arapiraca-Alagoas.","sameAs":["http:\/\/blogdofarnesio.com.br","https:\/\/www.facebook.com\/?ref=tn_tnmn","https:\/\/www.instagram.com\/?utm_source=pwa_homescreen","https:\/\/youtube.com.br\/"],"url":"https:\/\/blogdofarnesio.com.br\/?author=2"}]}},"_links":{"self":[{"href":"https:\/\/blogdofarnesio.com.br\/index.php?rest_route=\/wp\/v2\/posts\/345363","targetHints":{"allow":["GET"]}}],"collection":[{"href":"https:\/\/blogdofarnesio.com.br\/index.php?rest_route=\/wp\/v2\/posts"}],"about":[{"href":"https:\/\/blogdofarnesio.com.br\/index.php?rest_route=\/wp\/v2\/types\/post"}],"author":[{"embeddable":true,"href":"https:\/\/blogdofarnesio.com.br\/index.php?rest_route=\/wp\/v2\/users\/2"}],"replies":[{"embeddable":true,"href":"https:\/\/blogdofarnesio.com.br\/index.php?rest_route=%2Fwp%2Fv2%2Fcomments&post=345363"}],"version-history":[{"count":0,"href":"https:\/\/blogdofarnesio.com.br\/index.php?rest_route=\/wp\/v2\/posts\/345363\/revisions"}],"wp:featuredmedia":[{"embeddable":true,"href":"https:\/\/blogdofarnesio.com.br\/index.php?rest_route=\/wp\/v2\/media\/269553"}],"wp:attachment":[{"href":"https:\/\/blogdofarnesio.com.br\/index.php?rest_route=%2Fwp%2Fv2%2Fmedia&parent=345363"}],"wp:term":[{"taxonomy":"category","embeddable":true,"href":"https:\/\/blogdofarnesio.com.br\/index.php?rest_route=%2Fwp%2Fv2%2Fcategories&post=345363"},{"taxonomy":"post_tag","embeddable":true,"href":"https:\/\/blogdofarnesio.com.br\/index.php?rest_route=%2Fwp%2Fv2%2Ftags&post=345363"}],"curies":[{"name":"wp","href":"https:\/\/api.w.org\/{rel}","templated":true}]}}