{"id":345344,"date":"2023-07-17T15:03:38","date_gmt":"2023-07-17T18:03:38","guid":{"rendered":"https:\/\/blogdofarnesio.com.br\/?p=345344"},"modified":"2023-07-17T14:01:46","modified_gmt":"2023-07-17T17:01:46","slug":"plano-safra-da-agricultura-familiar-no-nordeste-e-lancado-em-fortaleza","status":"publish","type":"post","link":"https:\/\/blogdofarnesio.com.br\/?p=345344","title":{"rendered":"Plano Safra da Agricultura Familiar no Nordeste \u00e9 lan\u00e7ado em Fortaleza"},"content":{"rendered":"<p><i>Amplia\u00e7\u00e3o e melhores condi\u00e7\u00f5es do microcr\u00e9dito produtivo rural, Pronaf B, para os agricultores familiares da regi\u00e3o \u00e9 um dos destaques do novo plano<\/i><\/p>\n<p>O ministro do Desenvolvimento Agr\u00e1rio e Agricultura Familiar, Paulo Teixeira, far\u00e1 o lan\u00e7amento do Plano Safra da Agricultura Familiar 2023\/204 no Nordeste, nesta segunda-feira (17), em Fortaleza, capital do Cear\u00e1. A cerim\u00f4nia contar\u00e1 com a presen\u00e7a do governador Elmano de Freitas, autoridades e representantes de movimentos sociais da regi\u00e3o. Entre as novidades, o maior volume de cr\u00e9dito rural da hist\u00f3ria.<\/p>\n<p>S\u00e3o R\uff04 71,6 bilh\u00f5es para o Programa Nacional de Fortalecimento da Agricultura Familiar, o Pronaf, o volume \u00e9 34% superior ao anunciado na safra passada. Outro grande destaque s\u00e3o as mudan\u00e7as no microcr\u00e9dito produtivo, o Pronaf B, ou Agroamigo, como \u00e9 conhecido no Nordeste. As medidas do Plano Safra devem beneficiar cerca de 1 milh\u00e3o de agricultoras e agricultores familiares nordestinos.<\/p>\n<p>O Pronaf B, ou Agroamigo, teve amplia\u00e7\u00e3o no enquadramento da renda familiar anual de R\uff04 23 mil para R\uff04 40 mil e aumento do limite de cr\u00e9dito de R\uff04 6 mil para R\uff04 10 mil. O rebate de adimpl\u00eancia (desconto para quem paga em dia) para a regi\u00e3o Nordeste \u00e9 de 40%. Essas modifica\u00e7\u00f5es devem incluir mais 300 mil agricultores familiares nesta modalidade.<br \/>\nAo todo, o cr\u00e9dito rural somado a a\u00e7\u00f5es como compras p\u00fablicas, assist\u00eancia t\u00e9cnica e extens\u00e3o rural, Pol\u00edtica de Garantia de Pre\u00e7os M\u00ednimos para os Produtos da Sociobiodiversidade (PGPM-Bio), Garantia-Safra e Proagro Mais resultam em um montante de R\uff04 77,7 bilh\u00f5es para a safra 2023\/2024.<br \/>\nEntre as novidades, tamb\u00e9m destacam-se a redu\u00e7\u00e3o da taxa de juros, de 5% para 4% ao ano, para quem produzir alimentos, como arroz, feij\u00e3o, mandioca, tomate, leite, ovos, entre outros. O objetivo \u00e9 contribuir com a seguran\u00e7a alimentar do pa\u00eds ao estimular a produ\u00e7\u00e3o de alimentos essenciais para as fam\u00edlias brasileiras. As al\u00edquotas do Proagro Mais v\u00e3o cair 50% para a produ\u00e7\u00e3o de alimentos.<br \/>\nOs agricultores familiares que optarem pela produ\u00e7\u00e3o sustent\u00e1vel de alimentos saud\u00e1veis, com foco em org\u00e2nicos, produtos da sociobiodiversidade, bioeconomia ou agroecologia, ter\u00e3o ainda mais incentivos, com juros de apenas 3% ao ano no custeio e 4% no investimento.<br \/>\nO fomento produtivo rural, que \u00e9 um recurso n\u00e3o reembols\u00e1vel destinado aos agricultores em situa\u00e7\u00e3o de pobreza, tamb\u00e9m ser\u00e1 corrigido, aumentar\u00e1 de R\uff04 2,4 mil para R\uff044,6 mil por fam\u00edlia. Essa a\u00e7\u00e3o \u00e9 do Minist\u00e9rio do Desenvolvimento e Assist\u00eancia Social, Fam\u00edlia e Combate \u00e0 Fome.<br \/>\nAs mulheres rurais ganham uma linha espec\u00edfica neste Plano Safra da Agricultura Familiar. Trata-se de uma nova faixa na linha Pronaf Mulher, com limite de financiamento de at\u00e9 R\uff04 25 mil por ano e taxa de juros de 4% ao ano destinada \u00e0s agricultoras com renda anual de at\u00e9 R\uff04 100 mil. Al\u00e9m disso, no caso do Pronaf B, o limite do financiamento dobra e chega a R\uff04 12 mil. As quilombolas e assentadas da reforma agr\u00e1ria ter\u00e3o aumento no rebate (desconto) no Fomento Mulher, modalidade do cr\u00e9dito instala\u00e7\u00e3o, de 80% para 90%.<br \/>\nO Plano Safra tamb\u00e9m traz de volta o Programa Mais Alimentos, com medidas para estimular a produ\u00e7\u00e3o e a aquisi\u00e7\u00e3o de m\u00e1quinas e implementos agr\u00edcolas espec\u00edficos para a agricultura familiar. O programa tem como foco melhorar a qualidade de vida das agricultoras e agricultores familiares, aumentar a produtividade no campo e, ainda, aquecer a ind\u00fastria nacional. Os juros na linha do Pronaf para m\u00e1quinas e implementos agr\u00edcolas tamb\u00e9m foram reduzidos, de 6% para 5% ao ano. O programa ser\u00e1 coordenado pelo Minist\u00e9rio do Desenvolvimento Agr\u00e1rio e Agricultura Familiar (MDA) em parceria com os minist\u00e9rios do Desenvolvimento, Ind\u00fastria, Com\u00e9rcio e Servi\u00e7os (MDIC) e da Ci\u00eancia, Tecnologia e Inova\u00e7\u00e3o (MCTI).<br \/>\nE tamb\u00e9m tem novidades para os quilombolas e ind\u00edgenas que passam a ser inclu\u00eddos como benefici\u00e1rios do Pronaf A.<\/p>\n<p>&nbsp;<\/p>\n<p><strong>Servi\u00e7o<\/strong><\/p>\n<p><strong>Lan\u00e7amento do Plano Safra da Agricultura Familiar no Nordeste<\/strong><\/p>\n<p><strong>Data:<\/strong>\u00a017\/07\/2023<br \/>\n<strong>Hor\u00e1rio:<\/strong>\u00a09h<br \/>\n<strong>Local:<\/strong>\u00a0Audit\u00f3rio da Unipace<br \/>\nRua Barbosa de Freitas, 2709 \u2013 6\u00ba andar, Fortaleza, Cear\u00e1<\/p>\n<p><strong>Coletiva de imprensa:<\/strong>\u00a09h10<\/p>\n<p><strong>Fonte:\u00a0<\/strong>Secretaria de Comunica\u00e7\u00e3o da Presid\u00eancia da Rep\u00fablica<\/p>\n","protected":false},"excerpt":{"rendered":"<p>Amplia\u00e7\u00e3o e melhores condi\u00e7\u00f5es do microcr\u00e9dito produtivo rural, Pronaf B, para os agricultores familiares da regi\u00e3o \u00e9 um dos destaques do novo plano O ministro do Desenvolvimento Agr\u00e1rio e Agricultura Familiar, Paulo Teixeira, far\u00e1 o lan\u00e7amento do Plano Safra da Agricultura Familiar 2023\/204 no Nordeste, nesta segunda-feira (17), em Fortaleza, capital do Cear\u00e1. A cerim\u00f4nia contar\u00e1 com a presen\u00e7a do governador Elmano de Freitas, autoridades e representantes de movimentos sociais da regi\u00e3o. Entre as novidades, o maior volume de cr\u00e9dito rural da hist\u00f3ria. S\u00e3o R\uff04 71,6 bilh\u00f5es para o Programa Nacional de Fortalecimento da Agricultura Familiar, o Pronaf, o volume \u00e9 34% superior ao anunciado na safra passada. Outro grande destaque s\u00e3o as mudan\u00e7as no microcr\u00e9dito produtivo, o Pronaf B,&hellip; <\/p>\n","protected":false},"author":2,"featured_media":299696,"comment_status":"open","ping_status":"open","sticky":false,"template":"","format":"standard","meta":{"_acf_changed":false,"footnotes":""},"categories":[55],"tags":[],"class_list":["post-345344","post","type-post","status-publish","format-standard","has-post-thumbnail","hentry","category-agropecuaria"],"acf":[],"yoast_head":"<!-- This site is optimized with the Yoast SEO plugin v27.4 - https:\/\/yoast.com\/product\/yoast-seo-wordpress\/ -->\n<title>Plano Safra da Agricultura Familiar no Nordeste \u00e9 lan\u00e7ado em Fortaleza - Blog do Farn\u00e9sio<\/title>\n<meta name=\"robots\" content=\"index, follow, max-snippet:-1, max-image-preview:large, max-video-preview:-1\" \/>\n<link rel=\"canonical\" href=\"https:\/\/blogdofarnesio.com.br\/?p=345344\" \/>\n<meta property=\"og:locale\" content=\"pt_BR\" \/>\n<meta property=\"og:type\" content=\"article\" \/>\n<meta property=\"og:title\" content=\"Plano Safra da Agricultura Familiar no Nordeste \u00e9 lan\u00e7ado em Fortaleza - Blog do Farn\u00e9sio\" \/>\n<meta property=\"og:description\" content=\"Amplia\u00e7\u00e3o e melhores condi\u00e7\u00f5es do microcr\u00e9dito produtivo rural, Pronaf B, para os agricultores familiares da regi\u00e3o \u00e9 um dos destaques do novo plano O ministro do Desenvolvimento Agr\u00e1rio e Agricultura Familiar, Paulo Teixeira, far\u00e1 o lan\u00e7amento do Plano Safra da Agricultura Familiar 2023\/204 no Nordeste, nesta segunda-feira (17), em Fortaleza, capital do Cear\u00e1. A cerim\u00f4nia contar\u00e1 com a presen\u00e7a do governador Elmano de Freitas, autoridades e representantes de movimentos sociais da regi\u00e3o. Entre as novidades, o maior volume de cr\u00e9dito rural da hist\u00f3ria. S\u00e3o R\uff04 71,6 bilh\u00f5es para o Programa Nacional de Fortalecimento da Agricultura Familiar, o Pronaf, o volume \u00e9 34% superior ao anunciado na safra passada. Outro grande destaque s\u00e3o as mudan\u00e7as no microcr\u00e9dito produtivo, o Pronaf B,&hellip;\" \/>\n<meta property=\"og:url\" content=\"https:\/\/blogdofarnesio.com.br\/?p=345344\" \/>\n<meta property=\"og:site_name\" content=\"Blog do Farn\u00e9sio\" \/>\n<meta property=\"article:publisher\" content=\"https:\/\/www.facebook.com\/BlogQuerSaberPolitica\/\" \/>\n<meta property=\"article:author\" content=\"https:\/\/www.facebook.com\/?ref=tn_tnmn\" \/>\n<meta property=\"article:published_time\" content=\"2023-07-17T18:03:38+00:00\" \/>\n<meta property=\"og:image\" content=\"https:\/\/blogdofarnesio.com.br\/wp-content\/uploads\/2021\/11\/Agricultura-familiar-banner-site-e1678915546237.jpg\" \/>\n\t<meta property=\"og:image:width\" content=\"673\" \/>\n\t<meta property=\"og:image:height\" content=\"307\" \/>\n\t<meta property=\"og:image:type\" content=\"image\/jpeg\" \/>\n<meta name=\"author\" content=\"Farn\u00e9sio\" \/>\n<meta name=\"twitter:card\" content=\"summary_large_image\" \/>\n<meta name=\"twitter:label1\" content=\"Escrito por\" \/>\n\t<meta name=\"twitter:data1\" content=\"Farn\u00e9sio\" \/>\n\t<meta name=\"twitter:label2\" content=\"Est. tempo de leitura\" \/>\n\t<meta name=\"twitter:data2\" content=\"4 minutos\" \/>\n<script type=\"application\/ld+json\" class=\"yoast-schema-graph\">{\"@context\":\"https:\\\/\\\/schema.org\",\"@graph\":[{\"@type\":\"Article\",\"@id\":\"https:\\\/\\\/blogdofarnesio.com.br\\\/?p=345344#article\",\"isPartOf\":{\"@id\":\"https:\\\/\\\/blogdofarnesio.com.br\\\/?p=345344\"},\"author\":{\"name\":\"Farn\u00e9sio\",\"@id\":\"https:\\\/\\\/blogdofarnesio.com.br\\\/#\\\/schema\\\/person\\\/bb9b23ae3ad0609ce8df7b6c9e76824d\"},\"headline\":\"Plano Safra da Agricultura Familiar no Nordeste \u00e9 lan\u00e7ado em Fortaleza\",\"datePublished\":\"2023-07-17T18:03:38+00:00\",\"mainEntityOfPage\":{\"@id\":\"https:\\\/\\\/blogdofarnesio.com.br\\\/?p=345344\"},\"wordCount\":722,\"commentCount\":0,\"publisher\":{\"@id\":\"https:\\\/\\\/blogdofarnesio.com.br\\\/#organization\"},\"image\":{\"@id\":\"https:\\\/\\\/blogdofarnesio.com.br\\\/?p=345344#primaryimage\"},\"thumbnailUrl\":\"https:\\\/\\\/blogdofarnesio.com.br\\\/wp-content\\\/uploads\\\/2021\\\/11\\\/Agricultura-familiar-banner-site-e1678915546237.jpg\",\"articleSection\":[\"Agropecu\u00e1ria\"],\"inLanguage\":\"pt-BR\",\"potentialAction\":[{\"@type\":\"CommentAction\",\"name\":\"Comment\",\"target\":[\"https:\\\/\\\/blogdofarnesio.com.br\\\/?p=345344#respond\"]}]},{\"@type\":\"WebPage\",\"@id\":\"https:\\\/\\\/blogdofarnesio.com.br\\\/?p=345344\",\"url\":\"https:\\\/\\\/blogdofarnesio.com.br\\\/?p=345344\",\"name\":\"Plano Safra da Agricultura Familiar no Nordeste \u00e9 lan\u00e7ado em Fortaleza - Blog do Farn\u00e9sio\",\"isPartOf\":{\"@id\":\"https:\\\/\\\/blogdofarnesio.com.br\\\/#website\"},\"primaryImageOfPage\":{\"@id\":\"https:\\\/\\\/blogdofarnesio.com.br\\\/?p=345344#primaryimage\"},\"image\":{\"@id\":\"https:\\\/\\\/blogdofarnesio.com.br\\\/?p=345344#primaryimage\"},\"thumbnailUrl\":\"https:\\\/\\\/blogdofarnesio.com.br\\\/wp-content\\\/uploads\\\/2021\\\/11\\\/Agricultura-familiar-banner-site-e1678915546237.jpg\",\"datePublished\":\"2023-07-17T18:03:38+00:00\",\"breadcrumb\":{\"@id\":\"https:\\\/\\\/blogdofarnesio.com.br\\\/?p=345344#breadcrumb\"},\"inLanguage\":\"pt-BR\",\"potentialAction\":[{\"@type\":\"ReadAction\",\"target\":[\"https:\\\/\\\/blogdofarnesio.com.br\\\/?p=345344\"]}]},{\"@type\":\"ImageObject\",\"inLanguage\":\"pt-BR\",\"@id\":\"https:\\\/\\\/blogdofarnesio.com.br\\\/?p=345344#primaryimage\",\"url\":\"https:\\\/\\\/blogdofarnesio.com.br\\\/wp-content\\\/uploads\\\/2021\\\/11\\\/Agricultura-familiar-banner-site-e1678915546237.jpg\",\"contentUrl\":\"https:\\\/\\\/blogdofarnesio.com.br\\\/wp-content\\\/uploads\\\/2021\\\/11\\\/Agricultura-familiar-banner-site-e1678915546237.jpg\",\"width\":673,\"height\":307},{\"@type\":\"BreadcrumbList\",\"@id\":\"https:\\\/\\\/blogdofarnesio.com.br\\\/?p=345344#breadcrumb\",\"itemListElement\":[{\"@type\":\"ListItem\",\"position\":1,\"name\":\"In\u00edcio\",\"item\":\"https:\\\/\\\/blogdofarnesio.com.br\\\/\"},{\"@type\":\"ListItem\",\"position\":2,\"name\":\"Plano Safra da Agricultura Familiar no Nordeste \u00e9 lan\u00e7ado em Fortaleza\"}]},{\"@type\":\"WebSite\",\"@id\":\"https:\\\/\\\/blogdofarnesio.com.br\\\/#website\",\"url\":\"https:\\\/\\\/blogdofarnesio.com.br\\\/\",\"name\":\"Blog do Farn\u00e9sio\",\"description\":\"Quer Saber Pol\u00edtica?\",\"publisher\":{\"@id\":\"https:\\\/\\\/blogdofarnesio.com.br\\\/#organization\"},\"potentialAction\":[{\"@type\":\"SearchAction\",\"target\":{\"@type\":\"EntryPoint\",\"urlTemplate\":\"https:\\\/\\\/blogdofarnesio.com.br\\\/?s={search_term_string}\"},\"query-input\":{\"@type\":\"PropertyValueSpecification\",\"valueRequired\":true,\"valueName\":\"search_term_string\"}}],\"inLanguage\":\"pt-BR\"},{\"@type\":\"Organization\",\"@id\":\"https:\\\/\\\/blogdofarnesio.com.br\\\/#organization\",\"name\":\"Blog do Farn\u00e9sio\",\"url\":\"https:\\\/\\\/blogdofarnesio.com.br\\\/\",\"logo\":{\"@type\":\"ImageObject\",\"inLanguage\":\"pt-BR\",\"@id\":\"https:\\\/\\\/blogdofarnesio.com.br\\\/#\\\/schema\\\/logo\\\/image\\\/\",\"url\":\"https:\\\/\\\/blogdofarnesio.com.br\\\/wp-content\\\/uploads\\\/2026\\\/03\\\/cropped-logo_new-1.png\",\"contentUrl\":\"https:\\\/\\\/blogdofarnesio.com.br\\\/wp-content\\\/uploads\\\/2026\\\/03\\\/cropped-logo_new-1.png\",\"width\":881,\"height\":685,\"caption\":\"Blog do Farn\u00e9sio\"},\"image\":{\"@id\":\"https:\\\/\\\/blogdofarnesio.com.br\\\/#\\\/schema\\\/logo\\\/image\\\/\"},\"sameAs\":[\"https:\\\/\\\/www.facebook.com\\\/BlogQuerSaberPolitica\\\/\"]},{\"@type\":\"Person\",\"@id\":\"https:\\\/\\\/blogdofarnesio.com.br\\\/#\\\/schema\\\/person\\\/bb9b23ae3ad0609ce8df7b6c9e76824d\",\"name\":\"Farn\u00e9sio\",\"image\":{\"@type\":\"ImageObject\",\"inLanguage\":\"pt-BR\",\"@id\":\"https:\\\/\\\/secure.gravatar.com\\\/avatar\\\/986aa4c61ccdb66f8555bf88fc2a65609d00bcabd4d2d94377a727547345cbca?s=96&d=mm&r=g\",\"url\":\"https:\\\/\\\/secure.gravatar.com\\\/avatar\\\/986aa4c61ccdb66f8555bf88fc2a65609d00bcabd4d2d94377a727547345cbca?s=96&d=mm&r=g\",\"contentUrl\":\"https:\\\/\\\/secure.gravatar.com\\\/avatar\\\/986aa4c61ccdb66f8555bf88fc2a65609d00bcabd4d2d94377a727547345cbca?s=96&d=mm&r=g\",\"caption\":\"Farn\u00e9sio\"},\"description\":\"Radialista blogueiro, chegou a Petrolina\\\/Juazeiro em setembro de 1980, Farn\u00e9sio Silva \u00e9 de Arapiraca-Alagoas.\",\"sameAs\":[\"http:\\\/\\\/blogdofarnesio.com.br\",\"https:\\\/\\\/www.facebook.com\\\/?ref=tn_tnmn\",\"https:\\\/\\\/www.instagram.com\\\/?utm_source=pwa_homescreen\",\"https:\\\/\\\/youtube.com.br\\\/\"],\"url\":\"https:\\\/\\\/blogdofarnesio.com.br\\\/?author=2\"}]}<\/script>\n<!-- \/ Yoast SEO plugin. -->","yoast_head_json":{"title":"Plano Safra da Agricultura Familiar no Nordeste \u00e9 lan\u00e7ado em Fortaleza - Blog do Farn\u00e9sio","robots":{"index":"index","follow":"follow","max-snippet":"max-snippet:-1","max-image-preview":"max-image-preview:large","max-video-preview":"max-video-preview:-1"},"canonical":"https:\/\/blogdofarnesio.com.br\/?p=345344","og_locale":"pt_BR","og_type":"article","og_title":"Plano Safra da Agricultura Familiar no Nordeste \u00e9 lan\u00e7ado em Fortaleza - Blog do Farn\u00e9sio","og_description":"Amplia\u00e7\u00e3o e melhores condi\u00e7\u00f5es do microcr\u00e9dito produtivo rural, Pronaf B, para os agricultores familiares da regi\u00e3o \u00e9 um dos destaques do novo plano O ministro do Desenvolvimento Agr\u00e1rio e Agricultura Familiar, Paulo Teixeira, far\u00e1 o lan\u00e7amento do Plano Safra da Agricultura Familiar 2023\/204 no Nordeste, nesta segunda-feira (17), em Fortaleza, capital do Cear\u00e1. A cerim\u00f4nia contar\u00e1 com a presen\u00e7a do governador Elmano de Freitas, autoridades e representantes de movimentos sociais da regi\u00e3o. Entre as novidades, o maior volume de cr\u00e9dito rural da hist\u00f3ria. S\u00e3o R\uff04 71,6 bilh\u00f5es para o Programa Nacional de Fortalecimento da Agricultura Familiar, o Pronaf, o volume \u00e9 34% superior ao anunciado na safra passada. Outro grande destaque s\u00e3o as mudan\u00e7as no microcr\u00e9dito produtivo, o Pronaf B,&hellip;","og_url":"https:\/\/blogdofarnesio.com.br\/?p=345344","og_site_name":"Blog do Farn\u00e9sio","article_publisher":"https:\/\/www.facebook.com\/BlogQuerSaberPolitica\/","article_author":"https:\/\/www.facebook.com\/?ref=tn_tnmn","article_published_time":"2023-07-17T18:03:38+00:00","og_image":[{"width":673,"height":307,"url":"https:\/\/blogdofarnesio.com.br\/wp-content\/uploads\/2021\/11\/Agricultura-familiar-banner-site-e1678915546237.jpg","type":"image\/jpeg"}],"author":"Farn\u00e9sio","twitter_card":"summary_large_image","twitter_misc":{"Escrito por":"Farn\u00e9sio","Est. tempo de leitura":"4 minutos"},"schema":{"@context":"https:\/\/schema.org","@graph":[{"@type":"Article","@id":"https:\/\/blogdofarnesio.com.br\/?p=345344#article","isPartOf":{"@id":"https:\/\/blogdofarnesio.com.br\/?p=345344"},"author":{"name":"Farn\u00e9sio","@id":"https:\/\/blogdofarnesio.com.br\/#\/schema\/person\/bb9b23ae3ad0609ce8df7b6c9e76824d"},"headline":"Plano Safra da Agricultura Familiar no Nordeste \u00e9 lan\u00e7ado em Fortaleza","datePublished":"2023-07-17T18:03:38+00:00","mainEntityOfPage":{"@id":"https:\/\/blogdofarnesio.com.br\/?p=345344"},"wordCount":722,"commentCount":0,"publisher":{"@id":"https:\/\/blogdofarnesio.com.br\/#organization"},"image":{"@id":"https:\/\/blogdofarnesio.com.br\/?p=345344#primaryimage"},"thumbnailUrl":"https:\/\/blogdofarnesio.com.br\/wp-content\/uploads\/2021\/11\/Agricultura-familiar-banner-site-e1678915546237.jpg","articleSection":["Agropecu\u00e1ria"],"inLanguage":"pt-BR","potentialAction":[{"@type":"CommentAction","name":"Comment","target":["https:\/\/blogdofarnesio.com.br\/?p=345344#respond"]}]},{"@type":"WebPage","@id":"https:\/\/blogdofarnesio.com.br\/?p=345344","url":"https:\/\/blogdofarnesio.com.br\/?p=345344","name":"Plano Safra da Agricultura Familiar no Nordeste \u00e9 lan\u00e7ado em Fortaleza - Blog do Farn\u00e9sio","isPartOf":{"@id":"https:\/\/blogdofarnesio.com.br\/#website"},"primaryImageOfPage":{"@id":"https:\/\/blogdofarnesio.com.br\/?p=345344#primaryimage"},"image":{"@id":"https:\/\/blogdofarnesio.com.br\/?p=345344#primaryimage"},"thumbnailUrl":"https:\/\/blogdofarnesio.com.br\/wp-content\/uploads\/2021\/11\/Agricultura-familiar-banner-site-e1678915546237.jpg","datePublished":"2023-07-17T18:03:38+00:00","breadcrumb":{"@id":"https:\/\/blogdofarnesio.com.br\/?p=345344#breadcrumb"},"inLanguage":"pt-BR","potentialAction":[{"@type":"ReadAction","target":["https:\/\/blogdofarnesio.com.br\/?p=345344"]}]},{"@type":"ImageObject","inLanguage":"pt-BR","@id":"https:\/\/blogdofarnesio.com.br\/?p=345344#primaryimage","url":"https:\/\/blogdofarnesio.com.br\/wp-content\/uploads\/2021\/11\/Agricultura-familiar-banner-site-e1678915546237.jpg","contentUrl":"https:\/\/blogdofarnesio.com.br\/wp-content\/uploads\/2021\/11\/Agricultura-familiar-banner-site-e1678915546237.jpg","width":673,"height":307},{"@type":"BreadcrumbList","@id":"https:\/\/blogdofarnesio.com.br\/?p=345344#breadcrumb","itemListElement":[{"@type":"ListItem","position":1,"name":"In\u00edcio","item":"https:\/\/blogdofarnesio.com.br\/"},{"@type":"ListItem","position":2,"name":"Plano Safra da Agricultura Familiar no Nordeste \u00e9 lan\u00e7ado em Fortaleza"}]},{"@type":"WebSite","@id":"https:\/\/blogdofarnesio.com.br\/#website","url":"https:\/\/blogdofarnesio.com.br\/","name":"Blog do Farn\u00e9sio","description":"Quer Saber Pol\u00edtica?","publisher":{"@id":"https:\/\/blogdofarnesio.com.br\/#organization"},"potentialAction":[{"@type":"SearchAction","target":{"@type":"EntryPoint","urlTemplate":"https:\/\/blogdofarnesio.com.br\/?s={search_term_string}"},"query-input":{"@type":"PropertyValueSpecification","valueRequired":true,"valueName":"search_term_string"}}],"inLanguage":"pt-BR"},{"@type":"Organization","@id":"https:\/\/blogdofarnesio.com.br\/#organization","name":"Blog do Farn\u00e9sio","url":"https:\/\/blogdofarnesio.com.br\/","logo":{"@type":"ImageObject","inLanguage":"pt-BR","@id":"https:\/\/blogdofarnesio.com.br\/#\/schema\/logo\/image\/","url":"https:\/\/blogdofarnesio.com.br\/wp-content\/uploads\/2026\/03\/cropped-logo_new-1.png","contentUrl":"https:\/\/blogdofarnesio.com.br\/wp-content\/uploads\/2026\/03\/cropped-logo_new-1.png","width":881,"height":685,"caption":"Blog do Farn\u00e9sio"},"image":{"@id":"https:\/\/blogdofarnesio.com.br\/#\/schema\/logo\/image\/"},"sameAs":["https:\/\/www.facebook.com\/BlogQuerSaberPolitica\/"]},{"@type":"Person","@id":"https:\/\/blogdofarnesio.com.br\/#\/schema\/person\/bb9b23ae3ad0609ce8df7b6c9e76824d","name":"Farn\u00e9sio","image":{"@type":"ImageObject","inLanguage":"pt-BR","@id":"https:\/\/secure.gravatar.com\/avatar\/986aa4c61ccdb66f8555bf88fc2a65609d00bcabd4d2d94377a727547345cbca?s=96&d=mm&r=g","url":"https:\/\/secure.gravatar.com\/avatar\/986aa4c61ccdb66f8555bf88fc2a65609d00bcabd4d2d94377a727547345cbca?s=96&d=mm&r=g","contentUrl":"https:\/\/secure.gravatar.com\/avatar\/986aa4c61ccdb66f8555bf88fc2a65609d00bcabd4d2d94377a727547345cbca?s=96&d=mm&r=g","caption":"Farn\u00e9sio"},"description":"Radialista blogueiro, chegou a Petrolina\/Juazeiro em setembro de 1980, Farn\u00e9sio Silva \u00e9 de Arapiraca-Alagoas.","sameAs":["http:\/\/blogdofarnesio.com.br","https:\/\/www.facebook.com\/?ref=tn_tnmn","https:\/\/www.instagram.com\/?utm_source=pwa_homescreen","https:\/\/youtube.com.br\/"],"url":"https:\/\/blogdofarnesio.com.br\/?author=2"}]}},"_links":{"self":[{"href":"https:\/\/blogdofarnesio.com.br\/index.php?rest_route=\/wp\/v2\/posts\/345344","targetHints":{"allow":["GET"]}}],"collection":[{"href":"https:\/\/blogdofarnesio.com.br\/index.php?rest_route=\/wp\/v2\/posts"}],"about":[{"href":"https:\/\/blogdofarnesio.com.br\/index.php?rest_route=\/wp\/v2\/types\/post"}],"author":[{"embeddable":true,"href":"https:\/\/blogdofarnesio.com.br\/index.php?rest_route=\/wp\/v2\/users\/2"}],"replies":[{"embeddable":true,"href":"https:\/\/blogdofarnesio.com.br\/index.php?rest_route=%2Fwp%2Fv2%2Fcomments&post=345344"}],"version-history":[{"count":0,"href":"https:\/\/blogdofarnesio.com.br\/index.php?rest_route=\/wp\/v2\/posts\/345344\/revisions"}],"wp:featuredmedia":[{"embeddable":true,"href":"https:\/\/blogdofarnesio.com.br\/index.php?rest_route=\/wp\/v2\/media\/299696"}],"wp:attachment":[{"href":"https:\/\/blogdofarnesio.com.br\/index.php?rest_route=%2Fwp%2Fv2%2Fmedia&parent=345344"}],"wp:term":[{"taxonomy":"category","embeddable":true,"href":"https:\/\/blogdofarnesio.com.br\/index.php?rest_route=%2Fwp%2Fv2%2Fcategories&post=345344"},{"taxonomy":"post_tag","embeddable":true,"href":"https:\/\/blogdofarnesio.com.br\/index.php?rest_route=%2Fwp%2Fv2%2Ftags&post=345344"}],"curies":[{"name":"wp","href":"https:\/\/api.w.org\/{rel}","templated":true}]}}