{"id":345319,"date":"2023-07-14T09:42:18","date_gmt":"2023-07-14T12:42:18","guid":{"rendered":"https:\/\/blogdofarnesio.com.br\/?p=345319"},"modified":"2023-07-13T17:30:57","modified_gmt":"2023-07-13T20:30:57","slug":"moradores-do-bairro-antonio-cassimiro-vislumbram-construcao-do-futuro-com-nova-escola-de-tempo-integral","status":"publish","type":"post","link":"https:\/\/blogdofarnesio.com.br\/?p=345319","title":{"rendered":"Moradores do Bairro Ant\u00f4nio Cassimiro vislumbram constru\u00e7\u00e3o do futuro com nova Escola de Tempo Integral"},"content":{"rendered":"<p style=\"font-weight: 400;\"><em>A obra da unidade de ensino j\u00e1 est\u00e1 com 75% dos servi\u00e7os conclu\u00eddos, com previs\u00e3o de entrega pela Prefeitura de Petrolina para setembro deste ano\u00a0<\/em><\/p>\n<p style=\"font-weight: 400;\">Um terreno de mais de 10 mil m\u00b2, localizado na Travessa Mar Labrabor, no bairro Ant\u00f4nio Cassimiro, est\u00e1 dando espa\u00e7o, n\u00e3o somente a uma edifica\u00e7\u00e3o. L\u00e1, est\u00e1 sendo erguida uma Escola de Tempo Integral que vai atender cerca de 450 alunos dos Anos Iniciais do Ensino Fundamental. A obra, or\u00e7ada em mais de R$7,7 milh\u00f5es, vai marcar de forma significativa os investimentos que t\u00eam sido prioridade da Prefeitura de Petrolina. Esta, ser\u00e1 a 12\u00aa unidade educacional a ser entregue pela gest\u00e3o municipal com jornada ampliada. Mais um passo importante para continuar transformando a realidade das comunidades assistidas e consolidando o modelo que hoje \u00e9 refer\u00eancia para Pernambuco e para o Brasil.<\/p>\n<p style=\"font-weight: 400;\">A constru\u00e7\u00e3o da escola faz parte de uma s\u00e9rie de a\u00e7\u00f5es e investimentos da atual gest\u00e3o a caminho da amplia\u00e7\u00e3o das vagas no ensino municipal, essa meta j\u00e1 \u00e9 sentida pela popula\u00e7\u00e3o, como \u00e9 o caso de Ivanilsa Almeida, moradora do bairro Ant\u00f4nio Cassimiro h\u00e1 11 anos. Ela \u00e9 m\u00e3e da Alice e j\u00e1 imagina sua filha estudando na institui\u00e7\u00e3o. \u201c<em>Ver essa escola sendo constru\u00edda na \u2018porta de casa\u2019 \u00e9 a realiza\u00e7\u00e3o de um sonho de toda comunidade, pois muitas fam\u00edlias n\u00e3o s\u00f3 querem, como precisam dessa unidade em Tempo Integral. Isso vai contribuir n\u00e3o s\u00f3 com a forma\u00e7\u00e3o dos jovens, mas tamb\u00e9m pela necessidade dos pais de ir trabalhar e ter um local seguro e acolhedor para deixar seu filho<\/em>\u201d, destacou Ivanilsa.<\/p>\n<p style=\"font-weight: 400;\">Moradora h\u00e1 10 anos do bairro, Simone Maria da Concei\u00e7\u00e3o \u00e9 m\u00e3e de Yan Samuel, que tem 7 anos. Ela destaca o que a constru\u00e7\u00e3o da escola significa na vida daqueles que ser\u00e3o os futuros representantes das comunidades. \u201c<em>Essa \u00e9 uma conquista hist\u00f3rica para Petrolina e devemos nos orgulhar bastante disso. Quando tiver pronta e funcionando, essa escola vai melhorar a vida, n\u00e3o s\u00f3 da minha fam\u00edlia, mas de toda a comunidade. Cuidar das nossas crian\u00e7as \u00e9 cuidar de todos n\u00f3s<\/em>\u201d, afirmou Simone. Com previs\u00e3o de entrega para setembro deste ano, a unidade contar\u00e1 com 15 salas de aula climatizadas; quadra poliesportiva coberta; audit\u00f3rio; biblioteca; laborat\u00f3rios de Inform\u00e1tica e Qu\u00edmica; sala do Gr\u00eamio Estudantil; \u00e1rea administrativa com sala de dire\u00e7\u00e3o; secretaria, sala dos professores e coordena\u00e7\u00e3o; p\u00e1tio aberto; p\u00e1tio coberto\/refeit\u00f3rio; \u00e1rea de apoio com cozinha, despensa; \u00e1rea de servi\u00e7o e p\u00e1tio de servi\u00e7o; e quatro blocos com baterias de sanit\u00e1rios, sendo um deles com vesti\u00e1rio.<\/p>\n<p style=\"font-weight: 400;\">A secret\u00e1ria de Educa\u00e7\u00e3o, Cultura e Esportes, Rosane da Costa, tem acompanhado a agilidade em que os trabalhos est\u00e3o sendo conduzidos, al\u00e9m de constatar os cuidados em que o setor de infraestrutura est\u00e1 tendo quanto ao conceito de constru\u00e7\u00e3o escolhido, que gera diminui\u00e7\u00e3o da polui\u00e7\u00e3o, torna a obra mais sustent\u00e1vel e, consequentemente mais rent\u00e1vel ao munic\u00edpio. \u201c<em>O investimento em Educa\u00e7\u00e3o de qualidade sempre foi um compromisso do prefeito Sim\u00e3o Durando e essa nova escola \u00e9 um exemplo disso. Est\u00e1 ficando maravilhosa e estamos ansiosos pela conclus\u00e3o da obra. Em breve nossos alunos ter\u00e3o mais um espa\u00e7o para conviv\u00eancia e aprendizado de excel\u00eancia<\/em>\u201d, pontuou Rosane.<\/p>\n","protected":false},"excerpt":{"rendered":"<p>A obra da unidade de ensino j\u00e1 est\u00e1 com 75% dos servi\u00e7os conclu\u00eddos, com previs\u00e3o de entrega pela Prefeitura de Petrolina para setembro deste ano\u00a0 Um terreno de mais de 10 mil m\u00b2, localizado na Travessa Mar Labrabor, no bairro Ant\u00f4nio Cassimiro, est\u00e1 dando espa\u00e7o, n\u00e3o somente a uma edifica\u00e7\u00e3o. L\u00e1, est\u00e1 sendo erguida uma Escola de Tempo Integral que vai atender cerca de 450 alunos dos Anos Iniciais do Ensino Fundamental. A obra, or\u00e7ada em mais de R$7,7 milh\u00f5es, vai marcar de forma significativa os investimentos que t\u00eam sido prioridade da Prefeitura de Petrolina. Esta, ser\u00e1 a 12\u00aa unidade educacional a ser entregue pela gest\u00e3o municipal com jornada ampliada. Mais um passo importante para continuar transformando a realidade das&hellip; <\/p>\n","protected":false},"author":2,"featured_media":345320,"comment_status":"open","ping_status":"open","sticky":false,"template":"","format":"standard","meta":{"_acf_changed":false,"footnotes":""},"categories":[44],"tags":[],"class_list":["post-345319","post","type-post","status-publish","format-standard","has-post-thumbnail","hentry","category-administracao"],"acf":[],"yoast_head":"<!-- This site is optimized with the Yoast SEO plugin v27.4 - https:\/\/yoast.com\/product\/yoast-seo-wordpress\/ -->\n<title>Moradores do Bairro Ant\u00f4nio Cassimiro vislumbram constru\u00e7\u00e3o do futuro com nova Escola de Tempo Integral - Blog do Farn\u00e9sio<\/title>\n<meta name=\"robots\" content=\"index, follow, max-snippet:-1, max-image-preview:large, max-video-preview:-1\" \/>\n<link rel=\"canonical\" href=\"https:\/\/blogdofarnesio.com.br\/?p=345319\" \/>\n<meta property=\"og:locale\" content=\"pt_BR\" \/>\n<meta property=\"og:type\" content=\"article\" \/>\n<meta property=\"og:title\" content=\"Moradores do Bairro Ant\u00f4nio Cassimiro vislumbram constru\u00e7\u00e3o do futuro com nova Escola de Tempo Integral - Blog do Farn\u00e9sio\" \/>\n<meta property=\"og:description\" content=\"A obra da unidade de ensino j\u00e1 est\u00e1 com 75% dos servi\u00e7os conclu\u00eddos, com previs\u00e3o de entrega pela Prefeitura de Petrolina para setembro deste ano\u00a0 Um terreno de mais de 10 mil m\u00b2, localizado na Travessa Mar Labrabor, no bairro Ant\u00f4nio Cassimiro, est\u00e1 dando espa\u00e7o, n\u00e3o somente a uma edifica\u00e7\u00e3o. L\u00e1, est\u00e1 sendo erguida uma Escola de Tempo Integral que vai atender cerca de 450 alunos dos Anos Iniciais do Ensino Fundamental. A obra, or\u00e7ada em mais de R$7,7 milh\u00f5es, vai marcar de forma significativa os investimentos que t\u00eam sido prioridade da Prefeitura de Petrolina. Esta, ser\u00e1 a 12\u00aa unidade educacional a ser entregue pela gest\u00e3o municipal com jornada ampliada. Mais um passo importante para continuar transformando a realidade das&hellip;\" \/>\n<meta property=\"og:url\" content=\"https:\/\/blogdofarnesio.com.br\/?p=345319\" \/>\n<meta property=\"og:site_name\" content=\"Blog do Farn\u00e9sio\" \/>\n<meta property=\"article:publisher\" content=\"https:\/\/www.facebook.com\/BlogQuerSaberPolitica\/\" \/>\n<meta property=\"article:author\" content=\"https:\/\/www.facebook.com\/?ref=tn_tnmn\" \/>\n<meta property=\"article:published_time\" content=\"2023-07-14T12:42:18+00:00\" \/>\n<meta property=\"og:image\" content=\"https:\/\/blogdofarnesio.com.br\/wp-content\/uploads\/2023\/07\/logqsppet-a-cassimiro-Escola-e1689280224960.jpeg\" \/>\n\t<meta property=\"og:image:width\" content=\"600\" \/>\n\t<meta property=\"og:image:height\" content=\"400\" \/>\n\t<meta property=\"og:image:type\" content=\"image\/jpeg\" \/>\n<meta name=\"author\" content=\"Farn\u00e9sio\" \/>\n<meta name=\"twitter:card\" content=\"summary_large_image\" \/>\n<meta name=\"twitter:label1\" content=\"Escrito por\" \/>\n\t<meta name=\"twitter:data1\" content=\"Farn\u00e9sio\" \/>\n\t<meta name=\"twitter:label2\" content=\"Est. tempo de leitura\" \/>\n\t<meta name=\"twitter:data2\" content=\"3 minutos\" \/>\n<script type=\"application\/ld+json\" class=\"yoast-schema-graph\">{\"@context\":\"https:\\\/\\\/schema.org\",\"@graph\":[{\"@type\":\"Article\",\"@id\":\"https:\\\/\\\/blogdofarnesio.com.br\\\/?p=345319#article\",\"isPartOf\":{\"@id\":\"https:\\\/\\\/blogdofarnesio.com.br\\\/?p=345319\"},\"author\":{\"name\":\"Farn\u00e9sio\",\"@id\":\"https:\\\/\\\/blogdofarnesio.com.br\\\/#\\\/schema\\\/person\\\/bb9b23ae3ad0609ce8df7b6c9e76824d\"},\"headline\":\"Moradores do Bairro Ant\u00f4nio Cassimiro vislumbram constru\u00e7\u00e3o do futuro com nova Escola de Tempo Integral\",\"datePublished\":\"2023-07-14T12:42:18+00:00\",\"mainEntityOfPage\":{\"@id\":\"https:\\\/\\\/blogdofarnesio.com.br\\\/?p=345319\"},\"wordCount\":589,\"commentCount\":0,\"publisher\":{\"@id\":\"https:\\\/\\\/blogdofarnesio.com.br\\\/#organization\"},\"image\":{\"@id\":\"https:\\\/\\\/blogdofarnesio.com.br\\\/?p=345319#primaryimage\"},\"thumbnailUrl\":\"https:\\\/\\\/blogdofarnesio.com.br\\\/wp-content\\\/uploads\\\/2023\\\/07\\\/logqsppet-a-cassimiro-Escola-e1689280224960.jpeg\",\"articleSection\":[\"Administra\u00e7\u00e3o\"],\"inLanguage\":\"pt-BR\",\"potentialAction\":[{\"@type\":\"CommentAction\",\"name\":\"Comment\",\"target\":[\"https:\\\/\\\/blogdofarnesio.com.br\\\/?p=345319#respond\"]}]},{\"@type\":\"WebPage\",\"@id\":\"https:\\\/\\\/blogdofarnesio.com.br\\\/?p=345319\",\"url\":\"https:\\\/\\\/blogdofarnesio.com.br\\\/?p=345319\",\"name\":\"Moradores do Bairro Ant\u00f4nio Cassimiro vislumbram constru\u00e7\u00e3o do futuro com nova Escola de Tempo Integral - Blog do Farn\u00e9sio\",\"isPartOf\":{\"@id\":\"https:\\\/\\\/blogdofarnesio.com.br\\\/#website\"},\"primaryImageOfPage\":{\"@id\":\"https:\\\/\\\/blogdofarnesio.com.br\\\/?p=345319#primaryimage\"},\"image\":{\"@id\":\"https:\\\/\\\/blogdofarnesio.com.br\\\/?p=345319#primaryimage\"},\"thumbnailUrl\":\"https:\\\/\\\/blogdofarnesio.com.br\\\/wp-content\\\/uploads\\\/2023\\\/07\\\/logqsppet-a-cassimiro-Escola-e1689280224960.jpeg\",\"datePublished\":\"2023-07-14T12:42:18+00:00\",\"breadcrumb\":{\"@id\":\"https:\\\/\\\/blogdofarnesio.com.br\\\/?p=345319#breadcrumb\"},\"inLanguage\":\"pt-BR\",\"potentialAction\":[{\"@type\":\"ReadAction\",\"target\":[\"https:\\\/\\\/blogdofarnesio.com.br\\\/?p=345319\"]}]},{\"@type\":\"ImageObject\",\"inLanguage\":\"pt-BR\",\"@id\":\"https:\\\/\\\/blogdofarnesio.com.br\\\/?p=345319#primaryimage\",\"url\":\"https:\\\/\\\/blogdofarnesio.com.br\\\/wp-content\\\/uploads\\\/2023\\\/07\\\/logqsppet-a-cassimiro-Escola-e1689280224960.jpeg\",\"contentUrl\":\"https:\\\/\\\/blogdofarnesio.com.br\\\/wp-content\\\/uploads\\\/2023\\\/07\\\/logqsppet-a-cassimiro-Escola-e1689280224960.jpeg\",\"width\":600,\"height\":400},{\"@type\":\"BreadcrumbList\",\"@id\":\"https:\\\/\\\/blogdofarnesio.com.br\\\/?p=345319#breadcrumb\",\"itemListElement\":[{\"@type\":\"ListItem\",\"position\":1,\"name\":\"In\u00edcio\",\"item\":\"https:\\\/\\\/blogdofarnesio.com.br\\\/\"},{\"@type\":\"ListItem\",\"position\":2,\"name\":\"Moradores do Bairro Ant\u00f4nio Cassimiro vislumbram constru\u00e7\u00e3o do futuro com nova Escola de Tempo Integral\"}]},{\"@type\":\"WebSite\",\"@id\":\"https:\\\/\\\/blogdofarnesio.com.br\\\/#website\",\"url\":\"https:\\\/\\\/blogdofarnesio.com.br\\\/\",\"name\":\"Blog do Farn\u00e9sio\",\"description\":\"Quer Saber Pol\u00edtica?\",\"publisher\":{\"@id\":\"https:\\\/\\\/blogdofarnesio.com.br\\\/#organization\"},\"potentialAction\":[{\"@type\":\"SearchAction\",\"target\":{\"@type\":\"EntryPoint\",\"urlTemplate\":\"https:\\\/\\\/blogdofarnesio.com.br\\\/?s={search_term_string}\"},\"query-input\":{\"@type\":\"PropertyValueSpecification\",\"valueRequired\":true,\"valueName\":\"search_term_string\"}}],\"inLanguage\":\"pt-BR\"},{\"@type\":\"Organization\",\"@id\":\"https:\\\/\\\/blogdofarnesio.com.br\\\/#organization\",\"name\":\"Blog do Farn\u00e9sio\",\"url\":\"https:\\\/\\\/blogdofarnesio.com.br\\\/\",\"logo\":{\"@type\":\"ImageObject\",\"inLanguage\":\"pt-BR\",\"@id\":\"https:\\\/\\\/blogdofarnesio.com.br\\\/#\\\/schema\\\/logo\\\/image\\\/\",\"url\":\"https:\\\/\\\/blogdofarnesio.com.br\\\/wp-content\\\/uploads\\\/2026\\\/03\\\/cropped-logo_new-1.png\",\"contentUrl\":\"https:\\\/\\\/blogdofarnesio.com.br\\\/wp-content\\\/uploads\\\/2026\\\/03\\\/cropped-logo_new-1.png\",\"width\":881,\"height\":685,\"caption\":\"Blog do Farn\u00e9sio\"},\"image\":{\"@id\":\"https:\\\/\\\/blogdofarnesio.com.br\\\/#\\\/schema\\\/logo\\\/image\\\/\"},\"sameAs\":[\"https:\\\/\\\/www.facebook.com\\\/BlogQuerSaberPolitica\\\/\"]},{\"@type\":\"Person\",\"@id\":\"https:\\\/\\\/blogdofarnesio.com.br\\\/#\\\/schema\\\/person\\\/bb9b23ae3ad0609ce8df7b6c9e76824d\",\"name\":\"Farn\u00e9sio\",\"image\":{\"@type\":\"ImageObject\",\"inLanguage\":\"pt-BR\",\"@id\":\"https:\\\/\\\/secure.gravatar.com\\\/avatar\\\/986aa4c61ccdb66f8555bf88fc2a65609d00bcabd4d2d94377a727547345cbca?s=96&d=mm&r=g\",\"url\":\"https:\\\/\\\/secure.gravatar.com\\\/avatar\\\/986aa4c61ccdb66f8555bf88fc2a65609d00bcabd4d2d94377a727547345cbca?s=96&d=mm&r=g\",\"contentUrl\":\"https:\\\/\\\/secure.gravatar.com\\\/avatar\\\/986aa4c61ccdb66f8555bf88fc2a65609d00bcabd4d2d94377a727547345cbca?s=96&d=mm&r=g\",\"caption\":\"Farn\u00e9sio\"},\"description\":\"Radialista blogueiro, chegou a Petrolina\\\/Juazeiro em setembro de 1980, Farn\u00e9sio Silva \u00e9 de Arapiraca-Alagoas.\",\"sameAs\":[\"http:\\\/\\\/blogdofarnesio.com.br\",\"https:\\\/\\\/www.facebook.com\\\/?ref=tn_tnmn\",\"https:\\\/\\\/www.instagram.com\\\/?utm_source=pwa_homescreen\",\"https:\\\/\\\/youtube.com.br\\\/\"],\"url\":\"https:\\\/\\\/blogdofarnesio.com.br\\\/?author=2\"}]}<\/script>\n<!-- \/ Yoast SEO plugin. -->","yoast_head_json":{"title":"Moradores do Bairro Ant\u00f4nio Cassimiro vislumbram constru\u00e7\u00e3o do futuro com nova Escola de Tempo Integral - Blog do Farn\u00e9sio","robots":{"index":"index","follow":"follow","max-snippet":"max-snippet:-1","max-image-preview":"max-image-preview:large","max-video-preview":"max-video-preview:-1"},"canonical":"https:\/\/blogdofarnesio.com.br\/?p=345319","og_locale":"pt_BR","og_type":"article","og_title":"Moradores do Bairro Ant\u00f4nio Cassimiro vislumbram constru\u00e7\u00e3o do futuro com nova Escola de Tempo Integral - Blog do Farn\u00e9sio","og_description":"A obra da unidade de ensino j\u00e1 est\u00e1 com 75% dos servi\u00e7os conclu\u00eddos, com previs\u00e3o de entrega pela Prefeitura de Petrolina para setembro deste ano\u00a0 Um terreno de mais de 10 mil m\u00b2, localizado na Travessa Mar Labrabor, no bairro Ant\u00f4nio Cassimiro, est\u00e1 dando espa\u00e7o, n\u00e3o somente a uma edifica\u00e7\u00e3o. L\u00e1, est\u00e1 sendo erguida uma Escola de Tempo Integral que vai atender cerca de 450 alunos dos Anos Iniciais do Ensino Fundamental. A obra, or\u00e7ada em mais de R$7,7 milh\u00f5es, vai marcar de forma significativa os investimentos que t\u00eam sido prioridade da Prefeitura de Petrolina. Esta, ser\u00e1 a 12\u00aa unidade educacional a ser entregue pela gest\u00e3o municipal com jornada ampliada. Mais um passo importante para continuar transformando a realidade das&hellip;","og_url":"https:\/\/blogdofarnesio.com.br\/?p=345319","og_site_name":"Blog do Farn\u00e9sio","article_publisher":"https:\/\/www.facebook.com\/BlogQuerSaberPolitica\/","article_author":"https:\/\/www.facebook.com\/?ref=tn_tnmn","article_published_time":"2023-07-14T12:42:18+00:00","og_image":[{"width":600,"height":400,"url":"https:\/\/blogdofarnesio.com.br\/wp-content\/uploads\/2023\/07\/logqsppet-a-cassimiro-Escola-e1689280224960.jpeg","type":"image\/jpeg"}],"author":"Farn\u00e9sio","twitter_card":"summary_large_image","twitter_misc":{"Escrito por":"Farn\u00e9sio","Est. tempo de leitura":"3 minutos"},"schema":{"@context":"https:\/\/schema.org","@graph":[{"@type":"Article","@id":"https:\/\/blogdofarnesio.com.br\/?p=345319#article","isPartOf":{"@id":"https:\/\/blogdofarnesio.com.br\/?p=345319"},"author":{"name":"Farn\u00e9sio","@id":"https:\/\/blogdofarnesio.com.br\/#\/schema\/person\/bb9b23ae3ad0609ce8df7b6c9e76824d"},"headline":"Moradores do Bairro Ant\u00f4nio Cassimiro vislumbram constru\u00e7\u00e3o do futuro com nova Escola de Tempo Integral","datePublished":"2023-07-14T12:42:18+00:00","mainEntityOfPage":{"@id":"https:\/\/blogdofarnesio.com.br\/?p=345319"},"wordCount":589,"commentCount":0,"publisher":{"@id":"https:\/\/blogdofarnesio.com.br\/#organization"},"image":{"@id":"https:\/\/blogdofarnesio.com.br\/?p=345319#primaryimage"},"thumbnailUrl":"https:\/\/blogdofarnesio.com.br\/wp-content\/uploads\/2023\/07\/logqsppet-a-cassimiro-Escola-e1689280224960.jpeg","articleSection":["Administra\u00e7\u00e3o"],"inLanguage":"pt-BR","potentialAction":[{"@type":"CommentAction","name":"Comment","target":["https:\/\/blogdofarnesio.com.br\/?p=345319#respond"]}]},{"@type":"WebPage","@id":"https:\/\/blogdofarnesio.com.br\/?p=345319","url":"https:\/\/blogdofarnesio.com.br\/?p=345319","name":"Moradores do Bairro Ant\u00f4nio Cassimiro vislumbram constru\u00e7\u00e3o do futuro com nova Escola de Tempo Integral - Blog do Farn\u00e9sio","isPartOf":{"@id":"https:\/\/blogdofarnesio.com.br\/#website"},"primaryImageOfPage":{"@id":"https:\/\/blogdofarnesio.com.br\/?p=345319#primaryimage"},"image":{"@id":"https:\/\/blogdofarnesio.com.br\/?p=345319#primaryimage"},"thumbnailUrl":"https:\/\/blogdofarnesio.com.br\/wp-content\/uploads\/2023\/07\/logqsppet-a-cassimiro-Escola-e1689280224960.jpeg","datePublished":"2023-07-14T12:42:18+00:00","breadcrumb":{"@id":"https:\/\/blogdofarnesio.com.br\/?p=345319#breadcrumb"},"inLanguage":"pt-BR","potentialAction":[{"@type":"ReadAction","target":["https:\/\/blogdofarnesio.com.br\/?p=345319"]}]},{"@type":"ImageObject","inLanguage":"pt-BR","@id":"https:\/\/blogdofarnesio.com.br\/?p=345319#primaryimage","url":"https:\/\/blogdofarnesio.com.br\/wp-content\/uploads\/2023\/07\/logqsppet-a-cassimiro-Escola-e1689280224960.jpeg","contentUrl":"https:\/\/blogdofarnesio.com.br\/wp-content\/uploads\/2023\/07\/logqsppet-a-cassimiro-Escola-e1689280224960.jpeg","width":600,"height":400},{"@type":"BreadcrumbList","@id":"https:\/\/blogdofarnesio.com.br\/?p=345319#breadcrumb","itemListElement":[{"@type":"ListItem","position":1,"name":"In\u00edcio","item":"https:\/\/blogdofarnesio.com.br\/"},{"@type":"ListItem","position":2,"name":"Moradores do Bairro Ant\u00f4nio Cassimiro vislumbram constru\u00e7\u00e3o do futuro com nova Escola de Tempo Integral"}]},{"@type":"WebSite","@id":"https:\/\/blogdofarnesio.com.br\/#website","url":"https:\/\/blogdofarnesio.com.br\/","name":"Blog do Farn\u00e9sio","description":"Quer Saber Pol\u00edtica?","publisher":{"@id":"https:\/\/blogdofarnesio.com.br\/#organization"},"potentialAction":[{"@type":"SearchAction","target":{"@type":"EntryPoint","urlTemplate":"https:\/\/blogdofarnesio.com.br\/?s={search_term_string}"},"query-input":{"@type":"PropertyValueSpecification","valueRequired":true,"valueName":"search_term_string"}}],"inLanguage":"pt-BR"},{"@type":"Organization","@id":"https:\/\/blogdofarnesio.com.br\/#organization","name":"Blog do Farn\u00e9sio","url":"https:\/\/blogdofarnesio.com.br\/","logo":{"@type":"ImageObject","inLanguage":"pt-BR","@id":"https:\/\/blogdofarnesio.com.br\/#\/schema\/logo\/image\/","url":"https:\/\/blogdofarnesio.com.br\/wp-content\/uploads\/2026\/03\/cropped-logo_new-1.png","contentUrl":"https:\/\/blogdofarnesio.com.br\/wp-content\/uploads\/2026\/03\/cropped-logo_new-1.png","width":881,"height":685,"caption":"Blog do Farn\u00e9sio"},"image":{"@id":"https:\/\/blogdofarnesio.com.br\/#\/schema\/logo\/image\/"},"sameAs":["https:\/\/www.facebook.com\/BlogQuerSaberPolitica\/"]},{"@type":"Person","@id":"https:\/\/blogdofarnesio.com.br\/#\/schema\/person\/bb9b23ae3ad0609ce8df7b6c9e76824d","name":"Farn\u00e9sio","image":{"@type":"ImageObject","inLanguage":"pt-BR","@id":"https:\/\/secure.gravatar.com\/avatar\/986aa4c61ccdb66f8555bf88fc2a65609d00bcabd4d2d94377a727547345cbca?s=96&d=mm&r=g","url":"https:\/\/secure.gravatar.com\/avatar\/986aa4c61ccdb66f8555bf88fc2a65609d00bcabd4d2d94377a727547345cbca?s=96&d=mm&r=g","contentUrl":"https:\/\/secure.gravatar.com\/avatar\/986aa4c61ccdb66f8555bf88fc2a65609d00bcabd4d2d94377a727547345cbca?s=96&d=mm&r=g","caption":"Farn\u00e9sio"},"description":"Radialista blogueiro, chegou a Petrolina\/Juazeiro em setembro de 1980, Farn\u00e9sio Silva \u00e9 de Arapiraca-Alagoas.","sameAs":["http:\/\/blogdofarnesio.com.br","https:\/\/www.facebook.com\/?ref=tn_tnmn","https:\/\/www.instagram.com\/?utm_source=pwa_homescreen","https:\/\/youtube.com.br\/"],"url":"https:\/\/blogdofarnesio.com.br\/?author=2"}]}},"_links":{"self":[{"href":"https:\/\/blogdofarnesio.com.br\/index.php?rest_route=\/wp\/v2\/posts\/345319","targetHints":{"allow":["GET"]}}],"collection":[{"href":"https:\/\/blogdofarnesio.com.br\/index.php?rest_route=\/wp\/v2\/posts"}],"about":[{"href":"https:\/\/blogdofarnesio.com.br\/index.php?rest_route=\/wp\/v2\/types\/post"}],"author":[{"embeddable":true,"href":"https:\/\/blogdofarnesio.com.br\/index.php?rest_route=\/wp\/v2\/users\/2"}],"replies":[{"embeddable":true,"href":"https:\/\/blogdofarnesio.com.br\/index.php?rest_route=%2Fwp%2Fv2%2Fcomments&post=345319"}],"version-history":[{"count":0,"href":"https:\/\/blogdofarnesio.com.br\/index.php?rest_route=\/wp\/v2\/posts\/345319\/revisions"}],"wp:featuredmedia":[{"embeddable":true,"href":"https:\/\/blogdofarnesio.com.br\/index.php?rest_route=\/wp\/v2\/media\/345320"}],"wp:attachment":[{"href":"https:\/\/blogdofarnesio.com.br\/index.php?rest_route=%2Fwp%2Fv2%2Fmedia&parent=345319"}],"wp:term":[{"taxonomy":"category","embeddable":true,"href":"https:\/\/blogdofarnesio.com.br\/index.php?rest_route=%2Fwp%2Fv2%2Fcategories&post=345319"},{"taxonomy":"post_tag","embeddable":true,"href":"https:\/\/blogdofarnesio.com.br\/index.php?rest_route=%2Fwp%2Fv2%2Ftags&post=345319"}],"curies":[{"name":"wp","href":"https:\/\/api.w.org\/{rel}","templated":true}]}}