{"id":345185,"date":"2023-07-13T07:20:01","date_gmt":"2023-07-13T10:20:01","guid":{"rendered":"https:\/\/blogdofarnesio.com.br\/?p=345185"},"modified":"2023-07-12T10:49:26","modified_gmt":"2023-07-12T13:49:26","slug":"e-hoje-puxada-de-psirico-abre-programacao-de-shows-em-comemoracao-ao-aniversario-de-juazeiro-nesta-quinta-feira-no-circuito-do-carnaval","status":"publish","type":"post","link":"https:\/\/blogdofarnesio.com.br\/?p=345185","title":{"rendered":"\u00c9 hoje!! Puxada de Psirico abre programa\u00e7\u00e3o de shows em comemora\u00e7\u00e3o ao anivers\u00e1rio de Juazeiro no circuito do carnaval"},"content":{"rendered":"<p style=\"font-weight: 400;\">A banda Psirico vai abrir a programa\u00e7\u00e3o de shows comemorativa aos 145 anos de Juazeiro, nesta quinta feira, em evento gratuito realizado pela Secretaria de Cultura, Turismo e Esporte (Seculte), e promete movimentar o circuito tradicional do Carnaval, que vai da Av. Adolfo Viana a Orla I com uma grande puxada de trios el\u00e9tricos.<\/p>\n<p style=\"font-weight: 400;\">A banda local Pagodan\u00e7a, ser\u00e1 a primeira atra\u00e7\u00e3o da noite, a partir das 20h, com um repert\u00f3rio cheio de grandes sucessos comandando um pranch\u00e3o. Em seguida a banda Psirico vai comandar um trio el\u00e9trico e arrastar a multid\u00e3o, a partir das 21h.<\/p>\n<p style=\"font-weight: 400;\"><strong>Programa\u00e7\u00e3o esportiva<\/strong><\/p>\n<p style=\"font-weight: 400;\">Tamb\u00e9m na quinta-feira (11), \u00e0s 18h, come\u00e7a o campeonato de Beach tennis, na arena montada na Orla II. O local ir\u00e1 reunir in\u00fameros atletas deste esporte que tem ganhado cada vez mais adeptos no Vale do S\u00e3o Francisco.<\/p>\n<p style=\"font-weight: 400;\"><strong>Programa\u00e7\u00e3o Copa Fest 2023:<\/strong><\/p>\n<p style=\"font-weight: 400;\"><u>Quinta-feira, 13 de julho<\/u><\/p>\n<p style=\"font-weight: 400;\">18h- Beach tennis<\/p>\n<p style=\"font-weight: 400;\">Puxada (percurso do carnaval) da Av. Adolfo Viana \u2013 Orla I<\/p>\n<p style=\"font-weight: 400;\">20h- Pagodan\u00e7a<\/p>\n<p style=\"font-weight: 400;\">21h- Psirico<\/p>\n<p style=\"font-weight: 400;\"><u>Sexta-feira, 14 de julho<\/u><\/p>\n<p style=\"font-weight: 400;\">14h- Beach tennis com crian\u00e7as do CRAS<\/p>\n<p style=\"font-weight: 400;\">18h- Competi\u00e7\u00e3o Beach tennis<\/p>\n<p style=\"font-weight: 400;\">18h- Ch\u00e1 das 5- Vaporzinho<\/p>\n<p style=\"font-weight: 400;\">20h- Trio parado na Orla 1 -Banda Mirage, Mari Ribeiro e Rayane, Thiago Carvalho e Pagode 874<\/p>\n<p style=\"font-weight: 400;\"><u>\u00a0<\/u><\/p>\n<p style=\"font-weight: 400;\"><u>S\u00e1bado, 15 de julho<\/u><\/p>\n<p style=\"font-weight: 400;\">5h \u2013 Alvorada festiva (saindo do Marco Zero at\u00e9 o Vaporzinho)<\/p>\n<p style=\"font-weight: 400;\">7h- Beach tennis<\/p>\n<p style=\"font-weight: 400;\">8h- Programa\u00e7\u00e3o c\u00edvica<\/p>\n<p style=\"font-weight: 400;\">9h- Futebol dos Veteranos (Est\u00e1dio Adauto Moraes)<\/p>\n<p style=\"font-weight: 400;\">14h- Maratona Aqu\u00e1tica<\/p>\n<p style=\"font-weight: 400;\">15h- Futebol Feminino<\/p>\n<p style=\"font-weight: 400;\">16:30h- Aula show fitdance<\/p>\n<p style=\"font-weight: 400;\">17h- Jiu-j\u00edtsu<\/p>\n<p style=\"font-weight: 400;\">18:00h- Apresenta\u00e7\u00e3o de Hip Hop<\/p>\n<p style=\"font-weight: 400;\">Shows musicais a partir das 12h no Parque Fluvial (parte baixa da Orla II)<\/p>\n<p style=\"font-weight: 400;\">Tenda da educa\u00e7\u00e3o (Espa\u00e7o Kids)<\/p>\n<p style=\"font-weight: 400;\">Social At\u00e9 Voc\u00ea<\/p>\n<p style=\"font-weight: 400;\">Sa\u00fade em Movimento<\/p>\n<p style=\"font-weight: 400;\">Saae Presente<\/p>\n<p style=\"font-weight: 400;\">Sesp<\/p>\n<p style=\"font-weight: 400;\">Educa\u00e7\u00e3o Ambiental \u2013 Semaurb<\/p>\n<p style=\"font-weight: 400;\">Puxada (percurso do carnaval) da Av. Adolfo Viana \u2013 Orla I<\/p>\n<p style=\"font-weight: 400;\">20h- Matheus Torres<\/p>\n<p style=\"font-weight: 400;\">21h- Banda Afrodis\u00edaco<\/p>\n<p style=\"font-weight: 400;\"><u>Domingo, 16 de julho<\/u><\/p>\n<p style=\"font-weight: 400;\">7h \u2013 Beach tennis<\/p>\n<p style=\"font-weight: 400;\">8h- V\u00f4lei de areia<\/p>\n<p style=\"font-weight: 400;\">8h- Competi\u00e7\u00e3o de Caiaque<\/p>\n","protected":false},"excerpt":{"rendered":"<p>A banda Psirico vai abrir a programa\u00e7\u00e3o de shows comemorativa aos 145 anos de Juazeiro, nesta quinta feira, em evento gratuito realizado pela Secretaria de Cultura, Turismo e Esporte (Seculte), e promete movimentar o circuito tradicional do Carnaval, que vai da Av. Adolfo Viana a Orla I com uma grande puxada de trios el\u00e9tricos. A banda local Pagodan\u00e7a, ser\u00e1 a primeira atra\u00e7\u00e3o da noite, a partir das 20h, com um repert\u00f3rio cheio de grandes sucessos comandando um pranch\u00e3o. Em seguida a banda Psirico vai comandar um trio el\u00e9trico e arrastar a multid\u00e3o, a partir das 21h. Programa\u00e7\u00e3o esportiva Tamb\u00e9m na quinta-feira (11), \u00e0s 18h, come\u00e7a o campeonato de Beach tennis, na arena montada na Orla II. O local ir\u00e1 reunir&hellip; <\/p>\n","protected":false},"author":2,"featured_media":345189,"comment_status":"open","ping_status":"open","sticky":false,"template":"","format":"standard","meta":{"_acf_changed":false,"footnotes":""},"categories":[3],"tags":[],"class_list":["post-345185","post","type-post","status-publish","format-standard","has-post-thumbnail","hentry","category-entretenimento"],"acf":[],"yoast_head":"<!-- This site is optimized with the Yoast SEO plugin v27.4 - https:\/\/yoast.com\/product\/yoast-seo-wordpress\/ -->\n<title>\u00c9 hoje!! Puxada de Psirico abre programa\u00e7\u00e3o de shows em comemora\u00e7\u00e3o ao anivers\u00e1rio de Juazeiro no circuito do carnaval - Blog do Farn\u00e9sio<\/title>\n<meta name=\"robots\" content=\"index, follow, max-snippet:-1, max-image-preview:large, max-video-preview:-1\" \/>\n<link rel=\"canonical\" href=\"https:\/\/blogdofarnesio.com.br\/?p=345185\" \/>\n<meta property=\"og:locale\" content=\"pt_BR\" \/>\n<meta property=\"og:type\" content=\"article\" \/>\n<meta property=\"og:title\" content=\"\u00c9 hoje!! Puxada de Psirico abre programa\u00e7\u00e3o de shows em comemora\u00e7\u00e3o ao anivers\u00e1rio de Juazeiro no circuito do carnaval - Blog do Farn\u00e9sio\" \/>\n<meta property=\"og:description\" content=\"A banda Psirico vai abrir a programa\u00e7\u00e3o de shows comemorativa aos 145 anos de Juazeiro, nesta quinta feira, em evento gratuito realizado pela Secretaria de Cultura, Turismo e Esporte (Seculte), e promete movimentar o circuito tradicional do Carnaval, que vai da Av. Adolfo Viana a Orla I com uma grande puxada de trios el\u00e9tricos. A banda local Pagodan\u00e7a, ser\u00e1 a primeira atra\u00e7\u00e3o da noite, a partir das 20h, com um repert\u00f3rio cheio de grandes sucessos comandando um pranch\u00e3o. Em seguida a banda Psirico vai comandar um trio el\u00e9trico e arrastar a multid\u00e3o, a partir das 21h. Programa\u00e7\u00e3o esportiva Tamb\u00e9m na quinta-feira (11), \u00e0s 18h, come\u00e7a o campeonato de Beach tennis, na arena montada na Orla II. O local ir\u00e1 reunir&hellip;\" \/>\n<meta property=\"og:url\" content=\"https:\/\/blogdofarnesio.com.br\/?p=345185\" \/>\n<meta property=\"og:site_name\" content=\"Blog do Farn\u00e9sio\" \/>\n<meta property=\"article:publisher\" content=\"https:\/\/www.facebook.com\/BlogQuerSaberPolitica\/\" \/>\n<meta property=\"article:author\" content=\"https:\/\/www.facebook.com\/?ref=tn_tnmn\" \/>\n<meta property=\"article:published_time\" content=\"2023-07-13T10:20:01+00:00\" \/>\n<meta property=\"og:image\" content=\"https:\/\/blogdofarnesio.com.br\/wp-content\/uploads\/2023\/07\/Psirico_Marcio-Vitor.jpg\" \/>\n\t<meta property=\"og:image:width\" content=\"640\" \/>\n\t<meta property=\"og:image:height\" content=\"387\" \/>\n\t<meta property=\"og:image:type\" content=\"image\/jpeg\" \/>\n<meta name=\"author\" content=\"Farn\u00e9sio\" \/>\n<meta name=\"twitter:card\" content=\"summary_large_image\" \/>\n<meta name=\"twitter:label1\" content=\"Escrito por\" \/>\n\t<meta name=\"twitter:data1\" content=\"Farn\u00e9sio\" \/>\n\t<meta name=\"twitter:label2\" content=\"Est. tempo de leitura\" \/>\n\t<meta name=\"twitter:data2\" content=\"2 minutos\" \/>\n<script type=\"application\/ld+json\" class=\"yoast-schema-graph\">{\"@context\":\"https:\\\/\\\/schema.org\",\"@graph\":[{\"@type\":\"Article\",\"@id\":\"https:\\\/\\\/blogdofarnesio.com.br\\\/?p=345185#article\",\"isPartOf\":{\"@id\":\"https:\\\/\\\/blogdofarnesio.com.br\\\/?p=345185\"},\"author\":{\"name\":\"Farn\u00e9sio\",\"@id\":\"https:\\\/\\\/blogdofarnesio.com.br\\\/#\\\/schema\\\/person\\\/bb9b23ae3ad0609ce8df7b6c9e76824d\"},\"headline\":\"\u00c9 hoje!! Puxada de Psirico abre programa\u00e7\u00e3o de shows em comemora\u00e7\u00e3o ao anivers\u00e1rio de Juazeiro no circuito do carnaval\",\"datePublished\":\"2023-07-13T10:20:01+00:00\",\"mainEntityOfPage\":{\"@id\":\"https:\\\/\\\/blogdofarnesio.com.br\\\/?p=345185\"},\"wordCount\":347,\"commentCount\":0,\"publisher\":{\"@id\":\"https:\\\/\\\/blogdofarnesio.com.br\\\/#organization\"},\"image\":{\"@id\":\"https:\\\/\\\/blogdofarnesio.com.br\\\/?p=345185#primaryimage\"},\"thumbnailUrl\":\"https:\\\/\\\/blogdofarnesio.com.br\\\/wp-content\\\/uploads\\\/2023\\\/07\\\/Psirico_Marcio-Vitor.jpg\",\"articleSection\":[\"Entretenimento\"],\"inLanguage\":\"pt-BR\",\"potentialAction\":[{\"@type\":\"CommentAction\",\"name\":\"Comment\",\"target\":[\"https:\\\/\\\/blogdofarnesio.com.br\\\/?p=345185#respond\"]}]},{\"@type\":\"WebPage\",\"@id\":\"https:\\\/\\\/blogdofarnesio.com.br\\\/?p=345185\",\"url\":\"https:\\\/\\\/blogdofarnesio.com.br\\\/?p=345185\",\"name\":\"\u00c9 hoje!! Puxada de Psirico abre programa\u00e7\u00e3o de shows em comemora\u00e7\u00e3o ao anivers\u00e1rio de Juazeiro no circuito do carnaval - Blog do Farn\u00e9sio\",\"isPartOf\":{\"@id\":\"https:\\\/\\\/blogdofarnesio.com.br\\\/#website\"},\"primaryImageOfPage\":{\"@id\":\"https:\\\/\\\/blogdofarnesio.com.br\\\/?p=345185#primaryimage\"},\"image\":{\"@id\":\"https:\\\/\\\/blogdofarnesio.com.br\\\/?p=345185#primaryimage\"},\"thumbnailUrl\":\"https:\\\/\\\/blogdofarnesio.com.br\\\/wp-content\\\/uploads\\\/2023\\\/07\\\/Psirico_Marcio-Vitor.jpg\",\"datePublished\":\"2023-07-13T10:20:01+00:00\",\"breadcrumb\":{\"@id\":\"https:\\\/\\\/blogdofarnesio.com.br\\\/?p=345185#breadcrumb\"},\"inLanguage\":\"pt-BR\",\"potentialAction\":[{\"@type\":\"ReadAction\",\"target\":[\"https:\\\/\\\/blogdofarnesio.com.br\\\/?p=345185\"]}]},{\"@type\":\"ImageObject\",\"inLanguage\":\"pt-BR\",\"@id\":\"https:\\\/\\\/blogdofarnesio.com.br\\\/?p=345185#primaryimage\",\"url\":\"https:\\\/\\\/blogdofarnesio.com.br\\\/wp-content\\\/uploads\\\/2023\\\/07\\\/Psirico_Marcio-Vitor.jpg\",\"contentUrl\":\"https:\\\/\\\/blogdofarnesio.com.br\\\/wp-content\\\/uploads\\\/2023\\\/07\\\/Psirico_Marcio-Vitor.jpg\",\"width\":640,\"height\":387},{\"@type\":\"BreadcrumbList\",\"@id\":\"https:\\\/\\\/blogdofarnesio.com.br\\\/?p=345185#breadcrumb\",\"itemListElement\":[{\"@type\":\"ListItem\",\"position\":1,\"name\":\"In\u00edcio\",\"item\":\"https:\\\/\\\/blogdofarnesio.com.br\\\/\"},{\"@type\":\"ListItem\",\"position\":2,\"name\":\"\u00c9 hoje!! Puxada de Psirico abre programa\u00e7\u00e3o de shows em comemora\u00e7\u00e3o ao anivers\u00e1rio de Juazeiro no circuito do carnaval\"}]},{\"@type\":\"WebSite\",\"@id\":\"https:\\\/\\\/blogdofarnesio.com.br\\\/#website\",\"url\":\"https:\\\/\\\/blogdofarnesio.com.br\\\/\",\"name\":\"Blog do Farn\u00e9sio\",\"description\":\"Quer Saber Pol\u00edtica?\",\"publisher\":{\"@id\":\"https:\\\/\\\/blogdofarnesio.com.br\\\/#organization\"},\"potentialAction\":[{\"@type\":\"SearchAction\",\"target\":{\"@type\":\"EntryPoint\",\"urlTemplate\":\"https:\\\/\\\/blogdofarnesio.com.br\\\/?s={search_term_string}\"},\"query-input\":{\"@type\":\"PropertyValueSpecification\",\"valueRequired\":true,\"valueName\":\"search_term_string\"}}],\"inLanguage\":\"pt-BR\"},{\"@type\":\"Organization\",\"@id\":\"https:\\\/\\\/blogdofarnesio.com.br\\\/#organization\",\"name\":\"Blog do Farn\u00e9sio\",\"url\":\"https:\\\/\\\/blogdofarnesio.com.br\\\/\",\"logo\":{\"@type\":\"ImageObject\",\"inLanguage\":\"pt-BR\",\"@id\":\"https:\\\/\\\/blogdofarnesio.com.br\\\/#\\\/schema\\\/logo\\\/image\\\/\",\"url\":\"https:\\\/\\\/blogdofarnesio.com.br\\\/wp-content\\\/uploads\\\/2026\\\/03\\\/cropped-logo_new-1.png\",\"contentUrl\":\"https:\\\/\\\/blogdofarnesio.com.br\\\/wp-content\\\/uploads\\\/2026\\\/03\\\/cropped-logo_new-1.png\",\"width\":881,\"height\":685,\"caption\":\"Blog do Farn\u00e9sio\"},\"image\":{\"@id\":\"https:\\\/\\\/blogdofarnesio.com.br\\\/#\\\/schema\\\/logo\\\/image\\\/\"},\"sameAs\":[\"https:\\\/\\\/www.facebook.com\\\/BlogQuerSaberPolitica\\\/\"]},{\"@type\":\"Person\",\"@id\":\"https:\\\/\\\/blogdofarnesio.com.br\\\/#\\\/schema\\\/person\\\/bb9b23ae3ad0609ce8df7b6c9e76824d\",\"name\":\"Farn\u00e9sio\",\"image\":{\"@type\":\"ImageObject\",\"inLanguage\":\"pt-BR\",\"@id\":\"https:\\\/\\\/secure.gravatar.com\\\/avatar\\\/986aa4c61ccdb66f8555bf88fc2a65609d00bcabd4d2d94377a727547345cbca?s=96&d=mm&r=g\",\"url\":\"https:\\\/\\\/secure.gravatar.com\\\/avatar\\\/986aa4c61ccdb66f8555bf88fc2a65609d00bcabd4d2d94377a727547345cbca?s=96&d=mm&r=g\",\"contentUrl\":\"https:\\\/\\\/secure.gravatar.com\\\/avatar\\\/986aa4c61ccdb66f8555bf88fc2a65609d00bcabd4d2d94377a727547345cbca?s=96&d=mm&r=g\",\"caption\":\"Farn\u00e9sio\"},\"description\":\"Radialista blogueiro, chegou a Petrolina\\\/Juazeiro em setembro de 1980, Farn\u00e9sio Silva \u00e9 de Arapiraca-Alagoas.\",\"sameAs\":[\"http:\\\/\\\/blogdofarnesio.com.br\",\"https:\\\/\\\/www.facebook.com\\\/?ref=tn_tnmn\",\"https:\\\/\\\/www.instagram.com\\\/?utm_source=pwa_homescreen\",\"https:\\\/\\\/youtube.com.br\\\/\"],\"url\":\"https:\\\/\\\/blogdofarnesio.com.br\\\/?author=2\"}]}<\/script>\n<!-- \/ Yoast SEO plugin. -->","yoast_head_json":{"title":"\u00c9 hoje!! Puxada de Psirico abre programa\u00e7\u00e3o de shows em comemora\u00e7\u00e3o ao anivers\u00e1rio de Juazeiro no circuito do carnaval - Blog do Farn\u00e9sio","robots":{"index":"index","follow":"follow","max-snippet":"max-snippet:-1","max-image-preview":"max-image-preview:large","max-video-preview":"max-video-preview:-1"},"canonical":"https:\/\/blogdofarnesio.com.br\/?p=345185","og_locale":"pt_BR","og_type":"article","og_title":"\u00c9 hoje!! Puxada de Psirico abre programa\u00e7\u00e3o de shows em comemora\u00e7\u00e3o ao anivers\u00e1rio de Juazeiro no circuito do carnaval - Blog do Farn\u00e9sio","og_description":"A banda Psirico vai abrir a programa\u00e7\u00e3o de shows comemorativa aos 145 anos de Juazeiro, nesta quinta feira, em evento gratuito realizado pela Secretaria de Cultura, Turismo e Esporte (Seculte), e promete movimentar o circuito tradicional do Carnaval, que vai da Av. Adolfo Viana a Orla I com uma grande puxada de trios el\u00e9tricos. A banda local Pagodan\u00e7a, ser\u00e1 a primeira atra\u00e7\u00e3o da noite, a partir das 20h, com um repert\u00f3rio cheio de grandes sucessos comandando um pranch\u00e3o. Em seguida a banda Psirico vai comandar um trio el\u00e9trico e arrastar a multid\u00e3o, a partir das 21h. Programa\u00e7\u00e3o esportiva Tamb\u00e9m na quinta-feira (11), \u00e0s 18h, come\u00e7a o campeonato de Beach tennis, na arena montada na Orla II. O local ir\u00e1 reunir&hellip;","og_url":"https:\/\/blogdofarnesio.com.br\/?p=345185","og_site_name":"Blog do Farn\u00e9sio","article_publisher":"https:\/\/www.facebook.com\/BlogQuerSaberPolitica\/","article_author":"https:\/\/www.facebook.com\/?ref=tn_tnmn","article_published_time":"2023-07-13T10:20:01+00:00","og_image":[{"width":640,"height":387,"url":"https:\/\/blogdofarnesio.com.br\/wp-content\/uploads\/2023\/07\/Psirico_Marcio-Vitor.jpg","type":"image\/jpeg"}],"author":"Farn\u00e9sio","twitter_card":"summary_large_image","twitter_misc":{"Escrito por":"Farn\u00e9sio","Est. tempo de leitura":"2 minutos"},"schema":{"@context":"https:\/\/schema.org","@graph":[{"@type":"Article","@id":"https:\/\/blogdofarnesio.com.br\/?p=345185#article","isPartOf":{"@id":"https:\/\/blogdofarnesio.com.br\/?p=345185"},"author":{"name":"Farn\u00e9sio","@id":"https:\/\/blogdofarnesio.com.br\/#\/schema\/person\/bb9b23ae3ad0609ce8df7b6c9e76824d"},"headline":"\u00c9 hoje!! Puxada de Psirico abre programa\u00e7\u00e3o de shows em comemora\u00e7\u00e3o ao anivers\u00e1rio de Juazeiro no circuito do carnaval","datePublished":"2023-07-13T10:20:01+00:00","mainEntityOfPage":{"@id":"https:\/\/blogdofarnesio.com.br\/?p=345185"},"wordCount":347,"commentCount":0,"publisher":{"@id":"https:\/\/blogdofarnesio.com.br\/#organization"},"image":{"@id":"https:\/\/blogdofarnesio.com.br\/?p=345185#primaryimage"},"thumbnailUrl":"https:\/\/blogdofarnesio.com.br\/wp-content\/uploads\/2023\/07\/Psirico_Marcio-Vitor.jpg","articleSection":["Entretenimento"],"inLanguage":"pt-BR","potentialAction":[{"@type":"CommentAction","name":"Comment","target":["https:\/\/blogdofarnesio.com.br\/?p=345185#respond"]}]},{"@type":"WebPage","@id":"https:\/\/blogdofarnesio.com.br\/?p=345185","url":"https:\/\/blogdofarnesio.com.br\/?p=345185","name":"\u00c9 hoje!! Puxada de Psirico abre programa\u00e7\u00e3o de shows em comemora\u00e7\u00e3o ao anivers\u00e1rio de Juazeiro no circuito do carnaval - Blog do Farn\u00e9sio","isPartOf":{"@id":"https:\/\/blogdofarnesio.com.br\/#website"},"primaryImageOfPage":{"@id":"https:\/\/blogdofarnesio.com.br\/?p=345185#primaryimage"},"image":{"@id":"https:\/\/blogdofarnesio.com.br\/?p=345185#primaryimage"},"thumbnailUrl":"https:\/\/blogdofarnesio.com.br\/wp-content\/uploads\/2023\/07\/Psirico_Marcio-Vitor.jpg","datePublished":"2023-07-13T10:20:01+00:00","breadcrumb":{"@id":"https:\/\/blogdofarnesio.com.br\/?p=345185#breadcrumb"},"inLanguage":"pt-BR","potentialAction":[{"@type":"ReadAction","target":["https:\/\/blogdofarnesio.com.br\/?p=345185"]}]},{"@type":"ImageObject","inLanguage":"pt-BR","@id":"https:\/\/blogdofarnesio.com.br\/?p=345185#primaryimage","url":"https:\/\/blogdofarnesio.com.br\/wp-content\/uploads\/2023\/07\/Psirico_Marcio-Vitor.jpg","contentUrl":"https:\/\/blogdofarnesio.com.br\/wp-content\/uploads\/2023\/07\/Psirico_Marcio-Vitor.jpg","width":640,"height":387},{"@type":"BreadcrumbList","@id":"https:\/\/blogdofarnesio.com.br\/?p=345185#breadcrumb","itemListElement":[{"@type":"ListItem","position":1,"name":"In\u00edcio","item":"https:\/\/blogdofarnesio.com.br\/"},{"@type":"ListItem","position":2,"name":"\u00c9 hoje!! Puxada de Psirico abre programa\u00e7\u00e3o de shows em comemora\u00e7\u00e3o ao anivers\u00e1rio de Juazeiro no circuito do carnaval"}]},{"@type":"WebSite","@id":"https:\/\/blogdofarnesio.com.br\/#website","url":"https:\/\/blogdofarnesio.com.br\/","name":"Blog do Farn\u00e9sio","description":"Quer Saber Pol\u00edtica?","publisher":{"@id":"https:\/\/blogdofarnesio.com.br\/#organization"},"potentialAction":[{"@type":"SearchAction","target":{"@type":"EntryPoint","urlTemplate":"https:\/\/blogdofarnesio.com.br\/?s={search_term_string}"},"query-input":{"@type":"PropertyValueSpecification","valueRequired":true,"valueName":"search_term_string"}}],"inLanguage":"pt-BR"},{"@type":"Organization","@id":"https:\/\/blogdofarnesio.com.br\/#organization","name":"Blog do Farn\u00e9sio","url":"https:\/\/blogdofarnesio.com.br\/","logo":{"@type":"ImageObject","inLanguage":"pt-BR","@id":"https:\/\/blogdofarnesio.com.br\/#\/schema\/logo\/image\/","url":"https:\/\/blogdofarnesio.com.br\/wp-content\/uploads\/2026\/03\/cropped-logo_new-1.png","contentUrl":"https:\/\/blogdofarnesio.com.br\/wp-content\/uploads\/2026\/03\/cropped-logo_new-1.png","width":881,"height":685,"caption":"Blog do Farn\u00e9sio"},"image":{"@id":"https:\/\/blogdofarnesio.com.br\/#\/schema\/logo\/image\/"},"sameAs":["https:\/\/www.facebook.com\/BlogQuerSaberPolitica\/"]},{"@type":"Person","@id":"https:\/\/blogdofarnesio.com.br\/#\/schema\/person\/bb9b23ae3ad0609ce8df7b6c9e76824d","name":"Farn\u00e9sio","image":{"@type":"ImageObject","inLanguage":"pt-BR","@id":"https:\/\/secure.gravatar.com\/avatar\/986aa4c61ccdb66f8555bf88fc2a65609d00bcabd4d2d94377a727547345cbca?s=96&d=mm&r=g","url":"https:\/\/secure.gravatar.com\/avatar\/986aa4c61ccdb66f8555bf88fc2a65609d00bcabd4d2d94377a727547345cbca?s=96&d=mm&r=g","contentUrl":"https:\/\/secure.gravatar.com\/avatar\/986aa4c61ccdb66f8555bf88fc2a65609d00bcabd4d2d94377a727547345cbca?s=96&d=mm&r=g","caption":"Farn\u00e9sio"},"description":"Radialista blogueiro, chegou a Petrolina\/Juazeiro em setembro de 1980, Farn\u00e9sio Silva \u00e9 de Arapiraca-Alagoas.","sameAs":["http:\/\/blogdofarnesio.com.br","https:\/\/www.facebook.com\/?ref=tn_tnmn","https:\/\/www.instagram.com\/?utm_source=pwa_homescreen","https:\/\/youtube.com.br\/"],"url":"https:\/\/blogdofarnesio.com.br\/?author=2"}]}},"_links":{"self":[{"href":"https:\/\/blogdofarnesio.com.br\/index.php?rest_route=\/wp\/v2\/posts\/345185","targetHints":{"allow":["GET"]}}],"collection":[{"href":"https:\/\/blogdofarnesio.com.br\/index.php?rest_route=\/wp\/v2\/posts"}],"about":[{"href":"https:\/\/blogdofarnesio.com.br\/index.php?rest_route=\/wp\/v2\/types\/post"}],"author":[{"embeddable":true,"href":"https:\/\/blogdofarnesio.com.br\/index.php?rest_route=\/wp\/v2\/users\/2"}],"replies":[{"embeddable":true,"href":"https:\/\/blogdofarnesio.com.br\/index.php?rest_route=%2Fwp%2Fv2%2Fcomments&post=345185"}],"version-history":[{"count":0,"href":"https:\/\/blogdofarnesio.com.br\/index.php?rest_route=\/wp\/v2\/posts\/345185\/revisions"}],"wp:featuredmedia":[{"embeddable":true,"href":"https:\/\/blogdofarnesio.com.br\/index.php?rest_route=\/wp\/v2\/media\/345189"}],"wp:attachment":[{"href":"https:\/\/blogdofarnesio.com.br\/index.php?rest_route=%2Fwp%2Fv2%2Fmedia&parent=345185"}],"wp:term":[{"taxonomy":"category","embeddable":true,"href":"https:\/\/blogdofarnesio.com.br\/index.php?rest_route=%2Fwp%2Fv2%2Fcategories&post=345185"},{"taxonomy":"post_tag","embeddable":true,"href":"https:\/\/blogdofarnesio.com.br\/index.php?rest_route=%2Fwp%2Fv2%2Ftags&post=345185"}],"curies":[{"name":"wp","href":"https:\/\/api.w.org\/{rel}","templated":true}]}}