{"id":345152,"date":"2023-07-12T09:22:15","date_gmt":"2023-07-12T12:22:15","guid":{"rendered":"https:\/\/blogdofarnesio.com.br\/?p=345152"},"modified":"2023-07-11T16:01:46","modified_gmt":"2023-07-11T19:01:46","slug":"arqueologos-do-campus-de-senhor-do-bonfim-descobrem-paes-mumificados-datados-da-ii-guerra-mundial","status":"publish","type":"post","link":"https:\/\/blogdofarnesio.com.br\/2023\/07\/arqueologos-do-campus-de-senhor-do-bonfim-descobrem-paes-mumificados-datados-da-ii-guerra-mundial\/","title":{"rendered":"Arque\u00f3logos do Campus de Senhor do Bonfim descobrem p\u00e3es mumificados datados da II Guerra Mundial"},"content":{"rendered":"<p>P\u00e3es mumificados datados de cerca de 80 anos foram encontrados durante a escava\u00e7\u00e3o do s\u00edtio arqueol\u00f3gico Garimpo Prateado, realizado pela equipe do\u00a0<strong>Laborat\u00f3rio de Arqueologia e Paleontologia (LAP)<\/strong>, do Departamento de Educa\u00e7\u00e3o (DEDC) do Campus VII da UNEB, em Senhor do Bonfim.<\/p>\n<p>O s\u00edtio arqueol\u00f3gico, localizado na Serra de S\u00e3o Francisco, munic\u00edpio de Campo Formoso, representa um espa\u00e7o notadamente instigante e pouco documentado, pois est\u00e1 ambientado em \u00e1rea rural e semi\u00e1rida nordestina, durante o evento a II Guerra Mundial, em plena ditadura do governo de Get\u00falio Vargas.<\/p>\n<p><img loading=\"lazy\" decoding=\"async\" class=\"alignright size-full wp-image-345153\" src=\"https:\/\/blogdofarnesio.com.br\/wp-content\/uploads\/2023\/07\/padaria_corpo-300x191-1.png\" alt=\"\" width=\"300\" height=\"191\" \/>O s\u00edtio \u00e9 referente \u00e0 minera\u00e7\u00e3o de cristal de quartzo, mineral estrat\u00e9gico sobretudo para a tecnologia de comunica\u00e7\u00e3o. O garimpo funcionou durante a guerra vendendo toda a produ\u00e7\u00e3o para os Estados Unidos, j\u00e1 que o Brasil era exportador de minerais estrat\u00e9gicos para os pa\u00edses aliados no conflito mundial.<\/p>\n<p><strong>P\u00e3es t\u00e3o bem preservados s\u00e3o um achado muito raro.<\/strong><\/p>\n<p>Durante os estudos arqueol\u00f3gicos, a equipe da UNEB localizou uma \u00e1rea que era destinada ao acampamento da minera\u00e7\u00e3o, contendo restos de garrafas, principalmente de bebidas alco\u00f3licas e de medicamentos para gripes e tosses, juntamente a tralhas de uso dom\u00e9stico.<\/p>\n<p>Outra \u00e1rea consistiu na padaria do garimpo, \u00fanica constru\u00e7\u00e3o existente e hoje em ru\u00ednas, tendo sido justamente durante as escava\u00e7\u00f5es dessa \u00e1rea que a equipe de arqueologia encontrou os p\u00e3es preservados em meio ao sedimento misturado a cinzas do antigo forno.<\/p>\n<p>De acordo com\u00a0<strong>Cristiana Santana<\/strong>, docente da UNEB e coordenadora da pesquisa, \u201ccomo se trata de p\u00e3es queimados, acreditamos que os mesmos foram descartados nas cinzas do forno da padaria, o que resultou na desseca\u00e7\u00e3o e consequente mumifica\u00e7\u00e3o natural desse vest\u00edgio arqueol\u00f3gico\u201d.<\/p>\n<p>A pesquisadora do LAP\u00a0<strong>Joyce Avelino<\/strong>\u00a0salienta que \u201cos vest\u00edgios arqueol\u00f3gicos recuperados na \u00e1rea do Garimpo Prateado d\u00e3o a indica\u00e7\u00e3o de que se tratava de uma \u00e1rea de minera\u00e7\u00e3o ampla, mas sem estrutura, onde os cristais de quartzo eram coletados sem utiliza\u00e7\u00e3o de maquin\u00e1rio eficiente, apenas com o uso de ferramentas met\u00e1licas simples e improvisadas\u201d.<\/p>\n<p>Segundo<strong>\u00a0Cristiana Santana<\/strong>, \u201cesses p\u00e3es excepcionalmente preservados por 80 anos \u00e9 um achado muito raro na arqueologia; um exemplo parecido \u00e9 de um bolo de avel\u00e3 e am\u00eandoa que foi encontrado em escava\u00e7\u00e3o arqueol\u00f3gica na Alemanha, tamb\u00e9m datado do per\u00edodo da II Guerra Mundial, que foi preservado em solo argiloso\u201d.<\/p>\n<p><strong>\u00c1rea da antiga padaria do garimpo onde estavam os p\u00e3es.<\/strong><\/p>\n<p>Os p\u00e3es escavados se parecem com p\u00e3es ainda vendidos na regi\u00e3o do estudo, conhecidos como \u201cp\u00e3es de cesto\u201d ou \u201cp\u00e3es amassados por p\u00e9s\u201d. Contudo, os que foram recuperados pela equipe s\u00e3o menores, possivelmente porque est\u00e3o desidratados, perderam parte do volume.<\/p>\n<p>O arque\u00f3logo\u00a0<strong>Gilmar Silva<\/strong>, mestrando do Programa de P\u00f3s-Gradua\u00e7\u00e3o em Ecologia Humana e Gest\u00e3o Socioambiental (PPGEcoH) da UNEB, conta que, \u201csem estruturas sanit\u00e1rias m\u00ednimas, garimpeiros habitando palho\u00e7as, e com um grande contingente de pessoas, um surto de meningite acometeu grande parte dos trabalhadores do Garimpo Prateado. Assim, ap\u00f3s o surto da doen\u00e7a, o garimpo sucumbiu e as atividades se encerraram. Aos poucos os homens retornaram \u00e0s suas vidas nas ro\u00e7as e \u00e0s atividades com os rebanhos de cabras e ca\u00e7as. Essas informa\u00e7\u00f5es nos foram passadas por dois garimpeiros, j\u00e1 bastante idosos, que trabalharam no Prateado em 1940\u201d.<\/p>\n<p>De acordo com os pesquisadores, a uma dist\u00e2ncia de aproximadamente 600 metros do s\u00edtio arqueol\u00f3gico, localiza-se o cemit\u00e9rio do garimpo, com alguns enterramentos humanos, mas sem l\u00e1pides ou identifica\u00e7\u00f5es. Observam-se apenas ondula\u00e7\u00f5es na \u00e1rea, indicando as covas.<\/p>\n<p>Hoje, os artefatos arqueol\u00f3gicos do garimpo, incluindo os p\u00e3es mumificados, s\u00e3o os derradeiros testemunhos dessa hist\u00f3ria ocorrida nos sert\u00f5es semi\u00e1ridos da Bahia.<\/p>\n<p><strong>Leandro Pessoa<\/strong><\/p>\n<p>Analista Universit\u00e1rio\/ASCOM<\/p>\n","protected":false},"excerpt":{"rendered":"<p>P\u00e3es mumificados datados de cerca de 80 anos foram encontrados durante a escava\u00e7\u00e3o do s\u00edtio arqueol\u00f3gico Garimpo Prateado, realizado pela equipe do\u00a0Laborat\u00f3rio de Arqueologia e Paleontologia (LAP), do Departamento de Educa\u00e7\u00e3o (DEDC) do Campus VII da UNEB, em Senhor do Bonfim. O s\u00edtio arqueol\u00f3gico, localizado na Serra de S\u00e3o Francisco, munic\u00edpio de Campo Formoso, representa um espa\u00e7o notadamente instigante e pouco documentado, pois est\u00e1 ambientado em \u00e1rea rural e semi\u00e1rida nordestina, durante o evento a II Guerra Mundial, em plena ditadura do governo de Get\u00falio Vargas. O s\u00edtio \u00e9 referente \u00e0 minera\u00e7\u00e3o de cristal de quartzo, mineral estrat\u00e9gico sobretudo para a tecnologia de comunica\u00e7\u00e3o. O garimpo funcionou durante a guerra vendendo toda a produ\u00e7\u00e3o para os Estados Unidos, j\u00e1 que&hellip; <\/p>\n","protected":false},"author":2,"featured_media":345154,"comment_status":"open","ping_status":"open","sticky":false,"template":"","format":"standard","meta":{"_acf_changed":false,"footnotes":""},"categories":[51],"tags":[],"class_list":["post-345152","post","type-post","status-publish","format-standard","has-post-thumbnail","hentry","category-pesquisa"],"acf":[],"yoast_head":"<!-- This site is optimized with the Yoast SEO plugin v27.5 - https:\/\/yoast.com\/product\/yoast-seo-wordpress\/ -->\n<title>Arque\u00f3logos do Campus de Senhor do Bonfim descobrem p\u00e3es mumificados datados da II Guerra Mundial - Blog do Farn\u00e9sio<\/title>\n<meta name=\"robots\" content=\"index, follow, max-snippet:-1, max-image-preview:large, max-video-preview:-1\" \/>\n<link rel=\"canonical\" href=\"https:\/\/blogdofarnesio.com.br\/2023\/07\/arqueologos-do-campus-de-senhor-do-bonfim-descobrem-paes-mumificados-datados-da-ii-guerra-mundial\/\" \/>\n<meta property=\"og:locale\" content=\"pt_BR\" \/>\n<meta property=\"og:type\" content=\"article\" \/>\n<meta property=\"og:title\" content=\"Arque\u00f3logos do Campus de Senhor do Bonfim descobrem p\u00e3es mumificados datados da II Guerra Mundial - Blog do Farn\u00e9sio\" \/>\n<meta property=\"og:description\" content=\"P\u00e3es mumificados datados de cerca de 80 anos foram encontrados durante a escava\u00e7\u00e3o do s\u00edtio arqueol\u00f3gico Garimpo Prateado, realizado pela equipe do\u00a0Laborat\u00f3rio de Arqueologia e Paleontologia (LAP), do Departamento de Educa\u00e7\u00e3o (DEDC) do Campus VII da UNEB, em Senhor do Bonfim. O s\u00edtio arqueol\u00f3gico, localizado na Serra de S\u00e3o Francisco, munic\u00edpio de Campo Formoso, representa um espa\u00e7o notadamente instigante e pouco documentado, pois est\u00e1 ambientado em \u00e1rea rural e semi\u00e1rida nordestina, durante o evento a II Guerra Mundial, em plena ditadura do governo de Get\u00falio Vargas. O s\u00edtio \u00e9 referente \u00e0 minera\u00e7\u00e3o de cristal de quartzo, mineral estrat\u00e9gico sobretudo para a tecnologia de comunica\u00e7\u00e3o. O garimpo funcionou durante a guerra vendendo toda a produ\u00e7\u00e3o para os Estados Unidos, j\u00e1 que&hellip;\" \/>\n<meta property=\"og:url\" content=\"https:\/\/blogdofarnesio.com.br\/2023\/07\/arqueologos-do-campus-de-senhor-do-bonfim-descobrem-paes-mumificados-datados-da-ii-guerra-mundial\/\" \/>\n<meta property=\"og:site_name\" content=\"Blog do Farn\u00e9sio\" \/>\n<meta property=\"article:publisher\" content=\"https:\/\/www.facebook.com\/BlogQuerSaberPolitica\/\" \/>\n<meta property=\"article:author\" content=\"https:\/\/www.facebook.com\/?ref=tn_tnmn\" \/>\n<meta property=\"article:published_time\" content=\"2023-07-12T12:22:15+00:00\" \/>\n<meta property=\"og:image\" content=\"https:\/\/blogdofarnesio.com.br\/wp-content\/uploads\/2023\/07\/paes-5_corpo-2-300x173-1.jpeg\" \/>\n\t<meta property=\"og:image:width\" content=\"300\" \/>\n\t<meta property=\"og:image:height\" content=\"173\" \/>\n\t<meta property=\"og:image:type\" content=\"image\/jpeg\" \/>\n<meta name=\"author\" content=\"Farn\u00e9sio\" \/>\n<meta name=\"twitter:card\" content=\"summary_large_image\" \/>\n<meta name=\"twitter:label1\" content=\"Escrito por\" \/>\n\t<meta name=\"twitter:data1\" content=\"Farn\u00e9sio\" \/>\n\t<meta name=\"twitter:label2\" content=\"Est. tempo de leitura\" \/>\n\t<meta name=\"twitter:data2\" content=\"4 minutos\" \/>\n<script type=\"application\/ld+json\" class=\"yoast-schema-graph\">{\"@context\":\"https:\\\/\\\/schema.org\",\"@graph\":[{\"@type\":\"Article\",\"@id\":\"https:\\\/\\\/blogdofarnesio.com.br\\\/2023\\\/07\\\/arqueologos-do-campus-de-senhor-do-bonfim-descobrem-paes-mumificados-datados-da-ii-guerra-mundial\\\/#article\",\"isPartOf\":{\"@id\":\"https:\\\/\\\/blogdofarnesio.com.br\\\/2023\\\/07\\\/arqueologos-do-campus-de-senhor-do-bonfim-descobrem-paes-mumificados-datados-da-ii-guerra-mundial\\\/\"},\"author\":{\"name\":\"Farn\u00e9sio\",\"@id\":\"https:\\\/\\\/blogdofarnesio.com.br\\\/#\\\/schema\\\/person\\\/bb9b23ae3ad0609ce8df7b6c9e76824d\"},\"headline\":\"Arque\u00f3logos do Campus de Senhor do Bonfim descobrem p\u00e3es mumificados datados da II Guerra Mundial\",\"datePublished\":\"2023-07-12T12:22:15+00:00\",\"mainEntityOfPage\":{\"@id\":\"https:\\\/\\\/blogdofarnesio.com.br\\\/2023\\\/07\\\/arqueologos-do-campus-de-senhor-do-bonfim-descobrem-paes-mumificados-datados-da-ii-guerra-mundial\\\/\"},\"wordCount\":676,\"commentCount\":0,\"publisher\":{\"@id\":\"https:\\\/\\\/blogdofarnesio.com.br\\\/#organization\"},\"image\":{\"@id\":\"https:\\\/\\\/blogdofarnesio.com.br\\\/2023\\\/07\\\/arqueologos-do-campus-de-senhor-do-bonfim-descobrem-paes-mumificados-datados-da-ii-guerra-mundial\\\/#primaryimage\"},\"thumbnailUrl\":\"https:\\\/\\\/blogdofarnesio.com.br\\\/wp-content\\\/uploads\\\/2023\\\/07\\\/paes-5_corpo-2-300x173-1.jpeg\",\"articleSection\":[\"Pesquisa\"],\"inLanguage\":\"pt-BR\",\"potentialAction\":[{\"@type\":\"CommentAction\",\"name\":\"Comment\",\"target\":[\"https:\\\/\\\/blogdofarnesio.com.br\\\/2023\\\/07\\\/arqueologos-do-campus-de-senhor-do-bonfim-descobrem-paes-mumificados-datados-da-ii-guerra-mundial\\\/#respond\"]}]},{\"@type\":\"WebPage\",\"@id\":\"https:\\\/\\\/blogdofarnesio.com.br\\\/2023\\\/07\\\/arqueologos-do-campus-de-senhor-do-bonfim-descobrem-paes-mumificados-datados-da-ii-guerra-mundial\\\/\",\"url\":\"https:\\\/\\\/blogdofarnesio.com.br\\\/2023\\\/07\\\/arqueologos-do-campus-de-senhor-do-bonfim-descobrem-paes-mumificados-datados-da-ii-guerra-mundial\\\/\",\"name\":\"Arque\u00f3logos do Campus de Senhor do Bonfim descobrem p\u00e3es mumificados datados da II Guerra Mundial - Blog do Farn\u00e9sio\",\"isPartOf\":{\"@id\":\"https:\\\/\\\/blogdofarnesio.com.br\\\/#website\"},\"primaryImageOfPage\":{\"@id\":\"https:\\\/\\\/blogdofarnesio.com.br\\\/2023\\\/07\\\/arqueologos-do-campus-de-senhor-do-bonfim-descobrem-paes-mumificados-datados-da-ii-guerra-mundial\\\/#primaryimage\"},\"image\":{\"@id\":\"https:\\\/\\\/blogdofarnesio.com.br\\\/2023\\\/07\\\/arqueologos-do-campus-de-senhor-do-bonfim-descobrem-paes-mumificados-datados-da-ii-guerra-mundial\\\/#primaryimage\"},\"thumbnailUrl\":\"https:\\\/\\\/blogdofarnesio.com.br\\\/wp-content\\\/uploads\\\/2023\\\/07\\\/paes-5_corpo-2-300x173-1.jpeg\",\"datePublished\":\"2023-07-12T12:22:15+00:00\",\"breadcrumb\":{\"@id\":\"https:\\\/\\\/blogdofarnesio.com.br\\\/2023\\\/07\\\/arqueologos-do-campus-de-senhor-do-bonfim-descobrem-paes-mumificados-datados-da-ii-guerra-mundial\\\/#breadcrumb\"},\"inLanguage\":\"pt-BR\",\"potentialAction\":[{\"@type\":\"ReadAction\",\"target\":[\"https:\\\/\\\/blogdofarnesio.com.br\\\/2023\\\/07\\\/arqueologos-do-campus-de-senhor-do-bonfim-descobrem-paes-mumificados-datados-da-ii-guerra-mundial\\\/\"]}]},{\"@type\":\"ImageObject\",\"inLanguage\":\"pt-BR\",\"@id\":\"https:\\\/\\\/blogdofarnesio.com.br\\\/2023\\\/07\\\/arqueologos-do-campus-de-senhor-do-bonfim-descobrem-paes-mumificados-datados-da-ii-guerra-mundial\\\/#primaryimage\",\"url\":\"https:\\\/\\\/blogdofarnesio.com.br\\\/wp-content\\\/uploads\\\/2023\\\/07\\\/paes-5_corpo-2-300x173-1.jpeg\",\"contentUrl\":\"https:\\\/\\\/blogdofarnesio.com.br\\\/wp-content\\\/uploads\\\/2023\\\/07\\\/paes-5_corpo-2-300x173-1.jpeg\",\"width\":300,\"height\":173},{\"@type\":\"BreadcrumbList\",\"@id\":\"https:\\\/\\\/blogdofarnesio.com.br\\\/2023\\\/07\\\/arqueologos-do-campus-de-senhor-do-bonfim-descobrem-paes-mumificados-datados-da-ii-guerra-mundial\\\/#breadcrumb\",\"itemListElement\":[{\"@type\":\"ListItem\",\"position\":1,\"name\":\"In\u00edcio\",\"item\":\"https:\\\/\\\/blogdofarnesio.com.br\\\/\"},{\"@type\":\"ListItem\",\"position\":2,\"name\":\"Arque\u00f3logos do Campus de Senhor do Bonfim descobrem p\u00e3es mumificados datados da II Guerra Mundial\"}]},{\"@type\":\"WebSite\",\"@id\":\"https:\\\/\\\/blogdofarnesio.com.br\\\/#website\",\"url\":\"https:\\\/\\\/blogdofarnesio.com.br\\\/\",\"name\":\"Blog do Farn\u00e9sio\",\"description\":\"Quer Saber Pol\u00edtica?\",\"publisher\":{\"@id\":\"https:\\\/\\\/blogdofarnesio.com.br\\\/#organization\"},\"potentialAction\":[{\"@type\":\"SearchAction\",\"target\":{\"@type\":\"EntryPoint\",\"urlTemplate\":\"https:\\\/\\\/blogdofarnesio.com.br\\\/?s={search_term_string}\"},\"query-input\":{\"@type\":\"PropertyValueSpecification\",\"valueRequired\":true,\"valueName\":\"search_term_string\"}}],\"inLanguage\":\"pt-BR\"},{\"@type\":\"Organization\",\"@id\":\"https:\\\/\\\/blogdofarnesio.com.br\\\/#organization\",\"name\":\"Blog do Farn\u00e9sio\",\"url\":\"https:\\\/\\\/blogdofarnesio.com.br\\\/\",\"logo\":{\"@type\":\"ImageObject\",\"inLanguage\":\"pt-BR\",\"@id\":\"https:\\\/\\\/blogdofarnesio.com.br\\\/#\\\/schema\\\/logo\\\/image\\\/\",\"url\":\"https:\\\/\\\/blogdofarnesio.com.br\\\/wp-content\\\/uploads\\\/2026\\\/03\\\/cropped-logo_new-1.png\",\"contentUrl\":\"https:\\\/\\\/blogdofarnesio.com.br\\\/wp-content\\\/uploads\\\/2026\\\/03\\\/cropped-logo_new-1.png\",\"width\":881,\"height\":685,\"caption\":\"Blog do Farn\u00e9sio\"},\"image\":{\"@id\":\"https:\\\/\\\/blogdofarnesio.com.br\\\/#\\\/schema\\\/logo\\\/image\\\/\"},\"sameAs\":[\"https:\\\/\\\/www.facebook.com\\\/BlogQuerSaberPolitica\\\/\"]},{\"@type\":\"Person\",\"@id\":\"https:\\\/\\\/blogdofarnesio.com.br\\\/#\\\/schema\\\/person\\\/bb9b23ae3ad0609ce8df7b6c9e76824d\",\"name\":\"Farn\u00e9sio\",\"image\":{\"@type\":\"ImageObject\",\"inLanguage\":\"pt-BR\",\"@id\":\"https:\\\/\\\/secure.gravatar.com\\\/avatar\\\/986aa4c61ccdb66f8555bf88fc2a65609d00bcabd4d2d94377a727547345cbca?s=96&d=mm&r=g\",\"url\":\"https:\\\/\\\/secure.gravatar.com\\\/avatar\\\/986aa4c61ccdb66f8555bf88fc2a65609d00bcabd4d2d94377a727547345cbca?s=96&d=mm&r=g\",\"contentUrl\":\"https:\\\/\\\/secure.gravatar.com\\\/avatar\\\/986aa4c61ccdb66f8555bf88fc2a65609d00bcabd4d2d94377a727547345cbca?s=96&d=mm&r=g\",\"caption\":\"Farn\u00e9sio\"},\"description\":\"Radialista blogueiro, chegou a Petrolina\\\/Juazeiro em setembro de 1980, Farn\u00e9sio Silva \u00e9 de Arapiraca-Alagoas.\",\"sameAs\":[\"http:\\\/\\\/blogdofarnesio.com.br\",\"https:\\\/\\\/www.facebook.com\\\/?ref=tn_tnmn\",\"https:\\\/\\\/www.instagram.com\\\/?utm_source=pwa_homescreen\",\"https:\\\/\\\/youtube.com.br\\\/\"],\"url\":\"https:\\\/\\\/blogdofarnesio.com.br\\\/author\\\/farnesio-2\\\/\"}]}<\/script>\n<!-- \/ Yoast SEO plugin. -->","yoast_head_json":{"title":"Arque\u00f3logos do Campus de Senhor do Bonfim descobrem p\u00e3es mumificados datados da II Guerra Mundial - Blog do Farn\u00e9sio","robots":{"index":"index","follow":"follow","max-snippet":"max-snippet:-1","max-image-preview":"max-image-preview:large","max-video-preview":"max-video-preview:-1"},"canonical":"https:\/\/blogdofarnesio.com.br\/2023\/07\/arqueologos-do-campus-de-senhor-do-bonfim-descobrem-paes-mumificados-datados-da-ii-guerra-mundial\/","og_locale":"pt_BR","og_type":"article","og_title":"Arque\u00f3logos do Campus de Senhor do Bonfim descobrem p\u00e3es mumificados datados da II Guerra Mundial - Blog do Farn\u00e9sio","og_description":"P\u00e3es mumificados datados de cerca de 80 anos foram encontrados durante a escava\u00e7\u00e3o do s\u00edtio arqueol\u00f3gico Garimpo Prateado, realizado pela equipe do\u00a0Laborat\u00f3rio de Arqueologia e Paleontologia (LAP), do Departamento de Educa\u00e7\u00e3o (DEDC) do Campus VII da UNEB, em Senhor do Bonfim. O s\u00edtio arqueol\u00f3gico, localizado na Serra de S\u00e3o Francisco, munic\u00edpio de Campo Formoso, representa um espa\u00e7o notadamente instigante e pouco documentado, pois est\u00e1 ambientado em \u00e1rea rural e semi\u00e1rida nordestina, durante o evento a II Guerra Mundial, em plena ditadura do governo de Get\u00falio Vargas. O s\u00edtio \u00e9 referente \u00e0 minera\u00e7\u00e3o de cristal de quartzo, mineral estrat\u00e9gico sobretudo para a tecnologia de comunica\u00e7\u00e3o. O garimpo funcionou durante a guerra vendendo toda a produ\u00e7\u00e3o para os Estados Unidos, j\u00e1 que&hellip;","og_url":"https:\/\/blogdofarnesio.com.br\/2023\/07\/arqueologos-do-campus-de-senhor-do-bonfim-descobrem-paes-mumificados-datados-da-ii-guerra-mundial\/","og_site_name":"Blog do Farn\u00e9sio","article_publisher":"https:\/\/www.facebook.com\/BlogQuerSaberPolitica\/","article_author":"https:\/\/www.facebook.com\/?ref=tn_tnmn","article_published_time":"2023-07-12T12:22:15+00:00","og_image":[{"width":300,"height":173,"url":"https:\/\/blogdofarnesio.com.br\/wp-content\/uploads\/2023\/07\/paes-5_corpo-2-300x173-1.jpeg","type":"image\/jpeg"}],"author":"Farn\u00e9sio","twitter_card":"summary_large_image","twitter_misc":{"Escrito por":"Farn\u00e9sio","Est. tempo de leitura":"4 minutos"},"schema":{"@context":"https:\/\/schema.org","@graph":[{"@type":"Article","@id":"https:\/\/blogdofarnesio.com.br\/2023\/07\/arqueologos-do-campus-de-senhor-do-bonfim-descobrem-paes-mumificados-datados-da-ii-guerra-mundial\/#article","isPartOf":{"@id":"https:\/\/blogdofarnesio.com.br\/2023\/07\/arqueologos-do-campus-de-senhor-do-bonfim-descobrem-paes-mumificados-datados-da-ii-guerra-mundial\/"},"author":{"name":"Farn\u00e9sio","@id":"https:\/\/blogdofarnesio.com.br\/#\/schema\/person\/bb9b23ae3ad0609ce8df7b6c9e76824d"},"headline":"Arque\u00f3logos do Campus de Senhor do Bonfim descobrem p\u00e3es mumificados datados da II Guerra Mundial","datePublished":"2023-07-12T12:22:15+00:00","mainEntityOfPage":{"@id":"https:\/\/blogdofarnesio.com.br\/2023\/07\/arqueologos-do-campus-de-senhor-do-bonfim-descobrem-paes-mumificados-datados-da-ii-guerra-mundial\/"},"wordCount":676,"commentCount":0,"publisher":{"@id":"https:\/\/blogdofarnesio.com.br\/#organization"},"image":{"@id":"https:\/\/blogdofarnesio.com.br\/2023\/07\/arqueologos-do-campus-de-senhor-do-bonfim-descobrem-paes-mumificados-datados-da-ii-guerra-mundial\/#primaryimage"},"thumbnailUrl":"https:\/\/blogdofarnesio.com.br\/wp-content\/uploads\/2023\/07\/paes-5_corpo-2-300x173-1.jpeg","articleSection":["Pesquisa"],"inLanguage":"pt-BR","potentialAction":[{"@type":"CommentAction","name":"Comment","target":["https:\/\/blogdofarnesio.com.br\/2023\/07\/arqueologos-do-campus-de-senhor-do-bonfim-descobrem-paes-mumificados-datados-da-ii-guerra-mundial\/#respond"]}]},{"@type":"WebPage","@id":"https:\/\/blogdofarnesio.com.br\/2023\/07\/arqueologos-do-campus-de-senhor-do-bonfim-descobrem-paes-mumificados-datados-da-ii-guerra-mundial\/","url":"https:\/\/blogdofarnesio.com.br\/2023\/07\/arqueologos-do-campus-de-senhor-do-bonfim-descobrem-paes-mumificados-datados-da-ii-guerra-mundial\/","name":"Arque\u00f3logos do Campus de Senhor do Bonfim descobrem p\u00e3es mumificados datados da II Guerra Mundial - Blog do Farn\u00e9sio","isPartOf":{"@id":"https:\/\/blogdofarnesio.com.br\/#website"},"primaryImageOfPage":{"@id":"https:\/\/blogdofarnesio.com.br\/2023\/07\/arqueologos-do-campus-de-senhor-do-bonfim-descobrem-paes-mumificados-datados-da-ii-guerra-mundial\/#primaryimage"},"image":{"@id":"https:\/\/blogdofarnesio.com.br\/2023\/07\/arqueologos-do-campus-de-senhor-do-bonfim-descobrem-paes-mumificados-datados-da-ii-guerra-mundial\/#primaryimage"},"thumbnailUrl":"https:\/\/blogdofarnesio.com.br\/wp-content\/uploads\/2023\/07\/paes-5_corpo-2-300x173-1.jpeg","datePublished":"2023-07-12T12:22:15+00:00","breadcrumb":{"@id":"https:\/\/blogdofarnesio.com.br\/2023\/07\/arqueologos-do-campus-de-senhor-do-bonfim-descobrem-paes-mumificados-datados-da-ii-guerra-mundial\/#breadcrumb"},"inLanguage":"pt-BR","potentialAction":[{"@type":"ReadAction","target":["https:\/\/blogdofarnesio.com.br\/2023\/07\/arqueologos-do-campus-de-senhor-do-bonfim-descobrem-paes-mumificados-datados-da-ii-guerra-mundial\/"]}]},{"@type":"ImageObject","inLanguage":"pt-BR","@id":"https:\/\/blogdofarnesio.com.br\/2023\/07\/arqueologos-do-campus-de-senhor-do-bonfim-descobrem-paes-mumificados-datados-da-ii-guerra-mundial\/#primaryimage","url":"https:\/\/blogdofarnesio.com.br\/wp-content\/uploads\/2023\/07\/paes-5_corpo-2-300x173-1.jpeg","contentUrl":"https:\/\/blogdofarnesio.com.br\/wp-content\/uploads\/2023\/07\/paes-5_corpo-2-300x173-1.jpeg","width":300,"height":173},{"@type":"BreadcrumbList","@id":"https:\/\/blogdofarnesio.com.br\/2023\/07\/arqueologos-do-campus-de-senhor-do-bonfim-descobrem-paes-mumificados-datados-da-ii-guerra-mundial\/#breadcrumb","itemListElement":[{"@type":"ListItem","position":1,"name":"In\u00edcio","item":"https:\/\/blogdofarnesio.com.br\/"},{"@type":"ListItem","position":2,"name":"Arque\u00f3logos do Campus de Senhor do Bonfim descobrem p\u00e3es mumificados datados da II Guerra Mundial"}]},{"@type":"WebSite","@id":"https:\/\/blogdofarnesio.com.br\/#website","url":"https:\/\/blogdofarnesio.com.br\/","name":"Blog do Farn\u00e9sio","description":"Quer Saber Pol\u00edtica?","publisher":{"@id":"https:\/\/blogdofarnesio.com.br\/#organization"},"potentialAction":[{"@type":"SearchAction","target":{"@type":"EntryPoint","urlTemplate":"https:\/\/blogdofarnesio.com.br\/?s={search_term_string}"},"query-input":{"@type":"PropertyValueSpecification","valueRequired":true,"valueName":"search_term_string"}}],"inLanguage":"pt-BR"},{"@type":"Organization","@id":"https:\/\/blogdofarnesio.com.br\/#organization","name":"Blog do Farn\u00e9sio","url":"https:\/\/blogdofarnesio.com.br\/","logo":{"@type":"ImageObject","inLanguage":"pt-BR","@id":"https:\/\/blogdofarnesio.com.br\/#\/schema\/logo\/image\/","url":"https:\/\/blogdofarnesio.com.br\/wp-content\/uploads\/2026\/03\/cropped-logo_new-1.png","contentUrl":"https:\/\/blogdofarnesio.com.br\/wp-content\/uploads\/2026\/03\/cropped-logo_new-1.png","width":881,"height":685,"caption":"Blog do Farn\u00e9sio"},"image":{"@id":"https:\/\/blogdofarnesio.com.br\/#\/schema\/logo\/image\/"},"sameAs":["https:\/\/www.facebook.com\/BlogQuerSaberPolitica\/"]},{"@type":"Person","@id":"https:\/\/blogdofarnesio.com.br\/#\/schema\/person\/bb9b23ae3ad0609ce8df7b6c9e76824d","name":"Farn\u00e9sio","image":{"@type":"ImageObject","inLanguage":"pt-BR","@id":"https:\/\/secure.gravatar.com\/avatar\/986aa4c61ccdb66f8555bf88fc2a65609d00bcabd4d2d94377a727547345cbca?s=96&d=mm&r=g","url":"https:\/\/secure.gravatar.com\/avatar\/986aa4c61ccdb66f8555bf88fc2a65609d00bcabd4d2d94377a727547345cbca?s=96&d=mm&r=g","contentUrl":"https:\/\/secure.gravatar.com\/avatar\/986aa4c61ccdb66f8555bf88fc2a65609d00bcabd4d2d94377a727547345cbca?s=96&d=mm&r=g","caption":"Farn\u00e9sio"},"description":"Radialista blogueiro, chegou a Petrolina\/Juazeiro em setembro de 1980, Farn\u00e9sio Silva \u00e9 de Arapiraca-Alagoas.","sameAs":["http:\/\/blogdofarnesio.com.br","https:\/\/www.facebook.com\/?ref=tn_tnmn","https:\/\/www.instagram.com\/?utm_source=pwa_homescreen","https:\/\/youtube.com.br\/"],"url":"https:\/\/blogdofarnesio.com.br\/author\/farnesio-2\/"}]}},"_links":{"self":[{"href":"https:\/\/blogdofarnesio.com.br\/wp-json\/wp\/v2\/posts\/345152","targetHints":{"allow":["GET"]}}],"collection":[{"href":"https:\/\/blogdofarnesio.com.br\/wp-json\/wp\/v2\/posts"}],"about":[{"href":"https:\/\/blogdofarnesio.com.br\/wp-json\/wp\/v2\/types\/post"}],"author":[{"embeddable":true,"href":"https:\/\/blogdofarnesio.com.br\/wp-json\/wp\/v2\/users\/2"}],"replies":[{"embeddable":true,"href":"https:\/\/blogdofarnesio.com.br\/wp-json\/wp\/v2\/comments?post=345152"}],"version-history":[{"count":0,"href":"https:\/\/blogdofarnesio.com.br\/wp-json\/wp\/v2\/posts\/345152\/revisions"}],"wp:featuredmedia":[{"embeddable":true,"href":"https:\/\/blogdofarnesio.com.br\/wp-json\/wp\/v2\/media\/345154"}],"wp:attachment":[{"href":"https:\/\/blogdofarnesio.com.br\/wp-json\/wp\/v2\/media?parent=345152"}],"wp:term":[{"taxonomy":"category","embeddable":true,"href":"https:\/\/blogdofarnesio.com.br\/wp-json\/wp\/v2\/categories?post=345152"},{"taxonomy":"post_tag","embeddable":true,"href":"https:\/\/blogdofarnesio.com.br\/wp-json\/wp\/v2\/tags?post=345152"}],"curies":[{"name":"wp","href":"https:\/\/api.w.org\/{rel}","templated":true}]}}