{"id":345144,"date":"2023-07-11T17:35:52","date_gmt":"2023-07-11T20:35:52","guid":{"rendered":"https:\/\/blogdofarnesio.com.br\/?p=345144"},"modified":"2023-07-11T15:35:47","modified_gmt":"2023-07-11T18:35:47","slug":"grupo-de-whatsapp-da-direcao-do-pt-tem-bate-boca-e-acusacao-de-transfobia","status":"publish","type":"post","link":"https:\/\/blogdofarnesio.com.br\/?p=345144","title":{"rendered":"Grupo de WhatsApp da dire\u00e7\u00e3o do PT tem bate-boca e acusa\u00e7\u00e3o de transfobia"},"content":{"rendered":"<div class=\"sc-8a384deb-0 gcFtGo\">\n<div class=\"sc-8a384deb-4 ebUzRt\">Por Matheus Teixeira, Danielle Brant e Guilherme Seto | Folhapress\u00a0 &#8211;<\/div>\n<\/div>\n<div class=\"sc-494c7b39-1 bRxsec\">\n<div class=\"sc-494c7b39-2 dUevSg\">\n<div class=\"imgCredits\"><\/div>\n<\/div>\n<div class=\"sc-494c7b39-3 fUSHdU\">\n<p>Parlamentares e dirigentes do PT se envolveram em uma discuss\u00e3o acalorada no grupo de WhatsApp do diret\u00f3rio nacional da sigla. Vice-presidente nacional do PT, Washington Quaqu\u00e1 chegou a ser acusado de defender uma posi\u00e7\u00e3o transf\u00f3bica. Ele negou e reclamou da adjetiva\u00e7\u00e3o.<br \/>\nA discuss\u00e3o se deu na quarta-feira (5), quando Quaqu\u00e1 compartilhou uma reportagem da r\u00e1dio Itatiaia que falava de reuni\u00e3o entre a deputada federal Duda Salabert (PDT) e Gleisi Hoffmann, presidente do PT. Alas dos partidos discutem a possibilidade de que o PT apoie a pedetista na disputa \u00e0 Prefeitura de Belo Horizonte em 2024.<br \/>\nQuaqu\u00e1, ent\u00e3o, escreveu: &#8220;precisamos rediscutir nossa t\u00e1tica pra ganhar o eleitor da periferia. Tirar eleitorado lulista mas conservador nos costumes para voltar pro lulismo. E precisamos discutir seriamente isso. Essa coisa por exemplo de Duda Salabert numa das capitais mais importantes do pa\u00eds precisa ser bem discutida, porque tem efeito nacional&#8221;.<br \/>\nO deputado federal Odair Cunha (PT-MG) respondeu que acha que o PT deve lan\u00e7ar candidato em Belo Horizonte. &#8220;J\u00e1 estamos articulando isso. Essa hist\u00f3ria de Duda vai fazer com que o PT desapare\u00e7a na capital&#8221;.<br \/>\nCunha diz ao Painel que seu argumento n\u00e3o tem rela\u00e7\u00e3o com a deputada em si, mas com a defesa de que o PT tenha um nome pr\u00f3prio, j\u00e1 que \u00e9 uma elei\u00e7\u00e3o de dois turnos e esse apoio a Duda, em caso de derrota da legenda, ainda seria poss\u00edvel. Ele aponta o tamb\u00e9m deputado federal Rogerio Correia (PT-MG) como preferido para a candidatura.<br \/>\nJana\u00edna Oliveira, secret\u00e1ria nacional LGBT do PT, criticou o texto de Quaqu\u00e1 no grupo e disse faltar a ele esfor\u00e7o em compreender o impacto de suas falas.<br \/>\n&#8220;Em vez de estarmos focados em mudar pensamentos conservadores, voc\u00ea sugere que o PT se adapte e priorize esse ponto. Buscamos lutar contra as opress\u00f5es e n\u00e3o nos somar a elas. A deputada Duda n\u00e3o \u00e9 qualquer pessoa, a \u00faltima vota\u00e7\u00e3o dela diz muito sobre isso&#8221;, disse.<br \/>\n&#8220;Quando um vice-presidente do PT tem na linha de sua fala o foco transf\u00f3bico escondido em um discurso eleitoral para mim isso, sim, \u00e9 que se trata de algo grave&#8221;, completou.<br \/>\nJana\u00edna ainda escreveu que &#8220;representatividade fez muita diferen\u00e7a nas \u00faltimas elei\u00e7\u00f5es, em especial para a campanha do Lula e para a esquerda brasileira&#8221; e se queixa da &#8220;agressividade constante&#8221; de Quaqu\u00e1.<br \/>\n&#8220;Essas suas t\u00e1ticas com esses teus adjetivos que homens brancos adoram apontar em mulheres negras n\u00e3o t\u00eam vez comigo&#8221;, concluiu.<br \/>\nQuaqu\u00e1 retrucou e disse que a agressividade era de Janaina, &#8220;acusando quem diverge de transfobia&#8221;, que tem av\u00f3 negra e \u00e9 descendente de escravos e n\u00e3o aceita &#8220;adjetiva\u00e7\u00e3o despolitizada e autorit\u00e1ria&#8221;.<br \/>\nO petista diz ao Painel que mant\u00e9m o que escreveu no grupo e que &#8220;pauta identit\u00e1ria n\u00e3o pode ser pauta priorit\u00e1ria&#8221;.<br \/>\n&#8220;Eu acho uma p\u00e9ssima candidatura para n\u00f3s [a de Duda]. Temos muitos nomes em BH que dialogam com nossa base eleitoral, com nossa hist\u00f3ria e com nosso compromisso com o povo. Defendo o direito de todos fazerem a op\u00e7\u00e3o ou a identidade sexual que desejarem ou que tiverem. Mas esse n\u00e3o \u00e9 meu debate pol\u00edtico priorit\u00e1rio, e nem deve ser do PT e nem da esquerda&#8221;, afirma.<\/p>\n<\/div>\n<\/div>\n","protected":false},"excerpt":{"rendered":"<p>Por Matheus Teixeira, Danielle Brant e Guilherme Seto | Folhapress\u00a0 &#8211; Parlamentares e dirigentes do PT se envolveram em uma discuss\u00e3o acalorada no grupo de WhatsApp do diret\u00f3rio nacional da sigla. Vice-presidente nacional do PT, Washington Quaqu\u00e1 chegou a ser acusado de defender uma posi\u00e7\u00e3o transf\u00f3bica. Ele negou e reclamou da adjetiva\u00e7\u00e3o. A discuss\u00e3o se deu na quarta-feira (5), quando Quaqu\u00e1 compartilhou uma reportagem da r\u00e1dio Itatiaia que falava de reuni\u00e3o entre a deputada federal Duda Salabert (PDT) e Gleisi Hoffmann, presidente do PT. Alas dos partidos discutem a possibilidade de que o PT apoie a pedetista na disputa \u00e0 Prefeitura de Belo Horizonte em 2024. Quaqu\u00e1, ent\u00e3o, escreveu: &#8220;precisamos rediscutir nossa t\u00e1tica pra ganhar o eleitor da periferia. Tirar&hellip; <\/p>\n","protected":false},"author":2,"featured_media":152372,"comment_status":"open","ping_status":"open","sticky":false,"template":"","format":"standard","meta":{"_acf_changed":false,"footnotes":""},"categories":[1],"tags":[],"class_list":["post-345144","post","type-post","status-publish","format-standard","has-post-thumbnail","hentry","category-politica"],"acf":[],"yoast_head":"<!-- This site is optimized with the Yoast SEO plugin v27.4 - https:\/\/yoast.com\/product\/yoast-seo-wordpress\/ -->\n<title>Grupo de WhatsApp da dire\u00e7\u00e3o do PT tem bate-boca e acusa\u00e7\u00e3o de transfobia - Blog do Farn\u00e9sio<\/title>\n<meta name=\"robots\" content=\"index, follow, max-snippet:-1, max-image-preview:large, max-video-preview:-1\" \/>\n<link rel=\"canonical\" href=\"https:\/\/blogdofarnesio.com.br\/?p=345144\" \/>\n<meta property=\"og:locale\" content=\"pt_BR\" \/>\n<meta property=\"og:type\" content=\"article\" \/>\n<meta property=\"og:title\" content=\"Grupo de WhatsApp da dire\u00e7\u00e3o do PT tem bate-boca e acusa\u00e7\u00e3o de transfobia - Blog do Farn\u00e9sio\" \/>\n<meta property=\"og:description\" content=\"Por Matheus Teixeira, Danielle Brant e Guilherme Seto | Folhapress\u00a0 &#8211; Parlamentares e dirigentes do PT se envolveram em uma discuss\u00e3o acalorada no grupo de WhatsApp do diret\u00f3rio nacional da sigla. Vice-presidente nacional do PT, Washington Quaqu\u00e1 chegou a ser acusado de defender uma posi\u00e7\u00e3o transf\u00f3bica. Ele negou e reclamou da adjetiva\u00e7\u00e3o. A discuss\u00e3o se deu na quarta-feira (5), quando Quaqu\u00e1 compartilhou uma reportagem da r\u00e1dio Itatiaia que falava de reuni\u00e3o entre a deputada federal Duda Salabert (PDT) e Gleisi Hoffmann, presidente do PT. Alas dos partidos discutem a possibilidade de que o PT apoie a pedetista na disputa \u00e0 Prefeitura de Belo Horizonte em 2024. Quaqu\u00e1, ent\u00e3o, escreveu: &#8220;precisamos rediscutir nossa t\u00e1tica pra ganhar o eleitor da periferia. Tirar&hellip;\" \/>\n<meta property=\"og:url\" content=\"https:\/\/blogdofarnesio.com.br\/?p=345144\" \/>\n<meta property=\"og:site_name\" content=\"Blog do Farn\u00e9sio\" \/>\n<meta property=\"article:publisher\" content=\"https:\/\/www.facebook.com\/BlogQuerSaberPolitica\/\" \/>\n<meta property=\"article:author\" content=\"https:\/\/www.facebook.com\/?ref=tn_tnmn\" \/>\n<meta property=\"article:published_time\" content=\"2023-07-11T20:35:52+00:00\" \/>\n<meta property=\"og:image\" content=\"https:\/\/blogdofarnesio.com.br\/wp-content\/uploads\/2016\/12\/blogqsppt_rachado_gde.jpg\" \/>\n\t<meta property=\"og:image:width\" content=\"380\" \/>\n\t<meta property=\"og:image:height\" content=\"237\" \/>\n\t<meta property=\"og:image:type\" content=\"image\/jpeg\" \/>\n<meta name=\"author\" content=\"Farn\u00e9sio\" \/>\n<meta name=\"twitter:card\" content=\"summary_large_image\" \/>\n<meta name=\"twitter:label1\" content=\"Escrito por\" \/>\n\t<meta name=\"twitter:data1\" content=\"Farn\u00e9sio\" \/>\n\t<meta name=\"twitter:label2\" content=\"Est. tempo de leitura\" \/>\n\t<meta name=\"twitter:data2\" content=\"3 minutos\" \/>\n<script type=\"application\/ld+json\" class=\"yoast-schema-graph\">{\"@context\":\"https:\\\/\\\/schema.org\",\"@graph\":[{\"@type\":\"Article\",\"@id\":\"https:\\\/\\\/blogdofarnesio.com.br\\\/?p=345144#article\",\"isPartOf\":{\"@id\":\"https:\\\/\\\/blogdofarnesio.com.br\\\/?p=345144\"},\"author\":{\"name\":\"Farn\u00e9sio\",\"@id\":\"https:\\\/\\\/blogdofarnesio.com.br\\\/#\\\/schema\\\/person\\\/bb9b23ae3ad0609ce8df7b6c9e76824d\"},\"headline\":\"Grupo de WhatsApp da dire\u00e7\u00e3o do PT tem bate-boca e acusa\u00e7\u00e3o de transfobia\",\"datePublished\":\"2023-07-11T20:35:52+00:00\",\"mainEntityOfPage\":{\"@id\":\"https:\\\/\\\/blogdofarnesio.com.br\\\/?p=345144\"},\"wordCount\":584,\"commentCount\":0,\"publisher\":{\"@id\":\"https:\\\/\\\/blogdofarnesio.com.br\\\/#organization\"},\"image\":{\"@id\":\"https:\\\/\\\/blogdofarnesio.com.br\\\/?p=345144#primaryimage\"},\"thumbnailUrl\":\"https:\\\/\\\/blogdofarnesio.com.br\\\/wp-content\\\/uploads\\\/2016\\\/12\\\/blogqsppt_rachado_gde.jpg\",\"articleSection\":[\"Pol\u00edtica\"],\"inLanguage\":\"pt-BR\",\"potentialAction\":[{\"@type\":\"CommentAction\",\"name\":\"Comment\",\"target\":[\"https:\\\/\\\/blogdofarnesio.com.br\\\/?p=345144#respond\"]}]},{\"@type\":\"WebPage\",\"@id\":\"https:\\\/\\\/blogdofarnesio.com.br\\\/?p=345144\",\"url\":\"https:\\\/\\\/blogdofarnesio.com.br\\\/?p=345144\",\"name\":\"Grupo de WhatsApp da dire\u00e7\u00e3o do PT tem bate-boca e acusa\u00e7\u00e3o de transfobia - Blog do Farn\u00e9sio\",\"isPartOf\":{\"@id\":\"https:\\\/\\\/blogdofarnesio.com.br\\\/#website\"},\"primaryImageOfPage\":{\"@id\":\"https:\\\/\\\/blogdofarnesio.com.br\\\/?p=345144#primaryimage\"},\"image\":{\"@id\":\"https:\\\/\\\/blogdofarnesio.com.br\\\/?p=345144#primaryimage\"},\"thumbnailUrl\":\"https:\\\/\\\/blogdofarnesio.com.br\\\/wp-content\\\/uploads\\\/2016\\\/12\\\/blogqsppt_rachado_gde.jpg\",\"datePublished\":\"2023-07-11T20:35:52+00:00\",\"breadcrumb\":{\"@id\":\"https:\\\/\\\/blogdofarnesio.com.br\\\/?p=345144#breadcrumb\"},\"inLanguage\":\"pt-BR\",\"potentialAction\":[{\"@type\":\"ReadAction\",\"target\":[\"https:\\\/\\\/blogdofarnesio.com.br\\\/?p=345144\"]}]},{\"@type\":\"ImageObject\",\"inLanguage\":\"pt-BR\",\"@id\":\"https:\\\/\\\/blogdofarnesio.com.br\\\/?p=345144#primaryimage\",\"url\":\"https:\\\/\\\/blogdofarnesio.com.br\\\/wp-content\\\/uploads\\\/2016\\\/12\\\/blogqsppt_rachado_gde.jpg\",\"contentUrl\":\"https:\\\/\\\/blogdofarnesio.com.br\\\/wp-content\\\/uploads\\\/2016\\\/12\\\/blogqsppt_rachado_gde.jpg\",\"width\":380,\"height\":237},{\"@type\":\"BreadcrumbList\",\"@id\":\"https:\\\/\\\/blogdofarnesio.com.br\\\/?p=345144#breadcrumb\",\"itemListElement\":[{\"@type\":\"ListItem\",\"position\":1,\"name\":\"In\u00edcio\",\"item\":\"https:\\\/\\\/blogdofarnesio.com.br\\\/\"},{\"@type\":\"ListItem\",\"position\":2,\"name\":\"Grupo de WhatsApp da dire\u00e7\u00e3o do PT tem bate-boca e acusa\u00e7\u00e3o de transfobia\"}]},{\"@type\":\"WebSite\",\"@id\":\"https:\\\/\\\/blogdofarnesio.com.br\\\/#website\",\"url\":\"https:\\\/\\\/blogdofarnesio.com.br\\\/\",\"name\":\"Blog do Farn\u00e9sio\",\"description\":\"Quer Saber Pol\u00edtica?\",\"publisher\":{\"@id\":\"https:\\\/\\\/blogdofarnesio.com.br\\\/#organization\"},\"potentialAction\":[{\"@type\":\"SearchAction\",\"target\":{\"@type\":\"EntryPoint\",\"urlTemplate\":\"https:\\\/\\\/blogdofarnesio.com.br\\\/?s={search_term_string}\"},\"query-input\":{\"@type\":\"PropertyValueSpecification\",\"valueRequired\":true,\"valueName\":\"search_term_string\"}}],\"inLanguage\":\"pt-BR\"},{\"@type\":\"Organization\",\"@id\":\"https:\\\/\\\/blogdofarnesio.com.br\\\/#organization\",\"name\":\"Blog do Farn\u00e9sio\",\"url\":\"https:\\\/\\\/blogdofarnesio.com.br\\\/\",\"logo\":{\"@type\":\"ImageObject\",\"inLanguage\":\"pt-BR\",\"@id\":\"https:\\\/\\\/blogdofarnesio.com.br\\\/#\\\/schema\\\/logo\\\/image\\\/\",\"url\":\"https:\\\/\\\/blogdofarnesio.com.br\\\/wp-content\\\/uploads\\\/2026\\\/03\\\/cropped-logo_new-1.png\",\"contentUrl\":\"https:\\\/\\\/blogdofarnesio.com.br\\\/wp-content\\\/uploads\\\/2026\\\/03\\\/cropped-logo_new-1.png\",\"width\":881,\"height\":685,\"caption\":\"Blog do Farn\u00e9sio\"},\"image\":{\"@id\":\"https:\\\/\\\/blogdofarnesio.com.br\\\/#\\\/schema\\\/logo\\\/image\\\/\"},\"sameAs\":[\"https:\\\/\\\/www.facebook.com\\\/BlogQuerSaberPolitica\\\/\"]},{\"@type\":\"Person\",\"@id\":\"https:\\\/\\\/blogdofarnesio.com.br\\\/#\\\/schema\\\/person\\\/bb9b23ae3ad0609ce8df7b6c9e76824d\",\"name\":\"Farn\u00e9sio\",\"image\":{\"@type\":\"ImageObject\",\"inLanguage\":\"pt-BR\",\"@id\":\"https:\\\/\\\/secure.gravatar.com\\\/avatar\\\/986aa4c61ccdb66f8555bf88fc2a65609d00bcabd4d2d94377a727547345cbca?s=96&d=mm&r=g\",\"url\":\"https:\\\/\\\/secure.gravatar.com\\\/avatar\\\/986aa4c61ccdb66f8555bf88fc2a65609d00bcabd4d2d94377a727547345cbca?s=96&d=mm&r=g\",\"contentUrl\":\"https:\\\/\\\/secure.gravatar.com\\\/avatar\\\/986aa4c61ccdb66f8555bf88fc2a65609d00bcabd4d2d94377a727547345cbca?s=96&d=mm&r=g\",\"caption\":\"Farn\u00e9sio\"},\"description\":\"Radialista blogueiro, chegou a Petrolina\\\/Juazeiro em setembro de 1980, Farn\u00e9sio Silva \u00e9 de Arapiraca-Alagoas.\",\"sameAs\":[\"http:\\\/\\\/blogdofarnesio.com.br\",\"https:\\\/\\\/www.facebook.com\\\/?ref=tn_tnmn\",\"https:\\\/\\\/www.instagram.com\\\/?utm_source=pwa_homescreen\",\"https:\\\/\\\/youtube.com.br\\\/\"],\"url\":\"https:\\\/\\\/blogdofarnesio.com.br\\\/?author=2\"}]}<\/script>\n<!-- \/ Yoast SEO plugin. -->","yoast_head_json":{"title":"Grupo de WhatsApp da dire\u00e7\u00e3o do PT tem bate-boca e acusa\u00e7\u00e3o de transfobia - Blog do Farn\u00e9sio","robots":{"index":"index","follow":"follow","max-snippet":"max-snippet:-1","max-image-preview":"max-image-preview:large","max-video-preview":"max-video-preview:-1"},"canonical":"https:\/\/blogdofarnesio.com.br\/?p=345144","og_locale":"pt_BR","og_type":"article","og_title":"Grupo de WhatsApp da dire\u00e7\u00e3o do PT tem bate-boca e acusa\u00e7\u00e3o de transfobia - Blog do Farn\u00e9sio","og_description":"Por Matheus Teixeira, Danielle Brant e Guilherme Seto | Folhapress\u00a0 &#8211; Parlamentares e dirigentes do PT se envolveram em uma discuss\u00e3o acalorada no grupo de WhatsApp do diret\u00f3rio nacional da sigla. Vice-presidente nacional do PT, Washington Quaqu\u00e1 chegou a ser acusado de defender uma posi\u00e7\u00e3o transf\u00f3bica. Ele negou e reclamou da adjetiva\u00e7\u00e3o. A discuss\u00e3o se deu na quarta-feira (5), quando Quaqu\u00e1 compartilhou uma reportagem da r\u00e1dio Itatiaia que falava de reuni\u00e3o entre a deputada federal Duda Salabert (PDT) e Gleisi Hoffmann, presidente do PT. Alas dos partidos discutem a possibilidade de que o PT apoie a pedetista na disputa \u00e0 Prefeitura de Belo Horizonte em 2024. Quaqu\u00e1, ent\u00e3o, escreveu: &#8220;precisamos rediscutir nossa t\u00e1tica pra ganhar o eleitor da periferia. Tirar&hellip;","og_url":"https:\/\/blogdofarnesio.com.br\/?p=345144","og_site_name":"Blog do Farn\u00e9sio","article_publisher":"https:\/\/www.facebook.com\/BlogQuerSaberPolitica\/","article_author":"https:\/\/www.facebook.com\/?ref=tn_tnmn","article_published_time":"2023-07-11T20:35:52+00:00","og_image":[{"width":380,"height":237,"url":"https:\/\/blogdofarnesio.com.br\/wp-content\/uploads\/2016\/12\/blogqsppt_rachado_gde.jpg","type":"image\/jpeg"}],"author":"Farn\u00e9sio","twitter_card":"summary_large_image","twitter_misc":{"Escrito por":"Farn\u00e9sio","Est. tempo de leitura":"3 minutos"},"schema":{"@context":"https:\/\/schema.org","@graph":[{"@type":"Article","@id":"https:\/\/blogdofarnesio.com.br\/?p=345144#article","isPartOf":{"@id":"https:\/\/blogdofarnesio.com.br\/?p=345144"},"author":{"name":"Farn\u00e9sio","@id":"https:\/\/blogdofarnesio.com.br\/#\/schema\/person\/bb9b23ae3ad0609ce8df7b6c9e76824d"},"headline":"Grupo de WhatsApp da dire\u00e7\u00e3o do PT tem bate-boca e acusa\u00e7\u00e3o de transfobia","datePublished":"2023-07-11T20:35:52+00:00","mainEntityOfPage":{"@id":"https:\/\/blogdofarnesio.com.br\/?p=345144"},"wordCount":584,"commentCount":0,"publisher":{"@id":"https:\/\/blogdofarnesio.com.br\/#organization"},"image":{"@id":"https:\/\/blogdofarnesio.com.br\/?p=345144#primaryimage"},"thumbnailUrl":"https:\/\/blogdofarnesio.com.br\/wp-content\/uploads\/2016\/12\/blogqsppt_rachado_gde.jpg","articleSection":["Pol\u00edtica"],"inLanguage":"pt-BR","potentialAction":[{"@type":"CommentAction","name":"Comment","target":["https:\/\/blogdofarnesio.com.br\/?p=345144#respond"]}]},{"@type":"WebPage","@id":"https:\/\/blogdofarnesio.com.br\/?p=345144","url":"https:\/\/blogdofarnesio.com.br\/?p=345144","name":"Grupo de WhatsApp da dire\u00e7\u00e3o do PT tem bate-boca e acusa\u00e7\u00e3o de transfobia - Blog do Farn\u00e9sio","isPartOf":{"@id":"https:\/\/blogdofarnesio.com.br\/#website"},"primaryImageOfPage":{"@id":"https:\/\/blogdofarnesio.com.br\/?p=345144#primaryimage"},"image":{"@id":"https:\/\/blogdofarnesio.com.br\/?p=345144#primaryimage"},"thumbnailUrl":"https:\/\/blogdofarnesio.com.br\/wp-content\/uploads\/2016\/12\/blogqsppt_rachado_gde.jpg","datePublished":"2023-07-11T20:35:52+00:00","breadcrumb":{"@id":"https:\/\/blogdofarnesio.com.br\/?p=345144#breadcrumb"},"inLanguage":"pt-BR","potentialAction":[{"@type":"ReadAction","target":["https:\/\/blogdofarnesio.com.br\/?p=345144"]}]},{"@type":"ImageObject","inLanguage":"pt-BR","@id":"https:\/\/blogdofarnesio.com.br\/?p=345144#primaryimage","url":"https:\/\/blogdofarnesio.com.br\/wp-content\/uploads\/2016\/12\/blogqsppt_rachado_gde.jpg","contentUrl":"https:\/\/blogdofarnesio.com.br\/wp-content\/uploads\/2016\/12\/blogqsppt_rachado_gde.jpg","width":380,"height":237},{"@type":"BreadcrumbList","@id":"https:\/\/blogdofarnesio.com.br\/?p=345144#breadcrumb","itemListElement":[{"@type":"ListItem","position":1,"name":"In\u00edcio","item":"https:\/\/blogdofarnesio.com.br\/"},{"@type":"ListItem","position":2,"name":"Grupo de WhatsApp da dire\u00e7\u00e3o do PT tem bate-boca e acusa\u00e7\u00e3o de transfobia"}]},{"@type":"WebSite","@id":"https:\/\/blogdofarnesio.com.br\/#website","url":"https:\/\/blogdofarnesio.com.br\/","name":"Blog do Farn\u00e9sio","description":"Quer Saber Pol\u00edtica?","publisher":{"@id":"https:\/\/blogdofarnesio.com.br\/#organization"},"potentialAction":[{"@type":"SearchAction","target":{"@type":"EntryPoint","urlTemplate":"https:\/\/blogdofarnesio.com.br\/?s={search_term_string}"},"query-input":{"@type":"PropertyValueSpecification","valueRequired":true,"valueName":"search_term_string"}}],"inLanguage":"pt-BR"},{"@type":"Organization","@id":"https:\/\/blogdofarnesio.com.br\/#organization","name":"Blog do Farn\u00e9sio","url":"https:\/\/blogdofarnesio.com.br\/","logo":{"@type":"ImageObject","inLanguage":"pt-BR","@id":"https:\/\/blogdofarnesio.com.br\/#\/schema\/logo\/image\/","url":"https:\/\/blogdofarnesio.com.br\/wp-content\/uploads\/2026\/03\/cropped-logo_new-1.png","contentUrl":"https:\/\/blogdofarnesio.com.br\/wp-content\/uploads\/2026\/03\/cropped-logo_new-1.png","width":881,"height":685,"caption":"Blog do Farn\u00e9sio"},"image":{"@id":"https:\/\/blogdofarnesio.com.br\/#\/schema\/logo\/image\/"},"sameAs":["https:\/\/www.facebook.com\/BlogQuerSaberPolitica\/"]},{"@type":"Person","@id":"https:\/\/blogdofarnesio.com.br\/#\/schema\/person\/bb9b23ae3ad0609ce8df7b6c9e76824d","name":"Farn\u00e9sio","image":{"@type":"ImageObject","inLanguage":"pt-BR","@id":"https:\/\/secure.gravatar.com\/avatar\/986aa4c61ccdb66f8555bf88fc2a65609d00bcabd4d2d94377a727547345cbca?s=96&d=mm&r=g","url":"https:\/\/secure.gravatar.com\/avatar\/986aa4c61ccdb66f8555bf88fc2a65609d00bcabd4d2d94377a727547345cbca?s=96&d=mm&r=g","contentUrl":"https:\/\/secure.gravatar.com\/avatar\/986aa4c61ccdb66f8555bf88fc2a65609d00bcabd4d2d94377a727547345cbca?s=96&d=mm&r=g","caption":"Farn\u00e9sio"},"description":"Radialista blogueiro, chegou a Petrolina\/Juazeiro em setembro de 1980, Farn\u00e9sio Silva \u00e9 de Arapiraca-Alagoas.","sameAs":["http:\/\/blogdofarnesio.com.br","https:\/\/www.facebook.com\/?ref=tn_tnmn","https:\/\/www.instagram.com\/?utm_source=pwa_homescreen","https:\/\/youtube.com.br\/"],"url":"https:\/\/blogdofarnesio.com.br\/?author=2"}]}},"_links":{"self":[{"href":"https:\/\/blogdofarnesio.com.br\/index.php?rest_route=\/wp\/v2\/posts\/345144","targetHints":{"allow":["GET"]}}],"collection":[{"href":"https:\/\/blogdofarnesio.com.br\/index.php?rest_route=\/wp\/v2\/posts"}],"about":[{"href":"https:\/\/blogdofarnesio.com.br\/index.php?rest_route=\/wp\/v2\/types\/post"}],"author":[{"embeddable":true,"href":"https:\/\/blogdofarnesio.com.br\/index.php?rest_route=\/wp\/v2\/users\/2"}],"replies":[{"embeddable":true,"href":"https:\/\/blogdofarnesio.com.br\/index.php?rest_route=%2Fwp%2Fv2%2Fcomments&post=345144"}],"version-history":[{"count":0,"href":"https:\/\/blogdofarnesio.com.br\/index.php?rest_route=\/wp\/v2\/posts\/345144\/revisions"}],"wp:featuredmedia":[{"embeddable":true,"href":"https:\/\/blogdofarnesio.com.br\/index.php?rest_route=\/wp\/v2\/media\/152372"}],"wp:attachment":[{"href":"https:\/\/blogdofarnesio.com.br\/index.php?rest_route=%2Fwp%2Fv2%2Fmedia&parent=345144"}],"wp:term":[{"taxonomy":"category","embeddable":true,"href":"https:\/\/blogdofarnesio.com.br\/index.php?rest_route=%2Fwp%2Fv2%2Fcategories&post=345144"},{"taxonomy":"post_tag","embeddable":true,"href":"https:\/\/blogdofarnesio.com.br\/index.php?rest_route=%2Fwp%2Fv2%2Ftags&post=345144"}],"curies":[{"name":"wp","href":"https:\/\/api.w.org\/{rel}","templated":true}]}}