{"id":345063,"date":"2023-07-12T08:02:57","date_gmt":"2023-07-12T11:02:57","guid":{"rendered":"https:\/\/blogdofarnesio.com.br\/?p=345063"},"modified":"2023-07-11T15:53:32","modified_gmt":"2023-07-11T18:53:32","slug":"em-tempos-de-forro-de-plastico-artista-fabrizzio-formiga-defende-a-tradicao-forrozeira-raiz","status":"publish","type":"post","link":"https:\/\/blogdofarnesio.com.br\/?p=345063","title":{"rendered":"Em tempos de &#8220;forr\u00f3 de pl\u00e1stico&#8221;, artista Fabrizzio Formiga defende a tradi\u00e7\u00e3o forrozeira raiz"},"content":{"rendered":"<header>\n<div class=\"details-bar\">\n<div class=\"author-time\">\n<div class=\"author\">Iyal\u00ea Tahyrine\/Brasil de Fato |<\/div>\n<\/div>\n<\/div>\n<\/header>\n<div class=\"content\">\n<div class=\"text-content\">\n<p>Ritmo que embala as festas do m\u00eas de junho, o\u00a0<strong>forr\u00f3<\/strong>\u00a0ganha destaque no ciclo junino. Em um contexto de camarotiza\u00e7\u00e3o das festas p\u00fablicas e do crescimento da participa\u00e7\u00e3o da m\u00fasica sertaneja nas festas que eram uma vitrine do forr\u00f3, surge a preocupa\u00e7\u00e3o de artistas locais em manter a tradi\u00e7\u00e3o junina ao som dos tradicionais trios p\u00e9 de serra.<\/p>\n<p>Integrante do\u00a0<strong>Trio Rabissaca<\/strong>, de Jo\u00e3o Pessoa, o cantor\u00a0<strong>Fabrizzio Formiga\u00a0<\/strong>\u00e9 um dos que defende a tradi\u00e7\u00e3o. Em entrevista ao programa Trilhas do Nordeste, ele fala da sua trajet\u00f3ria como artista e da necessidade de preservar e impulsionar esse ritmo t\u00e3o aut\u00eantico. Confira:<\/p>\n<p><iframe loading=\"lazy\" title=\"YouTube video player\" src=\"https:\/\/www.youtube.com\/embed\/QCbXpBocrbQ\" width=\"560\" height=\"315\" frameborder=\"0\" allowfullscreen=\"allowfullscreen\" data-mce-fragment=\"1\"><\/iframe><\/p>\n<p><strong>Brasil de Fato Pernambuco: Fabrizzio, como voc\u00ea entrou nesse mundo da m\u00fasica? Quais s\u00e3o as suas influ\u00eancias musicais e teus projetos, j\u00e1 que voc\u00ea toca em v\u00e1rios projetos musicais.<\/strong><\/p>\n<p>Fabrizzio Formiga: Ent\u00e3o, eu t\u00f4 com o forr\u00f3, j\u00e1 tem uns quase 20 anos j\u00e1, muito influenciado pelo teatro, sobretudo pelo teatro de rua. E a\u00ed nesse caminho surgiu a oportunidade, o desejo, a vontade de se montar um projeto musical que hoje se desmembrou em v\u00e1rios projetos musicais e a\u00ed \u00e9 n\u00e3o sei precisar o ano que isso aconteceu, mas a gente recebeu um convite para montar um trabalho na numa comunidade aqui na cidade de Jo\u00e3o Pessoa, iniciou na comunidade Porto Capim, era exatamente onde a cidade foi descoberta, ali na entrada do rio, no centro hist\u00f3rico.<\/p>\n<p>E a\u00ed de l\u00e1 para c\u00e1, a gente j\u00e1 fez bastante coisa, j\u00e1 gravou discos, clipes e montou trios, bandas. Eu posso dizer que estou bem atuante no g\u00eanero forr\u00f3 que \u00e9 o g\u00eanero pelo cora\u00e7\u00e3o apaixonado desde que eu me entendo por gente. E a\u00ed segui um caminho muito legal, de muita constru\u00e7\u00e3o, muita atua\u00e7\u00e3o, sobretudo nas matrizes do forr\u00f3.<\/p>\n<p><strong>BdF PE: Os estados do Nordeste se mobilizam bastante para promover as festividades e eu queria saber: como \u00e9 o cen\u00e1rio desse est\u00edmulo cultural aos artistas locais na Para\u00edba?<\/strong><\/p>\n<p>Fabrizzio Formiga: \u00c9 preciso primeiro entender o que s\u00e3o esses artistas locais, n\u00e9? Se s\u00e3o locais e pontuais ou se s\u00e3o sempre locais. Eu gosto de ir mais a fundo nessa quest\u00e3o e tratando aqui do nosso Estado existe toda uma prepara\u00e7\u00e3o para esse ciclo junino tanto pr\u00e9vias, tanto durante, como depois tamb\u00e9m e hoje eu j\u00e1 consigo enxergar, sendo bem honesto, uma continuidade disso no decorrer do ano.<\/p>\n<p>Claro que sazonalmente acontece o pico, n\u00e9? Que aquele trimestre ali de Maio, Junho e Julho e depois isso d\u00e1 uma arrefecida, mas como eu sou uma pessoa que atua na \u00e1rea, eu vejo que sempre existem a\u00e7\u00f5es no sentido de continuar, claro que numa escala diferente. \u00c9 preciso as pessoas se reinventarem enquanto artistas para poder estarem presentes nesse cen\u00e1rio.<\/p>\n<p><strong>BdF PE: Fabr\u00edcio, como \u00e9 que voc\u00ea enxerga a import\u00e2ncia dessa tradi\u00e7\u00e3o junina para o Nordeste?<\/strong><\/p>\n<p>Essa pergunta \u00e9 maravilhosa. Essa necessidade dessa manuten\u00e7\u00e3o da tradi\u00e7\u00e3o que \u00e9 ancestral, antes de qualquer coisa, ela deveria se dar em todas as esquinas do Nordeste e a gente v\u00ea muita gente que fala disso, que fala dessa necessidade de se manter as tradi\u00e7\u00f5es e eu n\u00e3o estou falando de mercado, eu estou falando das tradi\u00e7\u00f5es, das rela\u00e7\u00f5es, das pessoas. do nordeste em rela\u00e7\u00e3o a tudo isso que acontece.<\/p>\n<p>Quando voc\u00ea fala da constru\u00e7\u00e3o da culin\u00e1ria, da vestimenta, da prepara\u00e7\u00e3o, da coreografia da m\u00fasica, do show, tudo isso vai para um vai para o tempo maior do que propriamente o per\u00edodo junino e aqui no Nordeste muito mais, claro, a gente tem isso na nossa raiz desde que a gente nasce. Eu trabalho muito na periferia e vejo essa coisa acontecer de uma maneira muito muito verdadeira. Eu estava em uma apresenta\u00e7\u00e3o aqui no bairro onde se brincavam os folguedos populares antigos, do cavalo marinho, e dos cocos e l\u00e1 a gente fez uma sauda\u00e7\u00e3o dos mestres que j\u00e1 lutam com a gente do bairro.<\/p>\n<p>O que estava sendo apresentado l\u00e1 era um conjunto de quadrilha que tem aquela pegada de bairro mesmo, de se juntar e de cortar o retalho para costurar na cal\u00e7a e improvisa. Fiquei muito encantado com aquilo, porque ainda temos exemplos aqui na nossa cara de que as tradi\u00e7\u00f5es precisam ser mantidas e eu vejo muito isso acontecer, embora exista tamb\u00e9m a coisa dos grandes shows e que acontece tamb\u00e9m Nordeste afora.<\/p>\n<p>Eu acredito que manter essa coisa de bairro para mim \u00e9 um grande desafio, porque isso \u00e9 uma miss\u00e3o enquanto necessidade de voc\u00ea perpetuar essa esse saberes e acho que embora seja uma coisa dif\u00edcil de se fazer, o apoio \u00e9 muito pouco, mas as pessoas se unem e fazem, fica todo mundo junto fazendo e a gente v\u00ea acontecer.<\/p>\n<p class=\"ckeditor-img-caption\"><img decoding=\"async\" src=\"https:\/\/images03.brasildefato.com.br\/93626a2b065daba212c24ef9679f7295.jpeg\" \/><br \/>\nQuadrilhas durante ensaios para o S\u00e3o Jo\u00e3o da Capital \/ Secom JP &#8211; Daniel Silva<\/p>\n<p><strong>BdF PE: Para a gente fechar nossa conversa, qual \u00e9 a import\u00e2ncia do S\u00e3o Jo\u00e3o para voc\u00ea?<\/strong><\/p>\n<p>Fabrizzio Formiga:\u00a0 Eu fui a crian\u00e7a que brinquei quadrilha costurando o retalho da cal\u00e7a com a minha irm\u00e3 e com a minha m\u00e3e fazendo cal\u00e7a para mim. Eu escutei muito Jackson do Pandeiro na minha inf\u00e2ncia, muito Ant\u00f4nio Barros, muito Luiz Gonzaga, porque os meus pais s\u00e3o daqueles nordestinos que foram pro Sul e toda essa coisa do \u00eaxodo que aconteceu muito no Brasil e acontece at\u00e9 hoje, mas nunca deixaram de me passar de falar de onde eles eram.<\/p>\n<p>Eu nasci no Rio de Janeiro e vim pra c\u00e1 muito pequeno e estou aqui at\u00e9 hoje. Eu s\u00f3 fui parido no Rio de Janeiro e isso para mim t\u00e1 no meu sangue, eu j\u00e1 militei em outros movimentos musicais, muitos anos atr\u00e1s e o forr\u00f3, os saberes tradicionais nordestinos, eles est\u00e3o na minha ess\u00eancia e eu fa\u00e7o isso com muito prazer, com muito gosto e com muito amor. Eu vejo meus amigos e amigas e companheiros de luta que fazem tamb\u00e9m com muito amor, porque isso \u00e9 a nossa identidade.<\/p>\n<p>Eu n\u00e3o sei exatamente explicar, mas \u00e9 o que eu sinto, eu sinto uma pulsa\u00e7\u00e3o muito maior ao lidar com essas linguagens, com essa nordestinidade, isso para mim \u00e9 muito forte e me deixa motivado a fazer tudo que eu fa\u00e7a. N\u00e3o \u00e9 f\u00e1cil n\u00e3o, mas que a gente faz com muito amor a gente faz.<\/p>\n<\/div>\n<\/div>\n","protected":false},"excerpt":{"rendered":"<p>Iyal\u00ea Tahyrine\/Brasil de Fato | Ritmo que embala as festas do m\u00eas de junho, o\u00a0forr\u00f3\u00a0ganha destaque no ciclo junino. Em um contexto de camarotiza\u00e7\u00e3o das festas p\u00fablicas e do crescimento da participa\u00e7\u00e3o da m\u00fasica sertaneja nas festas que eram uma vitrine do forr\u00f3, surge a preocupa\u00e7\u00e3o de artistas locais em manter a tradi\u00e7\u00e3o junina ao som dos tradicionais trios p\u00e9 de serra. Integrante do\u00a0Trio Rabissaca, de Jo\u00e3o Pessoa, o cantor\u00a0Fabrizzio Formiga\u00a0\u00e9 um dos que defende a tradi\u00e7\u00e3o. Em entrevista ao programa Trilhas do Nordeste, ele fala da sua trajet\u00f3ria como artista e da necessidade de preservar e impulsionar esse ritmo t\u00e3o aut\u00eantico. Confira: Brasil de Fato Pernambuco: Fabrizzio, como voc\u00ea entrou nesse mundo da m\u00fasica? Quais s\u00e3o as suas influ\u00eancias&hellip; <\/p>\n","protected":false},"author":2,"featured_media":345064,"comment_status":"open","ping_status":"open","sticky":false,"template":"","format":"standard","meta":{"_acf_changed":false,"footnotes":""},"categories":[30],"tags":[],"class_list":["post-345063","post","type-post","status-publish","format-standard","has-post-thumbnail","hentry","category-artigo"],"acf":[],"yoast_head":"<!-- This site is optimized with the Yoast SEO plugin v27.4 - https:\/\/yoast.com\/product\/yoast-seo-wordpress\/ -->\n<title>Em tempos de &quot;forr\u00f3 de pl\u00e1stico&quot;, artista Fabrizzio Formiga defende a tradi\u00e7\u00e3o forrozeira raiz - Blog do Farn\u00e9sio<\/title>\n<meta name=\"robots\" content=\"index, follow, max-snippet:-1, max-image-preview:large, max-video-preview:-1\" \/>\n<link rel=\"canonical\" href=\"https:\/\/blogdofarnesio.com.br\/?p=345063\" \/>\n<meta property=\"og:locale\" content=\"pt_BR\" \/>\n<meta property=\"og:type\" content=\"article\" \/>\n<meta property=\"og:title\" content=\"Em tempos de &quot;forr\u00f3 de pl\u00e1stico&quot;, artista Fabrizzio Formiga defende a tradi\u00e7\u00e3o forrozeira raiz - Blog do Farn\u00e9sio\" \/>\n<meta property=\"og:description\" content=\"Iyal\u00ea Tahyrine\/Brasil de Fato | Ritmo que embala as festas do m\u00eas de junho, o\u00a0forr\u00f3\u00a0ganha destaque no ciclo junino. Em um contexto de camarotiza\u00e7\u00e3o das festas p\u00fablicas e do crescimento da participa\u00e7\u00e3o da m\u00fasica sertaneja nas festas que eram uma vitrine do forr\u00f3, surge a preocupa\u00e7\u00e3o de artistas locais em manter a tradi\u00e7\u00e3o junina ao som dos tradicionais trios p\u00e9 de serra. Integrante do\u00a0Trio Rabissaca, de Jo\u00e3o Pessoa, o cantor\u00a0Fabrizzio Formiga\u00a0\u00e9 um dos que defende a tradi\u00e7\u00e3o. Em entrevista ao programa Trilhas do Nordeste, ele fala da sua trajet\u00f3ria como artista e da necessidade de preservar e impulsionar esse ritmo t\u00e3o aut\u00eantico. Confira: Brasil de Fato Pernambuco: Fabrizzio, como voc\u00ea entrou nesse mundo da m\u00fasica? Quais s\u00e3o as suas influ\u00eancias&hellip;\" \/>\n<meta property=\"og:url\" content=\"https:\/\/blogdofarnesio.com.br\/?p=345063\" \/>\n<meta property=\"og:site_name\" content=\"Blog do Farn\u00e9sio\" \/>\n<meta property=\"article:publisher\" content=\"https:\/\/www.facebook.com\/BlogQuerSaberPolitica\/\" \/>\n<meta property=\"article:author\" content=\"https:\/\/www.facebook.com\/?ref=tn_tnmn\" \/>\n<meta property=\"article:published_time\" content=\"2023-07-12T11:02:57+00:00\" \/>\n<meta property=\"og:image\" content=\"https:\/\/blogdofarnesio.com.br\/wp-content\/uploads\/2023\/07\/blogqspforro-rio-rabissaca-e1689023378319.jpeg\" \/>\n\t<meta property=\"og:image:width\" content=\"650\" \/>\n\t<meta property=\"og:image:height\" content=\"501\" \/>\n\t<meta property=\"og:image:type\" content=\"image\/jpeg\" \/>\n<meta name=\"author\" content=\"Farn\u00e9sio\" \/>\n<meta name=\"twitter:card\" content=\"summary_large_image\" \/>\n<meta name=\"twitter:label1\" content=\"Escrito por\" \/>\n\t<meta name=\"twitter:data1\" content=\"Farn\u00e9sio\" \/>\n\t<meta name=\"twitter:label2\" content=\"Est. tempo de leitura\" \/>\n\t<meta name=\"twitter:data2\" content=\"6 minutos\" \/>\n<script type=\"application\/ld+json\" class=\"yoast-schema-graph\">{\"@context\":\"https:\\\/\\\/schema.org\",\"@graph\":[{\"@type\":\"Article\",\"@id\":\"https:\\\/\\\/blogdofarnesio.com.br\\\/?p=345063#article\",\"isPartOf\":{\"@id\":\"https:\\\/\\\/blogdofarnesio.com.br\\\/?p=345063\"},\"author\":{\"name\":\"Farn\u00e9sio\",\"@id\":\"https:\\\/\\\/blogdofarnesio.com.br\\\/#\\\/schema\\\/person\\\/bb9b23ae3ad0609ce8df7b6c9e76824d\"},\"headline\":\"Em tempos de &#8220;forr\u00f3 de pl\u00e1stico&#8221;, artista Fabrizzio Formiga defende a tradi\u00e7\u00e3o forrozeira raiz\",\"datePublished\":\"2023-07-12T11:02:57+00:00\",\"mainEntityOfPage\":{\"@id\":\"https:\\\/\\\/blogdofarnesio.com.br\\\/?p=345063\"},\"wordCount\":1120,\"commentCount\":0,\"publisher\":{\"@id\":\"https:\\\/\\\/blogdofarnesio.com.br\\\/#organization\"},\"image\":{\"@id\":\"https:\\\/\\\/blogdofarnesio.com.br\\\/?p=345063#primaryimage\"},\"thumbnailUrl\":\"https:\\\/\\\/blogdofarnesio.com.br\\\/wp-content\\\/uploads\\\/2023\\\/07\\\/blogqspforro-rio-rabissaca-e1689023378319.jpeg\",\"articleSection\":[\"Artigo\"],\"inLanguage\":\"pt-BR\",\"potentialAction\":[{\"@type\":\"CommentAction\",\"name\":\"Comment\",\"target\":[\"https:\\\/\\\/blogdofarnesio.com.br\\\/?p=345063#respond\"]}]},{\"@type\":\"WebPage\",\"@id\":\"https:\\\/\\\/blogdofarnesio.com.br\\\/?p=345063\",\"url\":\"https:\\\/\\\/blogdofarnesio.com.br\\\/?p=345063\",\"name\":\"Em tempos de \\\"forr\u00f3 de pl\u00e1stico\\\", artista Fabrizzio Formiga defende a tradi\u00e7\u00e3o forrozeira raiz - Blog do Farn\u00e9sio\",\"isPartOf\":{\"@id\":\"https:\\\/\\\/blogdofarnesio.com.br\\\/#website\"},\"primaryImageOfPage\":{\"@id\":\"https:\\\/\\\/blogdofarnesio.com.br\\\/?p=345063#primaryimage\"},\"image\":{\"@id\":\"https:\\\/\\\/blogdofarnesio.com.br\\\/?p=345063#primaryimage\"},\"thumbnailUrl\":\"https:\\\/\\\/blogdofarnesio.com.br\\\/wp-content\\\/uploads\\\/2023\\\/07\\\/blogqspforro-rio-rabissaca-e1689023378319.jpeg\",\"datePublished\":\"2023-07-12T11:02:57+00:00\",\"breadcrumb\":{\"@id\":\"https:\\\/\\\/blogdofarnesio.com.br\\\/?p=345063#breadcrumb\"},\"inLanguage\":\"pt-BR\",\"potentialAction\":[{\"@type\":\"ReadAction\",\"target\":[\"https:\\\/\\\/blogdofarnesio.com.br\\\/?p=345063\"]}]},{\"@type\":\"ImageObject\",\"inLanguage\":\"pt-BR\",\"@id\":\"https:\\\/\\\/blogdofarnesio.com.br\\\/?p=345063#primaryimage\",\"url\":\"https:\\\/\\\/blogdofarnesio.com.br\\\/wp-content\\\/uploads\\\/2023\\\/07\\\/blogqspforro-rio-rabissaca-e1689023378319.jpeg\",\"contentUrl\":\"https:\\\/\\\/blogdofarnesio.com.br\\\/wp-content\\\/uploads\\\/2023\\\/07\\\/blogqspforro-rio-rabissaca-e1689023378319.jpeg\",\"width\":650,\"height\":501},{\"@type\":\"BreadcrumbList\",\"@id\":\"https:\\\/\\\/blogdofarnesio.com.br\\\/?p=345063#breadcrumb\",\"itemListElement\":[{\"@type\":\"ListItem\",\"position\":1,\"name\":\"In\u00edcio\",\"item\":\"https:\\\/\\\/blogdofarnesio.com.br\\\/\"},{\"@type\":\"ListItem\",\"position\":2,\"name\":\"Em tempos de &#8220;forr\u00f3 de pl\u00e1stico&#8221;, artista Fabrizzio Formiga defende a tradi\u00e7\u00e3o forrozeira raiz\"}]},{\"@type\":\"WebSite\",\"@id\":\"https:\\\/\\\/blogdofarnesio.com.br\\\/#website\",\"url\":\"https:\\\/\\\/blogdofarnesio.com.br\\\/\",\"name\":\"Blog do Farn\u00e9sio\",\"description\":\"Quer Saber Pol\u00edtica?\",\"publisher\":{\"@id\":\"https:\\\/\\\/blogdofarnesio.com.br\\\/#organization\"},\"potentialAction\":[{\"@type\":\"SearchAction\",\"target\":{\"@type\":\"EntryPoint\",\"urlTemplate\":\"https:\\\/\\\/blogdofarnesio.com.br\\\/?s={search_term_string}\"},\"query-input\":{\"@type\":\"PropertyValueSpecification\",\"valueRequired\":true,\"valueName\":\"search_term_string\"}}],\"inLanguage\":\"pt-BR\"},{\"@type\":\"Organization\",\"@id\":\"https:\\\/\\\/blogdofarnesio.com.br\\\/#organization\",\"name\":\"Blog do Farn\u00e9sio\",\"url\":\"https:\\\/\\\/blogdofarnesio.com.br\\\/\",\"logo\":{\"@type\":\"ImageObject\",\"inLanguage\":\"pt-BR\",\"@id\":\"https:\\\/\\\/blogdofarnesio.com.br\\\/#\\\/schema\\\/logo\\\/image\\\/\",\"url\":\"https:\\\/\\\/blogdofarnesio.com.br\\\/wp-content\\\/uploads\\\/2026\\\/03\\\/cropped-logo_new-1.png\",\"contentUrl\":\"https:\\\/\\\/blogdofarnesio.com.br\\\/wp-content\\\/uploads\\\/2026\\\/03\\\/cropped-logo_new-1.png\",\"width\":881,\"height\":685,\"caption\":\"Blog do Farn\u00e9sio\"},\"image\":{\"@id\":\"https:\\\/\\\/blogdofarnesio.com.br\\\/#\\\/schema\\\/logo\\\/image\\\/\"},\"sameAs\":[\"https:\\\/\\\/www.facebook.com\\\/BlogQuerSaberPolitica\\\/\"]},{\"@type\":\"Person\",\"@id\":\"https:\\\/\\\/blogdofarnesio.com.br\\\/#\\\/schema\\\/person\\\/bb9b23ae3ad0609ce8df7b6c9e76824d\",\"name\":\"Farn\u00e9sio\",\"image\":{\"@type\":\"ImageObject\",\"inLanguage\":\"pt-BR\",\"@id\":\"https:\\\/\\\/secure.gravatar.com\\\/avatar\\\/986aa4c61ccdb66f8555bf88fc2a65609d00bcabd4d2d94377a727547345cbca?s=96&d=mm&r=g\",\"url\":\"https:\\\/\\\/secure.gravatar.com\\\/avatar\\\/986aa4c61ccdb66f8555bf88fc2a65609d00bcabd4d2d94377a727547345cbca?s=96&d=mm&r=g\",\"contentUrl\":\"https:\\\/\\\/secure.gravatar.com\\\/avatar\\\/986aa4c61ccdb66f8555bf88fc2a65609d00bcabd4d2d94377a727547345cbca?s=96&d=mm&r=g\",\"caption\":\"Farn\u00e9sio\"},\"description\":\"Radialista blogueiro, chegou a Petrolina\\\/Juazeiro em setembro de 1980, Farn\u00e9sio Silva \u00e9 de Arapiraca-Alagoas.\",\"sameAs\":[\"http:\\\/\\\/blogdofarnesio.com.br\",\"https:\\\/\\\/www.facebook.com\\\/?ref=tn_tnmn\",\"https:\\\/\\\/www.instagram.com\\\/?utm_source=pwa_homescreen\",\"https:\\\/\\\/youtube.com.br\\\/\"],\"url\":\"https:\\\/\\\/blogdofarnesio.com.br\\\/?author=2\"}]}<\/script>\n<!-- \/ Yoast SEO plugin. -->","yoast_head_json":{"title":"Em tempos de \"forr\u00f3 de pl\u00e1stico\", artista Fabrizzio Formiga defende a tradi\u00e7\u00e3o forrozeira raiz - Blog do Farn\u00e9sio","robots":{"index":"index","follow":"follow","max-snippet":"max-snippet:-1","max-image-preview":"max-image-preview:large","max-video-preview":"max-video-preview:-1"},"canonical":"https:\/\/blogdofarnesio.com.br\/?p=345063","og_locale":"pt_BR","og_type":"article","og_title":"Em tempos de \"forr\u00f3 de pl\u00e1stico\", artista Fabrizzio Formiga defende a tradi\u00e7\u00e3o forrozeira raiz - Blog do Farn\u00e9sio","og_description":"Iyal\u00ea Tahyrine\/Brasil de Fato | Ritmo que embala as festas do m\u00eas de junho, o\u00a0forr\u00f3\u00a0ganha destaque no ciclo junino. Em um contexto de camarotiza\u00e7\u00e3o das festas p\u00fablicas e do crescimento da participa\u00e7\u00e3o da m\u00fasica sertaneja nas festas que eram uma vitrine do forr\u00f3, surge a preocupa\u00e7\u00e3o de artistas locais em manter a tradi\u00e7\u00e3o junina ao som dos tradicionais trios p\u00e9 de serra. Integrante do\u00a0Trio Rabissaca, de Jo\u00e3o Pessoa, o cantor\u00a0Fabrizzio Formiga\u00a0\u00e9 um dos que defende a tradi\u00e7\u00e3o. Em entrevista ao programa Trilhas do Nordeste, ele fala da sua trajet\u00f3ria como artista e da necessidade de preservar e impulsionar esse ritmo t\u00e3o aut\u00eantico. Confira: Brasil de Fato Pernambuco: Fabrizzio, como voc\u00ea entrou nesse mundo da m\u00fasica? Quais s\u00e3o as suas influ\u00eancias&hellip;","og_url":"https:\/\/blogdofarnesio.com.br\/?p=345063","og_site_name":"Blog do Farn\u00e9sio","article_publisher":"https:\/\/www.facebook.com\/BlogQuerSaberPolitica\/","article_author":"https:\/\/www.facebook.com\/?ref=tn_tnmn","article_published_time":"2023-07-12T11:02:57+00:00","og_image":[{"width":650,"height":501,"url":"https:\/\/blogdofarnesio.com.br\/wp-content\/uploads\/2023\/07\/blogqspforro-rio-rabissaca-e1689023378319.jpeg","type":"image\/jpeg"}],"author":"Farn\u00e9sio","twitter_card":"summary_large_image","twitter_misc":{"Escrito por":"Farn\u00e9sio","Est. tempo de leitura":"6 minutos"},"schema":{"@context":"https:\/\/schema.org","@graph":[{"@type":"Article","@id":"https:\/\/blogdofarnesio.com.br\/?p=345063#article","isPartOf":{"@id":"https:\/\/blogdofarnesio.com.br\/?p=345063"},"author":{"name":"Farn\u00e9sio","@id":"https:\/\/blogdofarnesio.com.br\/#\/schema\/person\/bb9b23ae3ad0609ce8df7b6c9e76824d"},"headline":"Em tempos de &#8220;forr\u00f3 de pl\u00e1stico&#8221;, artista Fabrizzio Formiga defende a tradi\u00e7\u00e3o forrozeira raiz","datePublished":"2023-07-12T11:02:57+00:00","mainEntityOfPage":{"@id":"https:\/\/blogdofarnesio.com.br\/?p=345063"},"wordCount":1120,"commentCount":0,"publisher":{"@id":"https:\/\/blogdofarnesio.com.br\/#organization"},"image":{"@id":"https:\/\/blogdofarnesio.com.br\/?p=345063#primaryimage"},"thumbnailUrl":"https:\/\/blogdofarnesio.com.br\/wp-content\/uploads\/2023\/07\/blogqspforro-rio-rabissaca-e1689023378319.jpeg","articleSection":["Artigo"],"inLanguage":"pt-BR","potentialAction":[{"@type":"CommentAction","name":"Comment","target":["https:\/\/blogdofarnesio.com.br\/?p=345063#respond"]}]},{"@type":"WebPage","@id":"https:\/\/blogdofarnesio.com.br\/?p=345063","url":"https:\/\/blogdofarnesio.com.br\/?p=345063","name":"Em tempos de \"forr\u00f3 de pl\u00e1stico\", artista Fabrizzio Formiga defende a tradi\u00e7\u00e3o forrozeira raiz - Blog do Farn\u00e9sio","isPartOf":{"@id":"https:\/\/blogdofarnesio.com.br\/#website"},"primaryImageOfPage":{"@id":"https:\/\/blogdofarnesio.com.br\/?p=345063#primaryimage"},"image":{"@id":"https:\/\/blogdofarnesio.com.br\/?p=345063#primaryimage"},"thumbnailUrl":"https:\/\/blogdofarnesio.com.br\/wp-content\/uploads\/2023\/07\/blogqspforro-rio-rabissaca-e1689023378319.jpeg","datePublished":"2023-07-12T11:02:57+00:00","breadcrumb":{"@id":"https:\/\/blogdofarnesio.com.br\/?p=345063#breadcrumb"},"inLanguage":"pt-BR","potentialAction":[{"@type":"ReadAction","target":["https:\/\/blogdofarnesio.com.br\/?p=345063"]}]},{"@type":"ImageObject","inLanguage":"pt-BR","@id":"https:\/\/blogdofarnesio.com.br\/?p=345063#primaryimage","url":"https:\/\/blogdofarnesio.com.br\/wp-content\/uploads\/2023\/07\/blogqspforro-rio-rabissaca-e1689023378319.jpeg","contentUrl":"https:\/\/blogdofarnesio.com.br\/wp-content\/uploads\/2023\/07\/blogqspforro-rio-rabissaca-e1689023378319.jpeg","width":650,"height":501},{"@type":"BreadcrumbList","@id":"https:\/\/blogdofarnesio.com.br\/?p=345063#breadcrumb","itemListElement":[{"@type":"ListItem","position":1,"name":"In\u00edcio","item":"https:\/\/blogdofarnesio.com.br\/"},{"@type":"ListItem","position":2,"name":"Em tempos de &#8220;forr\u00f3 de pl\u00e1stico&#8221;, artista Fabrizzio Formiga defende a tradi\u00e7\u00e3o forrozeira raiz"}]},{"@type":"WebSite","@id":"https:\/\/blogdofarnesio.com.br\/#website","url":"https:\/\/blogdofarnesio.com.br\/","name":"Blog do Farn\u00e9sio","description":"Quer Saber Pol\u00edtica?","publisher":{"@id":"https:\/\/blogdofarnesio.com.br\/#organization"},"potentialAction":[{"@type":"SearchAction","target":{"@type":"EntryPoint","urlTemplate":"https:\/\/blogdofarnesio.com.br\/?s={search_term_string}"},"query-input":{"@type":"PropertyValueSpecification","valueRequired":true,"valueName":"search_term_string"}}],"inLanguage":"pt-BR"},{"@type":"Organization","@id":"https:\/\/blogdofarnesio.com.br\/#organization","name":"Blog do Farn\u00e9sio","url":"https:\/\/blogdofarnesio.com.br\/","logo":{"@type":"ImageObject","inLanguage":"pt-BR","@id":"https:\/\/blogdofarnesio.com.br\/#\/schema\/logo\/image\/","url":"https:\/\/blogdofarnesio.com.br\/wp-content\/uploads\/2026\/03\/cropped-logo_new-1.png","contentUrl":"https:\/\/blogdofarnesio.com.br\/wp-content\/uploads\/2026\/03\/cropped-logo_new-1.png","width":881,"height":685,"caption":"Blog do Farn\u00e9sio"},"image":{"@id":"https:\/\/blogdofarnesio.com.br\/#\/schema\/logo\/image\/"},"sameAs":["https:\/\/www.facebook.com\/BlogQuerSaberPolitica\/"]},{"@type":"Person","@id":"https:\/\/blogdofarnesio.com.br\/#\/schema\/person\/bb9b23ae3ad0609ce8df7b6c9e76824d","name":"Farn\u00e9sio","image":{"@type":"ImageObject","inLanguage":"pt-BR","@id":"https:\/\/secure.gravatar.com\/avatar\/986aa4c61ccdb66f8555bf88fc2a65609d00bcabd4d2d94377a727547345cbca?s=96&d=mm&r=g","url":"https:\/\/secure.gravatar.com\/avatar\/986aa4c61ccdb66f8555bf88fc2a65609d00bcabd4d2d94377a727547345cbca?s=96&d=mm&r=g","contentUrl":"https:\/\/secure.gravatar.com\/avatar\/986aa4c61ccdb66f8555bf88fc2a65609d00bcabd4d2d94377a727547345cbca?s=96&d=mm&r=g","caption":"Farn\u00e9sio"},"description":"Radialista blogueiro, chegou a Petrolina\/Juazeiro em setembro de 1980, Farn\u00e9sio Silva \u00e9 de Arapiraca-Alagoas.","sameAs":["http:\/\/blogdofarnesio.com.br","https:\/\/www.facebook.com\/?ref=tn_tnmn","https:\/\/www.instagram.com\/?utm_source=pwa_homescreen","https:\/\/youtube.com.br\/"],"url":"https:\/\/blogdofarnesio.com.br\/?author=2"}]}},"_links":{"self":[{"href":"https:\/\/blogdofarnesio.com.br\/index.php?rest_route=\/wp\/v2\/posts\/345063","targetHints":{"allow":["GET"]}}],"collection":[{"href":"https:\/\/blogdofarnesio.com.br\/index.php?rest_route=\/wp\/v2\/posts"}],"about":[{"href":"https:\/\/blogdofarnesio.com.br\/index.php?rest_route=\/wp\/v2\/types\/post"}],"author":[{"embeddable":true,"href":"https:\/\/blogdofarnesio.com.br\/index.php?rest_route=\/wp\/v2\/users\/2"}],"replies":[{"embeddable":true,"href":"https:\/\/blogdofarnesio.com.br\/index.php?rest_route=%2Fwp%2Fv2%2Fcomments&post=345063"}],"version-history":[{"count":0,"href":"https:\/\/blogdofarnesio.com.br\/index.php?rest_route=\/wp\/v2\/posts\/345063\/revisions"}],"wp:featuredmedia":[{"embeddable":true,"href":"https:\/\/blogdofarnesio.com.br\/index.php?rest_route=\/wp\/v2\/media\/345064"}],"wp:attachment":[{"href":"https:\/\/blogdofarnesio.com.br\/index.php?rest_route=%2Fwp%2Fv2%2Fmedia&parent=345063"}],"wp:term":[{"taxonomy":"category","embeddable":true,"href":"https:\/\/blogdofarnesio.com.br\/index.php?rest_route=%2Fwp%2Fv2%2Fcategories&post=345063"},{"taxonomy":"post_tag","embeddable":true,"href":"https:\/\/blogdofarnesio.com.br\/index.php?rest_route=%2Fwp%2Fv2%2Ftags&post=345063"}],"curies":[{"name":"wp","href":"https:\/\/api.w.org\/{rel}","templated":true}]}}