{"id":344833,"date":"2023-07-17T07:20:30","date_gmt":"2023-07-17T10:20:30","guid":{"rendered":"https:\/\/blogdofarnesio.com.br\/?p=344833"},"modified":"2023-07-15T18:39:08","modified_gmt":"2023-07-15T21:39:08","slug":"iniciada-a-requalificacao-da-praca-do-coliseu-petrolina","status":"publish","type":"post","link":"https:\/\/blogdofarnesio.com.br\/?p=344833","title":{"rendered":"Continua a requalifica\u00e7\u00e3o da Pra\u00e7a do Coliseu\/Petrolina"},"content":{"rendered":"<div>Dando continuidade as a\u00e7\u00f5es de requalifica\u00e7\u00e3o e reforma de pra\u00e7as na cidade, nesta semana, a Prefeitura de Petrolina iniciou as obras da Pra\u00e7a do Coliseu, localizada na rua de mesmo nome na \u00e1rea central. No momento, as equipes trabalham na remo\u00e7\u00e3o do piso antigo. Ser\u00e3o investido mais de R$ 160 mil no projeto de reforma do equipamento p\u00fablico.<\/div>\n<div><\/div>\n<div>Nos pr\u00f3ximos 60 dias, ser\u00e3o realizados servi\u00e7os de arboriza\u00e7\u00e3o, implanta\u00e7\u00e3o de grama, reforma de bancos, implanta\u00e7\u00e3o de intertravado, paisagismos e refor\u00e7o na ilumina\u00e7\u00e3o de LED. A previs\u00e3o da gest\u00e3o municipal \u00e9 entregar o equipamento de lazer no m\u00eas de anivers\u00e1rio da cidade, em setembro.<\/div>\n<div><\/div>\n<div>Ao todo, 11 pra\u00e7as ser\u00e3o reformadas na \u00e1rea urbana da cidade atrav\u00e9s de um investimento de mais de R$ 4,6 milh\u00f5es, fruto de emenda parlamentar.\u00a0<i>\u201cNesta semana, tivemos a alegria de inaugurar a pra\u00e7a Givaldo Moreira, no bairro Alto do Cocar, que foi totalmente requalificada. Em paralelo, iniciamos mais um projeto de revitaliza\u00e7\u00e3o, dessa vez, na \u00e1rea central. A pra\u00e7a do Coliseu tem um valor afetivo enorme para quem reside ou trabalha naquela regi\u00e3o. Sabendo disso, o prefeito Sim\u00e3o Durando nos pediu um projeto primando pelo confort\u00e1vel e bem-estar dos visitantes\u201d<\/i>, destaca Fred Machado, secret\u00e1rio de Infraestrutura e Mobilidade.<\/div>\n","protected":false},"excerpt":{"rendered":"<p>Dando continuidade as a\u00e7\u00f5es de requalifica\u00e7\u00e3o e reforma de pra\u00e7as na cidade, nesta semana, a Prefeitura de Petrolina iniciou as obras da Pra\u00e7a do Coliseu, localizada na rua de mesmo nome na \u00e1rea central. No momento, as equipes trabalham na remo\u00e7\u00e3o do piso antigo. Ser\u00e3o investido mais de R$ 160 mil no projeto de reforma do equipamento p\u00fablico. Nos pr\u00f3ximos 60 dias, ser\u00e3o realizados servi\u00e7os de arboriza\u00e7\u00e3o, implanta\u00e7\u00e3o de grama, reforma de bancos, implanta\u00e7\u00e3o de intertravado, paisagismos e refor\u00e7o na ilumina\u00e7\u00e3o de LED. A previs\u00e3o da gest\u00e3o municipal \u00e9 entregar o equipamento de lazer no m\u00eas de anivers\u00e1rio da cidade, em setembro. Ao todo, 11 pra\u00e7as ser\u00e3o reformadas na \u00e1rea urbana da cidade atrav\u00e9s de um investimento de mais de&hellip; <\/p>\n","protected":false},"author":2,"featured_media":344834,"comment_status":"open","ping_status":"open","sticky":false,"template":"","format":"standard","meta":{"_acf_changed":false,"footnotes":""},"categories":[44],"tags":[],"class_list":["post-344833","post","type-post","status-publish","format-standard","has-post-thumbnail","hentry","category-administracao"],"acf":[],"yoast_head":"<!-- This site is optimized with the Yoast SEO plugin v27.4 - https:\/\/yoast.com\/product\/yoast-seo-wordpress\/ -->\n<title>Continua a requalifica\u00e7\u00e3o da Pra\u00e7a do Coliseu\/Petrolina - Blog do Farn\u00e9sio<\/title>\n<meta name=\"robots\" content=\"index, follow, max-snippet:-1, max-image-preview:large, max-video-preview:-1\" \/>\n<link rel=\"canonical\" href=\"https:\/\/blogdofarnesio.com.br\/?p=344833\" \/>\n<meta property=\"og:locale\" content=\"pt_BR\" \/>\n<meta property=\"og:type\" content=\"article\" \/>\n<meta property=\"og:title\" content=\"Continua a requalifica\u00e7\u00e3o da Pra\u00e7a do Coliseu\/Petrolina - Blog do Farn\u00e9sio\" \/>\n<meta property=\"og:description\" content=\"Dando continuidade as a\u00e7\u00f5es de requalifica\u00e7\u00e3o e reforma de pra\u00e7as na cidade, nesta semana, a Prefeitura de Petrolina iniciou as obras da Pra\u00e7a do Coliseu, localizada na rua de mesmo nome na \u00e1rea central. No momento, as equipes trabalham na remo\u00e7\u00e3o do piso antigo. Ser\u00e3o investido mais de R$ 160 mil no projeto de reforma do equipamento p\u00fablico. Nos pr\u00f3ximos 60 dias, ser\u00e3o realizados servi\u00e7os de arboriza\u00e7\u00e3o, implanta\u00e7\u00e3o de grama, reforma de bancos, implanta\u00e7\u00e3o de intertravado, paisagismos e refor\u00e7o na ilumina\u00e7\u00e3o de LED. A previs\u00e3o da gest\u00e3o municipal \u00e9 entregar o equipamento de lazer no m\u00eas de anivers\u00e1rio da cidade, em setembro. Ao todo, 11 pra\u00e7as ser\u00e3o reformadas na \u00e1rea urbana da cidade atrav\u00e9s de um investimento de mais de&hellip;\" \/>\n<meta property=\"og:url\" content=\"https:\/\/blogdofarnesio.com.br\/?p=344833\" \/>\n<meta property=\"og:site_name\" content=\"Blog do Farn\u00e9sio\" \/>\n<meta property=\"article:publisher\" content=\"https:\/\/www.facebook.com\/BlogQuerSaberPolitica\/\" \/>\n<meta property=\"article:author\" content=\"https:\/\/www.facebook.com\/?ref=tn_tnmn\" \/>\n<meta property=\"article:published_time\" content=\"2023-07-17T10:20:30+00:00\" \/>\n<meta property=\"og:image\" content=\"https:\/\/blogdofarnesio.com.br\/wp-content\/uploads\/2023\/07\/Obras-Praca-do-Coliseu-6-e1688684056270.jpeg\" \/>\n\t<meta property=\"og:image:width\" content=\"600\" \/>\n\t<meta property=\"og:image:height\" content=\"400\" \/>\n\t<meta property=\"og:image:type\" content=\"image\/jpeg\" \/>\n<meta name=\"author\" content=\"Farn\u00e9sio\" \/>\n<meta name=\"twitter:card\" content=\"summary_large_image\" \/>\n<meta name=\"twitter:label1\" content=\"Escrito por\" \/>\n\t<meta name=\"twitter:data1\" content=\"Farn\u00e9sio\" \/>\n\t<meta name=\"twitter:label2\" content=\"Est. tempo de leitura\" \/>\n\t<meta name=\"twitter:data2\" content=\"2 minutos\" \/>\n<script type=\"application\/ld+json\" class=\"yoast-schema-graph\">{\"@context\":\"https:\\\/\\\/schema.org\",\"@graph\":[{\"@type\":\"Article\",\"@id\":\"https:\\\/\\\/blogdofarnesio.com.br\\\/?p=344833#article\",\"isPartOf\":{\"@id\":\"https:\\\/\\\/blogdofarnesio.com.br\\\/?p=344833\"},\"author\":{\"name\":\"Farn\u00e9sio\",\"@id\":\"https:\\\/\\\/blogdofarnesio.com.br\\\/#\\\/schema\\\/person\\\/bb9b23ae3ad0609ce8df7b6c9e76824d\"},\"headline\":\"Continua a requalifica\u00e7\u00e3o da Pra\u00e7a do Coliseu\\\/Petrolina\",\"datePublished\":\"2023-07-17T10:20:30+00:00\",\"mainEntityOfPage\":{\"@id\":\"https:\\\/\\\/blogdofarnesio.com.br\\\/?p=344833\"},\"wordCount\":236,\"commentCount\":0,\"publisher\":{\"@id\":\"https:\\\/\\\/blogdofarnesio.com.br\\\/#organization\"},\"image\":{\"@id\":\"https:\\\/\\\/blogdofarnesio.com.br\\\/?p=344833#primaryimage\"},\"thumbnailUrl\":\"https:\\\/\\\/blogdofarnesio.com.br\\\/wp-content\\\/uploads\\\/2023\\\/07\\\/Obras-Praca-do-Coliseu-6-e1688684056270.jpeg\",\"articleSection\":[\"Administra\u00e7\u00e3o\"],\"inLanguage\":\"pt-BR\",\"potentialAction\":[{\"@type\":\"CommentAction\",\"name\":\"Comment\",\"target\":[\"https:\\\/\\\/blogdofarnesio.com.br\\\/?p=344833#respond\"]}]},{\"@type\":\"WebPage\",\"@id\":\"https:\\\/\\\/blogdofarnesio.com.br\\\/?p=344833\",\"url\":\"https:\\\/\\\/blogdofarnesio.com.br\\\/?p=344833\",\"name\":\"Continua a requalifica\u00e7\u00e3o da Pra\u00e7a do Coliseu\\\/Petrolina - Blog do Farn\u00e9sio\",\"isPartOf\":{\"@id\":\"https:\\\/\\\/blogdofarnesio.com.br\\\/#website\"},\"primaryImageOfPage\":{\"@id\":\"https:\\\/\\\/blogdofarnesio.com.br\\\/?p=344833#primaryimage\"},\"image\":{\"@id\":\"https:\\\/\\\/blogdofarnesio.com.br\\\/?p=344833#primaryimage\"},\"thumbnailUrl\":\"https:\\\/\\\/blogdofarnesio.com.br\\\/wp-content\\\/uploads\\\/2023\\\/07\\\/Obras-Praca-do-Coliseu-6-e1688684056270.jpeg\",\"datePublished\":\"2023-07-17T10:20:30+00:00\",\"breadcrumb\":{\"@id\":\"https:\\\/\\\/blogdofarnesio.com.br\\\/?p=344833#breadcrumb\"},\"inLanguage\":\"pt-BR\",\"potentialAction\":[{\"@type\":\"ReadAction\",\"target\":[\"https:\\\/\\\/blogdofarnesio.com.br\\\/?p=344833\"]}]},{\"@type\":\"ImageObject\",\"inLanguage\":\"pt-BR\",\"@id\":\"https:\\\/\\\/blogdofarnesio.com.br\\\/?p=344833#primaryimage\",\"url\":\"https:\\\/\\\/blogdofarnesio.com.br\\\/wp-content\\\/uploads\\\/2023\\\/07\\\/Obras-Praca-do-Coliseu-6-e1688684056270.jpeg\",\"contentUrl\":\"https:\\\/\\\/blogdofarnesio.com.br\\\/wp-content\\\/uploads\\\/2023\\\/07\\\/Obras-Praca-do-Coliseu-6-e1688684056270.jpeg\",\"width\":600,\"height\":400},{\"@type\":\"BreadcrumbList\",\"@id\":\"https:\\\/\\\/blogdofarnesio.com.br\\\/?p=344833#breadcrumb\",\"itemListElement\":[{\"@type\":\"ListItem\",\"position\":1,\"name\":\"In\u00edcio\",\"item\":\"https:\\\/\\\/blogdofarnesio.com.br\\\/\"},{\"@type\":\"ListItem\",\"position\":2,\"name\":\"Continua a requalifica\u00e7\u00e3o da Pra\u00e7a do Coliseu\\\/Petrolina\"}]},{\"@type\":\"WebSite\",\"@id\":\"https:\\\/\\\/blogdofarnesio.com.br\\\/#website\",\"url\":\"https:\\\/\\\/blogdofarnesio.com.br\\\/\",\"name\":\"Blog do Farn\u00e9sio\",\"description\":\"Quer Saber Pol\u00edtica?\",\"publisher\":{\"@id\":\"https:\\\/\\\/blogdofarnesio.com.br\\\/#organization\"},\"potentialAction\":[{\"@type\":\"SearchAction\",\"target\":{\"@type\":\"EntryPoint\",\"urlTemplate\":\"https:\\\/\\\/blogdofarnesio.com.br\\\/?s={search_term_string}\"},\"query-input\":{\"@type\":\"PropertyValueSpecification\",\"valueRequired\":true,\"valueName\":\"search_term_string\"}}],\"inLanguage\":\"pt-BR\"},{\"@type\":\"Organization\",\"@id\":\"https:\\\/\\\/blogdofarnesio.com.br\\\/#organization\",\"name\":\"Blog do Farn\u00e9sio\",\"url\":\"https:\\\/\\\/blogdofarnesio.com.br\\\/\",\"logo\":{\"@type\":\"ImageObject\",\"inLanguage\":\"pt-BR\",\"@id\":\"https:\\\/\\\/blogdofarnesio.com.br\\\/#\\\/schema\\\/logo\\\/image\\\/\",\"url\":\"https:\\\/\\\/blogdofarnesio.com.br\\\/wp-content\\\/uploads\\\/2026\\\/03\\\/cropped-logo_new-1.png\",\"contentUrl\":\"https:\\\/\\\/blogdofarnesio.com.br\\\/wp-content\\\/uploads\\\/2026\\\/03\\\/cropped-logo_new-1.png\",\"width\":881,\"height\":685,\"caption\":\"Blog do Farn\u00e9sio\"},\"image\":{\"@id\":\"https:\\\/\\\/blogdofarnesio.com.br\\\/#\\\/schema\\\/logo\\\/image\\\/\"},\"sameAs\":[\"https:\\\/\\\/www.facebook.com\\\/BlogQuerSaberPolitica\\\/\"]},{\"@type\":\"Person\",\"@id\":\"https:\\\/\\\/blogdofarnesio.com.br\\\/#\\\/schema\\\/person\\\/bb9b23ae3ad0609ce8df7b6c9e76824d\",\"name\":\"Farn\u00e9sio\",\"image\":{\"@type\":\"ImageObject\",\"inLanguage\":\"pt-BR\",\"@id\":\"https:\\\/\\\/secure.gravatar.com\\\/avatar\\\/986aa4c61ccdb66f8555bf88fc2a65609d00bcabd4d2d94377a727547345cbca?s=96&d=mm&r=g\",\"url\":\"https:\\\/\\\/secure.gravatar.com\\\/avatar\\\/986aa4c61ccdb66f8555bf88fc2a65609d00bcabd4d2d94377a727547345cbca?s=96&d=mm&r=g\",\"contentUrl\":\"https:\\\/\\\/secure.gravatar.com\\\/avatar\\\/986aa4c61ccdb66f8555bf88fc2a65609d00bcabd4d2d94377a727547345cbca?s=96&d=mm&r=g\",\"caption\":\"Farn\u00e9sio\"},\"description\":\"Radialista blogueiro, chegou a Petrolina\\\/Juazeiro em setembro de 1980, Farn\u00e9sio Silva \u00e9 de Arapiraca-Alagoas.\",\"sameAs\":[\"http:\\\/\\\/blogdofarnesio.com.br\",\"https:\\\/\\\/www.facebook.com\\\/?ref=tn_tnmn\",\"https:\\\/\\\/www.instagram.com\\\/?utm_source=pwa_homescreen\",\"https:\\\/\\\/youtube.com.br\\\/\"],\"url\":\"https:\\\/\\\/blogdofarnesio.com.br\\\/?author=2\"}]}<\/script>\n<!-- \/ Yoast SEO plugin. -->","yoast_head_json":{"title":"Continua a requalifica\u00e7\u00e3o da Pra\u00e7a do Coliseu\/Petrolina - Blog do Farn\u00e9sio","robots":{"index":"index","follow":"follow","max-snippet":"max-snippet:-1","max-image-preview":"max-image-preview:large","max-video-preview":"max-video-preview:-1"},"canonical":"https:\/\/blogdofarnesio.com.br\/?p=344833","og_locale":"pt_BR","og_type":"article","og_title":"Continua a requalifica\u00e7\u00e3o da Pra\u00e7a do Coliseu\/Petrolina - Blog do Farn\u00e9sio","og_description":"Dando continuidade as a\u00e7\u00f5es de requalifica\u00e7\u00e3o e reforma de pra\u00e7as na cidade, nesta semana, a Prefeitura de Petrolina iniciou as obras da Pra\u00e7a do Coliseu, localizada na rua de mesmo nome na \u00e1rea central. No momento, as equipes trabalham na remo\u00e7\u00e3o do piso antigo. Ser\u00e3o investido mais de R$ 160 mil no projeto de reforma do equipamento p\u00fablico. Nos pr\u00f3ximos 60 dias, ser\u00e3o realizados servi\u00e7os de arboriza\u00e7\u00e3o, implanta\u00e7\u00e3o de grama, reforma de bancos, implanta\u00e7\u00e3o de intertravado, paisagismos e refor\u00e7o na ilumina\u00e7\u00e3o de LED. A previs\u00e3o da gest\u00e3o municipal \u00e9 entregar o equipamento de lazer no m\u00eas de anivers\u00e1rio da cidade, em setembro. Ao todo, 11 pra\u00e7as ser\u00e3o reformadas na \u00e1rea urbana da cidade atrav\u00e9s de um investimento de mais de&hellip;","og_url":"https:\/\/blogdofarnesio.com.br\/?p=344833","og_site_name":"Blog do Farn\u00e9sio","article_publisher":"https:\/\/www.facebook.com\/BlogQuerSaberPolitica\/","article_author":"https:\/\/www.facebook.com\/?ref=tn_tnmn","article_published_time":"2023-07-17T10:20:30+00:00","og_image":[{"width":600,"height":400,"url":"https:\/\/blogdofarnesio.com.br\/wp-content\/uploads\/2023\/07\/Obras-Praca-do-Coliseu-6-e1688684056270.jpeg","type":"image\/jpeg"}],"author":"Farn\u00e9sio","twitter_card":"summary_large_image","twitter_misc":{"Escrito por":"Farn\u00e9sio","Est. tempo de leitura":"2 minutos"},"schema":{"@context":"https:\/\/schema.org","@graph":[{"@type":"Article","@id":"https:\/\/blogdofarnesio.com.br\/?p=344833#article","isPartOf":{"@id":"https:\/\/blogdofarnesio.com.br\/?p=344833"},"author":{"name":"Farn\u00e9sio","@id":"https:\/\/blogdofarnesio.com.br\/#\/schema\/person\/bb9b23ae3ad0609ce8df7b6c9e76824d"},"headline":"Continua a requalifica\u00e7\u00e3o da Pra\u00e7a do Coliseu\/Petrolina","datePublished":"2023-07-17T10:20:30+00:00","mainEntityOfPage":{"@id":"https:\/\/blogdofarnesio.com.br\/?p=344833"},"wordCount":236,"commentCount":0,"publisher":{"@id":"https:\/\/blogdofarnesio.com.br\/#organization"},"image":{"@id":"https:\/\/blogdofarnesio.com.br\/?p=344833#primaryimage"},"thumbnailUrl":"https:\/\/blogdofarnesio.com.br\/wp-content\/uploads\/2023\/07\/Obras-Praca-do-Coliseu-6-e1688684056270.jpeg","articleSection":["Administra\u00e7\u00e3o"],"inLanguage":"pt-BR","potentialAction":[{"@type":"CommentAction","name":"Comment","target":["https:\/\/blogdofarnesio.com.br\/?p=344833#respond"]}]},{"@type":"WebPage","@id":"https:\/\/blogdofarnesio.com.br\/?p=344833","url":"https:\/\/blogdofarnesio.com.br\/?p=344833","name":"Continua a requalifica\u00e7\u00e3o da Pra\u00e7a do Coliseu\/Petrolina - Blog do Farn\u00e9sio","isPartOf":{"@id":"https:\/\/blogdofarnesio.com.br\/#website"},"primaryImageOfPage":{"@id":"https:\/\/blogdofarnesio.com.br\/?p=344833#primaryimage"},"image":{"@id":"https:\/\/blogdofarnesio.com.br\/?p=344833#primaryimage"},"thumbnailUrl":"https:\/\/blogdofarnesio.com.br\/wp-content\/uploads\/2023\/07\/Obras-Praca-do-Coliseu-6-e1688684056270.jpeg","datePublished":"2023-07-17T10:20:30+00:00","breadcrumb":{"@id":"https:\/\/blogdofarnesio.com.br\/?p=344833#breadcrumb"},"inLanguage":"pt-BR","potentialAction":[{"@type":"ReadAction","target":["https:\/\/blogdofarnesio.com.br\/?p=344833"]}]},{"@type":"ImageObject","inLanguage":"pt-BR","@id":"https:\/\/blogdofarnesio.com.br\/?p=344833#primaryimage","url":"https:\/\/blogdofarnesio.com.br\/wp-content\/uploads\/2023\/07\/Obras-Praca-do-Coliseu-6-e1688684056270.jpeg","contentUrl":"https:\/\/blogdofarnesio.com.br\/wp-content\/uploads\/2023\/07\/Obras-Praca-do-Coliseu-6-e1688684056270.jpeg","width":600,"height":400},{"@type":"BreadcrumbList","@id":"https:\/\/blogdofarnesio.com.br\/?p=344833#breadcrumb","itemListElement":[{"@type":"ListItem","position":1,"name":"In\u00edcio","item":"https:\/\/blogdofarnesio.com.br\/"},{"@type":"ListItem","position":2,"name":"Continua a requalifica\u00e7\u00e3o da Pra\u00e7a do Coliseu\/Petrolina"}]},{"@type":"WebSite","@id":"https:\/\/blogdofarnesio.com.br\/#website","url":"https:\/\/blogdofarnesio.com.br\/","name":"Blog do Farn\u00e9sio","description":"Quer Saber Pol\u00edtica?","publisher":{"@id":"https:\/\/blogdofarnesio.com.br\/#organization"},"potentialAction":[{"@type":"SearchAction","target":{"@type":"EntryPoint","urlTemplate":"https:\/\/blogdofarnesio.com.br\/?s={search_term_string}"},"query-input":{"@type":"PropertyValueSpecification","valueRequired":true,"valueName":"search_term_string"}}],"inLanguage":"pt-BR"},{"@type":"Organization","@id":"https:\/\/blogdofarnesio.com.br\/#organization","name":"Blog do Farn\u00e9sio","url":"https:\/\/blogdofarnesio.com.br\/","logo":{"@type":"ImageObject","inLanguage":"pt-BR","@id":"https:\/\/blogdofarnesio.com.br\/#\/schema\/logo\/image\/","url":"https:\/\/blogdofarnesio.com.br\/wp-content\/uploads\/2026\/03\/cropped-logo_new-1.png","contentUrl":"https:\/\/blogdofarnesio.com.br\/wp-content\/uploads\/2026\/03\/cropped-logo_new-1.png","width":881,"height":685,"caption":"Blog do Farn\u00e9sio"},"image":{"@id":"https:\/\/blogdofarnesio.com.br\/#\/schema\/logo\/image\/"},"sameAs":["https:\/\/www.facebook.com\/BlogQuerSaberPolitica\/"]},{"@type":"Person","@id":"https:\/\/blogdofarnesio.com.br\/#\/schema\/person\/bb9b23ae3ad0609ce8df7b6c9e76824d","name":"Farn\u00e9sio","image":{"@type":"ImageObject","inLanguage":"pt-BR","@id":"https:\/\/secure.gravatar.com\/avatar\/986aa4c61ccdb66f8555bf88fc2a65609d00bcabd4d2d94377a727547345cbca?s=96&d=mm&r=g","url":"https:\/\/secure.gravatar.com\/avatar\/986aa4c61ccdb66f8555bf88fc2a65609d00bcabd4d2d94377a727547345cbca?s=96&d=mm&r=g","contentUrl":"https:\/\/secure.gravatar.com\/avatar\/986aa4c61ccdb66f8555bf88fc2a65609d00bcabd4d2d94377a727547345cbca?s=96&d=mm&r=g","caption":"Farn\u00e9sio"},"description":"Radialista blogueiro, chegou a Petrolina\/Juazeiro em setembro de 1980, Farn\u00e9sio Silva \u00e9 de Arapiraca-Alagoas.","sameAs":["http:\/\/blogdofarnesio.com.br","https:\/\/www.facebook.com\/?ref=tn_tnmn","https:\/\/www.instagram.com\/?utm_source=pwa_homescreen","https:\/\/youtube.com.br\/"],"url":"https:\/\/blogdofarnesio.com.br\/?author=2"}]}},"_links":{"self":[{"href":"https:\/\/blogdofarnesio.com.br\/index.php?rest_route=\/wp\/v2\/posts\/344833","targetHints":{"allow":["GET"]}}],"collection":[{"href":"https:\/\/blogdofarnesio.com.br\/index.php?rest_route=\/wp\/v2\/posts"}],"about":[{"href":"https:\/\/blogdofarnesio.com.br\/index.php?rest_route=\/wp\/v2\/types\/post"}],"author":[{"embeddable":true,"href":"https:\/\/blogdofarnesio.com.br\/index.php?rest_route=\/wp\/v2\/users\/2"}],"replies":[{"embeddable":true,"href":"https:\/\/blogdofarnesio.com.br\/index.php?rest_route=%2Fwp%2Fv2%2Fcomments&post=344833"}],"version-history":[{"count":0,"href":"https:\/\/blogdofarnesio.com.br\/index.php?rest_route=\/wp\/v2\/posts\/344833\/revisions"}],"wp:featuredmedia":[{"embeddable":true,"href":"https:\/\/blogdofarnesio.com.br\/index.php?rest_route=\/wp\/v2\/media\/344834"}],"wp:attachment":[{"href":"https:\/\/blogdofarnesio.com.br\/index.php?rest_route=%2Fwp%2Fv2%2Fmedia&parent=344833"}],"wp:term":[{"taxonomy":"category","embeddable":true,"href":"https:\/\/blogdofarnesio.com.br\/index.php?rest_route=%2Fwp%2Fv2%2Fcategories&post=344833"},{"taxonomy":"post_tag","embeddable":true,"href":"https:\/\/blogdofarnesio.com.br\/index.php?rest_route=%2Fwp%2Fv2%2Ftags&post=344833"}],"curies":[{"name":"wp","href":"https:\/\/api.w.org\/{rel}","templated":true}]}}