{"id":344563,"date":"2023-07-04T13:00:31","date_gmt":"2023-07-04T16:00:31","guid":{"rendered":"https:\/\/blogdofarnesio.com.br\/?p=344563"},"modified":"2023-07-04T08:21:07","modified_gmt":"2023-07-04T11:21:07","slug":"prf-prende-mulher-em-petrolina-em-posse-de-veiculo-roubado-em-salvador","status":"publish","type":"post","link":"https:\/\/blogdofarnesio.com.br\/?p=344563","title":{"rendered":"PRF prende mulher em Petrolina em posse de ve\u00edculo roubado em Salvador"},"content":{"rendered":"<div id=\"viewlet-above-content-body\">\n<div id=\"media\">\n<p class=\"discreet\"><i>Na BR-428, na cidade de Petrolina, um Onix foi recuperado. O ve\u00edculo foi abordado no km 192 ap\u00f3s chamar a ten\u00e7\u00e3o pela pel\u00edcula dos vidros escura. Uma mulher dirigia o carro, que tinha ainda <\/i><i>sinais de adultera\u00e7\u00e3o.<\/i><\/p>\n<p class=\"discreet\"><i> De acordo com o boletim de ocorr\u00eancia, o ve\u00edculo havia sido roubado na cidade de Salvador. A motorista disse que que adquiriu o ve\u00edculo como forma de quita\u00e7\u00e3o de uma d\u00edvida de 12 mil. A ocorr\u00eancia foi encaminhada para a Pol\u00edcia Civil<\/i><\/p>\n<\/div>\n<\/div>\n<div id=\"content-core\">\n<div id=\"parent-fieldname-text\" class=\"\">\n<p><i>APol\u00edcia Rodovi\u00e1ria Federal (PRF) recuperou, nesta quinta (29), quatro ve\u00edculos para os quais havia boletins de ocorr\u00eancia informando de que haviam sido roubados. As ocorr\u00eancias foram registradas na BR-232 e na BR-428. Em uma das ocorr\u00eancias, o motorista do caminh\u00e3o foi levado pelos criminosos, j\u00e1 em outra, no Recife, o condutor n\u00e3o obedeceu a ordem de parada.<\/i><\/p>\n<p><i>Um dos ve\u00edculos recuperados foi um Etios. A ocorr\u00eancia foi registrada na BR-232, em Recife. O condutor n\u00e3o obedeceu a ordem de parada dada pelos policiais e fugiu por entre as ruas de uma comunidade \u00e0 margem da rodovia. O homem n\u00e3o foi identificado, mas o ve\u00edculo foi localizado. Sinais de adultera\u00e7\u00e3o foram observados nos elementos identificadores do carro, que tinha registro de roubo em 20 de junho, em Jaboat\u00e3o dos Guararapes.<\/i><\/p>\n<p><i>Em Bezerros, a PRF foi informada de que um caminh\u00e3o havia sido abandonado na BR-232.\u00a0<\/i><i>De acordo com propriet\u00e1rio que tamb\u00e9m esteve no local, o ve\u00edculo havia sido roubado nas imedia\u00e7\u00f5es do Ceasa, na BR-101, no \u00faltimo dia 27 de junho. Ainda segundo ele, o motorista foi levado pelos bandidos e deixa na cidade de Paudalho, distante uns 45 km. O caminh\u00e3o estava carregado de arroz, mas os criminosos n\u00e3o conseguiram levar a mercadoria. Uma equipe da Pol\u00edcia Civil tamb\u00e9m esteve no local e fez a per\u00edcia no ve\u00edculo.<\/i><\/p>\n<p><i>Em Serra Talhada, tamb\u00e9m na BR-232, a PRF recuperou um Onix com registro de roubo em janeiro de 2021, no Rio de Janeiro.\u00a0<\/i><i>Um dos passageiros se apresentou aos policias como propriet\u00e1rio do autom\u00f3vel. Ele disse que comprou o carro em Minas Gerais e que el\u00e9m de um valor em dinheiro ainda deu um outro carro como forma de pagamento. Ele foi encaminhado para a Delegacia de Pol\u00edcia Civil, onde ser\u00e1 investigada a pr\u00e1tica de recepta\u00e7\u00e3o.<\/i><\/p>\n<p>&nbsp;<\/p>\n<\/div>\n<\/div>\n","protected":false},"excerpt":{"rendered":"<p>Na BR-428, na cidade de Petrolina, um Onix foi recuperado. O ve\u00edculo foi abordado no km 192 ap\u00f3s chamar a ten\u00e7\u00e3o pela pel\u00edcula dos vidros escura. Uma mulher dirigia o carro, que tinha ainda sinais de adultera\u00e7\u00e3o. De acordo com o boletim de ocorr\u00eancia, o ve\u00edculo havia sido roubado na cidade de Salvador. A motorista disse que que adquiriu o ve\u00edculo como forma de quita\u00e7\u00e3o de uma d\u00edvida de 12 mil. A ocorr\u00eancia foi encaminhada para a Pol\u00edcia Civil APol\u00edcia Rodovi\u00e1ria Federal (PRF) recuperou, nesta quinta (29), quatro ve\u00edculos para os quais havia boletins de ocorr\u00eancia informando de que haviam sido roubados. As ocorr\u00eancias foram registradas na BR-232 e na BR-428. Em uma das ocorr\u00eancias, o motorista do caminh\u00e3o foi&hellip; <\/p>\n","protected":false},"author":2,"featured_media":344150,"comment_status":"open","ping_status":"open","sticky":false,"template":"","format":"standard","meta":{"_acf_changed":false,"footnotes":""},"categories":[17],"tags":[],"class_list":["post-344563","post","type-post","status-publish","format-standard","has-post-thumbnail","hentry","category-estradas"],"acf":[],"yoast_head":"<!-- This site is optimized with the Yoast SEO plugin v27.4 - https:\/\/yoast.com\/product\/yoast-seo-wordpress\/ -->\n<title>PRF prende mulher em Petrolina em posse de ve\u00edculo roubado em Salvador - Blog do Farn\u00e9sio<\/title>\n<meta name=\"robots\" content=\"index, follow, max-snippet:-1, max-image-preview:large, max-video-preview:-1\" \/>\n<link rel=\"canonical\" href=\"https:\/\/blogdofarnesio.com.br\/?p=344563\" \/>\n<meta property=\"og:locale\" content=\"pt_BR\" \/>\n<meta property=\"og:type\" content=\"article\" \/>\n<meta property=\"og:title\" content=\"PRF prende mulher em Petrolina em posse de ve\u00edculo roubado em Salvador - Blog do Farn\u00e9sio\" \/>\n<meta property=\"og:description\" content=\"Na BR-428, na cidade de Petrolina, um Onix foi recuperado. O ve\u00edculo foi abordado no km 192 ap\u00f3s chamar a ten\u00e7\u00e3o pela pel\u00edcula dos vidros escura. Uma mulher dirigia o carro, que tinha ainda sinais de adultera\u00e7\u00e3o. De acordo com o boletim de ocorr\u00eancia, o ve\u00edculo havia sido roubado na cidade de Salvador. A motorista disse que que adquiriu o ve\u00edculo como forma de quita\u00e7\u00e3o de uma d\u00edvida de 12 mil. A ocorr\u00eancia foi encaminhada para a Pol\u00edcia Civil APol\u00edcia Rodovi\u00e1ria Federal (PRF) recuperou, nesta quinta (29), quatro ve\u00edculos para os quais havia boletins de ocorr\u00eancia informando de que haviam sido roubados. As ocorr\u00eancias foram registradas na BR-232 e na BR-428. Em uma das ocorr\u00eancias, o motorista do caminh\u00e3o foi&hellip;\" \/>\n<meta property=\"og:url\" content=\"https:\/\/blogdofarnesio.com.br\/?p=344563\" \/>\n<meta property=\"og:site_name\" content=\"Blog do Farn\u00e9sio\" \/>\n<meta property=\"article:publisher\" content=\"https:\/\/www.facebook.com\/BlogQuerSaberPolitica\/\" \/>\n<meta property=\"article:author\" content=\"https:\/\/www.facebook.com\/?ref=tn_tnmn\" \/>\n<meta property=\"article:published_time\" content=\"2023-07-04T16:00:31+00:00\" \/>\n<meta property=\"og:image\" content=\"https:\/\/blogdofarnesio.com.br\/wp-content\/uploads\/2023\/06\/blogqsprf-jua.jpeg\" \/>\n\t<meta property=\"og:image:width\" content=\"768\" \/>\n\t<meta property=\"og:image:height\" content=\"397\" \/>\n\t<meta property=\"og:image:type\" content=\"image\/jpeg\" \/>\n<meta name=\"author\" content=\"Farn\u00e9sio\" \/>\n<meta name=\"twitter:card\" content=\"summary_large_image\" \/>\n<meta name=\"twitter:label1\" content=\"Escrito por\" \/>\n\t<meta name=\"twitter:data1\" content=\"Farn\u00e9sio\" \/>\n\t<meta name=\"twitter:label2\" content=\"Est. tempo de leitura\" \/>\n\t<meta name=\"twitter:data2\" content=\"3 minutos\" \/>\n<script type=\"application\/ld+json\" class=\"yoast-schema-graph\">{\"@context\":\"https:\\\/\\\/schema.org\",\"@graph\":[{\"@type\":\"Article\",\"@id\":\"https:\\\/\\\/blogdofarnesio.com.br\\\/?p=344563#article\",\"isPartOf\":{\"@id\":\"https:\\\/\\\/blogdofarnesio.com.br\\\/?p=344563\"},\"author\":{\"name\":\"Farn\u00e9sio\",\"@id\":\"https:\\\/\\\/blogdofarnesio.com.br\\\/#\\\/schema\\\/person\\\/bb9b23ae3ad0609ce8df7b6c9e76824d\"},\"headline\":\"PRF prende mulher em Petrolina em posse de ve\u00edculo roubado em Salvador\",\"datePublished\":\"2023-07-04T16:00:31+00:00\",\"mainEntityOfPage\":{\"@id\":\"https:\\\/\\\/blogdofarnesio.com.br\\\/?p=344563\"},\"wordCount\":424,\"commentCount\":0,\"publisher\":{\"@id\":\"https:\\\/\\\/blogdofarnesio.com.br\\\/#organization\"},\"image\":{\"@id\":\"https:\\\/\\\/blogdofarnesio.com.br\\\/?p=344563#primaryimage\"},\"thumbnailUrl\":\"https:\\\/\\\/blogdofarnesio.com.br\\\/wp-content\\\/uploads\\\/2023\\\/06\\\/blogqsprf-jua.jpeg\",\"articleSection\":[\"Estradas\"],\"inLanguage\":\"pt-BR\",\"potentialAction\":[{\"@type\":\"CommentAction\",\"name\":\"Comment\",\"target\":[\"https:\\\/\\\/blogdofarnesio.com.br\\\/?p=344563#respond\"]}]},{\"@type\":\"WebPage\",\"@id\":\"https:\\\/\\\/blogdofarnesio.com.br\\\/?p=344563\",\"url\":\"https:\\\/\\\/blogdofarnesio.com.br\\\/?p=344563\",\"name\":\"PRF prende mulher em Petrolina em posse de ve\u00edculo roubado em Salvador - Blog do Farn\u00e9sio\",\"isPartOf\":{\"@id\":\"https:\\\/\\\/blogdofarnesio.com.br\\\/#website\"},\"primaryImageOfPage\":{\"@id\":\"https:\\\/\\\/blogdofarnesio.com.br\\\/?p=344563#primaryimage\"},\"image\":{\"@id\":\"https:\\\/\\\/blogdofarnesio.com.br\\\/?p=344563#primaryimage\"},\"thumbnailUrl\":\"https:\\\/\\\/blogdofarnesio.com.br\\\/wp-content\\\/uploads\\\/2023\\\/06\\\/blogqsprf-jua.jpeg\",\"datePublished\":\"2023-07-04T16:00:31+00:00\",\"breadcrumb\":{\"@id\":\"https:\\\/\\\/blogdofarnesio.com.br\\\/?p=344563#breadcrumb\"},\"inLanguage\":\"pt-BR\",\"potentialAction\":[{\"@type\":\"ReadAction\",\"target\":[\"https:\\\/\\\/blogdofarnesio.com.br\\\/?p=344563\"]}]},{\"@type\":\"ImageObject\",\"inLanguage\":\"pt-BR\",\"@id\":\"https:\\\/\\\/blogdofarnesio.com.br\\\/?p=344563#primaryimage\",\"url\":\"https:\\\/\\\/blogdofarnesio.com.br\\\/wp-content\\\/uploads\\\/2023\\\/06\\\/blogqsprf-jua.jpeg\",\"contentUrl\":\"https:\\\/\\\/blogdofarnesio.com.br\\\/wp-content\\\/uploads\\\/2023\\\/06\\\/blogqsprf-jua.jpeg\",\"width\":768,\"height\":397},{\"@type\":\"BreadcrumbList\",\"@id\":\"https:\\\/\\\/blogdofarnesio.com.br\\\/?p=344563#breadcrumb\",\"itemListElement\":[{\"@type\":\"ListItem\",\"position\":1,\"name\":\"In\u00edcio\",\"item\":\"https:\\\/\\\/blogdofarnesio.com.br\\\/\"},{\"@type\":\"ListItem\",\"position\":2,\"name\":\"PRF prende mulher em Petrolina em posse de ve\u00edculo roubado em Salvador\"}]},{\"@type\":\"WebSite\",\"@id\":\"https:\\\/\\\/blogdofarnesio.com.br\\\/#website\",\"url\":\"https:\\\/\\\/blogdofarnesio.com.br\\\/\",\"name\":\"Blog do Farn\u00e9sio\",\"description\":\"Quer Saber Pol\u00edtica?\",\"publisher\":{\"@id\":\"https:\\\/\\\/blogdofarnesio.com.br\\\/#organization\"},\"potentialAction\":[{\"@type\":\"SearchAction\",\"target\":{\"@type\":\"EntryPoint\",\"urlTemplate\":\"https:\\\/\\\/blogdofarnesio.com.br\\\/?s={search_term_string}\"},\"query-input\":{\"@type\":\"PropertyValueSpecification\",\"valueRequired\":true,\"valueName\":\"search_term_string\"}}],\"inLanguage\":\"pt-BR\"},{\"@type\":\"Organization\",\"@id\":\"https:\\\/\\\/blogdofarnesio.com.br\\\/#organization\",\"name\":\"Blog do Farn\u00e9sio\",\"url\":\"https:\\\/\\\/blogdofarnesio.com.br\\\/\",\"logo\":{\"@type\":\"ImageObject\",\"inLanguage\":\"pt-BR\",\"@id\":\"https:\\\/\\\/blogdofarnesio.com.br\\\/#\\\/schema\\\/logo\\\/image\\\/\",\"url\":\"https:\\\/\\\/blogdofarnesio.com.br\\\/wp-content\\\/uploads\\\/2026\\\/03\\\/cropped-logo_new-1.png\",\"contentUrl\":\"https:\\\/\\\/blogdofarnesio.com.br\\\/wp-content\\\/uploads\\\/2026\\\/03\\\/cropped-logo_new-1.png\",\"width\":881,\"height\":685,\"caption\":\"Blog do Farn\u00e9sio\"},\"image\":{\"@id\":\"https:\\\/\\\/blogdofarnesio.com.br\\\/#\\\/schema\\\/logo\\\/image\\\/\"},\"sameAs\":[\"https:\\\/\\\/www.facebook.com\\\/BlogQuerSaberPolitica\\\/\"]},{\"@type\":\"Person\",\"@id\":\"https:\\\/\\\/blogdofarnesio.com.br\\\/#\\\/schema\\\/person\\\/bb9b23ae3ad0609ce8df7b6c9e76824d\",\"name\":\"Farn\u00e9sio\",\"image\":{\"@type\":\"ImageObject\",\"inLanguage\":\"pt-BR\",\"@id\":\"https:\\\/\\\/secure.gravatar.com\\\/avatar\\\/986aa4c61ccdb66f8555bf88fc2a65609d00bcabd4d2d94377a727547345cbca?s=96&d=mm&r=g\",\"url\":\"https:\\\/\\\/secure.gravatar.com\\\/avatar\\\/986aa4c61ccdb66f8555bf88fc2a65609d00bcabd4d2d94377a727547345cbca?s=96&d=mm&r=g\",\"contentUrl\":\"https:\\\/\\\/secure.gravatar.com\\\/avatar\\\/986aa4c61ccdb66f8555bf88fc2a65609d00bcabd4d2d94377a727547345cbca?s=96&d=mm&r=g\",\"caption\":\"Farn\u00e9sio\"},\"description\":\"Radialista blogueiro, chegou a Petrolina\\\/Juazeiro em setembro de 1980, Farn\u00e9sio Silva \u00e9 de Arapiraca-Alagoas.\",\"sameAs\":[\"http:\\\/\\\/blogdofarnesio.com.br\",\"https:\\\/\\\/www.facebook.com\\\/?ref=tn_tnmn\",\"https:\\\/\\\/www.instagram.com\\\/?utm_source=pwa_homescreen\",\"https:\\\/\\\/youtube.com.br\\\/\"],\"url\":\"https:\\\/\\\/blogdofarnesio.com.br\\\/?author=2\"}]}<\/script>\n<!-- \/ Yoast SEO plugin. -->","yoast_head_json":{"title":"PRF prende mulher em Petrolina em posse de ve\u00edculo roubado em Salvador - Blog do Farn\u00e9sio","robots":{"index":"index","follow":"follow","max-snippet":"max-snippet:-1","max-image-preview":"max-image-preview:large","max-video-preview":"max-video-preview:-1"},"canonical":"https:\/\/blogdofarnesio.com.br\/?p=344563","og_locale":"pt_BR","og_type":"article","og_title":"PRF prende mulher em Petrolina em posse de ve\u00edculo roubado em Salvador - Blog do Farn\u00e9sio","og_description":"Na BR-428, na cidade de Petrolina, um Onix foi recuperado. O ve\u00edculo foi abordado no km 192 ap\u00f3s chamar a ten\u00e7\u00e3o pela pel\u00edcula dos vidros escura. Uma mulher dirigia o carro, que tinha ainda sinais de adultera\u00e7\u00e3o. De acordo com o boletim de ocorr\u00eancia, o ve\u00edculo havia sido roubado na cidade de Salvador. A motorista disse que que adquiriu o ve\u00edculo como forma de quita\u00e7\u00e3o de uma d\u00edvida de 12 mil. A ocorr\u00eancia foi encaminhada para a Pol\u00edcia Civil APol\u00edcia Rodovi\u00e1ria Federal (PRF) recuperou, nesta quinta (29), quatro ve\u00edculos para os quais havia boletins de ocorr\u00eancia informando de que haviam sido roubados. As ocorr\u00eancias foram registradas na BR-232 e na BR-428. Em uma das ocorr\u00eancias, o motorista do caminh\u00e3o foi&hellip;","og_url":"https:\/\/blogdofarnesio.com.br\/?p=344563","og_site_name":"Blog do Farn\u00e9sio","article_publisher":"https:\/\/www.facebook.com\/BlogQuerSaberPolitica\/","article_author":"https:\/\/www.facebook.com\/?ref=tn_tnmn","article_published_time":"2023-07-04T16:00:31+00:00","og_image":[{"width":768,"height":397,"url":"https:\/\/blogdofarnesio.com.br\/wp-content\/uploads\/2023\/06\/blogqsprf-jua.jpeg","type":"image\/jpeg"}],"author":"Farn\u00e9sio","twitter_card":"summary_large_image","twitter_misc":{"Escrito por":"Farn\u00e9sio","Est. tempo de leitura":"3 minutos"},"schema":{"@context":"https:\/\/schema.org","@graph":[{"@type":"Article","@id":"https:\/\/blogdofarnesio.com.br\/?p=344563#article","isPartOf":{"@id":"https:\/\/blogdofarnesio.com.br\/?p=344563"},"author":{"name":"Farn\u00e9sio","@id":"https:\/\/blogdofarnesio.com.br\/#\/schema\/person\/bb9b23ae3ad0609ce8df7b6c9e76824d"},"headline":"PRF prende mulher em Petrolina em posse de ve\u00edculo roubado em Salvador","datePublished":"2023-07-04T16:00:31+00:00","mainEntityOfPage":{"@id":"https:\/\/blogdofarnesio.com.br\/?p=344563"},"wordCount":424,"commentCount":0,"publisher":{"@id":"https:\/\/blogdofarnesio.com.br\/#organization"},"image":{"@id":"https:\/\/blogdofarnesio.com.br\/?p=344563#primaryimage"},"thumbnailUrl":"https:\/\/blogdofarnesio.com.br\/wp-content\/uploads\/2023\/06\/blogqsprf-jua.jpeg","articleSection":["Estradas"],"inLanguage":"pt-BR","potentialAction":[{"@type":"CommentAction","name":"Comment","target":["https:\/\/blogdofarnesio.com.br\/?p=344563#respond"]}]},{"@type":"WebPage","@id":"https:\/\/blogdofarnesio.com.br\/?p=344563","url":"https:\/\/blogdofarnesio.com.br\/?p=344563","name":"PRF prende mulher em Petrolina em posse de ve\u00edculo roubado em Salvador - Blog do Farn\u00e9sio","isPartOf":{"@id":"https:\/\/blogdofarnesio.com.br\/#website"},"primaryImageOfPage":{"@id":"https:\/\/blogdofarnesio.com.br\/?p=344563#primaryimage"},"image":{"@id":"https:\/\/blogdofarnesio.com.br\/?p=344563#primaryimage"},"thumbnailUrl":"https:\/\/blogdofarnesio.com.br\/wp-content\/uploads\/2023\/06\/blogqsprf-jua.jpeg","datePublished":"2023-07-04T16:00:31+00:00","breadcrumb":{"@id":"https:\/\/blogdofarnesio.com.br\/?p=344563#breadcrumb"},"inLanguage":"pt-BR","potentialAction":[{"@type":"ReadAction","target":["https:\/\/blogdofarnesio.com.br\/?p=344563"]}]},{"@type":"ImageObject","inLanguage":"pt-BR","@id":"https:\/\/blogdofarnesio.com.br\/?p=344563#primaryimage","url":"https:\/\/blogdofarnesio.com.br\/wp-content\/uploads\/2023\/06\/blogqsprf-jua.jpeg","contentUrl":"https:\/\/blogdofarnesio.com.br\/wp-content\/uploads\/2023\/06\/blogqsprf-jua.jpeg","width":768,"height":397},{"@type":"BreadcrumbList","@id":"https:\/\/blogdofarnesio.com.br\/?p=344563#breadcrumb","itemListElement":[{"@type":"ListItem","position":1,"name":"In\u00edcio","item":"https:\/\/blogdofarnesio.com.br\/"},{"@type":"ListItem","position":2,"name":"PRF prende mulher em Petrolina em posse de ve\u00edculo roubado em Salvador"}]},{"@type":"WebSite","@id":"https:\/\/blogdofarnesio.com.br\/#website","url":"https:\/\/blogdofarnesio.com.br\/","name":"Blog do Farn\u00e9sio","description":"Quer Saber Pol\u00edtica?","publisher":{"@id":"https:\/\/blogdofarnesio.com.br\/#organization"},"potentialAction":[{"@type":"SearchAction","target":{"@type":"EntryPoint","urlTemplate":"https:\/\/blogdofarnesio.com.br\/?s={search_term_string}"},"query-input":{"@type":"PropertyValueSpecification","valueRequired":true,"valueName":"search_term_string"}}],"inLanguage":"pt-BR"},{"@type":"Organization","@id":"https:\/\/blogdofarnesio.com.br\/#organization","name":"Blog do Farn\u00e9sio","url":"https:\/\/blogdofarnesio.com.br\/","logo":{"@type":"ImageObject","inLanguage":"pt-BR","@id":"https:\/\/blogdofarnesio.com.br\/#\/schema\/logo\/image\/","url":"https:\/\/blogdofarnesio.com.br\/wp-content\/uploads\/2026\/03\/cropped-logo_new-1.png","contentUrl":"https:\/\/blogdofarnesio.com.br\/wp-content\/uploads\/2026\/03\/cropped-logo_new-1.png","width":881,"height":685,"caption":"Blog do Farn\u00e9sio"},"image":{"@id":"https:\/\/blogdofarnesio.com.br\/#\/schema\/logo\/image\/"},"sameAs":["https:\/\/www.facebook.com\/BlogQuerSaberPolitica\/"]},{"@type":"Person","@id":"https:\/\/blogdofarnesio.com.br\/#\/schema\/person\/bb9b23ae3ad0609ce8df7b6c9e76824d","name":"Farn\u00e9sio","image":{"@type":"ImageObject","inLanguage":"pt-BR","@id":"https:\/\/secure.gravatar.com\/avatar\/986aa4c61ccdb66f8555bf88fc2a65609d00bcabd4d2d94377a727547345cbca?s=96&d=mm&r=g","url":"https:\/\/secure.gravatar.com\/avatar\/986aa4c61ccdb66f8555bf88fc2a65609d00bcabd4d2d94377a727547345cbca?s=96&d=mm&r=g","contentUrl":"https:\/\/secure.gravatar.com\/avatar\/986aa4c61ccdb66f8555bf88fc2a65609d00bcabd4d2d94377a727547345cbca?s=96&d=mm&r=g","caption":"Farn\u00e9sio"},"description":"Radialista blogueiro, chegou a Petrolina\/Juazeiro em setembro de 1980, Farn\u00e9sio Silva \u00e9 de Arapiraca-Alagoas.","sameAs":["http:\/\/blogdofarnesio.com.br","https:\/\/www.facebook.com\/?ref=tn_tnmn","https:\/\/www.instagram.com\/?utm_source=pwa_homescreen","https:\/\/youtube.com.br\/"],"url":"https:\/\/blogdofarnesio.com.br\/?author=2"}]}},"_links":{"self":[{"href":"https:\/\/blogdofarnesio.com.br\/index.php?rest_route=\/wp\/v2\/posts\/344563","targetHints":{"allow":["GET"]}}],"collection":[{"href":"https:\/\/blogdofarnesio.com.br\/index.php?rest_route=\/wp\/v2\/posts"}],"about":[{"href":"https:\/\/blogdofarnesio.com.br\/index.php?rest_route=\/wp\/v2\/types\/post"}],"author":[{"embeddable":true,"href":"https:\/\/blogdofarnesio.com.br\/index.php?rest_route=\/wp\/v2\/users\/2"}],"replies":[{"embeddable":true,"href":"https:\/\/blogdofarnesio.com.br\/index.php?rest_route=%2Fwp%2Fv2%2Fcomments&post=344563"}],"version-history":[{"count":0,"href":"https:\/\/blogdofarnesio.com.br\/index.php?rest_route=\/wp\/v2\/posts\/344563\/revisions"}],"wp:featuredmedia":[{"embeddable":true,"href":"https:\/\/blogdofarnesio.com.br\/index.php?rest_route=\/wp\/v2\/media\/344150"}],"wp:attachment":[{"href":"https:\/\/blogdofarnesio.com.br\/index.php?rest_route=%2Fwp%2Fv2%2Fmedia&parent=344563"}],"wp:term":[{"taxonomy":"category","embeddable":true,"href":"https:\/\/blogdofarnesio.com.br\/index.php?rest_route=%2Fwp%2Fv2%2Fcategories&post=344563"},{"taxonomy":"post_tag","embeddable":true,"href":"https:\/\/blogdofarnesio.com.br\/index.php?rest_route=%2Fwp%2Fv2%2Ftags&post=344563"}],"curies":[{"name":"wp","href":"https:\/\/api.w.org\/{rel}","templated":true}]}}