{"id":344538,"date":"2023-07-04T14:42:00","date_gmt":"2023-07-04T17:42:00","guid":{"rendered":"https:\/\/blogdofarnesio.com.br\/?p=344538"},"modified":"2023-07-04T08:20:16","modified_gmt":"2023-07-04T11:20:16","slug":"petrolina-firma-parceria-para-formacao-gratuita-na-area-de-tecnologia","status":"publish","type":"post","link":"https:\/\/blogdofarnesio.com.br\/?p=344538","title":{"rendered":"Petrolina firma parceria para forma\u00e7\u00e3o gratuita na \u00e1rea de tecnologia"},"content":{"rendered":"<p>Com o objetivo de oferecer forma\u00e7\u00e3o profissional na \u00e1rea de tecnologia aos jovens e adultos de forma gratuita, a Prefeitura Municipal de Petrolina, por meio da Secretaria de Inova\u00e7\u00e3o e Tecnologia de Petrolina (SEINTEC), firmou parceria com a RECODE e a Delloite, duas entidades sem fins lucrativos que atuam na capacita\u00e7\u00e3o t\u00e9cnica por meio do empoderamento digital em mais de 12 pa\u00edses e no Brasil.<u><\/u>\u00a0<u><\/u><\/p>\n<p>Destinada aos jovens com idade a partir dos 14 anos e adultos, a Forma\u00e7\u00e3o \u00e9 realizada atrav\u00e9s da plataforma online da RECODE. O conte\u00fado program\u00e1tico do curso aborda, al\u00e9m das novas tecnologias, o Ensino B\u00e1sico e M\u00e9dio com temas essenciais para qualquer trabalho. Em Petrolina, a primeira fase do programa teve in\u00edcio de forma experimental no final do m\u00eas de maio, com uma turma de 60 alunos. Ap\u00f3s a conclus\u00e3o dos cursos, os alunos ser\u00e3o automaticamente direcionados ao Portal de Oportunidades da RECODE, com as potenciais vagas disponibilizadas no mercado pelos seus parceiros.\u00a0<u><\/u>\u00a0<u><\/u><\/p>\n<p>Para dona de casa, Valdennya Ramalho, o curso \u00e9 mais uma grande oportunidade de aprendizado.\u00a0<i>\u201cFico feliz com iniciativa da Prefeitura de Petrolina, nos dando essa oportunidade de aprender mais sobre o mundo tecnol\u00f3gico. \u00c9 gratificante ser m\u00e3e, dona de casa e ainda com poucos recursos ter a capacidade de aprender a dist\u00e2ncia. Espero que tenhamos mais e mais oportunidades assim. Esse mundo \u00e9 novo e fico feliz em explorar cada dia mais\u201d,<\/i>\u00a0enfatiza Valdennya.<u><\/u>\u00a0<u><\/u><\/p>\n<p>Segundo o secret\u00e1rio de Inova\u00e7\u00e3o e Tecnologia, Cl\u00e9riston Ramos, a parceria com as institui\u00e7\u00f5es vai oferecer a popula\u00e7\u00e3o, novas oportunidades para um futuro profissional e acesso \u00e0s \u00e1reas de tecnologia.\u00a0<i>\u201cA inclus\u00e3o digital s\u00f3 existe se tiver inclus\u00e3o social. Nosso objetivo \u00e9 criar oportunidade para aqueles que desejam uma nova profiss\u00e3o. Alguns alunos j\u00e1 conclu\u00edram a primeira etapa e agora poder\u00e3o dar continuidade a sua Forma\u00e7\u00e3o. Para o prefeito Sim\u00e3o Durando, \u00e9 importante abrir o mercado de trabalho para estes novos profissionais, e assim como a RECODE, pretendemos tamb\u00e9m formar o nosso banco de curr\u00edculos e disponibilizar os nomes dessas pessoas para as empresas da regi\u00e3o\u201d,<\/i>\u00a0destaca Cl\u00e9riston Ramos.<u><\/u>\u00a0<u><\/u><\/p>\n<p>Para fazer a inscri\u00e7\u00e3o e participar de forma gratuita da Jornada de Empoderamento Digital, basta o interessado acessar a plataforma e preencher o formul\u00e1rio dispon\u00edvel no endere\u00e7o eletr\u00f4nico\u00a0<a href=\"http:\/\/recode.org.br\/JORNADA\" target=\"_blank\" rel=\"noopener\" data-saferedirecturl=\"https:\/\/www.google.com\/url?q=http:\/\/RECODE.ORG.BR\/JORNADA&amp;source=gmail&amp;ust=1688497268367000&amp;usg=AOvVaw2bawZpgK5O9zS_n94iQr52\">RECODE.ORG.BR\/JORNADA<\/a>. No caso de d\u00favidas, o aluno poder\u00e1 solicitar ajuda no campo dispon\u00edvel no pr\u00f3prio site da entidade ou entrar em contato atrav\u00e9s do n\u00famero WhatsApp (21) 99607-8360.\u00a0<u><\/u><\/p>\n","protected":false},"excerpt":{"rendered":"<p>Com o objetivo de oferecer forma\u00e7\u00e3o profissional na \u00e1rea de tecnologia aos jovens e adultos de forma gratuita, a Prefeitura Municipal de Petrolina, por meio da Secretaria de Inova\u00e7\u00e3o e Tecnologia de Petrolina (SEINTEC), firmou parceria com a RECODE e a Delloite, duas entidades sem fins lucrativos que atuam na capacita\u00e7\u00e3o t\u00e9cnica por meio do empoderamento digital em mais de 12 pa\u00edses e no Brasil.\u00a0 Destinada aos jovens com idade a partir dos 14 anos e adultos, a Forma\u00e7\u00e3o \u00e9 realizada atrav\u00e9s da plataforma online da RECODE. O conte\u00fado program\u00e1tico do curso aborda, al\u00e9m das novas tecnologias, o Ensino B\u00e1sico e M\u00e9dio com temas essenciais para qualquer trabalho. Em Petrolina, a primeira fase do programa teve in\u00edcio de forma experimental&hellip; <\/p>\n","protected":false},"author":2,"featured_media":154804,"comment_status":"open","ping_status":"open","sticky":false,"template":"","format":"standard","meta":{"_acf_changed":false,"footnotes":""},"categories":[35],"tags":[],"class_list":["post-344538","post","type-post","status-publish","format-standard","has-post-thumbnail","hentry","category-ti-internet"],"acf":[],"yoast_head":"<!-- This site is optimized with the Yoast SEO plugin v27.4 - https:\/\/yoast.com\/product\/yoast-seo-wordpress\/ -->\n<title>Petrolina firma parceria para forma\u00e7\u00e3o gratuita na \u00e1rea de tecnologia - Blog do Farn\u00e9sio<\/title>\n<meta name=\"robots\" content=\"index, follow, max-snippet:-1, max-image-preview:large, max-video-preview:-1\" \/>\n<link rel=\"canonical\" href=\"https:\/\/blogdofarnesio.com.br\/?p=344538\" \/>\n<meta property=\"og:locale\" content=\"pt_BR\" \/>\n<meta property=\"og:type\" content=\"article\" \/>\n<meta property=\"og:title\" content=\"Petrolina firma parceria para forma\u00e7\u00e3o gratuita na \u00e1rea de tecnologia - Blog do Farn\u00e9sio\" \/>\n<meta property=\"og:description\" content=\"Com o objetivo de oferecer forma\u00e7\u00e3o profissional na \u00e1rea de tecnologia aos jovens e adultos de forma gratuita, a Prefeitura Municipal de Petrolina, por meio da Secretaria de Inova\u00e7\u00e3o e Tecnologia de Petrolina (SEINTEC), firmou parceria com a RECODE e a Delloite, duas entidades sem fins lucrativos que atuam na capacita\u00e7\u00e3o t\u00e9cnica por meio do empoderamento digital em mais de 12 pa\u00edses e no Brasil.\u00a0 Destinada aos jovens com idade a partir dos 14 anos e adultos, a Forma\u00e7\u00e3o \u00e9 realizada atrav\u00e9s da plataforma online da RECODE. O conte\u00fado program\u00e1tico do curso aborda, al\u00e9m das novas tecnologias, o Ensino B\u00e1sico e M\u00e9dio com temas essenciais para qualquer trabalho. Em Petrolina, a primeira fase do programa teve in\u00edcio de forma experimental&hellip;\" \/>\n<meta property=\"og:url\" content=\"https:\/\/blogdofarnesio.com.br\/?p=344538\" \/>\n<meta property=\"og:site_name\" content=\"Blog do Farn\u00e9sio\" \/>\n<meta property=\"article:publisher\" content=\"https:\/\/www.facebook.com\/BlogQuerSaberPolitica\/\" \/>\n<meta property=\"article:author\" content=\"https:\/\/www.facebook.com\/?ref=tn_tnmn\" \/>\n<meta property=\"article:published_time\" content=\"2023-07-04T17:42:00+00:00\" \/>\n<meta property=\"og:image\" content=\"https:\/\/blogdofarnesio.com.br\/wp-content\/uploads\/2017\/01\/blogqspinternetTecnologia-da-informacao.jpg\" \/>\n\t<meta property=\"og:image:width\" content=\"665\" \/>\n\t<meta property=\"og:image:height\" content=\"230\" \/>\n\t<meta property=\"og:image:type\" content=\"image\/jpeg\" \/>\n<meta name=\"author\" content=\"Farn\u00e9sio\" \/>\n<meta name=\"twitter:card\" content=\"summary_large_image\" \/>\n<meta name=\"twitter:label1\" content=\"Escrito por\" \/>\n\t<meta name=\"twitter:data1\" content=\"Farn\u00e9sio\" \/>\n\t<meta name=\"twitter:label2\" content=\"Est. tempo de leitura\" \/>\n\t<meta name=\"twitter:data2\" content=\"3 minutos\" \/>\n<script type=\"application\/ld+json\" class=\"yoast-schema-graph\">{\"@context\":\"https:\\\/\\\/schema.org\",\"@graph\":[{\"@type\":\"Article\",\"@id\":\"https:\\\/\\\/blogdofarnesio.com.br\\\/?p=344538#article\",\"isPartOf\":{\"@id\":\"https:\\\/\\\/blogdofarnesio.com.br\\\/?p=344538\"},\"author\":{\"name\":\"Farn\u00e9sio\",\"@id\":\"https:\\\/\\\/blogdofarnesio.com.br\\\/#\\\/schema\\\/person\\\/bb9b23ae3ad0609ce8df7b6c9e76824d\"},\"headline\":\"Petrolina firma parceria para forma\u00e7\u00e3o gratuita na \u00e1rea de tecnologia\",\"datePublished\":\"2023-07-04T17:42:00+00:00\",\"mainEntityOfPage\":{\"@id\":\"https:\\\/\\\/blogdofarnesio.com.br\\\/?p=344538\"},\"wordCount\":448,\"commentCount\":0,\"publisher\":{\"@id\":\"https:\\\/\\\/blogdofarnesio.com.br\\\/#organization\"},\"image\":{\"@id\":\"https:\\\/\\\/blogdofarnesio.com.br\\\/?p=344538#primaryimage\"},\"thumbnailUrl\":\"https:\\\/\\\/blogdofarnesio.com.br\\\/wp-content\\\/uploads\\\/2017\\\/01\\\/blogqspinternetTecnologia-da-informacao.jpg\",\"articleSection\":[\"T.I. (INTERNET)\"],\"inLanguage\":\"pt-BR\",\"potentialAction\":[{\"@type\":\"CommentAction\",\"name\":\"Comment\",\"target\":[\"https:\\\/\\\/blogdofarnesio.com.br\\\/?p=344538#respond\"]}]},{\"@type\":\"WebPage\",\"@id\":\"https:\\\/\\\/blogdofarnesio.com.br\\\/?p=344538\",\"url\":\"https:\\\/\\\/blogdofarnesio.com.br\\\/?p=344538\",\"name\":\"Petrolina firma parceria para forma\u00e7\u00e3o gratuita na \u00e1rea de tecnologia - Blog do Farn\u00e9sio\",\"isPartOf\":{\"@id\":\"https:\\\/\\\/blogdofarnesio.com.br\\\/#website\"},\"primaryImageOfPage\":{\"@id\":\"https:\\\/\\\/blogdofarnesio.com.br\\\/?p=344538#primaryimage\"},\"image\":{\"@id\":\"https:\\\/\\\/blogdofarnesio.com.br\\\/?p=344538#primaryimage\"},\"thumbnailUrl\":\"https:\\\/\\\/blogdofarnesio.com.br\\\/wp-content\\\/uploads\\\/2017\\\/01\\\/blogqspinternetTecnologia-da-informacao.jpg\",\"datePublished\":\"2023-07-04T17:42:00+00:00\",\"breadcrumb\":{\"@id\":\"https:\\\/\\\/blogdofarnesio.com.br\\\/?p=344538#breadcrumb\"},\"inLanguage\":\"pt-BR\",\"potentialAction\":[{\"@type\":\"ReadAction\",\"target\":[\"https:\\\/\\\/blogdofarnesio.com.br\\\/?p=344538\"]}]},{\"@type\":\"ImageObject\",\"inLanguage\":\"pt-BR\",\"@id\":\"https:\\\/\\\/blogdofarnesio.com.br\\\/?p=344538#primaryimage\",\"url\":\"https:\\\/\\\/blogdofarnesio.com.br\\\/wp-content\\\/uploads\\\/2017\\\/01\\\/blogqspinternetTecnologia-da-informacao.jpg\",\"contentUrl\":\"https:\\\/\\\/blogdofarnesio.com.br\\\/wp-content\\\/uploads\\\/2017\\\/01\\\/blogqspinternetTecnologia-da-informacao.jpg\",\"width\":665,\"height\":230},{\"@type\":\"BreadcrumbList\",\"@id\":\"https:\\\/\\\/blogdofarnesio.com.br\\\/?p=344538#breadcrumb\",\"itemListElement\":[{\"@type\":\"ListItem\",\"position\":1,\"name\":\"In\u00edcio\",\"item\":\"https:\\\/\\\/blogdofarnesio.com.br\\\/\"},{\"@type\":\"ListItem\",\"position\":2,\"name\":\"Petrolina firma parceria para forma\u00e7\u00e3o gratuita na \u00e1rea de tecnologia\"}]},{\"@type\":\"WebSite\",\"@id\":\"https:\\\/\\\/blogdofarnesio.com.br\\\/#website\",\"url\":\"https:\\\/\\\/blogdofarnesio.com.br\\\/\",\"name\":\"Blog do Farn\u00e9sio\",\"description\":\"Quer Saber Pol\u00edtica?\",\"publisher\":{\"@id\":\"https:\\\/\\\/blogdofarnesio.com.br\\\/#organization\"},\"potentialAction\":[{\"@type\":\"SearchAction\",\"target\":{\"@type\":\"EntryPoint\",\"urlTemplate\":\"https:\\\/\\\/blogdofarnesio.com.br\\\/?s={search_term_string}\"},\"query-input\":{\"@type\":\"PropertyValueSpecification\",\"valueRequired\":true,\"valueName\":\"search_term_string\"}}],\"inLanguage\":\"pt-BR\"},{\"@type\":\"Organization\",\"@id\":\"https:\\\/\\\/blogdofarnesio.com.br\\\/#organization\",\"name\":\"Blog do Farn\u00e9sio\",\"url\":\"https:\\\/\\\/blogdofarnesio.com.br\\\/\",\"logo\":{\"@type\":\"ImageObject\",\"inLanguage\":\"pt-BR\",\"@id\":\"https:\\\/\\\/blogdofarnesio.com.br\\\/#\\\/schema\\\/logo\\\/image\\\/\",\"url\":\"https:\\\/\\\/blogdofarnesio.com.br\\\/wp-content\\\/uploads\\\/2026\\\/03\\\/cropped-logo_new-1.png\",\"contentUrl\":\"https:\\\/\\\/blogdofarnesio.com.br\\\/wp-content\\\/uploads\\\/2026\\\/03\\\/cropped-logo_new-1.png\",\"width\":881,\"height\":685,\"caption\":\"Blog do Farn\u00e9sio\"},\"image\":{\"@id\":\"https:\\\/\\\/blogdofarnesio.com.br\\\/#\\\/schema\\\/logo\\\/image\\\/\"},\"sameAs\":[\"https:\\\/\\\/www.facebook.com\\\/BlogQuerSaberPolitica\\\/\"]},{\"@type\":\"Person\",\"@id\":\"https:\\\/\\\/blogdofarnesio.com.br\\\/#\\\/schema\\\/person\\\/bb9b23ae3ad0609ce8df7b6c9e76824d\",\"name\":\"Farn\u00e9sio\",\"image\":{\"@type\":\"ImageObject\",\"inLanguage\":\"pt-BR\",\"@id\":\"https:\\\/\\\/secure.gravatar.com\\\/avatar\\\/986aa4c61ccdb66f8555bf88fc2a65609d00bcabd4d2d94377a727547345cbca?s=96&d=mm&r=g\",\"url\":\"https:\\\/\\\/secure.gravatar.com\\\/avatar\\\/986aa4c61ccdb66f8555bf88fc2a65609d00bcabd4d2d94377a727547345cbca?s=96&d=mm&r=g\",\"contentUrl\":\"https:\\\/\\\/secure.gravatar.com\\\/avatar\\\/986aa4c61ccdb66f8555bf88fc2a65609d00bcabd4d2d94377a727547345cbca?s=96&d=mm&r=g\",\"caption\":\"Farn\u00e9sio\"},\"description\":\"Radialista blogueiro, chegou a Petrolina\\\/Juazeiro em setembro de 1980, Farn\u00e9sio Silva \u00e9 de Arapiraca-Alagoas.\",\"sameAs\":[\"http:\\\/\\\/blogdofarnesio.com.br\",\"https:\\\/\\\/www.facebook.com\\\/?ref=tn_tnmn\",\"https:\\\/\\\/www.instagram.com\\\/?utm_source=pwa_homescreen\",\"https:\\\/\\\/youtube.com.br\\\/\"],\"url\":\"https:\\\/\\\/blogdofarnesio.com.br\\\/?author=2\"}]}<\/script>\n<!-- \/ Yoast SEO plugin. -->","yoast_head_json":{"title":"Petrolina firma parceria para forma\u00e7\u00e3o gratuita na \u00e1rea de tecnologia - Blog do Farn\u00e9sio","robots":{"index":"index","follow":"follow","max-snippet":"max-snippet:-1","max-image-preview":"max-image-preview:large","max-video-preview":"max-video-preview:-1"},"canonical":"https:\/\/blogdofarnesio.com.br\/?p=344538","og_locale":"pt_BR","og_type":"article","og_title":"Petrolina firma parceria para forma\u00e7\u00e3o gratuita na \u00e1rea de tecnologia - Blog do Farn\u00e9sio","og_description":"Com o objetivo de oferecer forma\u00e7\u00e3o profissional na \u00e1rea de tecnologia aos jovens e adultos de forma gratuita, a Prefeitura Municipal de Petrolina, por meio da Secretaria de Inova\u00e7\u00e3o e Tecnologia de Petrolina (SEINTEC), firmou parceria com a RECODE e a Delloite, duas entidades sem fins lucrativos que atuam na capacita\u00e7\u00e3o t\u00e9cnica por meio do empoderamento digital em mais de 12 pa\u00edses e no Brasil.\u00a0 Destinada aos jovens com idade a partir dos 14 anos e adultos, a Forma\u00e7\u00e3o \u00e9 realizada atrav\u00e9s da plataforma online da RECODE. O conte\u00fado program\u00e1tico do curso aborda, al\u00e9m das novas tecnologias, o Ensino B\u00e1sico e M\u00e9dio com temas essenciais para qualquer trabalho. Em Petrolina, a primeira fase do programa teve in\u00edcio de forma experimental&hellip;","og_url":"https:\/\/blogdofarnesio.com.br\/?p=344538","og_site_name":"Blog do Farn\u00e9sio","article_publisher":"https:\/\/www.facebook.com\/BlogQuerSaberPolitica\/","article_author":"https:\/\/www.facebook.com\/?ref=tn_tnmn","article_published_time":"2023-07-04T17:42:00+00:00","og_image":[{"width":665,"height":230,"url":"https:\/\/blogdofarnesio.com.br\/wp-content\/uploads\/2017\/01\/blogqspinternetTecnologia-da-informacao.jpg","type":"image\/jpeg"}],"author":"Farn\u00e9sio","twitter_card":"summary_large_image","twitter_misc":{"Escrito por":"Farn\u00e9sio","Est. tempo de leitura":"3 minutos"},"schema":{"@context":"https:\/\/schema.org","@graph":[{"@type":"Article","@id":"https:\/\/blogdofarnesio.com.br\/?p=344538#article","isPartOf":{"@id":"https:\/\/blogdofarnesio.com.br\/?p=344538"},"author":{"name":"Farn\u00e9sio","@id":"https:\/\/blogdofarnesio.com.br\/#\/schema\/person\/bb9b23ae3ad0609ce8df7b6c9e76824d"},"headline":"Petrolina firma parceria para forma\u00e7\u00e3o gratuita na \u00e1rea de tecnologia","datePublished":"2023-07-04T17:42:00+00:00","mainEntityOfPage":{"@id":"https:\/\/blogdofarnesio.com.br\/?p=344538"},"wordCount":448,"commentCount":0,"publisher":{"@id":"https:\/\/blogdofarnesio.com.br\/#organization"},"image":{"@id":"https:\/\/blogdofarnesio.com.br\/?p=344538#primaryimage"},"thumbnailUrl":"https:\/\/blogdofarnesio.com.br\/wp-content\/uploads\/2017\/01\/blogqspinternetTecnologia-da-informacao.jpg","articleSection":["T.I. (INTERNET)"],"inLanguage":"pt-BR","potentialAction":[{"@type":"CommentAction","name":"Comment","target":["https:\/\/blogdofarnesio.com.br\/?p=344538#respond"]}]},{"@type":"WebPage","@id":"https:\/\/blogdofarnesio.com.br\/?p=344538","url":"https:\/\/blogdofarnesio.com.br\/?p=344538","name":"Petrolina firma parceria para forma\u00e7\u00e3o gratuita na \u00e1rea de tecnologia - Blog do Farn\u00e9sio","isPartOf":{"@id":"https:\/\/blogdofarnesio.com.br\/#website"},"primaryImageOfPage":{"@id":"https:\/\/blogdofarnesio.com.br\/?p=344538#primaryimage"},"image":{"@id":"https:\/\/blogdofarnesio.com.br\/?p=344538#primaryimage"},"thumbnailUrl":"https:\/\/blogdofarnesio.com.br\/wp-content\/uploads\/2017\/01\/blogqspinternetTecnologia-da-informacao.jpg","datePublished":"2023-07-04T17:42:00+00:00","breadcrumb":{"@id":"https:\/\/blogdofarnesio.com.br\/?p=344538#breadcrumb"},"inLanguage":"pt-BR","potentialAction":[{"@type":"ReadAction","target":["https:\/\/blogdofarnesio.com.br\/?p=344538"]}]},{"@type":"ImageObject","inLanguage":"pt-BR","@id":"https:\/\/blogdofarnesio.com.br\/?p=344538#primaryimage","url":"https:\/\/blogdofarnesio.com.br\/wp-content\/uploads\/2017\/01\/blogqspinternetTecnologia-da-informacao.jpg","contentUrl":"https:\/\/blogdofarnesio.com.br\/wp-content\/uploads\/2017\/01\/blogqspinternetTecnologia-da-informacao.jpg","width":665,"height":230},{"@type":"BreadcrumbList","@id":"https:\/\/blogdofarnesio.com.br\/?p=344538#breadcrumb","itemListElement":[{"@type":"ListItem","position":1,"name":"In\u00edcio","item":"https:\/\/blogdofarnesio.com.br\/"},{"@type":"ListItem","position":2,"name":"Petrolina firma parceria para forma\u00e7\u00e3o gratuita na \u00e1rea de tecnologia"}]},{"@type":"WebSite","@id":"https:\/\/blogdofarnesio.com.br\/#website","url":"https:\/\/blogdofarnesio.com.br\/","name":"Blog do Farn\u00e9sio","description":"Quer Saber Pol\u00edtica?","publisher":{"@id":"https:\/\/blogdofarnesio.com.br\/#organization"},"potentialAction":[{"@type":"SearchAction","target":{"@type":"EntryPoint","urlTemplate":"https:\/\/blogdofarnesio.com.br\/?s={search_term_string}"},"query-input":{"@type":"PropertyValueSpecification","valueRequired":true,"valueName":"search_term_string"}}],"inLanguage":"pt-BR"},{"@type":"Organization","@id":"https:\/\/blogdofarnesio.com.br\/#organization","name":"Blog do Farn\u00e9sio","url":"https:\/\/blogdofarnesio.com.br\/","logo":{"@type":"ImageObject","inLanguage":"pt-BR","@id":"https:\/\/blogdofarnesio.com.br\/#\/schema\/logo\/image\/","url":"https:\/\/blogdofarnesio.com.br\/wp-content\/uploads\/2026\/03\/cropped-logo_new-1.png","contentUrl":"https:\/\/blogdofarnesio.com.br\/wp-content\/uploads\/2026\/03\/cropped-logo_new-1.png","width":881,"height":685,"caption":"Blog do Farn\u00e9sio"},"image":{"@id":"https:\/\/blogdofarnesio.com.br\/#\/schema\/logo\/image\/"},"sameAs":["https:\/\/www.facebook.com\/BlogQuerSaberPolitica\/"]},{"@type":"Person","@id":"https:\/\/blogdofarnesio.com.br\/#\/schema\/person\/bb9b23ae3ad0609ce8df7b6c9e76824d","name":"Farn\u00e9sio","image":{"@type":"ImageObject","inLanguage":"pt-BR","@id":"https:\/\/secure.gravatar.com\/avatar\/986aa4c61ccdb66f8555bf88fc2a65609d00bcabd4d2d94377a727547345cbca?s=96&d=mm&r=g","url":"https:\/\/secure.gravatar.com\/avatar\/986aa4c61ccdb66f8555bf88fc2a65609d00bcabd4d2d94377a727547345cbca?s=96&d=mm&r=g","contentUrl":"https:\/\/secure.gravatar.com\/avatar\/986aa4c61ccdb66f8555bf88fc2a65609d00bcabd4d2d94377a727547345cbca?s=96&d=mm&r=g","caption":"Farn\u00e9sio"},"description":"Radialista blogueiro, chegou a Petrolina\/Juazeiro em setembro de 1980, Farn\u00e9sio Silva \u00e9 de Arapiraca-Alagoas.","sameAs":["http:\/\/blogdofarnesio.com.br","https:\/\/www.facebook.com\/?ref=tn_tnmn","https:\/\/www.instagram.com\/?utm_source=pwa_homescreen","https:\/\/youtube.com.br\/"],"url":"https:\/\/blogdofarnesio.com.br\/?author=2"}]}},"_links":{"self":[{"href":"https:\/\/blogdofarnesio.com.br\/index.php?rest_route=\/wp\/v2\/posts\/344538","targetHints":{"allow":["GET"]}}],"collection":[{"href":"https:\/\/blogdofarnesio.com.br\/index.php?rest_route=\/wp\/v2\/posts"}],"about":[{"href":"https:\/\/blogdofarnesio.com.br\/index.php?rest_route=\/wp\/v2\/types\/post"}],"author":[{"embeddable":true,"href":"https:\/\/blogdofarnesio.com.br\/index.php?rest_route=\/wp\/v2\/users\/2"}],"replies":[{"embeddable":true,"href":"https:\/\/blogdofarnesio.com.br\/index.php?rest_route=%2Fwp%2Fv2%2Fcomments&post=344538"}],"version-history":[{"count":0,"href":"https:\/\/blogdofarnesio.com.br\/index.php?rest_route=\/wp\/v2\/posts\/344538\/revisions"}],"wp:featuredmedia":[{"embeddable":true,"href":"https:\/\/blogdofarnesio.com.br\/index.php?rest_route=\/wp\/v2\/media\/154804"}],"wp:attachment":[{"href":"https:\/\/blogdofarnesio.com.br\/index.php?rest_route=%2Fwp%2Fv2%2Fmedia&parent=344538"}],"wp:term":[{"taxonomy":"category","embeddable":true,"href":"https:\/\/blogdofarnesio.com.br\/index.php?rest_route=%2Fwp%2Fv2%2Fcategories&post=344538"},{"taxonomy":"post_tag","embeddable":true,"href":"https:\/\/blogdofarnesio.com.br\/index.php?rest_route=%2Fwp%2Fv2%2Ftags&post=344538"}],"curies":[{"name":"wp","href":"https:\/\/api.w.org\/{rel}","templated":true}]}}