{"id":344504,"date":"2023-07-03T15:23:14","date_gmt":"2023-07-03T18:23:14","guid":{"rendered":"https:\/\/blogdofarnesio.com.br\/?p=344504"},"modified":"2023-07-03T11:31:00","modified_gmt":"2023-07-03T14:31:00","slug":"adolescente-faz-tratamento-de-doenca-rara-no-hospital-dom-malan-em-petrolina","status":"publish","type":"post","link":"https:\/\/blogdofarnesio.com.br\/?p=344504","title":{"rendered":"Adolescente faz tratamento de doen\u00e7a rara no Hospital Dom Malan em Petrolina"},"content":{"rendered":"<p style=\"font-weight: 400;\">Maria Luiza dos Santos, tem 15 anos. Ama dan\u00e7ar, gosta de se maquiar e estar sempre bem arrumada. \u00c9 carism\u00e1tica e distribui afeto pelos corredores e sala de tratamento do Hospital Dom Malan, em Petrolina, no Sert\u00e3o de Pernambuco.<\/p>\n<p style=\"font-weight: 400;\">Malu sofre de Mucopolissacaridoses (MPS), conhecida tamb\u00e9m como\u00a0S\u00edndrome de Morquio,\u00a0que s\u00e3o doen\u00e7as gen\u00e9ticas raras que afetam a produ\u00e7\u00e3o de enzimas \u2013 prote\u00ednas fundamentais para diversos processos qu\u00edmicos no organismo, cuja falta pode provocar v\u00e1rios transtornos.<\/p>\n<p style=\"font-weight: 400;\">Os sintomas incluem baixa estatura, abund\u00e2ncia de pelos, rigidez das articula\u00e7\u00f5es dos dedos e face com tra\u00e7os grosseiros.<\/p>\n<p style=\"font-weight: 400;\">Essa garota de sorriso f\u00e1cil, chegou ao HDM quando tinha 2 anos e seis meses de vida e foi recebida pela equipe pedi\u00e1trica, hoje comandada pela Dra. Tatiana Cerqueira que integrava o grupo de m\u00e9dicos. \u201c<em>Quando Maria Luiza chegou ao hospital n\u00f3s come\u00e7amos a fazer os exames necess\u00e1rios para fechar o diagn\u00f3stico. Compartilhamos o caso com colegas do Recife porque o diagn\u00f3stico correto da MPS \u00e9 fundamental para propiciar melhor qualidade de vida ao paciente. Ela tem a Mucopolissacaridose do tipo IV, que \u00e9 uma doen\u00e7a gen\u00e9tica rara, de heran\u00e7a autoss\u00f4mica recessiva, causada pela atividade deficiente da enzima N-acetilgalactosamina-6-sulfatase (GALNS), respons\u00e1vel pela degrada\u00e7\u00e3o dos glicosaminoglicanos (GAGs) queratan sulfato (QS) e condroitina 6-sulfato (C6S), resultando no ac\u00famulo desses componentes nos lisossomos de m\u00faltiplos tecidos do corpo. \u00c9 caracterizada como doen\u00e7a multissist\u00eamica, heterog\u00eanea e progressiva, com velocidade de progress\u00e3o dos sintomas e gravidade muito vari\u00e1veis<\/em>\u201d explicou a pediatra.<\/p>\n<p style=\"font-weight: 400;\">A doen\u00e7a em Maria Luiza apresentou como sintomas a baixa estatura, altera\u00e7\u00f5es na coluna vertebral, no quadril, nos punhos, no t\u00f3rax e nas costelas. Uma complica\u00e7\u00e3o importante desta s\u00edndrome \u00e9 a tetraplegia, causada compress\u00e3o medular e danos \u00e0 medula cervical. Ela tem ainda comprometimento card\u00edaco e pulmonar.<\/p>\n<p style=\"font-weight: 400;\">Em 2011, o tratamento come\u00e7ou a ser oferecido pela rede p\u00fablica no Brasil e chegou \u00e0 Maria Luiza. Uma vez por semana, Malu recebe a medica\u00e7\u00e3o no HDM. Um tratamento caro, que, por um longo per\u00edodo, s\u00f3 foi poss\u00edvel mobilizando a Justi\u00e7a. Hoje \u00e9 fornecida pela Farm\u00e1cia de Pernambuco, do Governo do Estado. \u201c<em>Sem medica\u00e7\u00e3o ela fica cansada, fraquinha. \u00c9 muito cara a medica\u00e7\u00e3o e sem o fornecimento do Estado n\u00e3o teria como fazer o tratamento. Quando ela recebe a medicada ela tem uma vida normal, \u201d<\/em>\u00a0explica Maria Edleuza Souza, m\u00e3e de Maria Luiza.<\/p>\n<p style=\"font-weight: 400;\">\u201c<em>Esse \u00e9 um papel importante do Hospital Dom Malan tanto para Petrolina quanto para o Estado de Pernambuco. Esse tratamento de doen\u00e7as raras em crian\u00e7as e adolescentes \u00e9 encaminhado ao HDM e toda a equipe m\u00e9dica busca oferecer ao paciente o tratamento adequado e informa\u00e7\u00e3o para as fam\u00edlias. Para n\u00f3s que fazemos a gest\u00e3o os esfor\u00e7os s\u00e3o cont\u00ednuos<\/em>, \u201d ressalta a diretora geral do HDM, Carolina Lemos.<\/p>\n","protected":false},"excerpt":{"rendered":"<p>Maria Luiza dos Santos, tem 15 anos. Ama dan\u00e7ar, gosta de se maquiar e estar sempre bem arrumada. \u00c9 carism\u00e1tica e distribui afeto pelos corredores e sala de tratamento do Hospital Dom Malan, em Petrolina, no Sert\u00e3o de Pernambuco. Malu sofre de Mucopolissacaridoses (MPS), conhecida tamb\u00e9m como\u00a0S\u00edndrome de Morquio,\u00a0que s\u00e3o doen\u00e7as gen\u00e9ticas raras que afetam a produ\u00e7\u00e3o de enzimas \u2013 prote\u00ednas fundamentais para diversos processos qu\u00edmicos no organismo, cuja falta pode provocar v\u00e1rios transtornos. Os sintomas incluem baixa estatura, abund\u00e2ncia de pelos, rigidez das articula\u00e7\u00f5es dos dedos e face com tra\u00e7os grosseiros. Essa garota de sorriso f\u00e1cil, chegou ao HDM quando tinha 2 anos e seis meses de vida e foi recebida pela equipe pedi\u00e1trica, hoje comandada pela Dra. Tatiana&hellip; <\/p>\n","protected":false},"author":2,"featured_media":344505,"comment_status":"open","ping_status":"open","sticky":false,"template":"","format":"standard","meta":{"_acf_changed":false,"footnotes":""},"categories":[4],"tags":[],"class_list":["post-344504","post","type-post","status-publish","format-standard","has-post-thumbnail","hentry","category-saude"],"acf":[],"yoast_head":"<!-- This site is optimized with the Yoast SEO plugin v27.4 - https:\/\/yoast.com\/product\/yoast-seo-wordpress\/ -->\n<title>Adolescente faz tratamento de doen\u00e7a rara no Hospital Dom Malan em Petrolina - Blog do Farn\u00e9sio<\/title>\n<meta name=\"robots\" content=\"index, follow, max-snippet:-1, max-image-preview:large, max-video-preview:-1\" \/>\n<link rel=\"canonical\" href=\"https:\/\/blogdofarnesio.com.br\/?p=344504\" \/>\n<meta property=\"og:locale\" content=\"pt_BR\" \/>\n<meta property=\"og:type\" content=\"article\" \/>\n<meta property=\"og:title\" content=\"Adolescente faz tratamento de doen\u00e7a rara no Hospital Dom Malan em Petrolina - Blog do Farn\u00e9sio\" \/>\n<meta property=\"og:description\" content=\"Maria Luiza dos Santos, tem 15 anos. Ama dan\u00e7ar, gosta de se maquiar e estar sempre bem arrumada. \u00c9 carism\u00e1tica e distribui afeto pelos corredores e sala de tratamento do Hospital Dom Malan, em Petrolina, no Sert\u00e3o de Pernambuco. Malu sofre de Mucopolissacaridoses (MPS), conhecida tamb\u00e9m como\u00a0S\u00edndrome de Morquio,\u00a0que s\u00e3o doen\u00e7as gen\u00e9ticas raras que afetam a produ\u00e7\u00e3o de enzimas \u2013 prote\u00ednas fundamentais para diversos processos qu\u00edmicos no organismo, cuja falta pode provocar v\u00e1rios transtornos. Os sintomas incluem baixa estatura, abund\u00e2ncia de pelos, rigidez das articula\u00e7\u00f5es dos dedos e face com tra\u00e7os grosseiros. Essa garota de sorriso f\u00e1cil, chegou ao HDM quando tinha 2 anos e seis meses de vida e foi recebida pela equipe pedi\u00e1trica, hoje comandada pela Dra. Tatiana&hellip;\" \/>\n<meta property=\"og:url\" content=\"https:\/\/blogdofarnesio.com.br\/?p=344504\" \/>\n<meta property=\"og:site_name\" content=\"Blog do Farn\u00e9sio\" \/>\n<meta property=\"article:publisher\" content=\"https:\/\/www.facebook.com\/BlogQuerSaberPolitica\/\" \/>\n<meta property=\"article:author\" content=\"https:\/\/www.facebook.com\/?ref=tn_tnmn\" \/>\n<meta property=\"article:published_time\" content=\"2023-07-03T18:23:14+00:00\" \/>\n<meta property=\"og:image\" content=\"https:\/\/blogdofarnesio.com.br\/wp-content\/uploads\/2023\/07\/MARIA-LUIZA-DOENCA-RARA-TRATA-HDM-PETROLINA-7-e1688394599831.jpeg\" \/>\n\t<meta property=\"og:image:width\" content=\"556\" \/>\n\t<meta property=\"og:image:height\" content=\"417\" \/>\n\t<meta property=\"og:image:type\" content=\"image\/jpeg\" \/>\n<meta name=\"author\" content=\"Farn\u00e9sio\" \/>\n<meta name=\"twitter:card\" content=\"summary_large_image\" \/>\n<meta name=\"twitter:label1\" content=\"Escrito por\" \/>\n\t<meta name=\"twitter:data1\" content=\"Farn\u00e9sio\" \/>\n\t<meta name=\"twitter:label2\" content=\"Est. tempo de leitura\" \/>\n\t<meta name=\"twitter:data2\" content=\"3 minutos\" \/>\n<script type=\"application\/ld+json\" class=\"yoast-schema-graph\">{\"@context\":\"https:\\\/\\\/schema.org\",\"@graph\":[{\"@type\":\"Article\",\"@id\":\"https:\\\/\\\/blogdofarnesio.com.br\\\/?p=344504#article\",\"isPartOf\":{\"@id\":\"https:\\\/\\\/blogdofarnesio.com.br\\\/?p=344504\"},\"author\":{\"name\":\"Farn\u00e9sio\",\"@id\":\"https:\\\/\\\/blogdofarnesio.com.br\\\/#\\\/schema\\\/person\\\/bb9b23ae3ad0609ce8df7b6c9e76824d\"},\"headline\":\"Adolescente faz tratamento de doen\u00e7a rara no Hospital Dom Malan em Petrolina\",\"datePublished\":\"2023-07-03T18:23:14+00:00\",\"mainEntityOfPage\":{\"@id\":\"https:\\\/\\\/blogdofarnesio.com.br\\\/?p=344504\"},\"wordCount\":511,\"commentCount\":0,\"publisher\":{\"@id\":\"https:\\\/\\\/blogdofarnesio.com.br\\\/#organization\"},\"image\":{\"@id\":\"https:\\\/\\\/blogdofarnesio.com.br\\\/?p=344504#primaryimage\"},\"thumbnailUrl\":\"https:\\\/\\\/blogdofarnesio.com.br\\\/wp-content\\\/uploads\\\/2023\\\/07\\\/MARIA-LUIZA-DOENCA-RARA-TRATA-HDM-PETROLINA-7-e1688394599831.jpeg\",\"articleSection\":[\"Sa\u00fade\"],\"inLanguage\":\"pt-BR\",\"potentialAction\":[{\"@type\":\"CommentAction\",\"name\":\"Comment\",\"target\":[\"https:\\\/\\\/blogdofarnesio.com.br\\\/?p=344504#respond\"]}]},{\"@type\":\"WebPage\",\"@id\":\"https:\\\/\\\/blogdofarnesio.com.br\\\/?p=344504\",\"url\":\"https:\\\/\\\/blogdofarnesio.com.br\\\/?p=344504\",\"name\":\"Adolescente faz tratamento de doen\u00e7a rara no Hospital Dom Malan em Petrolina - Blog do Farn\u00e9sio\",\"isPartOf\":{\"@id\":\"https:\\\/\\\/blogdofarnesio.com.br\\\/#website\"},\"primaryImageOfPage\":{\"@id\":\"https:\\\/\\\/blogdofarnesio.com.br\\\/?p=344504#primaryimage\"},\"image\":{\"@id\":\"https:\\\/\\\/blogdofarnesio.com.br\\\/?p=344504#primaryimage\"},\"thumbnailUrl\":\"https:\\\/\\\/blogdofarnesio.com.br\\\/wp-content\\\/uploads\\\/2023\\\/07\\\/MARIA-LUIZA-DOENCA-RARA-TRATA-HDM-PETROLINA-7-e1688394599831.jpeg\",\"datePublished\":\"2023-07-03T18:23:14+00:00\",\"breadcrumb\":{\"@id\":\"https:\\\/\\\/blogdofarnesio.com.br\\\/?p=344504#breadcrumb\"},\"inLanguage\":\"pt-BR\",\"potentialAction\":[{\"@type\":\"ReadAction\",\"target\":[\"https:\\\/\\\/blogdofarnesio.com.br\\\/?p=344504\"]}]},{\"@type\":\"ImageObject\",\"inLanguage\":\"pt-BR\",\"@id\":\"https:\\\/\\\/blogdofarnesio.com.br\\\/?p=344504#primaryimage\",\"url\":\"https:\\\/\\\/blogdofarnesio.com.br\\\/wp-content\\\/uploads\\\/2023\\\/07\\\/MARIA-LUIZA-DOENCA-RARA-TRATA-HDM-PETROLINA-7-e1688394599831.jpeg\",\"contentUrl\":\"https:\\\/\\\/blogdofarnesio.com.br\\\/wp-content\\\/uploads\\\/2023\\\/07\\\/MARIA-LUIZA-DOENCA-RARA-TRATA-HDM-PETROLINA-7-e1688394599831.jpeg\",\"width\":556,\"height\":417},{\"@type\":\"BreadcrumbList\",\"@id\":\"https:\\\/\\\/blogdofarnesio.com.br\\\/?p=344504#breadcrumb\",\"itemListElement\":[{\"@type\":\"ListItem\",\"position\":1,\"name\":\"In\u00edcio\",\"item\":\"https:\\\/\\\/blogdofarnesio.com.br\\\/\"},{\"@type\":\"ListItem\",\"position\":2,\"name\":\"Adolescente faz tratamento de doen\u00e7a rara no Hospital Dom Malan em Petrolina\"}]},{\"@type\":\"WebSite\",\"@id\":\"https:\\\/\\\/blogdofarnesio.com.br\\\/#website\",\"url\":\"https:\\\/\\\/blogdofarnesio.com.br\\\/\",\"name\":\"Blog do Farn\u00e9sio\",\"description\":\"Quer Saber Pol\u00edtica?\",\"publisher\":{\"@id\":\"https:\\\/\\\/blogdofarnesio.com.br\\\/#organization\"},\"potentialAction\":[{\"@type\":\"SearchAction\",\"target\":{\"@type\":\"EntryPoint\",\"urlTemplate\":\"https:\\\/\\\/blogdofarnesio.com.br\\\/?s={search_term_string}\"},\"query-input\":{\"@type\":\"PropertyValueSpecification\",\"valueRequired\":true,\"valueName\":\"search_term_string\"}}],\"inLanguage\":\"pt-BR\"},{\"@type\":\"Organization\",\"@id\":\"https:\\\/\\\/blogdofarnesio.com.br\\\/#organization\",\"name\":\"Blog do Farn\u00e9sio\",\"url\":\"https:\\\/\\\/blogdofarnesio.com.br\\\/\",\"logo\":{\"@type\":\"ImageObject\",\"inLanguage\":\"pt-BR\",\"@id\":\"https:\\\/\\\/blogdofarnesio.com.br\\\/#\\\/schema\\\/logo\\\/image\\\/\",\"url\":\"https:\\\/\\\/blogdofarnesio.com.br\\\/wp-content\\\/uploads\\\/2026\\\/03\\\/cropped-logo_new-1.png\",\"contentUrl\":\"https:\\\/\\\/blogdofarnesio.com.br\\\/wp-content\\\/uploads\\\/2026\\\/03\\\/cropped-logo_new-1.png\",\"width\":881,\"height\":685,\"caption\":\"Blog do Farn\u00e9sio\"},\"image\":{\"@id\":\"https:\\\/\\\/blogdofarnesio.com.br\\\/#\\\/schema\\\/logo\\\/image\\\/\"},\"sameAs\":[\"https:\\\/\\\/www.facebook.com\\\/BlogQuerSaberPolitica\\\/\"]},{\"@type\":\"Person\",\"@id\":\"https:\\\/\\\/blogdofarnesio.com.br\\\/#\\\/schema\\\/person\\\/bb9b23ae3ad0609ce8df7b6c9e76824d\",\"name\":\"Farn\u00e9sio\",\"image\":{\"@type\":\"ImageObject\",\"inLanguage\":\"pt-BR\",\"@id\":\"https:\\\/\\\/secure.gravatar.com\\\/avatar\\\/986aa4c61ccdb66f8555bf88fc2a65609d00bcabd4d2d94377a727547345cbca?s=96&d=mm&r=g\",\"url\":\"https:\\\/\\\/secure.gravatar.com\\\/avatar\\\/986aa4c61ccdb66f8555bf88fc2a65609d00bcabd4d2d94377a727547345cbca?s=96&d=mm&r=g\",\"contentUrl\":\"https:\\\/\\\/secure.gravatar.com\\\/avatar\\\/986aa4c61ccdb66f8555bf88fc2a65609d00bcabd4d2d94377a727547345cbca?s=96&d=mm&r=g\",\"caption\":\"Farn\u00e9sio\"},\"description\":\"Radialista blogueiro, chegou a Petrolina\\\/Juazeiro em setembro de 1980, Farn\u00e9sio Silva \u00e9 de Arapiraca-Alagoas.\",\"sameAs\":[\"http:\\\/\\\/blogdofarnesio.com.br\",\"https:\\\/\\\/www.facebook.com\\\/?ref=tn_tnmn\",\"https:\\\/\\\/www.instagram.com\\\/?utm_source=pwa_homescreen\",\"https:\\\/\\\/youtube.com.br\\\/\"],\"url\":\"https:\\\/\\\/blogdofarnesio.com.br\\\/?author=2\"}]}<\/script>\n<!-- \/ Yoast SEO plugin. -->","yoast_head_json":{"title":"Adolescente faz tratamento de doen\u00e7a rara no Hospital Dom Malan em Petrolina - Blog do Farn\u00e9sio","robots":{"index":"index","follow":"follow","max-snippet":"max-snippet:-1","max-image-preview":"max-image-preview:large","max-video-preview":"max-video-preview:-1"},"canonical":"https:\/\/blogdofarnesio.com.br\/?p=344504","og_locale":"pt_BR","og_type":"article","og_title":"Adolescente faz tratamento de doen\u00e7a rara no Hospital Dom Malan em Petrolina - Blog do Farn\u00e9sio","og_description":"Maria Luiza dos Santos, tem 15 anos. Ama dan\u00e7ar, gosta de se maquiar e estar sempre bem arrumada. \u00c9 carism\u00e1tica e distribui afeto pelos corredores e sala de tratamento do Hospital Dom Malan, em Petrolina, no Sert\u00e3o de Pernambuco. Malu sofre de Mucopolissacaridoses (MPS), conhecida tamb\u00e9m como\u00a0S\u00edndrome de Morquio,\u00a0que s\u00e3o doen\u00e7as gen\u00e9ticas raras que afetam a produ\u00e7\u00e3o de enzimas \u2013 prote\u00ednas fundamentais para diversos processos qu\u00edmicos no organismo, cuja falta pode provocar v\u00e1rios transtornos. Os sintomas incluem baixa estatura, abund\u00e2ncia de pelos, rigidez das articula\u00e7\u00f5es dos dedos e face com tra\u00e7os grosseiros. Essa garota de sorriso f\u00e1cil, chegou ao HDM quando tinha 2 anos e seis meses de vida e foi recebida pela equipe pedi\u00e1trica, hoje comandada pela Dra. Tatiana&hellip;","og_url":"https:\/\/blogdofarnesio.com.br\/?p=344504","og_site_name":"Blog do Farn\u00e9sio","article_publisher":"https:\/\/www.facebook.com\/BlogQuerSaberPolitica\/","article_author":"https:\/\/www.facebook.com\/?ref=tn_tnmn","article_published_time":"2023-07-03T18:23:14+00:00","og_image":[{"width":556,"height":417,"url":"https:\/\/blogdofarnesio.com.br\/wp-content\/uploads\/2023\/07\/MARIA-LUIZA-DOENCA-RARA-TRATA-HDM-PETROLINA-7-e1688394599831.jpeg","type":"image\/jpeg"}],"author":"Farn\u00e9sio","twitter_card":"summary_large_image","twitter_misc":{"Escrito por":"Farn\u00e9sio","Est. tempo de leitura":"3 minutos"},"schema":{"@context":"https:\/\/schema.org","@graph":[{"@type":"Article","@id":"https:\/\/blogdofarnesio.com.br\/?p=344504#article","isPartOf":{"@id":"https:\/\/blogdofarnesio.com.br\/?p=344504"},"author":{"name":"Farn\u00e9sio","@id":"https:\/\/blogdofarnesio.com.br\/#\/schema\/person\/bb9b23ae3ad0609ce8df7b6c9e76824d"},"headline":"Adolescente faz tratamento de doen\u00e7a rara no Hospital Dom Malan em Petrolina","datePublished":"2023-07-03T18:23:14+00:00","mainEntityOfPage":{"@id":"https:\/\/blogdofarnesio.com.br\/?p=344504"},"wordCount":511,"commentCount":0,"publisher":{"@id":"https:\/\/blogdofarnesio.com.br\/#organization"},"image":{"@id":"https:\/\/blogdofarnesio.com.br\/?p=344504#primaryimage"},"thumbnailUrl":"https:\/\/blogdofarnesio.com.br\/wp-content\/uploads\/2023\/07\/MARIA-LUIZA-DOENCA-RARA-TRATA-HDM-PETROLINA-7-e1688394599831.jpeg","articleSection":["Sa\u00fade"],"inLanguage":"pt-BR","potentialAction":[{"@type":"CommentAction","name":"Comment","target":["https:\/\/blogdofarnesio.com.br\/?p=344504#respond"]}]},{"@type":"WebPage","@id":"https:\/\/blogdofarnesio.com.br\/?p=344504","url":"https:\/\/blogdofarnesio.com.br\/?p=344504","name":"Adolescente faz tratamento de doen\u00e7a rara no Hospital Dom Malan em Petrolina - Blog do Farn\u00e9sio","isPartOf":{"@id":"https:\/\/blogdofarnesio.com.br\/#website"},"primaryImageOfPage":{"@id":"https:\/\/blogdofarnesio.com.br\/?p=344504#primaryimage"},"image":{"@id":"https:\/\/blogdofarnesio.com.br\/?p=344504#primaryimage"},"thumbnailUrl":"https:\/\/blogdofarnesio.com.br\/wp-content\/uploads\/2023\/07\/MARIA-LUIZA-DOENCA-RARA-TRATA-HDM-PETROLINA-7-e1688394599831.jpeg","datePublished":"2023-07-03T18:23:14+00:00","breadcrumb":{"@id":"https:\/\/blogdofarnesio.com.br\/?p=344504#breadcrumb"},"inLanguage":"pt-BR","potentialAction":[{"@type":"ReadAction","target":["https:\/\/blogdofarnesio.com.br\/?p=344504"]}]},{"@type":"ImageObject","inLanguage":"pt-BR","@id":"https:\/\/blogdofarnesio.com.br\/?p=344504#primaryimage","url":"https:\/\/blogdofarnesio.com.br\/wp-content\/uploads\/2023\/07\/MARIA-LUIZA-DOENCA-RARA-TRATA-HDM-PETROLINA-7-e1688394599831.jpeg","contentUrl":"https:\/\/blogdofarnesio.com.br\/wp-content\/uploads\/2023\/07\/MARIA-LUIZA-DOENCA-RARA-TRATA-HDM-PETROLINA-7-e1688394599831.jpeg","width":556,"height":417},{"@type":"BreadcrumbList","@id":"https:\/\/blogdofarnesio.com.br\/?p=344504#breadcrumb","itemListElement":[{"@type":"ListItem","position":1,"name":"In\u00edcio","item":"https:\/\/blogdofarnesio.com.br\/"},{"@type":"ListItem","position":2,"name":"Adolescente faz tratamento de doen\u00e7a rara no Hospital Dom Malan em Petrolina"}]},{"@type":"WebSite","@id":"https:\/\/blogdofarnesio.com.br\/#website","url":"https:\/\/blogdofarnesio.com.br\/","name":"Blog do Farn\u00e9sio","description":"Quer Saber Pol\u00edtica?","publisher":{"@id":"https:\/\/blogdofarnesio.com.br\/#organization"},"potentialAction":[{"@type":"SearchAction","target":{"@type":"EntryPoint","urlTemplate":"https:\/\/blogdofarnesio.com.br\/?s={search_term_string}"},"query-input":{"@type":"PropertyValueSpecification","valueRequired":true,"valueName":"search_term_string"}}],"inLanguage":"pt-BR"},{"@type":"Organization","@id":"https:\/\/blogdofarnesio.com.br\/#organization","name":"Blog do Farn\u00e9sio","url":"https:\/\/blogdofarnesio.com.br\/","logo":{"@type":"ImageObject","inLanguage":"pt-BR","@id":"https:\/\/blogdofarnesio.com.br\/#\/schema\/logo\/image\/","url":"https:\/\/blogdofarnesio.com.br\/wp-content\/uploads\/2026\/03\/cropped-logo_new-1.png","contentUrl":"https:\/\/blogdofarnesio.com.br\/wp-content\/uploads\/2026\/03\/cropped-logo_new-1.png","width":881,"height":685,"caption":"Blog do Farn\u00e9sio"},"image":{"@id":"https:\/\/blogdofarnesio.com.br\/#\/schema\/logo\/image\/"},"sameAs":["https:\/\/www.facebook.com\/BlogQuerSaberPolitica\/"]},{"@type":"Person","@id":"https:\/\/blogdofarnesio.com.br\/#\/schema\/person\/bb9b23ae3ad0609ce8df7b6c9e76824d","name":"Farn\u00e9sio","image":{"@type":"ImageObject","inLanguage":"pt-BR","@id":"https:\/\/secure.gravatar.com\/avatar\/986aa4c61ccdb66f8555bf88fc2a65609d00bcabd4d2d94377a727547345cbca?s=96&d=mm&r=g","url":"https:\/\/secure.gravatar.com\/avatar\/986aa4c61ccdb66f8555bf88fc2a65609d00bcabd4d2d94377a727547345cbca?s=96&d=mm&r=g","contentUrl":"https:\/\/secure.gravatar.com\/avatar\/986aa4c61ccdb66f8555bf88fc2a65609d00bcabd4d2d94377a727547345cbca?s=96&d=mm&r=g","caption":"Farn\u00e9sio"},"description":"Radialista blogueiro, chegou a Petrolina\/Juazeiro em setembro de 1980, Farn\u00e9sio Silva \u00e9 de Arapiraca-Alagoas.","sameAs":["http:\/\/blogdofarnesio.com.br","https:\/\/www.facebook.com\/?ref=tn_tnmn","https:\/\/www.instagram.com\/?utm_source=pwa_homescreen","https:\/\/youtube.com.br\/"],"url":"https:\/\/blogdofarnesio.com.br\/?author=2"}]}},"_links":{"self":[{"href":"https:\/\/blogdofarnesio.com.br\/index.php?rest_route=\/wp\/v2\/posts\/344504","targetHints":{"allow":["GET"]}}],"collection":[{"href":"https:\/\/blogdofarnesio.com.br\/index.php?rest_route=\/wp\/v2\/posts"}],"about":[{"href":"https:\/\/blogdofarnesio.com.br\/index.php?rest_route=\/wp\/v2\/types\/post"}],"author":[{"embeddable":true,"href":"https:\/\/blogdofarnesio.com.br\/index.php?rest_route=\/wp\/v2\/users\/2"}],"replies":[{"embeddable":true,"href":"https:\/\/blogdofarnesio.com.br\/index.php?rest_route=%2Fwp%2Fv2%2Fcomments&post=344504"}],"version-history":[{"count":0,"href":"https:\/\/blogdofarnesio.com.br\/index.php?rest_route=\/wp\/v2\/posts\/344504\/revisions"}],"wp:featuredmedia":[{"embeddable":true,"href":"https:\/\/blogdofarnesio.com.br\/index.php?rest_route=\/wp\/v2\/media\/344505"}],"wp:attachment":[{"href":"https:\/\/blogdofarnesio.com.br\/index.php?rest_route=%2Fwp%2Fv2%2Fmedia&parent=344504"}],"wp:term":[{"taxonomy":"category","embeddable":true,"href":"https:\/\/blogdofarnesio.com.br\/index.php?rest_route=%2Fwp%2Fv2%2Fcategories&post=344504"},{"taxonomy":"post_tag","embeddable":true,"href":"https:\/\/blogdofarnesio.com.br\/index.php?rest_route=%2Fwp%2Fv2%2Ftags&post=344504"}],"curies":[{"name":"wp","href":"https:\/\/api.w.org\/{rel}","templated":true}]}}