{"id":344360,"date":"2023-06-30T17:24:07","date_gmt":"2023-06-30T20:24:07","guid":{"rendered":"https:\/\/blogdofarnesio.com.br\/?p=344360"},"modified":"2023-06-30T16:36:40","modified_gmt":"2023-06-30T19:36:40","slug":"e-nos-aonde-vamos-tse-torna-bolsonaro-um-zumbi-politico-enquanto-lula-relativiza-democracia","status":"publish","type":"post","link":"https:\/\/blogdofarnesio.com.br\/2023\/06\/e-nos-aonde-vamos-tse-torna-bolsonaro-um-zumbi-politico-enquanto-lula-relativiza-democracia\/","title":{"rendered":"&#8216;&#8230;e n\u00f3s aonde vamos&#8217;? TSE torna Bolsonaro um zumbi pol\u00edtico, enquanto Lula relativiza democracia&#8230;"},"content":{"rendered":"<div class=\"sc-494c7b39-0 eaihTq\">\n<div class=\"sc-8a384deb-0 gcFtGo\">\n<div class=\"sc-8a384deb-5 kVNtCD\">\n<div class=\"nameContainer\">\n<p>Por Fernando Duarte\/BN\u00a0 &#8211;<\/p>\n<\/div>\n<\/div>\n<\/div>\n<div class=\"sc-494c7b39-1 bRxsec\">\n<div class=\"sc-494c7b39-3 fUSHdU\">\n<p>A semana que deveria ter o ex-presidente Jair Bolsonaro como antagonista da democracia acabou com aten\u00e7\u00f5es divididas com uma fala de Luiz In\u00e1cio Lula da Silva que relativizou o pr\u00f3prio instituto pelo qual retornou ao Pal\u00e1cio do Planalto. A inelegibilidade de Bolsonaro, dentro do contexto antidemocr\u00e1tico pregado por ele durante quatro anos de mandato, n\u00e3o foi surpresa. O Tribunal Superior Eleitoral (TSE) confirmou a expectativa constru\u00edda especialmente ap\u00f3s as elei\u00e7\u00f5es de 2022.<\/p>\n<p>Os aliados de Bolsonaro argumentam contra o que chamam de revanchismo e ativismo judici\u00e1rio. \u00c9 ir\u00f4nico que, durante o per\u00edodo em que Lula esteve preso, foram exatamente os mesmos argumentos utilizados pela esquerda para descredibilizar o sistema jur\u00eddico brasileiro. Essa instabilidade n\u00e3o trouxe qualquer benef\u00edcio ao Estado brasileiro e ainda colocou sob o vi\u00e9s de desconfian\u00e7a o sistema pol\u00edtico. Agora \u00e9 entender como v\u00e3o se comportar os agentes envolvidos nesse processo.<\/p>\n<p>A inelegibilidade do ex-presidente \u00e9 fruto da a\u00e7\u00e3o inconsequente e soberba dele mesmo. Ancorado no rastro do que convencionamos chamar de bolsonarismo, Bolsonaro achou que a ele tudo era permitido. Enquanto a C\u00e2mara dos Deputados permaneceu omissa, especialmente no per\u00edodo de Arthur Lira, e a Procuradoria-Geral da Rep\u00fablica preferiu fingir n\u00e3o ver eventuais crimes cometidos por ele, o ent\u00e3o presidente se comportou como um autocrata, ao mesmo tempo em que se mantinha como eleito dentro do regime democr\u00e1tico. O resultado disso \u00e9 um pa\u00eds extremamente dividido e cujas consequ\u00eancias s\u00f3 o tempo poder\u00e1 mostrar.<\/p>\n<p>Bolsonaro entra agora em uma esp\u00e9cie de limbo pol\u00edtico at\u00e9 2030. \u00c9 uma esp\u00e9cie de zumbi ou morto-vivo. Para quem acredita piamente na capacidade do ex-presidente, ele mant\u00e9m uma for\u00e7a pol\u00edtica capaz de decidir os rumos da na\u00e7\u00e3o, estando eleg\u00edvel ou n\u00e3o. Para quem \u00e9 advers\u00e1rio, o julgamento do TSE funcionaria como uma p\u00e1 de cal a sepultar as chances de t\u00ea-lo enquanto figura relevante nas urnas. \u00c9 prov\u00e1vel que nenhum dos dois lados esteja inteiramente certo, pois tudo depende \u00fanica e exclusivamente do comportamento do pr\u00f3prio Bolsonaro &#8211; algo imposs\u00edvel de prever.<\/p>\n<p>A derrota de Bolsonaro no \u00e2mbito judicial, em especial com o tom adotado pelo presidente do TSE, Alexandre de Moraes, em defesa do sistema eleitoral pode ser considerado um marco para a forma com o Brasil se comporta diante de arroubos pr\u00e9-autocr\u00e1ticos. Foram quatro anos com um golpismo enrustido de defesa da na\u00e7\u00e3o e que colocou em risco o pr\u00f3prio equil\u00edbrio entre os Poderes e o funcionamento do Estado. Vide a forma como as linhas t\u00eanues que separam Executivo, Legislativo e Judici\u00e1rio acabaram sendo transpassadas da mesma forma que as sedes desses espa\u00e7os de poder foram destru\u00eddas no dia 8 de janeiro. \u00c9 tudo simb\u00f3lico.<\/p>\n<p>Esse n\u00e3o \u00e9 o fim do bolsonarismo. Nem de longe, inclusive. Talvez seja a maior amea\u00e7a ao predom\u00ednio dessa for\u00e7a sobre a direita no pa\u00eds. Esse epis\u00f3dio, todavia, \u00e9 um registro bem claro que n\u00e3o d\u00e1 para relativizar a democracia. Ou vivemos sob ela ou viveremos numa autocracia tal qual a Venezuela de Nicol\u00e1s Maduro, mesmo que Lula escolha fingir que os vizinhos vivem no mesmo regime que o Brasil &#8211; e que tenha sido eleito por uma frente ampla em defesa dessa mesma democracia.<\/p>\n<\/div>\n<\/div>\n<\/div>\n","protected":false},"excerpt":{"rendered":"<p>Por Fernando Duarte\/BN\u00a0 &#8211; A semana que deveria ter o ex-presidente Jair Bolsonaro como antagonista da democracia acabou com aten\u00e7\u00f5es divididas com uma fala de Luiz In\u00e1cio Lula da Silva que relativizou o pr\u00f3prio instituto pelo qual retornou ao Pal\u00e1cio do Planalto. A inelegibilidade de Bolsonaro, dentro do contexto antidemocr\u00e1tico pregado por ele durante quatro anos de mandato, n\u00e3o foi surpresa. O Tribunal Superior Eleitoral (TSE) confirmou a expectativa constru\u00edda especialmente ap\u00f3s as elei\u00e7\u00f5es de 2022. Os aliados de Bolsonaro argumentam contra o que chamam de revanchismo e ativismo judici\u00e1rio. \u00c9 ir\u00f4nico que, durante o per\u00edodo em que Lula esteve preso, foram exatamente os mesmos argumentos utilizados pela esquerda para descredibilizar o sistema jur\u00eddico brasileiro. Essa instabilidade n\u00e3o trouxe qualquer&hellip; <\/p>\n","protected":false},"author":2,"featured_media":315021,"comment_status":"open","ping_status":"open","sticky":false,"template":"","format":"standard","meta":{"_acf_changed":false,"footnotes":""},"categories":[30],"tags":[],"class_list":["post-344360","post","type-post","status-publish","format-standard","has-post-thumbnail","hentry","category-artigo"],"acf":[],"yoast_head":"<!-- This site is optimized with the Yoast SEO plugin v27.5 - https:\/\/yoast.com\/product\/yoast-seo-wordpress\/ -->\n<title>&#039;...e n\u00f3s aonde vamos&#039;? TSE torna Bolsonaro um zumbi pol\u00edtico, enquanto Lula relativiza democracia... - Blog do Farn\u00e9sio<\/title>\n<meta name=\"robots\" content=\"index, follow, max-snippet:-1, max-image-preview:large, max-video-preview:-1\" \/>\n<link rel=\"canonical\" href=\"https:\/\/blogdofarnesio.com.br\/2023\/06\/e-nos-aonde-vamos-tse-torna-bolsonaro-um-zumbi-politico-enquanto-lula-relativiza-democracia\/\" \/>\n<meta property=\"og:locale\" content=\"pt_BR\" \/>\n<meta property=\"og:type\" content=\"article\" \/>\n<meta property=\"og:title\" content=\"&#039;...e n\u00f3s aonde vamos&#039;? TSE torna Bolsonaro um zumbi pol\u00edtico, enquanto Lula relativiza democracia... - Blog do Farn\u00e9sio\" \/>\n<meta property=\"og:description\" content=\"Por Fernando Duarte\/BN\u00a0 &#8211; A semana que deveria ter o ex-presidente Jair Bolsonaro como antagonista da democracia acabou com aten\u00e7\u00f5es divididas com uma fala de Luiz In\u00e1cio Lula da Silva que relativizou o pr\u00f3prio instituto pelo qual retornou ao Pal\u00e1cio do Planalto. A inelegibilidade de Bolsonaro, dentro do contexto antidemocr\u00e1tico pregado por ele durante quatro anos de mandato, n\u00e3o foi surpresa. O Tribunal Superior Eleitoral (TSE) confirmou a expectativa constru\u00edda especialmente ap\u00f3s as elei\u00e7\u00f5es de 2022. Os aliados de Bolsonaro argumentam contra o que chamam de revanchismo e ativismo judici\u00e1rio. \u00c9 ir\u00f4nico que, durante o per\u00edodo em que Lula esteve preso, foram exatamente os mesmos argumentos utilizados pela esquerda para descredibilizar o sistema jur\u00eddico brasileiro. Essa instabilidade n\u00e3o trouxe qualquer&hellip;\" \/>\n<meta property=\"og:url\" content=\"https:\/\/blogdofarnesio.com.br\/2023\/06\/e-nos-aonde-vamos-tse-torna-bolsonaro-um-zumbi-politico-enquanto-lula-relativiza-democracia\/\" \/>\n<meta property=\"og:site_name\" content=\"Blog do Farn\u00e9sio\" \/>\n<meta property=\"article:publisher\" content=\"https:\/\/www.facebook.com\/BlogQuerSaberPolitica\/\" \/>\n<meta property=\"article:author\" content=\"https:\/\/www.facebook.com\/?ref=tn_tnmn\" \/>\n<meta property=\"article:published_time\" content=\"2023-06-30T20:24:07+00:00\" \/>\n<meta property=\"og:image\" content=\"https:\/\/blogdofarnesio.com.br\/wp-content\/uploads\/2022\/06\/lula-bolsonaro-600x400-1.jpg\" \/>\n\t<meta property=\"og:image:width\" content=\"600\" \/>\n\t<meta property=\"og:image:height\" content=\"400\" \/>\n\t<meta property=\"og:image:type\" content=\"image\/jpeg\" \/>\n<meta name=\"author\" content=\"Farn\u00e9sio\" \/>\n<meta name=\"twitter:card\" content=\"summary_large_image\" \/>\n<meta name=\"twitter:label1\" content=\"Escrito por\" \/>\n\t<meta name=\"twitter:data1\" content=\"Farn\u00e9sio\" \/>\n\t<meta name=\"twitter:label2\" content=\"Est. tempo de leitura\" \/>\n\t<meta name=\"twitter:data2\" content=\"3 minutos\" \/>\n<script type=\"application\/ld+json\" class=\"yoast-schema-graph\">{\"@context\":\"https:\\\/\\\/schema.org\",\"@graph\":[{\"@type\":\"Article\",\"@id\":\"https:\\\/\\\/blogdofarnesio.com.br\\\/2023\\\/06\\\/e-nos-aonde-vamos-tse-torna-bolsonaro-um-zumbi-politico-enquanto-lula-relativiza-democracia\\\/#article\",\"isPartOf\":{\"@id\":\"https:\\\/\\\/blogdofarnesio.com.br\\\/2023\\\/06\\\/e-nos-aonde-vamos-tse-torna-bolsonaro-um-zumbi-politico-enquanto-lula-relativiza-democracia\\\/\"},\"author\":{\"name\":\"Farn\u00e9sio\",\"@id\":\"https:\\\/\\\/blogdofarnesio.com.br\\\/#\\\/schema\\\/person\\\/bb9b23ae3ad0609ce8df7b6c9e76824d\"},\"headline\":\"&#8216;&#8230;e n\u00f3s aonde vamos&#8217;? TSE torna Bolsonaro um zumbi pol\u00edtico, enquanto Lula relativiza democracia&#8230;\",\"datePublished\":\"2023-06-30T20:24:07+00:00\",\"mainEntityOfPage\":{\"@id\":\"https:\\\/\\\/blogdofarnesio.com.br\\\/2023\\\/06\\\/e-nos-aonde-vamos-tse-torna-bolsonaro-um-zumbi-politico-enquanto-lula-relativiza-democracia\\\/\"},\"wordCount\":588,\"commentCount\":0,\"publisher\":{\"@id\":\"https:\\\/\\\/blogdofarnesio.com.br\\\/#organization\"},\"image\":{\"@id\":\"https:\\\/\\\/blogdofarnesio.com.br\\\/2023\\\/06\\\/e-nos-aonde-vamos-tse-torna-bolsonaro-um-zumbi-politico-enquanto-lula-relativiza-democracia\\\/#primaryimage\"},\"thumbnailUrl\":\"https:\\\/\\\/blogdofarnesio.com.br\\\/wp-content\\\/uploads\\\/2022\\\/06\\\/lula-bolsonaro-600x400-1.jpg\",\"articleSection\":[\"Artigo\"],\"inLanguage\":\"pt-BR\",\"potentialAction\":[{\"@type\":\"CommentAction\",\"name\":\"Comment\",\"target\":[\"https:\\\/\\\/blogdofarnesio.com.br\\\/2023\\\/06\\\/e-nos-aonde-vamos-tse-torna-bolsonaro-um-zumbi-politico-enquanto-lula-relativiza-democracia\\\/#respond\"]}]},{\"@type\":\"WebPage\",\"@id\":\"https:\\\/\\\/blogdofarnesio.com.br\\\/2023\\\/06\\\/e-nos-aonde-vamos-tse-torna-bolsonaro-um-zumbi-politico-enquanto-lula-relativiza-democracia\\\/\",\"url\":\"https:\\\/\\\/blogdofarnesio.com.br\\\/2023\\\/06\\\/e-nos-aonde-vamos-tse-torna-bolsonaro-um-zumbi-politico-enquanto-lula-relativiza-democracia\\\/\",\"name\":\"'...e n\u00f3s aonde vamos'? TSE torna Bolsonaro um zumbi pol\u00edtico, enquanto Lula relativiza democracia... - Blog do Farn\u00e9sio\",\"isPartOf\":{\"@id\":\"https:\\\/\\\/blogdofarnesio.com.br\\\/#website\"},\"primaryImageOfPage\":{\"@id\":\"https:\\\/\\\/blogdofarnesio.com.br\\\/2023\\\/06\\\/e-nos-aonde-vamos-tse-torna-bolsonaro-um-zumbi-politico-enquanto-lula-relativiza-democracia\\\/#primaryimage\"},\"image\":{\"@id\":\"https:\\\/\\\/blogdofarnesio.com.br\\\/2023\\\/06\\\/e-nos-aonde-vamos-tse-torna-bolsonaro-um-zumbi-politico-enquanto-lula-relativiza-democracia\\\/#primaryimage\"},\"thumbnailUrl\":\"https:\\\/\\\/blogdofarnesio.com.br\\\/wp-content\\\/uploads\\\/2022\\\/06\\\/lula-bolsonaro-600x400-1.jpg\",\"datePublished\":\"2023-06-30T20:24:07+00:00\",\"breadcrumb\":{\"@id\":\"https:\\\/\\\/blogdofarnesio.com.br\\\/2023\\\/06\\\/e-nos-aonde-vamos-tse-torna-bolsonaro-um-zumbi-politico-enquanto-lula-relativiza-democracia\\\/#breadcrumb\"},\"inLanguage\":\"pt-BR\",\"potentialAction\":[{\"@type\":\"ReadAction\",\"target\":[\"https:\\\/\\\/blogdofarnesio.com.br\\\/2023\\\/06\\\/e-nos-aonde-vamos-tse-torna-bolsonaro-um-zumbi-politico-enquanto-lula-relativiza-democracia\\\/\"]}]},{\"@type\":\"ImageObject\",\"inLanguage\":\"pt-BR\",\"@id\":\"https:\\\/\\\/blogdofarnesio.com.br\\\/2023\\\/06\\\/e-nos-aonde-vamos-tse-torna-bolsonaro-um-zumbi-politico-enquanto-lula-relativiza-democracia\\\/#primaryimage\",\"url\":\"https:\\\/\\\/blogdofarnesio.com.br\\\/wp-content\\\/uploads\\\/2022\\\/06\\\/lula-bolsonaro-600x400-1.jpg\",\"contentUrl\":\"https:\\\/\\\/blogdofarnesio.com.br\\\/wp-content\\\/uploads\\\/2022\\\/06\\\/lula-bolsonaro-600x400-1.jpg\",\"width\":600,\"height\":400},{\"@type\":\"BreadcrumbList\",\"@id\":\"https:\\\/\\\/blogdofarnesio.com.br\\\/2023\\\/06\\\/e-nos-aonde-vamos-tse-torna-bolsonaro-um-zumbi-politico-enquanto-lula-relativiza-democracia\\\/#breadcrumb\",\"itemListElement\":[{\"@type\":\"ListItem\",\"position\":1,\"name\":\"In\u00edcio\",\"item\":\"https:\\\/\\\/blogdofarnesio.com.br\\\/\"},{\"@type\":\"ListItem\",\"position\":2,\"name\":\"&#8216;&#8230;e n\u00f3s aonde vamos&#8217;? TSE torna Bolsonaro um zumbi pol\u00edtico, enquanto Lula relativiza democracia&#8230;\"}]},{\"@type\":\"WebSite\",\"@id\":\"https:\\\/\\\/blogdofarnesio.com.br\\\/#website\",\"url\":\"https:\\\/\\\/blogdofarnesio.com.br\\\/\",\"name\":\"Blog do Farn\u00e9sio\",\"description\":\"Quer Saber Pol\u00edtica?\",\"publisher\":{\"@id\":\"https:\\\/\\\/blogdofarnesio.com.br\\\/#organization\"},\"potentialAction\":[{\"@type\":\"SearchAction\",\"target\":{\"@type\":\"EntryPoint\",\"urlTemplate\":\"https:\\\/\\\/blogdofarnesio.com.br\\\/?s={search_term_string}\"},\"query-input\":{\"@type\":\"PropertyValueSpecification\",\"valueRequired\":true,\"valueName\":\"search_term_string\"}}],\"inLanguage\":\"pt-BR\"},{\"@type\":\"Organization\",\"@id\":\"https:\\\/\\\/blogdofarnesio.com.br\\\/#organization\",\"name\":\"Blog do Farn\u00e9sio\",\"url\":\"https:\\\/\\\/blogdofarnesio.com.br\\\/\",\"logo\":{\"@type\":\"ImageObject\",\"inLanguage\":\"pt-BR\",\"@id\":\"https:\\\/\\\/blogdofarnesio.com.br\\\/#\\\/schema\\\/logo\\\/image\\\/\",\"url\":\"https:\\\/\\\/blogdofarnesio.com.br\\\/wp-content\\\/uploads\\\/2026\\\/03\\\/cropped-logo_new-1.png\",\"contentUrl\":\"https:\\\/\\\/blogdofarnesio.com.br\\\/wp-content\\\/uploads\\\/2026\\\/03\\\/cropped-logo_new-1.png\",\"width\":881,\"height\":685,\"caption\":\"Blog do Farn\u00e9sio\"},\"image\":{\"@id\":\"https:\\\/\\\/blogdofarnesio.com.br\\\/#\\\/schema\\\/logo\\\/image\\\/\"},\"sameAs\":[\"https:\\\/\\\/www.facebook.com\\\/BlogQuerSaberPolitica\\\/\"]},{\"@type\":\"Person\",\"@id\":\"https:\\\/\\\/blogdofarnesio.com.br\\\/#\\\/schema\\\/person\\\/bb9b23ae3ad0609ce8df7b6c9e76824d\",\"name\":\"Farn\u00e9sio\",\"image\":{\"@type\":\"ImageObject\",\"inLanguage\":\"pt-BR\",\"@id\":\"https:\\\/\\\/secure.gravatar.com\\\/avatar\\\/986aa4c61ccdb66f8555bf88fc2a65609d00bcabd4d2d94377a727547345cbca?s=96&d=mm&r=g\",\"url\":\"https:\\\/\\\/secure.gravatar.com\\\/avatar\\\/986aa4c61ccdb66f8555bf88fc2a65609d00bcabd4d2d94377a727547345cbca?s=96&d=mm&r=g\",\"contentUrl\":\"https:\\\/\\\/secure.gravatar.com\\\/avatar\\\/986aa4c61ccdb66f8555bf88fc2a65609d00bcabd4d2d94377a727547345cbca?s=96&d=mm&r=g\",\"caption\":\"Farn\u00e9sio\"},\"description\":\"Radialista blogueiro, chegou a Petrolina\\\/Juazeiro em setembro de 1980, Farn\u00e9sio Silva \u00e9 de Arapiraca-Alagoas.\",\"sameAs\":[\"http:\\\/\\\/blogdofarnesio.com.br\",\"https:\\\/\\\/www.facebook.com\\\/?ref=tn_tnmn\",\"https:\\\/\\\/www.instagram.com\\\/?utm_source=pwa_homescreen\",\"https:\\\/\\\/youtube.com.br\\\/\"],\"url\":\"https:\\\/\\\/blogdofarnesio.com.br\\\/author\\\/farnesio-2\\\/\"}]}<\/script>\n<!-- \/ Yoast SEO plugin. -->","yoast_head_json":{"title":"'...e n\u00f3s aonde vamos'? TSE torna Bolsonaro um zumbi pol\u00edtico, enquanto Lula relativiza democracia... - Blog do Farn\u00e9sio","robots":{"index":"index","follow":"follow","max-snippet":"max-snippet:-1","max-image-preview":"max-image-preview:large","max-video-preview":"max-video-preview:-1"},"canonical":"https:\/\/blogdofarnesio.com.br\/2023\/06\/e-nos-aonde-vamos-tse-torna-bolsonaro-um-zumbi-politico-enquanto-lula-relativiza-democracia\/","og_locale":"pt_BR","og_type":"article","og_title":"'...e n\u00f3s aonde vamos'? TSE torna Bolsonaro um zumbi pol\u00edtico, enquanto Lula relativiza democracia... - Blog do Farn\u00e9sio","og_description":"Por Fernando Duarte\/BN\u00a0 &#8211; A semana que deveria ter o ex-presidente Jair Bolsonaro como antagonista da democracia acabou com aten\u00e7\u00f5es divididas com uma fala de Luiz In\u00e1cio Lula da Silva que relativizou o pr\u00f3prio instituto pelo qual retornou ao Pal\u00e1cio do Planalto. A inelegibilidade de Bolsonaro, dentro do contexto antidemocr\u00e1tico pregado por ele durante quatro anos de mandato, n\u00e3o foi surpresa. O Tribunal Superior Eleitoral (TSE) confirmou a expectativa constru\u00edda especialmente ap\u00f3s as elei\u00e7\u00f5es de 2022. Os aliados de Bolsonaro argumentam contra o que chamam de revanchismo e ativismo judici\u00e1rio. \u00c9 ir\u00f4nico que, durante o per\u00edodo em que Lula esteve preso, foram exatamente os mesmos argumentos utilizados pela esquerda para descredibilizar o sistema jur\u00eddico brasileiro. Essa instabilidade n\u00e3o trouxe qualquer&hellip;","og_url":"https:\/\/blogdofarnesio.com.br\/2023\/06\/e-nos-aonde-vamos-tse-torna-bolsonaro-um-zumbi-politico-enquanto-lula-relativiza-democracia\/","og_site_name":"Blog do Farn\u00e9sio","article_publisher":"https:\/\/www.facebook.com\/BlogQuerSaberPolitica\/","article_author":"https:\/\/www.facebook.com\/?ref=tn_tnmn","article_published_time":"2023-06-30T20:24:07+00:00","og_image":[{"width":600,"height":400,"url":"https:\/\/blogdofarnesio.com.br\/wp-content\/uploads\/2022\/06\/lula-bolsonaro-600x400-1.jpg","type":"image\/jpeg"}],"author":"Farn\u00e9sio","twitter_card":"summary_large_image","twitter_misc":{"Escrito por":"Farn\u00e9sio","Est. tempo de leitura":"3 minutos"},"schema":{"@context":"https:\/\/schema.org","@graph":[{"@type":"Article","@id":"https:\/\/blogdofarnesio.com.br\/2023\/06\/e-nos-aonde-vamos-tse-torna-bolsonaro-um-zumbi-politico-enquanto-lula-relativiza-democracia\/#article","isPartOf":{"@id":"https:\/\/blogdofarnesio.com.br\/2023\/06\/e-nos-aonde-vamos-tse-torna-bolsonaro-um-zumbi-politico-enquanto-lula-relativiza-democracia\/"},"author":{"name":"Farn\u00e9sio","@id":"https:\/\/blogdofarnesio.com.br\/#\/schema\/person\/bb9b23ae3ad0609ce8df7b6c9e76824d"},"headline":"&#8216;&#8230;e n\u00f3s aonde vamos&#8217;? TSE torna Bolsonaro um zumbi pol\u00edtico, enquanto Lula relativiza democracia&#8230;","datePublished":"2023-06-30T20:24:07+00:00","mainEntityOfPage":{"@id":"https:\/\/blogdofarnesio.com.br\/2023\/06\/e-nos-aonde-vamos-tse-torna-bolsonaro-um-zumbi-politico-enquanto-lula-relativiza-democracia\/"},"wordCount":588,"commentCount":0,"publisher":{"@id":"https:\/\/blogdofarnesio.com.br\/#organization"},"image":{"@id":"https:\/\/blogdofarnesio.com.br\/2023\/06\/e-nos-aonde-vamos-tse-torna-bolsonaro-um-zumbi-politico-enquanto-lula-relativiza-democracia\/#primaryimage"},"thumbnailUrl":"https:\/\/blogdofarnesio.com.br\/wp-content\/uploads\/2022\/06\/lula-bolsonaro-600x400-1.jpg","articleSection":["Artigo"],"inLanguage":"pt-BR","potentialAction":[{"@type":"CommentAction","name":"Comment","target":["https:\/\/blogdofarnesio.com.br\/2023\/06\/e-nos-aonde-vamos-tse-torna-bolsonaro-um-zumbi-politico-enquanto-lula-relativiza-democracia\/#respond"]}]},{"@type":"WebPage","@id":"https:\/\/blogdofarnesio.com.br\/2023\/06\/e-nos-aonde-vamos-tse-torna-bolsonaro-um-zumbi-politico-enquanto-lula-relativiza-democracia\/","url":"https:\/\/blogdofarnesio.com.br\/2023\/06\/e-nos-aonde-vamos-tse-torna-bolsonaro-um-zumbi-politico-enquanto-lula-relativiza-democracia\/","name":"'...e n\u00f3s aonde vamos'? TSE torna Bolsonaro um zumbi pol\u00edtico, enquanto Lula relativiza democracia... - Blog do Farn\u00e9sio","isPartOf":{"@id":"https:\/\/blogdofarnesio.com.br\/#website"},"primaryImageOfPage":{"@id":"https:\/\/blogdofarnesio.com.br\/2023\/06\/e-nos-aonde-vamos-tse-torna-bolsonaro-um-zumbi-politico-enquanto-lula-relativiza-democracia\/#primaryimage"},"image":{"@id":"https:\/\/blogdofarnesio.com.br\/2023\/06\/e-nos-aonde-vamos-tse-torna-bolsonaro-um-zumbi-politico-enquanto-lula-relativiza-democracia\/#primaryimage"},"thumbnailUrl":"https:\/\/blogdofarnesio.com.br\/wp-content\/uploads\/2022\/06\/lula-bolsonaro-600x400-1.jpg","datePublished":"2023-06-30T20:24:07+00:00","breadcrumb":{"@id":"https:\/\/blogdofarnesio.com.br\/2023\/06\/e-nos-aonde-vamos-tse-torna-bolsonaro-um-zumbi-politico-enquanto-lula-relativiza-democracia\/#breadcrumb"},"inLanguage":"pt-BR","potentialAction":[{"@type":"ReadAction","target":["https:\/\/blogdofarnesio.com.br\/2023\/06\/e-nos-aonde-vamos-tse-torna-bolsonaro-um-zumbi-politico-enquanto-lula-relativiza-democracia\/"]}]},{"@type":"ImageObject","inLanguage":"pt-BR","@id":"https:\/\/blogdofarnesio.com.br\/2023\/06\/e-nos-aonde-vamos-tse-torna-bolsonaro-um-zumbi-politico-enquanto-lula-relativiza-democracia\/#primaryimage","url":"https:\/\/blogdofarnesio.com.br\/wp-content\/uploads\/2022\/06\/lula-bolsonaro-600x400-1.jpg","contentUrl":"https:\/\/blogdofarnesio.com.br\/wp-content\/uploads\/2022\/06\/lula-bolsonaro-600x400-1.jpg","width":600,"height":400},{"@type":"BreadcrumbList","@id":"https:\/\/blogdofarnesio.com.br\/2023\/06\/e-nos-aonde-vamos-tse-torna-bolsonaro-um-zumbi-politico-enquanto-lula-relativiza-democracia\/#breadcrumb","itemListElement":[{"@type":"ListItem","position":1,"name":"In\u00edcio","item":"https:\/\/blogdofarnesio.com.br\/"},{"@type":"ListItem","position":2,"name":"&#8216;&#8230;e n\u00f3s aonde vamos&#8217;? TSE torna Bolsonaro um zumbi pol\u00edtico, enquanto Lula relativiza democracia&#8230;"}]},{"@type":"WebSite","@id":"https:\/\/blogdofarnesio.com.br\/#website","url":"https:\/\/blogdofarnesio.com.br\/","name":"Blog do Farn\u00e9sio","description":"Quer Saber Pol\u00edtica?","publisher":{"@id":"https:\/\/blogdofarnesio.com.br\/#organization"},"potentialAction":[{"@type":"SearchAction","target":{"@type":"EntryPoint","urlTemplate":"https:\/\/blogdofarnesio.com.br\/?s={search_term_string}"},"query-input":{"@type":"PropertyValueSpecification","valueRequired":true,"valueName":"search_term_string"}}],"inLanguage":"pt-BR"},{"@type":"Organization","@id":"https:\/\/blogdofarnesio.com.br\/#organization","name":"Blog do Farn\u00e9sio","url":"https:\/\/blogdofarnesio.com.br\/","logo":{"@type":"ImageObject","inLanguage":"pt-BR","@id":"https:\/\/blogdofarnesio.com.br\/#\/schema\/logo\/image\/","url":"https:\/\/blogdofarnesio.com.br\/wp-content\/uploads\/2026\/03\/cropped-logo_new-1.png","contentUrl":"https:\/\/blogdofarnesio.com.br\/wp-content\/uploads\/2026\/03\/cropped-logo_new-1.png","width":881,"height":685,"caption":"Blog do Farn\u00e9sio"},"image":{"@id":"https:\/\/blogdofarnesio.com.br\/#\/schema\/logo\/image\/"},"sameAs":["https:\/\/www.facebook.com\/BlogQuerSaberPolitica\/"]},{"@type":"Person","@id":"https:\/\/blogdofarnesio.com.br\/#\/schema\/person\/bb9b23ae3ad0609ce8df7b6c9e76824d","name":"Farn\u00e9sio","image":{"@type":"ImageObject","inLanguage":"pt-BR","@id":"https:\/\/secure.gravatar.com\/avatar\/986aa4c61ccdb66f8555bf88fc2a65609d00bcabd4d2d94377a727547345cbca?s=96&d=mm&r=g","url":"https:\/\/secure.gravatar.com\/avatar\/986aa4c61ccdb66f8555bf88fc2a65609d00bcabd4d2d94377a727547345cbca?s=96&d=mm&r=g","contentUrl":"https:\/\/secure.gravatar.com\/avatar\/986aa4c61ccdb66f8555bf88fc2a65609d00bcabd4d2d94377a727547345cbca?s=96&d=mm&r=g","caption":"Farn\u00e9sio"},"description":"Radialista blogueiro, chegou a Petrolina\/Juazeiro em setembro de 1980, Farn\u00e9sio Silva \u00e9 de Arapiraca-Alagoas.","sameAs":["http:\/\/blogdofarnesio.com.br","https:\/\/www.facebook.com\/?ref=tn_tnmn","https:\/\/www.instagram.com\/?utm_source=pwa_homescreen","https:\/\/youtube.com.br\/"],"url":"https:\/\/blogdofarnesio.com.br\/author\/farnesio-2\/"}]}},"_links":{"self":[{"href":"https:\/\/blogdofarnesio.com.br\/wp-json\/wp\/v2\/posts\/344360","targetHints":{"allow":["GET"]}}],"collection":[{"href":"https:\/\/blogdofarnesio.com.br\/wp-json\/wp\/v2\/posts"}],"about":[{"href":"https:\/\/blogdofarnesio.com.br\/wp-json\/wp\/v2\/types\/post"}],"author":[{"embeddable":true,"href":"https:\/\/blogdofarnesio.com.br\/wp-json\/wp\/v2\/users\/2"}],"replies":[{"embeddable":true,"href":"https:\/\/blogdofarnesio.com.br\/wp-json\/wp\/v2\/comments?post=344360"}],"version-history":[{"count":0,"href":"https:\/\/blogdofarnesio.com.br\/wp-json\/wp\/v2\/posts\/344360\/revisions"}],"wp:featuredmedia":[{"embeddable":true,"href":"https:\/\/blogdofarnesio.com.br\/wp-json\/wp\/v2\/media\/315021"}],"wp:attachment":[{"href":"https:\/\/blogdofarnesio.com.br\/wp-json\/wp\/v2\/media?parent=344360"}],"wp:term":[{"taxonomy":"category","embeddable":true,"href":"https:\/\/blogdofarnesio.com.br\/wp-json\/wp\/v2\/categories?post=344360"},{"taxonomy":"post_tag","embeddable":true,"href":"https:\/\/blogdofarnesio.com.br\/wp-json\/wp\/v2\/tags?post=344360"}],"curies":[{"name":"wp","href":"https:\/\/api.w.org\/{rel}","templated":true}]}}