{"id":344233,"date":"2023-06-29T15:43:04","date_gmt":"2023-06-29T18:43:04","guid":{"rendered":"https:\/\/blogdofarnesio.com.br\/?p=344233"},"modified":"2023-06-29T12:16:48","modified_gmt":"2023-06-29T15:16:48","slug":"uninassau-petrolina-abre-processo-seletivo-para-docentes","status":"publish","type":"post","link":"https:\/\/blogdofarnesio.com.br\/?p=344233","title":{"rendered":"UNINASSAU Petrolina abre processo seletivo para docentes"},"content":{"rendered":"<p align=\"center\"><i>As vagas s\u00e3o para o semestre 2023.2 e a avalia\u00e7\u00e3o dos candidatos ser\u00e1 realizada em tr\u00eas etapas\u00a0<\/i><\/p>\n<p>A UNINASSAU Petrolina promove processo seletivo para professores de ensino superior para o segundo semestre de 2023. S\u00e3o ofertadas vagas para os cursos de Biomedicina, Farm\u00e1cia, Psicologia, Administra\u00e7\u00e3o, Direito, Enfermagem, Ci\u00eancias Cont\u00e1beis e Odontologia. Os candidatos\u00a0dever\u00e3o encaminhar o Curr\u00edculo Lattes atualizados at\u00e9 o dia 09 de julho no endere\u00e7o de e-mail de que est\u00e1 dispon\u00edvel no\u00a0<a title=\"https:\/\/www.uninassau.edu.br\/sites\/mauriciodenassau.edu.br\/files\/documentos\/2023\/06\/ccg-for-05_-_edital_para_selecao_de_docente_uninassau_petrolina_2023.2.pdf\" href=\"https:\/\/www.uninassau.edu.br\/sites\/mauriciodenassau.edu.br\/files\/documentos\/2023\/06\/ccg-for-05_-_edital_para_selecao_de_docente_uninassau_petrolina_2023.2.pdf\" target=\"_blank\" rel=\"noopener noreferrer\" data-saferedirecturl=\"https:\/\/www.google.com\/url?q=https:\/\/www.uninassau.edu.br\/sites\/mauriciodenassau.edu.br\/files\/documentos\/2023\/06\/ccg-for-05_-_edital_para_selecao_de_docente_uninassau_petrolina_2023.2.pdf&amp;source=gmail&amp;ust=1688135836599000&amp;usg=AOvVaw1lPsLNMnRtyBCFsQv0x82q\">edital<\/a>.<\/p>\n<p>Os candidatos que preencherem os requisitos m\u00ednimos exigidos na an\u00e1lise curricular, participar\u00e3o ainda de\u00a0uma avalia\u00e7\u00e3o did\u00e1tico-pedag\u00f3gica, que constar\u00e1 de aula expositiva com dura\u00e7\u00e3o de 20 minutos, e uma entrevista.<\/p>\n<p>A coordenadora acad\u00eamica da Institui\u00e7\u00e3o, Vict\u00f3ria Carvalho, explica mais detalhes sobre a sele\u00e7\u00e3o. \u201cA prova did\u00e1tico-pedag\u00f3gica, assim como a entrevista, ser\u00e3o classificat\u00f3rias. Todavia, isso n\u00e3o significa que o profissional ser\u00e1 imediatamente contratado. \u00c9 importante destacar que ser\u00e1 necess\u00e1ria toda a documenta\u00e7\u00e3o solicitada correta prontas para entregar no momento da efetiva\u00e7\u00e3o, de acordo com o edital\u201d, explica.<\/p>\n","protected":false},"excerpt":{"rendered":"<p>As vagas s\u00e3o para o semestre 2023.2 e a avalia\u00e7\u00e3o dos candidatos ser\u00e1 realizada em tr\u00eas etapas\u00a0 A UNINASSAU Petrolina promove processo seletivo para professores de ensino superior para o segundo semestre de 2023. S\u00e3o ofertadas vagas para os cursos de Biomedicina, Farm\u00e1cia, Psicologia, Administra\u00e7\u00e3o, Direito, Enfermagem, Ci\u00eancias Cont\u00e1beis e Odontologia. Os candidatos\u00a0dever\u00e3o encaminhar o Curr\u00edculo Lattes atualizados at\u00e9 o dia 09 de julho no endere\u00e7o de e-mail de que est\u00e1 dispon\u00edvel no\u00a0edital. Os candidatos que preencherem os requisitos m\u00ednimos exigidos na an\u00e1lise curricular, participar\u00e3o ainda de\u00a0uma avalia\u00e7\u00e3o did\u00e1tico-pedag\u00f3gica, que constar\u00e1 de aula expositiva com dura\u00e7\u00e3o de 20 minutos, e uma entrevista. A coordenadora acad\u00eamica da Institui\u00e7\u00e3o, Vict\u00f3ria Carvalho, explica mais detalhes sobre a sele\u00e7\u00e3o. \u201cA prova did\u00e1tico-pedag\u00f3gica, assim como&hellip; <\/p>\n","protected":false},"author":2,"featured_media":334546,"comment_status":"open","ping_status":"open","sticky":false,"template":"","format":"standard","meta":{"_acf_changed":false,"footnotes":""},"categories":[31],"tags":[],"class_list":["post-344233","post","type-post","status-publish","format-standard","has-post-thumbnail","hentry","category-concursos"],"acf":[],"yoast_head":"<!-- This site is optimized with the Yoast SEO plugin v27.4 - https:\/\/yoast.com\/product\/yoast-seo-wordpress\/ -->\n<title>UNINASSAU Petrolina abre processo seletivo para docentes - Blog do Farn\u00e9sio<\/title>\n<meta name=\"robots\" content=\"index, follow, max-snippet:-1, max-image-preview:large, max-video-preview:-1\" \/>\n<link rel=\"canonical\" href=\"https:\/\/blogdofarnesio.com.br\/?p=344233\" \/>\n<meta property=\"og:locale\" content=\"pt_BR\" \/>\n<meta property=\"og:type\" content=\"article\" \/>\n<meta property=\"og:title\" content=\"UNINASSAU Petrolina abre processo seletivo para docentes - Blog do Farn\u00e9sio\" \/>\n<meta property=\"og:description\" content=\"As vagas s\u00e3o para o semestre 2023.2 e a avalia\u00e7\u00e3o dos candidatos ser\u00e1 realizada em tr\u00eas etapas\u00a0 A UNINASSAU Petrolina promove processo seletivo para professores de ensino superior para o segundo semestre de 2023. S\u00e3o ofertadas vagas para os cursos de Biomedicina, Farm\u00e1cia, Psicologia, Administra\u00e7\u00e3o, Direito, Enfermagem, Ci\u00eancias Cont\u00e1beis e Odontologia. Os candidatos\u00a0dever\u00e3o encaminhar o Curr\u00edculo Lattes atualizados at\u00e9 o dia 09 de julho no endere\u00e7o de e-mail de que est\u00e1 dispon\u00edvel no\u00a0edital. Os candidatos que preencherem os requisitos m\u00ednimos exigidos na an\u00e1lise curricular, participar\u00e3o ainda de\u00a0uma avalia\u00e7\u00e3o did\u00e1tico-pedag\u00f3gica, que constar\u00e1 de aula expositiva com dura\u00e7\u00e3o de 20 minutos, e uma entrevista. A coordenadora acad\u00eamica da Institui\u00e7\u00e3o, Vict\u00f3ria Carvalho, explica mais detalhes sobre a sele\u00e7\u00e3o. \u201cA prova did\u00e1tico-pedag\u00f3gica, assim como&hellip;\" \/>\n<meta property=\"og:url\" content=\"https:\/\/blogdofarnesio.com.br\/?p=344233\" \/>\n<meta property=\"og:site_name\" content=\"Blog do Farn\u00e9sio\" \/>\n<meta property=\"article:publisher\" content=\"https:\/\/www.facebook.com\/BlogQuerSaberPolitica\/\" \/>\n<meta property=\"article:author\" content=\"https:\/\/www.facebook.com\/?ref=tn_tnmn\" \/>\n<meta property=\"article:published_time\" content=\"2023-06-29T18:43:04+00:00\" \/>\n<meta property=\"og:image\" content=\"https:\/\/blogdofarnesio.com.br\/wp-content\/uploads\/2023\/02\/blogqspconcurso-selecao-e1718654076666.png\" \/>\n\t<meta property=\"og:image:width\" content=\"616\" \/>\n\t<meta property=\"og:image:height\" content=\"298\" \/>\n\t<meta property=\"og:image:type\" content=\"image\/png\" \/>\n<meta name=\"author\" content=\"Farn\u00e9sio\" \/>\n<meta name=\"twitter:card\" content=\"summary_large_image\" \/>\n<meta name=\"twitter:label1\" content=\"Escrito por\" \/>\n\t<meta name=\"twitter:data1\" content=\"Farn\u00e9sio\" \/>\n\t<meta name=\"twitter:label2\" content=\"Est. tempo de leitura\" \/>\n\t<meta name=\"twitter:data2\" content=\"1 minuto\" \/>\n<script type=\"application\/ld+json\" class=\"yoast-schema-graph\">{\"@context\":\"https:\\\/\\\/schema.org\",\"@graph\":[{\"@type\":\"Article\",\"@id\":\"https:\\\/\\\/blogdofarnesio.com.br\\\/?p=344233#article\",\"isPartOf\":{\"@id\":\"https:\\\/\\\/blogdofarnesio.com.br\\\/?p=344233\"},\"author\":{\"name\":\"Farn\u00e9sio\",\"@id\":\"https:\\\/\\\/blogdofarnesio.com.br\\\/#\\\/schema\\\/person\\\/bb9b23ae3ad0609ce8df7b6c9e76824d\"},\"headline\":\"UNINASSAU Petrolina abre processo seletivo para docentes\",\"datePublished\":\"2023-06-29T18:43:04+00:00\",\"mainEntityOfPage\":{\"@id\":\"https:\\\/\\\/blogdofarnesio.com.br\\\/?p=344233\"},\"wordCount\":194,\"commentCount\":0,\"publisher\":{\"@id\":\"https:\\\/\\\/blogdofarnesio.com.br\\\/#organization\"},\"image\":{\"@id\":\"https:\\\/\\\/blogdofarnesio.com.br\\\/?p=344233#primaryimage\"},\"thumbnailUrl\":\"https:\\\/\\\/blogdofarnesio.com.br\\\/wp-content\\\/uploads\\\/2023\\\/02\\\/blogqspconcurso-selecao-e1718654076666.png\",\"articleSection\":[\"Concursos\"],\"inLanguage\":\"pt-BR\",\"potentialAction\":[{\"@type\":\"CommentAction\",\"name\":\"Comment\",\"target\":[\"https:\\\/\\\/blogdofarnesio.com.br\\\/?p=344233#respond\"]}]},{\"@type\":\"WebPage\",\"@id\":\"https:\\\/\\\/blogdofarnesio.com.br\\\/?p=344233\",\"url\":\"https:\\\/\\\/blogdofarnesio.com.br\\\/?p=344233\",\"name\":\"UNINASSAU Petrolina abre processo seletivo para docentes - Blog do Farn\u00e9sio\",\"isPartOf\":{\"@id\":\"https:\\\/\\\/blogdofarnesio.com.br\\\/#website\"},\"primaryImageOfPage\":{\"@id\":\"https:\\\/\\\/blogdofarnesio.com.br\\\/?p=344233#primaryimage\"},\"image\":{\"@id\":\"https:\\\/\\\/blogdofarnesio.com.br\\\/?p=344233#primaryimage\"},\"thumbnailUrl\":\"https:\\\/\\\/blogdofarnesio.com.br\\\/wp-content\\\/uploads\\\/2023\\\/02\\\/blogqspconcurso-selecao-e1718654076666.png\",\"datePublished\":\"2023-06-29T18:43:04+00:00\",\"breadcrumb\":{\"@id\":\"https:\\\/\\\/blogdofarnesio.com.br\\\/?p=344233#breadcrumb\"},\"inLanguage\":\"pt-BR\",\"potentialAction\":[{\"@type\":\"ReadAction\",\"target\":[\"https:\\\/\\\/blogdofarnesio.com.br\\\/?p=344233\"]}]},{\"@type\":\"ImageObject\",\"inLanguage\":\"pt-BR\",\"@id\":\"https:\\\/\\\/blogdofarnesio.com.br\\\/?p=344233#primaryimage\",\"url\":\"https:\\\/\\\/blogdofarnesio.com.br\\\/wp-content\\\/uploads\\\/2023\\\/02\\\/blogqspconcurso-selecao-e1718654076666.png\",\"contentUrl\":\"https:\\\/\\\/blogdofarnesio.com.br\\\/wp-content\\\/uploads\\\/2023\\\/02\\\/blogqspconcurso-selecao-e1718654076666.png\",\"width\":616,\"height\":298},{\"@type\":\"BreadcrumbList\",\"@id\":\"https:\\\/\\\/blogdofarnesio.com.br\\\/?p=344233#breadcrumb\",\"itemListElement\":[{\"@type\":\"ListItem\",\"position\":1,\"name\":\"In\u00edcio\",\"item\":\"https:\\\/\\\/blogdofarnesio.com.br\\\/\"},{\"@type\":\"ListItem\",\"position\":2,\"name\":\"UNINASSAU Petrolina abre processo seletivo para docentes\"}]},{\"@type\":\"WebSite\",\"@id\":\"https:\\\/\\\/blogdofarnesio.com.br\\\/#website\",\"url\":\"https:\\\/\\\/blogdofarnesio.com.br\\\/\",\"name\":\"Blog do Farn\u00e9sio\",\"description\":\"Quer Saber Pol\u00edtica?\",\"publisher\":{\"@id\":\"https:\\\/\\\/blogdofarnesio.com.br\\\/#organization\"},\"potentialAction\":[{\"@type\":\"SearchAction\",\"target\":{\"@type\":\"EntryPoint\",\"urlTemplate\":\"https:\\\/\\\/blogdofarnesio.com.br\\\/?s={search_term_string}\"},\"query-input\":{\"@type\":\"PropertyValueSpecification\",\"valueRequired\":true,\"valueName\":\"search_term_string\"}}],\"inLanguage\":\"pt-BR\"},{\"@type\":\"Organization\",\"@id\":\"https:\\\/\\\/blogdofarnesio.com.br\\\/#organization\",\"name\":\"Blog do Farn\u00e9sio\",\"url\":\"https:\\\/\\\/blogdofarnesio.com.br\\\/\",\"logo\":{\"@type\":\"ImageObject\",\"inLanguage\":\"pt-BR\",\"@id\":\"https:\\\/\\\/blogdofarnesio.com.br\\\/#\\\/schema\\\/logo\\\/image\\\/\",\"url\":\"https:\\\/\\\/blogdofarnesio.com.br\\\/wp-content\\\/uploads\\\/2026\\\/03\\\/cropped-logo_new-1.png\",\"contentUrl\":\"https:\\\/\\\/blogdofarnesio.com.br\\\/wp-content\\\/uploads\\\/2026\\\/03\\\/cropped-logo_new-1.png\",\"width\":881,\"height\":685,\"caption\":\"Blog do Farn\u00e9sio\"},\"image\":{\"@id\":\"https:\\\/\\\/blogdofarnesio.com.br\\\/#\\\/schema\\\/logo\\\/image\\\/\"},\"sameAs\":[\"https:\\\/\\\/www.facebook.com\\\/BlogQuerSaberPolitica\\\/\"]},{\"@type\":\"Person\",\"@id\":\"https:\\\/\\\/blogdofarnesio.com.br\\\/#\\\/schema\\\/person\\\/bb9b23ae3ad0609ce8df7b6c9e76824d\",\"name\":\"Farn\u00e9sio\",\"image\":{\"@type\":\"ImageObject\",\"inLanguage\":\"pt-BR\",\"@id\":\"https:\\\/\\\/secure.gravatar.com\\\/avatar\\\/986aa4c61ccdb66f8555bf88fc2a65609d00bcabd4d2d94377a727547345cbca?s=96&d=mm&r=g\",\"url\":\"https:\\\/\\\/secure.gravatar.com\\\/avatar\\\/986aa4c61ccdb66f8555bf88fc2a65609d00bcabd4d2d94377a727547345cbca?s=96&d=mm&r=g\",\"contentUrl\":\"https:\\\/\\\/secure.gravatar.com\\\/avatar\\\/986aa4c61ccdb66f8555bf88fc2a65609d00bcabd4d2d94377a727547345cbca?s=96&d=mm&r=g\",\"caption\":\"Farn\u00e9sio\"},\"description\":\"Radialista blogueiro, chegou a Petrolina\\\/Juazeiro em setembro de 1980, Farn\u00e9sio Silva \u00e9 de Arapiraca-Alagoas.\",\"sameAs\":[\"http:\\\/\\\/blogdofarnesio.com.br\",\"https:\\\/\\\/www.facebook.com\\\/?ref=tn_tnmn\",\"https:\\\/\\\/www.instagram.com\\\/?utm_source=pwa_homescreen\",\"https:\\\/\\\/youtube.com.br\\\/\"],\"url\":\"https:\\\/\\\/blogdofarnesio.com.br\\\/?author=2\"}]}<\/script>\n<!-- \/ Yoast SEO plugin. -->","yoast_head_json":{"title":"UNINASSAU Petrolina abre processo seletivo para docentes - Blog do Farn\u00e9sio","robots":{"index":"index","follow":"follow","max-snippet":"max-snippet:-1","max-image-preview":"max-image-preview:large","max-video-preview":"max-video-preview:-1"},"canonical":"https:\/\/blogdofarnesio.com.br\/?p=344233","og_locale":"pt_BR","og_type":"article","og_title":"UNINASSAU Petrolina abre processo seletivo para docentes - Blog do Farn\u00e9sio","og_description":"As vagas s\u00e3o para o semestre 2023.2 e a avalia\u00e7\u00e3o dos candidatos ser\u00e1 realizada em tr\u00eas etapas\u00a0 A UNINASSAU Petrolina promove processo seletivo para professores de ensino superior para o segundo semestre de 2023. S\u00e3o ofertadas vagas para os cursos de Biomedicina, Farm\u00e1cia, Psicologia, Administra\u00e7\u00e3o, Direito, Enfermagem, Ci\u00eancias Cont\u00e1beis e Odontologia. Os candidatos\u00a0dever\u00e3o encaminhar o Curr\u00edculo Lattes atualizados at\u00e9 o dia 09 de julho no endere\u00e7o de e-mail de que est\u00e1 dispon\u00edvel no\u00a0edital. Os candidatos que preencherem os requisitos m\u00ednimos exigidos na an\u00e1lise curricular, participar\u00e3o ainda de\u00a0uma avalia\u00e7\u00e3o did\u00e1tico-pedag\u00f3gica, que constar\u00e1 de aula expositiva com dura\u00e7\u00e3o de 20 minutos, e uma entrevista. A coordenadora acad\u00eamica da Institui\u00e7\u00e3o, Vict\u00f3ria Carvalho, explica mais detalhes sobre a sele\u00e7\u00e3o. \u201cA prova did\u00e1tico-pedag\u00f3gica, assim como&hellip;","og_url":"https:\/\/blogdofarnesio.com.br\/?p=344233","og_site_name":"Blog do Farn\u00e9sio","article_publisher":"https:\/\/www.facebook.com\/BlogQuerSaberPolitica\/","article_author":"https:\/\/www.facebook.com\/?ref=tn_tnmn","article_published_time":"2023-06-29T18:43:04+00:00","og_image":[{"width":616,"height":298,"url":"https:\/\/blogdofarnesio.com.br\/wp-content\/uploads\/2023\/02\/blogqspconcurso-selecao-e1718654076666.png","type":"image\/png"}],"author":"Farn\u00e9sio","twitter_card":"summary_large_image","twitter_misc":{"Escrito por":"Farn\u00e9sio","Est. tempo de leitura":"1 minuto"},"schema":{"@context":"https:\/\/schema.org","@graph":[{"@type":"Article","@id":"https:\/\/blogdofarnesio.com.br\/?p=344233#article","isPartOf":{"@id":"https:\/\/blogdofarnesio.com.br\/?p=344233"},"author":{"name":"Farn\u00e9sio","@id":"https:\/\/blogdofarnesio.com.br\/#\/schema\/person\/bb9b23ae3ad0609ce8df7b6c9e76824d"},"headline":"UNINASSAU Petrolina abre processo seletivo para docentes","datePublished":"2023-06-29T18:43:04+00:00","mainEntityOfPage":{"@id":"https:\/\/blogdofarnesio.com.br\/?p=344233"},"wordCount":194,"commentCount":0,"publisher":{"@id":"https:\/\/blogdofarnesio.com.br\/#organization"},"image":{"@id":"https:\/\/blogdofarnesio.com.br\/?p=344233#primaryimage"},"thumbnailUrl":"https:\/\/blogdofarnesio.com.br\/wp-content\/uploads\/2023\/02\/blogqspconcurso-selecao-e1718654076666.png","articleSection":["Concursos"],"inLanguage":"pt-BR","potentialAction":[{"@type":"CommentAction","name":"Comment","target":["https:\/\/blogdofarnesio.com.br\/?p=344233#respond"]}]},{"@type":"WebPage","@id":"https:\/\/blogdofarnesio.com.br\/?p=344233","url":"https:\/\/blogdofarnesio.com.br\/?p=344233","name":"UNINASSAU Petrolina abre processo seletivo para docentes - Blog do Farn\u00e9sio","isPartOf":{"@id":"https:\/\/blogdofarnesio.com.br\/#website"},"primaryImageOfPage":{"@id":"https:\/\/blogdofarnesio.com.br\/?p=344233#primaryimage"},"image":{"@id":"https:\/\/blogdofarnesio.com.br\/?p=344233#primaryimage"},"thumbnailUrl":"https:\/\/blogdofarnesio.com.br\/wp-content\/uploads\/2023\/02\/blogqspconcurso-selecao-e1718654076666.png","datePublished":"2023-06-29T18:43:04+00:00","breadcrumb":{"@id":"https:\/\/blogdofarnesio.com.br\/?p=344233#breadcrumb"},"inLanguage":"pt-BR","potentialAction":[{"@type":"ReadAction","target":["https:\/\/blogdofarnesio.com.br\/?p=344233"]}]},{"@type":"ImageObject","inLanguage":"pt-BR","@id":"https:\/\/blogdofarnesio.com.br\/?p=344233#primaryimage","url":"https:\/\/blogdofarnesio.com.br\/wp-content\/uploads\/2023\/02\/blogqspconcurso-selecao-e1718654076666.png","contentUrl":"https:\/\/blogdofarnesio.com.br\/wp-content\/uploads\/2023\/02\/blogqspconcurso-selecao-e1718654076666.png","width":616,"height":298},{"@type":"BreadcrumbList","@id":"https:\/\/blogdofarnesio.com.br\/?p=344233#breadcrumb","itemListElement":[{"@type":"ListItem","position":1,"name":"In\u00edcio","item":"https:\/\/blogdofarnesio.com.br\/"},{"@type":"ListItem","position":2,"name":"UNINASSAU Petrolina abre processo seletivo para docentes"}]},{"@type":"WebSite","@id":"https:\/\/blogdofarnesio.com.br\/#website","url":"https:\/\/blogdofarnesio.com.br\/","name":"Blog do Farn\u00e9sio","description":"Quer Saber Pol\u00edtica?","publisher":{"@id":"https:\/\/blogdofarnesio.com.br\/#organization"},"potentialAction":[{"@type":"SearchAction","target":{"@type":"EntryPoint","urlTemplate":"https:\/\/blogdofarnesio.com.br\/?s={search_term_string}"},"query-input":{"@type":"PropertyValueSpecification","valueRequired":true,"valueName":"search_term_string"}}],"inLanguage":"pt-BR"},{"@type":"Organization","@id":"https:\/\/blogdofarnesio.com.br\/#organization","name":"Blog do Farn\u00e9sio","url":"https:\/\/blogdofarnesio.com.br\/","logo":{"@type":"ImageObject","inLanguage":"pt-BR","@id":"https:\/\/blogdofarnesio.com.br\/#\/schema\/logo\/image\/","url":"https:\/\/blogdofarnesio.com.br\/wp-content\/uploads\/2026\/03\/cropped-logo_new-1.png","contentUrl":"https:\/\/blogdofarnesio.com.br\/wp-content\/uploads\/2026\/03\/cropped-logo_new-1.png","width":881,"height":685,"caption":"Blog do Farn\u00e9sio"},"image":{"@id":"https:\/\/blogdofarnesio.com.br\/#\/schema\/logo\/image\/"},"sameAs":["https:\/\/www.facebook.com\/BlogQuerSaberPolitica\/"]},{"@type":"Person","@id":"https:\/\/blogdofarnesio.com.br\/#\/schema\/person\/bb9b23ae3ad0609ce8df7b6c9e76824d","name":"Farn\u00e9sio","image":{"@type":"ImageObject","inLanguage":"pt-BR","@id":"https:\/\/secure.gravatar.com\/avatar\/986aa4c61ccdb66f8555bf88fc2a65609d00bcabd4d2d94377a727547345cbca?s=96&d=mm&r=g","url":"https:\/\/secure.gravatar.com\/avatar\/986aa4c61ccdb66f8555bf88fc2a65609d00bcabd4d2d94377a727547345cbca?s=96&d=mm&r=g","contentUrl":"https:\/\/secure.gravatar.com\/avatar\/986aa4c61ccdb66f8555bf88fc2a65609d00bcabd4d2d94377a727547345cbca?s=96&d=mm&r=g","caption":"Farn\u00e9sio"},"description":"Radialista blogueiro, chegou a Petrolina\/Juazeiro em setembro de 1980, Farn\u00e9sio Silva \u00e9 de Arapiraca-Alagoas.","sameAs":["http:\/\/blogdofarnesio.com.br","https:\/\/www.facebook.com\/?ref=tn_tnmn","https:\/\/www.instagram.com\/?utm_source=pwa_homescreen","https:\/\/youtube.com.br\/"],"url":"https:\/\/blogdofarnesio.com.br\/?author=2"}]}},"_links":{"self":[{"href":"https:\/\/blogdofarnesio.com.br\/index.php?rest_route=\/wp\/v2\/posts\/344233","targetHints":{"allow":["GET"]}}],"collection":[{"href":"https:\/\/blogdofarnesio.com.br\/index.php?rest_route=\/wp\/v2\/posts"}],"about":[{"href":"https:\/\/blogdofarnesio.com.br\/index.php?rest_route=\/wp\/v2\/types\/post"}],"author":[{"embeddable":true,"href":"https:\/\/blogdofarnesio.com.br\/index.php?rest_route=\/wp\/v2\/users\/2"}],"replies":[{"embeddable":true,"href":"https:\/\/blogdofarnesio.com.br\/index.php?rest_route=%2Fwp%2Fv2%2Fcomments&post=344233"}],"version-history":[{"count":0,"href":"https:\/\/blogdofarnesio.com.br\/index.php?rest_route=\/wp\/v2\/posts\/344233\/revisions"}],"wp:featuredmedia":[{"embeddable":true,"href":"https:\/\/blogdofarnesio.com.br\/index.php?rest_route=\/wp\/v2\/media\/334546"}],"wp:attachment":[{"href":"https:\/\/blogdofarnesio.com.br\/index.php?rest_route=%2Fwp%2Fv2%2Fmedia&parent=344233"}],"wp:term":[{"taxonomy":"category","embeddable":true,"href":"https:\/\/blogdofarnesio.com.br\/index.php?rest_route=%2Fwp%2Fv2%2Fcategories&post=344233"},{"taxonomy":"post_tag","embeddable":true,"href":"https:\/\/blogdofarnesio.com.br\/index.php?rest_route=%2Fwp%2Fv2%2Ftags&post=344233"}],"curies":[{"name":"wp","href":"https:\/\/api.w.org\/{rel}","templated":true}]}}