{"id":344231,"date":"2023-06-29T15:03:59","date_gmt":"2023-06-29T18:03:59","guid":{"rendered":"https:\/\/blogdofarnesio.com.br\/?p=344231"},"modified":"2023-06-29T11:38:28","modified_gmt":"2023-06-29T14:38:28","slug":"com-censo-pernambuco-e-bahia-irao-perder-deputados-compreenda","status":"publish","type":"post","link":"https:\/\/blogdofarnesio.com.br\/2023\/06\/com-censo-pernambuco-e-bahia-irao-perder-deputados-compreenda\/","title":{"rendered":"Com censo, Pernambuco e Bahia ir\u00e3o perder deputados. Compreenda"},"content":{"rendered":"<p>Com os dados populacionais do Instituto Brasileiro de Geografia e Estat\u00edsticas (IBGE) divulgados nesta quarta-feira, 28, a Bahia deve perder tr\u00eas representantes na C\u00e2mara dos Deputados.<\/p>\n<p>Atualmente, o estado tem 25 deputados federais.\u00a0\u00a0Para chegar \u00e0 quantidade de cadeiras de cada estado na C\u00e2mara dos Deputados, \u00e9 preciso usar como refer\u00eancia o Quociente Populacional Nacional (QPN), que, com os novos dados passa de 371.843,66 para 395.833,35.<\/p>\n<p>O QPN \u00e9 o resultado da divis\u00e3o da popula\u00e7\u00e3o do pa\u00eds, que de acordo com o Censo divulgado nesta quarta \u00e9 de 203.062.512 de habitantes, pela quantidade de vagas de deputados federais: 513.<\/p>\n<p>Na sequ\u00eancia, \u00e9 preciso dividir a popula\u00e7\u00e3o do estado pelo QPN para chegar ao Quociente Populacional Estadual (QPE). O QPE \u00e9 a refer\u00eancia para definir o n\u00famero de assentos a que cada estado tem direito, na C\u00e2mara dos Deputados, considerando apenas n\u00fameros inteiros.<\/p>\n<p>Em Pernambuco, com o novo QPN, garantir\u00edamos 22 deputados, em vez dos 25 atuais, entrando em disputa por vagas de sobra, mas que n\u00e3o chega aos 25 anteriores.<\/p>\n","protected":false},"excerpt":{"rendered":"<p>Com os dados populacionais do Instituto Brasileiro de Geografia e Estat\u00edsticas (IBGE) divulgados nesta quarta-feira, 28, a Bahia deve perder tr\u00eas representantes na C\u00e2mara dos Deputados. Atualmente, o estado tem 25 deputados federais.\u00a0\u00a0Para chegar \u00e0 quantidade de cadeiras de cada estado na C\u00e2mara dos Deputados, \u00e9 preciso usar como refer\u00eancia o Quociente Populacional Nacional (QPN), que, com os novos dados passa de 371.843,66 para 395.833,35. O QPN \u00e9 o resultado da divis\u00e3o da popula\u00e7\u00e3o do pa\u00eds, que de acordo com o Censo divulgado nesta quarta \u00e9 de 203.062.512 de habitantes, pela quantidade de vagas de deputados federais: 513. Na sequ\u00eancia, \u00e9 preciso dividir a popula\u00e7\u00e3o do estado pelo QPN para chegar ao Quociente Populacional Estadual (QPE). O QPE \u00e9 a&hellip; <\/p>\n","protected":false},"author":2,"featured_media":220119,"comment_status":"open","ping_status":"open","sticky":false,"template":"","format":"standard","meta":{"_acf_changed":false,"footnotes":""},"categories":[1],"tags":[],"class_list":["post-344231","post","type-post","status-publish","format-standard","has-post-thumbnail","hentry","category-politica"],"acf":[],"yoast_head":"<!-- This site is optimized with the Yoast SEO plugin v27.5 - https:\/\/yoast.com\/product\/yoast-seo-wordpress\/ -->\n<title>Com censo, Pernambuco e Bahia ir\u00e3o perder deputados. Compreenda - Blog do Farn\u00e9sio<\/title>\n<meta name=\"robots\" content=\"index, follow, max-snippet:-1, max-image-preview:large, max-video-preview:-1\" \/>\n<link rel=\"canonical\" href=\"https:\/\/blogdofarnesio.com.br\/2023\/06\/com-censo-pernambuco-e-bahia-irao-perder-deputados-compreenda\/\" \/>\n<meta property=\"og:locale\" content=\"pt_BR\" \/>\n<meta property=\"og:type\" content=\"article\" \/>\n<meta property=\"og:title\" content=\"Com censo, Pernambuco e Bahia ir\u00e3o perder deputados. Compreenda - Blog do Farn\u00e9sio\" \/>\n<meta property=\"og:description\" content=\"Com os dados populacionais do Instituto Brasileiro de Geografia e Estat\u00edsticas (IBGE) divulgados nesta quarta-feira, 28, a Bahia deve perder tr\u00eas representantes na C\u00e2mara dos Deputados. Atualmente, o estado tem 25 deputados federais.\u00a0\u00a0Para chegar \u00e0 quantidade de cadeiras de cada estado na C\u00e2mara dos Deputados, \u00e9 preciso usar como refer\u00eancia o Quociente Populacional Nacional (QPN), que, com os novos dados passa de 371.843,66 para 395.833,35. O QPN \u00e9 o resultado da divis\u00e3o da popula\u00e7\u00e3o do pa\u00eds, que de acordo com o Censo divulgado nesta quarta \u00e9 de 203.062.512 de habitantes, pela quantidade de vagas de deputados federais: 513. Na sequ\u00eancia, \u00e9 preciso dividir a popula\u00e7\u00e3o do estado pelo QPN para chegar ao Quociente Populacional Estadual (QPE). O QPE \u00e9 a&hellip;\" \/>\n<meta property=\"og:url\" content=\"https:\/\/blogdofarnesio.com.br\/2023\/06\/com-censo-pernambuco-e-bahia-irao-perder-deputados-compreenda\/\" \/>\n<meta property=\"og:site_name\" content=\"Blog do Farn\u00e9sio\" \/>\n<meta property=\"article:publisher\" content=\"https:\/\/www.facebook.com\/BlogQuerSaberPolitica\/\" \/>\n<meta property=\"article:author\" content=\"https:\/\/www.facebook.com\/?ref=tn_tnmn\" \/>\n<meta property=\"article:published_time\" content=\"2023-06-29T18:03:59+00:00\" \/>\n<meta property=\"og:image\" content=\"https:\/\/blogdofarnesio.com.br\/wp-content\/uploads\/2019\/02\/blogqspplenario-camara.jpg\" \/>\n\t<meta property=\"og:image:width\" content=\"868\" \/>\n\t<meta property=\"og:image:height\" content=\"644\" \/>\n\t<meta property=\"og:image:type\" content=\"image\/jpeg\" \/>\n<meta name=\"author\" content=\"Farn\u00e9sio\" \/>\n<meta name=\"twitter:card\" content=\"summary_large_image\" \/>\n<meta name=\"twitter:label1\" content=\"Escrito por\" \/>\n\t<meta name=\"twitter:data1\" content=\"Farn\u00e9sio\" \/>\n\t<meta name=\"twitter:label2\" content=\"Est. tempo de leitura\" \/>\n\t<meta name=\"twitter:data2\" content=\"1 minuto\" \/>\n<script type=\"application\/ld+json\" class=\"yoast-schema-graph\">{\"@context\":\"https:\\\/\\\/schema.org\",\"@graph\":[{\"@type\":\"Article\",\"@id\":\"https:\\\/\\\/blogdofarnesio.com.br\\\/2023\\\/06\\\/com-censo-pernambuco-e-bahia-irao-perder-deputados-compreenda\\\/#article\",\"isPartOf\":{\"@id\":\"https:\\\/\\\/blogdofarnesio.com.br\\\/2023\\\/06\\\/com-censo-pernambuco-e-bahia-irao-perder-deputados-compreenda\\\/\"},\"author\":{\"name\":\"Farn\u00e9sio\",\"@id\":\"https:\\\/\\\/blogdofarnesio.com.br\\\/#\\\/schema\\\/person\\\/bb9b23ae3ad0609ce8df7b6c9e76824d\"},\"headline\":\"Com censo, Pernambuco e Bahia ir\u00e3o perder deputados. Compreenda\",\"datePublished\":\"2023-06-29T18:03:59+00:00\",\"mainEntityOfPage\":{\"@id\":\"https:\\\/\\\/blogdofarnesio.com.br\\\/2023\\\/06\\\/com-censo-pernambuco-e-bahia-irao-perder-deputados-compreenda\\\/\"},\"wordCount\":181,\"commentCount\":0,\"publisher\":{\"@id\":\"https:\\\/\\\/blogdofarnesio.com.br\\\/#organization\"},\"image\":{\"@id\":\"https:\\\/\\\/blogdofarnesio.com.br\\\/2023\\\/06\\\/com-censo-pernambuco-e-bahia-irao-perder-deputados-compreenda\\\/#primaryimage\"},\"thumbnailUrl\":\"https:\\\/\\\/blogdofarnesio.com.br\\\/wp-content\\\/uploads\\\/2019\\\/02\\\/blogqspplenario-camara.jpg\",\"articleSection\":[\"Pol\u00edtica\"],\"inLanguage\":\"pt-BR\",\"potentialAction\":[{\"@type\":\"CommentAction\",\"name\":\"Comment\",\"target\":[\"https:\\\/\\\/blogdofarnesio.com.br\\\/2023\\\/06\\\/com-censo-pernambuco-e-bahia-irao-perder-deputados-compreenda\\\/#respond\"]}]},{\"@type\":\"WebPage\",\"@id\":\"https:\\\/\\\/blogdofarnesio.com.br\\\/2023\\\/06\\\/com-censo-pernambuco-e-bahia-irao-perder-deputados-compreenda\\\/\",\"url\":\"https:\\\/\\\/blogdofarnesio.com.br\\\/2023\\\/06\\\/com-censo-pernambuco-e-bahia-irao-perder-deputados-compreenda\\\/\",\"name\":\"Com censo, Pernambuco e Bahia ir\u00e3o perder deputados. Compreenda - Blog do Farn\u00e9sio\",\"isPartOf\":{\"@id\":\"https:\\\/\\\/blogdofarnesio.com.br\\\/#website\"},\"primaryImageOfPage\":{\"@id\":\"https:\\\/\\\/blogdofarnesio.com.br\\\/2023\\\/06\\\/com-censo-pernambuco-e-bahia-irao-perder-deputados-compreenda\\\/#primaryimage\"},\"image\":{\"@id\":\"https:\\\/\\\/blogdofarnesio.com.br\\\/2023\\\/06\\\/com-censo-pernambuco-e-bahia-irao-perder-deputados-compreenda\\\/#primaryimage\"},\"thumbnailUrl\":\"https:\\\/\\\/blogdofarnesio.com.br\\\/wp-content\\\/uploads\\\/2019\\\/02\\\/blogqspplenario-camara.jpg\",\"datePublished\":\"2023-06-29T18:03:59+00:00\",\"breadcrumb\":{\"@id\":\"https:\\\/\\\/blogdofarnesio.com.br\\\/2023\\\/06\\\/com-censo-pernambuco-e-bahia-irao-perder-deputados-compreenda\\\/#breadcrumb\"},\"inLanguage\":\"pt-BR\",\"potentialAction\":[{\"@type\":\"ReadAction\",\"target\":[\"https:\\\/\\\/blogdofarnesio.com.br\\\/2023\\\/06\\\/com-censo-pernambuco-e-bahia-irao-perder-deputados-compreenda\\\/\"]}]},{\"@type\":\"ImageObject\",\"inLanguage\":\"pt-BR\",\"@id\":\"https:\\\/\\\/blogdofarnesio.com.br\\\/2023\\\/06\\\/com-censo-pernambuco-e-bahia-irao-perder-deputados-compreenda\\\/#primaryimage\",\"url\":\"https:\\\/\\\/blogdofarnesio.com.br\\\/wp-content\\\/uploads\\\/2019\\\/02\\\/blogqspplenario-camara.jpg\",\"contentUrl\":\"https:\\\/\\\/blogdofarnesio.com.br\\\/wp-content\\\/uploads\\\/2019\\\/02\\\/blogqspplenario-camara.jpg\",\"width\":868,\"height\":644,\"caption\":\"Deputada Laura Carneiro e o deputado Rodrigo Maia na sess\u00e3o extraordin\u00e1ria da C\u00e2mara dos Deputados destinada a debater sobre interven\u00e7\u00e3o federal no estado do Rio de Janeiro na \u00e1rea de seguran\u00e7a p\u00fablica at\u00e9 31 de dezembro de 2018. Esse decreto de interven\u00e7\u00e3o \u00e9 o primeiro do tipo a ser analisado pela Casa na vig\u00eancia da atual Constitui\u00e7\u00e3o, que \u00e9 de 1988. Bras\u00edlia 19-02-18. Foto: S\u00e9rgio LimaPoder 360.\"},{\"@type\":\"BreadcrumbList\",\"@id\":\"https:\\\/\\\/blogdofarnesio.com.br\\\/2023\\\/06\\\/com-censo-pernambuco-e-bahia-irao-perder-deputados-compreenda\\\/#breadcrumb\",\"itemListElement\":[{\"@type\":\"ListItem\",\"position\":1,\"name\":\"In\u00edcio\",\"item\":\"https:\\\/\\\/blogdofarnesio.com.br\\\/\"},{\"@type\":\"ListItem\",\"position\":2,\"name\":\"Com censo, Pernambuco e Bahia ir\u00e3o perder deputados. Compreenda\"}]},{\"@type\":\"WebSite\",\"@id\":\"https:\\\/\\\/blogdofarnesio.com.br\\\/#website\",\"url\":\"https:\\\/\\\/blogdofarnesio.com.br\\\/\",\"name\":\"Blog do Farn\u00e9sio\",\"description\":\"Quer Saber Pol\u00edtica?\",\"publisher\":{\"@id\":\"https:\\\/\\\/blogdofarnesio.com.br\\\/#organization\"},\"potentialAction\":[{\"@type\":\"SearchAction\",\"target\":{\"@type\":\"EntryPoint\",\"urlTemplate\":\"https:\\\/\\\/blogdofarnesio.com.br\\\/?s={search_term_string}\"},\"query-input\":{\"@type\":\"PropertyValueSpecification\",\"valueRequired\":true,\"valueName\":\"search_term_string\"}}],\"inLanguage\":\"pt-BR\"},{\"@type\":\"Organization\",\"@id\":\"https:\\\/\\\/blogdofarnesio.com.br\\\/#organization\",\"name\":\"Blog do Farn\u00e9sio\",\"url\":\"https:\\\/\\\/blogdofarnesio.com.br\\\/\",\"logo\":{\"@type\":\"ImageObject\",\"inLanguage\":\"pt-BR\",\"@id\":\"https:\\\/\\\/blogdofarnesio.com.br\\\/#\\\/schema\\\/logo\\\/image\\\/\",\"url\":\"https:\\\/\\\/blogdofarnesio.com.br\\\/wp-content\\\/uploads\\\/2026\\\/03\\\/cropped-logo_new-1.png\",\"contentUrl\":\"https:\\\/\\\/blogdofarnesio.com.br\\\/wp-content\\\/uploads\\\/2026\\\/03\\\/cropped-logo_new-1.png\",\"width\":881,\"height\":685,\"caption\":\"Blog do Farn\u00e9sio\"},\"image\":{\"@id\":\"https:\\\/\\\/blogdofarnesio.com.br\\\/#\\\/schema\\\/logo\\\/image\\\/\"},\"sameAs\":[\"https:\\\/\\\/www.facebook.com\\\/BlogQuerSaberPolitica\\\/\"]},{\"@type\":\"Person\",\"@id\":\"https:\\\/\\\/blogdofarnesio.com.br\\\/#\\\/schema\\\/person\\\/bb9b23ae3ad0609ce8df7b6c9e76824d\",\"name\":\"Farn\u00e9sio\",\"image\":{\"@type\":\"ImageObject\",\"inLanguage\":\"pt-BR\",\"@id\":\"https:\\\/\\\/secure.gravatar.com\\\/avatar\\\/986aa4c61ccdb66f8555bf88fc2a65609d00bcabd4d2d94377a727547345cbca?s=96&d=mm&r=g\",\"url\":\"https:\\\/\\\/secure.gravatar.com\\\/avatar\\\/986aa4c61ccdb66f8555bf88fc2a65609d00bcabd4d2d94377a727547345cbca?s=96&d=mm&r=g\",\"contentUrl\":\"https:\\\/\\\/secure.gravatar.com\\\/avatar\\\/986aa4c61ccdb66f8555bf88fc2a65609d00bcabd4d2d94377a727547345cbca?s=96&d=mm&r=g\",\"caption\":\"Farn\u00e9sio\"},\"description\":\"Radialista blogueiro, chegou a Petrolina\\\/Juazeiro em setembro de 1980, Farn\u00e9sio Silva \u00e9 de Arapiraca-Alagoas.\",\"sameAs\":[\"http:\\\/\\\/blogdofarnesio.com.br\",\"https:\\\/\\\/www.facebook.com\\\/?ref=tn_tnmn\",\"https:\\\/\\\/www.instagram.com\\\/?utm_source=pwa_homescreen\",\"https:\\\/\\\/youtube.com.br\\\/\"],\"url\":\"https:\\\/\\\/blogdofarnesio.com.br\\\/author\\\/farnesio-2\\\/\"}]}<\/script>\n<!-- \/ Yoast SEO plugin. -->","yoast_head_json":{"title":"Com censo, Pernambuco e Bahia ir\u00e3o perder deputados. Compreenda - Blog do Farn\u00e9sio","robots":{"index":"index","follow":"follow","max-snippet":"max-snippet:-1","max-image-preview":"max-image-preview:large","max-video-preview":"max-video-preview:-1"},"canonical":"https:\/\/blogdofarnesio.com.br\/2023\/06\/com-censo-pernambuco-e-bahia-irao-perder-deputados-compreenda\/","og_locale":"pt_BR","og_type":"article","og_title":"Com censo, Pernambuco e Bahia ir\u00e3o perder deputados. Compreenda - Blog do Farn\u00e9sio","og_description":"Com os dados populacionais do Instituto Brasileiro de Geografia e Estat\u00edsticas (IBGE) divulgados nesta quarta-feira, 28, a Bahia deve perder tr\u00eas representantes na C\u00e2mara dos Deputados. Atualmente, o estado tem 25 deputados federais.\u00a0\u00a0Para chegar \u00e0 quantidade de cadeiras de cada estado na C\u00e2mara dos Deputados, \u00e9 preciso usar como refer\u00eancia o Quociente Populacional Nacional (QPN), que, com os novos dados passa de 371.843,66 para 395.833,35. O QPN \u00e9 o resultado da divis\u00e3o da popula\u00e7\u00e3o do pa\u00eds, que de acordo com o Censo divulgado nesta quarta \u00e9 de 203.062.512 de habitantes, pela quantidade de vagas de deputados federais: 513. Na sequ\u00eancia, \u00e9 preciso dividir a popula\u00e7\u00e3o do estado pelo QPN para chegar ao Quociente Populacional Estadual (QPE). O QPE \u00e9 a&hellip;","og_url":"https:\/\/blogdofarnesio.com.br\/2023\/06\/com-censo-pernambuco-e-bahia-irao-perder-deputados-compreenda\/","og_site_name":"Blog do Farn\u00e9sio","article_publisher":"https:\/\/www.facebook.com\/BlogQuerSaberPolitica\/","article_author":"https:\/\/www.facebook.com\/?ref=tn_tnmn","article_published_time":"2023-06-29T18:03:59+00:00","og_image":[{"width":868,"height":644,"url":"https:\/\/blogdofarnesio.com.br\/wp-content\/uploads\/2019\/02\/blogqspplenario-camara.jpg","type":"image\/jpeg"}],"author":"Farn\u00e9sio","twitter_card":"summary_large_image","twitter_misc":{"Escrito por":"Farn\u00e9sio","Est. tempo de leitura":"1 minuto"},"schema":{"@context":"https:\/\/schema.org","@graph":[{"@type":"Article","@id":"https:\/\/blogdofarnesio.com.br\/2023\/06\/com-censo-pernambuco-e-bahia-irao-perder-deputados-compreenda\/#article","isPartOf":{"@id":"https:\/\/blogdofarnesio.com.br\/2023\/06\/com-censo-pernambuco-e-bahia-irao-perder-deputados-compreenda\/"},"author":{"name":"Farn\u00e9sio","@id":"https:\/\/blogdofarnesio.com.br\/#\/schema\/person\/bb9b23ae3ad0609ce8df7b6c9e76824d"},"headline":"Com censo, Pernambuco e Bahia ir\u00e3o perder deputados. Compreenda","datePublished":"2023-06-29T18:03:59+00:00","mainEntityOfPage":{"@id":"https:\/\/blogdofarnesio.com.br\/2023\/06\/com-censo-pernambuco-e-bahia-irao-perder-deputados-compreenda\/"},"wordCount":181,"commentCount":0,"publisher":{"@id":"https:\/\/blogdofarnesio.com.br\/#organization"},"image":{"@id":"https:\/\/blogdofarnesio.com.br\/2023\/06\/com-censo-pernambuco-e-bahia-irao-perder-deputados-compreenda\/#primaryimage"},"thumbnailUrl":"https:\/\/blogdofarnesio.com.br\/wp-content\/uploads\/2019\/02\/blogqspplenario-camara.jpg","articleSection":["Pol\u00edtica"],"inLanguage":"pt-BR","potentialAction":[{"@type":"CommentAction","name":"Comment","target":["https:\/\/blogdofarnesio.com.br\/2023\/06\/com-censo-pernambuco-e-bahia-irao-perder-deputados-compreenda\/#respond"]}]},{"@type":"WebPage","@id":"https:\/\/blogdofarnesio.com.br\/2023\/06\/com-censo-pernambuco-e-bahia-irao-perder-deputados-compreenda\/","url":"https:\/\/blogdofarnesio.com.br\/2023\/06\/com-censo-pernambuco-e-bahia-irao-perder-deputados-compreenda\/","name":"Com censo, Pernambuco e Bahia ir\u00e3o perder deputados. Compreenda - Blog do Farn\u00e9sio","isPartOf":{"@id":"https:\/\/blogdofarnesio.com.br\/#website"},"primaryImageOfPage":{"@id":"https:\/\/blogdofarnesio.com.br\/2023\/06\/com-censo-pernambuco-e-bahia-irao-perder-deputados-compreenda\/#primaryimage"},"image":{"@id":"https:\/\/blogdofarnesio.com.br\/2023\/06\/com-censo-pernambuco-e-bahia-irao-perder-deputados-compreenda\/#primaryimage"},"thumbnailUrl":"https:\/\/blogdofarnesio.com.br\/wp-content\/uploads\/2019\/02\/blogqspplenario-camara.jpg","datePublished":"2023-06-29T18:03:59+00:00","breadcrumb":{"@id":"https:\/\/blogdofarnesio.com.br\/2023\/06\/com-censo-pernambuco-e-bahia-irao-perder-deputados-compreenda\/#breadcrumb"},"inLanguage":"pt-BR","potentialAction":[{"@type":"ReadAction","target":["https:\/\/blogdofarnesio.com.br\/2023\/06\/com-censo-pernambuco-e-bahia-irao-perder-deputados-compreenda\/"]}]},{"@type":"ImageObject","inLanguage":"pt-BR","@id":"https:\/\/blogdofarnesio.com.br\/2023\/06\/com-censo-pernambuco-e-bahia-irao-perder-deputados-compreenda\/#primaryimage","url":"https:\/\/blogdofarnesio.com.br\/wp-content\/uploads\/2019\/02\/blogqspplenario-camara.jpg","contentUrl":"https:\/\/blogdofarnesio.com.br\/wp-content\/uploads\/2019\/02\/blogqspplenario-camara.jpg","width":868,"height":644,"caption":"Deputada Laura Carneiro e o deputado Rodrigo Maia na sess\u00e3o extraordin\u00e1ria da C\u00e2mara dos Deputados destinada a debater sobre interven\u00e7\u00e3o federal no estado do Rio de Janeiro na \u00e1rea de seguran\u00e7a p\u00fablica at\u00e9 31 de dezembro de 2018. Esse decreto de interven\u00e7\u00e3o \u00e9 o primeiro do tipo a ser analisado pela Casa na vig\u00eancia da atual Constitui\u00e7\u00e3o, que \u00e9 de 1988. Bras\u00edlia 19-02-18. Foto: S\u00e9rgio LimaPoder 360."},{"@type":"BreadcrumbList","@id":"https:\/\/blogdofarnesio.com.br\/2023\/06\/com-censo-pernambuco-e-bahia-irao-perder-deputados-compreenda\/#breadcrumb","itemListElement":[{"@type":"ListItem","position":1,"name":"In\u00edcio","item":"https:\/\/blogdofarnesio.com.br\/"},{"@type":"ListItem","position":2,"name":"Com censo, Pernambuco e Bahia ir\u00e3o perder deputados. Compreenda"}]},{"@type":"WebSite","@id":"https:\/\/blogdofarnesio.com.br\/#website","url":"https:\/\/blogdofarnesio.com.br\/","name":"Blog do Farn\u00e9sio","description":"Quer Saber Pol\u00edtica?","publisher":{"@id":"https:\/\/blogdofarnesio.com.br\/#organization"},"potentialAction":[{"@type":"SearchAction","target":{"@type":"EntryPoint","urlTemplate":"https:\/\/blogdofarnesio.com.br\/?s={search_term_string}"},"query-input":{"@type":"PropertyValueSpecification","valueRequired":true,"valueName":"search_term_string"}}],"inLanguage":"pt-BR"},{"@type":"Organization","@id":"https:\/\/blogdofarnesio.com.br\/#organization","name":"Blog do Farn\u00e9sio","url":"https:\/\/blogdofarnesio.com.br\/","logo":{"@type":"ImageObject","inLanguage":"pt-BR","@id":"https:\/\/blogdofarnesio.com.br\/#\/schema\/logo\/image\/","url":"https:\/\/blogdofarnesio.com.br\/wp-content\/uploads\/2026\/03\/cropped-logo_new-1.png","contentUrl":"https:\/\/blogdofarnesio.com.br\/wp-content\/uploads\/2026\/03\/cropped-logo_new-1.png","width":881,"height":685,"caption":"Blog do Farn\u00e9sio"},"image":{"@id":"https:\/\/blogdofarnesio.com.br\/#\/schema\/logo\/image\/"},"sameAs":["https:\/\/www.facebook.com\/BlogQuerSaberPolitica\/"]},{"@type":"Person","@id":"https:\/\/blogdofarnesio.com.br\/#\/schema\/person\/bb9b23ae3ad0609ce8df7b6c9e76824d","name":"Farn\u00e9sio","image":{"@type":"ImageObject","inLanguage":"pt-BR","@id":"https:\/\/secure.gravatar.com\/avatar\/986aa4c61ccdb66f8555bf88fc2a65609d00bcabd4d2d94377a727547345cbca?s=96&d=mm&r=g","url":"https:\/\/secure.gravatar.com\/avatar\/986aa4c61ccdb66f8555bf88fc2a65609d00bcabd4d2d94377a727547345cbca?s=96&d=mm&r=g","contentUrl":"https:\/\/secure.gravatar.com\/avatar\/986aa4c61ccdb66f8555bf88fc2a65609d00bcabd4d2d94377a727547345cbca?s=96&d=mm&r=g","caption":"Farn\u00e9sio"},"description":"Radialista blogueiro, chegou a Petrolina\/Juazeiro em setembro de 1980, Farn\u00e9sio Silva \u00e9 de Arapiraca-Alagoas.","sameAs":["http:\/\/blogdofarnesio.com.br","https:\/\/www.facebook.com\/?ref=tn_tnmn","https:\/\/www.instagram.com\/?utm_source=pwa_homescreen","https:\/\/youtube.com.br\/"],"url":"https:\/\/blogdofarnesio.com.br\/author\/farnesio-2\/"}]}},"_links":{"self":[{"href":"https:\/\/blogdofarnesio.com.br\/wp-json\/wp\/v2\/posts\/344231","targetHints":{"allow":["GET"]}}],"collection":[{"href":"https:\/\/blogdofarnesio.com.br\/wp-json\/wp\/v2\/posts"}],"about":[{"href":"https:\/\/blogdofarnesio.com.br\/wp-json\/wp\/v2\/types\/post"}],"author":[{"embeddable":true,"href":"https:\/\/blogdofarnesio.com.br\/wp-json\/wp\/v2\/users\/2"}],"replies":[{"embeddable":true,"href":"https:\/\/blogdofarnesio.com.br\/wp-json\/wp\/v2\/comments?post=344231"}],"version-history":[{"count":0,"href":"https:\/\/blogdofarnesio.com.br\/wp-json\/wp\/v2\/posts\/344231\/revisions"}],"wp:featuredmedia":[{"embeddable":true,"href":"https:\/\/blogdofarnesio.com.br\/wp-json\/wp\/v2\/media\/220119"}],"wp:attachment":[{"href":"https:\/\/blogdofarnesio.com.br\/wp-json\/wp\/v2\/media?parent=344231"}],"wp:term":[{"taxonomy":"category","embeddable":true,"href":"https:\/\/blogdofarnesio.com.br\/wp-json\/wp\/v2\/categories?post=344231"},{"taxonomy":"post_tag","embeddable":true,"href":"https:\/\/blogdofarnesio.com.br\/wp-json\/wp\/v2\/tags?post=344231"}],"curies":[{"name":"wp","href":"https:\/\/api.w.org\/{rel}","templated":true}]}}