{"id":344220,"date":"2023-06-29T13:00:12","date_gmt":"2023-06-29T16:00:12","guid":{"rendered":"https:\/\/blogdofarnesio.com.br\/?p=344220"},"modified":"2023-06-29T11:23:59","modified_gmt":"2023-06-29T14:23:59","slug":"prefeitura-de-sento-se-comunica-mudanca-no-horario-de-realizacao-das-provas-do-processo-seletivo-publico-para-agente-comunitario-de-saude","status":"publish","type":"post","link":"https:\/\/blogdofarnesio.com.br\/?p=344220","title":{"rendered":"Prefeitura de Sento-S\u00e9 comunica novo hor\u00e1rio das provas do Processo Seletivo para Agente Comunit\u00e1rio de Sa\u00fade"},"content":{"rendered":"<p style=\"font-weight: 400;\">Em edital publicado no Di\u00e1rio Oficial do Munic\u00edpio nesta quarta-feira (28), a Prefeitura de Sento-S\u00e9, por meio da Secretaria de Sa\u00fade e da empresa contratada para conduzir o processo, anuncia a mudan\u00e7a no hor\u00e1rio de realiza\u00e7\u00e3o das provas do Processo Seletivo P\u00fablico para Agente Comunit\u00e1rio de Sa\u00fade. De acordo com o edital N\u00ba 003\/2023, devido ao grande n\u00famero de inscritos, as provas ser\u00e3o realizadas no turno da tarde.<\/p>\n<p style=\"font-weight: 400;\">Para verifica\u00e7\u00e3o do local de prova, o inscrito dever\u00e1 acessar a \u00e1rea do candidato no site\u00a0<a href=\"http:\/\/www.asconprevconcursos.com.br\/\" data-saferedirecturl=\"https:\/\/www.google.com\/url?q=http:\/\/www.asconprevconcursos.com.br&amp;source=gmail&amp;ust=1688133850122000&amp;usg=AOvVaw3TSA4gUnRs4Vk6Cyq5rcVi\">www.asconprevconcursos.com.br<\/a>\u00a0e emitir o seu comprovante de inscri\u00e7\u00e3o. As demais disposi\u00e7\u00f5es do Edital do Processo Seletivo P\u00fablico n\u00b0 001\/2023 permanecem inalteradas.<\/p>\n<p style=\"font-weight: 400;\"><strong>O processo seletivo<\/strong>\u00a0&#8211; ser\u00e1 para provimento de vagas para ACS Titular e Suplente\/Cadastro Reserva do quadro de pessoal da Secretaria Municipal da Sa\u00fade de Sento-S\u00e9, sendo as vagas de titulares de contrata\u00e7\u00e3o imediata e os suplentes\/cadastro reserva, em caso de abandono, desist\u00eancia, vac\u00e2ncia ou afastamento tempor\u00e1rio de titulares. Est\u00e3o sendo ofertadas 13 vagas para Titular e de 202 vagas para Suplentes.<\/p>\n<p style=\"font-weight: 400;\">O resultado final do processo seletivo ser\u00e1 publicado no dia 20 de julho de 2023 no Di\u00e1rio Oficial do Munic\u00edpio, no site da Prefeitura.<\/p>\n<p style=\"font-weight: 400;\">Todas as informa\u00e7\u00f5es sobre o processo voc\u00ea confere AQUI.<\/p>\n<p style=\"font-weight: 400;\">\n","protected":false},"excerpt":{"rendered":"<p>Em edital publicado no Di\u00e1rio Oficial do Munic\u00edpio nesta quarta-feira (28), a Prefeitura de Sento-S\u00e9, por meio da Secretaria de Sa\u00fade e da empresa contratada para conduzir o processo, anuncia a mudan\u00e7a no hor\u00e1rio de realiza\u00e7\u00e3o das provas do Processo Seletivo P\u00fablico para Agente Comunit\u00e1rio de Sa\u00fade. De acordo com o edital N\u00ba 003\/2023, devido ao grande n\u00famero de inscritos, as provas ser\u00e3o realizadas no turno da tarde. Para verifica\u00e7\u00e3o do local de prova, o inscrito dever\u00e1 acessar a \u00e1rea do candidato no site\u00a0www.asconprevconcursos.com.br\u00a0e emitir o seu comprovante de inscri\u00e7\u00e3o. As demais disposi\u00e7\u00f5es do Edital do Processo Seletivo P\u00fablico n\u00b0 001\/2023 permanecem inalteradas. O processo seletivo\u00a0&#8211; ser\u00e1 para provimento de vagas para ACS Titular e Suplente\/Cadastro Reserva do quadro de&hellip; <\/p>\n","protected":false},"author":2,"featured_media":344221,"comment_status":"open","ping_status":"open","sticky":false,"template":"","format":"standard","meta":{"_acf_changed":false,"footnotes":""},"categories":[27,31],"tags":[],"class_list":["post-344220","post","type-post","status-publish","format-standard","has-post-thumbnail","hentry","category-cidades","category-concursos"],"acf":[],"yoast_head":"<!-- This site is optimized with the Yoast SEO plugin v27.4 - https:\/\/yoast.com\/product\/yoast-seo-wordpress\/ -->\n<title>Prefeitura de Sento-S\u00e9 comunica novo hor\u00e1rio das provas do Processo Seletivo para Agente Comunit\u00e1rio de Sa\u00fade - Blog do Farn\u00e9sio<\/title>\n<meta name=\"robots\" content=\"index, follow, max-snippet:-1, max-image-preview:large, max-video-preview:-1\" \/>\n<link rel=\"canonical\" href=\"https:\/\/blogdofarnesio.com.br\/?p=344220\" \/>\n<meta property=\"og:locale\" content=\"pt_BR\" \/>\n<meta property=\"og:type\" content=\"article\" \/>\n<meta property=\"og:title\" content=\"Prefeitura de Sento-S\u00e9 comunica novo hor\u00e1rio das provas do Processo Seletivo para Agente Comunit\u00e1rio de Sa\u00fade - Blog do Farn\u00e9sio\" \/>\n<meta property=\"og:description\" content=\"Em edital publicado no Di\u00e1rio Oficial do Munic\u00edpio nesta quarta-feira (28), a Prefeitura de Sento-S\u00e9, por meio da Secretaria de Sa\u00fade e da empresa contratada para conduzir o processo, anuncia a mudan\u00e7a no hor\u00e1rio de realiza\u00e7\u00e3o das provas do Processo Seletivo P\u00fablico para Agente Comunit\u00e1rio de Sa\u00fade. De acordo com o edital N\u00ba 003\/2023, devido ao grande n\u00famero de inscritos, as provas ser\u00e3o realizadas no turno da tarde. Para verifica\u00e7\u00e3o do local de prova, o inscrito dever\u00e1 acessar a \u00e1rea do candidato no site\u00a0www.asconprevconcursos.com.br\u00a0e emitir o seu comprovante de inscri\u00e7\u00e3o. As demais disposi\u00e7\u00f5es do Edital do Processo Seletivo P\u00fablico n\u00b0 001\/2023 permanecem inalteradas. O processo seletivo\u00a0&#8211; ser\u00e1 para provimento de vagas para ACS Titular e Suplente\/Cadastro Reserva do quadro de&hellip;\" \/>\n<meta property=\"og:url\" content=\"https:\/\/blogdofarnesio.com.br\/?p=344220\" \/>\n<meta property=\"og:site_name\" content=\"Blog do Farn\u00e9sio\" \/>\n<meta property=\"article:publisher\" content=\"https:\/\/www.facebook.com\/BlogQuerSaberPolitica\/\" \/>\n<meta property=\"article:author\" content=\"https:\/\/www.facebook.com\/?ref=tn_tnmn\" \/>\n<meta property=\"article:published_time\" content=\"2023-06-29T16:00:12+00:00\" \/>\n<meta property=\"og:image\" content=\"https:\/\/blogdofarnesio.com.br\/wp-content\/uploads\/2023\/06\/WhatsApp-Image-2023-06-29-at-09.57.55-e1688048469222.jpeg\" \/>\n\t<meta property=\"og:image:width\" content=\"580\" \/>\n\t<meta property=\"og:image:height\" content=\"435\" \/>\n\t<meta property=\"og:image:type\" content=\"image\/jpeg\" \/>\n<meta name=\"author\" content=\"Farn\u00e9sio\" \/>\n<meta name=\"twitter:card\" content=\"summary_large_image\" \/>\n<meta name=\"twitter:label1\" content=\"Escrito por\" \/>\n\t<meta name=\"twitter:data1\" content=\"Farn\u00e9sio\" \/>\n\t<meta name=\"twitter:label2\" content=\"Est. tempo de leitura\" \/>\n\t<meta name=\"twitter:data2\" content=\"2 minutos\" \/>\n<script type=\"application\/ld+json\" class=\"yoast-schema-graph\">{\"@context\":\"https:\\\/\\\/schema.org\",\"@graph\":[{\"@type\":\"Article\",\"@id\":\"https:\\\/\\\/blogdofarnesio.com.br\\\/?p=344220#article\",\"isPartOf\":{\"@id\":\"https:\\\/\\\/blogdofarnesio.com.br\\\/?p=344220\"},\"author\":{\"name\":\"Farn\u00e9sio\",\"@id\":\"https:\\\/\\\/blogdofarnesio.com.br\\\/#\\\/schema\\\/person\\\/bb9b23ae3ad0609ce8df7b6c9e76824d\"},\"headline\":\"Prefeitura de Sento-S\u00e9 comunica novo hor\u00e1rio das provas do Processo Seletivo para Agente Comunit\u00e1rio de Sa\u00fade\",\"datePublished\":\"2023-06-29T16:00:12+00:00\",\"mainEntityOfPage\":{\"@id\":\"https:\\\/\\\/blogdofarnesio.com.br\\\/?p=344220\"},\"wordCount\":241,\"commentCount\":0,\"publisher\":{\"@id\":\"https:\\\/\\\/blogdofarnesio.com.br\\\/#organization\"},\"image\":{\"@id\":\"https:\\\/\\\/blogdofarnesio.com.br\\\/?p=344220#primaryimage\"},\"thumbnailUrl\":\"https:\\\/\\\/blogdofarnesio.com.br\\\/wp-content\\\/uploads\\\/2023\\\/06\\\/WhatsApp-Image-2023-06-29-at-09.57.55-e1688048469222.jpeg\",\"articleSection\":[\"Cidades\",\"Concursos\"],\"inLanguage\":\"pt-BR\",\"potentialAction\":[{\"@type\":\"CommentAction\",\"name\":\"Comment\",\"target\":[\"https:\\\/\\\/blogdofarnesio.com.br\\\/?p=344220#respond\"]}]},{\"@type\":\"WebPage\",\"@id\":\"https:\\\/\\\/blogdofarnesio.com.br\\\/?p=344220\",\"url\":\"https:\\\/\\\/blogdofarnesio.com.br\\\/?p=344220\",\"name\":\"Prefeitura de Sento-S\u00e9 comunica novo hor\u00e1rio das provas do Processo Seletivo para Agente Comunit\u00e1rio de Sa\u00fade - Blog do Farn\u00e9sio\",\"isPartOf\":{\"@id\":\"https:\\\/\\\/blogdofarnesio.com.br\\\/#website\"},\"primaryImageOfPage\":{\"@id\":\"https:\\\/\\\/blogdofarnesio.com.br\\\/?p=344220#primaryimage\"},\"image\":{\"@id\":\"https:\\\/\\\/blogdofarnesio.com.br\\\/?p=344220#primaryimage\"},\"thumbnailUrl\":\"https:\\\/\\\/blogdofarnesio.com.br\\\/wp-content\\\/uploads\\\/2023\\\/06\\\/WhatsApp-Image-2023-06-29-at-09.57.55-e1688048469222.jpeg\",\"datePublished\":\"2023-06-29T16:00:12+00:00\",\"breadcrumb\":{\"@id\":\"https:\\\/\\\/blogdofarnesio.com.br\\\/?p=344220#breadcrumb\"},\"inLanguage\":\"pt-BR\",\"potentialAction\":[{\"@type\":\"ReadAction\",\"target\":[\"https:\\\/\\\/blogdofarnesio.com.br\\\/?p=344220\"]}]},{\"@type\":\"ImageObject\",\"inLanguage\":\"pt-BR\",\"@id\":\"https:\\\/\\\/blogdofarnesio.com.br\\\/?p=344220#primaryimage\",\"url\":\"https:\\\/\\\/blogdofarnesio.com.br\\\/wp-content\\\/uploads\\\/2023\\\/06\\\/WhatsApp-Image-2023-06-29-at-09.57.55-e1688048469222.jpeg\",\"contentUrl\":\"https:\\\/\\\/blogdofarnesio.com.br\\\/wp-content\\\/uploads\\\/2023\\\/06\\\/WhatsApp-Image-2023-06-29-at-09.57.55-e1688048469222.jpeg\",\"width\":580,\"height\":435},{\"@type\":\"BreadcrumbList\",\"@id\":\"https:\\\/\\\/blogdofarnesio.com.br\\\/?p=344220#breadcrumb\",\"itemListElement\":[{\"@type\":\"ListItem\",\"position\":1,\"name\":\"In\u00edcio\",\"item\":\"https:\\\/\\\/blogdofarnesio.com.br\\\/\"},{\"@type\":\"ListItem\",\"position\":2,\"name\":\"Prefeitura de Sento-S\u00e9 comunica novo hor\u00e1rio das provas do Processo Seletivo para Agente Comunit\u00e1rio de Sa\u00fade\"}]},{\"@type\":\"WebSite\",\"@id\":\"https:\\\/\\\/blogdofarnesio.com.br\\\/#website\",\"url\":\"https:\\\/\\\/blogdofarnesio.com.br\\\/\",\"name\":\"Blog do Farn\u00e9sio\",\"description\":\"Quer Saber Pol\u00edtica?\",\"publisher\":{\"@id\":\"https:\\\/\\\/blogdofarnesio.com.br\\\/#organization\"},\"potentialAction\":[{\"@type\":\"SearchAction\",\"target\":{\"@type\":\"EntryPoint\",\"urlTemplate\":\"https:\\\/\\\/blogdofarnesio.com.br\\\/?s={search_term_string}\"},\"query-input\":{\"@type\":\"PropertyValueSpecification\",\"valueRequired\":true,\"valueName\":\"search_term_string\"}}],\"inLanguage\":\"pt-BR\"},{\"@type\":\"Organization\",\"@id\":\"https:\\\/\\\/blogdofarnesio.com.br\\\/#organization\",\"name\":\"Blog do Farn\u00e9sio\",\"url\":\"https:\\\/\\\/blogdofarnesio.com.br\\\/\",\"logo\":{\"@type\":\"ImageObject\",\"inLanguage\":\"pt-BR\",\"@id\":\"https:\\\/\\\/blogdofarnesio.com.br\\\/#\\\/schema\\\/logo\\\/image\\\/\",\"url\":\"https:\\\/\\\/blogdofarnesio.com.br\\\/wp-content\\\/uploads\\\/2026\\\/03\\\/cropped-logo_new-1.png\",\"contentUrl\":\"https:\\\/\\\/blogdofarnesio.com.br\\\/wp-content\\\/uploads\\\/2026\\\/03\\\/cropped-logo_new-1.png\",\"width\":881,\"height\":685,\"caption\":\"Blog do Farn\u00e9sio\"},\"image\":{\"@id\":\"https:\\\/\\\/blogdofarnesio.com.br\\\/#\\\/schema\\\/logo\\\/image\\\/\"},\"sameAs\":[\"https:\\\/\\\/www.facebook.com\\\/BlogQuerSaberPolitica\\\/\"]},{\"@type\":\"Person\",\"@id\":\"https:\\\/\\\/blogdofarnesio.com.br\\\/#\\\/schema\\\/person\\\/bb9b23ae3ad0609ce8df7b6c9e76824d\",\"name\":\"Farn\u00e9sio\",\"image\":{\"@type\":\"ImageObject\",\"inLanguage\":\"pt-BR\",\"@id\":\"https:\\\/\\\/secure.gravatar.com\\\/avatar\\\/986aa4c61ccdb66f8555bf88fc2a65609d00bcabd4d2d94377a727547345cbca?s=96&d=mm&r=g\",\"url\":\"https:\\\/\\\/secure.gravatar.com\\\/avatar\\\/986aa4c61ccdb66f8555bf88fc2a65609d00bcabd4d2d94377a727547345cbca?s=96&d=mm&r=g\",\"contentUrl\":\"https:\\\/\\\/secure.gravatar.com\\\/avatar\\\/986aa4c61ccdb66f8555bf88fc2a65609d00bcabd4d2d94377a727547345cbca?s=96&d=mm&r=g\",\"caption\":\"Farn\u00e9sio\"},\"description\":\"Radialista blogueiro, chegou a Petrolina\\\/Juazeiro em setembro de 1980, Farn\u00e9sio Silva \u00e9 de Arapiraca-Alagoas.\",\"sameAs\":[\"http:\\\/\\\/blogdofarnesio.com.br\",\"https:\\\/\\\/www.facebook.com\\\/?ref=tn_tnmn\",\"https:\\\/\\\/www.instagram.com\\\/?utm_source=pwa_homescreen\",\"https:\\\/\\\/youtube.com.br\\\/\"],\"url\":\"https:\\\/\\\/blogdofarnesio.com.br\\\/?author=2\"}]}<\/script>\n<!-- \/ Yoast SEO plugin. -->","yoast_head_json":{"title":"Prefeitura de Sento-S\u00e9 comunica novo hor\u00e1rio das provas do Processo Seletivo para Agente Comunit\u00e1rio de Sa\u00fade - Blog do Farn\u00e9sio","robots":{"index":"index","follow":"follow","max-snippet":"max-snippet:-1","max-image-preview":"max-image-preview:large","max-video-preview":"max-video-preview:-1"},"canonical":"https:\/\/blogdofarnesio.com.br\/?p=344220","og_locale":"pt_BR","og_type":"article","og_title":"Prefeitura de Sento-S\u00e9 comunica novo hor\u00e1rio das provas do Processo Seletivo para Agente Comunit\u00e1rio de Sa\u00fade - Blog do Farn\u00e9sio","og_description":"Em edital publicado no Di\u00e1rio Oficial do Munic\u00edpio nesta quarta-feira (28), a Prefeitura de Sento-S\u00e9, por meio da Secretaria de Sa\u00fade e da empresa contratada para conduzir o processo, anuncia a mudan\u00e7a no hor\u00e1rio de realiza\u00e7\u00e3o das provas do Processo Seletivo P\u00fablico para Agente Comunit\u00e1rio de Sa\u00fade. De acordo com o edital N\u00ba 003\/2023, devido ao grande n\u00famero de inscritos, as provas ser\u00e3o realizadas no turno da tarde. Para verifica\u00e7\u00e3o do local de prova, o inscrito dever\u00e1 acessar a \u00e1rea do candidato no site\u00a0www.asconprevconcursos.com.br\u00a0e emitir o seu comprovante de inscri\u00e7\u00e3o. As demais disposi\u00e7\u00f5es do Edital do Processo Seletivo P\u00fablico n\u00b0 001\/2023 permanecem inalteradas. O processo seletivo\u00a0&#8211; ser\u00e1 para provimento de vagas para ACS Titular e Suplente\/Cadastro Reserva do quadro de&hellip;","og_url":"https:\/\/blogdofarnesio.com.br\/?p=344220","og_site_name":"Blog do Farn\u00e9sio","article_publisher":"https:\/\/www.facebook.com\/BlogQuerSaberPolitica\/","article_author":"https:\/\/www.facebook.com\/?ref=tn_tnmn","article_published_time":"2023-06-29T16:00:12+00:00","og_image":[{"width":580,"height":435,"url":"https:\/\/blogdofarnesio.com.br\/wp-content\/uploads\/2023\/06\/WhatsApp-Image-2023-06-29-at-09.57.55-e1688048469222.jpeg","type":"image\/jpeg"}],"author":"Farn\u00e9sio","twitter_card":"summary_large_image","twitter_misc":{"Escrito por":"Farn\u00e9sio","Est. tempo de leitura":"2 minutos"},"schema":{"@context":"https:\/\/schema.org","@graph":[{"@type":"Article","@id":"https:\/\/blogdofarnesio.com.br\/?p=344220#article","isPartOf":{"@id":"https:\/\/blogdofarnesio.com.br\/?p=344220"},"author":{"name":"Farn\u00e9sio","@id":"https:\/\/blogdofarnesio.com.br\/#\/schema\/person\/bb9b23ae3ad0609ce8df7b6c9e76824d"},"headline":"Prefeitura de Sento-S\u00e9 comunica novo hor\u00e1rio das provas do Processo Seletivo para Agente Comunit\u00e1rio de Sa\u00fade","datePublished":"2023-06-29T16:00:12+00:00","mainEntityOfPage":{"@id":"https:\/\/blogdofarnesio.com.br\/?p=344220"},"wordCount":241,"commentCount":0,"publisher":{"@id":"https:\/\/blogdofarnesio.com.br\/#organization"},"image":{"@id":"https:\/\/blogdofarnesio.com.br\/?p=344220#primaryimage"},"thumbnailUrl":"https:\/\/blogdofarnesio.com.br\/wp-content\/uploads\/2023\/06\/WhatsApp-Image-2023-06-29-at-09.57.55-e1688048469222.jpeg","articleSection":["Cidades","Concursos"],"inLanguage":"pt-BR","potentialAction":[{"@type":"CommentAction","name":"Comment","target":["https:\/\/blogdofarnesio.com.br\/?p=344220#respond"]}]},{"@type":"WebPage","@id":"https:\/\/blogdofarnesio.com.br\/?p=344220","url":"https:\/\/blogdofarnesio.com.br\/?p=344220","name":"Prefeitura de Sento-S\u00e9 comunica novo hor\u00e1rio das provas do Processo Seletivo para Agente Comunit\u00e1rio de Sa\u00fade - Blog do Farn\u00e9sio","isPartOf":{"@id":"https:\/\/blogdofarnesio.com.br\/#website"},"primaryImageOfPage":{"@id":"https:\/\/blogdofarnesio.com.br\/?p=344220#primaryimage"},"image":{"@id":"https:\/\/blogdofarnesio.com.br\/?p=344220#primaryimage"},"thumbnailUrl":"https:\/\/blogdofarnesio.com.br\/wp-content\/uploads\/2023\/06\/WhatsApp-Image-2023-06-29-at-09.57.55-e1688048469222.jpeg","datePublished":"2023-06-29T16:00:12+00:00","breadcrumb":{"@id":"https:\/\/blogdofarnesio.com.br\/?p=344220#breadcrumb"},"inLanguage":"pt-BR","potentialAction":[{"@type":"ReadAction","target":["https:\/\/blogdofarnesio.com.br\/?p=344220"]}]},{"@type":"ImageObject","inLanguage":"pt-BR","@id":"https:\/\/blogdofarnesio.com.br\/?p=344220#primaryimage","url":"https:\/\/blogdofarnesio.com.br\/wp-content\/uploads\/2023\/06\/WhatsApp-Image-2023-06-29-at-09.57.55-e1688048469222.jpeg","contentUrl":"https:\/\/blogdofarnesio.com.br\/wp-content\/uploads\/2023\/06\/WhatsApp-Image-2023-06-29-at-09.57.55-e1688048469222.jpeg","width":580,"height":435},{"@type":"BreadcrumbList","@id":"https:\/\/blogdofarnesio.com.br\/?p=344220#breadcrumb","itemListElement":[{"@type":"ListItem","position":1,"name":"In\u00edcio","item":"https:\/\/blogdofarnesio.com.br\/"},{"@type":"ListItem","position":2,"name":"Prefeitura de Sento-S\u00e9 comunica novo hor\u00e1rio das provas do Processo Seletivo para Agente Comunit\u00e1rio de Sa\u00fade"}]},{"@type":"WebSite","@id":"https:\/\/blogdofarnesio.com.br\/#website","url":"https:\/\/blogdofarnesio.com.br\/","name":"Blog do Farn\u00e9sio","description":"Quer Saber Pol\u00edtica?","publisher":{"@id":"https:\/\/blogdofarnesio.com.br\/#organization"},"potentialAction":[{"@type":"SearchAction","target":{"@type":"EntryPoint","urlTemplate":"https:\/\/blogdofarnesio.com.br\/?s={search_term_string}"},"query-input":{"@type":"PropertyValueSpecification","valueRequired":true,"valueName":"search_term_string"}}],"inLanguage":"pt-BR"},{"@type":"Organization","@id":"https:\/\/blogdofarnesio.com.br\/#organization","name":"Blog do Farn\u00e9sio","url":"https:\/\/blogdofarnesio.com.br\/","logo":{"@type":"ImageObject","inLanguage":"pt-BR","@id":"https:\/\/blogdofarnesio.com.br\/#\/schema\/logo\/image\/","url":"https:\/\/blogdofarnesio.com.br\/wp-content\/uploads\/2026\/03\/cropped-logo_new-1.png","contentUrl":"https:\/\/blogdofarnesio.com.br\/wp-content\/uploads\/2026\/03\/cropped-logo_new-1.png","width":881,"height":685,"caption":"Blog do Farn\u00e9sio"},"image":{"@id":"https:\/\/blogdofarnesio.com.br\/#\/schema\/logo\/image\/"},"sameAs":["https:\/\/www.facebook.com\/BlogQuerSaberPolitica\/"]},{"@type":"Person","@id":"https:\/\/blogdofarnesio.com.br\/#\/schema\/person\/bb9b23ae3ad0609ce8df7b6c9e76824d","name":"Farn\u00e9sio","image":{"@type":"ImageObject","inLanguage":"pt-BR","@id":"https:\/\/secure.gravatar.com\/avatar\/986aa4c61ccdb66f8555bf88fc2a65609d00bcabd4d2d94377a727547345cbca?s=96&d=mm&r=g","url":"https:\/\/secure.gravatar.com\/avatar\/986aa4c61ccdb66f8555bf88fc2a65609d00bcabd4d2d94377a727547345cbca?s=96&d=mm&r=g","contentUrl":"https:\/\/secure.gravatar.com\/avatar\/986aa4c61ccdb66f8555bf88fc2a65609d00bcabd4d2d94377a727547345cbca?s=96&d=mm&r=g","caption":"Farn\u00e9sio"},"description":"Radialista blogueiro, chegou a Petrolina\/Juazeiro em setembro de 1980, Farn\u00e9sio Silva \u00e9 de Arapiraca-Alagoas.","sameAs":["http:\/\/blogdofarnesio.com.br","https:\/\/www.facebook.com\/?ref=tn_tnmn","https:\/\/www.instagram.com\/?utm_source=pwa_homescreen","https:\/\/youtube.com.br\/"],"url":"https:\/\/blogdofarnesio.com.br\/?author=2"}]}},"_links":{"self":[{"href":"https:\/\/blogdofarnesio.com.br\/index.php?rest_route=\/wp\/v2\/posts\/344220","targetHints":{"allow":["GET"]}}],"collection":[{"href":"https:\/\/blogdofarnesio.com.br\/index.php?rest_route=\/wp\/v2\/posts"}],"about":[{"href":"https:\/\/blogdofarnesio.com.br\/index.php?rest_route=\/wp\/v2\/types\/post"}],"author":[{"embeddable":true,"href":"https:\/\/blogdofarnesio.com.br\/index.php?rest_route=\/wp\/v2\/users\/2"}],"replies":[{"embeddable":true,"href":"https:\/\/blogdofarnesio.com.br\/index.php?rest_route=%2Fwp%2Fv2%2Fcomments&post=344220"}],"version-history":[{"count":0,"href":"https:\/\/blogdofarnesio.com.br\/index.php?rest_route=\/wp\/v2\/posts\/344220\/revisions"}],"wp:featuredmedia":[{"embeddable":true,"href":"https:\/\/blogdofarnesio.com.br\/index.php?rest_route=\/wp\/v2\/media\/344221"}],"wp:attachment":[{"href":"https:\/\/blogdofarnesio.com.br\/index.php?rest_route=%2Fwp%2Fv2%2Fmedia&parent=344220"}],"wp:term":[{"taxonomy":"category","embeddable":true,"href":"https:\/\/blogdofarnesio.com.br\/index.php?rest_route=%2Fwp%2Fv2%2Fcategories&post=344220"},{"taxonomy":"post_tag","embeddable":true,"href":"https:\/\/blogdofarnesio.com.br\/index.php?rest_route=%2Fwp%2Fv2%2Ftags&post=344220"}],"curies":[{"name":"wp","href":"https:\/\/api.w.org\/{rel}","templated":true}]}}