{"id":344213,"date":"2023-06-29T11:24:44","date_gmt":"2023-06-29T14:24:44","guid":{"rendered":"https:\/\/blogdofarnesio.com.br\/?p=344213"},"modified":"2023-06-29T11:13:33","modified_gmt":"2023-06-29T14:13:33","slug":"governo-de-pe-aprova-pl-que-destroi-carreira-da-educacao-e-categoria-discute-greve","status":"publish","type":"post","link":"https:\/\/blogdofarnesio.com.br\/?p=344213","title":{"rendered":"Governo de PE aprova PL que destr\u00f3i carreira da educa\u00e7\u00e3o e categoria discute greve"},"content":{"rendered":"<header class=\"dd-l-header\">\n<div class=\"dd-m-menu__evolve \">\n<section class=\"dd-m-menu dd-m-menu-assertive\">\n<div class=\"wrap dd-l-header__content-full\">\n<div class=\"row middle-xs dd-l-header__content-full\">\n<div class=\"col-xs-4 dd-m-alignment--center\">P\u00c9RICLES CHAGAS\/SINTEPE\u00a0 &#8211;<\/div>\n<\/div>\n<\/div>\n<\/section>\n<\/div>\n<\/header>\n<section class=\"dd-m-content dd-m-content--no-top\">\n<div class=\"dd-m-display dd-m-display--small dd-m-background-energized-light\">\n<div class=\"wrap\">\n<div class=\"row\">\n<div class=\"col-xs-12\">\n<div class=\"row\">\n<div class=\"col-xs-12 col-lg-10 col-md-10 col-lg-offset-1 col-md-offset-1\">\n<p class=\"dd-m-text dd-m-text--big font-MerriWeather\">Sindicato dos Trabalhadores em Educa\u00e7\u00e3o de Pernambuco (Sintepe) realizar\u00e1 Assembleia Geral da categoria no pr\u00f3ximo dia 5 de julho para discutir decreta\u00e7\u00e3o de greve.<\/p>\n<\/div>\n<\/div>\n<\/div>\n<\/div>\n<\/div>\n<\/div>\n<div class=\"dd-m-display dd-m-display--top-30 dd-m-background-stable\">\n<div class=\"wrap\">\n<div class=\"row\">\n<div class=\"col-xs-12\">\n<div class=\"dd-l-content dd-l-content--medium\">\n<div class=\"dd-m-editor\">\n<p align=\"justify\">Na ter\u00e7a (27), 30 deputados e deputadas de Pernambuco aprovaram o Projeto de Lei Complementar 712\/2023, de autoria do Poder Executivo, que atualiza o Piso Salarial do Magist\u00e9rio para apenas 6 mil professores e professoras efetivos e deixa de fora de qualquer reajuste mais de 52 mil servidores da Secretaria de Educa\u00e7\u00e3o, inclusive aposentados. O Sintepe (Sindicato dos Trabalhadores em Educa\u00e7\u00e3o de Pernambuco) protestou contra a aprova\u00e7\u00e3o do PL e realizar\u00e1 uma Assembleia Geral da categoria no pr\u00f3ximo dia 5 de julho onde discutir\u00e1 o tema &#8220;decreta\u00e7\u00e3o de greve&#8221;.<\/p>\n<p align=\"justify\">Antes da vota\u00e7\u00e3o, o presidente da Assembleia Legislativa, deputado \u00c1lvaro Porto (PSDB), convocou uma reuni\u00e3o entre os l\u00edderes partid\u00e1rios e a Comiss\u00e3o de Negocia\u00e7\u00e3o do Sintepe. Mas o governo foi irredut\u00edvel diante da proposta do Sindicato de adiar a vota\u00e7\u00e3o do PL 712 e enviar um texto melhor para a Alepe, contemplando todo o conjunto dos mais de 73 mil servidores da Secretaria de Educa\u00e7\u00e3o de Pernambuco.<\/p>\n<p align=\"justify\">Sob intenso protesto de mais de 500 trabalhadores em educa\u00e7\u00e3o presentes nas galerias e outros 1 mil que ficaram do lado de fora, a vota\u00e7\u00e3o do PL 712 foi conclu\u00edda em primeira e segunda discuss\u00f5es na mesma tarde, com a realiza\u00e7\u00e3o de uma reuni\u00e3o ordin\u00e1ria e outra extraordin\u00e1ria em sequ\u00eancia. Tudo com muita pressa por demanda do Pal\u00e1cio do Campo das Princesas.<\/p>\n<p align=\"justify\">Durante os discursos proferidos na tribuna, os deputados Jo\u00e3o Paulo (PT), Dani Portela (Psol), Rosa Amorim (PT), Doriel Barros (PT), Gleide ngelo (PSB), Waldemar Borges (PSB), Sileno Guedes (PSB), Jo\u00e3o Paulo Costa (PCdoB) e Gilmar J\u00fanior (PV) declararam voto contr\u00e1rio e lamentaram a falta de negocia\u00e7\u00e3o por parte do Governo para estabelecer uma proposta de reajuste que abarcasse integralmente toda a categoria.<\/p>\n<p align=\"justify\">Somando-se a eles, votaram em favor da Educa\u00e7\u00e3o e contra o PL 712, tamb\u00e9m, os deputados Coronel Alberto Feitosa (PL), Rodrigo Farias (PSB), Aglailson Victor (PSB), Jos\u00e9 Patriota (PSB), Ant\u00f4nio Coelho (Uni\u00e3o) e Diogo Moraes (PSB).<\/p>\n<p align=\"justify\">J\u00e1 os deputados que votaram contra a educa\u00e7\u00e3o e em favor do Governo foram Adalto Santos (PP), Antonio Moraes (PP), Abimael Santos (PL), Claudiano Martins Filho (PP), Cl\u00e9ber Chaparral (Uni\u00e3o), Danilo Godoy (PSB), D\u00e9bora Almeida (PSDB), France Hacker (PSB), Gustavo Gouveia (Solidariedade), Henrique Queiroz Filho (PP), Iza\u00edas R\u00e9gis (PSDB), Jarbas Filho (PSB), Jeferson Tim\u00f3teo (PL), Jo\u00e3o de Nadegi (PV), Joaquim Lira (PV), Jo\u00e3ozinho Ten\u00f3rio (Patriota), Joel da Harpa (PL), M\u00e1rio Ricardo (Republicanos), Nino de Enoque (PL), Pastor Cleiton Collins (PP), Pastor J\u00fanior T\u00e9rcio (PP), Renato Antunes (PL), Romero Sales Filho (Uni\u00e3o), Simone Santana (PSB), William Brigido (Republicanos), Eriberto Filho (PSB), Fabrizio Ferraz (Solidariedade), Francismar Pontes (PSB), Kaio Mani\u00e7oba (PP) e Socorro Pimentel (Uni\u00e3o).<\/p>\n<p align=\"justify\">O presidente da Casa, \u00c1lvaro Porto (PSDB), por costume n\u00e3o vota, a n\u00e3o ser que seja para desempate. O deputado Romero Albuquerque (PP) estava presente, mas n\u00e3o votou e os deputados Luciano Duque (Solidariedade) e Lula Cabral (Solidariedade) estavam ausentes.<\/p>\n<\/div>\n<\/div>\n<\/div>\n<\/div>\n<\/div>\n<\/div>\n<\/section>\n","protected":false},"excerpt":{"rendered":"<p>P\u00c9RICLES CHAGAS\/SINTEPE\u00a0 &#8211; Sindicato dos Trabalhadores em Educa\u00e7\u00e3o de Pernambuco (Sintepe) realizar\u00e1 Assembleia Geral da categoria no pr\u00f3ximo dia 5 de julho para discutir decreta\u00e7\u00e3o de greve. Na ter\u00e7a (27), 30 deputados e deputadas de Pernambuco aprovaram o Projeto de Lei Complementar 712\/2023, de autoria do Poder Executivo, que atualiza o Piso Salarial do Magist\u00e9rio para apenas 6 mil professores e professoras efetivos e deixa de fora de qualquer reajuste mais de 52 mil servidores da Secretaria de Educa\u00e7\u00e3o, inclusive aposentados. O Sintepe (Sindicato dos Trabalhadores em Educa\u00e7\u00e3o de Pernambuco) protestou contra a aprova\u00e7\u00e3o do PL e realizar\u00e1 uma Assembleia Geral da categoria no pr\u00f3ximo dia 5 de julho onde discutir\u00e1 o tema &#8220;decreta\u00e7\u00e3o de greve&#8221;. Antes da vota\u00e7\u00e3o, o&hellip; <\/p>\n","protected":false},"author":2,"featured_media":344214,"comment_status":"open","ping_status":"open","sticky":false,"template":"","format":"standard","meta":{"_acf_changed":false,"footnotes":""},"categories":[19],"tags":[],"class_list":["post-344213","post","type-post","status-publish","format-standard","has-post-thumbnail","hentry","category-servidores"],"acf":[],"yoast_head":"<!-- This site is optimized with the Yoast SEO plugin v27.4 - https:\/\/yoast.com\/product\/yoast-seo-wordpress\/ -->\n<title>Governo de PE aprova PL que destr\u00f3i carreira da educa\u00e7\u00e3o e categoria discute greve - Blog do Farn\u00e9sio<\/title>\n<meta name=\"robots\" content=\"index, follow, max-snippet:-1, max-image-preview:large, max-video-preview:-1\" \/>\n<link rel=\"canonical\" href=\"https:\/\/blogdofarnesio.com.br\/?p=344213\" \/>\n<meta property=\"og:locale\" content=\"pt_BR\" \/>\n<meta property=\"og:type\" content=\"article\" \/>\n<meta property=\"og:title\" content=\"Governo de PE aprova PL que destr\u00f3i carreira da educa\u00e7\u00e3o e categoria discute greve - Blog do Farn\u00e9sio\" \/>\n<meta property=\"og:description\" content=\"P\u00c9RICLES CHAGAS\/SINTEPE\u00a0 &#8211; Sindicato dos Trabalhadores em Educa\u00e7\u00e3o de Pernambuco (Sintepe) realizar\u00e1 Assembleia Geral da categoria no pr\u00f3ximo dia 5 de julho para discutir decreta\u00e7\u00e3o de greve. Na ter\u00e7a (27), 30 deputados e deputadas de Pernambuco aprovaram o Projeto de Lei Complementar 712\/2023, de autoria do Poder Executivo, que atualiza o Piso Salarial do Magist\u00e9rio para apenas 6 mil professores e professoras efetivos e deixa de fora de qualquer reajuste mais de 52 mil servidores da Secretaria de Educa\u00e7\u00e3o, inclusive aposentados. O Sintepe (Sindicato dos Trabalhadores em Educa\u00e7\u00e3o de Pernambuco) protestou contra a aprova\u00e7\u00e3o do PL e realizar\u00e1 uma Assembleia Geral da categoria no pr\u00f3ximo dia 5 de julho onde discutir\u00e1 o tema &#8220;decreta\u00e7\u00e3o de greve&#8221;. Antes da vota\u00e7\u00e3o, o&hellip;\" \/>\n<meta property=\"og:url\" content=\"https:\/\/blogdofarnesio.com.br\/?p=344213\" \/>\n<meta property=\"og:site_name\" content=\"Blog do Farn\u00e9sio\" \/>\n<meta property=\"article:publisher\" content=\"https:\/\/www.facebook.com\/BlogQuerSaberPolitica\/\" \/>\n<meta property=\"article:author\" content=\"https:\/\/www.facebook.com\/?ref=tn_tnmn\" \/>\n<meta property=\"article:published_time\" content=\"2023-06-29T14:24:44+00:00\" \/>\n<meta property=\"og:image\" content=\"https:\/\/blogdofarnesio.com.br\/wp-content\/uploads\/2023\/06\/blogqspsintepe-alepe.jpg\" \/>\n\t<meta property=\"og:image:width\" content=\"320\" \/>\n\t<meta property=\"og:image:height\" content=\"210\" \/>\n\t<meta property=\"og:image:type\" content=\"image\/jpeg\" \/>\n<meta name=\"author\" content=\"Farn\u00e9sio\" \/>\n<meta name=\"twitter:card\" content=\"summary_large_image\" \/>\n<meta name=\"twitter:label1\" content=\"Escrito por\" \/>\n\t<meta name=\"twitter:data1\" content=\"Farn\u00e9sio\" \/>\n\t<meta name=\"twitter:label2\" content=\"Est. tempo de leitura\" \/>\n\t<meta name=\"twitter:data2\" content=\"3 minutos\" \/>\n<script type=\"application\/ld+json\" class=\"yoast-schema-graph\">{\"@context\":\"https:\\\/\\\/schema.org\",\"@graph\":[{\"@type\":\"Article\",\"@id\":\"https:\\\/\\\/blogdofarnesio.com.br\\\/?p=344213#article\",\"isPartOf\":{\"@id\":\"https:\\\/\\\/blogdofarnesio.com.br\\\/?p=344213\"},\"author\":{\"name\":\"Farn\u00e9sio\",\"@id\":\"https:\\\/\\\/blogdofarnesio.com.br\\\/#\\\/schema\\\/person\\\/bb9b23ae3ad0609ce8df7b6c9e76824d\"},\"headline\":\"Governo de PE aprova PL que destr\u00f3i carreira da educa\u00e7\u00e3o e categoria discute greve\",\"datePublished\":\"2023-06-29T14:24:44+00:00\",\"mainEntityOfPage\":{\"@id\":\"https:\\\/\\\/blogdofarnesio.com.br\\\/?p=344213\"},\"wordCount\":558,\"commentCount\":0,\"publisher\":{\"@id\":\"https:\\\/\\\/blogdofarnesio.com.br\\\/#organization\"},\"image\":{\"@id\":\"https:\\\/\\\/blogdofarnesio.com.br\\\/?p=344213#primaryimage\"},\"thumbnailUrl\":\"https:\\\/\\\/blogdofarnesio.com.br\\\/wp-content\\\/uploads\\\/2023\\\/06\\\/blogqspsintepe-alepe.jpg\",\"articleSection\":[\"Servidores\"],\"inLanguage\":\"pt-BR\",\"potentialAction\":[{\"@type\":\"CommentAction\",\"name\":\"Comment\",\"target\":[\"https:\\\/\\\/blogdofarnesio.com.br\\\/?p=344213#respond\"]}]},{\"@type\":\"WebPage\",\"@id\":\"https:\\\/\\\/blogdofarnesio.com.br\\\/?p=344213\",\"url\":\"https:\\\/\\\/blogdofarnesio.com.br\\\/?p=344213\",\"name\":\"Governo de PE aprova PL que destr\u00f3i carreira da educa\u00e7\u00e3o e categoria discute greve - Blog do Farn\u00e9sio\",\"isPartOf\":{\"@id\":\"https:\\\/\\\/blogdofarnesio.com.br\\\/#website\"},\"primaryImageOfPage\":{\"@id\":\"https:\\\/\\\/blogdofarnesio.com.br\\\/?p=344213#primaryimage\"},\"image\":{\"@id\":\"https:\\\/\\\/blogdofarnesio.com.br\\\/?p=344213#primaryimage\"},\"thumbnailUrl\":\"https:\\\/\\\/blogdofarnesio.com.br\\\/wp-content\\\/uploads\\\/2023\\\/06\\\/blogqspsintepe-alepe.jpg\",\"datePublished\":\"2023-06-29T14:24:44+00:00\",\"breadcrumb\":{\"@id\":\"https:\\\/\\\/blogdofarnesio.com.br\\\/?p=344213#breadcrumb\"},\"inLanguage\":\"pt-BR\",\"potentialAction\":[{\"@type\":\"ReadAction\",\"target\":[\"https:\\\/\\\/blogdofarnesio.com.br\\\/?p=344213\"]}]},{\"@type\":\"ImageObject\",\"inLanguage\":\"pt-BR\",\"@id\":\"https:\\\/\\\/blogdofarnesio.com.br\\\/?p=344213#primaryimage\",\"url\":\"https:\\\/\\\/blogdofarnesio.com.br\\\/wp-content\\\/uploads\\\/2023\\\/06\\\/blogqspsintepe-alepe.jpg\",\"contentUrl\":\"https:\\\/\\\/blogdofarnesio.com.br\\\/wp-content\\\/uploads\\\/2023\\\/06\\\/blogqspsintepe-alepe.jpg\",\"width\":320,\"height\":210},{\"@type\":\"BreadcrumbList\",\"@id\":\"https:\\\/\\\/blogdofarnesio.com.br\\\/?p=344213#breadcrumb\",\"itemListElement\":[{\"@type\":\"ListItem\",\"position\":1,\"name\":\"In\u00edcio\",\"item\":\"https:\\\/\\\/blogdofarnesio.com.br\\\/\"},{\"@type\":\"ListItem\",\"position\":2,\"name\":\"Governo de PE aprova PL que destr\u00f3i carreira da educa\u00e7\u00e3o e categoria discute greve\"}]},{\"@type\":\"WebSite\",\"@id\":\"https:\\\/\\\/blogdofarnesio.com.br\\\/#website\",\"url\":\"https:\\\/\\\/blogdofarnesio.com.br\\\/\",\"name\":\"Blog do Farn\u00e9sio\",\"description\":\"Quer Saber Pol\u00edtica?\",\"publisher\":{\"@id\":\"https:\\\/\\\/blogdofarnesio.com.br\\\/#organization\"},\"potentialAction\":[{\"@type\":\"SearchAction\",\"target\":{\"@type\":\"EntryPoint\",\"urlTemplate\":\"https:\\\/\\\/blogdofarnesio.com.br\\\/?s={search_term_string}\"},\"query-input\":{\"@type\":\"PropertyValueSpecification\",\"valueRequired\":true,\"valueName\":\"search_term_string\"}}],\"inLanguage\":\"pt-BR\"},{\"@type\":\"Organization\",\"@id\":\"https:\\\/\\\/blogdofarnesio.com.br\\\/#organization\",\"name\":\"Blog do Farn\u00e9sio\",\"url\":\"https:\\\/\\\/blogdofarnesio.com.br\\\/\",\"logo\":{\"@type\":\"ImageObject\",\"inLanguage\":\"pt-BR\",\"@id\":\"https:\\\/\\\/blogdofarnesio.com.br\\\/#\\\/schema\\\/logo\\\/image\\\/\",\"url\":\"https:\\\/\\\/blogdofarnesio.com.br\\\/wp-content\\\/uploads\\\/2026\\\/03\\\/cropped-logo_new-1.png\",\"contentUrl\":\"https:\\\/\\\/blogdofarnesio.com.br\\\/wp-content\\\/uploads\\\/2026\\\/03\\\/cropped-logo_new-1.png\",\"width\":881,\"height\":685,\"caption\":\"Blog do Farn\u00e9sio\"},\"image\":{\"@id\":\"https:\\\/\\\/blogdofarnesio.com.br\\\/#\\\/schema\\\/logo\\\/image\\\/\"},\"sameAs\":[\"https:\\\/\\\/www.facebook.com\\\/BlogQuerSaberPolitica\\\/\"]},{\"@type\":\"Person\",\"@id\":\"https:\\\/\\\/blogdofarnesio.com.br\\\/#\\\/schema\\\/person\\\/bb9b23ae3ad0609ce8df7b6c9e76824d\",\"name\":\"Farn\u00e9sio\",\"image\":{\"@type\":\"ImageObject\",\"inLanguage\":\"pt-BR\",\"@id\":\"https:\\\/\\\/secure.gravatar.com\\\/avatar\\\/986aa4c61ccdb66f8555bf88fc2a65609d00bcabd4d2d94377a727547345cbca?s=96&d=mm&r=g\",\"url\":\"https:\\\/\\\/secure.gravatar.com\\\/avatar\\\/986aa4c61ccdb66f8555bf88fc2a65609d00bcabd4d2d94377a727547345cbca?s=96&d=mm&r=g\",\"contentUrl\":\"https:\\\/\\\/secure.gravatar.com\\\/avatar\\\/986aa4c61ccdb66f8555bf88fc2a65609d00bcabd4d2d94377a727547345cbca?s=96&d=mm&r=g\",\"caption\":\"Farn\u00e9sio\"},\"description\":\"Radialista blogueiro, chegou a Petrolina\\\/Juazeiro em setembro de 1980, Farn\u00e9sio Silva \u00e9 de Arapiraca-Alagoas.\",\"sameAs\":[\"http:\\\/\\\/blogdofarnesio.com.br\",\"https:\\\/\\\/www.facebook.com\\\/?ref=tn_tnmn\",\"https:\\\/\\\/www.instagram.com\\\/?utm_source=pwa_homescreen\",\"https:\\\/\\\/youtube.com.br\\\/\"],\"url\":\"https:\\\/\\\/blogdofarnesio.com.br\\\/?author=2\"}]}<\/script>\n<!-- \/ Yoast SEO plugin. -->","yoast_head_json":{"title":"Governo de PE aprova PL que destr\u00f3i carreira da educa\u00e7\u00e3o e categoria discute greve - Blog do Farn\u00e9sio","robots":{"index":"index","follow":"follow","max-snippet":"max-snippet:-1","max-image-preview":"max-image-preview:large","max-video-preview":"max-video-preview:-1"},"canonical":"https:\/\/blogdofarnesio.com.br\/?p=344213","og_locale":"pt_BR","og_type":"article","og_title":"Governo de PE aprova PL que destr\u00f3i carreira da educa\u00e7\u00e3o e categoria discute greve - Blog do Farn\u00e9sio","og_description":"P\u00c9RICLES CHAGAS\/SINTEPE\u00a0 &#8211; Sindicato dos Trabalhadores em Educa\u00e7\u00e3o de Pernambuco (Sintepe) realizar\u00e1 Assembleia Geral da categoria no pr\u00f3ximo dia 5 de julho para discutir decreta\u00e7\u00e3o de greve. Na ter\u00e7a (27), 30 deputados e deputadas de Pernambuco aprovaram o Projeto de Lei Complementar 712\/2023, de autoria do Poder Executivo, que atualiza o Piso Salarial do Magist\u00e9rio para apenas 6 mil professores e professoras efetivos e deixa de fora de qualquer reajuste mais de 52 mil servidores da Secretaria de Educa\u00e7\u00e3o, inclusive aposentados. O Sintepe (Sindicato dos Trabalhadores em Educa\u00e7\u00e3o de Pernambuco) protestou contra a aprova\u00e7\u00e3o do PL e realizar\u00e1 uma Assembleia Geral da categoria no pr\u00f3ximo dia 5 de julho onde discutir\u00e1 o tema &#8220;decreta\u00e7\u00e3o de greve&#8221;. Antes da vota\u00e7\u00e3o, o&hellip;","og_url":"https:\/\/blogdofarnesio.com.br\/?p=344213","og_site_name":"Blog do Farn\u00e9sio","article_publisher":"https:\/\/www.facebook.com\/BlogQuerSaberPolitica\/","article_author":"https:\/\/www.facebook.com\/?ref=tn_tnmn","article_published_time":"2023-06-29T14:24:44+00:00","og_image":[{"width":320,"height":210,"url":"https:\/\/blogdofarnesio.com.br\/wp-content\/uploads\/2023\/06\/blogqspsintepe-alepe.jpg","type":"image\/jpeg"}],"author":"Farn\u00e9sio","twitter_card":"summary_large_image","twitter_misc":{"Escrito por":"Farn\u00e9sio","Est. tempo de leitura":"3 minutos"},"schema":{"@context":"https:\/\/schema.org","@graph":[{"@type":"Article","@id":"https:\/\/blogdofarnesio.com.br\/?p=344213#article","isPartOf":{"@id":"https:\/\/blogdofarnesio.com.br\/?p=344213"},"author":{"name":"Farn\u00e9sio","@id":"https:\/\/blogdofarnesio.com.br\/#\/schema\/person\/bb9b23ae3ad0609ce8df7b6c9e76824d"},"headline":"Governo de PE aprova PL que destr\u00f3i carreira da educa\u00e7\u00e3o e categoria discute greve","datePublished":"2023-06-29T14:24:44+00:00","mainEntityOfPage":{"@id":"https:\/\/blogdofarnesio.com.br\/?p=344213"},"wordCount":558,"commentCount":0,"publisher":{"@id":"https:\/\/blogdofarnesio.com.br\/#organization"},"image":{"@id":"https:\/\/blogdofarnesio.com.br\/?p=344213#primaryimage"},"thumbnailUrl":"https:\/\/blogdofarnesio.com.br\/wp-content\/uploads\/2023\/06\/blogqspsintepe-alepe.jpg","articleSection":["Servidores"],"inLanguage":"pt-BR","potentialAction":[{"@type":"CommentAction","name":"Comment","target":["https:\/\/blogdofarnesio.com.br\/?p=344213#respond"]}]},{"@type":"WebPage","@id":"https:\/\/blogdofarnesio.com.br\/?p=344213","url":"https:\/\/blogdofarnesio.com.br\/?p=344213","name":"Governo de PE aprova PL que destr\u00f3i carreira da educa\u00e7\u00e3o e categoria discute greve - Blog do Farn\u00e9sio","isPartOf":{"@id":"https:\/\/blogdofarnesio.com.br\/#website"},"primaryImageOfPage":{"@id":"https:\/\/blogdofarnesio.com.br\/?p=344213#primaryimage"},"image":{"@id":"https:\/\/blogdofarnesio.com.br\/?p=344213#primaryimage"},"thumbnailUrl":"https:\/\/blogdofarnesio.com.br\/wp-content\/uploads\/2023\/06\/blogqspsintepe-alepe.jpg","datePublished":"2023-06-29T14:24:44+00:00","breadcrumb":{"@id":"https:\/\/blogdofarnesio.com.br\/?p=344213#breadcrumb"},"inLanguage":"pt-BR","potentialAction":[{"@type":"ReadAction","target":["https:\/\/blogdofarnesio.com.br\/?p=344213"]}]},{"@type":"ImageObject","inLanguage":"pt-BR","@id":"https:\/\/blogdofarnesio.com.br\/?p=344213#primaryimage","url":"https:\/\/blogdofarnesio.com.br\/wp-content\/uploads\/2023\/06\/blogqspsintepe-alepe.jpg","contentUrl":"https:\/\/blogdofarnesio.com.br\/wp-content\/uploads\/2023\/06\/blogqspsintepe-alepe.jpg","width":320,"height":210},{"@type":"BreadcrumbList","@id":"https:\/\/blogdofarnesio.com.br\/?p=344213#breadcrumb","itemListElement":[{"@type":"ListItem","position":1,"name":"In\u00edcio","item":"https:\/\/blogdofarnesio.com.br\/"},{"@type":"ListItem","position":2,"name":"Governo de PE aprova PL que destr\u00f3i carreira da educa\u00e7\u00e3o e categoria discute greve"}]},{"@type":"WebSite","@id":"https:\/\/blogdofarnesio.com.br\/#website","url":"https:\/\/blogdofarnesio.com.br\/","name":"Blog do Farn\u00e9sio","description":"Quer Saber Pol\u00edtica?","publisher":{"@id":"https:\/\/blogdofarnesio.com.br\/#organization"},"potentialAction":[{"@type":"SearchAction","target":{"@type":"EntryPoint","urlTemplate":"https:\/\/blogdofarnesio.com.br\/?s={search_term_string}"},"query-input":{"@type":"PropertyValueSpecification","valueRequired":true,"valueName":"search_term_string"}}],"inLanguage":"pt-BR"},{"@type":"Organization","@id":"https:\/\/blogdofarnesio.com.br\/#organization","name":"Blog do Farn\u00e9sio","url":"https:\/\/blogdofarnesio.com.br\/","logo":{"@type":"ImageObject","inLanguage":"pt-BR","@id":"https:\/\/blogdofarnesio.com.br\/#\/schema\/logo\/image\/","url":"https:\/\/blogdofarnesio.com.br\/wp-content\/uploads\/2026\/03\/cropped-logo_new-1.png","contentUrl":"https:\/\/blogdofarnesio.com.br\/wp-content\/uploads\/2026\/03\/cropped-logo_new-1.png","width":881,"height":685,"caption":"Blog do Farn\u00e9sio"},"image":{"@id":"https:\/\/blogdofarnesio.com.br\/#\/schema\/logo\/image\/"},"sameAs":["https:\/\/www.facebook.com\/BlogQuerSaberPolitica\/"]},{"@type":"Person","@id":"https:\/\/blogdofarnesio.com.br\/#\/schema\/person\/bb9b23ae3ad0609ce8df7b6c9e76824d","name":"Farn\u00e9sio","image":{"@type":"ImageObject","inLanguage":"pt-BR","@id":"https:\/\/secure.gravatar.com\/avatar\/986aa4c61ccdb66f8555bf88fc2a65609d00bcabd4d2d94377a727547345cbca?s=96&d=mm&r=g","url":"https:\/\/secure.gravatar.com\/avatar\/986aa4c61ccdb66f8555bf88fc2a65609d00bcabd4d2d94377a727547345cbca?s=96&d=mm&r=g","contentUrl":"https:\/\/secure.gravatar.com\/avatar\/986aa4c61ccdb66f8555bf88fc2a65609d00bcabd4d2d94377a727547345cbca?s=96&d=mm&r=g","caption":"Farn\u00e9sio"},"description":"Radialista blogueiro, chegou a Petrolina\/Juazeiro em setembro de 1980, Farn\u00e9sio Silva \u00e9 de Arapiraca-Alagoas.","sameAs":["http:\/\/blogdofarnesio.com.br","https:\/\/www.facebook.com\/?ref=tn_tnmn","https:\/\/www.instagram.com\/?utm_source=pwa_homescreen","https:\/\/youtube.com.br\/"],"url":"https:\/\/blogdofarnesio.com.br\/?author=2"}]}},"_links":{"self":[{"href":"https:\/\/blogdofarnesio.com.br\/index.php?rest_route=\/wp\/v2\/posts\/344213","targetHints":{"allow":["GET"]}}],"collection":[{"href":"https:\/\/blogdofarnesio.com.br\/index.php?rest_route=\/wp\/v2\/posts"}],"about":[{"href":"https:\/\/blogdofarnesio.com.br\/index.php?rest_route=\/wp\/v2\/types\/post"}],"author":[{"embeddable":true,"href":"https:\/\/blogdofarnesio.com.br\/index.php?rest_route=\/wp\/v2\/users\/2"}],"replies":[{"embeddable":true,"href":"https:\/\/blogdofarnesio.com.br\/index.php?rest_route=%2Fwp%2Fv2%2Fcomments&post=344213"}],"version-history":[{"count":0,"href":"https:\/\/blogdofarnesio.com.br\/index.php?rest_route=\/wp\/v2\/posts\/344213\/revisions"}],"wp:featuredmedia":[{"embeddable":true,"href":"https:\/\/blogdofarnesio.com.br\/index.php?rest_route=\/wp\/v2\/media\/344214"}],"wp:attachment":[{"href":"https:\/\/blogdofarnesio.com.br\/index.php?rest_route=%2Fwp%2Fv2%2Fmedia&parent=344213"}],"wp:term":[{"taxonomy":"category","embeddable":true,"href":"https:\/\/blogdofarnesio.com.br\/index.php?rest_route=%2Fwp%2Fv2%2Fcategories&post=344213"},{"taxonomy":"post_tag","embeddable":true,"href":"https:\/\/blogdofarnesio.com.br\/index.php?rest_route=%2Fwp%2Fv2%2Ftags&post=344213"}],"curies":[{"name":"wp","href":"https:\/\/api.w.org\/{rel}","templated":true}]}}