{"id":344029,"date":"2023-06-27T13:00:34","date_gmt":"2023-06-27T16:00:34","guid":{"rendered":"https:\/\/blogdofarnesio.com.br\/?p=344029"},"modified":"2023-06-27T11:14:15","modified_gmt":"2023-06-27T14:14:15","slug":"1-em-cada-17-adultos-usou-drogas-em-2021-diz-onu-em-novo-alerta-sobre-o-tema","status":"publish","type":"post","link":"https:\/\/blogdofarnesio.com.br\/?p=344029","title":{"rendered":"1 em cada 17 adultos usou drogas em 2021, diz ONU em novo alerta sobre o tema"},"content":{"rendered":"<div class=\"sc-8a384deb-0 gcFtGo\">\n<div class=\"sc-8a384deb-4 ebUzRt\">Por Folhapress\u00a0 &#8211;<\/div>\n<\/div>\n<div class=\"sc-494c7b39-1 bRxsec\">\n<div class=\"sc-494c7b39-3 fUSHdU\">\n<p>Em seu mais recente relat\u00f3rio sobre drogas, a ONU alerta para aquilo que considera &#8220;consequ\u00eancias catastr\u00f3ficas&#8221; do uso acelerado de subst\u00e2ncias, em especial as sint\u00e9ticas, e afirma que o controle do Talib\u00e3 no Afeganist\u00e3o e a Guerra da Ucr\u00e2nia devem ser considerados nesse debate.<br \/>\nEm 2021, mostram dados divulgados no domingo (25), uma em cada 17 pessoas de 15 a 64 anos usou drogas, somando 296 milh\u00f5es de usu\u00e1rios &#8211;23% a mais do que dez anos atr\u00e1s. O crescimento est\u00e1 relacionado ao aumento da popula\u00e7\u00e3o global, mas n\u00e3o apenas.<br \/>\nChama a aten\u00e7\u00e3o tamb\u00e9m o salto no n\u00famero de pessoas que usaram drogas injet\u00e1veis naquele ano: 13,2 milh\u00f5es, 18% a mais que em 2020. O aumento, em partes, deve-se a novos dados dispon\u00edveis sobre os EUA, um dos protagonistas no uso e no tr\u00e1fico de drogas no mundo.<br \/>\nA maconha segue como a droga mais usada, com estimados 219 milh\u00f5es de usu\u00e1rios em 2021 &#8211;4,3% da popula\u00e7\u00e3o adulta global. Ainda que a maioria dos usu\u00e1rios seja de homens (70%), a divis\u00e3o de g\u00eanero tem mudado em algumas regi\u00f5es: mulheres s\u00e3o 42% das usu\u00e1rias na Am\u00e9rica do Norte, por exemplo.<br \/>\nEstima-se tamb\u00e9m que, naquele ano &#8211;o \u00faltimo com dados coletados pela ONU&#8211;, 36 milh\u00f5es de pessoas tenham usado anfetaminas; 22 milh\u00f5es tenham usado coca\u00edna e e 20 milh\u00f5es tenham usado ecstasy.<br \/>\nEnquanto o contato com as subst\u00e2ncias se amplia, o acesso a tratamento para os que necessitam recua. Estima-se que quase 40 milh\u00f5es de pessoas sofriam de transtornos por abuso de drogas em 2021, mas apenas uma em cada cinco pessoas receberam tratamento.<br \/>\nO quadro, diz a ONU, est\u00e1 relacionado \u00e0 pandemia de Covid que, \u00e0quela altura, ainda convivia com cifras expressivas da doen\u00e7a. De 46 pa\u00edses que usualmente compartilham dados sobre o assunto, 40% registraram decl\u00ednio no n\u00famero de pessoas acessando tratamento.<br \/>\nAs Na\u00e7\u00f5es Unidas chamam aten\u00e7\u00e3o especial para um crescimento cont\u00ednuo da demanda e do fornecimento de coca\u00edna. O cultivo de coca ocupou mais de 315 mil hectares em 2021, e a produ\u00e7\u00e3o global de coca\u00edna superou 2.300 toneladas &#8211;ambas cifras recorde.<br \/>\n&#8220;Testemunhamos um aumento cont\u00ednuo no n\u00famero de pessoas que sofrem de transtornos por uso de drogas em todo o mundo, e o tratamento n\u00e3o chega a todos que precisam&#8221;, disse a eg\u00edpcia Ghada Waly, diretora-executiva do escrit\u00f3rio de drogas e crimes da ONU.<br \/>\n&#8220;Precisamos intensificar respostas contra narcotraficantes que exploram conflitos e crises globais para expandir o cultivo e a produ\u00e7\u00e3o de drogas il\u00edcitas, especialmente sint\u00e9ticas, alimentando os mercados ilegais e causado danos a pessoas e comunidades.&#8221;<br \/>\nWaly se referia \u00e0 outra importante parte do relat\u00f3rio que, ademais dos dados, alertou para o impacto que novos e antigos conflitos regionais podem ter para a produ\u00e7\u00e3o de drogas. O novo relat\u00f3rio da ONU aponta por exemplo para implica\u00e7\u00f5es preocupantes na Bacia Amaz\u00f4nica, que abrange pa\u00edses como Brasil, Bol\u00edvia e Col\u00f4mbia.<br \/>\nA organiza\u00e7\u00e3o afirma que est\u00e1 se intensificando a tend\u00eancia do &#8220;narcodesmatamento&#8221; na regi\u00e3o, que descreve como a destina\u00e7\u00e3o dos lucros do narcotr\u00e1fico para a especula\u00e7\u00e3o fundi\u00e1ria, &#8220;representando um grande perigo para a floresta tropical e os povos ind\u00edgenas locais&#8221;.<br \/>\nO material afirma que, ainda que o narcotr\u00e1fico seja apenas uma das m\u00faltiplas atividades ilegais de grupos criminosos na regi\u00e3o, ele catalisa a riqueza de grupos criminosos, o que \u00e9 facilitado pela baixa regula\u00e7\u00e3o e presen\u00e7a dos Estados em uma regi\u00e3o rica em recursos naturais.<br \/>\nOutro cen\u00e1rio que chama a aten\u00e7\u00e3o \u00e9 o do Afeganist\u00e3o sob controle do grupo fundamentalista Talib\u00e3, que retomou o poder em 2021 ap\u00f3s a retirada das tropas americanas. Em 2022, a produ\u00e7\u00e3o de \u00f3pio no pa\u00eds, com 6.200 toneladas, representou 80% da produ\u00e7\u00e3o global.<br \/>\nAinda que a na\u00e7\u00e3o tenha uma das maiores produ\u00e7\u00f5es de papoula do mundo, por\u00e9m, a ONU estima que isso deve mudar ap\u00f3s a proibi\u00e7\u00e3o talib\u00e3 do cultivo de narc\u00f3ticos no pa\u00eds.<br \/>\n&#8220;Relat\u00f3rios iniciais sugerem redu\u00e7\u00f5es no cultivo da papoula&#8221;, diz a ONU. Mas, apesar dos benef\u00edcios globais disso, a organiza\u00e7\u00e3o assinala consequ\u00eancias para os agricultores, que j\u00e1 enfrentam grave crise econ\u00f4mica e n\u00e3o teriam outra fonte de renda, e o fato de que, uma vez que o Afeganist\u00e3o \u00e9 um grande produtor de metanfetamina, a queda do \u00f3pio pode levar a um aumento da fabrica\u00e7\u00e3o das drogas sint\u00e9ticas.<br \/>\nSobre a Ucr\u00e2nia, o novo relat\u00f3rio indica que a guerra em curso no pa\u00eds do Leste Europeu pode ter interrompido rotas de tr\u00e1fico de hero\u00edna e coca\u00edna, mas tamb\u00e9m h\u00e1 ind\u00edcios de que isso possa desencadear a expans\u00e3o da fabrica\u00e7\u00e3o e do tr\u00e1fico de drogas sint\u00e9ticas, &#8220;dado o conhecimento pr\u00e9vio que existia no pa\u00eds antes do conflito armado&#8221;.<\/p>\n<\/div>\n<\/div>\n","protected":false},"excerpt":{"rendered":"<p>Por Folhapress\u00a0 &#8211; Em seu mais recente relat\u00f3rio sobre drogas, a ONU alerta para aquilo que considera &#8220;consequ\u00eancias catastr\u00f3ficas&#8221; do uso acelerado de subst\u00e2ncias, em especial as sint\u00e9ticas, e afirma que o controle do Talib\u00e3 no Afeganist\u00e3o e a Guerra da Ucr\u00e2nia devem ser considerados nesse debate. Em 2021, mostram dados divulgados no domingo (25), uma em cada 17 pessoas de 15 a 64 anos usou drogas, somando 296 milh\u00f5es de usu\u00e1rios &#8211;23% a mais do que dez anos atr\u00e1s. O crescimento est\u00e1 relacionado ao aumento da popula\u00e7\u00e3o global, mas n\u00e3o apenas. Chama a aten\u00e7\u00e3o tamb\u00e9m o salto no n\u00famero de pessoas que usaram drogas injet\u00e1veis naquele ano: 13,2 milh\u00f5es, 18% a mais que em 2020. O aumento, em partes,&hellip; <\/p>\n","protected":false},"author":2,"featured_media":258106,"comment_status":"open","ping_status":"open","sticky":false,"template":"","format":"standard","meta":{"_acf_changed":false,"footnotes":""},"categories":[32],"tags":[],"class_list":["post-344029","post","type-post","status-publish","format-standard","has-post-thumbnail","hentry","category-costumes"],"acf":[],"yoast_head":"<!-- This site is optimized with the Yoast SEO plugin v27.4 - https:\/\/yoast.com\/product\/yoast-seo-wordpress\/ -->\n<title>1 em cada 17 adultos usou drogas em 2021, diz ONU em novo alerta sobre o tema - Blog do Farn\u00e9sio<\/title>\n<meta name=\"robots\" content=\"index, follow, max-snippet:-1, max-image-preview:large, max-video-preview:-1\" \/>\n<link rel=\"canonical\" href=\"https:\/\/blogdofarnesio.com.br\/?p=344029\" \/>\n<meta property=\"og:locale\" content=\"pt_BR\" \/>\n<meta property=\"og:type\" content=\"article\" \/>\n<meta property=\"og:title\" content=\"1 em cada 17 adultos usou drogas em 2021, diz ONU em novo alerta sobre o tema - Blog do Farn\u00e9sio\" \/>\n<meta property=\"og:description\" content=\"Por Folhapress\u00a0 &#8211; Em seu mais recente relat\u00f3rio sobre drogas, a ONU alerta para aquilo que considera &#8220;consequ\u00eancias catastr\u00f3ficas&#8221; do uso acelerado de subst\u00e2ncias, em especial as sint\u00e9ticas, e afirma que o controle do Talib\u00e3 no Afeganist\u00e3o e a Guerra da Ucr\u00e2nia devem ser considerados nesse debate. Em 2021, mostram dados divulgados no domingo (25), uma em cada 17 pessoas de 15 a 64 anos usou drogas, somando 296 milh\u00f5es de usu\u00e1rios &#8211;23% a mais do que dez anos atr\u00e1s. O crescimento est\u00e1 relacionado ao aumento da popula\u00e7\u00e3o global, mas n\u00e3o apenas. Chama a aten\u00e7\u00e3o tamb\u00e9m o salto no n\u00famero de pessoas que usaram drogas injet\u00e1veis naquele ano: 13,2 milh\u00f5es, 18% a mais que em 2020. O aumento, em partes,&hellip;\" \/>\n<meta property=\"og:url\" content=\"https:\/\/blogdofarnesio.com.br\/?p=344029\" \/>\n<meta property=\"og:site_name\" content=\"Blog do Farn\u00e9sio\" \/>\n<meta property=\"article:publisher\" content=\"https:\/\/www.facebook.com\/BlogQuerSaberPolitica\/\" \/>\n<meta property=\"article:author\" content=\"https:\/\/www.facebook.com\/?ref=tn_tnmn\" \/>\n<meta property=\"article:published_time\" content=\"2023-06-27T16:00:34+00:00\" \/>\n<meta property=\"og:image\" content=\"https:\/\/blogdofarnesio.com.br\/wp-content\/uploads\/2020\/05\/blogqspMaconha-cigarro.jpg\" \/>\n\t<meta property=\"og:image:width\" content=\"220\" \/>\n\t<meta property=\"og:image:height\" content=\"220\" \/>\n\t<meta property=\"og:image:type\" content=\"image\/jpeg\" \/>\n<meta name=\"author\" content=\"Farn\u00e9sio\" \/>\n<meta name=\"twitter:card\" content=\"summary_large_image\" \/>\n<meta name=\"twitter:label1\" content=\"Escrito por\" \/>\n\t<meta name=\"twitter:data1\" content=\"Farn\u00e9sio\" \/>\n\t<meta name=\"twitter:label2\" content=\"Est. tempo de leitura\" \/>\n\t<meta name=\"twitter:data2\" content=\"5 minutos\" \/>\n<script type=\"application\/ld+json\" class=\"yoast-schema-graph\">{\"@context\":\"https:\\\/\\\/schema.org\",\"@graph\":[{\"@type\":\"Article\",\"@id\":\"https:\\\/\\\/blogdofarnesio.com.br\\\/?p=344029#article\",\"isPartOf\":{\"@id\":\"https:\\\/\\\/blogdofarnesio.com.br\\\/?p=344029\"},\"author\":{\"name\":\"Farn\u00e9sio\",\"@id\":\"https:\\\/\\\/blogdofarnesio.com.br\\\/#\\\/schema\\\/person\\\/bb9b23ae3ad0609ce8df7b6c9e76824d\"},\"headline\":\"1 em cada 17 adultos usou drogas em 2021, diz ONU em novo alerta sobre o tema\",\"datePublished\":\"2023-06-27T16:00:34+00:00\",\"mainEntityOfPage\":{\"@id\":\"https:\\\/\\\/blogdofarnesio.com.br\\\/?p=344029\"},\"wordCount\":854,\"commentCount\":0,\"publisher\":{\"@id\":\"https:\\\/\\\/blogdofarnesio.com.br\\\/#organization\"},\"image\":{\"@id\":\"https:\\\/\\\/blogdofarnesio.com.br\\\/?p=344029#primaryimage\"},\"thumbnailUrl\":\"https:\\\/\\\/blogdofarnesio.com.br\\\/wp-content\\\/uploads\\\/2020\\\/05\\\/blogqspMaconha-cigarro.jpg\",\"articleSection\":[\"Costumes\"],\"inLanguage\":\"pt-BR\",\"potentialAction\":[{\"@type\":\"CommentAction\",\"name\":\"Comment\",\"target\":[\"https:\\\/\\\/blogdofarnesio.com.br\\\/?p=344029#respond\"]}]},{\"@type\":\"WebPage\",\"@id\":\"https:\\\/\\\/blogdofarnesio.com.br\\\/?p=344029\",\"url\":\"https:\\\/\\\/blogdofarnesio.com.br\\\/?p=344029\",\"name\":\"1 em cada 17 adultos usou drogas em 2021, diz ONU em novo alerta sobre o tema - Blog do Farn\u00e9sio\",\"isPartOf\":{\"@id\":\"https:\\\/\\\/blogdofarnesio.com.br\\\/#website\"},\"primaryImageOfPage\":{\"@id\":\"https:\\\/\\\/blogdofarnesio.com.br\\\/?p=344029#primaryimage\"},\"image\":{\"@id\":\"https:\\\/\\\/blogdofarnesio.com.br\\\/?p=344029#primaryimage\"},\"thumbnailUrl\":\"https:\\\/\\\/blogdofarnesio.com.br\\\/wp-content\\\/uploads\\\/2020\\\/05\\\/blogqspMaconha-cigarro.jpg\",\"datePublished\":\"2023-06-27T16:00:34+00:00\",\"breadcrumb\":{\"@id\":\"https:\\\/\\\/blogdofarnesio.com.br\\\/?p=344029#breadcrumb\"},\"inLanguage\":\"pt-BR\",\"potentialAction\":[{\"@type\":\"ReadAction\",\"target\":[\"https:\\\/\\\/blogdofarnesio.com.br\\\/?p=344029\"]}]},{\"@type\":\"ImageObject\",\"inLanguage\":\"pt-BR\",\"@id\":\"https:\\\/\\\/blogdofarnesio.com.br\\\/?p=344029#primaryimage\",\"url\":\"https:\\\/\\\/blogdofarnesio.com.br\\\/wp-content\\\/uploads\\\/2020\\\/05\\\/blogqspMaconha-cigarro.jpg\",\"contentUrl\":\"https:\\\/\\\/blogdofarnesio.com.br\\\/wp-content\\\/uploads\\\/2020\\\/05\\\/blogqspMaconha-cigarro.jpg\",\"width\":220,\"height\":220},{\"@type\":\"BreadcrumbList\",\"@id\":\"https:\\\/\\\/blogdofarnesio.com.br\\\/?p=344029#breadcrumb\",\"itemListElement\":[{\"@type\":\"ListItem\",\"position\":1,\"name\":\"In\u00edcio\",\"item\":\"https:\\\/\\\/blogdofarnesio.com.br\\\/\"},{\"@type\":\"ListItem\",\"position\":2,\"name\":\"1 em cada 17 adultos usou drogas em 2021, diz ONU em novo alerta sobre o tema\"}]},{\"@type\":\"WebSite\",\"@id\":\"https:\\\/\\\/blogdofarnesio.com.br\\\/#website\",\"url\":\"https:\\\/\\\/blogdofarnesio.com.br\\\/\",\"name\":\"Blog do Farn\u00e9sio\",\"description\":\"Quer Saber Pol\u00edtica?\",\"publisher\":{\"@id\":\"https:\\\/\\\/blogdofarnesio.com.br\\\/#organization\"},\"potentialAction\":[{\"@type\":\"SearchAction\",\"target\":{\"@type\":\"EntryPoint\",\"urlTemplate\":\"https:\\\/\\\/blogdofarnesio.com.br\\\/?s={search_term_string}\"},\"query-input\":{\"@type\":\"PropertyValueSpecification\",\"valueRequired\":true,\"valueName\":\"search_term_string\"}}],\"inLanguage\":\"pt-BR\"},{\"@type\":\"Organization\",\"@id\":\"https:\\\/\\\/blogdofarnesio.com.br\\\/#organization\",\"name\":\"Blog do Farn\u00e9sio\",\"url\":\"https:\\\/\\\/blogdofarnesio.com.br\\\/\",\"logo\":{\"@type\":\"ImageObject\",\"inLanguage\":\"pt-BR\",\"@id\":\"https:\\\/\\\/blogdofarnesio.com.br\\\/#\\\/schema\\\/logo\\\/image\\\/\",\"url\":\"https:\\\/\\\/blogdofarnesio.com.br\\\/wp-content\\\/uploads\\\/2026\\\/03\\\/cropped-logo_new-1.png\",\"contentUrl\":\"https:\\\/\\\/blogdofarnesio.com.br\\\/wp-content\\\/uploads\\\/2026\\\/03\\\/cropped-logo_new-1.png\",\"width\":881,\"height\":685,\"caption\":\"Blog do Farn\u00e9sio\"},\"image\":{\"@id\":\"https:\\\/\\\/blogdofarnesio.com.br\\\/#\\\/schema\\\/logo\\\/image\\\/\"},\"sameAs\":[\"https:\\\/\\\/www.facebook.com\\\/BlogQuerSaberPolitica\\\/\"]},{\"@type\":\"Person\",\"@id\":\"https:\\\/\\\/blogdofarnesio.com.br\\\/#\\\/schema\\\/person\\\/bb9b23ae3ad0609ce8df7b6c9e76824d\",\"name\":\"Farn\u00e9sio\",\"image\":{\"@type\":\"ImageObject\",\"inLanguage\":\"pt-BR\",\"@id\":\"https:\\\/\\\/secure.gravatar.com\\\/avatar\\\/986aa4c61ccdb66f8555bf88fc2a65609d00bcabd4d2d94377a727547345cbca?s=96&d=mm&r=g\",\"url\":\"https:\\\/\\\/secure.gravatar.com\\\/avatar\\\/986aa4c61ccdb66f8555bf88fc2a65609d00bcabd4d2d94377a727547345cbca?s=96&d=mm&r=g\",\"contentUrl\":\"https:\\\/\\\/secure.gravatar.com\\\/avatar\\\/986aa4c61ccdb66f8555bf88fc2a65609d00bcabd4d2d94377a727547345cbca?s=96&d=mm&r=g\",\"caption\":\"Farn\u00e9sio\"},\"description\":\"Radialista blogueiro, chegou a Petrolina\\\/Juazeiro em setembro de 1980, Farn\u00e9sio Silva \u00e9 de Arapiraca-Alagoas.\",\"sameAs\":[\"http:\\\/\\\/blogdofarnesio.com.br\",\"https:\\\/\\\/www.facebook.com\\\/?ref=tn_tnmn\",\"https:\\\/\\\/www.instagram.com\\\/?utm_source=pwa_homescreen\",\"https:\\\/\\\/youtube.com.br\\\/\"],\"url\":\"https:\\\/\\\/blogdofarnesio.com.br\\\/?author=2\"}]}<\/script>\n<!-- \/ Yoast SEO plugin. -->","yoast_head_json":{"title":"1 em cada 17 adultos usou drogas em 2021, diz ONU em novo alerta sobre o tema - Blog do Farn\u00e9sio","robots":{"index":"index","follow":"follow","max-snippet":"max-snippet:-1","max-image-preview":"max-image-preview:large","max-video-preview":"max-video-preview:-1"},"canonical":"https:\/\/blogdofarnesio.com.br\/?p=344029","og_locale":"pt_BR","og_type":"article","og_title":"1 em cada 17 adultos usou drogas em 2021, diz ONU em novo alerta sobre o tema - Blog do Farn\u00e9sio","og_description":"Por Folhapress\u00a0 &#8211; Em seu mais recente relat\u00f3rio sobre drogas, a ONU alerta para aquilo que considera &#8220;consequ\u00eancias catastr\u00f3ficas&#8221; do uso acelerado de subst\u00e2ncias, em especial as sint\u00e9ticas, e afirma que o controle do Talib\u00e3 no Afeganist\u00e3o e a Guerra da Ucr\u00e2nia devem ser considerados nesse debate. Em 2021, mostram dados divulgados no domingo (25), uma em cada 17 pessoas de 15 a 64 anos usou drogas, somando 296 milh\u00f5es de usu\u00e1rios &#8211;23% a mais do que dez anos atr\u00e1s. O crescimento est\u00e1 relacionado ao aumento da popula\u00e7\u00e3o global, mas n\u00e3o apenas. Chama a aten\u00e7\u00e3o tamb\u00e9m o salto no n\u00famero de pessoas que usaram drogas injet\u00e1veis naquele ano: 13,2 milh\u00f5es, 18% a mais que em 2020. O aumento, em partes,&hellip;","og_url":"https:\/\/blogdofarnesio.com.br\/?p=344029","og_site_name":"Blog do Farn\u00e9sio","article_publisher":"https:\/\/www.facebook.com\/BlogQuerSaberPolitica\/","article_author":"https:\/\/www.facebook.com\/?ref=tn_tnmn","article_published_time":"2023-06-27T16:00:34+00:00","og_image":[{"width":220,"height":220,"url":"https:\/\/blogdofarnesio.com.br\/wp-content\/uploads\/2020\/05\/blogqspMaconha-cigarro.jpg","type":"image\/jpeg"}],"author":"Farn\u00e9sio","twitter_card":"summary_large_image","twitter_misc":{"Escrito por":"Farn\u00e9sio","Est. tempo de leitura":"5 minutos"},"schema":{"@context":"https:\/\/schema.org","@graph":[{"@type":"Article","@id":"https:\/\/blogdofarnesio.com.br\/?p=344029#article","isPartOf":{"@id":"https:\/\/blogdofarnesio.com.br\/?p=344029"},"author":{"name":"Farn\u00e9sio","@id":"https:\/\/blogdofarnesio.com.br\/#\/schema\/person\/bb9b23ae3ad0609ce8df7b6c9e76824d"},"headline":"1 em cada 17 adultos usou drogas em 2021, diz ONU em novo alerta sobre o tema","datePublished":"2023-06-27T16:00:34+00:00","mainEntityOfPage":{"@id":"https:\/\/blogdofarnesio.com.br\/?p=344029"},"wordCount":854,"commentCount":0,"publisher":{"@id":"https:\/\/blogdofarnesio.com.br\/#organization"},"image":{"@id":"https:\/\/blogdofarnesio.com.br\/?p=344029#primaryimage"},"thumbnailUrl":"https:\/\/blogdofarnesio.com.br\/wp-content\/uploads\/2020\/05\/blogqspMaconha-cigarro.jpg","articleSection":["Costumes"],"inLanguage":"pt-BR","potentialAction":[{"@type":"CommentAction","name":"Comment","target":["https:\/\/blogdofarnesio.com.br\/?p=344029#respond"]}]},{"@type":"WebPage","@id":"https:\/\/blogdofarnesio.com.br\/?p=344029","url":"https:\/\/blogdofarnesio.com.br\/?p=344029","name":"1 em cada 17 adultos usou drogas em 2021, diz ONU em novo alerta sobre o tema - Blog do Farn\u00e9sio","isPartOf":{"@id":"https:\/\/blogdofarnesio.com.br\/#website"},"primaryImageOfPage":{"@id":"https:\/\/blogdofarnesio.com.br\/?p=344029#primaryimage"},"image":{"@id":"https:\/\/blogdofarnesio.com.br\/?p=344029#primaryimage"},"thumbnailUrl":"https:\/\/blogdofarnesio.com.br\/wp-content\/uploads\/2020\/05\/blogqspMaconha-cigarro.jpg","datePublished":"2023-06-27T16:00:34+00:00","breadcrumb":{"@id":"https:\/\/blogdofarnesio.com.br\/?p=344029#breadcrumb"},"inLanguage":"pt-BR","potentialAction":[{"@type":"ReadAction","target":["https:\/\/blogdofarnesio.com.br\/?p=344029"]}]},{"@type":"ImageObject","inLanguage":"pt-BR","@id":"https:\/\/blogdofarnesio.com.br\/?p=344029#primaryimage","url":"https:\/\/blogdofarnesio.com.br\/wp-content\/uploads\/2020\/05\/blogqspMaconha-cigarro.jpg","contentUrl":"https:\/\/blogdofarnesio.com.br\/wp-content\/uploads\/2020\/05\/blogqspMaconha-cigarro.jpg","width":220,"height":220},{"@type":"BreadcrumbList","@id":"https:\/\/blogdofarnesio.com.br\/?p=344029#breadcrumb","itemListElement":[{"@type":"ListItem","position":1,"name":"In\u00edcio","item":"https:\/\/blogdofarnesio.com.br\/"},{"@type":"ListItem","position":2,"name":"1 em cada 17 adultos usou drogas em 2021, diz ONU em novo alerta sobre o tema"}]},{"@type":"WebSite","@id":"https:\/\/blogdofarnesio.com.br\/#website","url":"https:\/\/blogdofarnesio.com.br\/","name":"Blog do Farn\u00e9sio","description":"Quer Saber Pol\u00edtica?","publisher":{"@id":"https:\/\/blogdofarnesio.com.br\/#organization"},"potentialAction":[{"@type":"SearchAction","target":{"@type":"EntryPoint","urlTemplate":"https:\/\/blogdofarnesio.com.br\/?s={search_term_string}"},"query-input":{"@type":"PropertyValueSpecification","valueRequired":true,"valueName":"search_term_string"}}],"inLanguage":"pt-BR"},{"@type":"Organization","@id":"https:\/\/blogdofarnesio.com.br\/#organization","name":"Blog do Farn\u00e9sio","url":"https:\/\/blogdofarnesio.com.br\/","logo":{"@type":"ImageObject","inLanguage":"pt-BR","@id":"https:\/\/blogdofarnesio.com.br\/#\/schema\/logo\/image\/","url":"https:\/\/blogdofarnesio.com.br\/wp-content\/uploads\/2026\/03\/cropped-logo_new-1.png","contentUrl":"https:\/\/blogdofarnesio.com.br\/wp-content\/uploads\/2026\/03\/cropped-logo_new-1.png","width":881,"height":685,"caption":"Blog do Farn\u00e9sio"},"image":{"@id":"https:\/\/blogdofarnesio.com.br\/#\/schema\/logo\/image\/"},"sameAs":["https:\/\/www.facebook.com\/BlogQuerSaberPolitica\/"]},{"@type":"Person","@id":"https:\/\/blogdofarnesio.com.br\/#\/schema\/person\/bb9b23ae3ad0609ce8df7b6c9e76824d","name":"Farn\u00e9sio","image":{"@type":"ImageObject","inLanguage":"pt-BR","@id":"https:\/\/secure.gravatar.com\/avatar\/986aa4c61ccdb66f8555bf88fc2a65609d00bcabd4d2d94377a727547345cbca?s=96&d=mm&r=g","url":"https:\/\/secure.gravatar.com\/avatar\/986aa4c61ccdb66f8555bf88fc2a65609d00bcabd4d2d94377a727547345cbca?s=96&d=mm&r=g","contentUrl":"https:\/\/secure.gravatar.com\/avatar\/986aa4c61ccdb66f8555bf88fc2a65609d00bcabd4d2d94377a727547345cbca?s=96&d=mm&r=g","caption":"Farn\u00e9sio"},"description":"Radialista blogueiro, chegou a Petrolina\/Juazeiro em setembro de 1980, Farn\u00e9sio Silva \u00e9 de Arapiraca-Alagoas.","sameAs":["http:\/\/blogdofarnesio.com.br","https:\/\/www.facebook.com\/?ref=tn_tnmn","https:\/\/www.instagram.com\/?utm_source=pwa_homescreen","https:\/\/youtube.com.br\/"],"url":"https:\/\/blogdofarnesio.com.br\/?author=2"}]}},"_links":{"self":[{"href":"https:\/\/blogdofarnesio.com.br\/index.php?rest_route=\/wp\/v2\/posts\/344029","targetHints":{"allow":["GET"]}}],"collection":[{"href":"https:\/\/blogdofarnesio.com.br\/index.php?rest_route=\/wp\/v2\/posts"}],"about":[{"href":"https:\/\/blogdofarnesio.com.br\/index.php?rest_route=\/wp\/v2\/types\/post"}],"author":[{"embeddable":true,"href":"https:\/\/blogdofarnesio.com.br\/index.php?rest_route=\/wp\/v2\/users\/2"}],"replies":[{"embeddable":true,"href":"https:\/\/blogdofarnesio.com.br\/index.php?rest_route=%2Fwp%2Fv2%2Fcomments&post=344029"}],"version-history":[{"count":0,"href":"https:\/\/blogdofarnesio.com.br\/index.php?rest_route=\/wp\/v2\/posts\/344029\/revisions"}],"wp:featuredmedia":[{"embeddable":true,"href":"https:\/\/blogdofarnesio.com.br\/index.php?rest_route=\/wp\/v2\/media\/258106"}],"wp:attachment":[{"href":"https:\/\/blogdofarnesio.com.br\/index.php?rest_route=%2Fwp%2Fv2%2Fmedia&parent=344029"}],"wp:term":[{"taxonomy":"category","embeddable":true,"href":"https:\/\/blogdofarnesio.com.br\/index.php?rest_route=%2Fwp%2Fv2%2Fcategories&post=344029"},{"taxonomy":"post_tag","embeddable":true,"href":"https:\/\/blogdofarnesio.com.br\/index.php?rest_route=%2Fwp%2Fv2%2Ftags&post=344029"}],"curies":[{"name":"wp","href":"https:\/\/api.w.org\/{rel}","templated":true}]}}