{"id":343955,"date":"2023-06-27T09:22:00","date_gmt":"2023-06-27T12:22:00","guid":{"rendered":"https:\/\/blogdofarnesio.com.br\/?p=343955"},"modified":"2023-06-26T16:57:43","modified_gmt":"2023-06-26T19:57:43","slug":"festejos-do-sao-joao-em-juremal-foi-de-muita-animacao-mantendo-a-tradicao","status":"publish","type":"post","link":"https:\/\/blogdofarnesio.com.br\/2023\/06\/festejos-do-sao-joao-em-juremal-foi-de-muita-animacao-mantendo-a-tradicao\/","title":{"rendered":"Festejos do S\u00e3o Jo\u00e3o em Juremal foi de muita anima\u00e7\u00e3o mantendo a tradi\u00e7\u00e3o"},"content":{"rendered":"<p style=\"font-weight: 400;\">O Festival Cultural S\u00e3o Jo\u00e3o de Juremal encerrou os festejos ao padroeiro do distrito domingo (25), com muita anima\u00e7\u00e3o e forr\u00f3 no p\u00e9. A festa, promovida pela Prefeitura de Juazeiro, atrav\u00e9s da Secretaria de Cultura, Turismo e Esportes (Seculte), em parceria com o governo do estado, manteve a tradi\u00e7\u00e3o de d\u00e9cadas no distrito.<\/p>\n<p style=\"font-weight: 400;\">Foram dois finais de semana de festa que agitou o distrito. Durante o Festival Cultural S\u00e3o Jo\u00e3o de Juremal a comunidade local e toda vizinhan\u00e7a p\u00f4de aproveitar atra\u00e7\u00f5es como: Mega Top, Frank e Alex, Carlinhos Cai\u00e7ara, Suzana Coelho, J\u00falio do Acordeon, banda Stylo.com, Dudu Almeida, Tom Bahia e Rafinha.<\/p>\n<p style=\"font-weight: 400;\">\u201cEu, como filha de Juremal, me sinto orgulhosa em manter viva a tradi\u00e7\u00e3o cultural na localidade em que nasci e fui criada. Entregamos uma festa linda para essas pessoas t\u00e3o queridas, que fazem parte da minha caminhada pessoal e pol\u00edtica. O sentimento \u00e9 de felicidade e gratid\u00e3o por estar \u00e0 frente da gest\u00e3o e poder realizar mais um ano esta festa t\u00e3o tradicional e importante para o nosso povo\u201d, destacou a prefeita Suzana Ramos.<\/p>\n<p style=\"font-weight: 400;\">O homenageado deste ano no S\u00e3o Jo\u00e3o de Juremal foi Ademir Jos\u00e9 dos Reis, conhecido como \u2018Seu Dema\u2019, um grande nome da localidade que levou o Juremal a v\u00e1rios cantos do pa\u00eds com sua m\u00fasica e sua preocupa\u00e7\u00e3o com a cultura popular.<\/p>\n<p style=\"font-weight: 400;\"><strong>Quadrilhas Juninas<\/strong><\/p>\n<p style=\"font-weight: 400;\"><img loading=\"lazy\" decoding=\"async\" class=\"aligncenter wp-image-343957 \" src=\"https:\/\/blogdofarnesio.com.br\/wp-content\/uploads\/2023\/06\/blogqspjua-juremal-quadrilha-1.jpg\" alt=\"\" width=\"694\" height=\"463\" srcset=\"https:\/\/blogdofarnesio.com.br\/wp-content\/uploads\/2023\/06\/blogqspjua-juremal-quadrilha-1.jpg 799w, https:\/\/blogdofarnesio.com.br\/wp-content\/uploads\/2023\/06\/blogqspjua-juremal-quadrilha-1-300x200.jpg 300w, https:\/\/blogdofarnesio.com.br\/wp-content\/uploads\/2023\/06\/blogqspjua-juremal-quadrilha-1-768x512.jpg 768w\" sizes=\"auto, (max-width: 694px) 100vw, 694px\" \/>Al\u00e9m dos shows musicais, tamb\u00e9m se apresentaram no S\u00e3o Jo\u00e3o de Juremal as duas quadrilhas juninas vencedoras do Concurso de Quadrilhas Juninas realizado pela Prefeitura de Juazeiro no Santo Ant\u00f4nio das Tradi\u00e7\u00f5es. A junina Arrai\u00e1 da Matutada, vice-campe\u00e3 do Concurso, deu um show de beleza, ritmo e colorido no distrito de Juremal com o tema &#8220;A saga do nordestino&#8221;. A junina Majestade mostrou o talento que a fez levar ao primeiro lugar no concurso com o tema &#8220;A cria\u00e7\u00e3o do mundo&#8221;.<\/p>\n<p style=\"font-weight: 400;\"><strong>Prociss\u00e3o a S\u00e3o Jo\u00e3o Batista<\/strong><\/p>\n<p style=\"font-weight: 400;\">No s\u00e1bado (24) a prociss\u00e3o encerrou o noven\u00e1rio a S\u00e3o Jo\u00e3o Batista, padroeiro de Juremal, um momento marcado pela f\u00e9 e devo\u00e7\u00e3o ao santo.<\/p>\n","protected":false},"excerpt":{"rendered":"<p>O Festival Cultural S\u00e3o Jo\u00e3o de Juremal encerrou os festejos ao padroeiro do distrito domingo (25), com muita anima\u00e7\u00e3o e forr\u00f3 no p\u00e9. A festa, promovida pela Prefeitura de Juazeiro, atrav\u00e9s da Secretaria de Cultura, Turismo e Esportes (Seculte), em parceria com o governo do estado, manteve a tradi\u00e7\u00e3o de d\u00e9cadas no distrito. Foram dois finais de semana de festa que agitou o distrito. Durante o Festival Cultural S\u00e3o Jo\u00e3o de Juremal a comunidade local e toda vizinhan\u00e7a p\u00f4de aproveitar atra\u00e7\u00f5es como: Mega Top, Frank e Alex, Carlinhos Cai\u00e7ara, Suzana Coelho, J\u00falio do Acordeon, banda Stylo.com, Dudu Almeida, Tom Bahia e Rafinha. \u201cEu, como filha de Juremal, me sinto orgulhosa em manter viva a tradi\u00e7\u00e3o cultural na localidade em que&hellip; <\/p>\n","protected":false},"author":2,"featured_media":343956,"comment_status":"open","ping_status":"open","sticky":false,"template":"","format":"standard","meta":{"_acf_changed":false,"footnotes":""},"categories":[10],"tags":[],"class_list":["post-343955","post","type-post","status-publish","format-standard","has-post-thumbnail","hentry","category-cultura"],"acf":[],"yoast_head":"<!-- This site is optimized with the Yoast SEO plugin v27.5 - https:\/\/yoast.com\/product\/yoast-seo-wordpress\/ -->\n<title>Festejos do S\u00e3o Jo\u00e3o em Juremal foi de muita anima\u00e7\u00e3o mantendo a tradi\u00e7\u00e3o - Blog do Farn\u00e9sio<\/title>\n<meta name=\"robots\" content=\"index, follow, max-snippet:-1, max-image-preview:large, max-video-preview:-1\" \/>\n<link rel=\"canonical\" href=\"https:\/\/blogdofarnesio.com.br\/2023\/06\/festejos-do-sao-joao-em-juremal-foi-de-muita-animacao-mantendo-a-tradicao\/\" \/>\n<meta property=\"og:locale\" content=\"pt_BR\" \/>\n<meta property=\"og:type\" content=\"article\" \/>\n<meta property=\"og:title\" content=\"Festejos do S\u00e3o Jo\u00e3o em Juremal foi de muita anima\u00e7\u00e3o mantendo a tradi\u00e7\u00e3o - Blog do Farn\u00e9sio\" \/>\n<meta property=\"og:description\" content=\"O Festival Cultural S\u00e3o Jo\u00e3o de Juremal encerrou os festejos ao padroeiro do distrito domingo (25), com muita anima\u00e7\u00e3o e forr\u00f3 no p\u00e9. A festa, promovida pela Prefeitura de Juazeiro, atrav\u00e9s da Secretaria de Cultura, Turismo e Esportes (Seculte), em parceria com o governo do estado, manteve a tradi\u00e7\u00e3o de d\u00e9cadas no distrito. Foram dois finais de semana de festa que agitou o distrito. Durante o Festival Cultural S\u00e3o Jo\u00e3o de Juremal a comunidade local e toda vizinhan\u00e7a p\u00f4de aproveitar atra\u00e7\u00f5es como: Mega Top, Frank e Alex, Carlinhos Cai\u00e7ara, Suzana Coelho, J\u00falio do Acordeon, banda Stylo.com, Dudu Almeida, Tom Bahia e Rafinha. \u201cEu, como filha de Juremal, me sinto orgulhosa em manter viva a tradi\u00e7\u00e3o cultural na localidade em que&hellip;\" \/>\n<meta property=\"og:url\" content=\"https:\/\/blogdofarnesio.com.br\/2023\/06\/festejos-do-sao-joao-em-juremal-foi-de-muita-animacao-mantendo-a-tradicao\/\" \/>\n<meta property=\"og:site_name\" content=\"Blog do Farn\u00e9sio\" \/>\n<meta property=\"article:publisher\" content=\"https:\/\/www.facebook.com\/BlogQuerSaberPolitica\/\" \/>\n<meta property=\"article:author\" content=\"https:\/\/www.facebook.com\/?ref=tn_tnmn\" \/>\n<meta property=\"article:published_time\" content=\"2023-06-27T12:22:00+00:00\" \/>\n<meta property=\"og:image\" content=\"https:\/\/blogdofarnesio.com.br\/wp-content\/uploads\/2023\/06\/blogqspjua-juremal-quadrilha-2-e1687788028114.jpg\" \/>\n\t<meta property=\"og:image:width\" content=\"699\" \/>\n\t<meta property=\"og:image:height\" content=\"466\" \/>\n\t<meta property=\"og:image:type\" content=\"image\/jpeg\" \/>\n<meta name=\"author\" content=\"Farn\u00e9sio\" \/>\n<meta name=\"twitter:card\" content=\"summary_large_image\" \/>\n<meta name=\"twitter:label1\" content=\"Escrito por\" \/>\n\t<meta name=\"twitter:data1\" content=\"Farn\u00e9sio\" \/>\n\t<meta name=\"twitter:label2\" content=\"Est. tempo de leitura\" \/>\n\t<meta name=\"twitter:data2\" content=\"3 minutos\" \/>\n<script type=\"application\/ld+json\" class=\"yoast-schema-graph\">{\"@context\":\"https:\\\/\\\/schema.org\",\"@graph\":[{\"@type\":\"Article\",\"@id\":\"https:\\\/\\\/blogdofarnesio.com.br\\\/2023\\\/06\\\/festejos-do-sao-joao-em-juremal-foi-de-muita-animacao-mantendo-a-tradicao\\\/#article\",\"isPartOf\":{\"@id\":\"https:\\\/\\\/blogdofarnesio.com.br\\\/2023\\\/06\\\/festejos-do-sao-joao-em-juremal-foi-de-muita-animacao-mantendo-a-tradicao\\\/\"},\"author\":{\"name\":\"Farn\u00e9sio\",\"@id\":\"https:\\\/\\\/blogdofarnesio.com.br\\\/#\\\/schema\\\/person\\\/bb9b23ae3ad0609ce8df7b6c9e76824d\"},\"headline\":\"Festejos do S\u00e3o Jo\u00e3o em Juremal foi de muita anima\u00e7\u00e3o mantendo a tradi\u00e7\u00e3o\",\"datePublished\":\"2023-06-27T12:22:00+00:00\",\"mainEntityOfPage\":{\"@id\":\"https:\\\/\\\/blogdofarnesio.com.br\\\/2023\\\/06\\\/festejos-do-sao-joao-em-juremal-foi-de-muita-animacao-mantendo-a-tradicao\\\/\"},\"wordCount\":385,\"commentCount\":0,\"publisher\":{\"@id\":\"https:\\\/\\\/blogdofarnesio.com.br\\\/#organization\"},\"image\":{\"@id\":\"https:\\\/\\\/blogdofarnesio.com.br\\\/2023\\\/06\\\/festejos-do-sao-joao-em-juremal-foi-de-muita-animacao-mantendo-a-tradicao\\\/#primaryimage\"},\"thumbnailUrl\":\"https:\\\/\\\/blogdofarnesio.com.br\\\/wp-content\\\/uploads\\\/2023\\\/06\\\/blogqspjua-juremal-quadrilha-2-e1687788028114.jpg\",\"articleSection\":[\"Cultura\"],\"inLanguage\":\"pt-BR\",\"potentialAction\":[{\"@type\":\"CommentAction\",\"name\":\"Comment\",\"target\":[\"https:\\\/\\\/blogdofarnesio.com.br\\\/2023\\\/06\\\/festejos-do-sao-joao-em-juremal-foi-de-muita-animacao-mantendo-a-tradicao\\\/#respond\"]}]},{\"@type\":\"WebPage\",\"@id\":\"https:\\\/\\\/blogdofarnesio.com.br\\\/2023\\\/06\\\/festejos-do-sao-joao-em-juremal-foi-de-muita-animacao-mantendo-a-tradicao\\\/\",\"url\":\"https:\\\/\\\/blogdofarnesio.com.br\\\/2023\\\/06\\\/festejos-do-sao-joao-em-juremal-foi-de-muita-animacao-mantendo-a-tradicao\\\/\",\"name\":\"Festejos do S\u00e3o Jo\u00e3o em Juremal foi de muita anima\u00e7\u00e3o mantendo a tradi\u00e7\u00e3o - Blog do Farn\u00e9sio\",\"isPartOf\":{\"@id\":\"https:\\\/\\\/blogdofarnesio.com.br\\\/#website\"},\"primaryImageOfPage\":{\"@id\":\"https:\\\/\\\/blogdofarnesio.com.br\\\/2023\\\/06\\\/festejos-do-sao-joao-em-juremal-foi-de-muita-animacao-mantendo-a-tradicao\\\/#primaryimage\"},\"image\":{\"@id\":\"https:\\\/\\\/blogdofarnesio.com.br\\\/2023\\\/06\\\/festejos-do-sao-joao-em-juremal-foi-de-muita-animacao-mantendo-a-tradicao\\\/#primaryimage\"},\"thumbnailUrl\":\"https:\\\/\\\/blogdofarnesio.com.br\\\/wp-content\\\/uploads\\\/2023\\\/06\\\/blogqspjua-juremal-quadrilha-2-e1687788028114.jpg\",\"datePublished\":\"2023-06-27T12:22:00+00:00\",\"breadcrumb\":{\"@id\":\"https:\\\/\\\/blogdofarnesio.com.br\\\/2023\\\/06\\\/festejos-do-sao-joao-em-juremal-foi-de-muita-animacao-mantendo-a-tradicao\\\/#breadcrumb\"},\"inLanguage\":\"pt-BR\",\"potentialAction\":[{\"@type\":\"ReadAction\",\"target\":[\"https:\\\/\\\/blogdofarnesio.com.br\\\/2023\\\/06\\\/festejos-do-sao-joao-em-juremal-foi-de-muita-animacao-mantendo-a-tradicao\\\/\"]}]},{\"@type\":\"ImageObject\",\"inLanguage\":\"pt-BR\",\"@id\":\"https:\\\/\\\/blogdofarnesio.com.br\\\/2023\\\/06\\\/festejos-do-sao-joao-em-juremal-foi-de-muita-animacao-mantendo-a-tradicao\\\/#primaryimage\",\"url\":\"https:\\\/\\\/blogdofarnesio.com.br\\\/wp-content\\\/uploads\\\/2023\\\/06\\\/blogqspjua-juremal-quadrilha-2-e1687788028114.jpg\",\"contentUrl\":\"https:\\\/\\\/blogdofarnesio.com.br\\\/wp-content\\\/uploads\\\/2023\\\/06\\\/blogqspjua-juremal-quadrilha-2-e1687788028114.jpg\",\"width\":699,\"height\":466},{\"@type\":\"BreadcrumbList\",\"@id\":\"https:\\\/\\\/blogdofarnesio.com.br\\\/2023\\\/06\\\/festejos-do-sao-joao-em-juremal-foi-de-muita-animacao-mantendo-a-tradicao\\\/#breadcrumb\",\"itemListElement\":[{\"@type\":\"ListItem\",\"position\":1,\"name\":\"In\u00edcio\",\"item\":\"https:\\\/\\\/blogdofarnesio.com.br\\\/\"},{\"@type\":\"ListItem\",\"position\":2,\"name\":\"Festejos do S\u00e3o Jo\u00e3o em Juremal foi de muita anima\u00e7\u00e3o mantendo a tradi\u00e7\u00e3o\"}]},{\"@type\":\"WebSite\",\"@id\":\"https:\\\/\\\/blogdofarnesio.com.br\\\/#website\",\"url\":\"https:\\\/\\\/blogdofarnesio.com.br\\\/\",\"name\":\"Blog do Farn\u00e9sio\",\"description\":\"Quer Saber Pol\u00edtica?\",\"publisher\":{\"@id\":\"https:\\\/\\\/blogdofarnesio.com.br\\\/#organization\"},\"potentialAction\":[{\"@type\":\"SearchAction\",\"target\":{\"@type\":\"EntryPoint\",\"urlTemplate\":\"https:\\\/\\\/blogdofarnesio.com.br\\\/?s={search_term_string}\"},\"query-input\":{\"@type\":\"PropertyValueSpecification\",\"valueRequired\":true,\"valueName\":\"search_term_string\"}}],\"inLanguage\":\"pt-BR\"},{\"@type\":\"Organization\",\"@id\":\"https:\\\/\\\/blogdofarnesio.com.br\\\/#organization\",\"name\":\"Blog do Farn\u00e9sio\",\"url\":\"https:\\\/\\\/blogdofarnesio.com.br\\\/\",\"logo\":{\"@type\":\"ImageObject\",\"inLanguage\":\"pt-BR\",\"@id\":\"https:\\\/\\\/blogdofarnesio.com.br\\\/#\\\/schema\\\/logo\\\/image\\\/\",\"url\":\"https:\\\/\\\/blogdofarnesio.com.br\\\/wp-content\\\/uploads\\\/2026\\\/03\\\/cropped-logo_new-1.png\",\"contentUrl\":\"https:\\\/\\\/blogdofarnesio.com.br\\\/wp-content\\\/uploads\\\/2026\\\/03\\\/cropped-logo_new-1.png\",\"width\":881,\"height\":685,\"caption\":\"Blog do Farn\u00e9sio\"},\"image\":{\"@id\":\"https:\\\/\\\/blogdofarnesio.com.br\\\/#\\\/schema\\\/logo\\\/image\\\/\"},\"sameAs\":[\"https:\\\/\\\/www.facebook.com\\\/BlogQuerSaberPolitica\\\/\"]},{\"@type\":\"Person\",\"@id\":\"https:\\\/\\\/blogdofarnesio.com.br\\\/#\\\/schema\\\/person\\\/bb9b23ae3ad0609ce8df7b6c9e76824d\",\"name\":\"Farn\u00e9sio\",\"image\":{\"@type\":\"ImageObject\",\"inLanguage\":\"pt-BR\",\"@id\":\"https:\\\/\\\/secure.gravatar.com\\\/avatar\\\/986aa4c61ccdb66f8555bf88fc2a65609d00bcabd4d2d94377a727547345cbca?s=96&d=mm&r=g\",\"url\":\"https:\\\/\\\/secure.gravatar.com\\\/avatar\\\/986aa4c61ccdb66f8555bf88fc2a65609d00bcabd4d2d94377a727547345cbca?s=96&d=mm&r=g\",\"contentUrl\":\"https:\\\/\\\/secure.gravatar.com\\\/avatar\\\/986aa4c61ccdb66f8555bf88fc2a65609d00bcabd4d2d94377a727547345cbca?s=96&d=mm&r=g\",\"caption\":\"Farn\u00e9sio\"},\"description\":\"Radialista blogueiro, chegou a Petrolina\\\/Juazeiro em setembro de 1980, Farn\u00e9sio Silva \u00e9 de Arapiraca-Alagoas.\",\"sameAs\":[\"http:\\\/\\\/blogdofarnesio.com.br\",\"https:\\\/\\\/www.facebook.com\\\/?ref=tn_tnmn\",\"https:\\\/\\\/www.instagram.com\\\/?utm_source=pwa_homescreen\",\"https:\\\/\\\/youtube.com.br\\\/\"],\"url\":\"https:\\\/\\\/blogdofarnesio.com.br\\\/author\\\/farnesio-2\\\/\"}]}<\/script>\n<!-- \/ Yoast SEO plugin. -->","yoast_head_json":{"title":"Festejos do S\u00e3o Jo\u00e3o em Juremal foi de muita anima\u00e7\u00e3o mantendo a tradi\u00e7\u00e3o - Blog do Farn\u00e9sio","robots":{"index":"index","follow":"follow","max-snippet":"max-snippet:-1","max-image-preview":"max-image-preview:large","max-video-preview":"max-video-preview:-1"},"canonical":"https:\/\/blogdofarnesio.com.br\/2023\/06\/festejos-do-sao-joao-em-juremal-foi-de-muita-animacao-mantendo-a-tradicao\/","og_locale":"pt_BR","og_type":"article","og_title":"Festejos do S\u00e3o Jo\u00e3o em Juremal foi de muita anima\u00e7\u00e3o mantendo a tradi\u00e7\u00e3o - Blog do Farn\u00e9sio","og_description":"O Festival Cultural S\u00e3o Jo\u00e3o de Juremal encerrou os festejos ao padroeiro do distrito domingo (25), com muita anima\u00e7\u00e3o e forr\u00f3 no p\u00e9. A festa, promovida pela Prefeitura de Juazeiro, atrav\u00e9s da Secretaria de Cultura, Turismo e Esportes (Seculte), em parceria com o governo do estado, manteve a tradi\u00e7\u00e3o de d\u00e9cadas no distrito. Foram dois finais de semana de festa que agitou o distrito. Durante o Festival Cultural S\u00e3o Jo\u00e3o de Juremal a comunidade local e toda vizinhan\u00e7a p\u00f4de aproveitar atra\u00e7\u00f5es como: Mega Top, Frank e Alex, Carlinhos Cai\u00e7ara, Suzana Coelho, J\u00falio do Acordeon, banda Stylo.com, Dudu Almeida, Tom Bahia e Rafinha. \u201cEu, como filha de Juremal, me sinto orgulhosa em manter viva a tradi\u00e7\u00e3o cultural na localidade em que&hellip;","og_url":"https:\/\/blogdofarnesio.com.br\/2023\/06\/festejos-do-sao-joao-em-juremal-foi-de-muita-animacao-mantendo-a-tradicao\/","og_site_name":"Blog do Farn\u00e9sio","article_publisher":"https:\/\/www.facebook.com\/BlogQuerSaberPolitica\/","article_author":"https:\/\/www.facebook.com\/?ref=tn_tnmn","article_published_time":"2023-06-27T12:22:00+00:00","og_image":[{"width":699,"height":466,"url":"https:\/\/blogdofarnesio.com.br\/wp-content\/uploads\/2023\/06\/blogqspjua-juremal-quadrilha-2-e1687788028114.jpg","type":"image\/jpeg"}],"author":"Farn\u00e9sio","twitter_card":"summary_large_image","twitter_misc":{"Escrito por":"Farn\u00e9sio","Est. tempo de leitura":"3 minutos"},"schema":{"@context":"https:\/\/schema.org","@graph":[{"@type":"Article","@id":"https:\/\/blogdofarnesio.com.br\/2023\/06\/festejos-do-sao-joao-em-juremal-foi-de-muita-animacao-mantendo-a-tradicao\/#article","isPartOf":{"@id":"https:\/\/blogdofarnesio.com.br\/2023\/06\/festejos-do-sao-joao-em-juremal-foi-de-muita-animacao-mantendo-a-tradicao\/"},"author":{"name":"Farn\u00e9sio","@id":"https:\/\/blogdofarnesio.com.br\/#\/schema\/person\/bb9b23ae3ad0609ce8df7b6c9e76824d"},"headline":"Festejos do S\u00e3o Jo\u00e3o em Juremal foi de muita anima\u00e7\u00e3o mantendo a tradi\u00e7\u00e3o","datePublished":"2023-06-27T12:22:00+00:00","mainEntityOfPage":{"@id":"https:\/\/blogdofarnesio.com.br\/2023\/06\/festejos-do-sao-joao-em-juremal-foi-de-muita-animacao-mantendo-a-tradicao\/"},"wordCount":385,"commentCount":0,"publisher":{"@id":"https:\/\/blogdofarnesio.com.br\/#organization"},"image":{"@id":"https:\/\/blogdofarnesio.com.br\/2023\/06\/festejos-do-sao-joao-em-juremal-foi-de-muita-animacao-mantendo-a-tradicao\/#primaryimage"},"thumbnailUrl":"https:\/\/blogdofarnesio.com.br\/wp-content\/uploads\/2023\/06\/blogqspjua-juremal-quadrilha-2-e1687788028114.jpg","articleSection":["Cultura"],"inLanguage":"pt-BR","potentialAction":[{"@type":"CommentAction","name":"Comment","target":["https:\/\/blogdofarnesio.com.br\/2023\/06\/festejos-do-sao-joao-em-juremal-foi-de-muita-animacao-mantendo-a-tradicao\/#respond"]}]},{"@type":"WebPage","@id":"https:\/\/blogdofarnesio.com.br\/2023\/06\/festejos-do-sao-joao-em-juremal-foi-de-muita-animacao-mantendo-a-tradicao\/","url":"https:\/\/blogdofarnesio.com.br\/2023\/06\/festejos-do-sao-joao-em-juremal-foi-de-muita-animacao-mantendo-a-tradicao\/","name":"Festejos do S\u00e3o Jo\u00e3o em Juremal foi de muita anima\u00e7\u00e3o mantendo a tradi\u00e7\u00e3o - Blog do Farn\u00e9sio","isPartOf":{"@id":"https:\/\/blogdofarnesio.com.br\/#website"},"primaryImageOfPage":{"@id":"https:\/\/blogdofarnesio.com.br\/2023\/06\/festejos-do-sao-joao-em-juremal-foi-de-muita-animacao-mantendo-a-tradicao\/#primaryimage"},"image":{"@id":"https:\/\/blogdofarnesio.com.br\/2023\/06\/festejos-do-sao-joao-em-juremal-foi-de-muita-animacao-mantendo-a-tradicao\/#primaryimage"},"thumbnailUrl":"https:\/\/blogdofarnesio.com.br\/wp-content\/uploads\/2023\/06\/blogqspjua-juremal-quadrilha-2-e1687788028114.jpg","datePublished":"2023-06-27T12:22:00+00:00","breadcrumb":{"@id":"https:\/\/blogdofarnesio.com.br\/2023\/06\/festejos-do-sao-joao-em-juremal-foi-de-muita-animacao-mantendo-a-tradicao\/#breadcrumb"},"inLanguage":"pt-BR","potentialAction":[{"@type":"ReadAction","target":["https:\/\/blogdofarnesio.com.br\/2023\/06\/festejos-do-sao-joao-em-juremal-foi-de-muita-animacao-mantendo-a-tradicao\/"]}]},{"@type":"ImageObject","inLanguage":"pt-BR","@id":"https:\/\/blogdofarnesio.com.br\/2023\/06\/festejos-do-sao-joao-em-juremal-foi-de-muita-animacao-mantendo-a-tradicao\/#primaryimage","url":"https:\/\/blogdofarnesio.com.br\/wp-content\/uploads\/2023\/06\/blogqspjua-juremal-quadrilha-2-e1687788028114.jpg","contentUrl":"https:\/\/blogdofarnesio.com.br\/wp-content\/uploads\/2023\/06\/blogqspjua-juremal-quadrilha-2-e1687788028114.jpg","width":699,"height":466},{"@type":"BreadcrumbList","@id":"https:\/\/blogdofarnesio.com.br\/2023\/06\/festejos-do-sao-joao-em-juremal-foi-de-muita-animacao-mantendo-a-tradicao\/#breadcrumb","itemListElement":[{"@type":"ListItem","position":1,"name":"In\u00edcio","item":"https:\/\/blogdofarnesio.com.br\/"},{"@type":"ListItem","position":2,"name":"Festejos do S\u00e3o Jo\u00e3o em Juremal foi de muita anima\u00e7\u00e3o mantendo a tradi\u00e7\u00e3o"}]},{"@type":"WebSite","@id":"https:\/\/blogdofarnesio.com.br\/#website","url":"https:\/\/blogdofarnesio.com.br\/","name":"Blog do Farn\u00e9sio","description":"Quer Saber Pol\u00edtica?","publisher":{"@id":"https:\/\/blogdofarnesio.com.br\/#organization"},"potentialAction":[{"@type":"SearchAction","target":{"@type":"EntryPoint","urlTemplate":"https:\/\/blogdofarnesio.com.br\/?s={search_term_string}"},"query-input":{"@type":"PropertyValueSpecification","valueRequired":true,"valueName":"search_term_string"}}],"inLanguage":"pt-BR"},{"@type":"Organization","@id":"https:\/\/blogdofarnesio.com.br\/#organization","name":"Blog do Farn\u00e9sio","url":"https:\/\/blogdofarnesio.com.br\/","logo":{"@type":"ImageObject","inLanguage":"pt-BR","@id":"https:\/\/blogdofarnesio.com.br\/#\/schema\/logo\/image\/","url":"https:\/\/blogdofarnesio.com.br\/wp-content\/uploads\/2026\/03\/cropped-logo_new-1.png","contentUrl":"https:\/\/blogdofarnesio.com.br\/wp-content\/uploads\/2026\/03\/cropped-logo_new-1.png","width":881,"height":685,"caption":"Blog do Farn\u00e9sio"},"image":{"@id":"https:\/\/blogdofarnesio.com.br\/#\/schema\/logo\/image\/"},"sameAs":["https:\/\/www.facebook.com\/BlogQuerSaberPolitica\/"]},{"@type":"Person","@id":"https:\/\/blogdofarnesio.com.br\/#\/schema\/person\/bb9b23ae3ad0609ce8df7b6c9e76824d","name":"Farn\u00e9sio","image":{"@type":"ImageObject","inLanguage":"pt-BR","@id":"https:\/\/secure.gravatar.com\/avatar\/986aa4c61ccdb66f8555bf88fc2a65609d00bcabd4d2d94377a727547345cbca?s=96&d=mm&r=g","url":"https:\/\/secure.gravatar.com\/avatar\/986aa4c61ccdb66f8555bf88fc2a65609d00bcabd4d2d94377a727547345cbca?s=96&d=mm&r=g","contentUrl":"https:\/\/secure.gravatar.com\/avatar\/986aa4c61ccdb66f8555bf88fc2a65609d00bcabd4d2d94377a727547345cbca?s=96&d=mm&r=g","caption":"Farn\u00e9sio"},"description":"Radialista blogueiro, chegou a Petrolina\/Juazeiro em setembro de 1980, Farn\u00e9sio Silva \u00e9 de Arapiraca-Alagoas.","sameAs":["http:\/\/blogdofarnesio.com.br","https:\/\/www.facebook.com\/?ref=tn_tnmn","https:\/\/www.instagram.com\/?utm_source=pwa_homescreen","https:\/\/youtube.com.br\/"],"url":"https:\/\/blogdofarnesio.com.br\/author\/farnesio-2\/"}]}},"_links":{"self":[{"href":"https:\/\/blogdofarnesio.com.br\/wp-json\/wp\/v2\/posts\/343955","targetHints":{"allow":["GET"]}}],"collection":[{"href":"https:\/\/blogdofarnesio.com.br\/wp-json\/wp\/v2\/posts"}],"about":[{"href":"https:\/\/blogdofarnesio.com.br\/wp-json\/wp\/v2\/types\/post"}],"author":[{"embeddable":true,"href":"https:\/\/blogdofarnesio.com.br\/wp-json\/wp\/v2\/users\/2"}],"replies":[{"embeddable":true,"href":"https:\/\/blogdofarnesio.com.br\/wp-json\/wp\/v2\/comments?post=343955"}],"version-history":[{"count":0,"href":"https:\/\/blogdofarnesio.com.br\/wp-json\/wp\/v2\/posts\/343955\/revisions"}],"wp:featuredmedia":[{"embeddable":true,"href":"https:\/\/blogdofarnesio.com.br\/wp-json\/wp\/v2\/media\/343956"}],"wp:attachment":[{"href":"https:\/\/blogdofarnesio.com.br\/wp-json\/wp\/v2\/media?parent=343955"}],"wp:term":[{"taxonomy":"category","embeddable":true,"href":"https:\/\/blogdofarnesio.com.br\/wp-json\/wp\/v2\/categories?post=343955"},{"taxonomy":"post_tag","embeddable":true,"href":"https:\/\/blogdofarnesio.com.br\/wp-json\/wp\/v2\/tags?post=343955"}],"curies":[{"name":"wp","href":"https:\/\/api.w.org\/{rel}","templated":true}]}}