{"id":343482,"date":"2023-06-20T13:00:52","date_gmt":"2023-06-20T16:00:52","guid":{"rendered":"https:\/\/blogdofarnesio.com.br\/?p=343482"},"modified":"2023-06-20T11:00:32","modified_gmt":"2023-06-20T14:00:32","slug":"ameaca-inquietante-o-uso-malicioso-da-ia","status":"publish","type":"post","link":"https:\/\/blogdofarnesio.com.br\/?p=343482","title":{"rendered":"Amea\u00e7a Inquietante: O Uso Malicioso da IA."},"content":{"rendered":"<div>\n<div>\n<table role=\"presentation\" border=\"0\" cellspacing=\"0\" cellpadding=\"0\" align=\"center\">\n<tbody>\n<tr>\n<td>\n<div class=\"m_144562034284274774mj-column-per-100\">\n<table role=\"presentation\" border=\"0\" width=\"100%\" cellspacing=\"0\" cellpadding=\"0\">\n<tbody>\n<tr>\n<td>\n<table role=\"presentation\" border=\"0\" width=\"100%\" cellspacing=\"0\" cellpadding=\"0\">\n<tbody>\n<tr>\n<td align=\"left\"><\/td>\n<\/tr>\n<tr>\n<td align=\"left\"><em>Por Marcelo Senise<\/em><\/p>\n<p><em>Como o Uso Malicioso da Intelig\u00eancia Artificial nas Elei\u00e7\u00f5es Brasileiras Pode Desestabilizar a Democracia e a Necessidade Urgente de A\u00e7\u00f5es Regulat\u00f3rias<\/em><\/p>\n<p>Em meu \u00faltimo artigo, falei de um tema apaixonante para mim que \u00e9 a utiliza\u00e7\u00e3o da Intelig\u00eancia Artificial no marketing pol\u00edtico, e no poder dela em permitir maior assertividade nas implementa\u00e7\u00f5es das estrat\u00e9gias dentro da atua\u00e7\u00e3o do Marketing Pol\u00edtico\/Eleitoral.<\/p>\n<p>Entretanto, na medida em que como marketeiro me aprofundo no estudo da \u00e1rea, tenho me sentido extremamente inquieto com as infind\u00e1veis aplica\u00e7\u00f5es que esta super tecnologia coloca \u00e0 disposi\u00e7\u00e3o de seus usu\u00e1rios.<\/p>\n<p>Acredito que a democracia brasileira est\u00e1 sob uma amea\u00e7a alarmante e insidiosa. A manipula\u00e7\u00e3o implac\u00e1vel atrav\u00e9s da Intelig\u00eancia Artificial (IA) nas pr\u00f3ximas elei\u00e7\u00f5es. A capacidade de influenciar, controlar e distorcer a opini\u00e3o p\u00fablica por meio da IA \u00e9 um perigo real e iminente que pode minar os fundamentos da democracia. Neste contexto, \u00e9 imperativo que o Brasil adote medidas audaciosas e contundentes para estabelecer leis e regulamenta\u00e7\u00f5es que protejam o pleito e preservem os princ\u00edpios democr\u00e1ticos essenciais.<\/p>\n<p>Manipula\u00e7\u00e3o do Eleitorado \u00e9 sempre uma arma destrutiva, e pode ser potencializada exponencialmente com a utiliza\u00e7\u00e3o da IA. O uso malicioso da Intelig\u00eancia Artificial nas elei\u00e7\u00f5es brasileiras tem o potencial de manipular e corroer a vontade dos eleitores de forma assustadora. Algoritmos sofisticados, alimentados por uma mir\u00edade de dados pessoais, podem ser explorados para segmentar o eleitorado e criar narrativas manipulativas direcionadas a cada indiv\u00edduo. Essa personaliza\u00e7\u00e3o sinistra de mensagens tem como objetivo n\u00e3o apenas influenciar, mas sim controlar a mente dos eleitores, anulando seu senso cr\u00edtico e moldando suas decis\u00f5es com base em interesses ocultos. A democracia brasileira, que se baseia na livre escolha dos cidad\u00e3os, corre o risco de ser distorcida e transformada em uma farsa eleitoral controlada pelas maquina\u00e7\u00f5es da IA.<\/p>\n<p>Basta vermos o que ela fez com a Democracia Americana, considerada a maior do planeta, no caso da\u00a0<em>Cambridge Analitics<\/em>\/Facebook. Isto a mais de 05 anos atr\u00e1s. Pensem no quanto esta super e inovadora tecnologia \u00e9 capaz de fazer nos dias atuais.<\/p>\n<p>A propaga\u00e7\u00e3o de desinforma\u00e7\u00e3o e not\u00edcias falsas j\u00e1 \u00e9 um flagelo que assola as elei\u00e7\u00f5es, mas a IA d\u00e1 um salto gigantesco nessa amea\u00e7a. Algoritmos inteligentes podem detectar as fraquezas dos sistemas de detec\u00e7\u00e3o de conte\u00fado falso, permitindo a dissemina\u00e7\u00e3o eficiente e desenfreada de informa\u00e7\u00f5es enganosas. A capacidade da IA de gerar conte\u00fado falso convincente, como v\u00eddeos deepfake e artigos manipulados, \u00e9 um pesadelo para a integridade do processo democr\u00e1tico. Os eleitores, bombardeados por uma enxurrada de desinforma\u00e7\u00e3o, perdem a confian\u00e7a em fontes confi\u00e1veis de informa\u00e7\u00e3o, levando a uma polariza\u00e7\u00e3o ainda maior e \u00e0 eros\u00e3o do tecido democr\u00e1tico.<\/p>\n<p>Para proteger a Democracia diante dessa amea\u00e7a assombrosa, \u00e9 indispens\u00e1vel que o Brasil tome medidas corajosas e imediatas para combater o uso malicioso da IA nas elei\u00e7\u00f5es. \u00c9 essencial criar leis e\u00a0regulamenta\u00e7\u00f5es rigorosas que exijam transpar\u00eancia total nas estrat\u00e9gias de campanha, restringindo o uso abusivo de dados pessoais e punindo severamente a dissemina\u00e7\u00e3o de desinforma\u00e7\u00e3o. As autoridades eleitorais devem colaborar ativamente com especialistas em IA para desenvolver ferramentas de detec\u00e7\u00e3o e combate \u00e0 manipula\u00e7\u00e3o algor\u00edtmica. Al\u00e9m disso, a conscientiza\u00e7\u00e3o e a educa\u00e7\u00e3o dos eleitores sobre os perigos da manipula\u00e7\u00e3o da IA s\u00e3o essenciais para fortalecer a resili\u00eancia democr\u00e1tica. \u00c9 preciso investir em programas de alfabetiza\u00e7\u00e3o digital que capacitem os cidad\u00e3os a discernir informa\u00e7\u00f5es confi\u00e1veis \u200b\u200be identificar tentativas de manipula\u00e7\u00e3o. Paralelamente, \u00e9 necess\u00e1rio fomentar a pesquisa e o desenvolvimento de sistemas de IA \u00e9ticos e respons\u00e1veis, que sejam transparentes em sua aplica\u00e7\u00e3o e garantam a prote\u00e7\u00e3o dos direitos dos indiv\u00edduos.<\/p>\n<p>A omiss\u00e3o diante dessa crise iminente seria catastr\u00f3fica. A democracia brasileira, conquistada com tanto esfor\u00e7o, est\u00e1 em jogo. Se n\u00e3o agirmos com urg\u00eancia, corremos o risco de cair nas garras de um cen\u00e1rio dist\u00f3pico, onde as elei\u00e7\u00f5es se transformam em meros espet\u00e1culos manipulados por entidades n\u00e3o-humanas. A cria\u00e7\u00e3o de leis e regulamenta\u00e7\u00f5es fortes e a implementa\u00e7\u00e3o de salvaguardas efetivas s\u00e3o as \u00fanicas armas que temos para proteger a soberania do voto e garantir a representa\u00e7\u00e3o genu\u00edna da vontade popular.<\/p>\n<p>Portanto, conclamamos as autoridades, a comunidade cient\u00edfica, os legisladores e a sociedade civil a unir for\u00e7as nessa batalha pela prote\u00e7\u00e3o da democracia. Devemos enfrentar corajosamente os desafios impostos pela IA maliciosa e estabelecer um novo paradigma de governan\u00e7a tecnol\u00f3gica. Somente assim poderemos assegurar um futuro onde a liberdade, a transpar\u00eancia e a justi\u00e7a prevale\u00e7am nas elei\u00e7\u00f5es, e onde a voz do povo seja respeitada e protegida dos perigos ocultos da IA. A hora de agir \u00e9 agora, antes que seja tarde demais.<\/p>\n<p><strong><em>Marcelo Senise<\/em><\/strong><em>\u00a0\u2013 Socio Fundador da Comunica 360, Soci\u00f3logo e Marketeiro, especialista em comportamento humano e em sistemas emergentes, Big Data e Intelig\u00eancia Artificial<\/em><\/td>\n<\/tr>\n<tr>\n<td align=\"center\">&nbsp;<\/td>\n<\/tr>\n<\/tbody>\n<\/table>\n<\/td>\n<\/tr>\n<\/tbody>\n<\/table>\n<\/div>\n<\/td>\n<\/tr>\n<\/tbody>\n<\/table>\n<\/div>\n<div>\n<div>\n<table role=\"presentation\" border=\"0\" cellspacing=\"0\" cellpadding=\"0\" align=\"center\">\n<tbody>\n<tr>\n<td>\n<div class=\"m_144562034284274774mj-column-per-100\">\n<table role=\"presentation\" border=\"0\" width=\"100%\" cellspacing=\"0\" cellpadding=\"0\">\n<tbody>\n<tr>\n<td>\n<table role=\"presentation\" border=\"0\" width=\"100%\" cellspacing=\"0\" cellpadding=\"0\">\n<tbody>\n<tr>\n<td align=\"center\">&nbsp;<\/td>\n<\/tr>\n<tr>\n<td align=\"center\">\n<table role=\"presentation\" border=\"0\" cellspacing=\"0\" cellpadding=\"0\">\n<tbody>\n<tr>\n<td><img decoding=\"async\" class=\"CToWUd a6T\" tabindex=\"0\" title=\"\" src=\"https:\/\/ci5.googleusercontent.com\/proxy\/WgpQhipENfrxl2Z9GNsebM_E7iOaFgDkzMwPcnYWFphXZKHayRWqcES0LirjHfoo7OBp93KHFT0A95ZoP8MuN-UJnoq-3E6TU8zoAtFtvgMOQSljP_85wyjeTOEcZFhstcv08QvQswGqplsBYCyYxHt2OrW6Bw5LEcehx3p2V5KRPuu7Qm_0yNJd3dQpvBu-MmBahyf9=s0-d-e1-ft#https:\/\/cseprs3.s3.amazonaws.com\/email-editor-files\/f99f198e-0d16-4a5e-8c7a-08db518ecdef\/82302e9d-f5ae-44c5-a449-00cd0208bb37.jpeg\" alt=\"\" width=\"584\" height=\"auto\" data-bit=\"iit\" \/><\/td>\n<\/tr>\n<\/tbody>\n<\/table>\n<\/td>\n<\/tr>\n<tr>\n<td align=\"center\">&nbsp;<\/td>\n<\/tr>\n<tr>\n<td align=\"center\">\n<table role=\"presentation\" border=\"0\" cellspacing=\"0\" cellpadding=\"0\">\n<tbody>\n<tr>\n<td><img decoding=\"async\" class=\"CToWUd a6T\" tabindex=\"0\" title=\"\" src=\"https:\/\/ci6.googleusercontent.com\/proxy\/aIYfR8RQvUQX-l31MONEP02PVPjOzJBEt6bAyQ49w_4KVYoFkWVoMVzkrYS7wCUugr7xzPt8wksRV5coT1W3oHikd4-puxxq18_NOoNRWc980kAVciVJG0F3J3-CcftUuf5qpJWfhOixPpEfO7h-Cm7mGUGLbc_dEkJGCK5LQCOqfygXfuEpBkekowiVfWOCQvnDo-0=s0-d-e1-ft#https:\/\/cseprs3.s3.amazonaws.com\/email-editor-files\/f99f198e-0d16-4a5e-8c7a-08db518ecdef\/27203ebe-5275-42cd-ad58-6c7f860a0e57.jpg\" alt=\"\" width=\"584\" height=\"auto\" data-bit=\"iit\" \/><\/td>\n<\/tr>\n<\/tbody>\n<\/table>\n<\/td>\n<\/tr>\n<tr>\n<td align=\"center\">&nbsp;<\/td>\n<\/tr>\n<tr>\n<td align=\"center\">\n<table role=\"presentation\" border=\"0\" cellspacing=\"0\" cellpadding=\"0\">\n<tbody>\n<tr>\n<td><img decoding=\"async\" class=\"CToWUd a6T\" tabindex=\"0\" title=\"\" src=\"https:\/\/ci3.googleusercontent.com\/proxy\/J-v7kty7aaiKJr2kDoRJcvAgb09k1pCXCFDE7_HV-MowVXBZUaCjZo9HAG0WUKxvMDJvy7QmM0RBVDY7g6ppvyz8svjRTDTh6gI-SBDlvgMOm_IphxFPnoORmVjRVCFMCIJJragyAhaFa3rOQN7dwyraumUN7K9rA4ttgc3Y8uJTrB7lSWkOjZRLPKlN7fmNaVut7iCl=s0-d-e1-ft#https:\/\/cseprs3.s3.amazonaws.com\/email-editor-files\/f99f198e-0d16-4a5e-8c7a-08db518ecdef\/bfc2428d-79d9-4fb3-b363-93aad74b86bd.jpeg\" alt=\"\" width=\"584\" height=\"auto\" data-bit=\"iit\" \/><\/td>\n<\/tr>\n<\/tbody>\n<\/table>\n<\/td>\n<\/tr>\n<tr>\n<td align=\"center\">&nbsp;<\/td>\n<\/tr>\n<tr>\n<td align=\"center\">\n<table role=\"presentation\" border=\"0\" cellspacing=\"0\" cellpadding=\"0\">\n<tbody>\n<tr>\n<td><img decoding=\"async\" class=\"CToWUd a6T\" tabindex=\"0\" title=\"\" src=\"https:\/\/ci3.googleusercontent.com\/proxy\/0BliyumFKpOF7VmQwXKIFU6iqvwqIJXHwNuLfiH3NmRhOHUQ_pBzk3LQWbmgOR80G_nRJQ0BXjGI1m-RHqCHsDvq5CbzxyKI2l1ZHWCY7z8Rlvo6rcDJ9AbqxVfRlzklE8_Q7lb41o6Yb59mVcUqtdxeo3Qtwj2rqsdZHiuQO0upMu981NRzuScIgo9f4hvesrrrI6Q=s0-d-e1-ft#https:\/\/cseprs3.s3.amazonaws.com\/email-editor-files\/f99f198e-0d16-4a5e-8c7a-08db518ecdef\/a375eac2-a367-4590-b81d-48f7485431b5.jpg\" alt=\"\" width=\"584\" height=\"auto\" data-bit=\"iit\" \/><\/td>\n<\/tr>\n<\/tbody>\n<\/table>\n<\/td>\n<\/tr>\n<tr>\n<td align=\"center\">&nbsp;<\/td>\n<\/tr>\n<\/tbody>\n<\/table>\n<\/td>\n<\/tr>\n<\/tbody>\n<\/table>\n<\/div>\n<\/td>\n<\/tr>\n<\/tbody>\n<\/table>\n<\/div>\n<\/div>\n<\/div>\n","protected":false},"excerpt":{"rendered":"<p>Por Marcelo Senise Como o Uso Malicioso da Intelig\u00eancia Artificial nas Elei\u00e7\u00f5es Brasileiras Pode Desestabilizar a Democracia e a Necessidade Urgente de A\u00e7\u00f5es Regulat\u00f3rias Em meu \u00faltimo artigo, falei de um tema apaixonante para mim que \u00e9 a utiliza\u00e7\u00e3o da Intelig\u00eancia Artificial no marketing pol\u00edtico, e no poder dela em permitir maior assertividade nas implementa\u00e7\u00f5es das estrat\u00e9gias dentro da atua\u00e7\u00e3o do Marketing Pol\u00edtico\/Eleitoral. Entretanto, na medida em que como marketeiro me aprofundo no estudo da \u00e1rea, tenho me sentido extremamente inquieto com as infind\u00e1veis aplica\u00e7\u00f5es que esta super tecnologia coloca \u00e0 disposi\u00e7\u00e3o de seus usu\u00e1rios. Acredito que a democracia brasileira est\u00e1 sob uma amea\u00e7a alarmante e insidiosa. A manipula\u00e7\u00e3o implac\u00e1vel atrav\u00e9s da Intelig\u00eancia Artificial (IA) nas pr\u00f3ximas elei\u00e7\u00f5es. A capacidade&hellip; <\/p>\n","protected":false},"author":2,"featured_media":343483,"comment_status":"open","ping_status":"open","sticky":false,"template":"","format":"standard","meta":{"_acf_changed":false,"footnotes":""},"categories":[35],"tags":[],"class_list":["post-343482","post","type-post","status-publish","format-standard","has-post-thumbnail","hentry","category-ti-internet"],"acf":[],"yoast_head":"<!-- This site is optimized with the Yoast SEO plugin v27.4 - https:\/\/yoast.com\/product\/yoast-seo-wordpress\/ -->\n<title>Amea\u00e7a Inquietante: O Uso Malicioso da IA. - Blog do Farn\u00e9sio<\/title>\n<meta name=\"robots\" content=\"index, follow, max-snippet:-1, max-image-preview:large, max-video-preview:-1\" \/>\n<link rel=\"canonical\" href=\"https:\/\/blogdofarnesio.com.br\/?p=343482\" \/>\n<meta property=\"og:locale\" content=\"pt_BR\" \/>\n<meta property=\"og:type\" content=\"article\" \/>\n<meta property=\"og:title\" content=\"Amea\u00e7a Inquietante: O Uso Malicioso da IA. - Blog do Farn\u00e9sio\" \/>\n<meta property=\"og:description\" content=\"Por Marcelo Senise Como o Uso Malicioso da Intelig\u00eancia Artificial nas Elei\u00e7\u00f5es Brasileiras Pode Desestabilizar a Democracia e a Necessidade Urgente de A\u00e7\u00f5es Regulat\u00f3rias Em meu \u00faltimo artigo, falei de um tema apaixonante para mim que \u00e9 a utiliza\u00e7\u00e3o da Intelig\u00eancia Artificial no marketing pol\u00edtico, e no poder dela em permitir maior assertividade nas implementa\u00e7\u00f5es das estrat\u00e9gias dentro da atua\u00e7\u00e3o do Marketing Pol\u00edtico\/Eleitoral. Entretanto, na medida em que como marketeiro me aprofundo no estudo da \u00e1rea, tenho me sentido extremamente inquieto com as infind\u00e1veis aplica\u00e7\u00f5es que esta super tecnologia coloca \u00e0 disposi\u00e7\u00e3o de seus usu\u00e1rios. Acredito que a democracia brasileira est\u00e1 sob uma amea\u00e7a alarmante e insidiosa. A manipula\u00e7\u00e3o implac\u00e1vel atrav\u00e9s da Intelig\u00eancia Artificial (IA) nas pr\u00f3ximas elei\u00e7\u00f5es. A capacidade&hellip;\" \/>\n<meta property=\"og:url\" content=\"https:\/\/blogdofarnesio.com.br\/?p=343482\" \/>\n<meta property=\"og:site_name\" content=\"Blog do Farn\u00e9sio\" \/>\n<meta property=\"article:publisher\" content=\"https:\/\/www.facebook.com\/BlogQuerSaberPolitica\/\" \/>\n<meta property=\"article:author\" content=\"https:\/\/www.facebook.com\/?ref=tn_tnmn\" \/>\n<meta property=\"article:published_time\" content=\"2023-06-20T16:00:52+00:00\" \/>\n<meta property=\"og:image\" content=\"https:\/\/blogdofarnesio.com.br\/wp-content\/uploads\/2023\/06\/blogqspinternet-ia-e1687269581229.jpg\" \/>\n\t<meta property=\"og:image:width\" content=\"680\" \/>\n\t<meta property=\"og:image:height\" content=\"481\" \/>\n\t<meta property=\"og:image:type\" content=\"image\/jpeg\" \/>\n<meta name=\"author\" content=\"Farn\u00e9sio\" \/>\n<meta name=\"twitter:card\" content=\"summary_large_image\" \/>\n<meta name=\"twitter:label1\" content=\"Escrito por\" \/>\n\t<meta name=\"twitter:data1\" content=\"Farn\u00e9sio\" \/>\n\t<meta name=\"twitter:label2\" content=\"Est. tempo de leitura\" \/>\n\t<meta name=\"twitter:data2\" content=\"6 minutos\" \/>\n<script type=\"application\/ld+json\" class=\"yoast-schema-graph\">{\"@context\":\"https:\\\/\\\/schema.org\",\"@graph\":[{\"@type\":\"Article\",\"@id\":\"https:\\\/\\\/blogdofarnesio.com.br\\\/?p=343482#article\",\"isPartOf\":{\"@id\":\"https:\\\/\\\/blogdofarnesio.com.br\\\/?p=343482\"},\"author\":{\"name\":\"Farn\u00e9sio\",\"@id\":\"https:\\\/\\\/blogdofarnesio.com.br\\\/#\\\/schema\\\/person\\\/bb9b23ae3ad0609ce8df7b6c9e76824d\"},\"headline\":\"Amea\u00e7a Inquietante: O Uso Malicioso da IA.\",\"datePublished\":\"2023-06-20T16:00:52+00:00\",\"mainEntityOfPage\":{\"@id\":\"https:\\\/\\\/blogdofarnesio.com.br\\\/?p=343482\"},\"wordCount\":883,\"commentCount\":0,\"publisher\":{\"@id\":\"https:\\\/\\\/blogdofarnesio.com.br\\\/#organization\"},\"image\":{\"@id\":\"https:\\\/\\\/blogdofarnesio.com.br\\\/?p=343482#primaryimage\"},\"thumbnailUrl\":\"https:\\\/\\\/blogdofarnesio.com.br\\\/wp-content\\\/uploads\\\/2023\\\/06\\\/blogqspinternet-ia-e1687269581229.jpg\",\"articleSection\":[\"T.I. (INTERNET)\"],\"inLanguage\":\"pt-BR\",\"potentialAction\":[{\"@type\":\"CommentAction\",\"name\":\"Comment\",\"target\":[\"https:\\\/\\\/blogdofarnesio.com.br\\\/?p=343482#respond\"]}]},{\"@type\":\"WebPage\",\"@id\":\"https:\\\/\\\/blogdofarnesio.com.br\\\/?p=343482\",\"url\":\"https:\\\/\\\/blogdofarnesio.com.br\\\/?p=343482\",\"name\":\"Amea\u00e7a Inquietante: O Uso Malicioso da IA. - Blog do Farn\u00e9sio\",\"isPartOf\":{\"@id\":\"https:\\\/\\\/blogdofarnesio.com.br\\\/#website\"},\"primaryImageOfPage\":{\"@id\":\"https:\\\/\\\/blogdofarnesio.com.br\\\/?p=343482#primaryimage\"},\"image\":{\"@id\":\"https:\\\/\\\/blogdofarnesio.com.br\\\/?p=343482#primaryimage\"},\"thumbnailUrl\":\"https:\\\/\\\/blogdofarnesio.com.br\\\/wp-content\\\/uploads\\\/2023\\\/06\\\/blogqspinternet-ia-e1687269581229.jpg\",\"datePublished\":\"2023-06-20T16:00:52+00:00\",\"breadcrumb\":{\"@id\":\"https:\\\/\\\/blogdofarnesio.com.br\\\/?p=343482#breadcrumb\"},\"inLanguage\":\"pt-BR\",\"potentialAction\":[{\"@type\":\"ReadAction\",\"target\":[\"https:\\\/\\\/blogdofarnesio.com.br\\\/?p=343482\"]}]},{\"@type\":\"ImageObject\",\"inLanguage\":\"pt-BR\",\"@id\":\"https:\\\/\\\/blogdofarnesio.com.br\\\/?p=343482#primaryimage\",\"url\":\"https:\\\/\\\/blogdofarnesio.com.br\\\/wp-content\\\/uploads\\\/2023\\\/06\\\/blogqspinternet-ia-e1687269581229.jpg\",\"contentUrl\":\"https:\\\/\\\/blogdofarnesio.com.br\\\/wp-content\\\/uploads\\\/2023\\\/06\\\/blogqspinternet-ia-e1687269581229.jpg\",\"width\":680,\"height\":481},{\"@type\":\"BreadcrumbList\",\"@id\":\"https:\\\/\\\/blogdofarnesio.com.br\\\/?p=343482#breadcrumb\",\"itemListElement\":[{\"@type\":\"ListItem\",\"position\":1,\"name\":\"In\u00edcio\",\"item\":\"https:\\\/\\\/blogdofarnesio.com.br\\\/\"},{\"@type\":\"ListItem\",\"position\":2,\"name\":\"Amea\u00e7a Inquietante: O Uso Malicioso da IA.\"}]},{\"@type\":\"WebSite\",\"@id\":\"https:\\\/\\\/blogdofarnesio.com.br\\\/#website\",\"url\":\"https:\\\/\\\/blogdofarnesio.com.br\\\/\",\"name\":\"Blog do Farn\u00e9sio\",\"description\":\"Quer Saber Pol\u00edtica?\",\"publisher\":{\"@id\":\"https:\\\/\\\/blogdofarnesio.com.br\\\/#organization\"},\"potentialAction\":[{\"@type\":\"SearchAction\",\"target\":{\"@type\":\"EntryPoint\",\"urlTemplate\":\"https:\\\/\\\/blogdofarnesio.com.br\\\/?s={search_term_string}\"},\"query-input\":{\"@type\":\"PropertyValueSpecification\",\"valueRequired\":true,\"valueName\":\"search_term_string\"}}],\"inLanguage\":\"pt-BR\"},{\"@type\":\"Organization\",\"@id\":\"https:\\\/\\\/blogdofarnesio.com.br\\\/#organization\",\"name\":\"Blog do Farn\u00e9sio\",\"url\":\"https:\\\/\\\/blogdofarnesio.com.br\\\/\",\"logo\":{\"@type\":\"ImageObject\",\"inLanguage\":\"pt-BR\",\"@id\":\"https:\\\/\\\/blogdofarnesio.com.br\\\/#\\\/schema\\\/logo\\\/image\\\/\",\"url\":\"https:\\\/\\\/blogdofarnesio.com.br\\\/wp-content\\\/uploads\\\/2026\\\/03\\\/cropped-logo_new-1.png\",\"contentUrl\":\"https:\\\/\\\/blogdofarnesio.com.br\\\/wp-content\\\/uploads\\\/2026\\\/03\\\/cropped-logo_new-1.png\",\"width\":881,\"height\":685,\"caption\":\"Blog do Farn\u00e9sio\"},\"image\":{\"@id\":\"https:\\\/\\\/blogdofarnesio.com.br\\\/#\\\/schema\\\/logo\\\/image\\\/\"},\"sameAs\":[\"https:\\\/\\\/www.facebook.com\\\/BlogQuerSaberPolitica\\\/\"]},{\"@type\":\"Person\",\"@id\":\"https:\\\/\\\/blogdofarnesio.com.br\\\/#\\\/schema\\\/person\\\/bb9b23ae3ad0609ce8df7b6c9e76824d\",\"name\":\"Farn\u00e9sio\",\"image\":{\"@type\":\"ImageObject\",\"inLanguage\":\"pt-BR\",\"@id\":\"https:\\\/\\\/secure.gravatar.com\\\/avatar\\\/986aa4c61ccdb66f8555bf88fc2a65609d00bcabd4d2d94377a727547345cbca?s=96&d=mm&r=g\",\"url\":\"https:\\\/\\\/secure.gravatar.com\\\/avatar\\\/986aa4c61ccdb66f8555bf88fc2a65609d00bcabd4d2d94377a727547345cbca?s=96&d=mm&r=g\",\"contentUrl\":\"https:\\\/\\\/secure.gravatar.com\\\/avatar\\\/986aa4c61ccdb66f8555bf88fc2a65609d00bcabd4d2d94377a727547345cbca?s=96&d=mm&r=g\",\"caption\":\"Farn\u00e9sio\"},\"description\":\"Radialista blogueiro, chegou a Petrolina\\\/Juazeiro em setembro de 1980, Farn\u00e9sio Silva \u00e9 de Arapiraca-Alagoas.\",\"sameAs\":[\"http:\\\/\\\/blogdofarnesio.com.br\",\"https:\\\/\\\/www.facebook.com\\\/?ref=tn_tnmn\",\"https:\\\/\\\/www.instagram.com\\\/?utm_source=pwa_homescreen\",\"https:\\\/\\\/youtube.com.br\\\/\"],\"url\":\"https:\\\/\\\/blogdofarnesio.com.br\\\/?author=2\"}]}<\/script>\n<!-- \/ Yoast SEO plugin. -->","yoast_head_json":{"title":"Amea\u00e7a Inquietante: O Uso Malicioso da IA. - Blog do Farn\u00e9sio","robots":{"index":"index","follow":"follow","max-snippet":"max-snippet:-1","max-image-preview":"max-image-preview:large","max-video-preview":"max-video-preview:-1"},"canonical":"https:\/\/blogdofarnesio.com.br\/?p=343482","og_locale":"pt_BR","og_type":"article","og_title":"Amea\u00e7a Inquietante: O Uso Malicioso da IA. - Blog do Farn\u00e9sio","og_description":"Por Marcelo Senise Como o Uso Malicioso da Intelig\u00eancia Artificial nas Elei\u00e7\u00f5es Brasileiras Pode Desestabilizar a Democracia e a Necessidade Urgente de A\u00e7\u00f5es Regulat\u00f3rias Em meu \u00faltimo artigo, falei de um tema apaixonante para mim que \u00e9 a utiliza\u00e7\u00e3o da Intelig\u00eancia Artificial no marketing pol\u00edtico, e no poder dela em permitir maior assertividade nas implementa\u00e7\u00f5es das estrat\u00e9gias dentro da atua\u00e7\u00e3o do Marketing Pol\u00edtico\/Eleitoral. Entretanto, na medida em que como marketeiro me aprofundo no estudo da \u00e1rea, tenho me sentido extremamente inquieto com as infind\u00e1veis aplica\u00e7\u00f5es que esta super tecnologia coloca \u00e0 disposi\u00e7\u00e3o de seus usu\u00e1rios. Acredito que a democracia brasileira est\u00e1 sob uma amea\u00e7a alarmante e insidiosa. A manipula\u00e7\u00e3o implac\u00e1vel atrav\u00e9s da Intelig\u00eancia Artificial (IA) nas pr\u00f3ximas elei\u00e7\u00f5es. A capacidade&hellip;","og_url":"https:\/\/blogdofarnesio.com.br\/?p=343482","og_site_name":"Blog do Farn\u00e9sio","article_publisher":"https:\/\/www.facebook.com\/BlogQuerSaberPolitica\/","article_author":"https:\/\/www.facebook.com\/?ref=tn_tnmn","article_published_time":"2023-06-20T16:00:52+00:00","og_image":[{"width":680,"height":481,"url":"https:\/\/blogdofarnesio.com.br\/wp-content\/uploads\/2023\/06\/blogqspinternet-ia-e1687269581229.jpg","type":"image\/jpeg"}],"author":"Farn\u00e9sio","twitter_card":"summary_large_image","twitter_misc":{"Escrito por":"Farn\u00e9sio","Est. tempo de leitura":"6 minutos"},"schema":{"@context":"https:\/\/schema.org","@graph":[{"@type":"Article","@id":"https:\/\/blogdofarnesio.com.br\/?p=343482#article","isPartOf":{"@id":"https:\/\/blogdofarnesio.com.br\/?p=343482"},"author":{"name":"Farn\u00e9sio","@id":"https:\/\/blogdofarnesio.com.br\/#\/schema\/person\/bb9b23ae3ad0609ce8df7b6c9e76824d"},"headline":"Amea\u00e7a Inquietante: O Uso Malicioso da IA.","datePublished":"2023-06-20T16:00:52+00:00","mainEntityOfPage":{"@id":"https:\/\/blogdofarnesio.com.br\/?p=343482"},"wordCount":883,"commentCount":0,"publisher":{"@id":"https:\/\/blogdofarnesio.com.br\/#organization"},"image":{"@id":"https:\/\/blogdofarnesio.com.br\/?p=343482#primaryimage"},"thumbnailUrl":"https:\/\/blogdofarnesio.com.br\/wp-content\/uploads\/2023\/06\/blogqspinternet-ia-e1687269581229.jpg","articleSection":["T.I. (INTERNET)"],"inLanguage":"pt-BR","potentialAction":[{"@type":"CommentAction","name":"Comment","target":["https:\/\/blogdofarnesio.com.br\/?p=343482#respond"]}]},{"@type":"WebPage","@id":"https:\/\/blogdofarnesio.com.br\/?p=343482","url":"https:\/\/blogdofarnesio.com.br\/?p=343482","name":"Amea\u00e7a Inquietante: O Uso Malicioso da IA. - Blog do Farn\u00e9sio","isPartOf":{"@id":"https:\/\/blogdofarnesio.com.br\/#website"},"primaryImageOfPage":{"@id":"https:\/\/blogdofarnesio.com.br\/?p=343482#primaryimage"},"image":{"@id":"https:\/\/blogdofarnesio.com.br\/?p=343482#primaryimage"},"thumbnailUrl":"https:\/\/blogdofarnesio.com.br\/wp-content\/uploads\/2023\/06\/blogqspinternet-ia-e1687269581229.jpg","datePublished":"2023-06-20T16:00:52+00:00","breadcrumb":{"@id":"https:\/\/blogdofarnesio.com.br\/?p=343482#breadcrumb"},"inLanguage":"pt-BR","potentialAction":[{"@type":"ReadAction","target":["https:\/\/blogdofarnesio.com.br\/?p=343482"]}]},{"@type":"ImageObject","inLanguage":"pt-BR","@id":"https:\/\/blogdofarnesio.com.br\/?p=343482#primaryimage","url":"https:\/\/blogdofarnesio.com.br\/wp-content\/uploads\/2023\/06\/blogqspinternet-ia-e1687269581229.jpg","contentUrl":"https:\/\/blogdofarnesio.com.br\/wp-content\/uploads\/2023\/06\/blogqspinternet-ia-e1687269581229.jpg","width":680,"height":481},{"@type":"BreadcrumbList","@id":"https:\/\/blogdofarnesio.com.br\/?p=343482#breadcrumb","itemListElement":[{"@type":"ListItem","position":1,"name":"In\u00edcio","item":"https:\/\/blogdofarnesio.com.br\/"},{"@type":"ListItem","position":2,"name":"Amea\u00e7a Inquietante: O Uso Malicioso da IA."}]},{"@type":"WebSite","@id":"https:\/\/blogdofarnesio.com.br\/#website","url":"https:\/\/blogdofarnesio.com.br\/","name":"Blog do Farn\u00e9sio","description":"Quer Saber Pol\u00edtica?","publisher":{"@id":"https:\/\/blogdofarnesio.com.br\/#organization"},"potentialAction":[{"@type":"SearchAction","target":{"@type":"EntryPoint","urlTemplate":"https:\/\/blogdofarnesio.com.br\/?s={search_term_string}"},"query-input":{"@type":"PropertyValueSpecification","valueRequired":true,"valueName":"search_term_string"}}],"inLanguage":"pt-BR"},{"@type":"Organization","@id":"https:\/\/blogdofarnesio.com.br\/#organization","name":"Blog do Farn\u00e9sio","url":"https:\/\/blogdofarnesio.com.br\/","logo":{"@type":"ImageObject","inLanguage":"pt-BR","@id":"https:\/\/blogdofarnesio.com.br\/#\/schema\/logo\/image\/","url":"https:\/\/blogdofarnesio.com.br\/wp-content\/uploads\/2026\/03\/cropped-logo_new-1.png","contentUrl":"https:\/\/blogdofarnesio.com.br\/wp-content\/uploads\/2026\/03\/cropped-logo_new-1.png","width":881,"height":685,"caption":"Blog do Farn\u00e9sio"},"image":{"@id":"https:\/\/blogdofarnesio.com.br\/#\/schema\/logo\/image\/"},"sameAs":["https:\/\/www.facebook.com\/BlogQuerSaberPolitica\/"]},{"@type":"Person","@id":"https:\/\/blogdofarnesio.com.br\/#\/schema\/person\/bb9b23ae3ad0609ce8df7b6c9e76824d","name":"Farn\u00e9sio","image":{"@type":"ImageObject","inLanguage":"pt-BR","@id":"https:\/\/secure.gravatar.com\/avatar\/986aa4c61ccdb66f8555bf88fc2a65609d00bcabd4d2d94377a727547345cbca?s=96&d=mm&r=g","url":"https:\/\/secure.gravatar.com\/avatar\/986aa4c61ccdb66f8555bf88fc2a65609d00bcabd4d2d94377a727547345cbca?s=96&d=mm&r=g","contentUrl":"https:\/\/secure.gravatar.com\/avatar\/986aa4c61ccdb66f8555bf88fc2a65609d00bcabd4d2d94377a727547345cbca?s=96&d=mm&r=g","caption":"Farn\u00e9sio"},"description":"Radialista blogueiro, chegou a Petrolina\/Juazeiro em setembro de 1980, Farn\u00e9sio Silva \u00e9 de Arapiraca-Alagoas.","sameAs":["http:\/\/blogdofarnesio.com.br","https:\/\/www.facebook.com\/?ref=tn_tnmn","https:\/\/www.instagram.com\/?utm_source=pwa_homescreen","https:\/\/youtube.com.br\/"],"url":"https:\/\/blogdofarnesio.com.br\/?author=2"}]}},"_links":{"self":[{"href":"https:\/\/blogdofarnesio.com.br\/index.php?rest_route=\/wp\/v2\/posts\/343482","targetHints":{"allow":["GET"]}}],"collection":[{"href":"https:\/\/blogdofarnesio.com.br\/index.php?rest_route=\/wp\/v2\/posts"}],"about":[{"href":"https:\/\/blogdofarnesio.com.br\/index.php?rest_route=\/wp\/v2\/types\/post"}],"author":[{"embeddable":true,"href":"https:\/\/blogdofarnesio.com.br\/index.php?rest_route=\/wp\/v2\/users\/2"}],"replies":[{"embeddable":true,"href":"https:\/\/blogdofarnesio.com.br\/index.php?rest_route=%2Fwp%2Fv2%2Fcomments&post=343482"}],"version-history":[{"count":0,"href":"https:\/\/blogdofarnesio.com.br\/index.php?rest_route=\/wp\/v2\/posts\/343482\/revisions"}],"wp:featuredmedia":[{"embeddable":true,"href":"https:\/\/blogdofarnesio.com.br\/index.php?rest_route=\/wp\/v2\/media\/343483"}],"wp:attachment":[{"href":"https:\/\/blogdofarnesio.com.br\/index.php?rest_route=%2Fwp%2Fv2%2Fmedia&parent=343482"}],"wp:term":[{"taxonomy":"category","embeddable":true,"href":"https:\/\/blogdofarnesio.com.br\/index.php?rest_route=%2Fwp%2Fv2%2Fcategories&post=343482"},{"taxonomy":"post_tag","embeddable":true,"href":"https:\/\/blogdofarnesio.com.br\/index.php?rest_route=%2Fwp%2Fv2%2Ftags&post=343482"}],"curies":[{"name":"wp","href":"https:\/\/api.w.org\/{rel}","templated":true}]}}